{"id":13500,"date":"2012-03-16T13:04:02","date_gmt":"2012-03-16T12:04:02","guid":{"rendered":"https:\/\/www.justiceinfo.net\/13500-thomas-lubanga-reconnu-coupable.html"},"modified":"2012-03-16T13:04:02","modified_gmt":"2012-03-16T12:04:02","slug":"thomas-lubanga-reconnu-coupable","status":"publish","type":"post","link":"https:\/\/www.justiceinfo.net\/fr\/13500-thomas-lubanga-reconnu-coupable.html","title":{"rendered":"15.03.12 - THOMAS LUBANGA RECONNU COUPABLE"},"content":{"rendered":"<p>Arusha, 16 mars 2012 (FH) \u2013 Le plus grand \u00e9v\u00e9nement de la justice p\u00e9nale internationale au cours de la semaine qui s\u2019ach\u00e8ve a \u00e9t\u00e9 le verdict de culpabilit\u00e9 prononc\u00e9 mercredi par la Cour p\u00e9nale internationale (CPI) \u00e0 l\u2019encontre de l\u2019ancien chef de milice congolais Thomas Lubanga.<\/p>\n<p><!--more--><\/p>\n<p>CPI<\/p>\n<p>Un ancien chef de milice congolais reconnu coupable : Thomas Lubanga, l\u2019ancien chef de l\u2019Union des patriotes congolais (UPC) a \u00e9t\u00e9 jug\u00e9 mercredi coupable d\u2019avoir recrut\u00e9 des enfants de moins de 15 ans dans les rangs des Forces patriotiques pour la lib\u00e9ration du Congo (FPLC) et de les avoir fait particip\u00e9 activement \u00e0 des hostilit\u00e9s en 2002 et 2003, dans l\u2019est de son pays.\u00a0 La peine sera prononc\u00e9e ult\u00e9rieurement. Ce premier jugement de la CPI a \u00e9t\u00e9 salu\u00e9 par le monde entier y compris par les Etats-Unis qui ne reconnaissent pas l\u2019autorit\u00e9 de la cour. La communaut\u00e9 internationale en a profit\u00e9 pour exhorter le gouvernement congolais \u00e0 livrer \u00e0 la CPI le g\u00e9n\u00e9ral Bosco Ntaganda , co-auteur pr\u00e9sum\u00e9 de Thomas Lubanga.<\/p>\n<p>Audition du dernier t\u00e9moin \u00e0 charge dans l\u2019affaire Bemba : toujours \u00e0 la CPI, le dernier t\u00e9moin de l\u2018accusation dans le proc\u00e8s du s\u00e9nateur congolais Jean \u2013Pierre Bemba a entam\u00e9 sa d\u00e9position mardi. B\u00e9n\u00e9ficiant de mesures de protection, le t\u00e9moin d\u00e9pose \u00e0 huis clos, par vid\u00e9o-conf\u00e9rence depuis la R\u00e9publique d\u00e9mocratique du Congo (RDC).<\/p>\n<p>CIJ<\/p>\n<p>Entame des audiences devant la CIJ sur l\u2019affaire Habr\u00e9 : la Cour internationale de justice (CIJ) a ouvert lundi ses audiences dans l\u2019affaire opposant les gouvernements belge et s\u00e9n\u00e9galais au sujet de l\u2019ancien dictateur tchadien Hiss\u00e8ne Habr\u00e9. En 2009, Bruxelles avait d\u00e9pos\u00e9 une requ\u00eate devant cette Cour de l\u2019Onu, bas\u00e9e \u00e0 La Haye, demandant aux juges d\u2019ordonner au S\u00e9n\u00e9gal de juger, ou \u00e0 d\u00e9faut, d\u2019extrader Hiss\u00e8ne Habr\u00e9 vers la Belgique. L\u2019ancien chef de l\u2019Etat est inculp\u00e9 par la justice belge pour crimes contre l\u2019humanit\u00e9 et torture commis dans son pays lorsqu\u2019il \u00e9tait au pouvoir. Habr\u00e9 vit en exil au S\u00e9n\u00e9gal depuis 1990. Les audiences se poursuivront jusqu\u2019au 21 mars.\u00a0TPIR<\/p>\n<p>Audition de t\u00e9moins suppl\u00e9mentaires de l\u2019accusation dans l\u2019affaire Ngirabatware : au Tribunal p\u00e9nal international pour le Rwanda (TPIR), les deux premiers des 7 t\u00e9moins suppl\u00e9mentaires de l\u2019accusation dans le proc\u00e8s de l\u2019ex-ministre du Plan Augustin Ngirabatware ont termin\u00e9 leur d\u00e9position cette semaine. Un autre t\u00e9moin est attendu dans le box lundi prochain. Poursuivi pour crimes de g\u00e9nocide et crimes contre l\u2019humanit\u00e9, l\u2019ancien dirigeant est surtout accus\u00e9 d\u2019avoir \u00e9t\u00e9 le principal instigateur des massacres de Tutsis dans sa commune natale Nyamyumba (nord-ouest) en 1994.<\/p>\n<p>ER\/GF<\/p>\n<p>\u00a9 Agence Hirondelle<\/p>\n<p>\u00a0<\/p>\n","protected":false},"excerpt":{"rendered":"<p>Arusha, 16 mars 2012 (FH) \u2013 Le plus grand \u00e9v\u00e9nement de la justice p\u00e9nale internationale au cours de la semaine qui s\u2019ach\u00e8ve a \u00e9t\u00e9 le verdict de culpabilit\u00e9 prononc\u00e9 mercredi par la Cour p\u00e9nale internationale (CPI) \u00e0 l\u2019encontre de l\u2019ancien chef de milice congolais Thomas Lubanga.<\/p>\n","protected":false},"author":64,"featured_media":0,"comment_status":"open","ping_status":"closed","sticky":false,"template":"","format":"standard","meta":{"_acf_changed":false,"footnotes":""},"categories":[554],"tags":[],"ji_location":[],"class_list":["post-13500","post","type-post","status-publish","format-standard","hentry","category-hirondellenews"],"acf":[],"yoast_head":"<!-- This site is optimized with the Yoast SEO Premium plugin v25.3.1 (Yoast SEO v25.3.1) - https:\/\/yoast.com\/wordpress\/plugins\/seo\/ -->\n<title>15.03.12 - THOMAS LUBANGA RECONNU COUPABLE - JusticeInfo.net<\/title>\n<meta name=\"robots\" content=\"index, follow, max-snippet:-1, max-image-preview:large, max-video-preview:-1\" \/>\n<link rel=\"canonical\" href=\"https:\/\/www.justiceinfo.net\/fr\/13500-thomas-lubanga-reconnu-coupable.html\" \/>\n<meta property=\"og:locale\" content=\"fr_FR\" \/>\n<meta property=\"og:type\" content=\"article\" \/>\n<meta property=\"og:title\" content=\"15.03.12 - THOMAS LUBANGA RECONNU COUPABLE\" \/>\n<meta property=\"og:description\" content=\"Arusha, 16 mars 2012 (FH) \u2013 Le plus grand \u00e9v\u00e9nement de la justice p\u00e9nale internationale au cours de la semaine qui s\u2019ach\u00e8ve a \u00e9t\u00e9 le verdict de culpabilit\u00e9 prononc\u00e9 mercredi par la Cour p\u00e9nale internationale (CPI) \u00e0 l\u2019encontre de l\u2019ancien chef de milice congolais Thomas Lubanga.\" \/>\n<meta property=\"og:url\" content=\"https:\/\/www.justiceinfo.net\/fr\/13500-thomas-lubanga-reconnu-coupable.html\" \/>\n<meta property=\"og:site_name\" content=\"JusticeInfo.net\" \/>\n<meta property=\"article:publisher\" content=\"https:\/\/www.facebook.com\/JusticeInfo\/\" \/>\n<meta property=\"article:published_time\" content=\"2012-03-16T12:04:02+00:00\" \/>\n<meta property=\"og:image\" content=\"https:\/\/www.justiceinfo.net\/wp-content\/uploads\/JusticeInfoNet_logo_1200x630px.jpg\" \/>\n\t<meta property=\"og:image:width\" content=\"1200\" \/>\n\t<meta property=\"og:image:height\" content=\"630\" \/>\n\t<meta property=\"og:image:type\" content=\"image\/jpeg\" \/>\n<meta name=\"author\" content=\"solivri\" \/>\n<meta name=\"twitter:card\" content=\"summary_large_image\" \/>\n<meta name=\"twitter:creator\" content=\"@justiceinfonet\" \/>\n<meta name=\"twitter:site\" content=\"@justiceinfonet\" \/>\n<meta name=\"twitter:label1\" content=\"\u00c9crit par\" \/>\n\t<meta name=\"twitter:data1\" content=\"solivri\" \/>\n\t<meta name=\"twitter:label2\" content=\"Dur\u00e9e de lecture estim\u00e9e\" \/>\n\t<meta name=\"twitter:data2\" content=\"2 minutes\" \/>\n<script type=\"application\/ld+json\" class=\"yoast-schema-graph\">{\"@context\":\"https:\/\/schema.org\",\"@graph\":[{\"@type\":\"NewsArticle\",\"@id\":\"https:\/\/www.justiceinfo.net\/fr\/13500-thomas-lubanga-reconnu-coupable.html#article\",\"isPartOf\":{\"@id\":\"https:\/\/www.justiceinfo.net\/fr\/13500-thomas-lubanga-reconnu-coupable.html\"},\"author\":{\"name\":\"solivri\",\"@id\":\"https:\/\/www.justiceinfo.net\/fr#\/schema\/person\/6e53cba1629e2e66f3fc1821d3091865\"},\"headline\":\"15.03.12 - THOMAS LUBANGA RECONNU COUPABLE\",\"datePublished\":\"2012-03-16T12:04:02+00:00\",\"mainEntityOfPage\":{\"@id\":\"https:\/\/www.justiceinfo.net\/fr\/13500-thomas-lubanga-reconnu-coupable.html\"},\"wordCount\":472,\"commentCount\":0,\"publisher\":{\"@id\":\"https:\/\/www.justiceinfo.net\/fr#organization\"},\"articleSection\":[\"Hirondelle News\"],\"inLanguage\":\"fr-FR\",\"potentialAction\":[{\"@type\":\"CommentAction\",\"name\":\"Comment\",\"target\":[\"https:\/\/www.justiceinfo.net\/fr\/13500-thomas-lubanga-reconnu-coupable.html#respond\"]}]},{\"@type\":\"WebPage\",\"@id\":\"https:\/\/www.justiceinfo.net\/fr\/13500-thomas-lubanga-reconnu-coupable.html\",\"url\":\"https:\/\/www.justiceinfo.net\/fr\/13500-thomas-lubanga-reconnu-coupable.html\",\"name\":\"15.03.12 - THOMAS LUBANGA RECONNU COUPABLE - JusticeInfo.net\",\"isPartOf\":{\"@id\":\"https:\/\/www.justiceinfo.net\/fr#website\"},\"datePublished\":\"2012-03-16T12:04:02+00:00\",\"breadcrumb\":{\"@id\":\"https:\/\/www.justiceinfo.net\/fr\/13500-thomas-lubanga-reconnu-coupable.html#breadcrumb\"},\"inLanguage\":\"fr-FR\",\"potentialAction\":[{\"@type\":\"ReadAction\",\"target\":[\"https:\/\/www.justiceinfo.net\/fr\/13500-thomas-lubanga-reconnu-coupable.html\"]}]},{\"@type\":\"BreadcrumbList\",\"@id\":\"https:\/\/www.justiceinfo.net\/fr\/13500-thomas-lubanga-reconnu-coupable.html#breadcrumb\",\"itemListElement\":[{\"@type\":\"ListItem\",\"position\":1,\"name\":\"Home\",\"item\":\"https:\/\/www.justiceinfo.net\/fr\"},{\"@type\":\"ListItem\",\"position\":2,\"name\":\"15.03.12 - THOMAS LUBANGA RECONNU COUPABLE\"}]},{\"@type\":\"WebSite\",\"@id\":\"https:\/\/www.justiceinfo.net\/fr#website\",\"url\":\"https:\/\/www.justiceinfo.net\/fr\",\"name\":\"JusticeInfo.net\",\"description\":\"La justice doit \u00eatre vue pour \u00eatre rendue\",\"publisher\":{\"@id\":\"https:\/\/www.justiceinfo.net\/fr#organization\"},\"potentialAction\":[{\"@type\":\"SearchAction\",\"target\":{\"@type\":\"EntryPoint\",\"urlTemplate\":\"https:\/\/www.justiceinfo.net\/fr?s={search_term_string}\"},\"query-input\":{\"@type\":\"PropertyValueSpecification\",\"valueRequired\":true,\"valueName\":\"search_term_string\"}}],\"inLanguage\":\"fr-FR\"},{\"@type\":\"Organization\",\"@id\":\"https:\/\/www.justiceinfo.net\/fr#organization\",\"name\":\"Justice Info\",\"url\":\"https:\/\/www.justiceinfo.net\/fr\",\"logo\":{\"@type\":\"ImageObject\",\"inLanguage\":\"fr-FR\",\"@id\":\"https:\/\/www.justiceinfo.net\/fr#\/schema\/logo\/image\/\",\"url\":\"https:\/\/www.justiceinfo.net\/wp-content\/uploads\/justiceinfo_logo-trans_1200x1200px.png\",\"contentUrl\":\"https:\/\/www.justiceinfo.net\/wp-content\/uploads\/justiceinfo_logo-trans_1200x1200px.png\",\"width\":1199,\"height\":1200,\"caption\":\"Justice Info\"},\"image\":{\"@id\":\"https:\/\/www.justiceinfo.net\/fr#\/schema\/logo\/image\/\"},\"sameAs\":[\"https:\/\/www.facebook.com\/JusticeInfo\/\",\"https:\/\/x.com\/justiceinfonet\",\"https:\/\/www.linkedin.com\/company\/justice-info\",\"https:\/\/www.youtube.com\/channel\/UCyCEsARodyuWtkWyhn-e7pA\"]},{\"@type\":\"Person\",\"name\":\"solivri\",\"url\":\"\/fr\/?s=solivri\"}]}<\/script>\n<!-- \/ Yoast SEO Premium plugin. -->","yoast_head_json":{"title":"15.03.12 - THOMAS LUBANGA RECONNU COUPABLE - JusticeInfo.net","robots":{"index":"index","follow":"follow","max-snippet":"max-snippet:-1","max-image-preview":"max-image-preview:large","max-video-preview":"max-video-preview:-1"},"canonical":"https:\/\/www.justiceinfo.net\/fr\/13500-thomas-lubanga-reconnu-coupable.html","og_locale":"fr_FR","og_type":"article","og_title":"15.03.12 - THOMAS LUBANGA RECONNU COUPABLE","og_description":"Arusha, 16 mars 2012 (FH) \u2013 Le plus grand \u00e9v\u00e9nement de la justice p\u00e9nale internationale au cours de la semaine qui s\u2019ach\u00e8ve a \u00e9t\u00e9 le verdict de culpabilit\u00e9 prononc\u00e9 mercredi par la Cour p\u00e9nale internationale (CPI) \u00e0 l\u2019encontre de l\u2019ancien chef de milice congolais Thomas Lubanga.","og_url":"https:\/\/www.justiceinfo.net\/fr\/13500-thomas-lubanga-reconnu-coupable.html","og_site_name":"JusticeInfo.net","article_publisher":"https:\/\/www.facebook.com\/JusticeInfo\/","article_published_time":"2012-03-16T12:04:02+00:00","og_image":[{"width":1200,"height":630,"url":"https:\/\/www.justiceinfo.net\/wp-content\/uploads\/JusticeInfoNet_logo_1200x630px.jpg","type":"image\/jpeg"}],"author":"solivri","twitter_card":"summary_large_image","twitter_creator":"@justiceinfonet","twitter_site":"@justiceinfonet","twitter_misc":{"\u00c9crit par":"solivri","Dur\u00e9e de lecture estim\u00e9e":"2 minutes"},"schema":{"@context":"https:\/\/schema.org","@graph":[{"@type":"NewsArticle","@id":"https:\/\/www.justiceinfo.net\/fr\/13500-thomas-lubanga-reconnu-coupable.html#article","isPartOf":{"@id":"https:\/\/www.justiceinfo.net\/fr\/13500-thomas-lubanga-reconnu-coupable.html"},"author":{"name":"solivri","@id":"https:\/\/www.justiceinfo.net\/fr#\/schema\/person\/6e53cba1629e2e66f3fc1821d3091865"},"headline":"15.03.12 - THOMAS LUBANGA RECONNU COUPABLE","datePublished":"2012-03-16T12:04:02+00:00","mainEntityOfPage":{"@id":"https:\/\/www.justiceinfo.net\/fr\/13500-thomas-lubanga-reconnu-coupable.html"},"wordCount":472,"commentCount":0,"publisher":{"@id":"https:\/\/www.justiceinfo.net\/fr#organization"},"articleSection":["Hirondelle News"],"inLanguage":"fr-FR","potentialAction":[{"@type":"CommentAction","name":"Comment","target":["https:\/\/www.justiceinfo.net\/fr\/13500-thomas-lubanga-reconnu-coupable.html#respond"]}]},{"@type":"WebPage","@id":"https:\/\/www.justiceinfo.net\/fr\/13500-thomas-lubanga-reconnu-coupable.html","url":"https:\/\/www.justiceinfo.net\/fr\/13500-thomas-lubanga-reconnu-coupable.html","name":"15.03.12 - THOMAS LUBANGA RECONNU COUPABLE - JusticeInfo.net","isPartOf":{"@id":"https:\/\/www.justiceinfo.net\/fr#website"},"datePublished":"2012-03-16T12:04:02+00:00","breadcrumb":{"@id":"https:\/\/www.justiceinfo.net\/fr\/13500-thomas-lubanga-reconnu-coupable.html#breadcrumb"},"inLanguage":"fr-FR","potentialAction":[{"@type":"ReadAction","target":["https:\/\/www.justiceinfo.net\/fr\/13500-thomas-lubanga-reconnu-coupable.html"]}]},{"@type":"BreadcrumbList","@id":"https:\/\/www.justiceinfo.net\/fr\/13500-thomas-lubanga-reconnu-coupable.html#breadcrumb","itemListElement":[{"@type":"ListItem","position":1,"name":"Home","item":"https:\/\/www.justiceinfo.net\/fr"},{"@type":"ListItem","position":2,"name":"15.03.12 - THOMAS LUBANGA RECONNU COUPABLE"}]},{"@type":"WebSite","@id":"https:\/\/www.justiceinfo.net\/fr#website","url":"https:\/\/www.justiceinfo.net\/fr","name":"JusticeInfo.net","description":"La justice doit \u00eatre vue pour \u00eatre rendue","publisher":{"@id":"https:\/\/www.justiceinfo.net\/fr#organization"},"potentialAction":[{"@type":"SearchAction","target":{"@type":"EntryPoint","urlTemplate":"https:\/\/www.justiceinfo.net\/fr?s={search_term_string}"},"query-input":{"@type":"PropertyValueSpecification","valueRequired":true,"valueName":"search_term_string"}}],"inLanguage":"fr-FR"},{"@type":"Organization","@id":"https:\/\/www.justiceinfo.net\/fr#organization","name":"Justice Info","url":"https:\/\/www.justiceinfo.net\/fr","logo":{"@type":"ImageObject","inLanguage":"fr-FR","@id":"https:\/\/www.justiceinfo.net\/fr#\/schema\/logo\/image\/","url":"https:\/\/www.justiceinfo.net\/wp-content\/uploads\/justiceinfo_logo-trans_1200x1200px.png","contentUrl":"https:\/\/www.justiceinfo.net\/wp-content\/uploads\/justiceinfo_logo-trans_1200x1200px.png","width":1199,"height":1200,"caption":"Justice Info"},"image":{"@id":"https:\/\/www.justiceinfo.net\/fr#\/schema\/logo\/image\/"},"sameAs":["https:\/\/www.facebook.com\/JusticeInfo\/","https:\/\/x.com\/justiceinfonet","https:\/\/www.linkedin.com\/company\/justice-info","https:\/\/www.youtube.com\/channel\/UCyCEsARodyuWtkWyhn-e7pA"]},{"@type":"Person","name":"solivri","url":"\/fr\/?s=solivri"}]}},"_links":{"self":[{"href":"https:\/\/www.justiceinfo.net\/fr\/wp-json\/wp\/v2\/posts\/13500","targetHints":{"allow":["GET"]}}],"collection":[{"href":"https:\/\/www.justiceinfo.net\/fr\/wp-json\/wp\/v2\/posts"}],"about":[{"href":"https:\/\/www.justiceinfo.net\/fr\/wp-json\/wp\/v2\/types\/post"}],"author":[{"embeddable":true,"href":"https:\/\/www.justiceinfo.net\/fr\/wp-json\/wp\/v2\/users\/64"}],"replies":[{"embeddable":true,"href":"https:\/\/www.justiceinfo.net\/fr\/wp-json\/wp\/v2\/comments?post=13500"}],"version-history":[{"count":0,"href":"https:\/\/www.justiceinfo.net\/fr\/wp-json\/wp\/v2\/posts\/13500\/revisions"}],"wp:attachment":[{"href":"https:\/\/www.justiceinfo.net\/fr\/wp-json\/wp\/v2\/media?parent=13500"}],"wp:term":[{"taxonomy":"category","embeddable":true,"href":"https:\/\/www.justiceinfo.net\/fr\/wp-json\/wp\/v2\/categories?post=13500"},{"taxonomy":"post_tag","embeddable":true,"href":"https:\/\/www.justiceinfo.net\/fr\/wp-json\/wp\/v2\/tags?post=13500"},{"taxonomy":"ji_location","embeddable":true,"href":"https:\/\/www.justiceinfo.net\/fr\/wp-json\/wp\/v2\/ji_location?post=13500"}],"curies":[{"name":"wp","href":"https:\/\/api.w.org\/{rel}","templated":true}]}}