{"id":135180,"date":"2024-08-26T11:44:05","date_gmt":"2024-08-26T09:44:05","guid":{"rendered":"https:\/\/www.justiceinfo.net\/?p=135180"},"modified":"2024-08-27T11:46:16","modified_gmt":"2024-08-27T09:46:16","slug":"regime-talibans-apartheid-des-sexes","status":"publish","type":"post","link":"https:\/\/www.justiceinfo.net\/fr\/135180-regime-talibans-apartheid-des-sexes.html","title":{"rendered":"Le r\u00e9gime des talibans est un apartheid des sexes"},"content":{"rendered":"\n<p><strong>\u00ab&nbsp;En Afghanistan, la moiti\u00e9 de la population est priv\u00e9e des droits fondamentaux simplement parce que ce sont des femmes&nbsp;\u00bb, d\u00e9nonce Nilofar Ayoubi, entrepreneuse et militante afghane, contrainte de fuir son pays lorsque les talibans s'en sont empar\u00e9s une seconde fois, le 15 ao\u00fbt 2021. Trois ans apr\u00e8s la prise de la capitale afghane par les talibans, elle plaide pour que l'apartheid entre les sexes soit reconnu comme un crime contre l'humanit\u00e9 en droit international.<\/strong><\/p>\n\n\n\n<!--more-->\n\n\n\n<p>Avec la prise de contr\u00f4le de l'Afghanistan par les talibans en ao\u00fbt 2021, apr\u00e8s des d\u00e9cennies d'intervention militaire internationale et de n\u00e9gociations de paix, de nombreuses <a href=\"https:\/\/www.unwomen.org\/sites\/default\/files\/2024-06\/Gender-country-profile-Afghanistan-Executive-summary-en.pdf\" target=\"_blank\" rel=\"noreferrer noopener\">restrictions draconiennes<\/a> ont \u00e9t\u00e9 impos\u00e9es aux femmes. Celles-ci comprennent l'interdiction de l'enseignement secondaire et sup\u00e9rieur, l'interdiction de la plupart des formes d'emploi et de s\u00e9v\u00e8res limitations de la libert\u00e9 de mouvement, exigeant souvent que les femmes soient accompagn\u00e9es d'un tuteur masculin lorsqu'elles quittent leur domicile. Sous le contr\u00f4le des talibans, <a href=\"https:\/\/www.justiceinfo.net\/fr\/133399-crimes-afghanes-poussent-reconnaitre-apartheid-de-genre.html\">les femmes afghanes ont \u00e9t\u00e9 priv\u00e9es de leurs droits et libert\u00e9s les plus fondamentaux<\/a>. Le 21 ao\u00fbt, une nouvelle loi a impos\u00e9 des restrictions suppl\u00e9mentaires, notamment le droit de chanter, de lire des po\u00e8mes ou de lire en public.<\/p>\n\n\n\n<p>Si les gar\u00e7ons et les hommes sont \u00e9galement victimes de l\u2019oppression sous le r\u00e9gime taliban quand ils ne se conforment pas \u00e0 la ligne officielle, ce sont les femmes qui continuent d'en faire les frais. Le cas d'Arzo, 15 ans, illustre cette dure r\u00e9alit\u00e9. <a href=\"https:\/\/edition.cnn.com\/2023\/12\/17\/asia\/afghanistan-girl-acid-suicide-taliban-intl-hnk-dst\/index.html\" target=\"_blank\" rel=\"noreferrer noopener nofollow\">Arzo r\u00eavait<\/a> de devenir m\u00e9decin, mais ses aspirations ont \u00e9t\u00e9 an\u00e9anties lorsque les talibans ont interdit l'\u00e9ducation aux femmes, en 2021. Confin\u00e9e chez elle et emp\u00each\u00e9e de poursuivre sa carri\u00e8re, la situation d'Arzo est devenue si insupportable qu'elle a tent\u00e9 de se suicider en buvant de l'acide de batterie, deux ans apr\u00e8s l'arriv\u00e9e au pouvoir des talibans.<\/p>\n\n\n\n<p>L'id\u00e9ologie des talibans appelle \u00e0 la soumission des femmes et leur maintien au pouvoir d\u00e9pend largement du succ\u00e8s de cette entreprise. Il s'agit d'un apartheid des sexes. Et au final, l'apartheid fond\u00e9 sur le genre est une forme grave d'in\u00e9galit\u00e9 qui perp\u00e9tue la violence contre les femmes. Bien que reconnu par de nombreux juristes, ONG et acteurs internationaux, le concept d'apartheid de genre n'a pas encore \u00e9t\u00e9 codifi\u00e9 dans le droit international. Les abus les plus graves commis \u00e0 l'encontre des femmes restent ainsi souvent impunis. Il est imp\u00e9ratif de prendre des mesures concr\u00e8tes pour int\u00e9grer le concept d'apartheid de genre dans le droit international et de forger la volont\u00e9 politique n\u00e9cessaire pour y parvenir.<\/p>\n\n\n\n<h2 class=\"wp-block-heading\" id=\"h-un-mouvement-pour-la-reconnaissance-de-l-apartheid-de-genre\">Un mouvement pour la reconnaissance de l'apartheid de genre<\/h2>\n\n\n\n<p>Un mouvement militant mondial contre l'apartheid de genre s\u2019est constitu\u00e9 au cours des deux derni\u00e8res d\u00e9cennies afin d'isoler, de s'opposer et d'inverser ses formes extr\u00eames, en particulier dans des pays comme l'<a href=\"https:\/\/www.justiceinfo.net\/fr\/regions\/iran\">Iran<\/a> et l'<a href=\"https:\/\/www.justiceinfo.net\/fr\/regions\/afghanistan\">Afghanistan<\/a>, mais aussi dans toutes les soci\u00e9t\u00e9s traditionnelles du monde o\u00f9 ce ph\u00e9nom\u00e8ne se manifeste. Le mouvement a commenc\u00e9 \u00e0 se d\u00e9velopper au d\u00e9but des ann\u00e9es 2000 et continue de cro\u00eetre, impliquant des militants de pays importants comme les \u00c9tats-Unis, le Royaume-Uni, le Canada et de nombreuses d\u00e9mocraties europ\u00e9ennes, qui travaillent \u00e0 faire entendre les personnes affect\u00e9es et \u00e0 faire pression pour que des lois internationales solides criminalisent l'apartheid de genre. Des ONG telles que <a href=\"https:\/\/www.hrw.org\/sitesearch?search=gender+apartheid+afghanistan&amp;sort_by=search_api_relevance\" target=\"_blank\" rel=\"noreferrer noopener\">Human Rights Watch<\/a> et <a href=\"https:\/\/www.amnesty.org\/en\/search\/?qcategory=1149&amp;qlocation=1696\" target=\"_blank\" rel=\"noreferrer noopener\">Amnesty International<\/a> ont jou\u00e9 un r\u00f4le central dans la sensibilisation \u00e0 cet apartheid, en particulier en Afghanistan et en Iran. Human Rights Watch a publi\u00e9 de nombreux rapports sur les effets d\u00e9vastateurs des politiques talibanes sur les femmes afghanes. Amnesty International a \u00e9galement critiqu\u00e9 ces politiques et appel\u00e9 \u00e0 plusieurs reprises \u00e0 une intervention internationale depuis d\u00e9but ao\u00fbt 2021, notamment au sujet de l'interdiction du travail des femmes.<\/p>\n\n\n\n<p>D'importants efforts de mobilisation et de plaidoyer ont \u00e9t\u00e9 d\u00e9ploy\u00e9s. Le projet <a href=\"https:\/\/unitedagainstgenderapartheid.org\/\" target=\"_blank\" rel=\"noreferrer noopener nofollow\">United Against Gender Apartheid<\/a>, lanc\u00e9 en 2021 et parrain\u00e9 par le World Liberty Congress, vise \u00e0 galvaniser la r\u00e9sistance internationale contre l'apartheid de genre. De m\u00eame, la campagne <a href=\"https:\/\/endgenderapartheid.today\/\" target=\"_blank\" rel=\"noreferrer noopener nofollow\">End Gender Apartheid<\/a>, lanc\u00e9e en mars 2023, s'associe \u00e0 la Campagne du ruban blanc et \u00e0 d'autres ONG mondiales de d\u00e9fense des droits humains. Cette campagne vise \u00e0 sensibiliser la communaut\u00e9 internationale aux dures r\u00e9alit\u00e9s auxquelles sont confront\u00e9es les femmes et les filles afghanes sous le r\u00e9gime des talibans.<\/p>\n\n\n\n<p>Quant aux Nations unies, leur rapporteur sp\u00e9cial sur l'Afghanistan, <a href=\"https:\/\/www.ohchr.org\/en\/special-procedures\/sr-afghanistan\">Richard Bennett<\/a>, a r\u00e9cemment not\u00e9 que \u00ab&nbsp;l'apartheid de genre est une violation claire et grave des droits de l'homme et constitue un crime contre l'humanit\u00e9&nbsp;\u00bb. Dans son <a href=\"https:\/\/undocs.org\/Home\/Mobile?FinalSymbol=A%2FHRC%2F56%2F25&amp;Language=E&amp;DeviceType=Desktop&amp;LangRequested=False\">rapport<\/a>, il souligne l'urgence d'une \u00ab&nbsp;action internationale et d'une reconnaissance juridique&nbsp;\u00bb.<\/p>\n\n\n\n<p>La reconnaissance de ces formes sp\u00e9cifiques de crimes contre l'humanit\u00e9 est non seulement moralement justifi\u00e9e, mais juridiquement essentielle ; \u00e0 d\u00e9faut, de nombreux auteurs \u00e9chappent \u00e0 leur responsabilit\u00e9, tandis que les femmes du monde entier continuent de souffrir. Pour corriger cette profonde injustice, nous devons plaider en faveur de la reconnaissance de l'apartheid de genre dans le droit humanitaire international et le droit p\u00e9nal.<\/p>\n\n\n\n<h2 class=\"wp-block-heading\" id=\"h-lacunes-juridiques-sur-l-apartheid-de-genre\">Lacunes juridiques sur l'apartheid de genre<\/h2>\n\n\n\n<p>Il s'agit notamment de plaider pour l'inclusion de l'apartheid de genre en tant que crime contre l'humanit\u00e9 dans le statut de Rome de la <a href=\"https:\/\/www.justiceinfo.net\/fr\/tribunaux\/cpi\">Cour p\u00e9nale internationale<\/a>. L'inscription de l'apartheid de genre dans le droit international n\u00e9cessite un soutien politique constant appuy\u00e9 par des efforts diplomatiques. Les amendements au statut de Rome peuvent prendre du temps en raison de la complexit\u00e9 des proc\u00e9dures, voire se heurter \u00e0 l'opposition de diverses parties. Mais si un nombre suffisant d'\u00c9tats apportent leur soutien, ils pourraient faire en sorte que cela se produise le plus t\u00f4t possible.<\/p>\n\n\n\n<p>Des changements sont \u00e9galement n\u00e9cessaires dans le cadre des Nations unies. Aujourd'hui, des textes tels que la <a href=\"https:\/\/www.ohchr.org\/en\/instruments-mechanisms\/instruments\/convention-elimination-all-forms-discrimination-against-women\" target=\"_blank\" rel=\"noreferrer noopener\">Convention sur l'\u00e9limination de toutes les formes de discrimination \u00e0 l'\u00e9gard des femmes (CEDAW)<\/a>, adopt\u00e9e en 1979 et entr\u00e9e en vigueur en 1981, et le <a href=\"https:\/\/www.ohchr.org\/en\/instruments-mechanisms\/instruments\/international-covenant-civil-and-political-rights\" target=\"_blank\" rel=\"noreferrer noopener\">Pacte international relatif aux droits civils et politiques (PIDCP)<\/a>, adopt\u00e9 en 1966 et entr\u00e9 en vigueur en 1976, traitent de diverses formes d'in\u00e9galit\u00e9s entre les hommes et les femmes dans le monde. Toutefois, ils ne traitent pas sp\u00e9cifiquement de l'apartheid fond\u00e9 sur le sexe. En rendant ces instruments plus efficaces et en y incluant explicitement de nouvelles dispositions et de nouveaux protocoles contre l'apartheid de genre, nous pouvons contribuer \u00e0 emp\u00eacher que de telles violations extr\u00eames ne se produisent aujourd'hui et \u00e0 l'avenir. Des amendements visant \u00e0 prot\u00e9ger les droits des femmes enverraient un message clair au niveau mondial : aucune forme de discrimination \u00e0 l'encontre des femmes et des filles ne doit \u00eatre tol\u00e9r\u00e9e, o\u00f9 que ce soit.<\/p>\n\n\n\n<p>Les organisations internationales, en particulier les Nations unies, doivent \u00eatre au centre de ce processus. L'Onu peut notamment faciliter le dialogue entre les \u00c9tats membres, offrir une aide technique aux efforts de r\u00e9forme juridique et veiller au respect des normes mondiales. Les m\u00e9canismes de l'Onu tels que le Conseil des droits de l'homme ou la Commission de la condition de la femme pourraient devenir des plates-formes pour plaider en faveur de l'inclusion de l'apartheid de genre dans le droit international.<\/p>\n\n\n\n<h2 class=\"wp-block-heading\" id=\"h-appel-a-l-action\">Appel \u00e0 l'action<\/h2>\n\n\n\n<p>Dans la plupart des cas, les modifications juridiques importantes sont le fruit d'un leadership fort de la part des responsables politiques et d'efforts conjoints d\u00e9ploy\u00e9s \u00e0 diff\u00e9rents niveaux dans le monde entier, comme ce fut le cas pour l'adoption du Statut de Rome apr\u00e8s de longues ann\u00e9es de n\u00e9gociations. Les militants et leurs sympathisants doivent constamment s'engager aupr\u00e8s des d\u00e9cideurs politiques, des diplomates et des dirigeants d'organisations internationales afin d'obtenir ce soutien politique et diplomatique. Ils doivent \u00e9galement fa\u00e7onner l'opinion publique en lan\u00e7ant des campagnes de sensibilisation et en utilisant les m\u00e9dias comme outil de plaidoyer.<\/p>\n\n\n\n<p>Le paysage g\u00e9opolitique actuel pr\u00e9sente \u00e0 la fois des d\u00e9fis et des opportunit\u00e9s pour lutter contre l'apartheid de genre \u00e0 grande \u00e9chelle. Si les rivalit\u00e9s g\u00e9opolitiques et les priorit\u00e9s concurrentes peuvent constituer des obstacles, la prise de conscience mondiale des violations des droits des femmes et des filles offre des possibilit\u00e9s sans pr\u00e9c\u00e9dent. Cette prise de conscience constitue un terreau fertile pour faire avancer les r\u00e9formes juridiques.<\/p>\n\n\n\n<p>La reconnaissance universelle de l'apartheid de genre et l'adoption de mesures urgentes en vue de son abolition sont essentielles pour parvenir \u00e0 une v\u00e9ritable \u00e9galit\u00e9 et faire progresser les droits humains \u00e0 l'\u00e9chelle mondiale. Tant que la discrimination syst\u00e9mique et la violence \u00e0 l'\u00e9gard des femmes ne seront pas universellement condamn\u00e9es et combattues, il sera difficile de r\u00e9aliser des progr\u00e8s significatifs. Il ne s'agit pas d'un objectif facultatif, mais d'une n\u00e9cessit\u00e9 urgente, qui est \u00e0 notre port\u00e9e.<\/p>\n\n\n<div class=\"articleLink articleLink--editorRecommanded articleLink--textInImage articleLink--textTop\" style=\"\">\r\n\t\t\t\t\t\r\n\t\t\t<div class=\"articleLinkSurTitle\">Recommand\u00e9 par la r\u00e9daction<\/div>\r\n\t\t\t<a class=\"articleLinkImageLink\" href=\"https:\/\/www.justiceinfo.net\/fr\/133399-crimes-afghanes-poussent-reconnaitre-apartheid-de-genre.html\"><div class=\"articleLinkImageContainer \"><img loading=\"lazy\" decoding=\"async\" width=\"540\" height=\"360\" src=\"https:\/\/www.justiceinfo.net\/wp-content\/uploads\/Afghanistan_Taliban-women_@Wakil-Kohsar-AFP-540x360.jpg\" class=\"articleLinkImage backgroundImageTag w-100 wp-post-image\" alt=\"Apartheid de genre ( femmes en Iran et femmes en Afghanistan) - Photo : une femme portant le hijab marche dans une rue, suivie de pr\u00e8s par une patrouille de Talibans.\" srcset=\"https:\/\/www.justiceinfo.net\/wp-content\/uploads\/Afghanistan_Taliban-women_@Wakil-Kohsar-AFP-540x360.jpg 540w, https:\/\/www.justiceinfo.net\/wp-content\/uploads\/Afghanistan_Taliban-women_@Wakil-Kohsar-AFP-1000x667.jpg 1000w, https:\/\/www.justiceinfo.net\/wp-content\/uploads\/Afghanistan_Taliban-women_@Wakil-Kohsar-AFP-1110x740.jpg 1110w, https:\/\/www.justiceinfo.net\/wp-content\/uploads\/Afghanistan_Taliban-women_@Wakil-Kohsar-AFP.jpg 1200w\" sizes=\"auto, (max-width: 540px) 100vw, 540px\" \/><\/div><\/a>\r\n\t\t\t<a href=\"https:\/\/www.justiceinfo.net\/fr\/133399-crimes-afghanes-poussent-reconnaitre-apartheid-de-genre.html\" class=\"articleLinkTitle articleLinkTitle--default\">\r\n\t\t\tLes crimes contre les Afghanes poussent \u00e0 reconna\u00eetre \u00ab\u00a0l\u2019apartheid de genre\u00a0\u00bb\r\n\t\t<\/a>\r\n\t\t\r\n\t\t\t\t<\/div>\n\n\n<div class=\"content-encadre\">\r\n\t<p><strong><img loading=\"lazy\" decoding=\"async\" class=\"alignleft wp-image-135189\" src=\"https:\/\/www.justiceinfo.net\/wp-content\/uploads\/Nilofar-Ayoubi.jpg\" alt=\"Nilofar Ayoubi\" width=\"200\" height=\"200\" srcset=\"https:\/\/www.justiceinfo.net\/wp-content\/uploads\/Nilofar-Ayoubi.jpg 500w, https:\/\/www.justiceinfo.net\/wp-content\/uploads\/Nilofar-Ayoubi-150x150.jpg 150w\" sizes=\"auto, (max-width: 200px) 100vw, 200px\" \/>NILOFAR AYOUBI<\/strong><\/p>\n<p>Nilofar Ayoubi est une militante des droits humains afghane. Elle a cr\u00e9\u00e9 le R\u00e9seau pour la participation politique des femmes, qui r\u00e9unit des femmes d'horizons divers pour d\u00e9fendre des droits politiques collectifs. Lorsque les talibans ont repris le pouvoir en ao\u00fbt 2021, elle a \u00e9t\u00e9 transf\u00e9r\u00e9e d'urgence en Pologne, o\u00f9 elle b\u00e9n\u00e9ficie d'un statut de r\u00e9sidente temporaire. Elle est l'un des membres fondateurs de #UnitedAgainstGenderApartheid. Elle est \u00e9galement PDG d'Asia Times.Af, r\u00e9dactrice en chef d'Akhbar Afghan, et secr\u00e9taire r\u00e9gionale pour le Moyen-Orient et l'Afrique du Nord du World Liberty Congress, un mouvement d\u00e9mocratique mondial.<\/p>\n<\/div>","protected":false},"excerpt":{"rendered":"<p>\u00ab&nbsp;En Afghanistan, la moiti\u00e9 de la population est priv\u00e9e des droits fondamentaux simplement parce que ce sont des femmes&nbsp;\u00bb, d\u00e9nonce Nilofar Ayoubi, entrepreneuse et militante afghane, contrainte de fuir son pays lorsque les talibans s'en sont empar\u00e9s une seconde fois, le 15 ao\u00fbt 2021. Trois ans apr\u00e8s la prise de la capitale afghane par les [&hellip;]<\/p>\n","protected":false},"author":131,"featured_media":135195,"comment_status":"open","ping_status":"closed","sticky":false,"template":"","format":"standard","meta":{"_acf_changed":false,"footnotes":""},"categories":[575],"tags":[2647,2664],"ji_location":[2570],"class_list":["post-135180","post","type-post","status-publish","format-standard","has-post-thumbnail","hentry","category-opinions","tag-crime-contre-lhumanite","tag-droits-humains","ji_location-afghanistan"],"acf":[],"yoast_head":"<!-- This site is optimized with the Yoast SEO Premium plugin v25.3.1 (Yoast SEO v25.3.1) - https:\/\/yoast.com\/wordpress\/plugins\/seo\/ -->\n<title>En Afghanistan, le r\u00e9gime des talibans est un apartheid des sexes<\/title>\n<meta name=\"description\" content=\"En Afghanistan, o\u00f9 les droits des femmes sont r\u00e9duits au minimum, Nilofar Ayoubi plaide pour que l&#039;apartheid entre les sexes soit reconnu comme un crime contre l&#039;humanit\u00e9 en droit international.\" \/>\n<meta name=\"robots\" content=\"index, follow, max-snippet:-1, max-image-preview:large, max-video-preview:-1\" \/>\n<link rel=\"canonical\" href=\"https:\/\/www.justiceinfo.net\/fr\/135180-regime-talibans-apartheid-des-sexes.html\" \/>\n<meta property=\"og:locale\" content=\"fr_FR\" \/>\n<meta property=\"og:type\" content=\"article\" \/>\n<meta property=\"og:title\" content=\"Le r\u00e9gime des talibans est un apartheid des sexes\" \/>\n<meta property=\"og:description\" content=\"En Afghanistan, o\u00f9 les droits des femmes sont r\u00e9duits au minimum, Nilofar Ayoubi plaide pour que l&#039;apartheid entre les sexes soit reconnu comme un crime contre l&#039;humanit\u00e9 en droit international.\" \/>\n<meta property=\"og:url\" content=\"https:\/\/www.justiceinfo.net\/fr\/135180-regime-talibans-apartheid-des-sexes.html\" \/>\n<meta property=\"og:site_name\" content=\"JusticeInfo.net\" \/>\n<meta property=\"article:publisher\" content=\"https:\/\/www.facebook.com\/JusticeInfo\/\" \/>\n<meta property=\"article:published_time\" content=\"2024-08-26T09:44:05+00:00\" \/>\n<meta property=\"article:modified_time\" content=\"2024-08-27T09:46:16+00:00\" \/>\n<meta property=\"og:image\" content=\"https:\/\/www.justiceinfo.net\/wp-content\/uploads\/Afghanistan_women-rights-protest_@AFP.jpg\" \/>\n\t<meta property=\"og:image:width\" content=\"1200\" \/>\n\t<meta property=\"og:image:height\" content=\"800\" \/>\n\t<meta property=\"og:image:type\" content=\"image\/jpeg\" \/>\n<meta name=\"author\" content=\"Nilofar Ayoubi\" \/>\n<meta name=\"twitter:card\" content=\"summary_large_image\" \/>\n<meta name=\"twitter:creator\" content=\"@justiceinfonet\" \/>\n<meta name=\"twitter:site\" content=\"@justiceinfonet\" \/>\n<meta name=\"twitter:label1\" content=\"\u00c9crit par\" \/>\n\t<meta name=\"twitter:data1\" content=\"Nilofar Ayoubi\" \/>\n\t<meta name=\"twitter:label2\" content=\"Dur\u00e9e de lecture estim\u00e9e\" \/>\n\t<meta name=\"twitter:data2\" content=\"8 minutes\" \/>\n<script type=\"application\/ld+json\" class=\"yoast-schema-graph\">{\"@context\":\"https:\/\/schema.org\",\"@graph\":[{\"@type\":\"NewsArticle\",\"@id\":\"https:\/\/www.justiceinfo.net\/fr\/135180-regime-talibans-apartheid-des-sexes.html#article\",\"isPartOf\":{\"@id\":\"https:\/\/www.justiceinfo.net\/fr\/135180-regime-talibans-apartheid-des-sexes.html\"},\"author\":{\"name\":\"Nilofar Ayoubi\",\"@id\":\"https:\/\/www.justiceinfo.net\/fr#\/schema\/person\/af4b9da857d5bac2c2a53b48ca2cefa9\"},\"headline\":\"Le r\u00e9gime des talibans est un apartheid des sexes\",\"datePublished\":\"2024-08-26T09:44:05+00:00\",\"dateModified\":\"2024-08-27T09:46:16+00:00\",\"mainEntityOfPage\":{\"@id\":\"https:\/\/www.justiceinfo.net\/fr\/135180-regime-talibans-apartheid-des-sexes.html\"},\"wordCount\":1562,\"commentCount\":0,\"publisher\":{\"@id\":\"https:\/\/www.justiceinfo.net\/fr#organization\"},\"image\":{\"@id\":\"https:\/\/www.justiceinfo.net\/fr\/135180-regime-talibans-apartheid-des-sexes.html#primaryimage\"},\"thumbnailUrl\":\"https:\/\/www.justiceinfo.net\/wp-content\/uploads\/Afghanistan_women-rights-protest_@AFP.jpg\",\"keywords\":[\"crime contre l&#039;humanit\u00e9\",\"droits humains\"],\"articleSection\":[\"Opinions\"],\"inLanguage\":\"fr-FR\",\"potentialAction\":[{\"@type\":\"CommentAction\",\"name\":\"Comment\",\"target\":[\"https:\/\/www.justiceinfo.net\/fr\/135180-regime-talibans-apartheid-des-sexes.html#respond\"]}]},{\"@type\":\"WebPage\",\"@id\":\"https:\/\/www.justiceinfo.net\/fr\/135180-regime-talibans-apartheid-des-sexes.html\",\"url\":\"https:\/\/www.justiceinfo.net\/fr\/135180-regime-talibans-apartheid-des-sexes.html\",\"name\":\"En Afghanistan, le r\u00e9gime des talibans est un apartheid des sexes\",\"isPartOf\":{\"@id\":\"https:\/\/www.justiceinfo.net\/fr#website\"},\"primaryImageOfPage\":{\"@id\":\"https:\/\/www.justiceinfo.net\/fr\/135180-regime-talibans-apartheid-des-sexes.html#primaryimage\"},\"image\":{\"@id\":\"https:\/\/www.justiceinfo.net\/fr\/135180-regime-talibans-apartheid-des-sexes.html#primaryimage\"},\"thumbnailUrl\":\"https:\/\/www.justiceinfo.net\/wp-content\/uploads\/Afghanistan_women-rights-protest_@AFP.jpg\",\"datePublished\":\"2024-08-26T09:44:05+00:00\",\"dateModified\":\"2024-08-27T09:46:16+00:00\",\"description\":\"En Afghanistan, o\u00f9 les droits des femmes sont r\u00e9duits au minimum, Nilofar Ayoubi plaide pour que l'apartheid entre les sexes soit reconnu comme un crime contre l'humanit\u00e9 en droit international.\",\"breadcrumb\":{\"@id\":\"https:\/\/www.justiceinfo.net\/fr\/135180-regime-talibans-apartheid-des-sexes.html#breadcrumb\"},\"inLanguage\":\"fr-FR\",\"potentialAction\":[{\"@type\":\"ReadAction\",\"target\":[\"https:\/\/www.justiceinfo.net\/fr\/135180-regime-talibans-apartheid-des-sexes.html\"]}]},{\"@type\":\"ImageObject\",\"inLanguage\":\"fr-FR\",\"@id\":\"https:\/\/www.justiceinfo.net\/fr\/135180-regime-talibans-apartheid-des-sexes.html#primaryimage\",\"url\":\"https:\/\/www.justiceinfo.net\/wp-content\/uploads\/Afghanistan_women-rights-protest_@AFP.jpg\",\"contentUrl\":\"https:\/\/www.justiceinfo.net\/wp-content\/uploads\/Afghanistan_women-rights-protest_@AFP.jpg\",\"width\":1200,\"height\":800,\"caption\":\"Des femmes afghanes protestent contre la fermeture des salons de beaut\u00e9, en juillet 2023. Depuis, la restriction des droits fondamentaux des femmes par le r\u00e9gime des talibans, s'est aggrav\u00e9e, couvrant notamment le droit \u00e0 l'\u00e9ducation et au travail, la libert\u00e9 de mouvement, le droit de lire ou de chanter. Photo : \u00a9 AFP\"},{\"@type\":\"BreadcrumbList\",\"@id\":\"https:\/\/www.justiceinfo.net\/fr\/135180-regime-talibans-apartheid-des-sexes.html#breadcrumb\",\"itemListElement\":[{\"@type\":\"ListItem\",\"position\":1,\"name\":\"Home\",\"item\":\"https:\/\/www.justiceinfo.net\/fr\"},{\"@type\":\"ListItem\",\"position\":2,\"name\":\"Le r\u00e9gime des talibans est un apartheid des sexes\"}]},{\"@type\":\"WebSite\",\"@id\":\"https:\/\/www.justiceinfo.net\/fr#website\",\"url\":\"https:\/\/www.justiceinfo.net\/fr\",\"name\":\"JusticeInfo.net\",\"description\":\"La justice doit \u00eatre vue pour \u00eatre rendue\",\"publisher\":{\"@id\":\"https:\/\/www.justiceinfo.net\/fr#organization\"},\"potentialAction\":[{\"@type\":\"SearchAction\",\"target\":{\"@type\":\"EntryPoint\",\"urlTemplate\":\"https:\/\/www.justiceinfo.net\/fr?s={search_term_string}\"},\"query-input\":{\"@type\":\"PropertyValueSpecification\",\"valueRequired\":true,\"valueName\":\"search_term_string\"}}],\"inLanguage\":\"fr-FR\"},{\"@type\":\"Organization\",\"@id\":\"https:\/\/www.justiceinfo.net\/fr#organization\",\"name\":\"Justice Info\",\"url\":\"https:\/\/www.justiceinfo.net\/fr\",\"logo\":{\"@type\":\"ImageObject\",\"inLanguage\":\"fr-FR\",\"@id\":\"https:\/\/www.justiceinfo.net\/fr#\/schema\/logo\/image\/\",\"url\":\"https:\/\/www.justiceinfo.net\/wp-content\/uploads\/justiceinfo_logo-trans_1200x1200px.png\",\"contentUrl\":\"https:\/\/www.justiceinfo.net\/wp-content\/uploads\/justiceinfo_logo-trans_1200x1200px.png\",\"width\":1199,\"height\":1200,\"caption\":\"Justice Info\"},\"image\":{\"@id\":\"https:\/\/www.justiceinfo.net\/fr#\/schema\/logo\/image\/\"},\"sameAs\":[\"https:\/\/www.facebook.com\/JusticeInfo\/\",\"https:\/\/x.com\/justiceinfonet\",\"https:\/\/www.linkedin.com\/company\/justice-info\",\"https:\/\/www.youtube.com\/channel\/UCyCEsARodyuWtkWyhn-e7pA\"]},{\"@type\":\"Person\",\"name\":\"Nilofar Ayoubi\",\"url\":\"\/fr\/?s=Nilofar Ayoubi\"}]}<\/script>\n<!-- \/ Yoast SEO Premium plugin. -->","yoast_head_json":{"title":"En Afghanistan, le r\u00e9gime des talibans est un apartheid des sexes","description":"En Afghanistan, o\u00f9 les droits des femmes sont r\u00e9duits au minimum, Nilofar Ayoubi plaide pour que l'apartheid entre les sexes soit reconnu comme un crime contre l'humanit\u00e9 en droit international.","robots":{"index":"index","follow":"follow","max-snippet":"max-snippet:-1","max-image-preview":"max-image-preview:large","max-video-preview":"max-video-preview:-1"},"canonical":"https:\/\/www.justiceinfo.net\/fr\/135180-regime-talibans-apartheid-des-sexes.html","og_locale":"fr_FR","og_type":"article","og_title":"Le r\u00e9gime des talibans est un apartheid des sexes","og_description":"En Afghanistan, o\u00f9 les droits des femmes sont r\u00e9duits au minimum, Nilofar Ayoubi plaide pour que l'apartheid entre les sexes soit reconnu comme un crime contre l'humanit\u00e9 en droit international.","og_url":"https:\/\/www.justiceinfo.net\/fr\/135180-regime-talibans-apartheid-des-sexes.html","og_site_name":"JusticeInfo.net","article_publisher":"https:\/\/www.facebook.com\/JusticeInfo\/","article_published_time":"2024-08-26T09:44:05+00:00","article_modified_time":"2024-08-27T09:46:16+00:00","og_image":[{"width":1200,"height":800,"url":"https:\/\/www.justiceinfo.net\/wp-content\/uploads\/Afghanistan_women-rights-protest_@AFP.jpg","type":"image\/jpeg"}],"author":"Nilofar Ayoubi","twitter_card":"summary_large_image","twitter_creator":"@justiceinfonet","twitter_site":"@justiceinfonet","twitter_misc":{"\u00c9crit par":"Nilofar Ayoubi","Dur\u00e9e de lecture estim\u00e9e":"8 minutes"},"schema":{"@context":"https:\/\/schema.org","@graph":[{"@type":"NewsArticle","@id":"https:\/\/www.justiceinfo.net\/fr\/135180-regime-talibans-apartheid-des-sexes.html#article","isPartOf":{"@id":"https:\/\/www.justiceinfo.net\/fr\/135180-regime-talibans-apartheid-des-sexes.html"},"author":{"name":"Nilofar Ayoubi","@id":"https:\/\/www.justiceinfo.net\/fr#\/schema\/person\/af4b9da857d5bac2c2a53b48ca2cefa9"},"headline":"Le r\u00e9gime des talibans est un apartheid des sexes","datePublished":"2024-08-26T09:44:05+00:00","dateModified":"2024-08-27T09:46:16+00:00","mainEntityOfPage":{"@id":"https:\/\/www.justiceinfo.net\/fr\/135180-regime-talibans-apartheid-des-sexes.html"},"wordCount":1562,"commentCount":0,"publisher":{"@id":"https:\/\/www.justiceinfo.net\/fr#organization"},"image":{"@id":"https:\/\/www.justiceinfo.net\/fr\/135180-regime-talibans-apartheid-des-sexes.html#primaryimage"},"thumbnailUrl":"https:\/\/www.justiceinfo.net\/wp-content\/uploads\/Afghanistan_women-rights-protest_@AFP.jpg","keywords":["crime contre l&#039;humanit\u00e9","droits humains"],"articleSection":["Opinions"],"inLanguage":"fr-FR","potentialAction":[{"@type":"CommentAction","name":"Comment","target":["https:\/\/www.justiceinfo.net\/fr\/135180-regime-talibans-apartheid-des-sexes.html#respond"]}]},{"@type":"WebPage","@id":"https:\/\/www.justiceinfo.net\/fr\/135180-regime-talibans-apartheid-des-sexes.html","url":"https:\/\/www.justiceinfo.net\/fr\/135180-regime-talibans-apartheid-des-sexes.html","name":"En Afghanistan, le r\u00e9gime des talibans est un apartheid des sexes","isPartOf":{"@id":"https:\/\/www.justiceinfo.net\/fr#website"},"primaryImageOfPage":{"@id":"https:\/\/www.justiceinfo.net\/fr\/135180-regime-talibans-apartheid-des-sexes.html#primaryimage"},"image":{"@id":"https:\/\/www.justiceinfo.net\/fr\/135180-regime-talibans-apartheid-des-sexes.html#primaryimage"},"thumbnailUrl":"https:\/\/www.justiceinfo.net\/wp-content\/uploads\/Afghanistan_women-rights-protest_@AFP.jpg","datePublished":"2024-08-26T09:44:05+00:00","dateModified":"2024-08-27T09:46:16+00:00","description":"En Afghanistan, o\u00f9 les droits des femmes sont r\u00e9duits au minimum, Nilofar Ayoubi plaide pour que l'apartheid entre les sexes soit reconnu comme un crime contre l'humanit\u00e9 en droit international.","breadcrumb":{"@id":"https:\/\/www.justiceinfo.net\/fr\/135180-regime-talibans-apartheid-des-sexes.html#breadcrumb"},"inLanguage":"fr-FR","potentialAction":[{"@type":"ReadAction","target":["https:\/\/www.justiceinfo.net\/fr\/135180-regime-talibans-apartheid-des-sexes.html"]}]},{"@type":"ImageObject","inLanguage":"fr-FR","@id":"https:\/\/www.justiceinfo.net\/fr\/135180-regime-talibans-apartheid-des-sexes.html#primaryimage","url":"https:\/\/www.justiceinfo.net\/wp-content\/uploads\/Afghanistan_women-rights-protest_@AFP.jpg","contentUrl":"https:\/\/www.justiceinfo.net\/wp-content\/uploads\/Afghanistan_women-rights-protest_@AFP.jpg","width":1200,"height":800,"caption":"Des femmes afghanes protestent contre la fermeture des salons de beaut\u00e9, en juillet 2023. Depuis, la restriction des droits fondamentaux des femmes par le r\u00e9gime des talibans, s'est aggrav\u00e9e, couvrant notamment le droit \u00e0 l'\u00e9ducation et au travail, la libert\u00e9 de mouvement, le droit de lire ou de chanter. Photo : \u00a9 AFP"},{"@type":"BreadcrumbList","@id":"https:\/\/www.justiceinfo.net\/fr\/135180-regime-talibans-apartheid-des-sexes.html#breadcrumb","itemListElement":[{"@type":"ListItem","position":1,"name":"Home","item":"https:\/\/www.justiceinfo.net\/fr"},{"@type":"ListItem","position":2,"name":"Le r\u00e9gime des talibans est un apartheid des sexes"}]},{"@type":"WebSite","@id":"https:\/\/www.justiceinfo.net\/fr#website","url":"https:\/\/www.justiceinfo.net\/fr","name":"JusticeInfo.net","description":"La justice doit \u00eatre vue pour \u00eatre rendue","publisher":{"@id":"https:\/\/www.justiceinfo.net\/fr#organization"},"potentialAction":[{"@type":"SearchAction","target":{"@type":"EntryPoint","urlTemplate":"https:\/\/www.justiceinfo.net\/fr?s={search_term_string}"},"query-input":{"@type":"PropertyValueSpecification","valueRequired":true,"valueName":"search_term_string"}}],"inLanguage":"fr-FR"},{"@type":"Organization","@id":"https:\/\/www.justiceinfo.net\/fr#organization","name":"Justice Info","url":"https:\/\/www.justiceinfo.net\/fr","logo":{"@type":"ImageObject","inLanguage":"fr-FR","@id":"https:\/\/www.justiceinfo.net\/fr#\/schema\/logo\/image\/","url":"https:\/\/www.justiceinfo.net\/wp-content\/uploads\/justiceinfo_logo-trans_1200x1200px.png","contentUrl":"https:\/\/www.justiceinfo.net\/wp-content\/uploads\/justiceinfo_logo-trans_1200x1200px.png","width":1199,"height":1200,"caption":"Justice Info"},"image":{"@id":"https:\/\/www.justiceinfo.net\/fr#\/schema\/logo\/image\/"},"sameAs":["https:\/\/www.facebook.com\/JusticeInfo\/","https:\/\/x.com\/justiceinfonet","https:\/\/www.linkedin.com\/company\/justice-info","https:\/\/www.youtube.com\/channel\/UCyCEsARodyuWtkWyhn-e7pA"]},{"@type":"Person","name":"Nilofar Ayoubi","url":"\/fr\/?s=Nilofar Ayoubi"}]}},"_links":{"self":[{"href":"https:\/\/www.justiceinfo.net\/fr\/wp-json\/wp\/v2\/posts\/135180","targetHints":{"allow":["GET"]}}],"collection":[{"href":"https:\/\/www.justiceinfo.net\/fr\/wp-json\/wp\/v2\/posts"}],"about":[{"href":"https:\/\/www.justiceinfo.net\/fr\/wp-json\/wp\/v2\/types\/post"}],"author":[{"embeddable":true,"href":"https:\/\/www.justiceinfo.net\/fr\/wp-json\/wp\/v2\/users\/131"}],"replies":[{"embeddable":true,"href":"https:\/\/www.justiceinfo.net\/fr\/wp-json\/wp\/v2\/comments?post=135180"}],"version-history":[{"count":11,"href":"https:\/\/www.justiceinfo.net\/fr\/wp-json\/wp\/v2\/posts\/135180\/revisions"}],"predecessor-version":[{"id":135234,"href":"https:\/\/www.justiceinfo.net\/fr\/wp-json\/wp\/v2\/posts\/135180\/revisions\/135234"}],"wp:featuredmedia":[{"embeddable":true,"href":"https:\/\/www.justiceinfo.net\/fr\/wp-json\/wp\/v2\/media\/135195"}],"wp:attachment":[{"href":"https:\/\/www.justiceinfo.net\/fr\/wp-json\/wp\/v2\/media?parent=135180"}],"wp:term":[{"taxonomy":"category","embeddable":true,"href":"https:\/\/www.justiceinfo.net\/fr\/wp-json\/wp\/v2\/categories?post=135180"},{"taxonomy":"post_tag","embeddable":true,"href":"https:\/\/www.justiceinfo.net\/fr\/wp-json\/wp\/v2\/tags?post=135180"},{"taxonomy":"ji_location","embeddable":true,"href":"https:\/\/www.justiceinfo.net\/fr\/wp-json\/wp\/v2\/ji_location?post=135180"}],"curies":[{"name":"wp","href":"https:\/\/api.w.org\/{rel}","templated":true}]}}