{"id":13521,"date":"2011-09-09T00:00:00","date_gmt":"2011-09-08T22:00:00","guid":{"rendered":"https:\/\/www.justiceinfo.net\/13521-090911-cpibemba-bemba-ne-sera-pas-candidat-a-la-presidentielle10336.html"},"modified":"2011-09-09T00:00:00","modified_gmt":"2011-09-08T22:00:00","slug":"090911-cpibemba-bemba-ne-sera-pas-candidat-a-la-presidentielle10336","status":"publish","type":"post","link":"https:\/\/www.justiceinfo.net\/fr\/13521-090911-cpibemba-bemba-ne-sera-pas-candidat-a-la-presidentielle10336.html","title":{"rendered":"09.09.11 - CPI\/BEMBA - BEMBA NE SERA PAS CANDIDAT A LA PRESIDENTIELLE"},"content":{"rendered":"<p>\nLa Haye, 9 septembre 2011 (FH) - Le pr&eacute;sident du Mouvement pour la lib&eacute;ration du Congo (MLC), Jean-Pierre Bemba, ne sera pas candidat &agrave; l'&eacute;lection pr&eacute;sidentielle du 28 novembre en R&eacute;publique d&eacute;mocratique du Congo (RDC). Les juges ont rejet&eacute;, le 6 septembre, sa derni&egrave;re demande de lib&eacute;ration provisoire.\n<\/p>\n<p><!--more--><\/p>\n<p >\n<p >\n<p >\nAccus&eacute; de crimes contre l'humanit&eacute; commis en Centrafrique en 2002 et 2003, le s&eacute;nateur congolais est en proc&egrave;s devant la Cour p&eacute;nale internationale (CPI) depuis le 22 novembre 2010. Selon les pr&eacute;visions du Greffe, ce proc&egrave;s prendra fin aux alentours de d&eacute;cembre 2012.\n<\/p>\n<p >\n<p >\nDepuis d&eacute;but juin, Jean-Pierre Bemba bataillait pour obtenir une mise en lib&eacute;ration provisoire &laquo; pendant 17 heures &raquo;, afin de pouvoir exercer &laquo; ses droits civiques &raquo;. Le s&eacute;nateur congolais proposait de se rendre &laquo; en jet priv&eacute; &raquo; en RDC et de rester une heure sur le sol congolais, le temps d'obtenir sa carte d'&eacute;lecteur et de s'inscrire comme candidat aupr&egrave;s de la commission &eacute;lectorale &agrave; Kinshasa. Il pr&eacute;cisait en outre que les frais de voyage seraient pris en charge par sa famille et ses amis.&nbsp;\n<\/p>\n<p >\n<p >\nD&eacute;bout&eacute;s fin juin par la chambre de premi&egrave;re instance, puis par les juges d'appel, ses avocats avaient d&eacute;pos&eacute; une nouvelle demande, fin ao&ucirc;t, &agrave; laquelle ils joignaient une lettre du pr&eacute;sident du S&eacute;nat de la RDC, estimant que ce document offrait des garanties suppl&eacute;mentaires et constituait un accord de principe du gouvernement congolais. L'argument a &eacute;t&eacute; rejet&eacute; par les juges.\n<\/p>\n<p >\n<p >\nPour la chambre, l'accus&eacute; &laquo; pr&eacute;sente toujours un risque de fuite &raquo; et son int&eacute;r&ecirc;t &agrave; participer &laquo; au processus d&eacute;mocratique &raquo; n'annule pas ce risque. Les trois magistrats soulignent que leur refus se base uniquement sur les risques de fuite, et &laquo; ne peut pas &ecirc;tre consid&eacute;r&eacute; comme une restriction d&eacute;raisonnable de ses droits d&eacute;mocratiques &raquo;.\n<\/p>\n<p >\n<p >\nJean-Pierre Bemba s'&eacute;tait aussi engag&eacute; &agrave; revenir devant la CPI, stipulant qu'il ne d&eacute;sirait pas vivre comme un fugitif.&nbsp; Mais les juges affirment que la chambre n'a pas les moyens &laquo; de savoir si un d&eacute;tenu dit la v&eacute;rit&eacute; quand il (...) promet de revenir en prison s'il obtient une mise en lib&eacute;ration provisoire &raquo;. Pour les juges, le s&eacute;nateur congolais a les moyens logistiques et financiers de fuir.\n<\/p>\n<p >\n<p >\nSon leader incarc&eacute;r&eacute;, le Mouvement pour la lib&eacute;ration du Congo, pourrait choisir de soutenir l'un des autres candidats de l'opposition &agrave; la pr&eacute;sidentielle du 28 novembre. Les candidats ont jusqu'au 11 septembre pour se faire enregistrer.&nbsp;\n<\/p>\n<p >\n<p >\nEn juillet 2009, Jean-Pierre Bemba avait &eacute;t&eacute; autoris&eacute; &agrave; se rendre aux obs&egrave;ques de son p&egrave;re, Jeannot Bemba, en Belgique. En janvier 2011, l'accus&eacute; avait aussi pu assister aux fun&eacute;railles de sa belle-m&egrave;re. En d&eacute;cembre 2010, il avait demand&eacute; une mise en libert&eacute; &laquo; pour raisons humanitaires &raquo;, pour pouvoir se rendre au chevet de sa grand-m&egrave;re en RDC, mais avait &eacute;t&eacute; d&eacute;bout&eacute;.\n<\/p>\n<p >\n<p >\nJean-Pierre Bemba a &eacute;t&eacute; arr&ecirc;t&eacute; dans sa r&eacute;sidence en banlieue de Bruxelles, en Belgique, le 24 mai 2008. Il avait &eacute;t&eacute; transf&eacute;r&eacute; &agrave; la prison de la CPI le 3 juillet.\n<\/p>\n<p >\nSM\/ER\/GF\n<\/p>\n<p >\n<p>\n&copy; Agence Hirondelle<\/p>\n","protected":false},"excerpt":{"rendered":"<p>La Haye, 9 septembre 2011 (FH) - Le pr&eacute;sident du Mouvement pour la lib&eacute;ration du Congo (MLC), Jean-Pierre Bemba, ne sera pas candidat &agrave; l'&eacute;lection pr&eacute;sidentielle du 28 novembre en R&eacute;publique d&eacute;mocratique du Congo (RDC). Les juges ont rejet&eacute;, le 6 septembre, sa derni&egrave;re demande de lib&eacute;ration provisoire.<\/p>\n","protected":false},"author":64,"featured_media":0,"comment_status":"open","ping_status":"closed","sticky":false,"template":"","format":"standard","meta":{"_acf_changed":false,"footnotes":""},"categories":[554],"tags":[],"ji_location":[],"class_list":["post-13521","post","type-post","status-publish","format-standard","hentry","category-hirondellenews"],"acf":[],"yoast_head":"<!-- This site is optimized with the Yoast SEO Premium plugin v25.3.1 (Yoast SEO v25.3.1) - https:\/\/yoast.com\/wordpress\/plugins\/seo\/ -->\n<title>09.09.11 - CPI\/BEMBA - BEMBA NE SERA PAS CANDIDAT A LA PRESIDENTIELLE - JusticeInfo.net<\/title>\n<meta name=\"robots\" content=\"index, follow, max-snippet:-1, max-image-preview:large, max-video-preview:-1\" \/>\n<link rel=\"canonical\" href=\"https:\/\/www.justiceinfo.net\/fr\/13521-090911-cpibemba-bemba-ne-sera-pas-candidat-a-la-presidentielle10336.html\" \/>\n<meta property=\"og:locale\" content=\"fr_FR\" \/>\n<meta property=\"og:type\" content=\"article\" \/>\n<meta property=\"og:title\" content=\"09.09.11 - CPI\/BEMBA - BEMBA NE SERA PAS CANDIDAT A LA PRESIDENTIELLE\" \/>\n<meta property=\"og:description\" content=\"La Haye, 9 septembre 2011 (FH) - Le pr&eacute;sident du Mouvement pour la lib&eacute;ration du Congo (MLC), Jean-Pierre Bemba, ne sera pas candidat &agrave; l&#039;&eacute;lection pr&eacute;sidentielle du 28 novembre en R&eacute;publique d&eacute;mocratique du Congo (RDC). Les juges ont rejet&eacute;, le 6 septembre, sa derni&egrave;re demande de lib&eacute;ration provisoire.\" \/>\n<meta property=\"og:url\" content=\"https:\/\/www.justiceinfo.net\/fr\/13521-090911-cpibemba-bemba-ne-sera-pas-candidat-a-la-presidentielle10336.html\" \/>\n<meta property=\"og:site_name\" content=\"JusticeInfo.net\" \/>\n<meta property=\"article:publisher\" content=\"https:\/\/www.facebook.com\/JusticeInfo\/\" \/>\n<meta property=\"article:published_time\" content=\"2011-09-08T22:00:00+00:00\" \/>\n<meta property=\"og:image\" content=\"https:\/\/www.justiceinfo.net\/wp-content\/uploads\/JusticeInfoNet_logo_1200x630px.jpg\" \/>\n\t<meta property=\"og:image:width\" content=\"1200\" \/>\n\t<meta property=\"og:image:height\" content=\"630\" \/>\n\t<meta property=\"og:image:type\" content=\"image\/jpeg\" \/>\n<meta name=\"author\" content=\"solivri\" \/>\n<meta name=\"twitter:card\" content=\"summary_large_image\" \/>\n<meta name=\"twitter:creator\" content=\"@justiceinfonet\" \/>\n<meta name=\"twitter:site\" content=\"@justiceinfonet\" \/>\n<meta name=\"twitter:label1\" content=\"\u00c9crit par\" \/>\n\t<meta name=\"twitter:data1\" content=\"solivri\" \/>\n\t<meta name=\"twitter:label2\" content=\"Dur\u00e9e de lecture estim\u00e9e\" \/>\n\t<meta name=\"twitter:data2\" content=\"3 minutes\" \/>\n<script type=\"application\/ld+json\" class=\"yoast-schema-graph\">{\"@context\":\"https:\/\/schema.org\",\"@graph\":[{\"@type\":\"NewsArticle\",\"@id\":\"https:\/\/www.justiceinfo.net\/fr\/13521-090911-cpibemba-bemba-ne-sera-pas-candidat-a-la-presidentielle10336.html#article\",\"isPartOf\":{\"@id\":\"https:\/\/www.justiceinfo.net\/fr\/13521-090911-cpibemba-bemba-ne-sera-pas-candidat-a-la-presidentielle10336.html\"},\"author\":{\"name\":\"solivri\",\"@id\":\"https:\/\/www.justiceinfo.net\/fr#\/schema\/person\/6e53cba1629e2e66f3fc1821d3091865\"},\"headline\":\"09.09.11 - CPI\/BEMBA - BEMBA NE SERA PAS CANDIDAT A LA PRESIDENTIELLE\",\"datePublished\":\"2011-09-08T22:00:00+00:00\",\"mainEntityOfPage\":{\"@id\":\"https:\/\/www.justiceinfo.net\/fr\/13521-090911-cpibemba-bemba-ne-sera-pas-candidat-a-la-presidentielle10336.html\"},\"wordCount\":648,\"commentCount\":0,\"publisher\":{\"@id\":\"https:\/\/www.justiceinfo.net\/fr#organization\"},\"articleSection\":[\"Hirondelle News\"],\"inLanguage\":\"fr-FR\",\"potentialAction\":[{\"@type\":\"CommentAction\",\"name\":\"Comment\",\"target\":[\"https:\/\/www.justiceinfo.net\/fr\/13521-090911-cpibemba-bemba-ne-sera-pas-candidat-a-la-presidentielle10336.html#respond\"]}]},{\"@type\":\"WebPage\",\"@id\":\"https:\/\/www.justiceinfo.net\/fr\/13521-090911-cpibemba-bemba-ne-sera-pas-candidat-a-la-presidentielle10336.html\",\"url\":\"https:\/\/www.justiceinfo.net\/fr\/13521-090911-cpibemba-bemba-ne-sera-pas-candidat-a-la-presidentielle10336.html\",\"name\":\"09.09.11 - CPI\/BEMBA - BEMBA NE SERA PAS CANDIDAT A LA PRESIDENTIELLE - JusticeInfo.net\",\"isPartOf\":{\"@id\":\"https:\/\/www.justiceinfo.net\/fr#website\"},\"datePublished\":\"2011-09-08T22:00:00+00:00\",\"breadcrumb\":{\"@id\":\"https:\/\/www.justiceinfo.net\/fr\/13521-090911-cpibemba-bemba-ne-sera-pas-candidat-a-la-presidentielle10336.html#breadcrumb\"},\"inLanguage\":\"fr-FR\",\"potentialAction\":[{\"@type\":\"ReadAction\",\"target\":[\"https:\/\/www.justiceinfo.net\/fr\/13521-090911-cpibemba-bemba-ne-sera-pas-candidat-a-la-presidentielle10336.html\"]}]},{\"@type\":\"BreadcrumbList\",\"@id\":\"https:\/\/www.justiceinfo.net\/fr\/13521-090911-cpibemba-bemba-ne-sera-pas-candidat-a-la-presidentielle10336.html#breadcrumb\",\"itemListElement\":[{\"@type\":\"ListItem\",\"position\":1,\"name\":\"Home\",\"item\":\"https:\/\/www.justiceinfo.net\/fr\"},{\"@type\":\"ListItem\",\"position\":2,\"name\":\"09.09.11 - CPI\/BEMBA - BEMBA NE SERA PAS CANDIDAT A LA PRESIDENTIELLE\"}]},{\"@type\":\"WebSite\",\"@id\":\"https:\/\/www.justiceinfo.net\/fr#website\",\"url\":\"https:\/\/www.justiceinfo.net\/fr\",\"name\":\"JusticeInfo.net\",\"description\":\"La justice doit \u00eatre vue pour \u00eatre rendue\",\"publisher\":{\"@id\":\"https:\/\/www.justiceinfo.net\/fr#organization\"},\"potentialAction\":[{\"@type\":\"SearchAction\",\"target\":{\"@type\":\"EntryPoint\",\"urlTemplate\":\"https:\/\/www.justiceinfo.net\/fr?s={search_term_string}\"},\"query-input\":{\"@type\":\"PropertyValueSpecification\",\"valueRequired\":true,\"valueName\":\"search_term_string\"}}],\"inLanguage\":\"fr-FR\"},{\"@type\":\"Organization\",\"@id\":\"https:\/\/www.justiceinfo.net\/fr#organization\",\"name\":\"Justice Info\",\"url\":\"https:\/\/www.justiceinfo.net\/fr\",\"logo\":{\"@type\":\"ImageObject\",\"inLanguage\":\"fr-FR\",\"@id\":\"https:\/\/www.justiceinfo.net\/fr#\/schema\/logo\/image\/\",\"url\":\"https:\/\/www.justiceinfo.net\/wp-content\/uploads\/justiceinfo_logo-trans_1200x1200px.png\",\"contentUrl\":\"https:\/\/www.justiceinfo.net\/wp-content\/uploads\/justiceinfo_logo-trans_1200x1200px.png\",\"width\":1199,\"height\":1200,\"caption\":\"Justice Info\"},\"image\":{\"@id\":\"https:\/\/www.justiceinfo.net\/fr#\/schema\/logo\/image\/\"},\"sameAs\":[\"https:\/\/www.facebook.com\/JusticeInfo\/\",\"https:\/\/x.com\/justiceinfonet\",\"https:\/\/www.linkedin.com\/company\/justice-info\",\"https:\/\/www.youtube.com\/channel\/UCyCEsARodyuWtkWyhn-e7pA\"]},{\"@type\":\"Person\",\"name\":\"solivri\",\"url\":\"\/fr\/?s=solivri\"}]}<\/script>\n<!-- \/ Yoast SEO Premium plugin. -->","yoast_head_json":{"title":"09.09.11 - CPI\/BEMBA - BEMBA NE SERA PAS CANDIDAT A LA PRESIDENTIELLE - JusticeInfo.net","robots":{"index":"index","follow":"follow","max-snippet":"max-snippet:-1","max-image-preview":"max-image-preview:large","max-video-preview":"max-video-preview:-1"},"canonical":"https:\/\/www.justiceinfo.net\/fr\/13521-090911-cpibemba-bemba-ne-sera-pas-candidat-a-la-presidentielle10336.html","og_locale":"fr_FR","og_type":"article","og_title":"09.09.11 - CPI\/BEMBA - BEMBA NE SERA PAS CANDIDAT A LA PRESIDENTIELLE","og_description":"La Haye, 9 septembre 2011 (FH) - Le pr&eacute;sident du Mouvement pour la lib&eacute;ration du Congo (MLC), Jean-Pierre Bemba, ne sera pas candidat &agrave; l'&eacute;lection pr&eacute;sidentielle du 28 novembre en R&eacute;publique d&eacute;mocratique du Congo (RDC). Les juges ont rejet&eacute;, le 6 septembre, sa derni&egrave;re demande de lib&eacute;ration provisoire.","og_url":"https:\/\/www.justiceinfo.net\/fr\/13521-090911-cpibemba-bemba-ne-sera-pas-candidat-a-la-presidentielle10336.html","og_site_name":"JusticeInfo.net","article_publisher":"https:\/\/www.facebook.com\/JusticeInfo\/","article_published_time":"2011-09-08T22:00:00+00:00","og_image":[{"width":1200,"height":630,"url":"https:\/\/www.justiceinfo.net\/wp-content\/uploads\/JusticeInfoNet_logo_1200x630px.jpg","type":"image\/jpeg"}],"author":"solivri","twitter_card":"summary_large_image","twitter_creator":"@justiceinfonet","twitter_site":"@justiceinfonet","twitter_misc":{"\u00c9crit par":"solivri","Dur\u00e9e de lecture estim\u00e9e":"3 minutes"},"schema":{"@context":"https:\/\/schema.org","@graph":[{"@type":"NewsArticle","@id":"https:\/\/www.justiceinfo.net\/fr\/13521-090911-cpibemba-bemba-ne-sera-pas-candidat-a-la-presidentielle10336.html#article","isPartOf":{"@id":"https:\/\/www.justiceinfo.net\/fr\/13521-090911-cpibemba-bemba-ne-sera-pas-candidat-a-la-presidentielle10336.html"},"author":{"name":"solivri","@id":"https:\/\/www.justiceinfo.net\/fr#\/schema\/person\/6e53cba1629e2e66f3fc1821d3091865"},"headline":"09.09.11 - CPI\/BEMBA - BEMBA NE SERA PAS CANDIDAT A LA PRESIDENTIELLE","datePublished":"2011-09-08T22:00:00+00:00","mainEntityOfPage":{"@id":"https:\/\/www.justiceinfo.net\/fr\/13521-090911-cpibemba-bemba-ne-sera-pas-candidat-a-la-presidentielle10336.html"},"wordCount":648,"commentCount":0,"publisher":{"@id":"https:\/\/www.justiceinfo.net\/fr#organization"},"articleSection":["Hirondelle News"],"inLanguage":"fr-FR","potentialAction":[{"@type":"CommentAction","name":"Comment","target":["https:\/\/www.justiceinfo.net\/fr\/13521-090911-cpibemba-bemba-ne-sera-pas-candidat-a-la-presidentielle10336.html#respond"]}]},{"@type":"WebPage","@id":"https:\/\/www.justiceinfo.net\/fr\/13521-090911-cpibemba-bemba-ne-sera-pas-candidat-a-la-presidentielle10336.html","url":"https:\/\/www.justiceinfo.net\/fr\/13521-090911-cpibemba-bemba-ne-sera-pas-candidat-a-la-presidentielle10336.html","name":"09.09.11 - CPI\/BEMBA - BEMBA NE SERA PAS CANDIDAT A LA PRESIDENTIELLE - JusticeInfo.net","isPartOf":{"@id":"https:\/\/www.justiceinfo.net\/fr#website"},"datePublished":"2011-09-08T22:00:00+00:00","breadcrumb":{"@id":"https:\/\/www.justiceinfo.net\/fr\/13521-090911-cpibemba-bemba-ne-sera-pas-candidat-a-la-presidentielle10336.html#breadcrumb"},"inLanguage":"fr-FR","potentialAction":[{"@type":"ReadAction","target":["https:\/\/www.justiceinfo.net\/fr\/13521-090911-cpibemba-bemba-ne-sera-pas-candidat-a-la-presidentielle10336.html"]}]},{"@type":"BreadcrumbList","@id":"https:\/\/www.justiceinfo.net\/fr\/13521-090911-cpibemba-bemba-ne-sera-pas-candidat-a-la-presidentielle10336.html#breadcrumb","itemListElement":[{"@type":"ListItem","position":1,"name":"Home","item":"https:\/\/www.justiceinfo.net\/fr"},{"@type":"ListItem","position":2,"name":"09.09.11 - CPI\/BEMBA - BEMBA NE SERA PAS CANDIDAT A LA PRESIDENTIELLE"}]},{"@type":"WebSite","@id":"https:\/\/www.justiceinfo.net\/fr#website","url":"https:\/\/www.justiceinfo.net\/fr","name":"JusticeInfo.net","description":"La justice doit \u00eatre vue pour \u00eatre rendue","publisher":{"@id":"https:\/\/www.justiceinfo.net\/fr#organization"},"potentialAction":[{"@type":"SearchAction","target":{"@type":"EntryPoint","urlTemplate":"https:\/\/www.justiceinfo.net\/fr?s={search_term_string}"},"query-input":{"@type":"PropertyValueSpecification","valueRequired":true,"valueName":"search_term_string"}}],"inLanguage":"fr-FR"},{"@type":"Organization","@id":"https:\/\/www.justiceinfo.net\/fr#organization","name":"Justice Info","url":"https:\/\/www.justiceinfo.net\/fr","logo":{"@type":"ImageObject","inLanguage":"fr-FR","@id":"https:\/\/www.justiceinfo.net\/fr#\/schema\/logo\/image\/","url":"https:\/\/www.justiceinfo.net\/wp-content\/uploads\/justiceinfo_logo-trans_1200x1200px.png","contentUrl":"https:\/\/www.justiceinfo.net\/wp-content\/uploads\/justiceinfo_logo-trans_1200x1200px.png","width":1199,"height":1200,"caption":"Justice Info"},"image":{"@id":"https:\/\/www.justiceinfo.net\/fr#\/schema\/logo\/image\/"},"sameAs":["https:\/\/www.facebook.com\/JusticeInfo\/","https:\/\/x.com\/justiceinfonet","https:\/\/www.linkedin.com\/company\/justice-info","https:\/\/www.youtube.com\/channel\/UCyCEsARodyuWtkWyhn-e7pA"]},{"@type":"Person","name":"solivri","url":"\/fr\/?s=solivri"}]}},"_links":{"self":[{"href":"https:\/\/www.justiceinfo.net\/fr\/wp-json\/wp\/v2\/posts\/13521","targetHints":{"allow":["GET"]}}],"collection":[{"href":"https:\/\/www.justiceinfo.net\/fr\/wp-json\/wp\/v2\/posts"}],"about":[{"href":"https:\/\/www.justiceinfo.net\/fr\/wp-json\/wp\/v2\/types\/post"}],"author":[{"embeddable":true,"href":"https:\/\/www.justiceinfo.net\/fr\/wp-json\/wp\/v2\/users\/64"}],"replies":[{"embeddable":true,"href":"https:\/\/www.justiceinfo.net\/fr\/wp-json\/wp\/v2\/comments?post=13521"}],"version-history":[{"count":0,"href":"https:\/\/www.justiceinfo.net\/fr\/wp-json\/wp\/v2\/posts\/13521\/revisions"}],"wp:attachment":[{"href":"https:\/\/www.justiceinfo.net\/fr\/wp-json\/wp\/v2\/media?parent=13521"}],"wp:term":[{"taxonomy":"category","embeddable":true,"href":"https:\/\/www.justiceinfo.net\/fr\/wp-json\/wp\/v2\/categories?post=13521"},{"taxonomy":"post_tag","embeddable":true,"href":"https:\/\/www.justiceinfo.net\/fr\/wp-json\/wp\/v2\/tags?post=13521"},{"taxonomy":"ji_location","embeddable":true,"href":"https:\/\/www.justiceinfo.net\/fr\/wp-json\/wp\/v2\/ji_location?post=13521"}],"curies":[{"name":"wp","href":"https:\/\/api.w.org\/{rel}","templated":true}]}}