{"id":13546,"date":"2011-08-10T00:00:00","date_gmt":"2011-08-09T22:00:00","guid":{"rendered":"https:\/\/www.justiceinfo.net\/13546-100811-tpirnizeyimana-admission-de-preuves-a-decharge-supplementaires-dans-deux-proces10361.html"},"modified":"2011-08-10T00:00:00","modified_gmt":"2011-08-09T22:00:00","slug":"100811-tpirnizeyimana-admission-de-preuves-a-decharge-supplementaires-dans-deux-proces10361","status":"publish","type":"post","link":"https:\/\/www.justiceinfo.net\/fr\/13546-100811-tpirnizeyimana-admission-de-preuves-a-decharge-supplementaires-dans-deux-proces10361.html","title":{"rendered":"10.08.11 - TPIR\/NIZEYIMANA - ADMISSION DE PREUVES A DECHARGE SUPPLEMENTAIRES DANS DEUX PROCES"},"content":{"rendered":"<p >\n<p >\n<p >\nArusha, 10 ao&ucirc;t 2011 (FH) - Le Tribunal p&eacute;nal international pour le Rwanda (TPIR) a admis des t&eacute;moignages suppl&eacute;mentaires de la d&eacute;fense dans les proc&egrave;s Nizeyimana et Nzabonimana, qui red&eacute;marrent tous deux en septembre.\n<\/p>\n<p><!--more--><\/p>\n<p >\n<p >\n<p >\nDans&nbsp; une d&eacute;cision dat&eacute;e du 5 ao&ucirc;t, la cour a accord&eacute; &agrave; la d&eacute;fense du capitaine Ildephonse Nizeyimana de pouvoir auditionner le t&eacute;moin prot&eacute;g&eacute; BNN07 le 6 septembre prochain. Dans une d&eacute;cision s&eacute;par&eacute;e, les juges ont &eacute;galement accord&eacute; aux avocats de l'ancien ministre de la Jeunesse, Callixte Nzabonimana, le droit de pr&eacute;senter comme preuves les d&eacute;clarations &eacute;crites de trois t&eacute;moins prot&eacute;g&eacute;s appel&eacute;s T2, T73 et T103.\n<\/p>\n<p >\n<p >\nLe proc&egrave;s Nizeyimana devait initialement reprendre le 7 septembre pour l'audition des preuves en r&eacute;plique de l'accusation, apr&egrave;s que l'accus&eacute; avait fait comparaitre 38 t&eacute;moins pour une d&eacute;fense d'alibi close le 16 juin. Nizeyimana affirme en effet qu'il ne se trouvait pas &agrave; Butare en avril et en mai 1994, quand les crimes dont il est accus&eacute; ont &eacute;t&eacute; commis.\n<\/p>\n<p >\n<p >\nLe tribunal a consid&eacute;r&eacute; &laquo; dans l'int&eacute;r&ecirc;t de la justice d'autoriser la d&eacute;fense a r&eacute;-ouvrir le cas afin d'entendre le t&eacute;moin BNN07 &raquo;, qui t&eacute;moignera &agrave; propos d'&eacute;v&eacute;nements survenus au Groupe Scolaire, o&ugrave; l'accus&eacute; aurait autoris&eacute; ou encourag&eacute; des soldats de diff&eacute;rents camps &agrave; tuer des Tutsis qui y avait trouv&eacute; refuge.\n<\/p>\n<p >\n<p >\nLe red&eacute;marrage du proc&egrave;s Nzabonimana est pr&eacute;vu pour le 12 septembre avec le contre-interrogatoire des t&eacute;moins de la d&eacute;fense T2 et T73, dont les d&eacute;clarations d&eacute;crivent le climat politique dans la pr&eacute;fecture de Gitarama (centre du Rwanda) au moment des crimes all&eacute;gu&eacute;s. Selon le tribunal, &laquo; l'addition des t&eacute;moins a lieu pour la bonne cause et va dans l'int&eacute;r&ecirc;t de la justice &raquo;.\n<\/p>\n<p >\n<p >\nLa pr&eacute;sentation des preuves &agrave; d&eacute;charge dans cette affaire avait &eacute;t&eacute; close le 6 mai 2011, apr&egrave;s l'audition de 37 t&eacute;moins. Le pr&eacute;sident de la cour, Solomy Balungi Bossa, avait demand&eacute; aux parties de soumettre leurs arguments &eacute;crits finaux le 5 juillet, la date des plaidoiries orales n'ayant pas encore &eacute;t&eacute; annonc&eacute;e.\n<\/p>\n<p >\n<p >\nFK\/NI\/JC\/GF\n<\/p>\n<p>\n&copy; Agence Hirondelle<\/p>\n","protected":false},"excerpt":{"rendered":"<p>Arusha, 10 ao&ucirc;t 2011 (FH) - Le Tribunal p&eacute;nal international pour le Rwanda (TPIR) a admis des t&eacute;moignages suppl&eacute;mentaires de la d&eacute;fense dans les proc&egrave;s Nizeyimana et Nzabonimana, qui red&eacute;marrent tous deux en septembre.<\/p>\n","protected":false},"author":64,"featured_media":0,"comment_status":"open","ping_status":"closed","sticky":false,"template":"","format":"standard","meta":{"_acf_changed":false,"footnotes":""},"categories":[554],"tags":[],"ji_location":[],"class_list":["post-13546","post","type-post","status-publish","format-standard","hentry","category-hirondellenews"],"acf":[],"yoast_head":"<!-- This site is optimized with the Yoast SEO Premium plugin v25.3.1 (Yoast SEO v25.3.1) - https:\/\/yoast.com\/wordpress\/plugins\/seo\/ -->\n<title>10.08.11 - TPIR\/NIZEYIMANA - ADMISSION DE PREUVES A DECHARGE SUPPLEMENTAIRES DANS DEUX PROCES - JusticeInfo.net<\/title>\n<meta name=\"robots\" content=\"index, follow, max-snippet:-1, max-image-preview:large, max-video-preview:-1\" \/>\n<link rel=\"canonical\" href=\"https:\/\/www.justiceinfo.net\/fr\/13546-100811-tpirnizeyimana-admission-de-preuves-a-decharge-supplementaires-dans-deux-proces10361.html\" \/>\n<meta property=\"og:locale\" content=\"fr_FR\" \/>\n<meta property=\"og:type\" content=\"article\" \/>\n<meta property=\"og:title\" content=\"10.08.11 - TPIR\/NIZEYIMANA - ADMISSION DE PREUVES A DECHARGE SUPPLEMENTAIRES DANS DEUX PROCES\" \/>\n<meta property=\"og:description\" content=\"Arusha, 10 ao&ucirc;t 2011 (FH) - Le Tribunal p&eacute;nal international pour le Rwanda (TPIR) a admis des t&eacute;moignages suppl&eacute;mentaires de la d&eacute;fense dans les proc&egrave;s Nizeyimana et Nzabonimana, qui red&eacute;marrent tous deux en septembre.\" \/>\n<meta property=\"og:url\" content=\"https:\/\/www.justiceinfo.net\/fr\/13546-100811-tpirnizeyimana-admission-de-preuves-a-decharge-supplementaires-dans-deux-proces10361.html\" \/>\n<meta property=\"og:site_name\" content=\"JusticeInfo.net\" \/>\n<meta property=\"article:publisher\" content=\"https:\/\/www.facebook.com\/JusticeInfo\/\" \/>\n<meta property=\"article:published_time\" content=\"2011-08-09T22:00:00+00:00\" \/>\n<meta property=\"og:image\" content=\"https:\/\/www.justiceinfo.net\/wp-content\/uploads\/JusticeInfoNet_logo_1200x630px.jpg\" \/>\n\t<meta property=\"og:image:width\" content=\"1200\" \/>\n\t<meta property=\"og:image:height\" content=\"630\" \/>\n\t<meta property=\"og:image:type\" content=\"image\/jpeg\" \/>\n<meta name=\"author\" content=\"solivri\" \/>\n<meta name=\"twitter:card\" content=\"summary_large_image\" \/>\n<meta name=\"twitter:creator\" content=\"@justiceinfonet\" \/>\n<meta name=\"twitter:site\" content=\"@justiceinfonet\" \/>\n<meta name=\"twitter:label1\" content=\"\u00c9crit par\" \/>\n\t<meta name=\"twitter:data1\" content=\"solivri\" \/>\n\t<meta name=\"twitter:label2\" content=\"Dur\u00e9e de lecture estim\u00e9e\" \/>\n\t<meta name=\"twitter:data2\" content=\"2 minutes\" \/>\n<script type=\"application\/ld+json\" class=\"yoast-schema-graph\">{\"@context\":\"https:\/\/schema.org\",\"@graph\":[{\"@type\":\"NewsArticle\",\"@id\":\"https:\/\/www.justiceinfo.net\/fr\/13546-100811-tpirnizeyimana-admission-de-preuves-a-decharge-supplementaires-dans-deux-proces10361.html#article\",\"isPartOf\":{\"@id\":\"https:\/\/www.justiceinfo.net\/fr\/13546-100811-tpirnizeyimana-admission-de-preuves-a-decharge-supplementaires-dans-deux-proces10361.html\"},\"author\":{\"name\":\"solivri\",\"@id\":\"https:\/\/www.justiceinfo.net\/fr#\/schema\/person\/6e53cba1629e2e66f3fc1821d3091865\"},\"headline\":\"10.08.11 - TPIR\/NIZEYIMANA - ADMISSION DE PREUVES A DECHARGE SUPPLEMENTAIRES DANS DEUX PROCES\",\"datePublished\":\"2011-08-09T22:00:00+00:00\",\"mainEntityOfPage\":{\"@id\":\"https:\/\/www.justiceinfo.net\/fr\/13546-100811-tpirnizeyimana-admission-de-preuves-a-decharge-supplementaires-dans-deux-proces10361.html\"},\"wordCount\":482,\"commentCount\":0,\"publisher\":{\"@id\":\"https:\/\/www.justiceinfo.net\/fr#organization\"},\"articleSection\":[\"Hirondelle News\"],\"inLanguage\":\"fr-FR\",\"potentialAction\":[{\"@type\":\"CommentAction\",\"name\":\"Comment\",\"target\":[\"https:\/\/www.justiceinfo.net\/fr\/13546-100811-tpirnizeyimana-admission-de-preuves-a-decharge-supplementaires-dans-deux-proces10361.html#respond\"]}]},{\"@type\":\"WebPage\",\"@id\":\"https:\/\/www.justiceinfo.net\/fr\/13546-100811-tpirnizeyimana-admission-de-preuves-a-decharge-supplementaires-dans-deux-proces10361.html\",\"url\":\"https:\/\/www.justiceinfo.net\/fr\/13546-100811-tpirnizeyimana-admission-de-preuves-a-decharge-supplementaires-dans-deux-proces10361.html\",\"name\":\"10.08.11 - TPIR\/NIZEYIMANA - ADMISSION DE PREUVES A DECHARGE SUPPLEMENTAIRES DANS DEUX PROCES - JusticeInfo.net\",\"isPartOf\":{\"@id\":\"https:\/\/www.justiceinfo.net\/fr#website\"},\"datePublished\":\"2011-08-09T22:00:00+00:00\",\"breadcrumb\":{\"@id\":\"https:\/\/www.justiceinfo.net\/fr\/13546-100811-tpirnizeyimana-admission-de-preuves-a-decharge-supplementaires-dans-deux-proces10361.html#breadcrumb\"},\"inLanguage\":\"fr-FR\",\"potentialAction\":[{\"@type\":\"ReadAction\",\"target\":[\"https:\/\/www.justiceinfo.net\/fr\/13546-100811-tpirnizeyimana-admission-de-preuves-a-decharge-supplementaires-dans-deux-proces10361.html\"]}]},{\"@type\":\"BreadcrumbList\",\"@id\":\"https:\/\/www.justiceinfo.net\/fr\/13546-100811-tpirnizeyimana-admission-de-preuves-a-decharge-supplementaires-dans-deux-proces10361.html#breadcrumb\",\"itemListElement\":[{\"@type\":\"ListItem\",\"position\":1,\"name\":\"Home\",\"item\":\"https:\/\/www.justiceinfo.net\/fr\"},{\"@type\":\"ListItem\",\"position\":2,\"name\":\"10.08.11 - TPIR\/NIZEYIMANA - ADMISSION DE PREUVES A DECHARGE SUPPLEMENTAIRES DANS DEUX PROCES\"}]},{\"@type\":\"WebSite\",\"@id\":\"https:\/\/www.justiceinfo.net\/fr#website\",\"url\":\"https:\/\/www.justiceinfo.net\/fr\",\"name\":\"JusticeInfo.net\",\"description\":\"La justice doit \u00eatre vue pour \u00eatre rendue\",\"publisher\":{\"@id\":\"https:\/\/www.justiceinfo.net\/fr#organization\"},\"potentialAction\":[{\"@type\":\"SearchAction\",\"target\":{\"@type\":\"EntryPoint\",\"urlTemplate\":\"https:\/\/www.justiceinfo.net\/fr?s={search_term_string}\"},\"query-input\":{\"@type\":\"PropertyValueSpecification\",\"valueRequired\":true,\"valueName\":\"search_term_string\"}}],\"inLanguage\":\"fr-FR\"},{\"@type\":\"Organization\",\"@id\":\"https:\/\/www.justiceinfo.net\/fr#organization\",\"name\":\"Justice Info\",\"url\":\"https:\/\/www.justiceinfo.net\/fr\",\"logo\":{\"@type\":\"ImageObject\",\"inLanguage\":\"fr-FR\",\"@id\":\"https:\/\/www.justiceinfo.net\/fr#\/schema\/logo\/image\/\",\"url\":\"https:\/\/www.justiceinfo.net\/wp-content\/uploads\/justiceinfo_logo-trans_1200x1200px.png\",\"contentUrl\":\"https:\/\/www.justiceinfo.net\/wp-content\/uploads\/justiceinfo_logo-trans_1200x1200px.png\",\"width\":1199,\"height\":1200,\"caption\":\"Justice Info\"},\"image\":{\"@id\":\"https:\/\/www.justiceinfo.net\/fr#\/schema\/logo\/image\/\"},\"sameAs\":[\"https:\/\/www.facebook.com\/JusticeInfo\/\",\"https:\/\/x.com\/justiceinfonet\",\"https:\/\/www.linkedin.com\/company\/justice-info\",\"https:\/\/www.youtube.com\/channel\/UCyCEsARodyuWtkWyhn-e7pA\"]},{\"@type\":\"Person\",\"name\":\"solivri\",\"url\":\"\/fr\/?s=solivri\"}]}<\/script>\n<!-- \/ Yoast SEO Premium plugin. -->","yoast_head_json":{"title":"10.08.11 - TPIR\/NIZEYIMANA - ADMISSION DE PREUVES A DECHARGE SUPPLEMENTAIRES DANS DEUX PROCES - JusticeInfo.net","robots":{"index":"index","follow":"follow","max-snippet":"max-snippet:-1","max-image-preview":"max-image-preview:large","max-video-preview":"max-video-preview:-1"},"canonical":"https:\/\/www.justiceinfo.net\/fr\/13546-100811-tpirnizeyimana-admission-de-preuves-a-decharge-supplementaires-dans-deux-proces10361.html","og_locale":"fr_FR","og_type":"article","og_title":"10.08.11 - TPIR\/NIZEYIMANA - ADMISSION DE PREUVES A DECHARGE SUPPLEMENTAIRES DANS DEUX PROCES","og_description":"Arusha, 10 ao&ucirc;t 2011 (FH) - Le Tribunal p&eacute;nal international pour le Rwanda (TPIR) a admis des t&eacute;moignages suppl&eacute;mentaires de la d&eacute;fense dans les proc&egrave;s Nizeyimana et Nzabonimana, qui red&eacute;marrent tous deux en septembre.","og_url":"https:\/\/www.justiceinfo.net\/fr\/13546-100811-tpirnizeyimana-admission-de-preuves-a-decharge-supplementaires-dans-deux-proces10361.html","og_site_name":"JusticeInfo.net","article_publisher":"https:\/\/www.facebook.com\/JusticeInfo\/","article_published_time":"2011-08-09T22:00:00+00:00","og_image":[{"width":1200,"height":630,"url":"https:\/\/www.justiceinfo.net\/wp-content\/uploads\/JusticeInfoNet_logo_1200x630px.jpg","type":"image\/jpeg"}],"author":"solivri","twitter_card":"summary_large_image","twitter_creator":"@justiceinfonet","twitter_site":"@justiceinfonet","twitter_misc":{"\u00c9crit par":"solivri","Dur\u00e9e de lecture estim\u00e9e":"2 minutes"},"schema":{"@context":"https:\/\/schema.org","@graph":[{"@type":"NewsArticle","@id":"https:\/\/www.justiceinfo.net\/fr\/13546-100811-tpirnizeyimana-admission-de-preuves-a-decharge-supplementaires-dans-deux-proces10361.html#article","isPartOf":{"@id":"https:\/\/www.justiceinfo.net\/fr\/13546-100811-tpirnizeyimana-admission-de-preuves-a-decharge-supplementaires-dans-deux-proces10361.html"},"author":{"name":"solivri","@id":"https:\/\/www.justiceinfo.net\/fr#\/schema\/person\/6e53cba1629e2e66f3fc1821d3091865"},"headline":"10.08.11 - TPIR\/NIZEYIMANA - ADMISSION DE PREUVES A DECHARGE SUPPLEMENTAIRES DANS DEUX PROCES","datePublished":"2011-08-09T22:00:00+00:00","mainEntityOfPage":{"@id":"https:\/\/www.justiceinfo.net\/fr\/13546-100811-tpirnizeyimana-admission-de-preuves-a-decharge-supplementaires-dans-deux-proces10361.html"},"wordCount":482,"commentCount":0,"publisher":{"@id":"https:\/\/www.justiceinfo.net\/fr#organization"},"articleSection":["Hirondelle News"],"inLanguage":"fr-FR","potentialAction":[{"@type":"CommentAction","name":"Comment","target":["https:\/\/www.justiceinfo.net\/fr\/13546-100811-tpirnizeyimana-admission-de-preuves-a-decharge-supplementaires-dans-deux-proces10361.html#respond"]}]},{"@type":"WebPage","@id":"https:\/\/www.justiceinfo.net\/fr\/13546-100811-tpirnizeyimana-admission-de-preuves-a-decharge-supplementaires-dans-deux-proces10361.html","url":"https:\/\/www.justiceinfo.net\/fr\/13546-100811-tpirnizeyimana-admission-de-preuves-a-decharge-supplementaires-dans-deux-proces10361.html","name":"10.08.11 - TPIR\/NIZEYIMANA - ADMISSION DE PREUVES A DECHARGE SUPPLEMENTAIRES DANS DEUX PROCES - JusticeInfo.net","isPartOf":{"@id":"https:\/\/www.justiceinfo.net\/fr#website"},"datePublished":"2011-08-09T22:00:00+00:00","breadcrumb":{"@id":"https:\/\/www.justiceinfo.net\/fr\/13546-100811-tpirnizeyimana-admission-de-preuves-a-decharge-supplementaires-dans-deux-proces10361.html#breadcrumb"},"inLanguage":"fr-FR","potentialAction":[{"@type":"ReadAction","target":["https:\/\/www.justiceinfo.net\/fr\/13546-100811-tpirnizeyimana-admission-de-preuves-a-decharge-supplementaires-dans-deux-proces10361.html"]}]},{"@type":"BreadcrumbList","@id":"https:\/\/www.justiceinfo.net\/fr\/13546-100811-tpirnizeyimana-admission-de-preuves-a-decharge-supplementaires-dans-deux-proces10361.html#breadcrumb","itemListElement":[{"@type":"ListItem","position":1,"name":"Home","item":"https:\/\/www.justiceinfo.net\/fr"},{"@type":"ListItem","position":2,"name":"10.08.11 - TPIR\/NIZEYIMANA - ADMISSION DE PREUVES A DECHARGE SUPPLEMENTAIRES DANS DEUX PROCES"}]},{"@type":"WebSite","@id":"https:\/\/www.justiceinfo.net\/fr#website","url":"https:\/\/www.justiceinfo.net\/fr","name":"JusticeInfo.net","description":"La justice doit \u00eatre vue pour \u00eatre rendue","publisher":{"@id":"https:\/\/www.justiceinfo.net\/fr#organization"},"potentialAction":[{"@type":"SearchAction","target":{"@type":"EntryPoint","urlTemplate":"https:\/\/www.justiceinfo.net\/fr?s={search_term_string}"},"query-input":{"@type":"PropertyValueSpecification","valueRequired":true,"valueName":"search_term_string"}}],"inLanguage":"fr-FR"},{"@type":"Organization","@id":"https:\/\/www.justiceinfo.net\/fr#organization","name":"Justice Info","url":"https:\/\/www.justiceinfo.net\/fr","logo":{"@type":"ImageObject","inLanguage":"fr-FR","@id":"https:\/\/www.justiceinfo.net\/fr#\/schema\/logo\/image\/","url":"https:\/\/www.justiceinfo.net\/wp-content\/uploads\/justiceinfo_logo-trans_1200x1200px.png","contentUrl":"https:\/\/www.justiceinfo.net\/wp-content\/uploads\/justiceinfo_logo-trans_1200x1200px.png","width":1199,"height":1200,"caption":"Justice Info"},"image":{"@id":"https:\/\/www.justiceinfo.net\/fr#\/schema\/logo\/image\/"},"sameAs":["https:\/\/www.facebook.com\/JusticeInfo\/","https:\/\/x.com\/justiceinfonet","https:\/\/www.linkedin.com\/company\/justice-info","https:\/\/www.youtube.com\/channel\/UCyCEsARodyuWtkWyhn-e7pA"]},{"@type":"Person","name":"solivri","url":"\/fr\/?s=solivri"}]}},"_links":{"self":[{"href":"https:\/\/www.justiceinfo.net\/fr\/wp-json\/wp\/v2\/posts\/13546","targetHints":{"allow":["GET"]}}],"collection":[{"href":"https:\/\/www.justiceinfo.net\/fr\/wp-json\/wp\/v2\/posts"}],"about":[{"href":"https:\/\/www.justiceinfo.net\/fr\/wp-json\/wp\/v2\/types\/post"}],"author":[{"embeddable":true,"href":"https:\/\/www.justiceinfo.net\/fr\/wp-json\/wp\/v2\/users\/64"}],"replies":[{"embeddable":true,"href":"https:\/\/www.justiceinfo.net\/fr\/wp-json\/wp\/v2\/comments?post=13546"}],"version-history":[{"count":0,"href":"https:\/\/www.justiceinfo.net\/fr\/wp-json\/wp\/v2\/posts\/13546\/revisions"}],"wp:attachment":[{"href":"https:\/\/www.justiceinfo.net\/fr\/wp-json\/wp\/v2\/media?parent=13546"}],"wp:term":[{"taxonomy":"category","embeddable":true,"href":"https:\/\/www.justiceinfo.net\/fr\/wp-json\/wp\/v2\/categories?post=13546"},{"taxonomy":"post_tag","embeddable":true,"href":"https:\/\/www.justiceinfo.net\/fr\/wp-json\/wp\/v2\/tags?post=13546"},{"taxonomy":"ji_location","embeddable":true,"href":"https:\/\/www.justiceinfo.net\/fr\/wp-json\/wp\/v2\/ji_location?post=13546"}],"curies":[{"name":"wp","href":"https:\/\/api.w.org\/{rel}","templated":true}]}}