{"id":135649,"date":"2024-09-10T12:38:02","date_gmt":"2024-09-10T06:08:02","guid":{"rendered":"https:\/\/www.justiceinfo.net\/135649-la-plainte-de-la-premiere-victime-du-regime-franquiste-entendue-par-un-juge-classee-par-la-justice-espagnole.html"},"modified":"2024-09-10T16:40:02","modified_gmt":"2024-09-10T14:40:02","slug":"la-plainte-de-la-premiere-victime-du-regime-franquiste-entendue-par-un-juge-classee-par-la-justice-espagnole","status":"publish","type":"post","link":"https:\/\/www.justiceinfo.net\/fr\/135649-la-plainte-de-la-premiere-victime-du-regime-franquiste-entendue-par-un-juge-classee-par-la-justice-espagnole.html","title":{"rendered":"La plainte de la premi\u00e8re victime du r\u00e9gime franquiste entendue par un juge class\u00e9e par la justice espagnole"},"content":{"rendered":"<p>\n             Le cas de Julio Pacheco avait suscit\u00e9 l'espoir pour de nombreuses victimes du franquisme, mais la justice espagnole a class\u00e9 la premi\u00e8re et seule affaire de tortures sous le r\u00e9gime de Franco pour laquelle une enqu\u00eate avait \u00e9t\u00e9 ouverte.\n<\/p>\n<p>\n            La juge Ana Mar\u00eda Igu\u00e1cel a d\u00e9cid\u00e9 de \"classer le dossier\" sans suites dans une ordonnance rendue le 31 juillet dernier, et que l'AFP a consult\u00e9e mardi, en vertu de la prescription des faits et de la loi d'amnistie de 1977.\n<\/p>\n<p>\n            Julio Pacheco, 68 ans, avait \u00e9t\u00e9 entendu par la juge en septembre 2023, une audition in\u00e9dite puisque jusqu'ici toutes les tentatives des victimes de la dictature pour faire ouvrir une enqu\u00eate avaient \u00e9chou\u00e9: contrairement \u00e0 de nombreux autres magistrats dans d'autres cas, la juge avait en effet admis d\u00e9but 2023 la plainte de cet ancien imprimeur visant ses quatre tortionnaires pr\u00e9sum\u00e9s en raison de \"la possible existence\" de \"crimes contre l'humanit\u00e9 et tortures\" dans le dossier.\n<\/p>\n<p>\n            Lors de son audition \u00e0 huis clos \u00e9tait pr\u00e9sent un membre du nouveau parquet sp\u00e9cialis\u00e9 dans les droits humains et la m\u00e9moire d\u00e9mocratique, cr\u00e9\u00e9 r\u00e9cemment par le gouvernement de gauche de Pedro Sanchez afin de r\u00e9habiliter les victimes du franquisme.\n<\/p>\n<p>\n            Mais pour la juge, la \"jurisprudence n'a pas chang\u00e9 apr\u00e8s la promulgation\" de cette loi.\n<\/p>\n<p>\n            Joint par l'AFP, Julio Pacheco s'est dit \"tr\u00e8s en col\u00e8re\", m\u00eame s'il \u00e9tait conscient des \"faibles possibilit\u00e9s\" que son dossier connaisse une suite judiciaire. Annon\u00e7ant avoir d\u00e9j\u00e0 fait appel de la d\u00e9cision, il a assur\u00e9 qu'il \u00e9puiserait \"tous les recours possibles\".\n<\/p>\n<p>\n            Amnesty International a de son c\u00f4t\u00e9 promis dans un communiqu\u00e9 de \"continuer \u00e0 se battre pour briser le mur de l'impunit\u00e9, pour qu'il y ait des enqu\u00eates, et que soient jug\u00e9s les crimes contre l'humanit\u00e9 commis pendant le franquisme\".\n<\/p>\n<p>\n            Membre d'une organisation \u00e9tudiante antifranquiste, Julio Pacheco avait 19 ans quand il avait \u00e9t\u00e9 arr\u00eat\u00e9 \u00e0 Madrid par la police secr\u00e8te en ao\u00fbt 1975, trois mois avant la mort du \"Caudillo\" qui dirigeait alors le pays d'une main de fer depuis sa victoire dans la Guerre civile (1936-1939).\n<\/p>\n<p>\n            Tortur\u00e9 pendant plusieurs jours, selon ton t\u00e9moignage, il avait \u00e9t\u00e9 ensuite envoy\u00e9 en prison, accus\u00e9 de terrorisme.\n<\/p>\n<p>\n            - \"Billy el Ni\u00f1o\" -\n<\/p>\n<p>\n            Jusqu'ici, malgr\u00e9 les demandes insistantes des Nations unies, la justice espagnole a stopp\u00e9 net toutes les tentatives des victimes de la dictature en invoquant la prescription des faits mais surtout la loi d'amnistie de 1977.\n<\/p>\n<p>\n            Ce texte, pilier de la transition vers la d\u00e9mocratie apr\u00e8s la mort de Franco en 1975, emp\u00eache de poursuivre tout d\u00e9lit politique commis durant la dictature par des opposants, mais aussi par \"les fonctionnaires et agents de maintien de l'ordre public\".\n<\/p>\n<p>\n            Le c\u00e9l\u00e8bre magistrat Baltasar Garzon avait \u00e9t\u00e9 lui-m\u00eame poursuivi, et finalement acquitt\u00e9, pour avoir tent\u00e9 d'ouvrir une enqu\u00eate sur les crimes du franquisme.\n<\/p>\n<p>\n            Au grand d\u00e9sespoir des victimes, des tortionnaires sont morts et ne pourront jamais \u00eatre poursuivis, comme un policier surnomm\u00e9 \"Billy el Ni\u00f1o\" (\"Billy the Kid\") en raison de son habitude de faire tourner son pistolet comme un cow-boy, d\u00e9c\u00e9d\u00e9 en 2020.\n<\/p>\n<p>\n            L'\u00e9pouse de Julio Pacheco elle-m\u00eame avait accus\u00e9 ce policier de tortures. Arr\u00eat\u00e9e comme son \u00e9poux en ao\u00fbt 1975, sa plainte avait \u00e9t\u00e9 rejet\u00e9e mais elle avait \u00e9t\u00e9 entendue en septembre dernier par la juge en qualit\u00e9 de t\u00e9moin.\n<\/p>\n<p>\n            \"Ce que l'on a r\u00e9ussi, c'est d'\u00eatre entendus dans un tribunal\", a reconnu Julio Pacheco mardi. \"C'\u00e9tait la premi\u00e8re fois que \u00e7a arrivait, non? Et la juge le reconna\u00eet, elle dit que tout cela est important. (...) Mais c'est s\u00fbr, ce qu'elle dit c'est +Je ne peux pas avec cette l\u00e9gislation+\".\n<\/p>\n<p>\n            Face aux obstacles en Espagne, des associations de victimes se sont tourn\u00e9es vers l'Argentine o\u00f9 la magistrate Maria Servini a invoqu\u00e9 le principe de justice universelle pour ouvrir en 2010 une enqu\u00eate, toujours en cours, pour g\u00e9nocide et crimes contre l'humanit\u00e9 durant la Guerre civile et la dictature.\n<\/p>\n<p>\n            Mais ses vingt mandats d'arr\u00eat internationaux contre une vingtaine de repr\u00e9sentants du r\u00e9gime franquiste (ministres, juges, policiers) se sont vus opposer une fin de non-recevoir par Madrid.<\/p>\n","protected":false},"excerpt":{"rendered":"<p>Le cas de Julio Pacheco avait suscit\u00e9 l'espoir pour de nombreuses victimes du franquisme, mais la justice espagnole a class\u00e9 la premi\u00e8re et seule affaire de tortures sous le r\u00e9gime de Franco pour laquelle une enqu\u00eate avait \u00e9t\u00e9 ouverte. La juge Ana Mar\u00eda Igu\u00e1cel a d\u00e9cid\u00e9 de \"classer le dossier\" sans suites dans une ordonnance [&hellip;]<\/p>\n","protected":false},"author":60,"featured_media":0,"comment_status":"open","ping_status":"closed","sticky":false,"template":"","format":"standard","meta":{"_acf_changed":false,"footnotes":""},"categories":[2576],"tags":[],"ji_location":[],"class_list":["post-135649","post","type-post","status-publish","format-standard","hentry","category-fil-d-actualite"],"acf":[],"yoast_head":"<!-- This site is optimized with the Yoast SEO Premium plugin v25.3.1 (Yoast SEO v25.3.1) - https:\/\/yoast.com\/wordpress\/plugins\/seo\/ -->\n<title>La plainte de la premi\u00e8re victime du r\u00e9gime franquiste entendue par un juge class\u00e9e par la justice espagnole - JusticeInfo.net<\/title>\n<meta name=\"robots\" content=\"index, follow, max-snippet:-1, max-image-preview:large, max-video-preview:-1\" \/>\n<link rel=\"canonical\" href=\"https:\/\/www.justiceinfo.net\/fr\/135649-la-plainte-de-la-premiere-victime-du-regime-franquiste-entendue-par-un-juge-classee-par-la-justice-espagnole.html\" \/>\n<meta property=\"og:locale\" content=\"fr_FR\" \/>\n<meta property=\"og:type\" content=\"article\" \/>\n<meta property=\"og:title\" content=\"La plainte de la premi\u00e8re victime du r\u00e9gime franquiste entendue par un juge class\u00e9e par la justice espagnole\" \/>\n<meta property=\"og:description\" content=\"Le cas de Julio Pacheco avait suscit\u00e9 l&#039;espoir pour de nombreuses victimes du franquisme, mais la justice espagnole a class\u00e9 la premi\u00e8re et seule affaire de tortures sous le r\u00e9gime de Franco pour laquelle une enqu\u00eate avait \u00e9t\u00e9 ouverte. La juge Ana Mar\u00eda Igu\u00e1cel a d\u00e9cid\u00e9 de &quot;classer le dossier&quot; sans suites dans une ordonnance [&hellip;]\" \/>\n<meta property=\"og:url\" content=\"https:\/\/www.justiceinfo.net\/fr\/135649-la-plainte-de-la-premiere-victime-du-regime-franquiste-entendue-par-un-juge-classee-par-la-justice-espagnole.html\" \/>\n<meta property=\"og:site_name\" content=\"JusticeInfo.net\" \/>\n<meta property=\"article:publisher\" content=\"https:\/\/www.facebook.com\/JusticeInfo\/\" \/>\n<meta property=\"article:published_time\" content=\"2024-09-10T06:08:02+00:00\" \/>\n<meta property=\"article:modified_time\" content=\"2024-09-10T14:40:02+00:00\" \/>\n<meta property=\"og:image\" content=\"https:\/\/www.justiceinfo.net\/wp-content\/uploads\/JusticeInfoNet_logo_1200x630px.jpg\" \/>\n\t<meta property=\"og:image:width\" content=\"1200\" \/>\n\t<meta property=\"og:image:height\" content=\"630\" \/>\n\t<meta property=\"og:image:type\" content=\"image\/jpeg\" \/>\n<meta name=\"author\" content=\"afp\" \/>\n<meta name=\"twitter:card\" content=\"summary_large_image\" \/>\n<meta name=\"twitter:creator\" content=\"@justiceinfonet\" \/>\n<meta name=\"twitter:site\" content=\"@justiceinfonet\" \/>\n<meta name=\"twitter:label1\" content=\"\u00c9crit par\" \/>\n\t<meta name=\"twitter:data1\" content=\"afp\" \/>\n\t<meta name=\"twitter:label2\" content=\"Dur\u00e9e de lecture estim\u00e9e\" \/>\n\t<meta name=\"twitter:data2\" content=\"4 minutes\" \/>\n<script type=\"application\/ld+json\" class=\"yoast-schema-graph\">{\"@context\":\"https:\/\/schema.org\",\"@graph\":[{\"@type\":\"NewsArticle\",\"@id\":\"https:\/\/www.justiceinfo.net\/fr\/135649-la-plainte-de-la-premiere-victime-du-regime-franquiste-entendue-par-un-juge-classee-par-la-justice-espagnole.html#article\",\"isPartOf\":{\"@id\":\"https:\/\/www.justiceinfo.net\/fr\/135649-la-plainte-de-la-premiere-victime-du-regime-franquiste-entendue-par-un-juge-classee-par-la-justice-espagnole.html\"},\"author\":{\"name\":\"afp\",\"@id\":\"https:\/\/www.justiceinfo.net\/fr#\/schema\/person\/713d340ef5f218fc36ce9b4244364a7f\"},\"headline\":\"La plainte de la premi\u00e8re victime du r\u00e9gime franquiste entendue par un juge class\u00e9e par la justice espagnole\",\"datePublished\":\"2024-09-10T06:08:02+00:00\",\"dateModified\":\"2024-09-10T14:40:02+00:00\",\"mainEntityOfPage\":{\"@id\":\"https:\/\/www.justiceinfo.net\/fr\/135649-la-plainte-de-la-premiere-victime-du-regime-franquiste-entendue-par-un-juge-classee-par-la-justice-espagnole.html\"},\"wordCount\":763,\"commentCount\":0,\"publisher\":{\"@id\":\"https:\/\/www.justiceinfo.net\/fr#organization\"},\"articleSection\":[\"Fil d'info AFP\"],\"inLanguage\":\"fr-FR\",\"potentialAction\":[{\"@type\":\"CommentAction\",\"name\":\"Comment\",\"target\":[\"https:\/\/www.justiceinfo.net\/fr\/135649-la-plainte-de-la-premiere-victime-du-regime-franquiste-entendue-par-un-juge-classee-par-la-justice-espagnole.html#respond\"]}]},{\"@type\":\"WebPage\",\"@id\":\"https:\/\/www.justiceinfo.net\/fr\/135649-la-plainte-de-la-premiere-victime-du-regime-franquiste-entendue-par-un-juge-classee-par-la-justice-espagnole.html\",\"url\":\"https:\/\/www.justiceinfo.net\/fr\/135649-la-plainte-de-la-premiere-victime-du-regime-franquiste-entendue-par-un-juge-classee-par-la-justice-espagnole.html\",\"name\":\"La plainte de la premi\u00e8re victime du r\u00e9gime franquiste entendue par un juge class\u00e9e par la justice espagnole - JusticeInfo.net\",\"isPartOf\":{\"@id\":\"https:\/\/www.justiceinfo.net\/fr#website\"},\"datePublished\":\"2024-09-10T06:08:02+00:00\",\"dateModified\":\"2024-09-10T14:40:02+00:00\",\"breadcrumb\":{\"@id\":\"https:\/\/www.justiceinfo.net\/fr\/135649-la-plainte-de-la-premiere-victime-du-regime-franquiste-entendue-par-un-juge-classee-par-la-justice-espagnole.html#breadcrumb\"},\"inLanguage\":\"fr-FR\",\"potentialAction\":[{\"@type\":\"ReadAction\",\"target\":[\"https:\/\/www.justiceinfo.net\/fr\/135649-la-plainte-de-la-premiere-victime-du-regime-franquiste-entendue-par-un-juge-classee-par-la-justice-espagnole.html\"]}]},{\"@type\":\"BreadcrumbList\",\"@id\":\"https:\/\/www.justiceinfo.net\/fr\/135649-la-plainte-de-la-premiere-victime-du-regime-franquiste-entendue-par-un-juge-classee-par-la-justice-espagnole.html#breadcrumb\",\"itemListElement\":[{\"@type\":\"ListItem\",\"position\":1,\"name\":\"Home\",\"item\":\"https:\/\/www.justiceinfo.net\/fr\"},{\"@type\":\"ListItem\",\"position\":2,\"name\":\"La plainte de la premi\u00e8re victime du r\u00e9gime franquiste entendue par un juge class\u00e9e par la justice espagnole\"}]},{\"@type\":\"WebSite\",\"@id\":\"https:\/\/www.justiceinfo.net\/fr#website\",\"url\":\"https:\/\/www.justiceinfo.net\/fr\",\"name\":\"JusticeInfo.net\",\"description\":\"La justice doit \u00eatre vue pour \u00eatre rendue\",\"publisher\":{\"@id\":\"https:\/\/www.justiceinfo.net\/fr#organization\"},\"potentialAction\":[{\"@type\":\"SearchAction\",\"target\":{\"@type\":\"EntryPoint\",\"urlTemplate\":\"https:\/\/www.justiceinfo.net\/fr?s={search_term_string}\"},\"query-input\":{\"@type\":\"PropertyValueSpecification\",\"valueRequired\":true,\"valueName\":\"search_term_string\"}}],\"inLanguage\":\"fr-FR\"},{\"@type\":\"Organization\",\"@id\":\"https:\/\/www.justiceinfo.net\/fr#organization\",\"name\":\"Justice Info\",\"url\":\"https:\/\/www.justiceinfo.net\/fr\",\"logo\":{\"@type\":\"ImageObject\",\"inLanguage\":\"fr-FR\",\"@id\":\"https:\/\/www.justiceinfo.net\/fr#\/schema\/logo\/image\/\",\"url\":\"https:\/\/www.justiceinfo.net\/wp-content\/uploads\/justiceinfo_logo-trans_1200x1200px.png\",\"contentUrl\":\"https:\/\/www.justiceinfo.net\/wp-content\/uploads\/justiceinfo_logo-trans_1200x1200px.png\",\"width\":1199,\"height\":1200,\"caption\":\"Justice Info\"},\"image\":{\"@id\":\"https:\/\/www.justiceinfo.net\/fr#\/schema\/logo\/image\/\"},\"sameAs\":[\"https:\/\/www.facebook.com\/JusticeInfo\/\",\"https:\/\/x.com\/justiceinfonet\",\"https:\/\/www.linkedin.com\/company\/justice-info\",\"https:\/\/www.youtube.com\/channel\/UCyCEsARodyuWtkWyhn-e7pA\"]},{\"@type\":\"Person\",\"name\":\"afp\",\"url\":\"\/fr\/?s=afp\"}]}<\/script>\n<!-- \/ Yoast SEO Premium plugin. -->","yoast_head_json":{"title":"La plainte de la premi\u00e8re victime du r\u00e9gime franquiste entendue par un juge class\u00e9e par la justice espagnole - JusticeInfo.net","robots":{"index":"index","follow":"follow","max-snippet":"max-snippet:-1","max-image-preview":"max-image-preview:large","max-video-preview":"max-video-preview:-1"},"canonical":"https:\/\/www.justiceinfo.net\/fr\/135649-la-plainte-de-la-premiere-victime-du-regime-franquiste-entendue-par-un-juge-classee-par-la-justice-espagnole.html","og_locale":"fr_FR","og_type":"article","og_title":"La plainte de la premi\u00e8re victime du r\u00e9gime franquiste entendue par un juge class\u00e9e par la justice espagnole","og_description":"Le cas de Julio Pacheco avait suscit\u00e9 l'espoir pour de nombreuses victimes du franquisme, mais la justice espagnole a class\u00e9 la premi\u00e8re et seule affaire de tortures sous le r\u00e9gime de Franco pour laquelle une enqu\u00eate avait \u00e9t\u00e9 ouverte. La juge Ana Mar\u00eda Igu\u00e1cel a d\u00e9cid\u00e9 de \"classer le dossier\" sans suites dans une ordonnance [&hellip;]","og_url":"https:\/\/www.justiceinfo.net\/fr\/135649-la-plainte-de-la-premiere-victime-du-regime-franquiste-entendue-par-un-juge-classee-par-la-justice-espagnole.html","og_site_name":"JusticeInfo.net","article_publisher":"https:\/\/www.facebook.com\/JusticeInfo\/","article_published_time":"2024-09-10T06:08:02+00:00","article_modified_time":"2024-09-10T14:40:02+00:00","og_image":[{"width":1200,"height":630,"url":"https:\/\/www.justiceinfo.net\/wp-content\/uploads\/JusticeInfoNet_logo_1200x630px.jpg","type":"image\/jpeg"}],"author":"afp","twitter_card":"summary_large_image","twitter_creator":"@justiceinfonet","twitter_site":"@justiceinfonet","twitter_misc":{"\u00c9crit par":"afp","Dur\u00e9e de lecture estim\u00e9e":"4 minutes"},"schema":{"@context":"https:\/\/schema.org","@graph":[{"@type":"NewsArticle","@id":"https:\/\/www.justiceinfo.net\/fr\/135649-la-plainte-de-la-premiere-victime-du-regime-franquiste-entendue-par-un-juge-classee-par-la-justice-espagnole.html#article","isPartOf":{"@id":"https:\/\/www.justiceinfo.net\/fr\/135649-la-plainte-de-la-premiere-victime-du-regime-franquiste-entendue-par-un-juge-classee-par-la-justice-espagnole.html"},"author":{"name":"afp","@id":"https:\/\/www.justiceinfo.net\/fr#\/schema\/person\/713d340ef5f218fc36ce9b4244364a7f"},"headline":"La plainte de la premi\u00e8re victime du r\u00e9gime franquiste entendue par un juge class\u00e9e par la justice espagnole","datePublished":"2024-09-10T06:08:02+00:00","dateModified":"2024-09-10T14:40:02+00:00","mainEntityOfPage":{"@id":"https:\/\/www.justiceinfo.net\/fr\/135649-la-plainte-de-la-premiere-victime-du-regime-franquiste-entendue-par-un-juge-classee-par-la-justice-espagnole.html"},"wordCount":763,"commentCount":0,"publisher":{"@id":"https:\/\/www.justiceinfo.net\/fr#organization"},"articleSection":["Fil d'info AFP"],"inLanguage":"fr-FR","potentialAction":[{"@type":"CommentAction","name":"Comment","target":["https:\/\/www.justiceinfo.net\/fr\/135649-la-plainte-de-la-premiere-victime-du-regime-franquiste-entendue-par-un-juge-classee-par-la-justice-espagnole.html#respond"]}]},{"@type":"WebPage","@id":"https:\/\/www.justiceinfo.net\/fr\/135649-la-plainte-de-la-premiere-victime-du-regime-franquiste-entendue-par-un-juge-classee-par-la-justice-espagnole.html","url":"https:\/\/www.justiceinfo.net\/fr\/135649-la-plainte-de-la-premiere-victime-du-regime-franquiste-entendue-par-un-juge-classee-par-la-justice-espagnole.html","name":"La plainte de la premi\u00e8re victime du r\u00e9gime franquiste entendue par un juge class\u00e9e par la justice espagnole - JusticeInfo.net","isPartOf":{"@id":"https:\/\/www.justiceinfo.net\/fr#website"},"datePublished":"2024-09-10T06:08:02+00:00","dateModified":"2024-09-10T14:40:02+00:00","breadcrumb":{"@id":"https:\/\/www.justiceinfo.net\/fr\/135649-la-plainte-de-la-premiere-victime-du-regime-franquiste-entendue-par-un-juge-classee-par-la-justice-espagnole.html#breadcrumb"},"inLanguage":"fr-FR","potentialAction":[{"@type":"ReadAction","target":["https:\/\/www.justiceinfo.net\/fr\/135649-la-plainte-de-la-premiere-victime-du-regime-franquiste-entendue-par-un-juge-classee-par-la-justice-espagnole.html"]}]},{"@type":"BreadcrumbList","@id":"https:\/\/www.justiceinfo.net\/fr\/135649-la-plainte-de-la-premiere-victime-du-regime-franquiste-entendue-par-un-juge-classee-par-la-justice-espagnole.html#breadcrumb","itemListElement":[{"@type":"ListItem","position":1,"name":"Home","item":"https:\/\/www.justiceinfo.net\/fr"},{"@type":"ListItem","position":2,"name":"La plainte de la premi\u00e8re victime du r\u00e9gime franquiste entendue par un juge class\u00e9e par la justice espagnole"}]},{"@type":"WebSite","@id":"https:\/\/www.justiceinfo.net\/fr#website","url":"https:\/\/www.justiceinfo.net\/fr","name":"JusticeInfo.net","description":"La justice doit \u00eatre vue pour \u00eatre rendue","publisher":{"@id":"https:\/\/www.justiceinfo.net\/fr#organization"},"potentialAction":[{"@type":"SearchAction","target":{"@type":"EntryPoint","urlTemplate":"https:\/\/www.justiceinfo.net\/fr?s={search_term_string}"},"query-input":{"@type":"PropertyValueSpecification","valueRequired":true,"valueName":"search_term_string"}}],"inLanguage":"fr-FR"},{"@type":"Organization","@id":"https:\/\/www.justiceinfo.net\/fr#organization","name":"Justice Info","url":"https:\/\/www.justiceinfo.net\/fr","logo":{"@type":"ImageObject","inLanguage":"fr-FR","@id":"https:\/\/www.justiceinfo.net\/fr#\/schema\/logo\/image\/","url":"https:\/\/www.justiceinfo.net\/wp-content\/uploads\/justiceinfo_logo-trans_1200x1200px.png","contentUrl":"https:\/\/www.justiceinfo.net\/wp-content\/uploads\/justiceinfo_logo-trans_1200x1200px.png","width":1199,"height":1200,"caption":"Justice Info"},"image":{"@id":"https:\/\/www.justiceinfo.net\/fr#\/schema\/logo\/image\/"},"sameAs":["https:\/\/www.facebook.com\/JusticeInfo\/","https:\/\/x.com\/justiceinfonet","https:\/\/www.linkedin.com\/company\/justice-info","https:\/\/www.youtube.com\/channel\/UCyCEsARodyuWtkWyhn-e7pA"]},{"@type":"Person","name":"afp","url":"\/fr\/?s=afp"}]}},"_links":{"self":[{"href":"https:\/\/www.justiceinfo.net\/fr\/wp-json\/wp\/v2\/posts\/135649","targetHints":{"allow":["GET"]}}],"collection":[{"href":"https:\/\/www.justiceinfo.net\/fr\/wp-json\/wp\/v2\/posts"}],"about":[{"href":"https:\/\/www.justiceinfo.net\/fr\/wp-json\/wp\/v2\/types\/post"}],"author":[{"embeddable":true,"href":"https:\/\/www.justiceinfo.net\/fr\/wp-json\/wp\/v2\/users\/60"}],"replies":[{"embeddable":true,"href":"https:\/\/www.justiceinfo.net\/fr\/wp-json\/wp\/v2\/comments?post=135649"}],"version-history":[{"count":2,"href":"https:\/\/www.justiceinfo.net\/fr\/wp-json\/wp\/v2\/posts\/135649\/revisions"}],"predecessor-version":[{"id":135658,"href":"https:\/\/www.justiceinfo.net\/fr\/wp-json\/wp\/v2\/posts\/135649\/revisions\/135658"}],"wp:attachment":[{"href":"https:\/\/www.justiceinfo.net\/fr\/wp-json\/wp\/v2\/media?parent=135649"}],"wp:term":[{"taxonomy":"category","embeddable":true,"href":"https:\/\/www.justiceinfo.net\/fr\/wp-json\/wp\/v2\/categories?post=135649"},{"taxonomy":"post_tag","embeddable":true,"href":"https:\/\/www.justiceinfo.net\/fr\/wp-json\/wp\/v2\/tags?post=135649"},{"taxonomy":"ji_location","embeddable":true,"href":"https:\/\/www.justiceinfo.net\/fr\/wp-json\/wp\/v2\/ji_location?post=135649"}],"curies":[{"name":"wp","href":"https:\/\/api.w.org\/{rel}","templated":true}]}}