{"id":13602,"date":"2011-09-21T00:00:00","date_gmt":"2011-09-20T22:00:00","guid":{"rendered":"https:\/\/www.justiceinfo.net\/13602-210911-cpimbarushimana-les-victimes-des-fdlr-l-vivent-toujours-dans-la-peur-r10417.html"},"modified":"2011-09-21T00:00:00","modified_gmt":"2011-09-20T22:00:00","slug":"210911-cpimbarushimana-les-victimes-des-fdlr-l-vivent-toujours-dans-la-peur-r10417","status":"publish","type":"post","link":"https:\/\/www.justiceinfo.net\/fr\/13602-210911-cpimbarushimana-les-victimes-des-fdlr-l-vivent-toujours-dans-la-peur-r10417.html","title":{"rendered":"21.09.11 - CPI\/MBARUSHIMANA - LES VICTIMES DES FDLR \u00ab VIVENT TOUJOURS DANS LA PEUR \u00bb"},"content":{"rendered":"<p>\nLa Haye, 21 septembre 2011 (FH) - Les victimes autoris&eacute;es &agrave; participer aux audiences de confirmation des charges dans l'affaire Callixte Mbarushimana vivent toujours dans la peur, selon Ma&icirc;tre Ghislain Mabanga qui repr&eacute;sente la plupart d'entre elles.\n<\/p>\n<p><!--more--><\/p>\n<p >\n<p >\n<p >\nSecr&eacute;taire ex&eacute;cutif des Forces d&eacute;mocratiques de lib&eacute;ration du Rwanda (FDLR), le suspect est poursuivi pour crimes contre l'humanit&eacute; et crimes de guerre commis en 2009 dans les deux Kivus, dans l'est de la R&eacute;publique d&eacute;mocratique du Congo (RDC), par des combattants de son mouvement.\n<\/p>\n<p >\n<p >\n&laquo; Les victimes m'ont demand&eacute; de les aider &agrave; participer &agrave; l'affaire pour faire entendre leur voix. Cela fait plus de dix ans qu'elles vivent dans la peur. Ces victimes veulent exprimer leurs angoisses et leurs craintes devant la Cour p&eacute;nale internationale &raquo; a indiqu&eacute; Me Mabanga, dans un entretien avec l'agence Hirondelle.\n<\/p>\n<p >\n<p >\nInscrit au barreau de Paris, l'avocat congolais repr&eacute;sente 93 des 130 victimes autoris&eacute;es &agrave; participer aux audiences de confirmation des charges port&eacute;es contre l'informaticien rwandais.\n<\/p>\n<p >\n<p >\nPour le procureur, le suspect &eacute;tait charg&eacute; de la propagande de son organisation dans le cadre d'un plan destin&eacute; &agrave; s'emparer du pouvoir &agrave; Kigali.\n<\/p>\n<p >\n<p >\nPar peur de repr&eacute;sailles, les victimes de ces exactions des FDLR, restent pour la plupart anonymes.\n<\/p>\n<p >\n<p >\n&laquo; Ce syst&egrave;me est d'abord fait pour les prot&eacute;ger. Elles ont peur des FDLR. Les FDLR agissent toujours et les troupes congolaises ne contr&ocirc;lent pas cette partie du pays. Si ces victimes devaient se manifester publiquement, les repr&eacute;sailles seraient imm&eacute;diates &raquo;, explique Me Mabanga.\n<\/p>\n<p >\n<p >\n&laquo; Pendant que leur chef est arr&ecirc;t&eacute; ici, les FDLR continuent &agrave; commettre impun&eacute;ment des exactions &raquo;, poursuit l'avocat qui envisage, cependant, de citer comme t&eacute;moins certaines de ces victimes si la chambre d&eacute;cide de confirmer les charges et de renvoyer Mbarushimana en proc&egrave;s.\n<\/p>\n<p >\n<p >\nAbordant le dossier en soi, Me Mabanga le trouve solide. &laquo; J'ai eu &agrave; prendre connaissance des &eacute;l&eacute;ments de preuves qui ont &eacute;t&eacute; produits par l'accusation. Ce sont des &eacute;l&eacute;ments s&eacute;rieux. La tactique des FDLR consistait &agrave; nier syst&eacute;matiquement les crimes qu'ils ont eux-m&ecirc;mes organis&eacute;s &raquo;, affirme l'avocat. Le dossier repose essentiellement sur des communiqu&eacute;s de presse diffus&eacute;s par le suspect et des entretiens accord&eacute;s aux m&eacute;dias.\n<\/p>\n<p >\n<p >\nPour l'avocat congolais, &laquo; la responsabilit&eacute; p&eacute;nale de Monsieur Mbarushimana ne fait pas l'ombre d'un doute &raquo;. &laquo; Callixte Mbarushimana &eacute;tait dans les plus hautes sph&egrave;res du pouvoir des FDLR. Ce n'&eacute;tait pas un maillon faible de la cha&icirc;ne. C'est quelqu'un qui avait le pouvoir et qui en a us&eacute;. Il a une grande responsabilit&eacute; dans ce qui est arriv&eacute; &agrave; mes clients &raquo;, ass&egrave;ne Me Mabanga.\n<\/p>\n<p >\n<p >\nLe pr&eacute;sident des FDLR, Ignace Murwanashyaka et son adjoint Straton Musoni, sont poursuivis pour crimes contre l'humanit&eacute; et crimes de guerre devant un tribunal de Stuttgart en Allemagne tandis que le chef militaire de l'organisation, le g&eacute;n&eacute;ral Sylvestre Mudacumura, continue de planifier les op&eacute;rations de ses hommes.\n<\/p>\n<p >\nSM-ER\/GF\n<\/p>\n<p >\n<p>\n&copy; Agence Hirondelle<\/p>\n","protected":false},"excerpt":{"rendered":"<p>La Haye, 21 septembre 2011 (FH) - Les victimes autoris&eacute;es &agrave; participer aux audiences de confirmation des charges dans l'affaire Callixte Mbarushimana vivent toujours dans la peur, selon Ma&icirc;tre Ghislain Mabanga qui repr&eacute;sente la plupart d'entre elles.<\/p>\n","protected":false},"author":64,"featured_media":0,"comment_status":"open","ping_status":"closed","sticky":false,"template":"","format":"standard","meta":{"_acf_changed":false,"footnotes":""},"categories":[554],"tags":[],"ji_location":[],"class_list":["post-13602","post","type-post","status-publish","format-standard","hentry","category-hirondellenews"],"acf":[],"yoast_head":"<!-- This site is optimized with the Yoast SEO Premium plugin v25.3.1 (Yoast SEO v25.3.1) - https:\/\/yoast.com\/wordpress\/plugins\/seo\/ -->\n<title>21.09.11 - CPI\/MBARUSHIMANA - LES VICTIMES DES FDLR \u00ab VIVENT TOUJOURS DANS LA PEUR \u00bb - JusticeInfo.net<\/title>\n<meta name=\"robots\" content=\"index, follow, max-snippet:-1, max-image-preview:large, max-video-preview:-1\" \/>\n<link rel=\"canonical\" href=\"https:\/\/www.justiceinfo.net\/fr\/13602-210911-cpimbarushimana-les-victimes-des-fdlr-l-vivent-toujours-dans-la-peur-r10417.html\" \/>\n<meta property=\"og:locale\" content=\"fr_FR\" \/>\n<meta property=\"og:type\" content=\"article\" \/>\n<meta property=\"og:title\" content=\"21.09.11 - CPI\/MBARUSHIMANA - LES VICTIMES DES FDLR \u00ab VIVENT TOUJOURS DANS LA PEUR \u00bb\" \/>\n<meta property=\"og:description\" content=\"La Haye, 21 septembre 2011 (FH) - Les victimes autoris&eacute;es &agrave; participer aux audiences de confirmation des charges dans l&#039;affaire Callixte Mbarushimana vivent toujours dans la peur, selon Ma&icirc;tre Ghislain Mabanga qui repr&eacute;sente la plupart d&#039;entre elles.\" \/>\n<meta property=\"og:url\" content=\"https:\/\/www.justiceinfo.net\/fr\/13602-210911-cpimbarushimana-les-victimes-des-fdlr-l-vivent-toujours-dans-la-peur-r10417.html\" \/>\n<meta property=\"og:site_name\" content=\"JusticeInfo.net\" \/>\n<meta property=\"article:publisher\" content=\"https:\/\/www.facebook.com\/JusticeInfo\/\" \/>\n<meta property=\"article:published_time\" content=\"2011-09-20T22:00:00+00:00\" \/>\n<meta property=\"og:image\" content=\"https:\/\/www.justiceinfo.net\/wp-content\/uploads\/JusticeInfoNet_logo_1200x630px.jpg\" \/>\n\t<meta property=\"og:image:width\" content=\"1200\" \/>\n\t<meta property=\"og:image:height\" content=\"630\" \/>\n\t<meta property=\"og:image:type\" content=\"image\/jpeg\" \/>\n<meta name=\"author\" content=\"solivri\" \/>\n<meta name=\"twitter:card\" content=\"summary_large_image\" \/>\n<meta name=\"twitter:creator\" content=\"@justiceinfonet\" \/>\n<meta name=\"twitter:site\" content=\"@justiceinfonet\" \/>\n<meta name=\"twitter:label1\" content=\"\u00c9crit par\" \/>\n\t<meta name=\"twitter:data1\" content=\"solivri\" \/>\n\t<meta name=\"twitter:label2\" content=\"Dur\u00e9e de lecture estim\u00e9e\" \/>\n\t<meta name=\"twitter:data2\" content=\"3 minutes\" \/>\n<script type=\"application\/ld+json\" class=\"yoast-schema-graph\">{\"@context\":\"https:\/\/schema.org\",\"@graph\":[{\"@type\":\"NewsArticle\",\"@id\":\"https:\/\/www.justiceinfo.net\/fr\/13602-210911-cpimbarushimana-les-victimes-des-fdlr-l-vivent-toujours-dans-la-peur-r10417.html#article\",\"isPartOf\":{\"@id\":\"https:\/\/www.justiceinfo.net\/fr\/13602-210911-cpimbarushimana-les-victimes-des-fdlr-l-vivent-toujours-dans-la-peur-r10417.html\"},\"author\":{\"name\":\"solivri\",\"@id\":\"https:\/\/www.justiceinfo.net\/fr#\/schema\/person\/6e53cba1629e2e66f3fc1821d3091865\"},\"headline\":\"21.09.11 - CPI\/MBARUSHIMANA - LES VICTIMES DES FDLR \u00ab VIVENT TOUJOURS DANS LA PEUR \u00bb\",\"datePublished\":\"2011-09-20T22:00:00+00:00\",\"mainEntityOfPage\":{\"@id\":\"https:\/\/www.justiceinfo.net\/fr\/13602-210911-cpimbarushimana-les-victimes-des-fdlr-l-vivent-toujours-dans-la-peur-r10417.html\"},\"wordCount\":610,\"commentCount\":0,\"publisher\":{\"@id\":\"https:\/\/www.justiceinfo.net\/fr#organization\"},\"articleSection\":[\"Hirondelle News\"],\"inLanguage\":\"fr-FR\",\"potentialAction\":[{\"@type\":\"CommentAction\",\"name\":\"Comment\",\"target\":[\"https:\/\/www.justiceinfo.net\/fr\/13602-210911-cpimbarushimana-les-victimes-des-fdlr-l-vivent-toujours-dans-la-peur-r10417.html#respond\"]}]},{\"@type\":\"WebPage\",\"@id\":\"https:\/\/www.justiceinfo.net\/fr\/13602-210911-cpimbarushimana-les-victimes-des-fdlr-l-vivent-toujours-dans-la-peur-r10417.html\",\"url\":\"https:\/\/www.justiceinfo.net\/fr\/13602-210911-cpimbarushimana-les-victimes-des-fdlr-l-vivent-toujours-dans-la-peur-r10417.html\",\"name\":\"21.09.11 - CPI\/MBARUSHIMANA - LES VICTIMES DES FDLR \u00ab VIVENT TOUJOURS DANS LA PEUR \u00bb - JusticeInfo.net\",\"isPartOf\":{\"@id\":\"https:\/\/www.justiceinfo.net\/fr#website\"},\"datePublished\":\"2011-09-20T22:00:00+00:00\",\"breadcrumb\":{\"@id\":\"https:\/\/www.justiceinfo.net\/fr\/13602-210911-cpimbarushimana-les-victimes-des-fdlr-l-vivent-toujours-dans-la-peur-r10417.html#breadcrumb\"},\"inLanguage\":\"fr-FR\",\"potentialAction\":[{\"@type\":\"ReadAction\",\"target\":[\"https:\/\/www.justiceinfo.net\/fr\/13602-210911-cpimbarushimana-les-victimes-des-fdlr-l-vivent-toujours-dans-la-peur-r10417.html\"]}]},{\"@type\":\"BreadcrumbList\",\"@id\":\"https:\/\/www.justiceinfo.net\/fr\/13602-210911-cpimbarushimana-les-victimes-des-fdlr-l-vivent-toujours-dans-la-peur-r10417.html#breadcrumb\",\"itemListElement\":[{\"@type\":\"ListItem\",\"position\":1,\"name\":\"Home\",\"item\":\"https:\/\/www.justiceinfo.net\/fr\"},{\"@type\":\"ListItem\",\"position\":2,\"name\":\"21.09.11 - CPI\/MBARUSHIMANA - LES VICTIMES DES FDLR \u00ab VIVENT TOUJOURS DANS LA PEUR \u00bb\"}]},{\"@type\":\"WebSite\",\"@id\":\"https:\/\/www.justiceinfo.net\/fr#website\",\"url\":\"https:\/\/www.justiceinfo.net\/fr\",\"name\":\"JusticeInfo.net\",\"description\":\"La justice doit \u00eatre vue pour \u00eatre rendue\",\"publisher\":{\"@id\":\"https:\/\/www.justiceinfo.net\/fr#organization\"},\"potentialAction\":[{\"@type\":\"SearchAction\",\"target\":{\"@type\":\"EntryPoint\",\"urlTemplate\":\"https:\/\/www.justiceinfo.net\/fr?s={search_term_string}\"},\"query-input\":{\"@type\":\"PropertyValueSpecification\",\"valueRequired\":true,\"valueName\":\"search_term_string\"}}],\"inLanguage\":\"fr-FR\"},{\"@type\":\"Organization\",\"@id\":\"https:\/\/www.justiceinfo.net\/fr#organization\",\"name\":\"Justice Info\",\"url\":\"https:\/\/www.justiceinfo.net\/fr\",\"logo\":{\"@type\":\"ImageObject\",\"inLanguage\":\"fr-FR\",\"@id\":\"https:\/\/www.justiceinfo.net\/fr#\/schema\/logo\/image\/\",\"url\":\"https:\/\/www.justiceinfo.net\/wp-content\/uploads\/justiceinfo_logo-trans_1200x1200px.png\",\"contentUrl\":\"https:\/\/www.justiceinfo.net\/wp-content\/uploads\/justiceinfo_logo-trans_1200x1200px.png\",\"width\":1199,\"height\":1200,\"caption\":\"Justice Info\"},\"image\":{\"@id\":\"https:\/\/www.justiceinfo.net\/fr#\/schema\/logo\/image\/\"},\"sameAs\":[\"https:\/\/www.facebook.com\/JusticeInfo\/\",\"https:\/\/x.com\/justiceinfonet\",\"https:\/\/www.linkedin.com\/company\/justice-info\",\"https:\/\/www.youtube.com\/channel\/UCyCEsARodyuWtkWyhn-e7pA\"]},{\"@type\":\"Person\",\"name\":\"solivri\",\"url\":\"\/fr\/?s=solivri\"}]}<\/script>\n<!-- \/ Yoast SEO Premium plugin. -->","yoast_head_json":{"title":"21.09.11 - CPI\/MBARUSHIMANA - LES VICTIMES DES FDLR \u00ab VIVENT TOUJOURS DANS LA PEUR \u00bb - JusticeInfo.net","robots":{"index":"index","follow":"follow","max-snippet":"max-snippet:-1","max-image-preview":"max-image-preview:large","max-video-preview":"max-video-preview:-1"},"canonical":"https:\/\/www.justiceinfo.net\/fr\/13602-210911-cpimbarushimana-les-victimes-des-fdlr-l-vivent-toujours-dans-la-peur-r10417.html","og_locale":"fr_FR","og_type":"article","og_title":"21.09.11 - CPI\/MBARUSHIMANA - LES VICTIMES DES FDLR \u00ab VIVENT TOUJOURS DANS LA PEUR \u00bb","og_description":"La Haye, 21 septembre 2011 (FH) - Les victimes autoris&eacute;es &agrave; participer aux audiences de confirmation des charges dans l'affaire Callixte Mbarushimana vivent toujours dans la peur, selon Ma&icirc;tre Ghislain Mabanga qui repr&eacute;sente la plupart d'entre elles.","og_url":"https:\/\/www.justiceinfo.net\/fr\/13602-210911-cpimbarushimana-les-victimes-des-fdlr-l-vivent-toujours-dans-la-peur-r10417.html","og_site_name":"JusticeInfo.net","article_publisher":"https:\/\/www.facebook.com\/JusticeInfo\/","article_published_time":"2011-09-20T22:00:00+00:00","og_image":[{"width":1200,"height":630,"url":"https:\/\/www.justiceinfo.net\/wp-content\/uploads\/JusticeInfoNet_logo_1200x630px.jpg","type":"image\/jpeg"}],"author":"solivri","twitter_card":"summary_large_image","twitter_creator":"@justiceinfonet","twitter_site":"@justiceinfonet","twitter_misc":{"\u00c9crit par":"solivri","Dur\u00e9e de lecture estim\u00e9e":"3 minutes"},"schema":{"@context":"https:\/\/schema.org","@graph":[{"@type":"NewsArticle","@id":"https:\/\/www.justiceinfo.net\/fr\/13602-210911-cpimbarushimana-les-victimes-des-fdlr-l-vivent-toujours-dans-la-peur-r10417.html#article","isPartOf":{"@id":"https:\/\/www.justiceinfo.net\/fr\/13602-210911-cpimbarushimana-les-victimes-des-fdlr-l-vivent-toujours-dans-la-peur-r10417.html"},"author":{"name":"solivri","@id":"https:\/\/www.justiceinfo.net\/fr#\/schema\/person\/6e53cba1629e2e66f3fc1821d3091865"},"headline":"21.09.11 - CPI\/MBARUSHIMANA - LES VICTIMES DES FDLR \u00ab VIVENT TOUJOURS DANS LA PEUR \u00bb","datePublished":"2011-09-20T22:00:00+00:00","mainEntityOfPage":{"@id":"https:\/\/www.justiceinfo.net\/fr\/13602-210911-cpimbarushimana-les-victimes-des-fdlr-l-vivent-toujours-dans-la-peur-r10417.html"},"wordCount":610,"commentCount":0,"publisher":{"@id":"https:\/\/www.justiceinfo.net\/fr#organization"},"articleSection":["Hirondelle News"],"inLanguage":"fr-FR","potentialAction":[{"@type":"CommentAction","name":"Comment","target":["https:\/\/www.justiceinfo.net\/fr\/13602-210911-cpimbarushimana-les-victimes-des-fdlr-l-vivent-toujours-dans-la-peur-r10417.html#respond"]}]},{"@type":"WebPage","@id":"https:\/\/www.justiceinfo.net\/fr\/13602-210911-cpimbarushimana-les-victimes-des-fdlr-l-vivent-toujours-dans-la-peur-r10417.html","url":"https:\/\/www.justiceinfo.net\/fr\/13602-210911-cpimbarushimana-les-victimes-des-fdlr-l-vivent-toujours-dans-la-peur-r10417.html","name":"21.09.11 - CPI\/MBARUSHIMANA - LES VICTIMES DES FDLR \u00ab VIVENT TOUJOURS DANS LA PEUR \u00bb - JusticeInfo.net","isPartOf":{"@id":"https:\/\/www.justiceinfo.net\/fr#website"},"datePublished":"2011-09-20T22:00:00+00:00","breadcrumb":{"@id":"https:\/\/www.justiceinfo.net\/fr\/13602-210911-cpimbarushimana-les-victimes-des-fdlr-l-vivent-toujours-dans-la-peur-r10417.html#breadcrumb"},"inLanguage":"fr-FR","potentialAction":[{"@type":"ReadAction","target":["https:\/\/www.justiceinfo.net\/fr\/13602-210911-cpimbarushimana-les-victimes-des-fdlr-l-vivent-toujours-dans-la-peur-r10417.html"]}]},{"@type":"BreadcrumbList","@id":"https:\/\/www.justiceinfo.net\/fr\/13602-210911-cpimbarushimana-les-victimes-des-fdlr-l-vivent-toujours-dans-la-peur-r10417.html#breadcrumb","itemListElement":[{"@type":"ListItem","position":1,"name":"Home","item":"https:\/\/www.justiceinfo.net\/fr"},{"@type":"ListItem","position":2,"name":"21.09.11 - CPI\/MBARUSHIMANA - LES VICTIMES DES FDLR \u00ab VIVENT TOUJOURS DANS LA PEUR \u00bb"}]},{"@type":"WebSite","@id":"https:\/\/www.justiceinfo.net\/fr#website","url":"https:\/\/www.justiceinfo.net\/fr","name":"JusticeInfo.net","description":"La justice doit \u00eatre vue pour \u00eatre rendue","publisher":{"@id":"https:\/\/www.justiceinfo.net\/fr#organization"},"potentialAction":[{"@type":"SearchAction","target":{"@type":"EntryPoint","urlTemplate":"https:\/\/www.justiceinfo.net\/fr?s={search_term_string}"},"query-input":{"@type":"PropertyValueSpecification","valueRequired":true,"valueName":"search_term_string"}}],"inLanguage":"fr-FR"},{"@type":"Organization","@id":"https:\/\/www.justiceinfo.net\/fr#organization","name":"Justice Info","url":"https:\/\/www.justiceinfo.net\/fr","logo":{"@type":"ImageObject","inLanguage":"fr-FR","@id":"https:\/\/www.justiceinfo.net\/fr#\/schema\/logo\/image\/","url":"https:\/\/www.justiceinfo.net\/wp-content\/uploads\/justiceinfo_logo-trans_1200x1200px.png","contentUrl":"https:\/\/www.justiceinfo.net\/wp-content\/uploads\/justiceinfo_logo-trans_1200x1200px.png","width":1199,"height":1200,"caption":"Justice Info"},"image":{"@id":"https:\/\/www.justiceinfo.net\/fr#\/schema\/logo\/image\/"},"sameAs":["https:\/\/www.facebook.com\/JusticeInfo\/","https:\/\/x.com\/justiceinfonet","https:\/\/www.linkedin.com\/company\/justice-info","https:\/\/www.youtube.com\/channel\/UCyCEsARodyuWtkWyhn-e7pA"]},{"@type":"Person","name":"solivri","url":"\/fr\/?s=solivri"}]}},"_links":{"self":[{"href":"https:\/\/www.justiceinfo.net\/fr\/wp-json\/wp\/v2\/posts\/13602","targetHints":{"allow":["GET"]}}],"collection":[{"href":"https:\/\/www.justiceinfo.net\/fr\/wp-json\/wp\/v2\/posts"}],"about":[{"href":"https:\/\/www.justiceinfo.net\/fr\/wp-json\/wp\/v2\/types\/post"}],"author":[{"embeddable":true,"href":"https:\/\/www.justiceinfo.net\/fr\/wp-json\/wp\/v2\/users\/64"}],"replies":[{"embeddable":true,"href":"https:\/\/www.justiceinfo.net\/fr\/wp-json\/wp\/v2\/comments?post=13602"}],"version-history":[{"count":0,"href":"https:\/\/www.justiceinfo.net\/fr\/wp-json\/wp\/v2\/posts\/13602\/revisions"}],"wp:attachment":[{"href":"https:\/\/www.justiceinfo.net\/fr\/wp-json\/wp\/v2\/media?parent=13602"}],"wp:term":[{"taxonomy":"category","embeddable":true,"href":"https:\/\/www.justiceinfo.net\/fr\/wp-json\/wp\/v2\/categories?post=13602"},{"taxonomy":"post_tag","embeddable":true,"href":"https:\/\/www.justiceinfo.net\/fr\/wp-json\/wp\/v2\/tags?post=13602"},{"taxonomy":"ji_location","embeddable":true,"href":"https:\/\/www.justiceinfo.net\/fr\/wp-json\/wp\/v2\/ji_location?post=13602"}],"curies":[{"name":"wp","href":"https:\/\/api.w.org\/{rel}","templated":true}]}}