{"id":13639,"date":"2011-09-28T00:00:00","date_gmt":"2011-09-27T22:00:00","guid":{"rendered":"https:\/\/www.justiceinfo.net\/13639-280911-francerwanda-agathe-habyarimana-ne-sera-pas-extradee-au-rwanda10454.html"},"modified":"2011-09-28T00:00:00","modified_gmt":"2011-09-27T22:00:00","slug":"280911-francerwanda-agathe-habyarimana-ne-sera-pas-extradee-au-rwanda10454","status":"publish","type":"post","link":"https:\/\/www.justiceinfo.net\/fr\/13639-280911-francerwanda-agathe-habyarimana-ne-sera-pas-extradee-au-rwanda10454.html","title":{"rendered":"28.09.11 - FRANCE\/RWANDA - AGATHE HABYARIMANA NE SERA PAS EXTRAD\u00c9E AU RWANDA"},"content":{"rendered":"<p>\nParis, 28 septembre 2011 - &laquo; Il n'y a pas lieu d'extrader Mme Agathe Habyarimana vers le Rwanda &raquo; a annonc&eacute; mercredi Edith Boizette, la pr&eacute;sidente de la chambre de l'instruction de la cour d'appel du tribunal de Paris, en r&eacute;ponse &agrave; une demande d'extradition d&eacute;pos&eacute;e fin 2009 par le Rwanda, &agrave; la faveur du r&eacute;chauffement diplomatique avec Paris.\n<\/p>\n<p><!--more--><\/p>\n<p >\n<p >\n<p >\nPr&eacute;sente &agrave; l'audience, la veuve de l'ancien pr&eacute;sident Rwandais s'est d&eacute;clar&eacute;e &laquo; soulag&eacute;e &raquo;. &laquo; J'ai toujours fait confiance &agrave; la justice fran&ccedil;aise &raquo;, a-t-elle ajout&eacute; &agrave; l'issue de l'audience, encadr&eacute;e par sa famille et ses proches.\n<\/p>\n<p >\n<p >\nLe rejet de la demande d'extradition rwandaise entra&icirc;ne pour Mme Habyarimana la lev&eacute;e de sa mise sous contr&ocirc;le judiciaire, a pr&eacute;cis&eacute; la pr&eacute;sidente de la chambre d'instruction.\n<\/p>\n<p >\n<p >\nLes motifs de cette d&eacute;cision sans surprise lui ont &eacute;t&eacute; notifi&eacute;s par &eacute;crit &agrave; l'audience. Comme dans la majorit&eacute; des demandes d'extradition, jusqu'ici toutes refus&eacute;es vers le Rwanda, l'ant&eacute;riorit&eacute; des crimes all&eacute;gu&eacute;s sur les lois permettant d'y juger des faits de g&eacute;nocide est invoqu&eacute;e.\n<\/p>\n<p >\n<p >\n&laquo; Mais cette fois, les juges ont marqu&eacute; le coup de fa&ccedil;on cinglante vis-&agrave;-vis des demandes rwandaises, en soulignant que les faits reproch&eacute;s sont d&eacute;crits sans aucune pr&eacute;cision et ne sont d&eacute;taill&eacute;s par aucun &eacute;l&eacute;ment &agrave; charge et &agrave; d&eacute;charge &raquo;, se f&eacute;licite son avocat Philippe Meilhac.\n<\/p>\n<p >\n<p >\nUne description qui rejoint celle faite le 29 juin dernier par le repr&eacute;sentant du minist&egrave;re public, Jean-Charles Lecompte, qui estimait la demande d'extradition rwandaise &laquo; marqu&eacute;e par une certaine approximation, un flou artistique qui entoure la description des faits&quot;.\n<\/p>\n<p >\n<p >\n&laquo; Nous sommes satisfaits, c'est une d&eacute;cision parfaitement logique, mais qui pose maintenant la question de la proc&eacute;dure p&eacute;nale intent&eacute;e contre Mme Habyarimana en France, car les juges d'instruction n'ont pas d&ucirc; avoir tellement plus d'&eacute;l&eacute;ments. Il va donc bien falloir qu'ils prennent l'initiative de la convoquer, afin qu'elle puisse enfin s'expliquer dans un cadre strictement judiciaire &raquo;, ajoute Philippe Meilhac.\n<\/p>\n<p >\n<p >\nDans une proc&eacute;dure parall&egrave;le, engag&eacute;e en France suite &agrave; une plainte d&eacute;pos&eacute;e en 2007 pour &laquo; complicit&eacute; de g&eacute;nocide &raquo; par une association de d&eacute;fense des victimes, le Collectif des parties civiles pour le Rwanda (CPCR), l'ancienne premi&egrave;re dame rwandaise a &eacute;t&eacute; entendue une fois par des enqu&ecirc;teurs de la gendarmerie parisienne, comme simple t&eacute;moin, le 9 mars 2010.\n<\/p>\n<p >\n<p >\n&laquo; Ma cliente est &acirc;g&eacute;e, elle a 70 ans, tout ce qu'elle esp&egrave;re c'est de pouvoir enfin vivre en France tranquillement avec ses enfants. Il faut arr&ecirc;ter cette campagne de diabolisation permanente !&raquo;, s'est &eacute;galement exclam&eacute; Me Meilhac devant la presse.\n<\/p>\n<p >\n<p >\nAgathe Habyarimana attend maintenant la d&eacute;cision du tribunal administratif de Versailles, qui devait se prononcer &agrave; partir du 21 septembre sur sa demande de titre de s&eacute;jour dans le d&eacute;partement de l'Essonne, o&ugrave; elle r&eacute;side avec certains de ses enfants depuis plusieurs ann&eacute;es. Cette demande de titre de s&eacute;jour lui a d&eacute;j&agrave; &eacute;t&eacute; refus&eacute;e &agrave; deux reprises.\n<\/p>\n<p >\n<p >\nLa veuve de l'ancien pr&eacute;sident rwandais attend &eacute;galement, &laquo; dans les semaines qui viennent &raquo; d'apr&egrave;s son avocat, d'&ecirc;tre convoqu&eacute;e par le juge d'instruction Marc Tr&eacute;vidic pour entendre les r&eacute;sultats de l'expertise balistique qu'il a fait r&eacute;aliser sur l'attentat du 6 avril 1994, dans lequel son mari et le pr&eacute;sident du Burundi ont &eacute;t&eacute; tu&eacute;s.\n<\/p>\n<p >\n<p >\n<p >\n<p >\nFP\/GF\n<\/p>\n<p>\n&copy; Agence Hirondelle<\/p>\n","protected":false},"excerpt":{"rendered":"<p>Paris, 28 septembre 2011 - &laquo; Il n'y a pas lieu d'extrader Mme Agathe Habyarimana vers le Rwanda &raquo; a annonc&eacute; mercredi Edith Boizette, la pr&eacute;sidente de la chambre de l'instruction de la cour d'appel du tribunal de Paris, en r&eacute;ponse &agrave; une demande d'extradition d&eacute;pos&eacute;e fin 2009 par le Rwanda, &agrave; la faveur du [&hellip;]<\/p>\n","protected":false},"author":64,"featured_media":0,"comment_status":"open","ping_status":"closed","sticky":false,"template":"","format":"standard","meta":{"_acf_changed":false,"footnotes":""},"categories":[554],"tags":[],"ji_location":[],"class_list":["post-13639","post","type-post","status-publish","format-standard","hentry","category-hirondellenews"],"acf":[],"yoast_head":"<!-- This site is optimized with the Yoast SEO Premium plugin v25.3.1 (Yoast SEO v25.3.1) - https:\/\/yoast.com\/wordpress\/plugins\/seo\/ -->\n<title>28.09.11 - FRANCE\/RWANDA - AGATHE HABYARIMANA NE SERA PAS EXTRAD\u00c9E AU RWANDA - JusticeInfo.net<\/title>\n<meta name=\"robots\" content=\"index, follow, max-snippet:-1, max-image-preview:large, max-video-preview:-1\" \/>\n<link rel=\"canonical\" href=\"https:\/\/www.justiceinfo.net\/fr\/13639-280911-francerwanda-agathe-habyarimana-ne-sera-pas-extradee-au-rwanda10454.html\" \/>\n<meta property=\"og:locale\" content=\"fr_FR\" \/>\n<meta property=\"og:type\" content=\"article\" \/>\n<meta property=\"og:title\" content=\"28.09.11 - FRANCE\/RWANDA - AGATHE HABYARIMANA NE SERA PAS EXTRAD\u00c9E AU RWANDA\" \/>\n<meta property=\"og:description\" content=\"Paris, 28 septembre 2011 - &laquo; Il n&#039;y a pas lieu d&#039;extrader Mme Agathe Habyarimana vers le Rwanda &raquo; a annonc&eacute; mercredi Edith Boizette, la pr&eacute;sidente de la chambre de l&#039;instruction de la cour d&#039;appel du tribunal de Paris, en r&eacute;ponse &agrave; une demande d&#039;extradition d&eacute;pos&eacute;e fin 2009 par le Rwanda, &agrave; la faveur du [&hellip;]\" \/>\n<meta property=\"og:url\" content=\"https:\/\/www.justiceinfo.net\/fr\/13639-280911-francerwanda-agathe-habyarimana-ne-sera-pas-extradee-au-rwanda10454.html\" \/>\n<meta property=\"og:site_name\" content=\"JusticeInfo.net\" \/>\n<meta property=\"article:publisher\" content=\"https:\/\/www.facebook.com\/JusticeInfo\/\" \/>\n<meta property=\"article:published_time\" content=\"2011-09-27T22:00:00+00:00\" \/>\n<meta property=\"og:image\" content=\"https:\/\/www.justiceinfo.net\/wp-content\/uploads\/JusticeInfoNet_logo_1200x630px.jpg\" \/>\n\t<meta property=\"og:image:width\" content=\"1200\" \/>\n\t<meta property=\"og:image:height\" content=\"630\" \/>\n\t<meta property=\"og:image:type\" content=\"image\/jpeg\" \/>\n<meta name=\"author\" content=\"solivri\" \/>\n<meta name=\"twitter:card\" content=\"summary_large_image\" \/>\n<meta name=\"twitter:creator\" content=\"@justiceinfonet\" \/>\n<meta name=\"twitter:site\" content=\"@justiceinfonet\" \/>\n<meta name=\"twitter:label1\" content=\"\u00c9crit par\" \/>\n\t<meta name=\"twitter:data1\" content=\"solivri\" \/>\n\t<meta name=\"twitter:label2\" content=\"Dur\u00e9e de lecture estim\u00e9e\" \/>\n\t<meta name=\"twitter:data2\" content=\"3 minutes\" \/>\n<script type=\"application\/ld+json\" class=\"yoast-schema-graph\">{\"@context\":\"https:\/\/schema.org\",\"@graph\":[{\"@type\":\"NewsArticle\",\"@id\":\"https:\/\/www.justiceinfo.net\/fr\/13639-280911-francerwanda-agathe-habyarimana-ne-sera-pas-extradee-au-rwanda10454.html#article\",\"isPartOf\":{\"@id\":\"https:\/\/www.justiceinfo.net\/fr\/13639-280911-francerwanda-agathe-habyarimana-ne-sera-pas-extradee-au-rwanda10454.html\"},\"author\":{\"name\":\"solivri\",\"@id\":\"https:\/\/www.justiceinfo.net\/fr#\/schema\/person\/6e53cba1629e2e66f3fc1821d3091865\"},\"headline\":\"28.09.11 - FRANCE\/RWANDA - AGATHE HABYARIMANA NE SERA PAS EXTRAD\u00c9E AU RWANDA\",\"datePublished\":\"2011-09-27T22:00:00+00:00\",\"mainEntityOfPage\":{\"@id\":\"https:\/\/www.justiceinfo.net\/fr\/13639-280911-francerwanda-agathe-habyarimana-ne-sera-pas-extradee-au-rwanda10454.html\"},\"wordCount\":743,\"commentCount\":0,\"publisher\":{\"@id\":\"https:\/\/www.justiceinfo.net\/fr#organization\"},\"articleSection\":[\"Hirondelle News\"],\"inLanguage\":\"fr-FR\",\"potentialAction\":[{\"@type\":\"CommentAction\",\"name\":\"Comment\",\"target\":[\"https:\/\/www.justiceinfo.net\/fr\/13639-280911-francerwanda-agathe-habyarimana-ne-sera-pas-extradee-au-rwanda10454.html#respond\"]}]},{\"@type\":\"WebPage\",\"@id\":\"https:\/\/www.justiceinfo.net\/fr\/13639-280911-francerwanda-agathe-habyarimana-ne-sera-pas-extradee-au-rwanda10454.html\",\"url\":\"https:\/\/www.justiceinfo.net\/fr\/13639-280911-francerwanda-agathe-habyarimana-ne-sera-pas-extradee-au-rwanda10454.html\",\"name\":\"28.09.11 - FRANCE\/RWANDA - AGATHE HABYARIMANA NE SERA PAS EXTRAD\u00c9E AU RWANDA - JusticeInfo.net\",\"isPartOf\":{\"@id\":\"https:\/\/www.justiceinfo.net\/fr#website\"},\"datePublished\":\"2011-09-27T22:00:00+00:00\",\"breadcrumb\":{\"@id\":\"https:\/\/www.justiceinfo.net\/fr\/13639-280911-francerwanda-agathe-habyarimana-ne-sera-pas-extradee-au-rwanda10454.html#breadcrumb\"},\"inLanguage\":\"fr-FR\",\"potentialAction\":[{\"@type\":\"ReadAction\",\"target\":[\"https:\/\/www.justiceinfo.net\/fr\/13639-280911-francerwanda-agathe-habyarimana-ne-sera-pas-extradee-au-rwanda10454.html\"]}]},{\"@type\":\"BreadcrumbList\",\"@id\":\"https:\/\/www.justiceinfo.net\/fr\/13639-280911-francerwanda-agathe-habyarimana-ne-sera-pas-extradee-au-rwanda10454.html#breadcrumb\",\"itemListElement\":[{\"@type\":\"ListItem\",\"position\":1,\"name\":\"Home\",\"item\":\"https:\/\/www.justiceinfo.net\/fr\"},{\"@type\":\"ListItem\",\"position\":2,\"name\":\"28.09.11 - FRANCE\/RWANDA - AGATHE HABYARIMANA NE SERA PAS EXTRAD\u00c9E AU RWANDA\"}]},{\"@type\":\"WebSite\",\"@id\":\"https:\/\/www.justiceinfo.net\/fr#website\",\"url\":\"https:\/\/www.justiceinfo.net\/fr\",\"name\":\"JusticeInfo.net\",\"description\":\"La justice doit \u00eatre vue pour \u00eatre rendue\",\"publisher\":{\"@id\":\"https:\/\/www.justiceinfo.net\/fr#organization\"},\"potentialAction\":[{\"@type\":\"SearchAction\",\"target\":{\"@type\":\"EntryPoint\",\"urlTemplate\":\"https:\/\/www.justiceinfo.net\/fr?s={search_term_string}\"},\"query-input\":{\"@type\":\"PropertyValueSpecification\",\"valueRequired\":true,\"valueName\":\"search_term_string\"}}],\"inLanguage\":\"fr-FR\"},{\"@type\":\"Organization\",\"@id\":\"https:\/\/www.justiceinfo.net\/fr#organization\",\"name\":\"Justice Info\",\"url\":\"https:\/\/www.justiceinfo.net\/fr\",\"logo\":{\"@type\":\"ImageObject\",\"inLanguage\":\"fr-FR\",\"@id\":\"https:\/\/www.justiceinfo.net\/fr#\/schema\/logo\/image\/\",\"url\":\"https:\/\/www.justiceinfo.net\/wp-content\/uploads\/justiceinfo_logo-trans_1200x1200px.png\",\"contentUrl\":\"https:\/\/www.justiceinfo.net\/wp-content\/uploads\/justiceinfo_logo-trans_1200x1200px.png\",\"width\":1199,\"height\":1200,\"caption\":\"Justice Info\"},\"image\":{\"@id\":\"https:\/\/www.justiceinfo.net\/fr#\/schema\/logo\/image\/\"},\"sameAs\":[\"https:\/\/www.facebook.com\/JusticeInfo\/\",\"https:\/\/x.com\/justiceinfonet\",\"https:\/\/www.linkedin.com\/company\/justice-info\",\"https:\/\/www.youtube.com\/channel\/UCyCEsARodyuWtkWyhn-e7pA\"]},{\"@type\":\"Person\",\"name\":\"solivri\",\"url\":\"\/fr\/?s=solivri\"}]}<\/script>\n<!-- \/ Yoast SEO Premium plugin. -->","yoast_head_json":{"title":"28.09.11 - FRANCE\/RWANDA - AGATHE HABYARIMANA NE SERA PAS EXTRAD\u00c9E AU RWANDA - JusticeInfo.net","robots":{"index":"index","follow":"follow","max-snippet":"max-snippet:-1","max-image-preview":"max-image-preview:large","max-video-preview":"max-video-preview:-1"},"canonical":"https:\/\/www.justiceinfo.net\/fr\/13639-280911-francerwanda-agathe-habyarimana-ne-sera-pas-extradee-au-rwanda10454.html","og_locale":"fr_FR","og_type":"article","og_title":"28.09.11 - FRANCE\/RWANDA - AGATHE HABYARIMANA NE SERA PAS EXTRAD\u00c9E AU RWANDA","og_description":"Paris, 28 septembre 2011 - &laquo; Il n'y a pas lieu d'extrader Mme Agathe Habyarimana vers le Rwanda &raquo; a annonc&eacute; mercredi Edith Boizette, la pr&eacute;sidente de la chambre de l'instruction de la cour d'appel du tribunal de Paris, en r&eacute;ponse &agrave; une demande d'extradition d&eacute;pos&eacute;e fin 2009 par le Rwanda, &agrave; la faveur du [&hellip;]","og_url":"https:\/\/www.justiceinfo.net\/fr\/13639-280911-francerwanda-agathe-habyarimana-ne-sera-pas-extradee-au-rwanda10454.html","og_site_name":"JusticeInfo.net","article_publisher":"https:\/\/www.facebook.com\/JusticeInfo\/","article_published_time":"2011-09-27T22:00:00+00:00","og_image":[{"width":1200,"height":630,"url":"https:\/\/www.justiceinfo.net\/wp-content\/uploads\/JusticeInfoNet_logo_1200x630px.jpg","type":"image\/jpeg"}],"author":"solivri","twitter_card":"summary_large_image","twitter_creator":"@justiceinfonet","twitter_site":"@justiceinfonet","twitter_misc":{"\u00c9crit par":"solivri","Dur\u00e9e de lecture estim\u00e9e":"3 minutes"},"schema":{"@context":"https:\/\/schema.org","@graph":[{"@type":"NewsArticle","@id":"https:\/\/www.justiceinfo.net\/fr\/13639-280911-francerwanda-agathe-habyarimana-ne-sera-pas-extradee-au-rwanda10454.html#article","isPartOf":{"@id":"https:\/\/www.justiceinfo.net\/fr\/13639-280911-francerwanda-agathe-habyarimana-ne-sera-pas-extradee-au-rwanda10454.html"},"author":{"name":"solivri","@id":"https:\/\/www.justiceinfo.net\/fr#\/schema\/person\/6e53cba1629e2e66f3fc1821d3091865"},"headline":"28.09.11 - FRANCE\/RWANDA - AGATHE HABYARIMANA NE SERA PAS EXTRAD\u00c9E AU RWANDA","datePublished":"2011-09-27T22:00:00+00:00","mainEntityOfPage":{"@id":"https:\/\/www.justiceinfo.net\/fr\/13639-280911-francerwanda-agathe-habyarimana-ne-sera-pas-extradee-au-rwanda10454.html"},"wordCount":743,"commentCount":0,"publisher":{"@id":"https:\/\/www.justiceinfo.net\/fr#organization"},"articleSection":["Hirondelle News"],"inLanguage":"fr-FR","potentialAction":[{"@type":"CommentAction","name":"Comment","target":["https:\/\/www.justiceinfo.net\/fr\/13639-280911-francerwanda-agathe-habyarimana-ne-sera-pas-extradee-au-rwanda10454.html#respond"]}]},{"@type":"WebPage","@id":"https:\/\/www.justiceinfo.net\/fr\/13639-280911-francerwanda-agathe-habyarimana-ne-sera-pas-extradee-au-rwanda10454.html","url":"https:\/\/www.justiceinfo.net\/fr\/13639-280911-francerwanda-agathe-habyarimana-ne-sera-pas-extradee-au-rwanda10454.html","name":"28.09.11 - FRANCE\/RWANDA - AGATHE HABYARIMANA NE SERA PAS EXTRAD\u00c9E AU RWANDA - JusticeInfo.net","isPartOf":{"@id":"https:\/\/www.justiceinfo.net\/fr#website"},"datePublished":"2011-09-27T22:00:00+00:00","breadcrumb":{"@id":"https:\/\/www.justiceinfo.net\/fr\/13639-280911-francerwanda-agathe-habyarimana-ne-sera-pas-extradee-au-rwanda10454.html#breadcrumb"},"inLanguage":"fr-FR","potentialAction":[{"@type":"ReadAction","target":["https:\/\/www.justiceinfo.net\/fr\/13639-280911-francerwanda-agathe-habyarimana-ne-sera-pas-extradee-au-rwanda10454.html"]}]},{"@type":"BreadcrumbList","@id":"https:\/\/www.justiceinfo.net\/fr\/13639-280911-francerwanda-agathe-habyarimana-ne-sera-pas-extradee-au-rwanda10454.html#breadcrumb","itemListElement":[{"@type":"ListItem","position":1,"name":"Home","item":"https:\/\/www.justiceinfo.net\/fr"},{"@type":"ListItem","position":2,"name":"28.09.11 - FRANCE\/RWANDA - AGATHE HABYARIMANA NE SERA PAS EXTRAD\u00c9E AU RWANDA"}]},{"@type":"WebSite","@id":"https:\/\/www.justiceinfo.net\/fr#website","url":"https:\/\/www.justiceinfo.net\/fr","name":"JusticeInfo.net","description":"La justice doit \u00eatre vue pour \u00eatre rendue","publisher":{"@id":"https:\/\/www.justiceinfo.net\/fr#organization"},"potentialAction":[{"@type":"SearchAction","target":{"@type":"EntryPoint","urlTemplate":"https:\/\/www.justiceinfo.net\/fr?s={search_term_string}"},"query-input":{"@type":"PropertyValueSpecification","valueRequired":true,"valueName":"search_term_string"}}],"inLanguage":"fr-FR"},{"@type":"Organization","@id":"https:\/\/www.justiceinfo.net\/fr#organization","name":"Justice Info","url":"https:\/\/www.justiceinfo.net\/fr","logo":{"@type":"ImageObject","inLanguage":"fr-FR","@id":"https:\/\/www.justiceinfo.net\/fr#\/schema\/logo\/image\/","url":"https:\/\/www.justiceinfo.net\/wp-content\/uploads\/justiceinfo_logo-trans_1200x1200px.png","contentUrl":"https:\/\/www.justiceinfo.net\/wp-content\/uploads\/justiceinfo_logo-trans_1200x1200px.png","width":1199,"height":1200,"caption":"Justice Info"},"image":{"@id":"https:\/\/www.justiceinfo.net\/fr#\/schema\/logo\/image\/"},"sameAs":["https:\/\/www.facebook.com\/JusticeInfo\/","https:\/\/x.com\/justiceinfonet","https:\/\/www.linkedin.com\/company\/justice-info","https:\/\/www.youtube.com\/channel\/UCyCEsARodyuWtkWyhn-e7pA"]},{"@type":"Person","name":"solivri","url":"\/fr\/?s=solivri"}]}},"_links":{"self":[{"href":"https:\/\/www.justiceinfo.net\/fr\/wp-json\/wp\/v2\/posts\/13639","targetHints":{"allow":["GET"]}}],"collection":[{"href":"https:\/\/www.justiceinfo.net\/fr\/wp-json\/wp\/v2\/posts"}],"about":[{"href":"https:\/\/www.justiceinfo.net\/fr\/wp-json\/wp\/v2\/types\/post"}],"author":[{"embeddable":true,"href":"https:\/\/www.justiceinfo.net\/fr\/wp-json\/wp\/v2\/users\/64"}],"replies":[{"embeddable":true,"href":"https:\/\/www.justiceinfo.net\/fr\/wp-json\/wp\/v2\/comments?post=13639"}],"version-history":[{"count":0,"href":"https:\/\/www.justiceinfo.net\/fr\/wp-json\/wp\/v2\/posts\/13639\/revisions"}],"wp:attachment":[{"href":"https:\/\/www.justiceinfo.net\/fr\/wp-json\/wp\/v2\/media?parent=13639"}],"wp:term":[{"taxonomy":"category","embeddable":true,"href":"https:\/\/www.justiceinfo.net\/fr\/wp-json\/wp\/v2\/categories?post=13639"},{"taxonomy":"post_tag","embeddable":true,"href":"https:\/\/www.justiceinfo.net\/fr\/wp-json\/wp\/v2\/tags?post=13639"},{"taxonomy":"ji_location","embeddable":true,"href":"https:\/\/www.justiceinfo.net\/fr\/wp-json\/wp\/v2\/ji_location?post=13639"}],"curies":[{"name":"wp","href":"https:\/\/api.w.org\/{rel}","templated":true}]}}