{"id":13641,"date":"2011-09-28T00:00:00","date_gmt":"2011-09-27T22:00:00","guid":{"rendered":"https:\/\/www.justiceinfo.net\/13641-280911-francerwanda-lancien-ministre-nsengiyumva-remis-en-liberte10456.html"},"modified":"2011-09-28T00:00:00","modified_gmt":"2011-09-27T22:00:00","slug":"280911-francerwanda-lancien-ministre-nsengiyumva-remis-en-liberte10456","status":"publish","type":"post","link":"https:\/\/www.justiceinfo.net\/fr\/13641-280911-francerwanda-lancien-ministre-nsengiyumva-remis-en-liberte10456.html","title":{"rendered":"28.09.11 - FRANCE\/RWANDA - L'ANCIEN MINISTRE NSENGIYUMVA REMIS EN LIBERT\u00c9"},"content":{"rendered":"<p>\nParis, 28 septembre 2011 - Interpell&eacute; le 9 ao&ucirc;t dernier &agrave; son domicile de Cr&eacute;teil (sud-est de Paris), l'ancien ministre des Transports du gouvernement int&eacute;rimaire rwandais a &eacute;t&eacute; remis en libert&eacute; sous contr&ocirc;le judiciaire apr&egrave;s 51 jours de d&eacute;tention ce mercredi, &agrave; l'issue d'une audience pr&eacute;liminaire devant la chambre de l'instruction de la cour d'appel de Paris.\n<\/p>\n<p><!--more--><\/p>\n<p >\n<p >\n<p >\nTrois heures plus t&ocirc;t, cette m&ecirc;me cour avait rejet&eacute; la demande d'extradition &eacute;mise par le Rwanda contre Agathe Habyarimana.&nbsp; &nbsp;\n<\/p>\n<p >\n<p >\nHomme d'imposante stature portant chemise blanche &agrave; rayures et lunettes, Hyacinthe Rafiki Nsengiyumva a r&eacute;pondu d'un sourire aimable aux questions de la pr&eacute;sidente, Edith Boizette.\n<\/p>\n<p >\n<p >\nUne question d'identit&eacute; tout d'abord, en contradiction avec celle indiqu&eacute;e sur le mandat d'arr&ecirc;t transmis par Kigali. &laquo; Non je ne suis pas n&eacute; au Rwanda &raquo;, mais au Congo, le 7 juillet 1960, confirme l'ancien haut responsable &agrave; la pr&eacute;sidente, qui choisit par commodit&eacute; de l'appeler &laquo; Rafiki &raquo;. Mais &laquo; oui cette demande me concerne bien &raquo;, admet-il.\n<\/p>\n<p >\n<p >\nLa pr&eacute;sidente lui rappelle les actes successifs qui ont conduit &agrave; sa d&eacute;tention &agrave; la maison d'arr&ecirc;t de la Sant&eacute;, en r&eacute;gion parisienne : &laquo; M. Rafiki a &eacute;t&eacute; interpell&eacute; au vu d'une notice rouge diffus&eacute;e par Interpol, valant demande d'arrestation provisoire, au vu d'un mandat international &eacute;mis par le procureur g&eacute;n&eacute;ral du Rwanda le 24 juin 2008 &raquo;.\n<\/p>\n<p >\n<p >\nL'ancien ministre est accus&eacute;, selon ce mandat, de crimes de g&eacute;nocide et de meurtres commis &laquo; entre le 6 avril et le 17 juillet 1994, &agrave; Kigali, Gitarama et ailleurs au Rwanda &raquo;. &laquo; Ce mandat, dont on peut supposer qu'il est arriv&eacute; via Interpol, la cour n'en dispose que d'une copie en anglais, non traduite &raquo;, pr&eacute;cise Mme Boizette.\n<\/p>\n<p >\n<p >\nUn second mandat a &eacute;t&eacute; &eacute;mis par Kigali apr&egrave;s l'arrestation du Rwandais, le 17 ao&ucirc;t, et transmis au minist&egrave;re de la Justice fran&ccedil;ais le 5 septembre. &laquo; Je n'ai pas trouv&eacute; tant de demande d'arrestation provisoire que de demande d'extradition formul&eacute;e par le Rwanda. C'est implicitement que l'on peut supposer qu'il s'agit d'une demande d'extradition &raquo;, d&eacute;taille prudemment la pr&eacute;sidente.\n<\/p>\n<p >\n<p >\n&laquo; Qu'a fait le gouvernement rwandais ? &raquo;, encha&icirc;ne l'avocat de l'ancien ministre. &laquo; Surpris de cette arrestation, il a &eacute;mis un acte d'accusation de trois ans post&eacute;rieur au mandat d'arr&ecirc;t. Ce n'est pas s&eacute;rieux, et cette arrestation cautionne la d&eacute;sinvolture avec laquelle travaille le procureur rwandais.&raquo;\n<\/p>\n<p >\n<p >\n&laquo; M. Nsengiyumva n'est pas un homme qui se cache dans la for&ecirc;t pour &eacute;chapper &agrave; la justice &raquo;, poursuit Vincent Courcelle-Labrousse, qui brandit un courrier &eacute;crit en 1995 par l'ancien ministre des Transports pour dit-il &laquo; se mettre &agrave; la disposition de Richard Goldstone &raquo;, le procureur du Tribunal p&eacute;nal international pour le Rwanda (TPIR).\n<\/p>\n<p >\n<p >\n&laquo; Le TPIR, qui a mis en accusation la plupart des anciens ministres du gouvernement int&eacute;rimaire, ne l'a jamais poursuivi. Il n'y a que le Rwanda qui s'est aper&ccedil;u, 14 ans apr&egrave;s les faits, qu'il &eacute;tait un dangereux g&eacute;nocidaire &raquo;, ajoute l'avocat fran&ccedil;ais, qui d&eacute;fend par ailleurs un autre ministre - de la Jeunesse - devant le tribunal d'Arusha. &laquo; Il y a de plus, selon lui, une erreur manifeste, car pendant la p&eacute;riode o&ugrave; on l'accuse d'avoir commis des faits atroces, je peux apporter la preuve qu'il n'&eacute;tait pas au Rwanda &raquo;.\n<\/p>\n<p >\n<p >\nVenue assister &agrave; l'audience, sa femme a expliqu&eacute; &agrave; l'agence Hirondelle que &laquo; le 8 avril [1994] dans l'apr&egrave;s-midi mon mari m'avait amen&eacute; &agrave; l'h&ocirc;pital pour accoucher &raquo;. Ce n'est que &laquo; plus tard dans la soir&eacute;e &raquo; que Th&eacute;oneste Bagosora, directeur de cabinet au minist&egrave;re de la D&eacute;fense, est venu le chercher, d&eacute;crit-elle, pour former le gouvernement qui restera en place durant le g&eacute;nocide.\n<\/p>\n<p >\n<p >\nHyacinthe Rafiki Nsengiyumva, alors directeur de cabinet du minist&egrave;re des Transports, &eacute;tait membre du bureau politique du PSD, parti d'opposition &agrave; celui du pr&eacute;sident Habyarimana, tu&eacute; deux jours plus t&ocirc;t dans l'attentat qui a d&eacute;clench&eacute; les massacres.\n<\/p>\n<p >\n<p >\n&laquo; Le 12 avril, nous avons quitt&eacute; Kigali pour Gitarama avec tout le gouvernement, raconte Mme Nsengiyumva. Quatre ou cinq jours plus tard, nous sommes partis &agrave; Gisenyi, puis au Kenya le 21 avril, via Goma, pour nous mettre &agrave; l'abri moi et les enfants. &raquo; &laquo; Ce n'est que le 16 mai, poursuit Me Courcelle-Labrousse, comme l'atteste son visa de sortie du Kenya, qu'il est rentr&eacute; au Rwanda. &raquo; Soit plusieurs semaines apr&egrave;s le massacre de Nyundo, auquel Hyacinthe Rafiki Nsengyiumva est accus&eacute; par le Rwanda d'avoir particip&eacute;.\n<\/p>\n<p >\n<p >\nApr&egrave;s le g&eacute;nocide, tandis que sa femme et ses enfants s'installent en France et y obtiennent la nationalit&eacute;, Rafiki Nsengyiumva r&eacute;side au Kenya, puis au Congo. Il ne les rejoindra que le 24 d&eacute;cembre 2008, indique encore le m&eacute;moire d&eacute;pos&eacute; &agrave; la cour d'appel de Paris pour sa d&eacute;fense, avec un visa Schengen obtenu de l'ambassade de France &agrave; Kinshasa six mois apr&egrave;s l'&eacute;mission du premier mandat d'arr&ecirc;t. La France ne fera pas plus de difficult&eacute; pour lui accorder rapidement un titre de s&eacute;jour. Jusqu'&agrave; son arrestation le 9 ao&ucirc;t dernier.\n<\/p>\n<p >\n<p >\n&laquo; Avez-vous quelque chose &agrave; ajouter M. Rafiki ? &raquo;, l'interroge la pr&eacute;sidente &agrave; la fin de l'audience. &laquo; J'ai &agrave; ajouter qu'aujourd'hui je suis content car ces mandats d&eacute;livr&eacute;s par le Rwanda me posent probl&egrave;me depuis longtemps. Cette fois-ci je me trouve devant une vraie justice, et je suis heureux que cette histoire d'extradition se vide devant vous &raquo;.\n<\/p>\n<p >\n<p >\n&laquo; Cela fait beaucoup de compliments, ironise Mme Boizette, que nous n'avons pas l'habitude de recevoir de nos justiciables et de nos politiques. &raquo; La pr&eacute;sidente fixe l'audience d'extradition sur le fond au 9 novembre.\n<\/p>\n<p >\n<p >\nFP\/GF\n<\/p>\n<p>\n&copy; Agence Hirondelle<\/p>\n","protected":false},"excerpt":{"rendered":"<p>Paris, 28 septembre 2011 - Interpell&eacute; le 9 ao&ucirc;t dernier &agrave; son domicile de Cr&eacute;teil (sud-est de Paris), l'ancien ministre des Transports du gouvernement int&eacute;rimaire rwandais a &eacute;t&eacute; remis en libert&eacute; sous contr&ocirc;le judiciaire apr&egrave;s 51 jours de d&eacute;tention ce mercredi, &agrave; l'issue d'une audience pr&eacute;liminaire devant la chambre de l'instruction de la cour d'appel [&hellip;]<\/p>\n","protected":false},"author":64,"featured_media":0,"comment_status":"open","ping_status":"closed","sticky":false,"template":"","format":"standard","meta":{"_acf_changed":false,"footnotes":""},"categories":[554],"tags":[],"ji_location":[],"class_list":["post-13641","post","type-post","status-publish","format-standard","hentry","category-hirondellenews"],"acf":[],"yoast_head":"<!-- This site is optimized with the Yoast SEO Premium plugin v25.3.1 (Yoast SEO v25.3.1) - https:\/\/yoast.com\/wordpress\/plugins\/seo\/ -->\n<title>28.09.11 - FRANCE\/RWANDA - L&#039;ANCIEN MINISTRE NSENGIYUMVA REMIS EN LIBERT\u00c9 - JusticeInfo.net<\/title>\n<meta name=\"robots\" content=\"index, follow, max-snippet:-1, max-image-preview:large, max-video-preview:-1\" \/>\n<link rel=\"canonical\" href=\"https:\/\/www.justiceinfo.net\/fr\/13641-280911-francerwanda-lancien-ministre-nsengiyumva-remis-en-liberte10456.html\" \/>\n<meta property=\"og:locale\" content=\"fr_FR\" \/>\n<meta property=\"og:type\" content=\"article\" \/>\n<meta property=\"og:title\" content=\"28.09.11 - FRANCE\/RWANDA - L&#039;ANCIEN MINISTRE NSENGIYUMVA REMIS EN LIBERT\u00c9\" \/>\n<meta property=\"og:description\" content=\"Paris, 28 septembre 2011 - Interpell&eacute; le 9 ao&ucirc;t dernier &agrave; son domicile de Cr&eacute;teil (sud-est de Paris), l&#039;ancien ministre des Transports du gouvernement int&eacute;rimaire rwandais a &eacute;t&eacute; remis en libert&eacute; sous contr&ocirc;le judiciaire apr&egrave;s 51 jours de d&eacute;tention ce mercredi, &agrave; l&#039;issue d&#039;une audience pr&eacute;liminaire devant la chambre de l&#039;instruction de la cour d&#039;appel [&hellip;]\" \/>\n<meta property=\"og:url\" content=\"https:\/\/www.justiceinfo.net\/fr\/13641-280911-francerwanda-lancien-ministre-nsengiyumva-remis-en-liberte10456.html\" \/>\n<meta property=\"og:site_name\" content=\"JusticeInfo.net\" \/>\n<meta property=\"article:publisher\" content=\"https:\/\/www.facebook.com\/JusticeInfo\/\" \/>\n<meta property=\"article:published_time\" content=\"2011-09-27T22:00:00+00:00\" \/>\n<meta property=\"og:image\" content=\"https:\/\/www.justiceinfo.net\/wp-content\/uploads\/JusticeInfoNet_logo_1200x630px.jpg\" \/>\n\t<meta property=\"og:image:width\" content=\"1200\" \/>\n\t<meta property=\"og:image:height\" content=\"630\" \/>\n\t<meta property=\"og:image:type\" content=\"image\/jpeg\" \/>\n<meta name=\"author\" content=\"solivri\" \/>\n<meta name=\"twitter:card\" content=\"summary_large_image\" \/>\n<meta name=\"twitter:creator\" content=\"@justiceinfonet\" \/>\n<meta name=\"twitter:site\" content=\"@justiceinfonet\" \/>\n<meta name=\"twitter:label1\" content=\"\u00c9crit par\" \/>\n\t<meta name=\"twitter:data1\" content=\"solivri\" \/>\n\t<meta name=\"twitter:label2\" content=\"Dur\u00e9e de lecture estim\u00e9e\" \/>\n\t<meta name=\"twitter:data2\" content=\"5 minutes\" \/>\n<script type=\"application\/ld+json\" class=\"yoast-schema-graph\">{\"@context\":\"https:\/\/schema.org\",\"@graph\":[{\"@type\":\"NewsArticle\",\"@id\":\"https:\/\/www.justiceinfo.net\/fr\/13641-280911-francerwanda-lancien-ministre-nsengiyumva-remis-en-liberte10456.html#article\",\"isPartOf\":{\"@id\":\"https:\/\/www.justiceinfo.net\/fr\/13641-280911-francerwanda-lancien-ministre-nsengiyumva-remis-en-liberte10456.html\"},\"author\":{\"name\":\"solivri\",\"@id\":\"https:\/\/www.justiceinfo.net\/fr#\/schema\/person\/6e53cba1629e2e66f3fc1821d3091865\"},\"headline\":\"28.09.11 - FRANCE\/RWANDA - L'ANCIEN MINISTRE NSENGIYUMVA REMIS EN LIBERT\u00c9\",\"datePublished\":\"2011-09-27T22:00:00+00:00\",\"mainEntityOfPage\":{\"@id\":\"https:\/\/www.justiceinfo.net\/fr\/13641-280911-francerwanda-lancien-ministre-nsengiyumva-remis-en-liberte10456.html\"},\"wordCount\":1168,\"commentCount\":0,\"publisher\":{\"@id\":\"https:\/\/www.justiceinfo.net\/fr#organization\"},\"articleSection\":[\"Hirondelle News\"],\"inLanguage\":\"fr-FR\",\"potentialAction\":[{\"@type\":\"CommentAction\",\"name\":\"Comment\",\"target\":[\"https:\/\/www.justiceinfo.net\/fr\/13641-280911-francerwanda-lancien-ministre-nsengiyumva-remis-en-liberte10456.html#respond\"]}]},{\"@type\":\"WebPage\",\"@id\":\"https:\/\/www.justiceinfo.net\/fr\/13641-280911-francerwanda-lancien-ministre-nsengiyumva-remis-en-liberte10456.html\",\"url\":\"https:\/\/www.justiceinfo.net\/fr\/13641-280911-francerwanda-lancien-ministre-nsengiyumva-remis-en-liberte10456.html\",\"name\":\"28.09.11 - FRANCE\/RWANDA - L'ANCIEN MINISTRE NSENGIYUMVA REMIS EN LIBERT\u00c9 - JusticeInfo.net\",\"isPartOf\":{\"@id\":\"https:\/\/www.justiceinfo.net\/fr#website\"},\"datePublished\":\"2011-09-27T22:00:00+00:00\",\"breadcrumb\":{\"@id\":\"https:\/\/www.justiceinfo.net\/fr\/13641-280911-francerwanda-lancien-ministre-nsengiyumva-remis-en-liberte10456.html#breadcrumb\"},\"inLanguage\":\"fr-FR\",\"potentialAction\":[{\"@type\":\"ReadAction\",\"target\":[\"https:\/\/www.justiceinfo.net\/fr\/13641-280911-francerwanda-lancien-ministre-nsengiyumva-remis-en-liberte10456.html\"]}]},{\"@type\":\"BreadcrumbList\",\"@id\":\"https:\/\/www.justiceinfo.net\/fr\/13641-280911-francerwanda-lancien-ministre-nsengiyumva-remis-en-liberte10456.html#breadcrumb\",\"itemListElement\":[{\"@type\":\"ListItem\",\"position\":1,\"name\":\"Home\",\"item\":\"https:\/\/www.justiceinfo.net\/fr\"},{\"@type\":\"ListItem\",\"position\":2,\"name\":\"28.09.11 - FRANCE\/RWANDA - L'ANCIEN MINISTRE NSENGIYUMVA REMIS EN LIBERT\u00c9\"}]},{\"@type\":\"WebSite\",\"@id\":\"https:\/\/www.justiceinfo.net\/fr#website\",\"url\":\"https:\/\/www.justiceinfo.net\/fr\",\"name\":\"JusticeInfo.net\",\"description\":\"La justice doit \u00eatre vue pour \u00eatre rendue\",\"publisher\":{\"@id\":\"https:\/\/www.justiceinfo.net\/fr#organization\"},\"potentialAction\":[{\"@type\":\"SearchAction\",\"target\":{\"@type\":\"EntryPoint\",\"urlTemplate\":\"https:\/\/www.justiceinfo.net\/fr?s={search_term_string}\"},\"query-input\":{\"@type\":\"PropertyValueSpecification\",\"valueRequired\":true,\"valueName\":\"search_term_string\"}}],\"inLanguage\":\"fr-FR\"},{\"@type\":\"Organization\",\"@id\":\"https:\/\/www.justiceinfo.net\/fr#organization\",\"name\":\"Justice Info\",\"url\":\"https:\/\/www.justiceinfo.net\/fr\",\"logo\":{\"@type\":\"ImageObject\",\"inLanguage\":\"fr-FR\",\"@id\":\"https:\/\/www.justiceinfo.net\/fr#\/schema\/logo\/image\/\",\"url\":\"https:\/\/www.justiceinfo.net\/wp-content\/uploads\/justiceinfo_logo-trans_1200x1200px.png\",\"contentUrl\":\"https:\/\/www.justiceinfo.net\/wp-content\/uploads\/justiceinfo_logo-trans_1200x1200px.png\",\"width\":1199,\"height\":1200,\"caption\":\"Justice Info\"},\"image\":{\"@id\":\"https:\/\/www.justiceinfo.net\/fr#\/schema\/logo\/image\/\"},\"sameAs\":[\"https:\/\/www.facebook.com\/JusticeInfo\/\",\"https:\/\/x.com\/justiceinfonet\",\"https:\/\/www.linkedin.com\/company\/justice-info\",\"https:\/\/www.youtube.com\/channel\/UCyCEsARodyuWtkWyhn-e7pA\"]},{\"@type\":\"Person\",\"name\":\"solivri\",\"url\":\"\/fr\/?s=solivri\"}]}<\/script>\n<!-- \/ Yoast SEO Premium plugin. -->","yoast_head_json":{"title":"28.09.11 - FRANCE\/RWANDA - L'ANCIEN MINISTRE NSENGIYUMVA REMIS EN LIBERT\u00c9 - JusticeInfo.net","robots":{"index":"index","follow":"follow","max-snippet":"max-snippet:-1","max-image-preview":"max-image-preview:large","max-video-preview":"max-video-preview:-1"},"canonical":"https:\/\/www.justiceinfo.net\/fr\/13641-280911-francerwanda-lancien-ministre-nsengiyumva-remis-en-liberte10456.html","og_locale":"fr_FR","og_type":"article","og_title":"28.09.11 - FRANCE\/RWANDA - L'ANCIEN MINISTRE NSENGIYUMVA REMIS EN LIBERT\u00c9","og_description":"Paris, 28 septembre 2011 - Interpell&eacute; le 9 ao&ucirc;t dernier &agrave; son domicile de Cr&eacute;teil (sud-est de Paris), l'ancien ministre des Transports du gouvernement int&eacute;rimaire rwandais a &eacute;t&eacute; remis en libert&eacute; sous contr&ocirc;le judiciaire apr&egrave;s 51 jours de d&eacute;tention ce mercredi, &agrave; l'issue d'une audience pr&eacute;liminaire devant la chambre de l'instruction de la cour d'appel [&hellip;]","og_url":"https:\/\/www.justiceinfo.net\/fr\/13641-280911-francerwanda-lancien-ministre-nsengiyumva-remis-en-liberte10456.html","og_site_name":"JusticeInfo.net","article_publisher":"https:\/\/www.facebook.com\/JusticeInfo\/","article_published_time":"2011-09-27T22:00:00+00:00","og_image":[{"width":1200,"height":630,"url":"https:\/\/www.justiceinfo.net\/wp-content\/uploads\/JusticeInfoNet_logo_1200x630px.jpg","type":"image\/jpeg"}],"author":"solivri","twitter_card":"summary_large_image","twitter_creator":"@justiceinfonet","twitter_site":"@justiceinfonet","twitter_misc":{"\u00c9crit par":"solivri","Dur\u00e9e de lecture estim\u00e9e":"5 minutes"},"schema":{"@context":"https:\/\/schema.org","@graph":[{"@type":"NewsArticle","@id":"https:\/\/www.justiceinfo.net\/fr\/13641-280911-francerwanda-lancien-ministre-nsengiyumva-remis-en-liberte10456.html#article","isPartOf":{"@id":"https:\/\/www.justiceinfo.net\/fr\/13641-280911-francerwanda-lancien-ministre-nsengiyumva-remis-en-liberte10456.html"},"author":{"name":"solivri","@id":"https:\/\/www.justiceinfo.net\/fr#\/schema\/person\/6e53cba1629e2e66f3fc1821d3091865"},"headline":"28.09.11 - FRANCE\/RWANDA - L'ANCIEN MINISTRE NSENGIYUMVA REMIS EN LIBERT\u00c9","datePublished":"2011-09-27T22:00:00+00:00","mainEntityOfPage":{"@id":"https:\/\/www.justiceinfo.net\/fr\/13641-280911-francerwanda-lancien-ministre-nsengiyumva-remis-en-liberte10456.html"},"wordCount":1168,"commentCount":0,"publisher":{"@id":"https:\/\/www.justiceinfo.net\/fr#organization"},"articleSection":["Hirondelle News"],"inLanguage":"fr-FR","potentialAction":[{"@type":"CommentAction","name":"Comment","target":["https:\/\/www.justiceinfo.net\/fr\/13641-280911-francerwanda-lancien-ministre-nsengiyumva-remis-en-liberte10456.html#respond"]}]},{"@type":"WebPage","@id":"https:\/\/www.justiceinfo.net\/fr\/13641-280911-francerwanda-lancien-ministre-nsengiyumva-remis-en-liberte10456.html","url":"https:\/\/www.justiceinfo.net\/fr\/13641-280911-francerwanda-lancien-ministre-nsengiyumva-remis-en-liberte10456.html","name":"28.09.11 - FRANCE\/RWANDA - L'ANCIEN MINISTRE NSENGIYUMVA REMIS EN LIBERT\u00c9 - JusticeInfo.net","isPartOf":{"@id":"https:\/\/www.justiceinfo.net\/fr#website"},"datePublished":"2011-09-27T22:00:00+00:00","breadcrumb":{"@id":"https:\/\/www.justiceinfo.net\/fr\/13641-280911-francerwanda-lancien-ministre-nsengiyumva-remis-en-liberte10456.html#breadcrumb"},"inLanguage":"fr-FR","potentialAction":[{"@type":"ReadAction","target":["https:\/\/www.justiceinfo.net\/fr\/13641-280911-francerwanda-lancien-ministre-nsengiyumva-remis-en-liberte10456.html"]}]},{"@type":"BreadcrumbList","@id":"https:\/\/www.justiceinfo.net\/fr\/13641-280911-francerwanda-lancien-ministre-nsengiyumva-remis-en-liberte10456.html#breadcrumb","itemListElement":[{"@type":"ListItem","position":1,"name":"Home","item":"https:\/\/www.justiceinfo.net\/fr"},{"@type":"ListItem","position":2,"name":"28.09.11 - FRANCE\/RWANDA - L'ANCIEN MINISTRE NSENGIYUMVA REMIS EN LIBERT\u00c9"}]},{"@type":"WebSite","@id":"https:\/\/www.justiceinfo.net\/fr#website","url":"https:\/\/www.justiceinfo.net\/fr","name":"JusticeInfo.net","description":"La justice doit \u00eatre vue pour \u00eatre rendue","publisher":{"@id":"https:\/\/www.justiceinfo.net\/fr#organization"},"potentialAction":[{"@type":"SearchAction","target":{"@type":"EntryPoint","urlTemplate":"https:\/\/www.justiceinfo.net\/fr?s={search_term_string}"},"query-input":{"@type":"PropertyValueSpecification","valueRequired":true,"valueName":"search_term_string"}}],"inLanguage":"fr-FR"},{"@type":"Organization","@id":"https:\/\/www.justiceinfo.net\/fr#organization","name":"Justice Info","url":"https:\/\/www.justiceinfo.net\/fr","logo":{"@type":"ImageObject","inLanguage":"fr-FR","@id":"https:\/\/www.justiceinfo.net\/fr#\/schema\/logo\/image\/","url":"https:\/\/www.justiceinfo.net\/wp-content\/uploads\/justiceinfo_logo-trans_1200x1200px.png","contentUrl":"https:\/\/www.justiceinfo.net\/wp-content\/uploads\/justiceinfo_logo-trans_1200x1200px.png","width":1199,"height":1200,"caption":"Justice Info"},"image":{"@id":"https:\/\/www.justiceinfo.net\/fr#\/schema\/logo\/image\/"},"sameAs":["https:\/\/www.facebook.com\/JusticeInfo\/","https:\/\/x.com\/justiceinfonet","https:\/\/www.linkedin.com\/company\/justice-info","https:\/\/www.youtube.com\/channel\/UCyCEsARodyuWtkWyhn-e7pA"]},{"@type":"Person","name":"solivri","url":"\/fr\/?s=solivri"}]}},"_links":{"self":[{"href":"https:\/\/www.justiceinfo.net\/fr\/wp-json\/wp\/v2\/posts\/13641","targetHints":{"allow":["GET"]}}],"collection":[{"href":"https:\/\/www.justiceinfo.net\/fr\/wp-json\/wp\/v2\/posts"}],"about":[{"href":"https:\/\/www.justiceinfo.net\/fr\/wp-json\/wp\/v2\/types\/post"}],"author":[{"embeddable":true,"href":"https:\/\/www.justiceinfo.net\/fr\/wp-json\/wp\/v2\/users\/64"}],"replies":[{"embeddable":true,"href":"https:\/\/www.justiceinfo.net\/fr\/wp-json\/wp\/v2\/comments?post=13641"}],"version-history":[{"count":0,"href":"https:\/\/www.justiceinfo.net\/fr\/wp-json\/wp\/v2\/posts\/13641\/revisions"}],"wp:attachment":[{"href":"https:\/\/www.justiceinfo.net\/fr\/wp-json\/wp\/v2\/media?parent=13641"}],"wp:term":[{"taxonomy":"category","embeddable":true,"href":"https:\/\/www.justiceinfo.net\/fr\/wp-json\/wp\/v2\/categories?post=13641"},{"taxonomy":"post_tag","embeddable":true,"href":"https:\/\/www.justiceinfo.net\/fr\/wp-json\/wp\/v2\/tags?post=13641"},{"taxonomy":"ji_location","embeddable":true,"href":"https:\/\/www.justiceinfo.net\/fr\/wp-json\/wp\/v2\/ji_location?post=13641"}],"curies":[{"name":"wp","href":"https:\/\/api.w.org\/{rel}","templated":true}]}}