{"id":13659,"date":"2011-10-03T00:00:00","date_gmt":"2011-10-02T22:00:00","guid":{"rendered":"https:\/\/www.justiceinfo.net\/13659-031011-francerwanda-laffaire-du-sejour-de-gratien-kabiligi-portee-devant-le-conseil-detat10476.html"},"modified":"2011-10-03T00:00:00","modified_gmt":"2011-10-02T22:00:00","slug":"031011-francerwanda-laffaire-du-sejour-de-gratien-kabiligi-portee-devant-le-conseil-detat10476","status":"publish","type":"post","link":"https:\/\/www.justiceinfo.net\/fr\/13659-031011-francerwanda-laffaire-du-sejour-de-gratien-kabiligi-portee-devant-le-conseil-detat10476.html","title":{"rendered":"03.10.11 - FRANCE\/RWANDA - L'AFFAIRE DU S\u00c9JOUR DE GRATIEN KABILIGI PORT\u00c9E DEVANT LE CONSEIL D'ETAT"},"content":{"rendered":"<p>\nParis, 3 octobre 2011 (FH) - Le minist&egrave;re de l'Int&eacute;rieur a port&eacute; devant le Conseil d'Etat la bataille juridique sur la demande de s&eacute;jour en France de Gratien Kabiligi, ancien g&eacute;n&eacute;ral de l'arm&eacute;e rwandaise acquitt&eacute; en 2008 par le Tribunal p&eacute;nal international pour le Rwanda (TPIR), a-t-on appris lundi de source judiciaire.\n<\/p>\n<p><!--more--><\/p>\n<p >\n<p >\n<p >\nSanctionn&eacute; &agrave; deux reprises par le tribunal administratif de Nantes pour son refus d'accueillir sur le territoire fran&ccedil;ais M. Kabiligi, le minist&egrave;re de l'Int&eacute;rieur s'est pourvu en cassation le 8 septembre dernier devant la plus haute juridiction administrative fran&ccedil;aise.\n<\/p>\n<p >\n<p >\nLe minist&egrave;re demande au Conseil d'Etat d'annuler l'ordonnance du 23 ao&ucirc;t dernier, par laquelle le juge pr&eacute;sident du tribunal administratif de Nantes, Bernard Madelaine, lui a enjoint &laquo; de prendre une nouvelle d&eacute;cision dans [un] d&eacute;lai de quinze jours &raquo;, estimant qu'il &laquo; se contente d'all&eacute;gations nullement &eacute;tay&eacute;es &raquo;. Le juge nantais avait estim&eacute; que M. Kabiligi pouvait &laquo; l&eacute;gitimement aspirer, apr&egrave;s une longue s&eacute;paration, &agrave; retrouver les membres de sa famille (&eacute;pouse et filles) qui vivent en France et sont de nationalit&eacute; fran&ccedil;aise &raquo;.\n<\/p>\n<p >\nDe son c&ocirc;t&eacute;, ma&icirc;tre Alexandre Varaut, avocat du Rwandais acquitt&eacute; par le TPIR, a demand&eacute; le 30 septembre au tribunal de Nantes de contraindre le minist&egrave;re de l'Int&eacute;rieur &agrave; r&eacute;viser son refus. &laquo; Les quinze jours sont largement expir&eacute;s, je demande au juge d'ordonner une astreinte, parce que sa d&eacute;cision n'a pas &eacute;t&eacute; respect&eacute;e &raquo;,a-t-il pr&eacute;cis&eacute; &agrave; l'Agence Hirondelle.\n<\/p>\n<p >\n<p >\n&laquo; Ce qui est quand m&ecirc;me invraisemblable c'est que l'Etat soit ainsi hors la loi. Qu'il saisisse le Conseil d'Etat c'est possible, mais qu'il ne respecte pas une d&eacute;cision de justice, c'est assez inou&iuml;. J'ai lu le m&eacute;moire d&eacute;pos&eacute; par le ministre : M. Kabiligi serait un repr&eacute;sentant du &lsquo;hutu power', mais quelle est la pi&egrave;ce qui l'&eacute;tablit ? Rien, n&eacute;ant, z&eacute;ro ! &raquo;, commente Me Varaut.\n<\/p>\n<p >\n<p >\nSelon le minist&egrave;re de l'Int&eacute;rieur, accorder un visa long s&eacute;jour &agrave; l'ancien haut grad&eacute; rwandais pourrait constituer &laquo; un trouble &agrave; l'ordre public &raquo;.\n<\/p>\n<p >\n<p >\nLa venue en France de Gratien Kabiligi &laquo; renforcerait aux yeux des autorit&eacute;s rwandaises le fait que cette derni&egrave;re h&eacute;berge des &lsquo;pr&eacute;sum&eacute;s g&eacute;nocidaires' et la diaspora du &lsquo;Hutu power' ce qui affecterait les relations diplomatiques avec le Rwanda &raquo; et pourrait &laquo; troubler &raquo; la communaut&eacute; rwandaise de France, avait par ailleurs argument&eacute; le minist&egrave;re des Affaires &eacute;trang&egrave;res pour justifier le refus de visa.\n<\/p>\n<p >\n<p >\nArr&ecirc;t&eacute; en 1997, Gratien Kabiligi a &eacute;t&eacute; acquitt&eacute; par le TPIR le 18 d&eacute;cembre 2008. Innocent&eacute;s avant lui par le tribunal d'Arusha, deux anciens bourgmestres ont d&eacute;j&agrave; &eacute;t&eacute; accueillis sur le territoire fran&ccedil;ais.\n<\/p>\n<p >\n<p >\nLe 6 juin dernier, la pr&eacute;sidente du tribunal d'Arusha avait lanc&eacute; un appel aux &Eacute;tats pour accueillir les personnes acquitt&eacute;es par sa juridiction. Faute d'avoir trouv&eacute; un pays d'accueil, Gratien Kabiligi et deux autres anciens suspects innocent&eacute;s vivent depuis plusieurs ann&eacute;es dans une r&eacute;sidence prot&eacute;g&eacute;e par les Nations unies, &agrave; Arusha.\n<\/p>\n<p >\nAcquitt&eacute;s vendredi par le TPIR, les deux anciens ministres Casimir Bizimungu et J&eacute;rome Bicamumpaka vont &agrave; leur tour devoir trouver un pays d'accueil.\n<\/p>\n<p >\n<p >\nFP\/GF\n<\/p>\n<p>\n&copy; Agence Hirondelle<\/p>\n","protected":false},"excerpt":{"rendered":"<p>Paris, 3 octobre 2011 (FH) - Le minist&egrave;re de l'Int&eacute;rieur a port&eacute; devant le Conseil d'Etat la bataille juridique sur la demande de s&eacute;jour en France de Gratien Kabiligi, ancien g&eacute;n&eacute;ral de l'arm&eacute;e rwandaise acquitt&eacute; en 2008 par le Tribunal p&eacute;nal international pour le Rwanda (TPIR), a-t-on appris lundi de source judiciaire.<\/p>\n","protected":false},"author":64,"featured_media":0,"comment_status":"open","ping_status":"closed","sticky":false,"template":"","format":"standard","meta":{"_acf_changed":false,"footnotes":""},"categories":[554],"tags":[],"ji_location":[],"class_list":["post-13659","post","type-post","status-publish","format-standard","hentry","category-hirondellenews"],"acf":[],"yoast_head":"<!-- This site is optimized with the Yoast SEO Premium plugin v25.3.1 (Yoast SEO v25.3.1) - https:\/\/yoast.com\/wordpress\/plugins\/seo\/ -->\n<title>03.10.11 - FRANCE\/RWANDA - L&#039;AFFAIRE DU S\u00c9JOUR DE GRATIEN KABILIGI PORT\u00c9E DEVANT LE CONSEIL D&#039;ETAT - JusticeInfo.net<\/title>\n<meta name=\"robots\" content=\"index, follow, max-snippet:-1, max-image-preview:large, max-video-preview:-1\" \/>\n<link rel=\"canonical\" href=\"https:\/\/www.justiceinfo.net\/fr\/13659-031011-francerwanda-laffaire-du-sejour-de-gratien-kabiligi-portee-devant-le-conseil-detat10476.html\" \/>\n<meta property=\"og:locale\" content=\"fr_FR\" \/>\n<meta property=\"og:type\" content=\"article\" \/>\n<meta property=\"og:title\" content=\"03.10.11 - FRANCE\/RWANDA - L&#039;AFFAIRE DU S\u00c9JOUR DE GRATIEN KABILIGI PORT\u00c9E DEVANT LE CONSEIL D&#039;ETAT\" \/>\n<meta property=\"og:description\" content=\"Paris, 3 octobre 2011 (FH) - Le minist&egrave;re de l&#039;Int&eacute;rieur a port&eacute; devant le Conseil d&#039;Etat la bataille juridique sur la demande de s&eacute;jour en France de Gratien Kabiligi, ancien g&eacute;n&eacute;ral de l&#039;arm&eacute;e rwandaise acquitt&eacute; en 2008 par le Tribunal p&eacute;nal international pour le Rwanda (TPIR), a-t-on appris lundi de source judiciaire.\" \/>\n<meta property=\"og:url\" content=\"https:\/\/www.justiceinfo.net\/fr\/13659-031011-francerwanda-laffaire-du-sejour-de-gratien-kabiligi-portee-devant-le-conseil-detat10476.html\" \/>\n<meta property=\"og:site_name\" content=\"JusticeInfo.net\" \/>\n<meta property=\"article:publisher\" content=\"https:\/\/www.facebook.com\/JusticeInfo\/\" \/>\n<meta property=\"article:published_time\" content=\"2011-10-02T22:00:00+00:00\" \/>\n<meta property=\"og:image\" content=\"https:\/\/www.justiceinfo.net\/wp-content\/uploads\/JusticeInfoNet_logo_1200x630px.jpg\" \/>\n\t<meta property=\"og:image:width\" content=\"1200\" \/>\n\t<meta property=\"og:image:height\" content=\"630\" \/>\n\t<meta property=\"og:image:type\" content=\"image\/jpeg\" \/>\n<meta name=\"author\" content=\"solivri\" \/>\n<meta name=\"twitter:card\" content=\"summary_large_image\" \/>\n<meta name=\"twitter:creator\" content=\"@justiceinfonet\" \/>\n<meta name=\"twitter:site\" content=\"@justiceinfonet\" \/>\n<meta name=\"twitter:label1\" content=\"\u00c9crit par\" \/>\n\t<meta name=\"twitter:data1\" content=\"solivri\" \/>\n\t<meta name=\"twitter:label2\" content=\"Dur\u00e9e de lecture estim\u00e9e\" \/>\n\t<meta name=\"twitter:data2\" content=\"3 minutes\" \/>\n<script type=\"application\/ld+json\" class=\"yoast-schema-graph\">{\"@context\":\"https:\/\/schema.org\",\"@graph\":[{\"@type\":\"NewsArticle\",\"@id\":\"https:\/\/www.justiceinfo.net\/fr\/13659-031011-francerwanda-laffaire-du-sejour-de-gratien-kabiligi-portee-devant-le-conseil-detat10476.html#article\",\"isPartOf\":{\"@id\":\"https:\/\/www.justiceinfo.net\/fr\/13659-031011-francerwanda-laffaire-du-sejour-de-gratien-kabiligi-portee-devant-le-conseil-detat10476.html\"},\"author\":{\"name\":\"solivri\",\"@id\":\"https:\/\/www.justiceinfo.net\/fr#\/schema\/person\/6e53cba1629e2e66f3fc1821d3091865\"},\"headline\":\"03.10.11 - FRANCE\/RWANDA - L'AFFAIRE DU S\u00c9JOUR DE GRATIEN KABILIGI PORT\u00c9E DEVANT LE CONSEIL D'ETAT\",\"datePublished\":\"2011-10-02T22:00:00+00:00\",\"mainEntityOfPage\":{\"@id\":\"https:\/\/www.justiceinfo.net\/fr\/13659-031011-francerwanda-laffaire-du-sejour-de-gratien-kabiligi-portee-devant-le-conseil-detat10476.html\"},\"wordCount\":702,\"commentCount\":0,\"publisher\":{\"@id\":\"https:\/\/www.justiceinfo.net\/fr#organization\"},\"articleSection\":[\"Hirondelle News\"],\"inLanguage\":\"fr-FR\",\"potentialAction\":[{\"@type\":\"CommentAction\",\"name\":\"Comment\",\"target\":[\"https:\/\/www.justiceinfo.net\/fr\/13659-031011-francerwanda-laffaire-du-sejour-de-gratien-kabiligi-portee-devant-le-conseil-detat10476.html#respond\"]}]},{\"@type\":\"WebPage\",\"@id\":\"https:\/\/www.justiceinfo.net\/fr\/13659-031011-francerwanda-laffaire-du-sejour-de-gratien-kabiligi-portee-devant-le-conseil-detat10476.html\",\"url\":\"https:\/\/www.justiceinfo.net\/fr\/13659-031011-francerwanda-laffaire-du-sejour-de-gratien-kabiligi-portee-devant-le-conseil-detat10476.html\",\"name\":\"03.10.11 - FRANCE\/RWANDA - L'AFFAIRE DU S\u00c9JOUR DE GRATIEN KABILIGI PORT\u00c9E DEVANT LE CONSEIL D'ETAT - JusticeInfo.net\",\"isPartOf\":{\"@id\":\"https:\/\/www.justiceinfo.net\/fr#website\"},\"datePublished\":\"2011-10-02T22:00:00+00:00\",\"breadcrumb\":{\"@id\":\"https:\/\/www.justiceinfo.net\/fr\/13659-031011-francerwanda-laffaire-du-sejour-de-gratien-kabiligi-portee-devant-le-conseil-detat10476.html#breadcrumb\"},\"inLanguage\":\"fr-FR\",\"potentialAction\":[{\"@type\":\"ReadAction\",\"target\":[\"https:\/\/www.justiceinfo.net\/fr\/13659-031011-francerwanda-laffaire-du-sejour-de-gratien-kabiligi-portee-devant-le-conseil-detat10476.html\"]}]},{\"@type\":\"BreadcrumbList\",\"@id\":\"https:\/\/www.justiceinfo.net\/fr\/13659-031011-francerwanda-laffaire-du-sejour-de-gratien-kabiligi-portee-devant-le-conseil-detat10476.html#breadcrumb\",\"itemListElement\":[{\"@type\":\"ListItem\",\"position\":1,\"name\":\"Home\",\"item\":\"https:\/\/www.justiceinfo.net\/fr\"},{\"@type\":\"ListItem\",\"position\":2,\"name\":\"03.10.11 - FRANCE\/RWANDA - L'AFFAIRE DU S\u00c9JOUR DE GRATIEN KABILIGI PORT\u00c9E DEVANT LE CONSEIL D'ETAT\"}]},{\"@type\":\"WebSite\",\"@id\":\"https:\/\/www.justiceinfo.net\/fr#website\",\"url\":\"https:\/\/www.justiceinfo.net\/fr\",\"name\":\"JusticeInfo.net\",\"description\":\"La justice doit \u00eatre vue pour \u00eatre rendue\",\"publisher\":{\"@id\":\"https:\/\/www.justiceinfo.net\/fr#organization\"},\"potentialAction\":[{\"@type\":\"SearchAction\",\"target\":{\"@type\":\"EntryPoint\",\"urlTemplate\":\"https:\/\/www.justiceinfo.net\/fr?s={search_term_string}\"},\"query-input\":{\"@type\":\"PropertyValueSpecification\",\"valueRequired\":true,\"valueName\":\"search_term_string\"}}],\"inLanguage\":\"fr-FR\"},{\"@type\":\"Organization\",\"@id\":\"https:\/\/www.justiceinfo.net\/fr#organization\",\"name\":\"Justice Info\",\"url\":\"https:\/\/www.justiceinfo.net\/fr\",\"logo\":{\"@type\":\"ImageObject\",\"inLanguage\":\"fr-FR\",\"@id\":\"https:\/\/www.justiceinfo.net\/fr#\/schema\/logo\/image\/\",\"url\":\"https:\/\/www.justiceinfo.net\/wp-content\/uploads\/justiceinfo_logo-trans_1200x1200px.png\",\"contentUrl\":\"https:\/\/www.justiceinfo.net\/wp-content\/uploads\/justiceinfo_logo-trans_1200x1200px.png\",\"width\":1199,\"height\":1200,\"caption\":\"Justice Info\"},\"image\":{\"@id\":\"https:\/\/www.justiceinfo.net\/fr#\/schema\/logo\/image\/\"},\"sameAs\":[\"https:\/\/www.facebook.com\/JusticeInfo\/\",\"https:\/\/x.com\/justiceinfonet\",\"https:\/\/www.linkedin.com\/company\/justice-info\",\"https:\/\/www.youtube.com\/channel\/UCyCEsARodyuWtkWyhn-e7pA\"]},{\"@type\":\"Person\",\"name\":\"solivri\",\"url\":\"\/fr\/?s=solivri\"}]}<\/script>\n<!-- \/ Yoast SEO Premium plugin. -->","yoast_head_json":{"title":"03.10.11 - FRANCE\/RWANDA - L'AFFAIRE DU S\u00c9JOUR DE GRATIEN KABILIGI PORT\u00c9E DEVANT LE CONSEIL D'ETAT - JusticeInfo.net","robots":{"index":"index","follow":"follow","max-snippet":"max-snippet:-1","max-image-preview":"max-image-preview:large","max-video-preview":"max-video-preview:-1"},"canonical":"https:\/\/www.justiceinfo.net\/fr\/13659-031011-francerwanda-laffaire-du-sejour-de-gratien-kabiligi-portee-devant-le-conseil-detat10476.html","og_locale":"fr_FR","og_type":"article","og_title":"03.10.11 - FRANCE\/RWANDA - L'AFFAIRE DU S\u00c9JOUR DE GRATIEN KABILIGI PORT\u00c9E DEVANT LE CONSEIL D'ETAT","og_description":"Paris, 3 octobre 2011 (FH) - Le minist&egrave;re de l'Int&eacute;rieur a port&eacute; devant le Conseil d'Etat la bataille juridique sur la demande de s&eacute;jour en France de Gratien Kabiligi, ancien g&eacute;n&eacute;ral de l'arm&eacute;e rwandaise acquitt&eacute; en 2008 par le Tribunal p&eacute;nal international pour le Rwanda (TPIR), a-t-on appris lundi de source judiciaire.","og_url":"https:\/\/www.justiceinfo.net\/fr\/13659-031011-francerwanda-laffaire-du-sejour-de-gratien-kabiligi-portee-devant-le-conseil-detat10476.html","og_site_name":"JusticeInfo.net","article_publisher":"https:\/\/www.facebook.com\/JusticeInfo\/","article_published_time":"2011-10-02T22:00:00+00:00","og_image":[{"width":1200,"height":630,"url":"https:\/\/www.justiceinfo.net\/wp-content\/uploads\/JusticeInfoNet_logo_1200x630px.jpg","type":"image\/jpeg"}],"author":"solivri","twitter_card":"summary_large_image","twitter_creator":"@justiceinfonet","twitter_site":"@justiceinfonet","twitter_misc":{"\u00c9crit par":"solivri","Dur\u00e9e de lecture estim\u00e9e":"3 minutes"},"schema":{"@context":"https:\/\/schema.org","@graph":[{"@type":"NewsArticle","@id":"https:\/\/www.justiceinfo.net\/fr\/13659-031011-francerwanda-laffaire-du-sejour-de-gratien-kabiligi-portee-devant-le-conseil-detat10476.html#article","isPartOf":{"@id":"https:\/\/www.justiceinfo.net\/fr\/13659-031011-francerwanda-laffaire-du-sejour-de-gratien-kabiligi-portee-devant-le-conseil-detat10476.html"},"author":{"name":"solivri","@id":"https:\/\/www.justiceinfo.net\/fr#\/schema\/person\/6e53cba1629e2e66f3fc1821d3091865"},"headline":"03.10.11 - FRANCE\/RWANDA - L'AFFAIRE DU S\u00c9JOUR DE GRATIEN KABILIGI PORT\u00c9E DEVANT LE CONSEIL D'ETAT","datePublished":"2011-10-02T22:00:00+00:00","mainEntityOfPage":{"@id":"https:\/\/www.justiceinfo.net\/fr\/13659-031011-francerwanda-laffaire-du-sejour-de-gratien-kabiligi-portee-devant-le-conseil-detat10476.html"},"wordCount":702,"commentCount":0,"publisher":{"@id":"https:\/\/www.justiceinfo.net\/fr#organization"},"articleSection":["Hirondelle News"],"inLanguage":"fr-FR","potentialAction":[{"@type":"CommentAction","name":"Comment","target":["https:\/\/www.justiceinfo.net\/fr\/13659-031011-francerwanda-laffaire-du-sejour-de-gratien-kabiligi-portee-devant-le-conseil-detat10476.html#respond"]}]},{"@type":"WebPage","@id":"https:\/\/www.justiceinfo.net\/fr\/13659-031011-francerwanda-laffaire-du-sejour-de-gratien-kabiligi-portee-devant-le-conseil-detat10476.html","url":"https:\/\/www.justiceinfo.net\/fr\/13659-031011-francerwanda-laffaire-du-sejour-de-gratien-kabiligi-portee-devant-le-conseil-detat10476.html","name":"03.10.11 - FRANCE\/RWANDA - L'AFFAIRE DU S\u00c9JOUR DE GRATIEN KABILIGI PORT\u00c9E DEVANT LE CONSEIL D'ETAT - JusticeInfo.net","isPartOf":{"@id":"https:\/\/www.justiceinfo.net\/fr#website"},"datePublished":"2011-10-02T22:00:00+00:00","breadcrumb":{"@id":"https:\/\/www.justiceinfo.net\/fr\/13659-031011-francerwanda-laffaire-du-sejour-de-gratien-kabiligi-portee-devant-le-conseil-detat10476.html#breadcrumb"},"inLanguage":"fr-FR","potentialAction":[{"@type":"ReadAction","target":["https:\/\/www.justiceinfo.net\/fr\/13659-031011-francerwanda-laffaire-du-sejour-de-gratien-kabiligi-portee-devant-le-conseil-detat10476.html"]}]},{"@type":"BreadcrumbList","@id":"https:\/\/www.justiceinfo.net\/fr\/13659-031011-francerwanda-laffaire-du-sejour-de-gratien-kabiligi-portee-devant-le-conseil-detat10476.html#breadcrumb","itemListElement":[{"@type":"ListItem","position":1,"name":"Home","item":"https:\/\/www.justiceinfo.net\/fr"},{"@type":"ListItem","position":2,"name":"03.10.11 - FRANCE\/RWANDA - L'AFFAIRE DU S\u00c9JOUR DE GRATIEN KABILIGI PORT\u00c9E DEVANT LE CONSEIL D'ETAT"}]},{"@type":"WebSite","@id":"https:\/\/www.justiceinfo.net\/fr#website","url":"https:\/\/www.justiceinfo.net\/fr","name":"JusticeInfo.net","description":"La justice doit \u00eatre vue pour \u00eatre rendue","publisher":{"@id":"https:\/\/www.justiceinfo.net\/fr#organization"},"potentialAction":[{"@type":"SearchAction","target":{"@type":"EntryPoint","urlTemplate":"https:\/\/www.justiceinfo.net\/fr?s={search_term_string}"},"query-input":{"@type":"PropertyValueSpecification","valueRequired":true,"valueName":"search_term_string"}}],"inLanguage":"fr-FR"},{"@type":"Organization","@id":"https:\/\/www.justiceinfo.net\/fr#organization","name":"Justice Info","url":"https:\/\/www.justiceinfo.net\/fr","logo":{"@type":"ImageObject","inLanguage":"fr-FR","@id":"https:\/\/www.justiceinfo.net\/fr#\/schema\/logo\/image\/","url":"https:\/\/www.justiceinfo.net\/wp-content\/uploads\/justiceinfo_logo-trans_1200x1200px.png","contentUrl":"https:\/\/www.justiceinfo.net\/wp-content\/uploads\/justiceinfo_logo-trans_1200x1200px.png","width":1199,"height":1200,"caption":"Justice Info"},"image":{"@id":"https:\/\/www.justiceinfo.net\/fr#\/schema\/logo\/image\/"},"sameAs":["https:\/\/www.facebook.com\/JusticeInfo\/","https:\/\/x.com\/justiceinfonet","https:\/\/www.linkedin.com\/company\/justice-info","https:\/\/www.youtube.com\/channel\/UCyCEsARodyuWtkWyhn-e7pA"]},{"@type":"Person","name":"solivri","url":"\/fr\/?s=solivri"}]}},"_links":{"self":[{"href":"https:\/\/www.justiceinfo.net\/fr\/wp-json\/wp\/v2\/posts\/13659","targetHints":{"allow":["GET"]}}],"collection":[{"href":"https:\/\/www.justiceinfo.net\/fr\/wp-json\/wp\/v2\/posts"}],"about":[{"href":"https:\/\/www.justiceinfo.net\/fr\/wp-json\/wp\/v2\/types\/post"}],"author":[{"embeddable":true,"href":"https:\/\/www.justiceinfo.net\/fr\/wp-json\/wp\/v2\/users\/64"}],"replies":[{"embeddable":true,"href":"https:\/\/www.justiceinfo.net\/fr\/wp-json\/wp\/v2\/comments?post=13659"}],"version-history":[{"count":0,"href":"https:\/\/www.justiceinfo.net\/fr\/wp-json\/wp\/v2\/posts\/13659\/revisions"}],"wp:attachment":[{"href":"https:\/\/www.justiceinfo.net\/fr\/wp-json\/wp\/v2\/media?parent=13659"}],"wp:term":[{"taxonomy":"category","embeddable":true,"href":"https:\/\/www.justiceinfo.net\/fr\/wp-json\/wp\/v2\/categories?post=13659"},{"taxonomy":"post_tag","embeddable":true,"href":"https:\/\/www.justiceinfo.net\/fr\/wp-json\/wp\/v2\/tags?post=13659"},{"taxonomy":"ji_location","embeddable":true,"href":"https:\/\/www.justiceinfo.net\/fr\/wp-json\/wp\/v2\/ji_location?post=13659"}],"curies":[{"name":"wp","href":"https:\/\/api.w.org\/{rel}","templated":true}]}}