{"id":13673,"date":"2011-10-06T00:00:00","date_gmt":"2011-10-05T22:00:00","guid":{"rendered":"https:\/\/www.justiceinfo.net\/13673-061011-norvegerwanda-charles-bandora-fait-appel-contre-son-extradition10490.html"},"modified":"2011-10-06T00:00:00","modified_gmt":"2011-10-05T22:00:00","slug":"061011-norvegerwanda-charles-bandora-fait-appel-contre-son-extradition10490","status":"publish","type":"post","link":"https:\/\/www.justiceinfo.net\/fr\/13673-061011-norvegerwanda-charles-bandora-fait-appel-contre-son-extradition10490.html","title":{"rendered":"06.10.11 - NORV\u00c8GE\/RWANDA - CHARLES BANDORA FAIT APPEL CONTRE SON EXTRADITION"},"content":{"rendered":"<p>\nParis, 6 octobre 2011 (FH) - Charles Bandora a fait appel, mardi 4 octobre, devant la Cour supr&ecirc;me de Norv&egrave;ge contre l'extradition accord&eacute;e au Rwanda le 19 septembre par la Cour d'appel d'Oslo, a-t-on appris jeudi de son avocat norv&eacute;gien Harald Stabell.\n<\/p>\n<p><!--more--><\/p>\n<p >\n<p >\n<p >\n&laquo; Cette extradition est en conflit avec les principes d'un proc&egrave;s &eacute;quitable, prot&eacute;g&eacute;s par l'article 6 de la Convention europ&eacute;enne des droits de l'homme &raquo;, a d&eacute;clar&eacute; M. Stabell.\n<\/p>\n<p >\n<p >\nDans son appel, l'avocat pr&eacute;cise notamment qu'il n'a pas pu prendre connaissance des arguments du procureur du Tribunal p&eacute;nal international pour le Rwanda (TPIR) en faveur du transfert du pasteur Jean-Bosco Uwinkindi vers le Rwanda, accord&eacute; le 28 juin dernier devant le tribunal d'Arusha. Pour accorder l'extradition de Charles Bandora, la Cour d'appel d'Oslo s'&eacute;tait en partie appuy&eacute;e sur cette d&eacute;cision du TPIR, qui est actuellement soumise &agrave; appel.\n<\/p>\n<p >\n<p >\nDe son c&ocirc;t&eacute;, Harald Stabell se r&eacute;f&egrave;re dans sa requ&ecirc;te au rejet de l'extradition, le 28 septembre dernier &agrave; Paris, de l'ancienne premi&egrave;re dame du Rwanda, Agathe Habyarimana, qui &eacute;tait &eacute;galement demand&eacute;e par son pays d'origine. Si son appel &eacute;tait rejet&eacute;, Me Stabell indique qu'il portera l'affaire devant la Cour europ&eacute;enne des droits de l'homme &agrave; Strasbourg (CEDH).\n<\/p>\n<p >\n<p >\nDepuis juillet 2009, la cour de Strasbourg est saisie d'une autre affaire d'extradition rwandaise, qui concerne l'ancien directeur de l'aviation civile rwandaise Sylv&egrave;re Ahorugeze. Arr&ecirc;t&eacute; en 2006 au Danemark, il a &eacute;t&eacute; rel&acirc;ch&eacute; faute de preuves apr&egrave;s deux ans d'enqu&ecirc;te. Sous le coup d'une demande d'extradition de Kigali, il a &eacute;t&eacute; &agrave; nouveau arr&ecirc;t&eacute; en Su&egrave;de en juillet 2008, o&ugrave; il a &eacute;t&eacute; rel&acirc;ch&eacute; le 27 juillet dernier apr&egrave;s trois ans de d&eacute;tention. M. Ahorugeze r&eacute;side actuellement au Danemark, avec sa famille, dans l'attente de la d&eacute;cision de la CEDH.\n<\/p>\n<p >\n<p >\nL'homme d'affaires Charles Bandora, n&eacute; en 1953 dans l'ancienne province de Gikongoro (sud-est du Rwanda), est consid&eacute;r&eacute; comme un suspect important par les autorit&eacute;s rwandaises. D&eacute;crit comme membre influent du parti pr&eacute;sidentiel, il aurait particip&eacute; &agrave; l'entra&icirc;nement de miliciens Interahamwe, dans la r&eacute;gion du Bugesera (sud-est) et supervis&eacute; des massacres en 1994.\n<\/p>\n<p >\n<p >\nM. Bandora poursuivait des activit&eacute;s commerciales au Malawi, quand il a &eacute;t&eacute; arr&ecirc;t&eacute; bri&egrave;vement une premi&egrave;re fois, en janvier 2010. Appr&eacute;hend&eacute; six mois plus tard &agrave; Bruxelles, il a &eacute;t&eacute; expuls&eacute; vers la Norv&egrave;ge, qui lui avait attribu&eacute; son visa d'entr&eacute;e dans l'espace Schengen.\n<\/p>\n<p >\n<p >\nSelon le quotidien norv&eacute;gien Aftenposten, la police a enqu&ecirc;t&eacute; ces derni&egrave;res ann&eacute;es sur 19 personnes suspect&eacute;es de g&eacute;nocide en Norv&egrave;ge, dont 4 pourraient faire l'objet de poursuites. Apr&egrave;s Charles Bandora, un second suspect a &eacute;t&eacute; arr&ecirc;t&eacute; le 3 mai dernier dans le pays scandinave.\n<\/p>\n<p >\n<p >\nFP\/GF\n<\/p>\n<p>\n&copy; Agence Hirondelle<\/p>\n","protected":false},"excerpt":{"rendered":"<p>Paris, 6 octobre 2011 (FH) - Charles Bandora a fait appel, mardi 4 octobre, devant la Cour supr&ecirc;me de Norv&egrave;ge contre l'extradition accord&eacute;e au Rwanda le 19 septembre par la Cour d'appel d'Oslo, a-t-on appris jeudi de son avocat norv&eacute;gien Harald Stabell.<\/p>\n","protected":false},"author":64,"featured_media":0,"comment_status":"open","ping_status":"closed","sticky":false,"template":"","format":"standard","meta":{"_acf_changed":false,"footnotes":""},"categories":[554],"tags":[],"ji_location":[],"class_list":["post-13673","post","type-post","status-publish","format-standard","hentry","category-hirondellenews"],"acf":[],"yoast_head":"<!-- This site is optimized with the Yoast SEO Premium plugin v25.3.1 (Yoast SEO v25.3.1) - https:\/\/yoast.com\/wordpress\/plugins\/seo\/ -->\n<title>06.10.11 - NORV\u00c8GE\/RWANDA - CHARLES BANDORA FAIT APPEL CONTRE SON EXTRADITION - JusticeInfo.net<\/title>\n<meta name=\"robots\" content=\"index, follow, max-snippet:-1, max-image-preview:large, max-video-preview:-1\" \/>\n<link rel=\"canonical\" href=\"https:\/\/www.justiceinfo.net\/fr\/13673-061011-norvegerwanda-charles-bandora-fait-appel-contre-son-extradition10490.html\" \/>\n<meta property=\"og:locale\" content=\"fr_FR\" \/>\n<meta property=\"og:type\" content=\"article\" \/>\n<meta property=\"og:title\" content=\"06.10.11 - NORV\u00c8GE\/RWANDA - CHARLES BANDORA FAIT APPEL CONTRE SON EXTRADITION\" \/>\n<meta property=\"og:description\" content=\"Paris, 6 octobre 2011 (FH) - Charles Bandora a fait appel, mardi 4 octobre, devant la Cour supr&ecirc;me de Norv&egrave;ge contre l&#039;extradition accord&eacute;e au Rwanda le 19 septembre par la Cour d&#039;appel d&#039;Oslo, a-t-on appris jeudi de son avocat norv&eacute;gien Harald Stabell.\" \/>\n<meta property=\"og:url\" content=\"https:\/\/www.justiceinfo.net\/fr\/13673-061011-norvegerwanda-charles-bandora-fait-appel-contre-son-extradition10490.html\" \/>\n<meta property=\"og:site_name\" content=\"JusticeInfo.net\" \/>\n<meta property=\"article:publisher\" content=\"https:\/\/www.facebook.com\/JusticeInfo\/\" \/>\n<meta property=\"article:published_time\" content=\"2011-10-05T22:00:00+00:00\" \/>\n<meta property=\"og:image\" content=\"https:\/\/www.justiceinfo.net\/wp-content\/uploads\/JusticeInfoNet_logo_1200x630px.jpg\" \/>\n\t<meta property=\"og:image:width\" content=\"1200\" \/>\n\t<meta property=\"og:image:height\" content=\"630\" \/>\n\t<meta property=\"og:image:type\" content=\"image\/jpeg\" \/>\n<meta name=\"author\" content=\"solivri\" \/>\n<meta name=\"twitter:card\" content=\"summary_large_image\" \/>\n<meta name=\"twitter:creator\" content=\"@justiceinfonet\" \/>\n<meta name=\"twitter:site\" content=\"@justiceinfonet\" \/>\n<meta name=\"twitter:label1\" content=\"\u00c9crit par\" \/>\n\t<meta name=\"twitter:data1\" content=\"solivri\" \/>\n\t<meta name=\"twitter:label2\" content=\"Dur\u00e9e de lecture estim\u00e9e\" \/>\n\t<meta name=\"twitter:data2\" content=\"3 minutes\" \/>\n<script type=\"application\/ld+json\" class=\"yoast-schema-graph\">{\"@context\":\"https:\/\/schema.org\",\"@graph\":[{\"@type\":\"NewsArticle\",\"@id\":\"https:\/\/www.justiceinfo.net\/fr\/13673-061011-norvegerwanda-charles-bandora-fait-appel-contre-son-extradition10490.html#article\",\"isPartOf\":{\"@id\":\"https:\/\/www.justiceinfo.net\/fr\/13673-061011-norvegerwanda-charles-bandora-fait-appel-contre-son-extradition10490.html\"},\"author\":{\"name\":\"solivri\",\"@id\":\"https:\/\/www.justiceinfo.net\/fr#\/schema\/person\/6e53cba1629e2e66f3fc1821d3091865\"},\"headline\":\"06.10.11 - NORV\u00c8GE\/RWANDA - CHARLES BANDORA FAIT APPEL CONTRE SON EXTRADITION\",\"datePublished\":\"2011-10-05T22:00:00+00:00\",\"mainEntityOfPage\":{\"@id\":\"https:\/\/www.justiceinfo.net\/fr\/13673-061011-norvegerwanda-charles-bandora-fait-appel-contre-son-extradition10490.html\"},\"wordCount\":607,\"commentCount\":0,\"publisher\":{\"@id\":\"https:\/\/www.justiceinfo.net\/fr#organization\"},\"articleSection\":[\"Hirondelle News\"],\"inLanguage\":\"fr-FR\",\"potentialAction\":[{\"@type\":\"CommentAction\",\"name\":\"Comment\",\"target\":[\"https:\/\/www.justiceinfo.net\/fr\/13673-061011-norvegerwanda-charles-bandora-fait-appel-contre-son-extradition10490.html#respond\"]}]},{\"@type\":\"WebPage\",\"@id\":\"https:\/\/www.justiceinfo.net\/fr\/13673-061011-norvegerwanda-charles-bandora-fait-appel-contre-son-extradition10490.html\",\"url\":\"https:\/\/www.justiceinfo.net\/fr\/13673-061011-norvegerwanda-charles-bandora-fait-appel-contre-son-extradition10490.html\",\"name\":\"06.10.11 - NORV\u00c8GE\/RWANDA - CHARLES BANDORA FAIT APPEL CONTRE SON EXTRADITION - JusticeInfo.net\",\"isPartOf\":{\"@id\":\"https:\/\/www.justiceinfo.net\/fr#website\"},\"datePublished\":\"2011-10-05T22:00:00+00:00\",\"breadcrumb\":{\"@id\":\"https:\/\/www.justiceinfo.net\/fr\/13673-061011-norvegerwanda-charles-bandora-fait-appel-contre-son-extradition10490.html#breadcrumb\"},\"inLanguage\":\"fr-FR\",\"potentialAction\":[{\"@type\":\"ReadAction\",\"target\":[\"https:\/\/www.justiceinfo.net\/fr\/13673-061011-norvegerwanda-charles-bandora-fait-appel-contre-son-extradition10490.html\"]}]},{\"@type\":\"BreadcrumbList\",\"@id\":\"https:\/\/www.justiceinfo.net\/fr\/13673-061011-norvegerwanda-charles-bandora-fait-appel-contre-son-extradition10490.html#breadcrumb\",\"itemListElement\":[{\"@type\":\"ListItem\",\"position\":1,\"name\":\"Home\",\"item\":\"https:\/\/www.justiceinfo.net\/fr\"},{\"@type\":\"ListItem\",\"position\":2,\"name\":\"06.10.11 - NORV\u00c8GE\/RWANDA - CHARLES BANDORA FAIT APPEL CONTRE SON EXTRADITION\"}]},{\"@type\":\"WebSite\",\"@id\":\"https:\/\/www.justiceinfo.net\/fr#website\",\"url\":\"https:\/\/www.justiceinfo.net\/fr\",\"name\":\"JusticeInfo.net\",\"description\":\"La justice doit \u00eatre vue pour \u00eatre rendue\",\"publisher\":{\"@id\":\"https:\/\/www.justiceinfo.net\/fr#organization\"},\"potentialAction\":[{\"@type\":\"SearchAction\",\"target\":{\"@type\":\"EntryPoint\",\"urlTemplate\":\"https:\/\/www.justiceinfo.net\/fr?s={search_term_string}\"},\"query-input\":{\"@type\":\"PropertyValueSpecification\",\"valueRequired\":true,\"valueName\":\"search_term_string\"}}],\"inLanguage\":\"fr-FR\"},{\"@type\":\"Organization\",\"@id\":\"https:\/\/www.justiceinfo.net\/fr#organization\",\"name\":\"Justice Info\",\"url\":\"https:\/\/www.justiceinfo.net\/fr\",\"logo\":{\"@type\":\"ImageObject\",\"inLanguage\":\"fr-FR\",\"@id\":\"https:\/\/www.justiceinfo.net\/fr#\/schema\/logo\/image\/\",\"url\":\"https:\/\/www.justiceinfo.net\/wp-content\/uploads\/justiceinfo_logo-trans_1200x1200px.png\",\"contentUrl\":\"https:\/\/www.justiceinfo.net\/wp-content\/uploads\/justiceinfo_logo-trans_1200x1200px.png\",\"width\":1199,\"height\":1200,\"caption\":\"Justice Info\"},\"image\":{\"@id\":\"https:\/\/www.justiceinfo.net\/fr#\/schema\/logo\/image\/\"},\"sameAs\":[\"https:\/\/www.facebook.com\/JusticeInfo\/\",\"https:\/\/x.com\/justiceinfonet\",\"https:\/\/www.linkedin.com\/company\/justice-info\",\"https:\/\/www.youtube.com\/channel\/UCyCEsARodyuWtkWyhn-e7pA\"]},{\"@type\":\"Person\",\"name\":\"solivri\",\"url\":\"\/fr\/?s=solivri\"}]}<\/script>\n<!-- \/ Yoast SEO Premium plugin. -->","yoast_head_json":{"title":"06.10.11 - NORV\u00c8GE\/RWANDA - CHARLES BANDORA FAIT APPEL CONTRE SON EXTRADITION - JusticeInfo.net","robots":{"index":"index","follow":"follow","max-snippet":"max-snippet:-1","max-image-preview":"max-image-preview:large","max-video-preview":"max-video-preview:-1"},"canonical":"https:\/\/www.justiceinfo.net\/fr\/13673-061011-norvegerwanda-charles-bandora-fait-appel-contre-son-extradition10490.html","og_locale":"fr_FR","og_type":"article","og_title":"06.10.11 - NORV\u00c8GE\/RWANDA - CHARLES BANDORA FAIT APPEL CONTRE SON EXTRADITION","og_description":"Paris, 6 octobre 2011 (FH) - Charles Bandora a fait appel, mardi 4 octobre, devant la Cour supr&ecirc;me de Norv&egrave;ge contre l'extradition accord&eacute;e au Rwanda le 19 septembre par la Cour d'appel d'Oslo, a-t-on appris jeudi de son avocat norv&eacute;gien Harald Stabell.","og_url":"https:\/\/www.justiceinfo.net\/fr\/13673-061011-norvegerwanda-charles-bandora-fait-appel-contre-son-extradition10490.html","og_site_name":"JusticeInfo.net","article_publisher":"https:\/\/www.facebook.com\/JusticeInfo\/","article_published_time":"2011-10-05T22:00:00+00:00","og_image":[{"width":1200,"height":630,"url":"https:\/\/www.justiceinfo.net\/wp-content\/uploads\/JusticeInfoNet_logo_1200x630px.jpg","type":"image\/jpeg"}],"author":"solivri","twitter_card":"summary_large_image","twitter_creator":"@justiceinfonet","twitter_site":"@justiceinfonet","twitter_misc":{"\u00c9crit par":"solivri","Dur\u00e9e de lecture estim\u00e9e":"3 minutes"},"schema":{"@context":"https:\/\/schema.org","@graph":[{"@type":"NewsArticle","@id":"https:\/\/www.justiceinfo.net\/fr\/13673-061011-norvegerwanda-charles-bandora-fait-appel-contre-son-extradition10490.html#article","isPartOf":{"@id":"https:\/\/www.justiceinfo.net\/fr\/13673-061011-norvegerwanda-charles-bandora-fait-appel-contre-son-extradition10490.html"},"author":{"name":"solivri","@id":"https:\/\/www.justiceinfo.net\/fr#\/schema\/person\/6e53cba1629e2e66f3fc1821d3091865"},"headline":"06.10.11 - NORV\u00c8GE\/RWANDA - CHARLES BANDORA FAIT APPEL CONTRE SON EXTRADITION","datePublished":"2011-10-05T22:00:00+00:00","mainEntityOfPage":{"@id":"https:\/\/www.justiceinfo.net\/fr\/13673-061011-norvegerwanda-charles-bandora-fait-appel-contre-son-extradition10490.html"},"wordCount":607,"commentCount":0,"publisher":{"@id":"https:\/\/www.justiceinfo.net\/fr#organization"},"articleSection":["Hirondelle News"],"inLanguage":"fr-FR","potentialAction":[{"@type":"CommentAction","name":"Comment","target":["https:\/\/www.justiceinfo.net\/fr\/13673-061011-norvegerwanda-charles-bandora-fait-appel-contre-son-extradition10490.html#respond"]}]},{"@type":"WebPage","@id":"https:\/\/www.justiceinfo.net\/fr\/13673-061011-norvegerwanda-charles-bandora-fait-appel-contre-son-extradition10490.html","url":"https:\/\/www.justiceinfo.net\/fr\/13673-061011-norvegerwanda-charles-bandora-fait-appel-contre-son-extradition10490.html","name":"06.10.11 - NORV\u00c8GE\/RWANDA - CHARLES BANDORA FAIT APPEL CONTRE SON EXTRADITION - JusticeInfo.net","isPartOf":{"@id":"https:\/\/www.justiceinfo.net\/fr#website"},"datePublished":"2011-10-05T22:00:00+00:00","breadcrumb":{"@id":"https:\/\/www.justiceinfo.net\/fr\/13673-061011-norvegerwanda-charles-bandora-fait-appel-contre-son-extradition10490.html#breadcrumb"},"inLanguage":"fr-FR","potentialAction":[{"@type":"ReadAction","target":["https:\/\/www.justiceinfo.net\/fr\/13673-061011-norvegerwanda-charles-bandora-fait-appel-contre-son-extradition10490.html"]}]},{"@type":"BreadcrumbList","@id":"https:\/\/www.justiceinfo.net\/fr\/13673-061011-norvegerwanda-charles-bandora-fait-appel-contre-son-extradition10490.html#breadcrumb","itemListElement":[{"@type":"ListItem","position":1,"name":"Home","item":"https:\/\/www.justiceinfo.net\/fr"},{"@type":"ListItem","position":2,"name":"06.10.11 - NORV\u00c8GE\/RWANDA - CHARLES BANDORA FAIT APPEL CONTRE SON EXTRADITION"}]},{"@type":"WebSite","@id":"https:\/\/www.justiceinfo.net\/fr#website","url":"https:\/\/www.justiceinfo.net\/fr","name":"JusticeInfo.net","description":"La justice doit \u00eatre vue pour \u00eatre rendue","publisher":{"@id":"https:\/\/www.justiceinfo.net\/fr#organization"},"potentialAction":[{"@type":"SearchAction","target":{"@type":"EntryPoint","urlTemplate":"https:\/\/www.justiceinfo.net\/fr?s={search_term_string}"},"query-input":{"@type":"PropertyValueSpecification","valueRequired":true,"valueName":"search_term_string"}}],"inLanguage":"fr-FR"},{"@type":"Organization","@id":"https:\/\/www.justiceinfo.net\/fr#organization","name":"Justice Info","url":"https:\/\/www.justiceinfo.net\/fr","logo":{"@type":"ImageObject","inLanguage":"fr-FR","@id":"https:\/\/www.justiceinfo.net\/fr#\/schema\/logo\/image\/","url":"https:\/\/www.justiceinfo.net\/wp-content\/uploads\/justiceinfo_logo-trans_1200x1200px.png","contentUrl":"https:\/\/www.justiceinfo.net\/wp-content\/uploads\/justiceinfo_logo-trans_1200x1200px.png","width":1199,"height":1200,"caption":"Justice Info"},"image":{"@id":"https:\/\/www.justiceinfo.net\/fr#\/schema\/logo\/image\/"},"sameAs":["https:\/\/www.facebook.com\/JusticeInfo\/","https:\/\/x.com\/justiceinfonet","https:\/\/www.linkedin.com\/company\/justice-info","https:\/\/www.youtube.com\/channel\/UCyCEsARodyuWtkWyhn-e7pA"]},{"@type":"Person","name":"solivri","url":"\/fr\/?s=solivri"}]}},"_links":{"self":[{"href":"https:\/\/www.justiceinfo.net\/fr\/wp-json\/wp\/v2\/posts\/13673","targetHints":{"allow":["GET"]}}],"collection":[{"href":"https:\/\/www.justiceinfo.net\/fr\/wp-json\/wp\/v2\/posts"}],"about":[{"href":"https:\/\/www.justiceinfo.net\/fr\/wp-json\/wp\/v2\/types\/post"}],"author":[{"embeddable":true,"href":"https:\/\/www.justiceinfo.net\/fr\/wp-json\/wp\/v2\/users\/64"}],"replies":[{"embeddable":true,"href":"https:\/\/www.justiceinfo.net\/fr\/wp-json\/wp\/v2\/comments?post=13673"}],"version-history":[{"count":0,"href":"https:\/\/www.justiceinfo.net\/fr\/wp-json\/wp\/v2\/posts\/13673\/revisions"}],"wp:attachment":[{"href":"https:\/\/www.justiceinfo.net\/fr\/wp-json\/wp\/v2\/media?parent=13673"}],"wp:term":[{"taxonomy":"category","embeddable":true,"href":"https:\/\/www.justiceinfo.net\/fr\/wp-json\/wp\/v2\/categories?post=13673"},{"taxonomy":"post_tag","embeddable":true,"href":"https:\/\/www.justiceinfo.net\/fr\/wp-json\/wp\/v2\/tags?post=13673"},{"taxonomy":"ji_location","embeddable":true,"href":"https:\/\/www.justiceinfo.net\/fr\/wp-json\/wp\/v2\/ji_location?post=13673"}],"curies":[{"name":"wp","href":"https:\/\/api.w.org\/{rel}","templated":true}]}}