{"id":1368,"date":"2015-07-23T09:43:48","date_gmt":"2015-07-23T07:43:48","guid":{"rendered":"https:\/\/www.justiceinfo.net\/1368-l-ombre-du-president-deby-plane-sur-le-proces-de-son-predecesseur-habre.html"},"modified":"2015-07-23T09:43:48","modified_gmt":"2015-07-23T07:43:48","slug":"l-ombre-du-president-deby-plane-sur-le-proces-de-son-predecesseur-habre","status":"publish","type":"post","link":"https:\/\/www.justiceinfo.net\/fr\/1368-l-ombre-du-president-deby-plane-sur-le-proces-de-son-predecesseur-habre.html","title":{"rendered":"L'ombre du pr\u00e9sident Deby plane sur le proc\u00e8s de son pr\u00e9d\u00e9cesseur Habr\u00e9"},"content":{"rendered":"<p>Le nom de l'actuel pr\u00e9sident tchadien Idriss Deby promet de revenir tr\u00e8s souvent au spectaculaire proc\u00e8s de son pr\u00e9d\u00e9cesseur Hiss\u00e8ne Habr\u00e9, qui s'est ouvert le lundi 20 juillet \u00e0 Dakar, au S\u00e9n\u00e9gal.<\/p>\n<p>L'actuel homme fort de N'Djamena n'a pas \u00e9t\u00e9 inculp\u00e9 dans le dossier mais il est souvent cit\u00e9 comme complice pr\u00e9sum\u00e9 de son ancien patron.<\/p>\n<p>L'ancien chef de l'Etat tchadien, dont le proc\u00e8s a \u00e9t\u00e9 ajourn\u00e9 mardi au mois de septembre, apr\u00e8s la commission d'office de trois avocats, est poursuivi pour crimes contre l'humanit\u00e9, crimes de guerre et actes de torture perp\u00e9tr\u00e9s sous son r\u00e9gime.<\/p>\n<p>En exil au S\u00e9n\u00e9gal depuis plus de 20 ans, Hiss\u00e8ne Habr\u00e9, aujourd'hui \u00e2g\u00e9 de 72 ans, est d\u00e9tenu depuis juillet 2013 dans une prison de Dakar.<\/p>\n<p>Il est jug\u00e9 \u00a0par les Chambres africaines extraordinaires (CAE), un tribunal sp\u00e9cial cr\u00e9\u00e9 au sein de la justice s\u00e9n\u00e9galaise par un accord entre Dakar et l'Union africaine (UA) avec pour mandat de conna\u00eetre des violations graves du droit international humanitaire commises au Tchad sous son r\u00e9gime, de 1982 \u00e0 1990.<\/p>\n<p>Selon l'accusation, il existe des preuves de cha\u00eenes de commandement liant l'ancien pr\u00e9sident aux exactions perp\u00e9tr\u00e9es par sa redout\u00e9e police politique, la Direction de la documentation et de la s\u00e9curit\u00e9 (DDS) dont les victimes sont estim\u00e9es par les organisations des droits de l'homme \u00e0 environ 40.000 morts.<\/p>\n<p>Mais certains juristes \u00e0 Dakar, comme le b\u00e2tonnier Mbaye Gu\u00e8ye, pensent que justice n'aura pas \u00e9t\u00e9 rendue sur cette sanglante p\u00e9riode de l'histoire du Tchad si tous les suspects, y compris l'actuel chef de l'Etat, ne sont pas traduits en justice.<\/p>\n<p>Apr\u00e8s avoir remerci\u00e9 l'Union africaine (UA) et le gouvernement s\u00e9n\u00e9galais pour l'organisation du proc\u00e8s d'Hiss\u00e8ne Habr\u00e9, qui \u00e9tait attendu par les victimes depuis plus d'une vingtaine d'ann\u00e9es, Ma\u00eetre Mbaye Gu\u00e8ye a d\u00e9plor\u00e9 lundi, en termes \u00e0 peine voil\u00e9s, la non-inculpation d'Idriss Deby. Ce dernier \u00e9tait \u00e0 l'\u00e9poque des faits, chef d'\u00e9tat-major de l'arm\u00e9e.<\/p>\n<p>\u00a0\u00ab\u00a0Pour des faits qui couvrent une p\u00e9riode de presque dix ans, qui ont connu des dizaines de milliers de morts, on ne vous a renvoy\u00e9 qu'une seule personne. Tous les autres inculp\u00e9s sont finalement pass\u00e9s entre les mailles du filet de la justice par la seule volont\u00e9 d'un homme qui, lui-m\u00eame, devrait compara\u00eetre car, il \u00e9tait au-devant des troupes\u00a0\u00bb, a d\u00e9clar\u00e9 le b\u00e2tonnier dans une allocution lors de la c\u00e9r\u00e9monie d'ouverture du proc\u00e8s.<\/p>\n<h3>Traduire en justice tous les responsables<\/h3>\n<p>Un autre avocat s\u00e9n\u00e9galais, Ousmane Seye, a rench\u00e9ri, dans un entretien avec la presse \u00e0 la sortie de la c\u00e9r\u00e9monie. \u00ab\u00a0L'Union africaine n'a pas donn\u00e9 mandat aux Chambres africaines de juger Hiss\u00e8ne Habr\u00e9, elle leur a donn\u00e9 mandat de juger des faits, des crimes commis au Tchad entre 1982 et 1990. Or ces faits impliquent une multitude de personnes dont certaines suivent ce proc\u00e8s, assises confortablement dans des fauteuils au Tchad\u00a0\u00bb, a d\u00e9plor\u00e9 Ma\u00eetre Seye, citant nomm\u00e9ment le pr\u00e9sident Idriss Deby.<\/p>\n<p>Dans un communiqu\u00e9 publi\u00e9 plus t\u00f4t dans la journ\u00e9e, Amnesty International, qui a longtemps lutt\u00e9 aux c\u00f4t\u00e9s des victimes de concert avec d'autres organisations comme Human Rights Watch (HRW) et la F\u00e9d\u00e9ration internationale des ligues des droits de l'homme (FIDH), exprimait un souci similaire. \u00ab\u00a0Le pr\u00e9sident tchadien actuel, Idriss Deby, n'a pas \u00e9t\u00e9 inculp\u00e9 par les Chambres africaines extraordinaires alors qu'il a \u00e9t\u00e9 chef d'\u00e9tat-major de l'arm\u00e9e sous le r\u00e9gime d'Hiss\u00e8ne Habr\u00e9. Les recherches men\u00e9es par Amnesty International indiquent que des soldats sous ses ordres pourraient avoir commis des massacres dans le sud du Tchad en 1984\u00a0\u00bb, faisait remarquer l'organisation. \u00ab La prochaine \u00e9tape pour les autorit\u00e9s tchadiennes consiste \u00e0 veiller \u00e0 tout mettre en \u0153uvre pour d\u00e9f\u00e9rer \u00e0 la justice les responsables pr\u00e9sum\u00e9s des crimes de droit international commis quand Hiss\u00e8ne Habr\u00e9 \u00e9tait au pouvoir\u00a0\u00bb,d\u00e9clarait, dans le communiqu\u00e9, Ga\u00ebtan Mootoo, chercheur sur l'Afrique de l'Ouest \u00e0 Amnesty International, qui a travaill\u00e9 sur le Tchad durant la pr\u00e9sidence d'Hiss\u00e8ne Habr\u00e9.<\/p>\n<p>Pour ce militant des droits de l'homme, \u00ab\u00a0le Tchad ne pourra rompre avec son pass\u00e9 tragique que s'il fait en sorte de traduire devant des tribunaux civils tous les responsables des tr\u00e8s nombreux crimes de droit international et violations des droits humains. S'il ne satisfait pas enti\u00e8rement \u00e0 cette exigence, cela reviendra \u00e0 faire savoir que ces crimes sont effectivement permis\u00bb.<\/p>\n<h3>\u00ab\u00a0Deby a \u00e9t\u00e9 victime lui-m\u00eame\u00a0\u00bb<\/h3>\n<p>Mercredi, lors d'une conf\u00e9rence de presse \u00e0 Dakar, le ministre tchadien de la Communication Hassan Sylla Bakari et son coll\u00e8gue de la Justice Mahamat Issa Halikimi, qui s'\u00e9taient d\u00e9plac\u00e9s pour l'ouverture de ce proc\u00e8s historique, se sont faits les avocats de leur chef. Apr\u00e8s avoir d\u00e9crit Hiss\u00e8ne Habr\u00e9 comme \u00ab\u00a0le pire dictateur que l'humanit\u00e9 ait jamais connu\u00a0\u00bb, comme \u00ab\u00a0un homme qui pouvait tuer m\u00eame ses propres parents\u00a0\u00bb, le ministre de la Communication a affirm\u00e9 qu'Idriss Deby Itno \u00ab\u00a0n'a jamais \u00e9t\u00e9 associ\u00e9, ni de pr\u00e8s, ni de loin, \u00e0 la Direction de la documentation et de la s\u00e9curit\u00e9, la machine de r\u00e9pression aujourd'hui en cause\u00a0\u00bb. Il a ajout\u00e9 que le pr\u00e9sident Deby fait au contraire partie des victimes du r\u00e9gime Habr\u00e9. \u00ab\u00a0Il a \u00e9t\u00e9 victime lui-m\u00eame de cette machine de r\u00e9pression. Il a perdu onze membres de sa famille\u00a0\u00bb, a expliqu\u00e9 le ministre.<\/p>\n<p>Son coll\u00e8gue de la Justice a surtout soulign\u00e9 qu'aucune plainte n'avait \u00e9t\u00e9 port\u00e9e \u00e0 ce jour contre son pr\u00e9sident. \u00ab\u00a0Essayons de ne pas faire d'amalgames\u00a0\u00bb, a-t-il demand\u00e9, manifestement \u00e9nerv\u00e9.<\/p>\n<p>Les deux \u00e9missaires de N'Djamena ont enfin assur\u00e9 que le gouvernement tchadien n'avait pas l'intention d'exercer la moindre pression sur les Chambres africaines extraordinaires, dont il est le principal bailleur de fonds.<\/p>\n<p>\u00a0<\/p>\n<p>\u00a0<\/p>\n","protected":false},"excerpt":{"rendered":"<p>Le nom de l'actuel pr\u00e9sident tchadien Idriss Deby promet de revenir tr\u00e8s souvent au spectaculaire proc\u00e8s de son pr\u00e9d\u00e9cesseur Hiss\u00e8ne Habr\u00e9, qui s'est ouvert le lundi 20 juillet \u00e0 Dakar, au S\u00e9n\u00e9gal. L'actuel homme fort de N'Djamena n'a pas \u00e9t\u00e9 inculp\u00e9 dans le dossier mais il est souvent cit\u00e9 comme complice pr\u00e9sum\u00e9 de son ancien [&hellip;]<\/p>\n","protected":false},"author":59,"featured_media":64911,"comment_status":"open","ping_status":"closed","sticky":false,"template":"","format":"standard","meta":{"_acf_changed":false,"footnotes":""},"categories":[573],"tags":[],"ji_location":[2166],"class_list":["post-1368","post","type-post","status-publish","format-standard","has-post-thumbnail","hentry","category-tribunaux-mixtes","ji_location-tchad"],"acf":[],"yoast_head":"<!-- This site is optimized with the Yoast SEO Premium plugin v25.3.1 (Yoast SEO v25.3.1) - https:\/\/yoast.com\/wordpress\/plugins\/seo\/ -->\n<title>L&#039;ombre du pr\u00e9sident Deby plane sur le proc\u00e8s de son pr\u00e9d\u00e9cesseur Habr\u00e9 - JusticeInfo.net<\/title>\n<meta name=\"robots\" content=\"index, follow, max-snippet:-1, max-image-preview:large, max-video-preview:-1\" \/>\n<link rel=\"canonical\" href=\"https:\/\/www.justiceinfo.net\/fr\/1368-l-ombre-du-president-deby-plane-sur-le-proces-de-son-predecesseur-habre.html\" \/>\n<meta property=\"og:locale\" content=\"fr_FR\" \/>\n<meta property=\"og:type\" content=\"article\" \/>\n<meta property=\"og:title\" content=\"L&#039;ombre du pr\u00e9sident Deby plane sur le proc\u00e8s de son pr\u00e9d\u00e9cesseur Habr\u00e9\" \/>\n<meta property=\"og:description\" content=\"Le nom de l&#039;actuel pr\u00e9sident tchadien Idriss Deby promet de revenir tr\u00e8s souvent au spectaculaire proc\u00e8s de son pr\u00e9d\u00e9cesseur Hiss\u00e8ne Habr\u00e9, qui s&#039;est ouvert le lundi 20 juillet \u00e0 Dakar, au S\u00e9n\u00e9gal. L&#039;actuel homme fort de N&#039;Djamena n&#039;a pas \u00e9t\u00e9 inculp\u00e9 dans le dossier mais il est souvent cit\u00e9 comme complice pr\u00e9sum\u00e9 de son ancien [&hellip;]\" \/>\n<meta property=\"og:url\" content=\"https:\/\/www.justiceinfo.net\/fr\/1368-l-ombre-du-president-deby-plane-sur-le-proces-de-son-predecesseur-habre.html\" \/>\n<meta property=\"og:site_name\" content=\"JusticeInfo.net\" \/>\n<meta property=\"article:publisher\" content=\"https:\/\/www.facebook.com\/JusticeInfo\/\" \/>\n<meta property=\"article:author\" content=\"https:\/\/www.facebook.com\/rugiririza.ephrem.1\" \/>\n<meta property=\"article:published_time\" content=\"2015-07-23T07:43:48+00:00\" \/>\n<meta property=\"og:image\" content=\"https:\/\/www.justiceinfo.net\/wp-content\/uploads\/e6016113b58321823ef4c9ba6bd5a33c.jpg\" \/>\n\t<meta property=\"og:image:width\" content=\"640\" \/>\n\t<meta property=\"og:image:height\" content=\"427\" \/>\n\t<meta property=\"og:image:type\" content=\"image\/jpeg\" \/>\n<meta name=\"author\" content=\"Ephrem Rugiririza, Envoy\u00e9 sp\u00e9cial\" \/>\n<meta name=\"twitter:card\" content=\"summary_large_image\" \/>\n<meta name=\"twitter:creator\" content=\"@ER72777667\" \/>\n<meta name=\"twitter:site\" content=\"@justiceinfonet\" \/>\n<meta name=\"twitter:label1\" content=\"\u00c9crit par\" \/>\n\t<meta name=\"twitter:data1\" content=\"Ephrem Rugiririza, Envoy\u00e9 sp\u00e9cial\" \/>\n\t<meta name=\"twitter:label2\" content=\"Dur\u00e9e de lecture estim\u00e9e\" \/>\n\t<meta name=\"twitter:data2\" content=\"5 minutes\" \/>\n<script type=\"application\/ld+json\" class=\"yoast-schema-graph\">{\"@context\":\"https:\/\/schema.org\",\"@graph\":[{\"@type\":\"NewsArticle\",\"@id\":\"https:\/\/www.justiceinfo.net\/fr\/1368-l-ombre-du-president-deby-plane-sur-le-proces-de-son-predecesseur-habre.html#article\",\"isPartOf\":{\"@id\":\"https:\/\/www.justiceinfo.net\/fr\/1368-l-ombre-du-president-deby-plane-sur-le-proces-de-son-predecesseur-habre.html\"},\"author\":{\"name\":\"erugiririza\",\"@id\":\"https:\/\/www.justiceinfo.net\/fr#\/schema\/person\/3c444bdbf3536fdebfdc6b3a06b2fc4a\"},\"headline\":\"L'ombre du pr\u00e9sident Deby plane sur le proc\u00e8s de son pr\u00e9d\u00e9cesseur Habr\u00e9\",\"datePublished\":\"2015-07-23T07:43:48+00:00\",\"mainEntityOfPage\":{\"@id\":\"https:\/\/www.justiceinfo.net\/fr\/1368-l-ombre-du-president-deby-plane-sur-le-proces-de-son-predecesseur-habre.html\"},\"wordCount\":1061,\"commentCount\":0,\"publisher\":{\"@id\":\"https:\/\/www.justiceinfo.net\/fr#organization\"},\"image\":{\"@id\":\"https:\/\/www.justiceinfo.net\/fr\/1368-l-ombre-du-president-deby-plane-sur-le-proces-de-son-predecesseur-habre.html#primaryimage\"},\"thumbnailUrl\":\"https:\/\/www.justiceinfo.net\/wp-content\/uploads\/e6016113b58321823ef4c9ba6bd5a33c.jpg\",\"articleSection\":[\"Tribunaux mixtes\"],\"inLanguage\":\"fr-FR\",\"potentialAction\":[{\"@type\":\"CommentAction\",\"name\":\"Comment\",\"target\":[\"https:\/\/www.justiceinfo.net\/fr\/1368-l-ombre-du-president-deby-plane-sur-le-proces-de-son-predecesseur-habre.html#respond\"]}]},{\"@type\":\"WebPage\",\"@id\":\"https:\/\/www.justiceinfo.net\/fr\/1368-l-ombre-du-president-deby-plane-sur-le-proces-de-son-predecesseur-habre.html\",\"url\":\"https:\/\/www.justiceinfo.net\/fr\/1368-l-ombre-du-president-deby-plane-sur-le-proces-de-son-predecesseur-habre.html\",\"name\":\"L'ombre du pr\u00e9sident Deby plane sur le proc\u00e8s de son pr\u00e9d\u00e9cesseur Habr\u00e9 - JusticeInfo.net\",\"isPartOf\":{\"@id\":\"https:\/\/www.justiceinfo.net\/fr#website\"},\"primaryImageOfPage\":{\"@id\":\"https:\/\/www.justiceinfo.net\/fr\/1368-l-ombre-du-president-deby-plane-sur-le-proces-de-son-predecesseur-habre.html#primaryimage\"},\"image\":{\"@id\":\"https:\/\/www.justiceinfo.net\/fr\/1368-l-ombre-du-president-deby-plane-sur-le-proces-de-son-predecesseur-habre.html#primaryimage\"},\"thumbnailUrl\":\"https:\/\/www.justiceinfo.net\/wp-content\/uploads\/e6016113b58321823ef4c9ba6bd5a33c.jpg\",\"datePublished\":\"2015-07-23T07:43:48+00:00\",\"breadcrumb\":{\"@id\":\"https:\/\/www.justiceinfo.net\/fr\/1368-l-ombre-du-president-deby-plane-sur-le-proces-de-son-predecesseur-habre.html#breadcrumb\"},\"inLanguage\":\"fr-FR\",\"potentialAction\":[{\"@type\":\"ReadAction\",\"target\":[\"https:\/\/www.justiceinfo.net\/fr\/1368-l-ombre-du-president-deby-plane-sur-le-proces-de-son-predecesseur-habre.html\"]}]},{\"@type\":\"ImageObject\",\"inLanguage\":\"fr-FR\",\"@id\":\"https:\/\/www.justiceinfo.net\/fr\/1368-l-ombre-du-president-deby-plane-sur-le-proces-de-son-predecesseur-habre.html#primaryimage\",\"url\":\"https:\/\/www.justiceinfo.net\/wp-content\/uploads\/e6016113b58321823ef4c9ba6bd5a33c.jpg\",\"contentUrl\":\"https:\/\/www.justiceinfo.net\/wp-content\/uploads\/e6016113b58321823ef4c9ba6bd5a33c.jpg\",\"width\":640,\"height\":427},{\"@type\":\"BreadcrumbList\",\"@id\":\"https:\/\/www.justiceinfo.net\/fr\/1368-l-ombre-du-president-deby-plane-sur-le-proces-de-son-predecesseur-habre.html#breadcrumb\",\"itemListElement\":[{\"@type\":\"ListItem\",\"position\":1,\"name\":\"Home\",\"item\":\"https:\/\/www.justiceinfo.net\/fr\"},{\"@type\":\"ListItem\",\"position\":2,\"name\":\"L'ombre du pr\u00e9sident Deby plane sur le proc\u00e8s de son pr\u00e9d\u00e9cesseur Habr\u00e9\"}]},{\"@type\":\"WebSite\",\"@id\":\"https:\/\/www.justiceinfo.net\/fr#website\",\"url\":\"https:\/\/www.justiceinfo.net\/fr\",\"name\":\"JusticeInfo.net\",\"description\":\"La justice doit \u00eatre vue pour \u00eatre rendue\",\"publisher\":{\"@id\":\"https:\/\/www.justiceinfo.net\/fr#organization\"},\"potentialAction\":[{\"@type\":\"SearchAction\",\"target\":{\"@type\":\"EntryPoint\",\"urlTemplate\":\"https:\/\/www.justiceinfo.net\/fr?s={search_term_string}\"},\"query-input\":{\"@type\":\"PropertyValueSpecification\",\"valueRequired\":true,\"valueName\":\"search_term_string\"}}],\"inLanguage\":\"fr-FR\"},{\"@type\":\"Organization\",\"@id\":\"https:\/\/www.justiceinfo.net\/fr#organization\",\"name\":\"Justice Info\",\"url\":\"https:\/\/www.justiceinfo.net\/fr\",\"logo\":{\"@type\":\"ImageObject\",\"inLanguage\":\"fr-FR\",\"@id\":\"https:\/\/www.justiceinfo.net\/fr#\/schema\/logo\/image\/\",\"url\":\"https:\/\/www.justiceinfo.net\/wp-content\/uploads\/justiceinfo_logo-trans_1200x1200px.png\",\"contentUrl\":\"https:\/\/www.justiceinfo.net\/wp-content\/uploads\/justiceinfo_logo-trans_1200x1200px.png\",\"width\":1199,\"height\":1200,\"caption\":\"Justice Info\"},\"image\":{\"@id\":\"https:\/\/www.justiceinfo.net\/fr#\/schema\/logo\/image\/\"},\"sameAs\":[\"https:\/\/www.facebook.com\/JusticeInfo\/\",\"https:\/\/x.com\/justiceinfonet\",\"https:\/\/www.linkedin.com\/company\/justice-info\",\"https:\/\/www.youtube.com\/channel\/UCyCEsARodyuWtkWyhn-e7pA\"]},{\"@type\":\"Person\",\"name\":\"Ephrem Rugiririza, Envoy\u00e9 sp\u00e9cial\",\"sameAs\":[\"https:\/\/www.facebook.com\/rugiririza.ephrem.1\",\"https:\/\/x.com\/ER72777667\"],\"url\":\"https:\/\/www.justiceinfo.net\/fr\/auteur\/erugiririza\"}]}<\/script>\n<!-- \/ Yoast SEO Premium plugin. -->","yoast_head_json":{"title":"L'ombre du pr\u00e9sident Deby plane sur le proc\u00e8s de son pr\u00e9d\u00e9cesseur Habr\u00e9 - JusticeInfo.net","robots":{"index":"index","follow":"follow","max-snippet":"max-snippet:-1","max-image-preview":"max-image-preview:large","max-video-preview":"max-video-preview:-1"},"canonical":"https:\/\/www.justiceinfo.net\/fr\/1368-l-ombre-du-president-deby-plane-sur-le-proces-de-son-predecesseur-habre.html","og_locale":"fr_FR","og_type":"article","og_title":"L'ombre du pr\u00e9sident Deby plane sur le proc\u00e8s de son pr\u00e9d\u00e9cesseur Habr\u00e9","og_description":"Le nom de l'actuel pr\u00e9sident tchadien Idriss Deby promet de revenir tr\u00e8s souvent au spectaculaire proc\u00e8s de son pr\u00e9d\u00e9cesseur Hiss\u00e8ne Habr\u00e9, qui s'est ouvert le lundi 20 juillet \u00e0 Dakar, au S\u00e9n\u00e9gal. L'actuel homme fort de N'Djamena n'a pas \u00e9t\u00e9 inculp\u00e9 dans le dossier mais il est souvent cit\u00e9 comme complice pr\u00e9sum\u00e9 de son ancien [&hellip;]","og_url":"https:\/\/www.justiceinfo.net\/fr\/1368-l-ombre-du-president-deby-plane-sur-le-proces-de-son-predecesseur-habre.html","og_site_name":"JusticeInfo.net","article_publisher":"https:\/\/www.facebook.com\/JusticeInfo\/","article_author":"https:\/\/www.facebook.com\/rugiririza.ephrem.1","article_published_time":"2015-07-23T07:43:48+00:00","og_image":[{"width":640,"height":427,"url":"https:\/\/www.justiceinfo.net\/wp-content\/uploads\/e6016113b58321823ef4c9ba6bd5a33c.jpg","type":"image\/jpeg"}],"author":"Ephrem Rugiririza, Envoy\u00e9 sp\u00e9cial","twitter_card":"summary_large_image","twitter_creator":"@ER72777667","twitter_site":"@justiceinfonet","twitter_misc":{"\u00c9crit par":"Ephrem Rugiririza, Envoy\u00e9 sp\u00e9cial","Dur\u00e9e de lecture estim\u00e9e":"5 minutes"},"schema":{"@context":"https:\/\/schema.org","@graph":[{"@type":"NewsArticle","@id":"https:\/\/www.justiceinfo.net\/fr\/1368-l-ombre-du-president-deby-plane-sur-le-proces-de-son-predecesseur-habre.html#article","isPartOf":{"@id":"https:\/\/www.justiceinfo.net\/fr\/1368-l-ombre-du-president-deby-plane-sur-le-proces-de-son-predecesseur-habre.html"},"author":{"name":"erugiririza","@id":"https:\/\/www.justiceinfo.net\/fr#\/schema\/person\/3c444bdbf3536fdebfdc6b3a06b2fc4a"},"headline":"L'ombre du pr\u00e9sident Deby plane sur le proc\u00e8s de son pr\u00e9d\u00e9cesseur Habr\u00e9","datePublished":"2015-07-23T07:43:48+00:00","mainEntityOfPage":{"@id":"https:\/\/www.justiceinfo.net\/fr\/1368-l-ombre-du-president-deby-plane-sur-le-proces-de-son-predecesseur-habre.html"},"wordCount":1061,"commentCount":0,"publisher":{"@id":"https:\/\/www.justiceinfo.net\/fr#organization"},"image":{"@id":"https:\/\/www.justiceinfo.net\/fr\/1368-l-ombre-du-president-deby-plane-sur-le-proces-de-son-predecesseur-habre.html#primaryimage"},"thumbnailUrl":"https:\/\/www.justiceinfo.net\/wp-content\/uploads\/e6016113b58321823ef4c9ba6bd5a33c.jpg","articleSection":["Tribunaux mixtes"],"inLanguage":"fr-FR","potentialAction":[{"@type":"CommentAction","name":"Comment","target":["https:\/\/www.justiceinfo.net\/fr\/1368-l-ombre-du-president-deby-plane-sur-le-proces-de-son-predecesseur-habre.html#respond"]}]},{"@type":"WebPage","@id":"https:\/\/www.justiceinfo.net\/fr\/1368-l-ombre-du-president-deby-plane-sur-le-proces-de-son-predecesseur-habre.html","url":"https:\/\/www.justiceinfo.net\/fr\/1368-l-ombre-du-president-deby-plane-sur-le-proces-de-son-predecesseur-habre.html","name":"L'ombre du pr\u00e9sident Deby plane sur le proc\u00e8s de son pr\u00e9d\u00e9cesseur Habr\u00e9 - JusticeInfo.net","isPartOf":{"@id":"https:\/\/www.justiceinfo.net\/fr#website"},"primaryImageOfPage":{"@id":"https:\/\/www.justiceinfo.net\/fr\/1368-l-ombre-du-president-deby-plane-sur-le-proces-de-son-predecesseur-habre.html#primaryimage"},"image":{"@id":"https:\/\/www.justiceinfo.net\/fr\/1368-l-ombre-du-president-deby-plane-sur-le-proces-de-son-predecesseur-habre.html#primaryimage"},"thumbnailUrl":"https:\/\/www.justiceinfo.net\/wp-content\/uploads\/e6016113b58321823ef4c9ba6bd5a33c.jpg","datePublished":"2015-07-23T07:43:48+00:00","breadcrumb":{"@id":"https:\/\/www.justiceinfo.net\/fr\/1368-l-ombre-du-president-deby-plane-sur-le-proces-de-son-predecesseur-habre.html#breadcrumb"},"inLanguage":"fr-FR","potentialAction":[{"@type":"ReadAction","target":["https:\/\/www.justiceinfo.net\/fr\/1368-l-ombre-du-president-deby-plane-sur-le-proces-de-son-predecesseur-habre.html"]}]},{"@type":"ImageObject","inLanguage":"fr-FR","@id":"https:\/\/www.justiceinfo.net\/fr\/1368-l-ombre-du-president-deby-plane-sur-le-proces-de-son-predecesseur-habre.html#primaryimage","url":"https:\/\/www.justiceinfo.net\/wp-content\/uploads\/e6016113b58321823ef4c9ba6bd5a33c.jpg","contentUrl":"https:\/\/www.justiceinfo.net\/wp-content\/uploads\/e6016113b58321823ef4c9ba6bd5a33c.jpg","width":640,"height":427},{"@type":"BreadcrumbList","@id":"https:\/\/www.justiceinfo.net\/fr\/1368-l-ombre-du-president-deby-plane-sur-le-proces-de-son-predecesseur-habre.html#breadcrumb","itemListElement":[{"@type":"ListItem","position":1,"name":"Home","item":"https:\/\/www.justiceinfo.net\/fr"},{"@type":"ListItem","position":2,"name":"L'ombre du pr\u00e9sident Deby plane sur le proc\u00e8s de son pr\u00e9d\u00e9cesseur Habr\u00e9"}]},{"@type":"WebSite","@id":"https:\/\/www.justiceinfo.net\/fr#website","url":"https:\/\/www.justiceinfo.net\/fr","name":"JusticeInfo.net","description":"La justice doit \u00eatre vue pour \u00eatre rendue","publisher":{"@id":"https:\/\/www.justiceinfo.net\/fr#organization"},"potentialAction":[{"@type":"SearchAction","target":{"@type":"EntryPoint","urlTemplate":"https:\/\/www.justiceinfo.net\/fr?s={search_term_string}"},"query-input":{"@type":"PropertyValueSpecification","valueRequired":true,"valueName":"search_term_string"}}],"inLanguage":"fr-FR"},{"@type":"Organization","@id":"https:\/\/www.justiceinfo.net\/fr#organization","name":"Justice Info","url":"https:\/\/www.justiceinfo.net\/fr","logo":{"@type":"ImageObject","inLanguage":"fr-FR","@id":"https:\/\/www.justiceinfo.net\/fr#\/schema\/logo\/image\/","url":"https:\/\/www.justiceinfo.net\/wp-content\/uploads\/justiceinfo_logo-trans_1200x1200px.png","contentUrl":"https:\/\/www.justiceinfo.net\/wp-content\/uploads\/justiceinfo_logo-trans_1200x1200px.png","width":1199,"height":1200,"caption":"Justice Info"},"image":{"@id":"https:\/\/www.justiceinfo.net\/fr#\/schema\/logo\/image\/"},"sameAs":["https:\/\/www.facebook.com\/JusticeInfo\/","https:\/\/x.com\/justiceinfonet","https:\/\/www.linkedin.com\/company\/justice-info","https:\/\/www.youtube.com\/channel\/UCyCEsARodyuWtkWyhn-e7pA"]},{"@type":"Person","name":"Ephrem Rugiririza, Envoy\u00e9 sp\u00e9cial","sameAs":["https:\/\/www.facebook.com\/rugiririza.ephrem.1","https:\/\/x.com\/ER72777667"],"url":"https:\/\/www.justiceinfo.net\/fr\/auteur\/erugiririza"}]}},"_links":{"self":[{"href":"https:\/\/www.justiceinfo.net\/fr\/wp-json\/wp\/v2\/posts\/1368","targetHints":{"allow":["GET"]}}],"collection":[{"href":"https:\/\/www.justiceinfo.net\/fr\/wp-json\/wp\/v2\/posts"}],"about":[{"href":"https:\/\/www.justiceinfo.net\/fr\/wp-json\/wp\/v2\/types\/post"}],"author":[{"embeddable":true,"href":"https:\/\/www.justiceinfo.net\/fr\/wp-json\/wp\/v2\/users\/59"}],"replies":[{"embeddable":true,"href":"https:\/\/www.justiceinfo.net\/fr\/wp-json\/wp\/v2\/comments?post=1368"}],"version-history":[{"count":0,"href":"https:\/\/www.justiceinfo.net\/fr\/wp-json\/wp\/v2\/posts\/1368\/revisions"}],"wp:featuredmedia":[{"embeddable":true,"href":"https:\/\/www.justiceinfo.net\/fr\/wp-json\/wp\/v2\/media\/64911"}],"wp:attachment":[{"href":"https:\/\/www.justiceinfo.net\/fr\/wp-json\/wp\/v2\/media?parent=1368"}],"wp:term":[{"taxonomy":"category","embeddable":true,"href":"https:\/\/www.justiceinfo.net\/fr\/wp-json\/wp\/v2\/categories?post=1368"},{"taxonomy":"post_tag","embeddable":true,"href":"https:\/\/www.justiceinfo.net\/fr\/wp-json\/wp\/v2\/tags?post=1368"},{"taxonomy":"ji_location","embeddable":true,"href":"https:\/\/www.justiceinfo.net\/fr\/wp-json\/wp\/v2\/ji_location?post=1368"}],"curies":[{"name":"wp","href":"https:\/\/api.w.org\/{rel}","templated":true}]}}