{"id":13735,"date":"2011-10-25T00:00:00","date_gmt":"2011-10-24T22:00:00","guid":{"rendered":"https:\/\/www.justiceinfo.net\/13735-251011-tpirbagaragaza-pour-la-premiere-fois-le-tpir-accorde-une-liberation-anticipee10554.html"},"modified":"2011-10-25T00:00:00","modified_gmt":"2011-10-24T22:00:00","slug":"251011-tpirbagaragaza-pour-la-premiere-fois-le-tpir-accorde-une-liberation-anticipee10554","status":"publish","type":"post","link":"https:\/\/www.justiceinfo.net\/fr\/13735-251011-tpirbagaragaza-pour-la-premiere-fois-le-tpir-accorde-une-liberation-anticipee10554.html","title":{"rendered":"25.10.11 - TPIR\/BAGARAGAZA - POUR LA PREMIERE FOIS, LE TPIR ACCORDE UNE LIBERATION ANTICIPEE"},"content":{"rendered":"<p >\nArusha, 25 octobre 2011 (FH) -&nbsp; Le Tribunal p&eacute;nal international pour le Rwanda (TPIR) charg&eacute; de juger les principaux auteurs pr&eacute;sum&eacute;s du g&eacute;nocide des Tutsis de 1994 vient, pour la premi&egrave;re fois de son histoire, d'accorder la lib&eacute;ration anticip&eacute;e &agrave; un condamn&eacute;.\n<\/p>\n<p >\n<p >\n<p><!--more--><\/p>\n<p >\nEn vertu d'une ordonnance rendue lundi par la pr&eacute;sidente du TPIR, la juge Khalida Rachid Khan, l'ancien patron de la fili&egrave;re-th&eacute;, Michel Bagaragaza, sera remis en libert&eacute; le 1er d&eacute;cembre prochain, apr&egrave;s avoir purg&eacute; les trois-quarts de sa peine. La juge Khan donne instruction au greffe &laquo; d'informer de cette d&eacute;cision les autorit&eacute;s rwandaises et su&eacute;doises le plus t&ocirc;t possible &raquo;.\n<\/p>\n<p >\n<p >\nL'ancien responsable &eacute;conomique s'&eacute;tait rendu au TPIR en ao&ucirc;t 2005.\n<\/p>\n<p >\n<p >\nCondamn&eacute; &agrave; 8 ans de prison en novembre 2009 pour complicit&eacute; de g&eacute;nocide, Michel Bagaragaza, un proche de l'ex-pr&eacute;sident Habyarimana, est d&eacute;tenu en Su&egrave;de depuis juillet 2010.\n<\/p>\n<p >\n<p >\nLa juge Khan se fonde notamment sur la jurisprudence au Tribunal p&eacute;nal pour l'ex-Yougoslavie (TPIY) o&ugrave; les condamn&eacute;s sont lib&eacute;r&eacute;s apr&egrave;s ex&eacute;cution des trois-quarts de peine, sur les aveux, les remords et la contrition de Bagaragaza ainsi que sur son bon comportement attest&eacute; par l'administration p&eacute;nitentiaire su&eacute;doise.\n<\/p>\n<p >\n<p >\nLes pr&eacute;c&eacute;dentes demandes de lib&eacute;ration anticip&eacute;e d&eacute;pos&eacute;es par d'autres d&eacute;tenus avaient toutes &eacute;t&eacute; rejet&eacute;es.\n<\/p>\n<p >\n<p >\nEn avril 2009, l'Italie avait, en violation des textes du TPIR, unilat&eacute;ralement accord&eacute; la lib&eacute;ration anticip&eacute;e &agrave; l'Italo-Belge Georges Ruggiu, seul non-Rwandais &agrave; avoir &eacute;t&eacute; poursuivi par le tribunal.&nbsp;&nbsp;\n<\/p>\n<p >\n<p >\nL'article 27 du statut du TPIR dispose que &laquo; si le condamn&eacute; peut b&eacute;n&eacute;ficier d'une gr&acirc;ce ou d'une commutation de peine en vertu des lois de l'Etat dans lequel il est emprisonn&eacute;, cet Etat en avise &raquo; le tribunal. &laquo; Une gr&acirc;ce ou une commutation de peine n'est accord&eacute;e que si le pr&eacute;sident (du TPIR), en consultation avec les juges, en d&eacute;cide ainsi dans l'int&eacute;r&ecirc;t de la justice et sur la base des principes g&eacute;n&eacute;raux du droit &raquo;, ajoute le texte.\n<\/p>\n<p >\n<p >\nAu terme de laborieuses n&eacute;gociations avec le procureur, l'ancien responsable &eacute;conomique, aujourd'hui &acirc;g&eacute; de 66 ans, avait plaid&eacute; coupable de complicit&eacute; de g&eacute;nocide. Il avait reconnu, entre autres crimes, avoir entrepos&eacute; &agrave; l'usine &agrave; th&eacute; de Rubaya, dans la pr&eacute;fecture de Gisenyi (nord), des armes utilis&eacute;es pendant le g&eacute;nocide. Il avait par ailleurs avou&eacute; avoir donn&eacute; de la bi&egrave;re et de l'argent aux miliciens Interahamwe, principaux bras arm&eacute;s du g&eacute;nocide, et mis &agrave; leur disposition les v&eacute;hicules de l'usine, par crainte pour sa s&eacute;curit&eacute; et celle de sa famille.\n<\/p>\n<p >\n<p >\nDans le cadre de sa coop&eacute;ration avec le procureur du TPIR, Michel Bigaragaza avait t&eacute;moign&eacute; contre Protais Zigiranyirazo, beau-fr&egrave;re de l'ex-pr&eacute;sident Juv&eacute;nal Habyarimana. Ce t&eacute;moignage n'a cependant pas convaincu la chambre d'appel qui a acquitt&eacute; Zigiranyirazo le 16 novembre 2009.\n<\/p>\n<p >\n<p >\n<p >\nER\/GF\n<\/p>\n<p >\n<p>\n&copy; Agence Hirondelle<\/p>\n","protected":false},"excerpt":{"rendered":"<p>Arusha, 25 octobre 2011 (FH) -&nbsp; Le Tribunal p&eacute;nal international pour le Rwanda (TPIR) charg&eacute; de juger les principaux auteurs pr&eacute;sum&eacute;s du g&eacute;nocide des Tutsis de 1994 vient, pour la premi&egrave;re fois de son histoire, d'accorder la lib&eacute;ration anticip&eacute;e &agrave; un condamn&eacute;.<\/p>\n","protected":false},"author":64,"featured_media":0,"comment_status":"open","ping_status":"closed","sticky":false,"template":"","format":"standard","meta":{"_acf_changed":false,"footnotes":""},"categories":[554],"tags":[],"ji_location":[],"class_list":["post-13735","post","type-post","status-publish","format-standard","hentry","category-hirondellenews"],"acf":[],"yoast_head":"<!-- This site is optimized with the Yoast SEO Premium plugin v25.3.1 (Yoast SEO v25.3.1) - https:\/\/yoast.com\/wordpress\/plugins\/seo\/ -->\n<title>25.10.11 - TPIR\/BAGARAGAZA - POUR LA PREMIERE FOIS, LE TPIR ACCORDE UNE LIBERATION ANTICIPEE - JusticeInfo.net<\/title>\n<meta name=\"robots\" content=\"index, follow, max-snippet:-1, max-image-preview:large, max-video-preview:-1\" \/>\n<link rel=\"canonical\" href=\"https:\/\/www.justiceinfo.net\/fr\/13735-251011-tpirbagaragaza-pour-la-premiere-fois-le-tpir-accorde-une-liberation-anticipee10554.html\" \/>\n<meta property=\"og:locale\" content=\"fr_FR\" \/>\n<meta property=\"og:type\" content=\"article\" \/>\n<meta property=\"og:title\" content=\"25.10.11 - TPIR\/BAGARAGAZA - POUR LA PREMIERE FOIS, LE TPIR ACCORDE UNE LIBERATION ANTICIPEE\" \/>\n<meta property=\"og:description\" content=\"Arusha, 25 octobre 2011 (FH) -&nbsp; Le Tribunal p&eacute;nal international pour le Rwanda (TPIR) charg&eacute; de juger les principaux auteurs pr&eacute;sum&eacute;s du g&eacute;nocide des Tutsis de 1994 vient, pour la premi&egrave;re fois de son histoire, d&#039;accorder la lib&eacute;ration anticip&eacute;e &agrave; un condamn&eacute;.\" \/>\n<meta property=\"og:url\" content=\"https:\/\/www.justiceinfo.net\/fr\/13735-251011-tpirbagaragaza-pour-la-premiere-fois-le-tpir-accorde-une-liberation-anticipee10554.html\" \/>\n<meta property=\"og:site_name\" content=\"JusticeInfo.net\" \/>\n<meta property=\"article:publisher\" content=\"https:\/\/www.facebook.com\/JusticeInfo\/\" \/>\n<meta property=\"article:published_time\" content=\"2011-10-24T22:00:00+00:00\" \/>\n<meta property=\"og:image\" content=\"https:\/\/www.justiceinfo.net\/wp-content\/uploads\/JusticeInfoNet_logo_1200x630px.jpg\" \/>\n\t<meta property=\"og:image:width\" content=\"1200\" \/>\n\t<meta property=\"og:image:height\" content=\"630\" \/>\n\t<meta property=\"og:image:type\" content=\"image\/jpeg\" \/>\n<meta name=\"author\" content=\"solivri\" \/>\n<meta name=\"twitter:card\" content=\"summary_large_image\" \/>\n<meta name=\"twitter:creator\" content=\"@justiceinfonet\" \/>\n<meta name=\"twitter:site\" content=\"@justiceinfonet\" \/>\n<meta name=\"twitter:label1\" content=\"\u00c9crit par\" \/>\n\t<meta name=\"twitter:data1\" content=\"solivri\" \/>\n\t<meta name=\"twitter:label2\" content=\"Dur\u00e9e de lecture estim\u00e9e\" \/>\n\t<meta name=\"twitter:data2\" content=\"3 minutes\" \/>\n<script type=\"application\/ld+json\" class=\"yoast-schema-graph\">{\"@context\":\"https:\/\/schema.org\",\"@graph\":[{\"@type\":\"NewsArticle\",\"@id\":\"https:\/\/www.justiceinfo.net\/fr\/13735-251011-tpirbagaragaza-pour-la-premiere-fois-le-tpir-accorde-une-liberation-anticipee10554.html#article\",\"isPartOf\":{\"@id\":\"https:\/\/www.justiceinfo.net\/fr\/13735-251011-tpirbagaragaza-pour-la-premiere-fois-le-tpir-accorde-une-liberation-anticipee10554.html\"},\"author\":{\"name\":\"solivri\",\"@id\":\"https:\/\/www.justiceinfo.net\/fr#\/schema\/person\/6e53cba1629e2e66f3fc1821d3091865\"},\"headline\":\"25.10.11 - TPIR\/BAGARAGAZA - POUR LA PREMIERE FOIS, LE TPIR ACCORDE UNE LIBERATION ANTICIPEE\",\"datePublished\":\"2011-10-24T22:00:00+00:00\",\"mainEntityOfPage\":{\"@id\":\"https:\/\/www.justiceinfo.net\/fr\/13735-251011-tpirbagaragaza-pour-la-premiere-fois-le-tpir-accorde-une-liberation-anticipee10554.html\"},\"wordCount\":638,\"commentCount\":0,\"publisher\":{\"@id\":\"https:\/\/www.justiceinfo.net\/fr#organization\"},\"articleSection\":[\"Hirondelle News\"],\"inLanguage\":\"fr-FR\",\"potentialAction\":[{\"@type\":\"CommentAction\",\"name\":\"Comment\",\"target\":[\"https:\/\/www.justiceinfo.net\/fr\/13735-251011-tpirbagaragaza-pour-la-premiere-fois-le-tpir-accorde-une-liberation-anticipee10554.html#respond\"]}]},{\"@type\":\"WebPage\",\"@id\":\"https:\/\/www.justiceinfo.net\/fr\/13735-251011-tpirbagaragaza-pour-la-premiere-fois-le-tpir-accorde-une-liberation-anticipee10554.html\",\"url\":\"https:\/\/www.justiceinfo.net\/fr\/13735-251011-tpirbagaragaza-pour-la-premiere-fois-le-tpir-accorde-une-liberation-anticipee10554.html\",\"name\":\"25.10.11 - TPIR\/BAGARAGAZA - POUR LA PREMIERE FOIS, LE TPIR ACCORDE UNE LIBERATION ANTICIPEE - JusticeInfo.net\",\"isPartOf\":{\"@id\":\"https:\/\/www.justiceinfo.net\/fr#website\"},\"datePublished\":\"2011-10-24T22:00:00+00:00\",\"breadcrumb\":{\"@id\":\"https:\/\/www.justiceinfo.net\/fr\/13735-251011-tpirbagaragaza-pour-la-premiere-fois-le-tpir-accorde-une-liberation-anticipee10554.html#breadcrumb\"},\"inLanguage\":\"fr-FR\",\"potentialAction\":[{\"@type\":\"ReadAction\",\"target\":[\"https:\/\/www.justiceinfo.net\/fr\/13735-251011-tpirbagaragaza-pour-la-premiere-fois-le-tpir-accorde-une-liberation-anticipee10554.html\"]}]},{\"@type\":\"BreadcrumbList\",\"@id\":\"https:\/\/www.justiceinfo.net\/fr\/13735-251011-tpirbagaragaza-pour-la-premiere-fois-le-tpir-accorde-une-liberation-anticipee10554.html#breadcrumb\",\"itemListElement\":[{\"@type\":\"ListItem\",\"position\":1,\"name\":\"Home\",\"item\":\"https:\/\/www.justiceinfo.net\/fr\"},{\"@type\":\"ListItem\",\"position\":2,\"name\":\"25.10.11 - TPIR\/BAGARAGAZA - POUR LA PREMIERE FOIS, LE TPIR ACCORDE UNE LIBERATION ANTICIPEE\"}]},{\"@type\":\"WebSite\",\"@id\":\"https:\/\/www.justiceinfo.net\/fr#website\",\"url\":\"https:\/\/www.justiceinfo.net\/fr\",\"name\":\"JusticeInfo.net\",\"description\":\"La justice doit \u00eatre vue pour \u00eatre rendue\",\"publisher\":{\"@id\":\"https:\/\/www.justiceinfo.net\/fr#organization\"},\"potentialAction\":[{\"@type\":\"SearchAction\",\"target\":{\"@type\":\"EntryPoint\",\"urlTemplate\":\"https:\/\/www.justiceinfo.net\/fr?s={search_term_string}\"},\"query-input\":{\"@type\":\"PropertyValueSpecification\",\"valueRequired\":true,\"valueName\":\"search_term_string\"}}],\"inLanguage\":\"fr-FR\"},{\"@type\":\"Organization\",\"@id\":\"https:\/\/www.justiceinfo.net\/fr#organization\",\"name\":\"Justice Info\",\"url\":\"https:\/\/www.justiceinfo.net\/fr\",\"logo\":{\"@type\":\"ImageObject\",\"inLanguage\":\"fr-FR\",\"@id\":\"https:\/\/www.justiceinfo.net\/fr#\/schema\/logo\/image\/\",\"url\":\"https:\/\/www.justiceinfo.net\/wp-content\/uploads\/justiceinfo_logo-trans_1200x1200px.png\",\"contentUrl\":\"https:\/\/www.justiceinfo.net\/wp-content\/uploads\/justiceinfo_logo-trans_1200x1200px.png\",\"width\":1199,\"height\":1200,\"caption\":\"Justice Info\"},\"image\":{\"@id\":\"https:\/\/www.justiceinfo.net\/fr#\/schema\/logo\/image\/\"},\"sameAs\":[\"https:\/\/www.facebook.com\/JusticeInfo\/\",\"https:\/\/x.com\/justiceinfonet\",\"https:\/\/www.linkedin.com\/company\/justice-info\",\"https:\/\/www.youtube.com\/channel\/UCyCEsARodyuWtkWyhn-e7pA\"]},{\"@type\":\"Person\",\"name\":\"solivri\",\"url\":\"\/fr\/?s=solivri\"}]}<\/script>\n<!-- \/ Yoast SEO Premium plugin. -->","yoast_head_json":{"title":"25.10.11 - TPIR\/BAGARAGAZA - POUR LA PREMIERE FOIS, LE TPIR ACCORDE UNE LIBERATION ANTICIPEE - JusticeInfo.net","robots":{"index":"index","follow":"follow","max-snippet":"max-snippet:-1","max-image-preview":"max-image-preview:large","max-video-preview":"max-video-preview:-1"},"canonical":"https:\/\/www.justiceinfo.net\/fr\/13735-251011-tpirbagaragaza-pour-la-premiere-fois-le-tpir-accorde-une-liberation-anticipee10554.html","og_locale":"fr_FR","og_type":"article","og_title":"25.10.11 - TPIR\/BAGARAGAZA - POUR LA PREMIERE FOIS, LE TPIR ACCORDE UNE LIBERATION ANTICIPEE","og_description":"Arusha, 25 octobre 2011 (FH) -&nbsp; Le Tribunal p&eacute;nal international pour le Rwanda (TPIR) charg&eacute; de juger les principaux auteurs pr&eacute;sum&eacute;s du g&eacute;nocide des Tutsis de 1994 vient, pour la premi&egrave;re fois de son histoire, d'accorder la lib&eacute;ration anticip&eacute;e &agrave; un condamn&eacute;.","og_url":"https:\/\/www.justiceinfo.net\/fr\/13735-251011-tpirbagaragaza-pour-la-premiere-fois-le-tpir-accorde-une-liberation-anticipee10554.html","og_site_name":"JusticeInfo.net","article_publisher":"https:\/\/www.facebook.com\/JusticeInfo\/","article_published_time":"2011-10-24T22:00:00+00:00","og_image":[{"width":1200,"height":630,"url":"https:\/\/www.justiceinfo.net\/wp-content\/uploads\/JusticeInfoNet_logo_1200x630px.jpg","type":"image\/jpeg"}],"author":"solivri","twitter_card":"summary_large_image","twitter_creator":"@justiceinfonet","twitter_site":"@justiceinfonet","twitter_misc":{"\u00c9crit par":"solivri","Dur\u00e9e de lecture estim\u00e9e":"3 minutes"},"schema":{"@context":"https:\/\/schema.org","@graph":[{"@type":"NewsArticle","@id":"https:\/\/www.justiceinfo.net\/fr\/13735-251011-tpirbagaragaza-pour-la-premiere-fois-le-tpir-accorde-une-liberation-anticipee10554.html#article","isPartOf":{"@id":"https:\/\/www.justiceinfo.net\/fr\/13735-251011-tpirbagaragaza-pour-la-premiere-fois-le-tpir-accorde-une-liberation-anticipee10554.html"},"author":{"name":"solivri","@id":"https:\/\/www.justiceinfo.net\/fr#\/schema\/person\/6e53cba1629e2e66f3fc1821d3091865"},"headline":"25.10.11 - TPIR\/BAGARAGAZA - POUR LA PREMIERE FOIS, LE TPIR ACCORDE UNE LIBERATION ANTICIPEE","datePublished":"2011-10-24T22:00:00+00:00","mainEntityOfPage":{"@id":"https:\/\/www.justiceinfo.net\/fr\/13735-251011-tpirbagaragaza-pour-la-premiere-fois-le-tpir-accorde-une-liberation-anticipee10554.html"},"wordCount":638,"commentCount":0,"publisher":{"@id":"https:\/\/www.justiceinfo.net\/fr#organization"},"articleSection":["Hirondelle News"],"inLanguage":"fr-FR","potentialAction":[{"@type":"CommentAction","name":"Comment","target":["https:\/\/www.justiceinfo.net\/fr\/13735-251011-tpirbagaragaza-pour-la-premiere-fois-le-tpir-accorde-une-liberation-anticipee10554.html#respond"]}]},{"@type":"WebPage","@id":"https:\/\/www.justiceinfo.net\/fr\/13735-251011-tpirbagaragaza-pour-la-premiere-fois-le-tpir-accorde-une-liberation-anticipee10554.html","url":"https:\/\/www.justiceinfo.net\/fr\/13735-251011-tpirbagaragaza-pour-la-premiere-fois-le-tpir-accorde-une-liberation-anticipee10554.html","name":"25.10.11 - TPIR\/BAGARAGAZA - POUR LA PREMIERE FOIS, LE TPIR ACCORDE UNE LIBERATION ANTICIPEE - JusticeInfo.net","isPartOf":{"@id":"https:\/\/www.justiceinfo.net\/fr#website"},"datePublished":"2011-10-24T22:00:00+00:00","breadcrumb":{"@id":"https:\/\/www.justiceinfo.net\/fr\/13735-251011-tpirbagaragaza-pour-la-premiere-fois-le-tpir-accorde-une-liberation-anticipee10554.html#breadcrumb"},"inLanguage":"fr-FR","potentialAction":[{"@type":"ReadAction","target":["https:\/\/www.justiceinfo.net\/fr\/13735-251011-tpirbagaragaza-pour-la-premiere-fois-le-tpir-accorde-une-liberation-anticipee10554.html"]}]},{"@type":"BreadcrumbList","@id":"https:\/\/www.justiceinfo.net\/fr\/13735-251011-tpirbagaragaza-pour-la-premiere-fois-le-tpir-accorde-une-liberation-anticipee10554.html#breadcrumb","itemListElement":[{"@type":"ListItem","position":1,"name":"Home","item":"https:\/\/www.justiceinfo.net\/fr"},{"@type":"ListItem","position":2,"name":"25.10.11 - TPIR\/BAGARAGAZA - POUR LA PREMIERE FOIS, LE TPIR ACCORDE UNE LIBERATION ANTICIPEE"}]},{"@type":"WebSite","@id":"https:\/\/www.justiceinfo.net\/fr#website","url":"https:\/\/www.justiceinfo.net\/fr","name":"JusticeInfo.net","description":"La justice doit \u00eatre vue pour \u00eatre rendue","publisher":{"@id":"https:\/\/www.justiceinfo.net\/fr#organization"},"potentialAction":[{"@type":"SearchAction","target":{"@type":"EntryPoint","urlTemplate":"https:\/\/www.justiceinfo.net\/fr?s={search_term_string}"},"query-input":{"@type":"PropertyValueSpecification","valueRequired":true,"valueName":"search_term_string"}}],"inLanguage":"fr-FR"},{"@type":"Organization","@id":"https:\/\/www.justiceinfo.net\/fr#organization","name":"Justice Info","url":"https:\/\/www.justiceinfo.net\/fr","logo":{"@type":"ImageObject","inLanguage":"fr-FR","@id":"https:\/\/www.justiceinfo.net\/fr#\/schema\/logo\/image\/","url":"https:\/\/www.justiceinfo.net\/wp-content\/uploads\/justiceinfo_logo-trans_1200x1200px.png","contentUrl":"https:\/\/www.justiceinfo.net\/wp-content\/uploads\/justiceinfo_logo-trans_1200x1200px.png","width":1199,"height":1200,"caption":"Justice Info"},"image":{"@id":"https:\/\/www.justiceinfo.net\/fr#\/schema\/logo\/image\/"},"sameAs":["https:\/\/www.facebook.com\/JusticeInfo\/","https:\/\/x.com\/justiceinfonet","https:\/\/www.linkedin.com\/company\/justice-info","https:\/\/www.youtube.com\/channel\/UCyCEsARodyuWtkWyhn-e7pA"]},{"@type":"Person","name":"solivri","url":"\/fr\/?s=solivri"}]}},"_links":{"self":[{"href":"https:\/\/www.justiceinfo.net\/fr\/wp-json\/wp\/v2\/posts\/13735","targetHints":{"allow":["GET"]}}],"collection":[{"href":"https:\/\/www.justiceinfo.net\/fr\/wp-json\/wp\/v2\/posts"}],"about":[{"href":"https:\/\/www.justiceinfo.net\/fr\/wp-json\/wp\/v2\/types\/post"}],"author":[{"embeddable":true,"href":"https:\/\/www.justiceinfo.net\/fr\/wp-json\/wp\/v2\/users\/64"}],"replies":[{"embeddable":true,"href":"https:\/\/www.justiceinfo.net\/fr\/wp-json\/wp\/v2\/comments?post=13735"}],"version-history":[{"count":0,"href":"https:\/\/www.justiceinfo.net\/fr\/wp-json\/wp\/v2\/posts\/13735\/revisions"}],"wp:attachment":[{"href":"https:\/\/www.justiceinfo.net\/fr\/wp-json\/wp\/v2\/media?parent=13735"}],"wp:term":[{"taxonomy":"category","embeddable":true,"href":"https:\/\/www.justiceinfo.net\/fr\/wp-json\/wp\/v2\/categories?post=13735"},{"taxonomy":"post_tag","embeddable":true,"href":"https:\/\/www.justiceinfo.net\/fr\/wp-json\/wp\/v2\/tags?post=13735"},{"taxonomy":"ji_location","embeddable":true,"href":"https:\/\/www.justiceinfo.net\/fr\/wp-json\/wp\/v2\/ji_location?post=13735"}],"curies":[{"name":"wp","href":"https:\/\/api.w.org\/{rel}","templated":true}]}}