{"id":13798,"date":"2011-11-11T00:00:00","date_gmt":"2011-11-10T23:00:00","guid":{"rendered":"https:\/\/www.justiceinfo.net\/13798-111111-tpiruwinkindi-la-defense-duwinkindi-deplore-labsence-dun-debat-public10626.html"},"modified":"2011-11-11T00:00:00","modified_gmt":"2011-11-10T23:00:00","slug":"111111-tpiruwinkindi-la-defense-duwinkindi-deplore-labsence-dun-debat-public10626","status":"publish","type":"post","link":"https:\/\/www.justiceinfo.net\/fr\/13798-111111-tpiruwinkindi-la-defense-duwinkindi-deplore-labsence-dun-debat-public10626.html","title":{"rendered":"11.11.11 - TPIR\/UWINKINDI - LA DEFENSE D'UWINKINDI DEPLORE L'ABSENCE D'UN DEBAT PUBLIC"},"content":{"rendered":"<p >\nArusha, 11 novembre 2011 (FH) - La d&eacute;fense du pasteur pentec&ocirc;tiste Jean Uwinkindi d&eacute;plore l'absence d'un d&eacute;bat public sur la d&eacute;cision prise par une chambre de premi&egrave;re instance du Tribunal p&eacute;nal international pour le Rwanda (TPIR) de le renvoyer devant la justice rwandaise.\n<\/p>\n<p><!--more--><\/p>\n<p >\nCette d&eacute;cision rendue le 28 juin dernier est une premi&egrave;re dans l'histoire de ce tribunal des Nations Unies qui avait jusqu'alors rejet&eacute; toutes les demandes de transfert d'accus&eacute;s vers leur pays d'origine, estimant que les conditions d'un proc&egrave;s &eacute;quitable n'&eacute;taient pas encore r&eacute;unies. &laquo; Nous d&eacute;plorons qu'il n'y ait toujours pas eu d'audience publique dans cette affaire &raquo;, a indiqu&eacute; vendredi &agrave; l'agence Hirondelle, Me Claver Sindayigaya, l'avocat principal du pasteur.\n<\/p>\n<p >\n<p >\n&laquo;En premi&egrave;re instance, le procureur &agrave; l'origine de la requ&ecirc;te de renvoi, avait demand&eacute; une audience publique ; nous nous &eacute;tions associ&eacute;s &agrave; la requ&ecirc;te mais la chambre ne s'est pas prononc&eacute;e et ce d&eacute;bat public n'a pas eu lieu &raquo;, a relev&eacute; le d&eacute;fenseur rwandais. &laquo; Au niveau de l'appel, c'est nous qui avons demand&eacute; &agrave; pouvoir plaider oralement (dans une requ&ecirc;te dat&eacute;e du 16 septembre). La partie adverse ne s'y est pas oppos&eacute;e et la chambre ne nous a toujours pas r&eacute;pondu &raquo;, a poursuivi Ma&icirc;tre Sindayigaya.\n<\/p>\n<p >\n<p >\nPour lui, sur un tel dossier, dont l'issue fera date, un d&eacute;bat public est d'une importance capitale, non seulement pour les observateurs qui suivent les travaux du TPIR mais aussi pour les parties et les juges eux-m&ecirc;mes. &laquo; Lors d'une audience publique, chaque partie a l'occasion de clarifier ses &eacute;critures ou de les compl&eacute;ter. Les juges ont aussi l'occasion de demander des &eacute;claircissement sur l'un ou l'autre point dans les &eacute;critures soumises par les parties &raquo;, a-t-il expliqu&eacute;.\n<\/p>\n<p >\n<p >\nSelon les pr&eacute;visions du tribunal, la chambre d'appel devrait confirmer ou infirmer, avant le 31 d&eacute;cembre, le transfert de l'homme d'&eacute;glise vers les tribunaux rwandais.\n<\/p>\n<p >\n<p >\nPoursuivi pour entente en vue de commettre le g&eacute;nocide, g&eacute;nocide et extermination, le pasteur est notamment accus&eacute; d'avoir &eacute;t&eacute; l'un des principaux instigateurs des massacres de Tutsis dans la commune Kanzenze, dans l'est de ce petit pays.\n<\/p>\n<p >\n<p >\nS'il reprenait le chemin du Rwanda qu'il n'a plus revu depuis juillet 1994, il serait certainement suivi par un un autre d&eacute;tenu du TPIR, l'ancien chef milicien pr&eacute;sum&eacute; Bernard Munyagishari, qui fait &eacute;galement l'objet d'une demande de renvoi vers la justice de son pays. La port&eacute;e d'un tel arr&ecirc;t d&eacute;passerait d'ailleurs largement le cadre du tribunal d'Arusha. En effet, il cr&eacute;&eacute;rait une jurisprudence et ouvrirait la voie &agrave; d'autres transferts depuis des capitales europ&eacute;ennes qui refusent pour le moment de renvoyer des suspects rwandais dans leur pays.\n<\/p>\n<p >\n<p >\nC'est cette perspective qui avait r&eacute;joui Kigali le lendemain de l'annonce de la d&eacute;cision de premi&egrave;re instance. &laquo; Nous esp&eacute;rons que ce jugement encouragera les pays qui, &agrave; travers le monde, h&eacute;bergent des fugitifs du g&eacute;nocide &agrave; transf&eacute;rer ces affaires au Rwanda &raquo;, avait d&eacute;clar&eacute; le parquet g&eacute;n&eacute;ral, dans un communiqu&eacute;.\n<\/p>\n<p >\n<p >\nER\/GF&nbsp;&nbsp;&nbsp;\n<\/p>\n<p >\n&copy; Agence Hirondelle<\/p>\n","protected":false},"excerpt":{"rendered":"<p>Arusha, 11 novembre 2011 (FH) - La d&eacute;fense du pasteur pentec&ocirc;tiste Jean Uwinkindi d&eacute;plore l'absence d'un d&eacute;bat public sur la d&eacute;cision prise par une chambre de premi&egrave;re instance du Tribunal p&eacute;nal international pour le Rwanda (TPIR) de le renvoyer devant la justice rwandaise.<\/p>\n","protected":false},"author":64,"featured_media":0,"comment_status":"open","ping_status":"closed","sticky":false,"template":"","format":"standard","meta":{"_acf_changed":false,"footnotes":""},"categories":[554],"tags":[],"ji_location":[],"class_list":["post-13798","post","type-post","status-publish","format-standard","hentry","category-hirondellenews"],"acf":[],"yoast_head":"<!-- This site is optimized with the Yoast SEO Premium plugin v25.3.1 (Yoast SEO v25.3.1) - https:\/\/yoast.com\/wordpress\/plugins\/seo\/ -->\n<title>11.11.11 - TPIR\/UWINKINDI - LA DEFENSE D&#039;UWINKINDI DEPLORE L&#039;ABSENCE D&#039;UN DEBAT PUBLIC - JusticeInfo.net<\/title>\n<meta name=\"robots\" content=\"index, follow, max-snippet:-1, max-image-preview:large, max-video-preview:-1\" \/>\n<link rel=\"canonical\" href=\"https:\/\/www.justiceinfo.net\/fr\/13798-111111-tpiruwinkindi-la-defense-duwinkindi-deplore-labsence-dun-debat-public10626.html\" \/>\n<meta property=\"og:locale\" content=\"fr_FR\" \/>\n<meta property=\"og:type\" content=\"article\" \/>\n<meta property=\"og:title\" content=\"11.11.11 - TPIR\/UWINKINDI - LA DEFENSE D&#039;UWINKINDI DEPLORE L&#039;ABSENCE D&#039;UN DEBAT PUBLIC\" \/>\n<meta property=\"og:description\" content=\"Arusha, 11 novembre 2011 (FH) - La d&eacute;fense du pasteur pentec&ocirc;tiste Jean Uwinkindi d&eacute;plore l&#039;absence d&#039;un d&eacute;bat public sur la d&eacute;cision prise par une chambre de premi&egrave;re instance du Tribunal p&eacute;nal international pour le Rwanda (TPIR) de le renvoyer devant la justice rwandaise.\" \/>\n<meta property=\"og:url\" content=\"https:\/\/www.justiceinfo.net\/fr\/13798-111111-tpiruwinkindi-la-defense-duwinkindi-deplore-labsence-dun-debat-public10626.html\" \/>\n<meta property=\"og:site_name\" content=\"JusticeInfo.net\" \/>\n<meta property=\"article:publisher\" content=\"https:\/\/www.facebook.com\/JusticeInfo\/\" \/>\n<meta property=\"article:published_time\" content=\"2011-11-10T23:00:00+00:00\" \/>\n<meta property=\"og:image\" content=\"https:\/\/www.justiceinfo.net\/wp-content\/uploads\/JusticeInfoNet_logo_1200x630px.jpg\" \/>\n\t<meta property=\"og:image:width\" content=\"1200\" \/>\n\t<meta property=\"og:image:height\" content=\"630\" \/>\n\t<meta property=\"og:image:type\" content=\"image\/jpeg\" \/>\n<meta name=\"author\" content=\"solivri\" \/>\n<meta name=\"twitter:card\" content=\"summary_large_image\" \/>\n<meta name=\"twitter:creator\" content=\"@justiceinfonet\" \/>\n<meta name=\"twitter:site\" content=\"@justiceinfonet\" \/>\n<meta name=\"twitter:label1\" content=\"\u00c9crit par\" \/>\n\t<meta name=\"twitter:data1\" content=\"solivri\" \/>\n\t<meta name=\"twitter:label2\" content=\"Dur\u00e9e de lecture estim\u00e9e\" \/>\n\t<meta name=\"twitter:data2\" content=\"3 minutes\" \/>\n<script type=\"application\/ld+json\" class=\"yoast-schema-graph\">{\"@context\":\"https:\/\/schema.org\",\"@graph\":[{\"@type\":\"NewsArticle\",\"@id\":\"https:\/\/www.justiceinfo.net\/fr\/13798-111111-tpiruwinkindi-la-defense-duwinkindi-deplore-labsence-dun-debat-public10626.html#article\",\"isPartOf\":{\"@id\":\"https:\/\/www.justiceinfo.net\/fr\/13798-111111-tpiruwinkindi-la-defense-duwinkindi-deplore-labsence-dun-debat-public10626.html\"},\"author\":{\"name\":\"solivri\",\"@id\":\"https:\/\/www.justiceinfo.net\/fr#\/schema\/person\/6e53cba1629e2e66f3fc1821d3091865\"},\"headline\":\"11.11.11 - TPIR\/UWINKINDI - LA DEFENSE D'UWINKINDI DEPLORE L'ABSENCE D'UN DEBAT PUBLIC\",\"datePublished\":\"2011-11-10T23:00:00+00:00\",\"mainEntityOfPage\":{\"@id\":\"https:\/\/www.justiceinfo.net\/fr\/13798-111111-tpiruwinkindi-la-defense-duwinkindi-deplore-labsence-dun-debat-public10626.html\"},\"wordCount\":661,\"commentCount\":0,\"publisher\":{\"@id\":\"https:\/\/www.justiceinfo.net\/fr#organization\"},\"articleSection\":[\"Hirondelle News\"],\"inLanguage\":\"fr-FR\",\"potentialAction\":[{\"@type\":\"CommentAction\",\"name\":\"Comment\",\"target\":[\"https:\/\/www.justiceinfo.net\/fr\/13798-111111-tpiruwinkindi-la-defense-duwinkindi-deplore-labsence-dun-debat-public10626.html#respond\"]}]},{\"@type\":\"WebPage\",\"@id\":\"https:\/\/www.justiceinfo.net\/fr\/13798-111111-tpiruwinkindi-la-defense-duwinkindi-deplore-labsence-dun-debat-public10626.html\",\"url\":\"https:\/\/www.justiceinfo.net\/fr\/13798-111111-tpiruwinkindi-la-defense-duwinkindi-deplore-labsence-dun-debat-public10626.html\",\"name\":\"11.11.11 - TPIR\/UWINKINDI - LA DEFENSE D'UWINKINDI DEPLORE L'ABSENCE D'UN DEBAT PUBLIC - JusticeInfo.net\",\"isPartOf\":{\"@id\":\"https:\/\/www.justiceinfo.net\/fr#website\"},\"datePublished\":\"2011-11-10T23:00:00+00:00\",\"breadcrumb\":{\"@id\":\"https:\/\/www.justiceinfo.net\/fr\/13798-111111-tpiruwinkindi-la-defense-duwinkindi-deplore-labsence-dun-debat-public10626.html#breadcrumb\"},\"inLanguage\":\"fr-FR\",\"potentialAction\":[{\"@type\":\"ReadAction\",\"target\":[\"https:\/\/www.justiceinfo.net\/fr\/13798-111111-tpiruwinkindi-la-defense-duwinkindi-deplore-labsence-dun-debat-public10626.html\"]}]},{\"@type\":\"BreadcrumbList\",\"@id\":\"https:\/\/www.justiceinfo.net\/fr\/13798-111111-tpiruwinkindi-la-defense-duwinkindi-deplore-labsence-dun-debat-public10626.html#breadcrumb\",\"itemListElement\":[{\"@type\":\"ListItem\",\"position\":1,\"name\":\"Home\",\"item\":\"https:\/\/www.justiceinfo.net\/fr\"},{\"@type\":\"ListItem\",\"position\":2,\"name\":\"11.11.11 - TPIR\/UWINKINDI - LA DEFENSE D'UWINKINDI DEPLORE L'ABSENCE D'UN DEBAT PUBLIC\"}]},{\"@type\":\"WebSite\",\"@id\":\"https:\/\/www.justiceinfo.net\/fr#website\",\"url\":\"https:\/\/www.justiceinfo.net\/fr\",\"name\":\"JusticeInfo.net\",\"description\":\"La justice doit \u00eatre vue pour \u00eatre rendue\",\"publisher\":{\"@id\":\"https:\/\/www.justiceinfo.net\/fr#organization\"},\"potentialAction\":[{\"@type\":\"SearchAction\",\"target\":{\"@type\":\"EntryPoint\",\"urlTemplate\":\"https:\/\/www.justiceinfo.net\/fr?s={search_term_string}\"},\"query-input\":{\"@type\":\"PropertyValueSpecification\",\"valueRequired\":true,\"valueName\":\"search_term_string\"}}],\"inLanguage\":\"fr-FR\"},{\"@type\":\"Organization\",\"@id\":\"https:\/\/www.justiceinfo.net\/fr#organization\",\"name\":\"Justice Info\",\"url\":\"https:\/\/www.justiceinfo.net\/fr\",\"logo\":{\"@type\":\"ImageObject\",\"inLanguage\":\"fr-FR\",\"@id\":\"https:\/\/www.justiceinfo.net\/fr#\/schema\/logo\/image\/\",\"url\":\"https:\/\/www.justiceinfo.net\/wp-content\/uploads\/justiceinfo_logo-trans_1200x1200px.png\",\"contentUrl\":\"https:\/\/www.justiceinfo.net\/wp-content\/uploads\/justiceinfo_logo-trans_1200x1200px.png\",\"width\":1199,\"height\":1200,\"caption\":\"Justice Info\"},\"image\":{\"@id\":\"https:\/\/www.justiceinfo.net\/fr#\/schema\/logo\/image\/\"},\"sameAs\":[\"https:\/\/www.facebook.com\/JusticeInfo\/\",\"https:\/\/x.com\/justiceinfonet\",\"https:\/\/www.linkedin.com\/company\/justice-info\",\"https:\/\/www.youtube.com\/channel\/UCyCEsARodyuWtkWyhn-e7pA\"]},{\"@type\":\"Person\",\"name\":\"solivri\",\"url\":\"\/fr\/?s=solivri\"}]}<\/script>\n<!-- \/ Yoast SEO Premium plugin. -->","yoast_head_json":{"title":"11.11.11 - TPIR\/UWINKINDI - LA DEFENSE D'UWINKINDI DEPLORE L'ABSENCE D'UN DEBAT PUBLIC - JusticeInfo.net","robots":{"index":"index","follow":"follow","max-snippet":"max-snippet:-1","max-image-preview":"max-image-preview:large","max-video-preview":"max-video-preview:-1"},"canonical":"https:\/\/www.justiceinfo.net\/fr\/13798-111111-tpiruwinkindi-la-defense-duwinkindi-deplore-labsence-dun-debat-public10626.html","og_locale":"fr_FR","og_type":"article","og_title":"11.11.11 - TPIR\/UWINKINDI - LA DEFENSE D'UWINKINDI DEPLORE L'ABSENCE D'UN DEBAT PUBLIC","og_description":"Arusha, 11 novembre 2011 (FH) - La d&eacute;fense du pasteur pentec&ocirc;tiste Jean Uwinkindi d&eacute;plore l'absence d'un d&eacute;bat public sur la d&eacute;cision prise par une chambre de premi&egrave;re instance du Tribunal p&eacute;nal international pour le Rwanda (TPIR) de le renvoyer devant la justice rwandaise.","og_url":"https:\/\/www.justiceinfo.net\/fr\/13798-111111-tpiruwinkindi-la-defense-duwinkindi-deplore-labsence-dun-debat-public10626.html","og_site_name":"JusticeInfo.net","article_publisher":"https:\/\/www.facebook.com\/JusticeInfo\/","article_published_time":"2011-11-10T23:00:00+00:00","og_image":[{"width":1200,"height":630,"url":"https:\/\/www.justiceinfo.net\/wp-content\/uploads\/JusticeInfoNet_logo_1200x630px.jpg","type":"image\/jpeg"}],"author":"solivri","twitter_card":"summary_large_image","twitter_creator":"@justiceinfonet","twitter_site":"@justiceinfonet","twitter_misc":{"\u00c9crit par":"solivri","Dur\u00e9e de lecture estim\u00e9e":"3 minutes"},"schema":{"@context":"https:\/\/schema.org","@graph":[{"@type":"NewsArticle","@id":"https:\/\/www.justiceinfo.net\/fr\/13798-111111-tpiruwinkindi-la-defense-duwinkindi-deplore-labsence-dun-debat-public10626.html#article","isPartOf":{"@id":"https:\/\/www.justiceinfo.net\/fr\/13798-111111-tpiruwinkindi-la-defense-duwinkindi-deplore-labsence-dun-debat-public10626.html"},"author":{"name":"solivri","@id":"https:\/\/www.justiceinfo.net\/fr#\/schema\/person\/6e53cba1629e2e66f3fc1821d3091865"},"headline":"11.11.11 - TPIR\/UWINKINDI - LA DEFENSE D'UWINKINDI DEPLORE L'ABSENCE D'UN DEBAT PUBLIC","datePublished":"2011-11-10T23:00:00+00:00","mainEntityOfPage":{"@id":"https:\/\/www.justiceinfo.net\/fr\/13798-111111-tpiruwinkindi-la-defense-duwinkindi-deplore-labsence-dun-debat-public10626.html"},"wordCount":661,"commentCount":0,"publisher":{"@id":"https:\/\/www.justiceinfo.net\/fr#organization"},"articleSection":["Hirondelle News"],"inLanguage":"fr-FR","potentialAction":[{"@type":"CommentAction","name":"Comment","target":["https:\/\/www.justiceinfo.net\/fr\/13798-111111-tpiruwinkindi-la-defense-duwinkindi-deplore-labsence-dun-debat-public10626.html#respond"]}]},{"@type":"WebPage","@id":"https:\/\/www.justiceinfo.net\/fr\/13798-111111-tpiruwinkindi-la-defense-duwinkindi-deplore-labsence-dun-debat-public10626.html","url":"https:\/\/www.justiceinfo.net\/fr\/13798-111111-tpiruwinkindi-la-defense-duwinkindi-deplore-labsence-dun-debat-public10626.html","name":"11.11.11 - TPIR\/UWINKINDI - LA DEFENSE D'UWINKINDI DEPLORE L'ABSENCE D'UN DEBAT PUBLIC - JusticeInfo.net","isPartOf":{"@id":"https:\/\/www.justiceinfo.net\/fr#website"},"datePublished":"2011-11-10T23:00:00+00:00","breadcrumb":{"@id":"https:\/\/www.justiceinfo.net\/fr\/13798-111111-tpiruwinkindi-la-defense-duwinkindi-deplore-labsence-dun-debat-public10626.html#breadcrumb"},"inLanguage":"fr-FR","potentialAction":[{"@type":"ReadAction","target":["https:\/\/www.justiceinfo.net\/fr\/13798-111111-tpiruwinkindi-la-defense-duwinkindi-deplore-labsence-dun-debat-public10626.html"]}]},{"@type":"BreadcrumbList","@id":"https:\/\/www.justiceinfo.net\/fr\/13798-111111-tpiruwinkindi-la-defense-duwinkindi-deplore-labsence-dun-debat-public10626.html#breadcrumb","itemListElement":[{"@type":"ListItem","position":1,"name":"Home","item":"https:\/\/www.justiceinfo.net\/fr"},{"@type":"ListItem","position":2,"name":"11.11.11 - TPIR\/UWINKINDI - LA DEFENSE D'UWINKINDI DEPLORE L'ABSENCE D'UN DEBAT PUBLIC"}]},{"@type":"WebSite","@id":"https:\/\/www.justiceinfo.net\/fr#website","url":"https:\/\/www.justiceinfo.net\/fr","name":"JusticeInfo.net","description":"La justice doit \u00eatre vue pour \u00eatre rendue","publisher":{"@id":"https:\/\/www.justiceinfo.net\/fr#organization"},"potentialAction":[{"@type":"SearchAction","target":{"@type":"EntryPoint","urlTemplate":"https:\/\/www.justiceinfo.net\/fr?s={search_term_string}"},"query-input":{"@type":"PropertyValueSpecification","valueRequired":true,"valueName":"search_term_string"}}],"inLanguage":"fr-FR"},{"@type":"Organization","@id":"https:\/\/www.justiceinfo.net\/fr#organization","name":"Justice Info","url":"https:\/\/www.justiceinfo.net\/fr","logo":{"@type":"ImageObject","inLanguage":"fr-FR","@id":"https:\/\/www.justiceinfo.net\/fr#\/schema\/logo\/image\/","url":"https:\/\/www.justiceinfo.net\/wp-content\/uploads\/justiceinfo_logo-trans_1200x1200px.png","contentUrl":"https:\/\/www.justiceinfo.net\/wp-content\/uploads\/justiceinfo_logo-trans_1200x1200px.png","width":1199,"height":1200,"caption":"Justice Info"},"image":{"@id":"https:\/\/www.justiceinfo.net\/fr#\/schema\/logo\/image\/"},"sameAs":["https:\/\/www.facebook.com\/JusticeInfo\/","https:\/\/x.com\/justiceinfonet","https:\/\/www.linkedin.com\/company\/justice-info","https:\/\/www.youtube.com\/channel\/UCyCEsARodyuWtkWyhn-e7pA"]},{"@type":"Person","name":"solivri","url":"\/fr\/?s=solivri"}]}},"_links":{"self":[{"href":"https:\/\/www.justiceinfo.net\/fr\/wp-json\/wp\/v2\/posts\/13798","targetHints":{"allow":["GET"]}}],"collection":[{"href":"https:\/\/www.justiceinfo.net\/fr\/wp-json\/wp\/v2\/posts"}],"about":[{"href":"https:\/\/www.justiceinfo.net\/fr\/wp-json\/wp\/v2\/types\/post"}],"author":[{"embeddable":true,"href":"https:\/\/www.justiceinfo.net\/fr\/wp-json\/wp\/v2\/users\/64"}],"replies":[{"embeddable":true,"href":"https:\/\/www.justiceinfo.net\/fr\/wp-json\/wp\/v2\/comments?post=13798"}],"version-history":[{"count":0,"href":"https:\/\/www.justiceinfo.net\/fr\/wp-json\/wp\/v2\/posts\/13798\/revisions"}],"wp:attachment":[{"href":"https:\/\/www.justiceinfo.net\/fr\/wp-json\/wp\/v2\/media?parent=13798"}],"wp:term":[{"taxonomy":"category","embeddable":true,"href":"https:\/\/www.justiceinfo.net\/fr\/wp-json\/wp\/v2\/categories?post=13798"},{"taxonomy":"post_tag","embeddable":true,"href":"https:\/\/www.justiceinfo.net\/fr\/wp-json\/wp\/v2\/tags?post=13798"},{"taxonomy":"ji_location","embeddable":true,"href":"https:\/\/www.justiceinfo.net\/fr\/wp-json\/wp\/v2\/ji_location?post=13798"}],"curies":[{"name":"wp","href":"https:\/\/api.w.org\/{rel}","templated":true}]}}