{"id":13805,"date":"2011-11-12T00:00:00","date_gmt":"2011-11-11T23:00:00","guid":{"rendered":"https:\/\/www.justiceinfo.net\/13805-121111-tpironu-le-tpir-appelle-la-region-des-grands-lacs-africains-a-arreter-les-9-fugitifs10633.html"},"modified":"2011-11-12T00:00:00","modified_gmt":"2011-11-11T23:00:00","slug":"121111-tpironu-le-tpir-appelle-la-region-des-grands-lacs-africains-a-arreter-les-9-fugitifs10633","status":"publish","type":"post","link":"https:\/\/www.justiceinfo.net\/fr\/13805-121111-tpironu-le-tpir-appelle-la-region-des-grands-lacs-africains-a-arreter-les-9-fugitifs10633.html","title":{"rendered":"12.11.11 - TPIR\/ONU - LE TPIR APPELLE LA REGION DES GRANDS LACS AFRICAINS A ARRETER LES 9 FUGITIFS"},"content":{"rendered":"<p >\nArusha, 12&nbsp; 2011 (FH) - Le Tribunal p&eacute;nal international pour le Rwanda (TPIR) a appel&eacute; vendredi les pays de la r&eacute;gion des Grands lacs africains, &laquo; en particulier le Kenya &raquo;, &agrave; lui apporter leur coop&eacute;ration en vue de l'arrestation des neuf accus&eacute;s encore en fuite, rapporte samedi le centre d'actualit&eacute;s de l'ONU.\n<\/p>\n<p><!--more--><\/p>\n<p >\nLe plus connu de ces fugitifs est le richissime homme d'affaires F&eacute;licien Kabuga, pr&eacute;sent&eacute; par le procureur du TPIR comme le principal argentier du g&eacute;nocide des Tutsis de 1994 et qui continuerait, selon le tribunal, &agrave; mener des affaires commerciales prosp&egrave;res au Kenya.\n<\/p>\n<p >\n<p >\n&nbsp;&laquo; Nous appelons les Etats, de fa&ccedil;on sp&eacute;ciale les Etats de la r&eacute;gion des Grands lacs, et en particulier le Kenya, &agrave; intensifier leur coop&eacute;ration avec le tribunal et apporter toute l'assistance n&eacute;cessaire pour que les fugitifs restants puissent &ecirc;tre arr&ecirc;t&eacute;s &raquo;, a d&eacute;clar&eacute; devant l'Assembl&eacute;e g&eacute;n&eacute;rale de l'ONU, la pr&eacute;sidente du TPIR, Khalida Rachid Khan.\n<\/p>\n<p >\n<p >\nPour cette magistrate pakistanaise, &laquo;ces fugitifs, qui sont accus&eacute;s des crimes les plus terribles, doivent &ecirc;tre arr&ecirc;t&eacute;s, en vue d'envoyer au monde un message fort selon lequel &eacute;chapper &agrave; la justice n'est pas une option&raquo;.\n<\/p>\n<p >\n<p >\nSur la liste de ces inculp&eacute;s en cavale, figurent &eacute;galement l'ex-ministre de la D&eacute;fense Augustin Bizimana qui se cacherait dans l'est de la R&eacute;publique d&eacute;mocratique du Congo (RDC) et le major Protais Mpiranya qui commandait la garde du pr&eacute;sident Juv&eacute;nal Habyarimana.\n<\/p>\n<p >\n<p >\nLe major b&eacute;n&eacute;ficierait, selon des sources TPIR, de la protection de hauts responsables zimbabw&eacute;ens.\n<\/p>\n<p >\n<p >\nLa juge Khan a ajout&eacute; que son institution, qui doit th&eacute;oriquement terminer ses travaux en premi&egrave;re instance &agrave; la fin de cette ann&eacute;e, &eacute;tait confront&eacute;e &agrave; l'&eacute;rosion du personnel et a demand&eacute; des mesures de r&eacute;tention. &laquo;Beaucoup de membres du personnel exp&eacute;riment&eacute;s sont partis pour des emplois plus permanents dans d'autres institutions. Ces d&eacute;parts constituent une importante perte d'exp&eacute;rience et de m&eacute;moire institutionnelle &raquo;, a-t-elle fait remarquer.\n<\/p>\n<p >\n<p >\nLe TPIR a &eacute;t&eacute; cr&eacute;&eacute; le 8 novembre 1994 par le Conseil de s&eacute;curit&eacute; afin de juger les personnes responsables d'actes de g&eacute;nocide et d'autres violations graves du droit international humanitaire commis sur le territoire du Rwanda, ou par des citoyens rwandais sur le territoire d'&Eacute;tats voisins, entre le 1er&nbsp;janvier et le 31 d&eacute;cembre 1994.&nbsp; &nbsp;\n<\/p>\n<p >\n<p >\nIl a son si&egrave;ge &agrave; Arusha, dans le nord de la Tanzanie.&nbsp;&nbsp;&nbsp;\n<\/p>\n<p >\nER\/GF\n<\/p>\n<p >\n<p>\n&copy; Agence Hirondelle<\/p>\n","protected":false},"excerpt":{"rendered":"<p>Arusha, 12&nbsp; 2011 (FH) - Le Tribunal p&eacute;nal international pour le Rwanda (TPIR) a appel&eacute; vendredi les pays de la r&eacute;gion des Grands lacs africains, &laquo; en particulier le Kenya &raquo;, &agrave; lui apporter leur coop&eacute;ration en vue de l'arrestation des neuf accus&eacute;s encore en fuite, rapporte samedi le centre d'actualit&eacute;s de l'ONU.<\/p>\n","protected":false},"author":64,"featured_media":0,"comment_status":"open","ping_status":"closed","sticky":false,"template":"","format":"standard","meta":{"_acf_changed":false,"footnotes":""},"categories":[554],"tags":[],"ji_location":[],"class_list":["post-13805","post","type-post","status-publish","format-standard","hentry","category-hirondellenews"],"acf":[],"yoast_head":"<!-- This site is optimized with the Yoast SEO Premium plugin v25.3.1 (Yoast SEO v25.3.1) - https:\/\/yoast.com\/wordpress\/plugins\/seo\/ -->\n<title>12.11.11 - TPIR\/ONU - LE TPIR APPELLE LA REGION DES GRANDS LACS AFRICAINS A ARRETER LES 9 FUGITIFS - JusticeInfo.net<\/title>\n<meta name=\"robots\" content=\"index, follow, max-snippet:-1, max-image-preview:large, max-video-preview:-1\" \/>\n<link rel=\"canonical\" href=\"https:\/\/www.justiceinfo.net\/fr\/13805-121111-tpironu-le-tpir-appelle-la-region-des-grands-lacs-africains-a-arreter-les-9-fugitifs10633.html\" \/>\n<meta property=\"og:locale\" content=\"fr_FR\" \/>\n<meta property=\"og:type\" content=\"article\" \/>\n<meta property=\"og:title\" content=\"12.11.11 - TPIR\/ONU - LE TPIR APPELLE LA REGION DES GRANDS LACS AFRICAINS A ARRETER LES 9 FUGITIFS\" \/>\n<meta property=\"og:description\" content=\"Arusha, 12&nbsp; 2011 (FH) - Le Tribunal p&eacute;nal international pour le Rwanda (TPIR) a appel&eacute; vendredi les pays de la r&eacute;gion des Grands lacs africains, &laquo; en particulier le Kenya &raquo;, &agrave; lui apporter leur coop&eacute;ration en vue de l&#039;arrestation des neuf accus&eacute;s encore en fuite, rapporte samedi le centre d&#039;actualit&eacute;s de l&#039;ONU.\" \/>\n<meta property=\"og:url\" content=\"https:\/\/www.justiceinfo.net\/fr\/13805-121111-tpironu-le-tpir-appelle-la-region-des-grands-lacs-africains-a-arreter-les-9-fugitifs10633.html\" \/>\n<meta property=\"og:site_name\" content=\"JusticeInfo.net\" \/>\n<meta property=\"article:publisher\" content=\"https:\/\/www.facebook.com\/JusticeInfo\/\" \/>\n<meta property=\"article:published_time\" content=\"2011-11-11T23:00:00+00:00\" \/>\n<meta property=\"og:image\" content=\"https:\/\/www.justiceinfo.net\/wp-content\/uploads\/JusticeInfoNet_logo_1200x630px.jpg\" \/>\n\t<meta property=\"og:image:width\" content=\"1200\" \/>\n\t<meta property=\"og:image:height\" content=\"630\" \/>\n\t<meta property=\"og:image:type\" content=\"image\/jpeg\" \/>\n<meta name=\"author\" content=\"solivri\" \/>\n<meta name=\"twitter:card\" content=\"summary_large_image\" \/>\n<meta name=\"twitter:creator\" content=\"@justiceinfonet\" \/>\n<meta name=\"twitter:site\" content=\"@justiceinfonet\" \/>\n<meta name=\"twitter:label1\" content=\"\u00c9crit par\" \/>\n\t<meta name=\"twitter:data1\" content=\"solivri\" \/>\n\t<meta name=\"twitter:label2\" content=\"Dur\u00e9e de lecture estim\u00e9e\" \/>\n\t<meta name=\"twitter:data2\" content=\"2 minutes\" \/>\n<script type=\"application\/ld+json\" class=\"yoast-schema-graph\">{\"@context\":\"https:\/\/schema.org\",\"@graph\":[{\"@type\":\"NewsArticle\",\"@id\":\"https:\/\/www.justiceinfo.net\/fr\/13805-121111-tpironu-le-tpir-appelle-la-region-des-grands-lacs-africains-a-arreter-les-9-fugitifs10633.html#article\",\"isPartOf\":{\"@id\":\"https:\/\/www.justiceinfo.net\/fr\/13805-121111-tpironu-le-tpir-appelle-la-region-des-grands-lacs-africains-a-arreter-les-9-fugitifs10633.html\"},\"author\":{\"name\":\"solivri\",\"@id\":\"https:\/\/www.justiceinfo.net\/fr#\/schema\/person\/6e53cba1629e2e66f3fc1821d3091865\"},\"headline\":\"12.11.11 - TPIR\/ONU - LE TPIR APPELLE LA REGION DES GRANDS LACS AFRICAINS A ARRETER LES 9 FUGITIFS\",\"datePublished\":\"2011-11-11T23:00:00+00:00\",\"mainEntityOfPage\":{\"@id\":\"https:\/\/www.justiceinfo.net\/fr\/13805-121111-tpironu-le-tpir-appelle-la-region-des-grands-lacs-africains-a-arreter-les-9-fugitifs10633.html\"},\"wordCount\":531,\"commentCount\":0,\"publisher\":{\"@id\":\"https:\/\/www.justiceinfo.net\/fr#organization\"},\"articleSection\":[\"Hirondelle News\"],\"inLanguage\":\"fr-FR\",\"potentialAction\":[{\"@type\":\"CommentAction\",\"name\":\"Comment\",\"target\":[\"https:\/\/www.justiceinfo.net\/fr\/13805-121111-tpironu-le-tpir-appelle-la-region-des-grands-lacs-africains-a-arreter-les-9-fugitifs10633.html#respond\"]}]},{\"@type\":\"WebPage\",\"@id\":\"https:\/\/www.justiceinfo.net\/fr\/13805-121111-tpironu-le-tpir-appelle-la-region-des-grands-lacs-africains-a-arreter-les-9-fugitifs10633.html\",\"url\":\"https:\/\/www.justiceinfo.net\/fr\/13805-121111-tpironu-le-tpir-appelle-la-region-des-grands-lacs-africains-a-arreter-les-9-fugitifs10633.html\",\"name\":\"12.11.11 - TPIR\/ONU - LE TPIR APPELLE LA REGION DES GRANDS LACS AFRICAINS A ARRETER LES 9 FUGITIFS - JusticeInfo.net\",\"isPartOf\":{\"@id\":\"https:\/\/www.justiceinfo.net\/fr#website\"},\"datePublished\":\"2011-11-11T23:00:00+00:00\",\"breadcrumb\":{\"@id\":\"https:\/\/www.justiceinfo.net\/fr\/13805-121111-tpironu-le-tpir-appelle-la-region-des-grands-lacs-africains-a-arreter-les-9-fugitifs10633.html#breadcrumb\"},\"inLanguage\":\"fr-FR\",\"potentialAction\":[{\"@type\":\"ReadAction\",\"target\":[\"https:\/\/www.justiceinfo.net\/fr\/13805-121111-tpironu-le-tpir-appelle-la-region-des-grands-lacs-africains-a-arreter-les-9-fugitifs10633.html\"]}]},{\"@type\":\"BreadcrumbList\",\"@id\":\"https:\/\/www.justiceinfo.net\/fr\/13805-121111-tpironu-le-tpir-appelle-la-region-des-grands-lacs-africains-a-arreter-les-9-fugitifs10633.html#breadcrumb\",\"itemListElement\":[{\"@type\":\"ListItem\",\"position\":1,\"name\":\"Home\",\"item\":\"https:\/\/www.justiceinfo.net\/fr\"},{\"@type\":\"ListItem\",\"position\":2,\"name\":\"12.11.11 - TPIR\/ONU - LE TPIR APPELLE LA REGION DES GRANDS LACS AFRICAINS A ARRETER LES 9 FUGITIFS\"}]},{\"@type\":\"WebSite\",\"@id\":\"https:\/\/www.justiceinfo.net\/fr#website\",\"url\":\"https:\/\/www.justiceinfo.net\/fr\",\"name\":\"JusticeInfo.net\",\"description\":\"La justice doit \u00eatre vue pour \u00eatre rendue\",\"publisher\":{\"@id\":\"https:\/\/www.justiceinfo.net\/fr#organization\"},\"potentialAction\":[{\"@type\":\"SearchAction\",\"target\":{\"@type\":\"EntryPoint\",\"urlTemplate\":\"https:\/\/www.justiceinfo.net\/fr?s={search_term_string}\"},\"query-input\":{\"@type\":\"PropertyValueSpecification\",\"valueRequired\":true,\"valueName\":\"search_term_string\"}}],\"inLanguage\":\"fr-FR\"},{\"@type\":\"Organization\",\"@id\":\"https:\/\/www.justiceinfo.net\/fr#organization\",\"name\":\"Justice Info\",\"url\":\"https:\/\/www.justiceinfo.net\/fr\",\"logo\":{\"@type\":\"ImageObject\",\"inLanguage\":\"fr-FR\",\"@id\":\"https:\/\/www.justiceinfo.net\/fr#\/schema\/logo\/image\/\",\"url\":\"https:\/\/www.justiceinfo.net\/wp-content\/uploads\/justiceinfo_logo-trans_1200x1200px.png\",\"contentUrl\":\"https:\/\/www.justiceinfo.net\/wp-content\/uploads\/justiceinfo_logo-trans_1200x1200px.png\",\"width\":1199,\"height\":1200,\"caption\":\"Justice Info\"},\"image\":{\"@id\":\"https:\/\/www.justiceinfo.net\/fr#\/schema\/logo\/image\/\"},\"sameAs\":[\"https:\/\/www.facebook.com\/JusticeInfo\/\",\"https:\/\/x.com\/justiceinfonet\",\"https:\/\/www.linkedin.com\/company\/justice-info\",\"https:\/\/www.youtube.com\/channel\/UCyCEsARodyuWtkWyhn-e7pA\"]},{\"@type\":\"Person\",\"name\":\"solivri\",\"url\":\"\/fr\/?s=solivri\"}]}<\/script>\n<!-- \/ Yoast SEO Premium plugin. -->","yoast_head_json":{"title":"12.11.11 - TPIR\/ONU - LE TPIR APPELLE LA REGION DES GRANDS LACS AFRICAINS A ARRETER LES 9 FUGITIFS - JusticeInfo.net","robots":{"index":"index","follow":"follow","max-snippet":"max-snippet:-1","max-image-preview":"max-image-preview:large","max-video-preview":"max-video-preview:-1"},"canonical":"https:\/\/www.justiceinfo.net\/fr\/13805-121111-tpironu-le-tpir-appelle-la-region-des-grands-lacs-africains-a-arreter-les-9-fugitifs10633.html","og_locale":"fr_FR","og_type":"article","og_title":"12.11.11 - TPIR\/ONU - LE TPIR APPELLE LA REGION DES GRANDS LACS AFRICAINS A ARRETER LES 9 FUGITIFS","og_description":"Arusha, 12&nbsp; 2011 (FH) - Le Tribunal p&eacute;nal international pour le Rwanda (TPIR) a appel&eacute; vendredi les pays de la r&eacute;gion des Grands lacs africains, &laquo; en particulier le Kenya &raquo;, &agrave; lui apporter leur coop&eacute;ration en vue de l'arrestation des neuf accus&eacute;s encore en fuite, rapporte samedi le centre d'actualit&eacute;s de l'ONU.","og_url":"https:\/\/www.justiceinfo.net\/fr\/13805-121111-tpironu-le-tpir-appelle-la-region-des-grands-lacs-africains-a-arreter-les-9-fugitifs10633.html","og_site_name":"JusticeInfo.net","article_publisher":"https:\/\/www.facebook.com\/JusticeInfo\/","article_published_time":"2011-11-11T23:00:00+00:00","og_image":[{"width":1200,"height":630,"url":"https:\/\/www.justiceinfo.net\/wp-content\/uploads\/JusticeInfoNet_logo_1200x630px.jpg","type":"image\/jpeg"}],"author":"solivri","twitter_card":"summary_large_image","twitter_creator":"@justiceinfonet","twitter_site":"@justiceinfonet","twitter_misc":{"\u00c9crit par":"solivri","Dur\u00e9e de lecture estim\u00e9e":"2 minutes"},"schema":{"@context":"https:\/\/schema.org","@graph":[{"@type":"NewsArticle","@id":"https:\/\/www.justiceinfo.net\/fr\/13805-121111-tpironu-le-tpir-appelle-la-region-des-grands-lacs-africains-a-arreter-les-9-fugitifs10633.html#article","isPartOf":{"@id":"https:\/\/www.justiceinfo.net\/fr\/13805-121111-tpironu-le-tpir-appelle-la-region-des-grands-lacs-africains-a-arreter-les-9-fugitifs10633.html"},"author":{"name":"solivri","@id":"https:\/\/www.justiceinfo.net\/fr#\/schema\/person\/6e53cba1629e2e66f3fc1821d3091865"},"headline":"12.11.11 - TPIR\/ONU - LE TPIR APPELLE LA REGION DES GRANDS LACS AFRICAINS A ARRETER LES 9 FUGITIFS","datePublished":"2011-11-11T23:00:00+00:00","mainEntityOfPage":{"@id":"https:\/\/www.justiceinfo.net\/fr\/13805-121111-tpironu-le-tpir-appelle-la-region-des-grands-lacs-africains-a-arreter-les-9-fugitifs10633.html"},"wordCount":531,"commentCount":0,"publisher":{"@id":"https:\/\/www.justiceinfo.net\/fr#organization"},"articleSection":["Hirondelle News"],"inLanguage":"fr-FR","potentialAction":[{"@type":"CommentAction","name":"Comment","target":["https:\/\/www.justiceinfo.net\/fr\/13805-121111-tpironu-le-tpir-appelle-la-region-des-grands-lacs-africains-a-arreter-les-9-fugitifs10633.html#respond"]}]},{"@type":"WebPage","@id":"https:\/\/www.justiceinfo.net\/fr\/13805-121111-tpironu-le-tpir-appelle-la-region-des-grands-lacs-africains-a-arreter-les-9-fugitifs10633.html","url":"https:\/\/www.justiceinfo.net\/fr\/13805-121111-tpironu-le-tpir-appelle-la-region-des-grands-lacs-africains-a-arreter-les-9-fugitifs10633.html","name":"12.11.11 - TPIR\/ONU - LE TPIR APPELLE LA REGION DES GRANDS LACS AFRICAINS A ARRETER LES 9 FUGITIFS - JusticeInfo.net","isPartOf":{"@id":"https:\/\/www.justiceinfo.net\/fr#website"},"datePublished":"2011-11-11T23:00:00+00:00","breadcrumb":{"@id":"https:\/\/www.justiceinfo.net\/fr\/13805-121111-tpironu-le-tpir-appelle-la-region-des-grands-lacs-africains-a-arreter-les-9-fugitifs10633.html#breadcrumb"},"inLanguage":"fr-FR","potentialAction":[{"@type":"ReadAction","target":["https:\/\/www.justiceinfo.net\/fr\/13805-121111-tpironu-le-tpir-appelle-la-region-des-grands-lacs-africains-a-arreter-les-9-fugitifs10633.html"]}]},{"@type":"BreadcrumbList","@id":"https:\/\/www.justiceinfo.net\/fr\/13805-121111-tpironu-le-tpir-appelle-la-region-des-grands-lacs-africains-a-arreter-les-9-fugitifs10633.html#breadcrumb","itemListElement":[{"@type":"ListItem","position":1,"name":"Home","item":"https:\/\/www.justiceinfo.net\/fr"},{"@type":"ListItem","position":2,"name":"12.11.11 - TPIR\/ONU - LE TPIR APPELLE LA REGION DES GRANDS LACS AFRICAINS A ARRETER LES 9 FUGITIFS"}]},{"@type":"WebSite","@id":"https:\/\/www.justiceinfo.net\/fr#website","url":"https:\/\/www.justiceinfo.net\/fr","name":"JusticeInfo.net","description":"La justice doit \u00eatre vue pour \u00eatre rendue","publisher":{"@id":"https:\/\/www.justiceinfo.net\/fr#organization"},"potentialAction":[{"@type":"SearchAction","target":{"@type":"EntryPoint","urlTemplate":"https:\/\/www.justiceinfo.net\/fr?s={search_term_string}"},"query-input":{"@type":"PropertyValueSpecification","valueRequired":true,"valueName":"search_term_string"}}],"inLanguage":"fr-FR"},{"@type":"Organization","@id":"https:\/\/www.justiceinfo.net\/fr#organization","name":"Justice Info","url":"https:\/\/www.justiceinfo.net\/fr","logo":{"@type":"ImageObject","inLanguage":"fr-FR","@id":"https:\/\/www.justiceinfo.net\/fr#\/schema\/logo\/image\/","url":"https:\/\/www.justiceinfo.net\/wp-content\/uploads\/justiceinfo_logo-trans_1200x1200px.png","contentUrl":"https:\/\/www.justiceinfo.net\/wp-content\/uploads\/justiceinfo_logo-trans_1200x1200px.png","width":1199,"height":1200,"caption":"Justice Info"},"image":{"@id":"https:\/\/www.justiceinfo.net\/fr#\/schema\/logo\/image\/"},"sameAs":["https:\/\/www.facebook.com\/JusticeInfo\/","https:\/\/x.com\/justiceinfonet","https:\/\/www.linkedin.com\/company\/justice-info","https:\/\/www.youtube.com\/channel\/UCyCEsARodyuWtkWyhn-e7pA"]},{"@type":"Person","name":"solivri","url":"\/fr\/?s=solivri"}]}},"_links":{"self":[{"href":"https:\/\/www.justiceinfo.net\/fr\/wp-json\/wp\/v2\/posts\/13805","targetHints":{"allow":["GET"]}}],"collection":[{"href":"https:\/\/www.justiceinfo.net\/fr\/wp-json\/wp\/v2\/posts"}],"about":[{"href":"https:\/\/www.justiceinfo.net\/fr\/wp-json\/wp\/v2\/types\/post"}],"author":[{"embeddable":true,"href":"https:\/\/www.justiceinfo.net\/fr\/wp-json\/wp\/v2\/users\/64"}],"replies":[{"embeddable":true,"href":"https:\/\/www.justiceinfo.net\/fr\/wp-json\/wp\/v2\/comments?post=13805"}],"version-history":[{"count":0,"href":"https:\/\/www.justiceinfo.net\/fr\/wp-json\/wp\/v2\/posts\/13805\/revisions"}],"wp:attachment":[{"href":"https:\/\/www.justiceinfo.net\/fr\/wp-json\/wp\/v2\/media?parent=13805"}],"wp:term":[{"taxonomy":"category","embeddable":true,"href":"https:\/\/www.justiceinfo.net\/fr\/wp-json\/wp\/v2\/categories?post=13805"},{"taxonomy":"post_tag","embeddable":true,"href":"https:\/\/www.justiceinfo.net\/fr\/wp-json\/wp\/v2\/tags?post=13805"},{"taxonomy":"ji_location","embeddable":true,"href":"https:\/\/www.justiceinfo.net\/fr\/wp-json\/wp\/v2\/ji_location?post=13805"}],"curies":[{"name":"wp","href":"https:\/\/api.w.org\/{rel}","templated":true}]}}