{"id":138425,"date":"2024-11-19T10:56:18","date_gmt":"2024-11-19T09:56:18","guid":{"rendered":"https:\/\/www.justiceinfo.net\/?p=138425"},"modified":"2024-11-19T10:56:20","modified_gmt":"2024-11-19T09:56:20","slug":"objectifs-manques-unitad-irak","status":"publish","type":"post","link":"https:\/\/www.justiceinfo.net\/fr\/138425-objectifs-manques-unitad-irak.html","title":{"rendered":"Les objectifs manqu\u00e9s de l\u2019UNITAD en Irak"},"content":{"rendered":"\n<p><strong>Le 17 septembre 2024, l\u2019UNITAD, une \u00e9quipe d\u2019enqu\u00eateurs des Nations unies devant aider \u00e0 ce que le groupe \u00c9tat islamique (EI) r\u00e9ponde de ses crimes en Irak, a achev\u00e9 son mandat apr\u00e8s sept ans. Mais pour Hawre Ahmed, militant des droits de l\u2019homme et juriste, l\u2019organe onusien, initialement dirig\u00e9 par Karim Khan, n\u2019a pas r\u00e9ussi \u00e0 atteindre ses objectifs et laisse le pays sans \u00ab aucun h\u00e9ritage \u00bb.<\/strong><\/p>\n\n\n\n<!--more-->\n\n\n\n<p>Le groupe \u00c9tat islamique en Irak et au Levant (EIIL ou plus simplement EI) est n\u00e9 en juin 2014 des cendres de conflits politiques, religieux et sectaires non r\u00e9solus au Moyen-Orient, conflits qui ont motiv\u00e9 de nombreux extr\u00e9mistes du monde entier \u00e0 se joindre \u00e0 ses actions, notamment en utilisant sa propre interpr\u00e9tation du Coran. Le groupe a commenc\u00e9 par envahir des territoires consid\u00e9rables en Irak et en Syrie et a \u00e9t\u00e9 d\u00e9crit par les organisations de d\u00e9fense des droits de l\u2019homme comme commettant la plupart des crimes internationaux, notamment le crime de g\u00e9nocide contre la communaut\u00e9 y\u00e9zidie, des crimes de guerre, des crimes contre l\u2019humanit\u00e9, y compris des violences sexuelles et sexistes, des enl\u00e8vements, des ex\u00e9cutions extrajudiciaires, la torture, le recrutement d\u2019enfants, des attaques contre des groupes religieux et ethniques, et le d\u00e9placement de populations civiles.<\/p>\n\n\n\n<p>En r\u00e9ponse, <a href=\"https:\/\/theglobalcoalition.org\/en\/\" target=\"_blank\" rel=\"noreferrer noopener\">une coalition militaire internationale<\/a> s\u2019est form\u00e9e en septembre 2014 et, trois ans plus tard, en 2017, <a href=\"https:\/\/documents.un.org\/doc\/undoc\/gen\/n17\/259\/92\/pdf\/n1725992.pdf\" target=\"_blank\" rel=\"noreferrer noopener\">en r\u00e9ponse \u00e0 une demande de l\u2019Irak<\/a>, le Conseil de s\u00e9curit\u00e9 des Nations unies a adopt\u00e9 une r\u00e9solution pour cr\u00e9er l<a href=\"https:\/\/www.unitad.un.org\/\" target=\"_blank\" rel=\"noreferrer noopener\">\u2019\u00c9quipe d\u2019enqu\u00eateurs des Nations Unies charg\u00e9e de concourir \u00e0 amener Daech\/\u00c9tat islamique en Iraq et au Levant (EIIL) \u00e0 r\u00e9pondre de ses crimes (UNITAD)<\/a>. Son mandat \u00e9tait de \u00ab soutenir les efforts nationaux visant \u00e0 tenir le groupe EIIL pour responsable en recueillant, pr\u00e9servant et conservant en Irak des preuves d\u2019actes pouvant constituer un g\u00e9nocide, des crimes de guerre et des crimes contre l\u2019humanit\u00e9 \u00bb.<\/p>\n\n\n\n<h2 class=\"wp-block-heading\" id=\"h-un-mecanisme-insuffisant-pour-juger-daech\">Un m\u00e9canisme insuffisant pour juger Daech<\/h2>\n\n\n\n<p>L\u2019UNITAD a fonctionn\u00e9 pendant sept ans avec <a href=\"https:\/\/www.dw.com\/en\/after-is-justice-for-yazidis-the-world-has-moved-on\/a-69811717\" target=\"_blank\" rel=\"noreferrer noopener nofollow\">un budget annuel de 22 millions de dollars<\/a>. Pendant cette p\u00e9riode, l\u2019UNITAD s\u2019est principalement concentr\u00e9e sur la collecte de preuves des crimes commis par EI, et a publi\u00e9 12 rapports d\u00e9taill\u00e9s au cours de son existence. Mais bien que cela fasse \u00e9galement partie de son mandat, l\u2019UNITAD n\u2019a pas \u00e9t\u00e9 en mesure de d\u00e9velopper un m\u00e9canisme complet pour utiliser ses preuves au sein des syst\u00e8mes judiciaires de l\u2019Irak et de la r\u00e9gion du Kurdistan irakien, ni dans les pays tiers.<\/p>\n\n\n\n<p>En attendant, les tribunaux en Irak et au Kurdistan irakien ont poursuivi des dizaines de milliers de combattants de Daech sans utiliser les preuves de l\u2019UNITAD, mais principalement sur la base de lois antiterroristes, selon <a href=\"https:\/\/kc-interlaw.org\/Home\" target=\"_blank\" rel=\"noreferrer noopener\">une recherche<\/a> men\u00e9e en 2022 par le <a href=\"https:\/\/kc-interlaw.org\/Home\">Centre du Kurdistan pour le droit international (KCIL)<\/a>. En 2020, le Comit\u00e9 des crimes de la Cour de cassation du Kurdistan a \u00e9t\u00e9 saisi de 1.190 affaires : 521 d\u2019entre elles \u00e9taient li\u00e9es \u00e0 la loi antiterroriste, soit 44 % de l\u2019ensemble des affaires p\u00e9nales en 2020. L\u2019ann\u00e9e suivante, les affaires li\u00e9es \u00e0 la lutte contre le terrorisme repr\u00e9sentaient 410 des 1.430 affaires p\u00e9nales. La situation \u00e9tait similaire au sein du Comit\u00e9 des mineurs de la Cour de cassation du Kurdistan, o\u00f9 le nombre d\u2019affaires li\u00e9es \u00e0 la loi antiterroriste est consid\u00e9rable. Selon <a href=\"https:\/\/www.nytimes.com\/2018\/04\/17\/world\/middleeast\/iraq-isis-trials.html\" target=\"_blank\" rel=\"noreferrer noopener nofollow\">certains m\u00e9dias<\/a>, durant les proc\u00e8s, m\u00eame des normes minimales en mati\u00e8re des droits de l\u2019homme ont \u00e9t\u00e9 viol\u00e9es.<\/p>\n\n\n\n<p>La peine de mort, qui est contraire aux normes des Nations unies, serait la principale raison pour laquelle l\u2019UNITAD n\u2019a pas coop\u00e9r\u00e9 avec les tribunaux locaux. L\u2019UNITAD aurait pu travailler en coordination avec les organisations et les autorit\u00e9s irakiennes pour abolir la peine de mort, afin que toutes les preuves puissent \u00eatre utilis\u00e9es dans les tribunaux nationaux en Irak et au Kurdistan irakien, et que les normes de proc\u00e9dure puissent \u00eatre am\u00e9lior\u00e9es. Mais cela n\u2019a pas \u00e9t\u00e9 le cas et, \u00e0 la fin de son mandat, <a href=\"https:\/\/www.unitad.un.org\/content\/promoting-accountability-globally\" target=\"_blank\" rel=\"noreferrer noopener\">l\u2019UNITAD n\u2019a contribu\u00e9 qu\u2019\u00e0 15 mises en accusation.<\/a><\/p>\n\n\n\n<p>Outre ses efforts en mati\u00e8re de responsabilit\u00e9 p\u00e9nale, l\u2019UNITAD a travaill\u00e9 sur l\u2019excavation de fosses communes, ce qui a permis de <a href=\"https:\/\/www.unitad.un.org\/content\/psychosocial-support-hub\" target=\"_blank\" rel=\"noreferrer noopener\">d\u00e9terrer 68 fosses communes et de retrouver les corps de plus de 900 victimes<\/a>. L'\u00e9quipe a \u00e9galement d\u00e9velopp\u00e9 des ressources pour <a href=\"https:\/\/www.unitad.un.org\/content\/psychosocial-support-hub\" target=\"_blank\" rel=\"noreferrer noopener\">soutenir les rescap\u00e9s de traumatismes<\/a> \u00e9prouv\u00e9s \u00e0 la suite d\u2019atrocit\u00e9s de masse, de guerres et de violences. Bien que la question du financement et du terrorisme ne rel\u00e8ve pas directement de son mandat, <a href=\"https:\/\/kc-interlaw.org\/Detail.aspx?jimare=343\" target=\"_blank\" rel=\"noreferrer noopener\">l\u2019UNITAD a partag\u00e9 des documents pertinents<\/a> avec l\u2019Iraq et d\u2019autres \u00c9tats concern\u00e9s par l\u2019aide apport\u00e9e \u00e0 EI.<\/p>\n\n\n\n<h2 class=\"wp-block-heading\" id=\"h-pas-de-tribunal-special-pour-les-crimes-de-daech\">Pas de tribunal sp\u00e9cial pour les crimes de Daech<\/h2>\n\n\n\n<p>\u00c0 ce stade, les perspectives pour une r\u00e9ponse ad\u00e9quate aux crimes commis \u00e9taient probablement rares. En 2021, la r\u00e9gion du Kurdistan irakien a lanc\u00e9 une <a href=\"https:\/\/gov.krd\/english\/government\/the-prime-minister\/activities\/posts\/2021\/april\/statement-from-pm-masrour-barzani-on-draft-legislation-for-a-special-criminal-court-for-isis-crimes\/\" target=\"_blank\" rel=\"noreferrer noopener\">initiative visant \u00e0 cr\u00e9er un tribunal sp\u00e9cial pour les crimes commis par l\u2019EIIL<\/a>, en adoptant un projet de loi relatif \u00e0 ce tribunal sp\u00e9cial. Avec quelques modifications, il s\u2019inspirait du <a href=\"https:\/\/kc-interlaw.org\/Detail.aspx?jimare=237\" target=\"_blank\" rel=\"noreferrer noopener\">Haut tribunal p\u00e9nal irakien<\/a>, cr\u00e9\u00e9 pour poursuivre l\u2019ancien r\u00e9gime irakien pour des crimes de g\u00e9nocide, crimes de guerre et crimes contre l\u2019humanit\u00e9.<\/p>\n\n\n\n<p>En mai 2021, alors que <a href=\"https:\/\/kc-interlaw.org\/DetailActivities.aspx?jimare=126&amp;title=Activities\" target=\"_blank\" rel=\"noreferrer noopener\">le parlement du Kurdistan entamait ses consultations <\/a>avec les parties prenantes, le minist\u00e8re irakien des Affaires \u00e9trang\u00e8res a demand\u00e9 \u00e0 la <a href=\"https:\/\/www.iraqfsc.iq\/ethadai-en.php\" target=\"_blank\" rel=\"noreferrer noopener\">Cour supr\u00eame f\u00e9d\u00e9rale irakienne<\/a> d\u2019\u00e9valuer la constitutionnalit\u00e9 du projet de loi, compte tenu du fait que le tribunal sp\u00e9cial envisag\u00e9 pouvait nommer des juges et des procureurs non irakiens, prononcer des verdicts incluant la peine de mort et \u00eatre comp\u00e9tent \u00e0 l\u2019\u00e9gard de citoyens irakiens et non irakiens. Apr\u00e8s avoir examin\u00e9 le projet de loi, la Cour supr\u00eame irakienne a d\u00e9cid\u00e9 que l\u2019initiative du Kurdistan irakien de cr\u00e9er un tel tribunal sp\u00e9cial pour les crimes du groupe EI \u00e9tait inconstitutionnelle. Lors de tous ces processus, l\u2019UNITAD aurait pu mais n\u2019a pas jou\u00e9 de r\u00f4le important dans la cr\u00e9ation d\u2019un tribunal sp\u00e9cial pour les crimes commis par Daech.<\/p>\n\n\n\n<h2 class=\"wp-block-heading\" id=\"h-l-unitad-ne-laisse-rien-en-heritage\">L\u2019UNITAD ne laisse rien en h\u00e9ritage<\/h2>\n\n\n\n<p>Apr\u00e8s la d\u00e9cision de la Cour f\u00e9d\u00e9rale irakienne et la fin du mandat de l\u2019UNITAD le 17 septembre 2024, la poursuite des crimes internationaux de EI a \u00e9t\u00e9 confront\u00e9e \u00e0 un dilemme. Les organisations de la soci\u00e9t\u00e9 civile irakienne demandent \u00e0 ce que EI r\u00e9ponde de ses crimes, veulent des r\u00e9parations pour les victimes, et que les preuves recueillies par l\u2019UNITAD servent l\u2019usage auquel elles sont destin\u00e9es. Elles soutiennent \u00e9galement les appels \u00e0 la justice et aux r\u00e9parations, tant en Irak qu\u2019au Kurdistan irakien. Elles mettent en \u0153uvre un projet global visant \u00e0 trouver des bases juridiques pour int\u00e9grer le droit international dans le droit national, en explorant les principales questions pos\u00e9es par ce processus, comme les barri\u00e8res constitutionnelles.<\/p>\n\n\n\n<p>Selon une \u00e9tude du KCIL, ce processus l\u00e9gislatif va au-del\u00e0 de la ratification des conventions internationales, \u00e9tant donn\u00e9 que l\u2019Irak est un \u00c9tat dualiste et qu\u2019il requiert l\u2019adoption d\u2019une l\u00e9gislation nationale. L\u2019Irak a ratifi\u00e9 plusieurs conventions multilat\u00e9rales, telles que les Conventions de Gen\u00e8ve et la Convention sur le g\u00e9nocide, mais l\u2019Irak (y compris le Kurdistan irakien) n\u2019a pas r\u00e9ussi \u00e0 promulguer les lois nationales requises pour int\u00e9grer ces crimes. Le KCIL a r\u00e9dig\u00e9 un projet de loi visant \u00e0 criminaliser les principaux crimes internationaux dans le cadre du syst\u00e8me de justice p\u00e9nale de la r\u00e9gion du Kurdistan irakien. Ces efforts sont toujours en cours, mais sans le soutien du m\u00e9canisme international qui \u00e9tait cens\u00e9 entreprendre cette t\u00e2che.<\/p>\n\n\n<div class=\"articleLink articleLink--editorRecommanded articleLink--textInImage articleLink--textTop\" style=\"\">\r\n\t\t\t\t\t\r\n\t\t\t<div class=\"articleLinkSurTitle\">Recommand\u00e9 par la r\u00e9daction<\/div>\r\n\t\t\t<a class=\"articleLinkImageLink\" href=\"https:\/\/www.justiceinfo.net\/fr\/73967-irak-justice-tribale-retour-familles-affiliees-etat-islamique.html\"><div class=\"articleLinkImageContainer \"><img loading=\"lazy\" decoding=\"async\" width=\"540\" height=\"360\" src=\"https:\/\/www.justiceinfo.net\/wp-content\/uploads\/Iraq_Daesh-family-back-village@Charles-Thiefaine-540x360.jpg\" class=\"articleLinkImage backgroundImageTag w-100 wp-post-image\" alt=\"Iraq: A family affiliated to Daesh is back in their village\" srcset=\"https:\/\/www.justiceinfo.net\/wp-content\/uploads\/Iraq_Daesh-family-back-village@Charles-Thiefaine-540x360.jpg 540w, https:\/\/www.justiceinfo.net\/wp-content\/uploads\/Iraq_Daesh-family-back-village@Charles-Thiefaine-730x487.jpg 730w, https:\/\/www.justiceinfo.net\/wp-content\/uploads\/Iraq_Daesh-family-back-village@Charles-Thiefaine-1110x740.jpg 1110w, https:\/\/www.justiceinfo.net\/wp-content\/uploads\/Iraq_Daesh-family-back-village@Charles-Thiefaine.jpg 1200w\" sizes=\"auto, (max-width: 540px) 100vw, 540px\" \/><\/div><\/a>\r\n\t\t\t<a href=\"https:\/\/www.justiceinfo.net\/fr\/73967-irak-justice-tribale-retour-familles-affiliees-etat-islamique.html\" class=\"articleLinkTitle articleLinkTitle--default\">\r\n\t\t\tIrak : la justice tribale \u00e0 l\u2019\u00e9preuve du retour des familles affili\u00e9es \u00e0 l\u2019\u00c9tat islamique\r\n\t\t<\/a>\r\n\t\t\r\n\t\t\t\t<\/div>\n\n\n<div class=\"content-encadre\">\r\n\t<p><strong><img loading=\"lazy\" decoding=\"async\" class=\"alignleft wp-image-138427\" src=\"https:\/\/www.justiceinfo.net\/wp-content\/uploads\/Hawre-Ahmed.jpg\" alt=\"Hawre Ahmed\" width=\"200\" height=\"200\" srcset=\"https:\/\/www.justiceinfo.net\/wp-content\/uploads\/Hawre-Ahmed.jpg 500w, https:\/\/www.justiceinfo.net\/wp-content\/uploads\/Hawre-Ahmed-150x150.jpg 150w\" sizes=\"auto, (max-width: 200px) 100vw, 200px\" \/>HAWRE AHMED<\/strong><\/p>\n<p>Cofondateur et directeur ex\u00e9cutif du Centre du Kurdistan pour le droit international (KCIL), Hawre Ahmed dirige un projet visant \u00e0 int\u00e9grer au droit national du Kurdistan irakien les principaux crimes internationaux. Il a publi\u00e9 des articles sur le g\u00e9nocide des Y\u00e9zidis, les crimes de guerre et les crimes contre l\u2019humanit\u00e9 en Irak, ainsi qu\u2019un livre sur le g\u00e9nocide dans le droit international et les tribunaux, en langue kurde. Il a \u00e9galement co\u00e9crit une \u00e9tude sur les limites et les obstacles qui entravent le syst\u00e8me judiciaire du Kurdistan.<\/p>\n<\/div>","protected":false},"excerpt":{"rendered":"<p>Le 17 septembre 2024, l\u2019UNITAD, une \u00e9quipe d\u2019enqu\u00eateurs des Nations unies devant aider \u00e0 ce que le groupe \u00c9tat islamique (EI) r\u00e9ponde de ses crimes en Irak, a achev\u00e9 son mandat apr\u00e8s sept ans. Mais pour Hawre Ahmed, militant des droits de l\u2019homme et juriste, l\u2019organe onusien, initialement dirig\u00e9 par Karim Khan, n\u2019a pas r\u00e9ussi [&hellip;]<\/p>\n","protected":false},"author":141,"featured_media":138435,"comment_status":"open","ping_status":"closed","sticky":false,"template":"","format":"standard","meta":{"_acf_changed":false,"footnotes":""},"categories":[556,575],"tags":[2723,2714],"ji_location":[2278],"class_list":["post-138425","post","type-post","status-publish","format-standard","has-post-thumbnail","hentry","category-divers","category-opinions","tag-etat-islamique","tag-nations-unies","ji_location-irak"],"acf":[],"yoast_head":"<!-- This site is optimized with the Yoast SEO Premium plugin v25.3.1 (Yoast SEO v25.3.1) - https:\/\/yoast.com\/wordpress\/plugins\/seo\/ -->\n<title>Les objectifs manqu\u00e9s de l\u2019UNITAD en Irak<\/title>\n<meta name=\"description\" content=\"L\u2019UNITAD, une \u00e9quipe d\u2019enqu\u00eateurs des Nations unies, devait aider \u00e0 ce que le groupe \u00c9tat islamique (EI) r\u00e9ponde de ses crimes en Irak. En 2024 elle a achev\u00e9 son mandat apr\u00e8s sept ans. Mais pour Hawre Ahmed, l\u2019organe onusien n\u2019a pas r\u00e9ussi \u00e0 atteindre ses objectifs.\" \/>\n<meta name=\"robots\" content=\"index, follow, max-snippet:-1, max-image-preview:large, max-video-preview:-1\" \/>\n<link rel=\"canonical\" href=\"https:\/\/www.justiceinfo.net\/fr\/138425-objectifs-manques-unitad-irak.html\" \/>\n<meta property=\"og:locale\" content=\"fr_FR\" \/>\n<meta property=\"og:type\" content=\"article\" \/>\n<meta property=\"og:title\" content=\"Les objectifs manqu\u00e9s de l\u2019UNITAD en Irak\" \/>\n<meta property=\"og:description\" content=\"L\u2019UNITAD, une \u00e9quipe d\u2019enqu\u00eateurs des Nations unies, devait aider \u00e0 ce que le groupe \u00c9tat islamique (EI) r\u00e9ponde de ses crimes en Irak. En 2024 elle a achev\u00e9 son mandat apr\u00e8s sept ans. Mais pour Hawre Ahmed, l\u2019organe onusien n\u2019a pas r\u00e9ussi \u00e0 atteindre ses objectifs.\" \/>\n<meta property=\"og:url\" content=\"https:\/\/www.justiceinfo.net\/fr\/138425-objectifs-manques-unitad-irak.html\" \/>\n<meta property=\"og:site_name\" content=\"JusticeInfo.net\" \/>\n<meta property=\"article:publisher\" content=\"https:\/\/www.facebook.com\/JusticeInfo\/\" \/>\n<meta property=\"article:published_time\" content=\"2024-11-19T09:56:18+00:00\" \/>\n<meta property=\"article:modified_time\" content=\"2024-11-19T09:56:20+00:00\" \/>\n<meta property=\"og:image\" content=\"https:\/\/www.justiceinfo.net\/wp-content\/uploads\/Iraq_Unitad-mass-graves_@Unitad-UN.jpg\" \/>\n\t<meta property=\"og:image:width\" content=\"850\" \/>\n\t<meta property=\"og:image:height\" content=\"595\" \/>\n\t<meta property=\"og:image:type\" content=\"image\/jpeg\" \/>\n<meta name=\"author\" content=\"Hawre Ahmed\" \/>\n<meta name=\"twitter:card\" content=\"summary_large_image\" \/>\n<meta name=\"twitter:creator\" content=\"@justiceinfonet\" \/>\n<meta name=\"twitter:site\" content=\"@justiceinfonet\" \/>\n<meta name=\"twitter:label1\" content=\"\u00c9crit par\" \/>\n\t<meta name=\"twitter:data1\" content=\"Hawre Ahmed\" \/>\n\t<meta name=\"twitter:label2\" content=\"Dur\u00e9e de lecture estim\u00e9e\" \/>\n\t<meta name=\"twitter:data2\" content=\"7 minutes\" \/>\n<script type=\"application\/ld+json\" class=\"yoast-schema-graph\">{\"@context\":\"https:\/\/schema.org\",\"@graph\":[{\"@type\":\"NewsArticle\",\"@id\":\"https:\/\/www.justiceinfo.net\/fr\/138425-objectifs-manques-unitad-irak.html#article\",\"isPartOf\":{\"@id\":\"https:\/\/www.justiceinfo.net\/fr\/138425-objectifs-manques-unitad-irak.html\"},\"author\":{\"name\":\"Hawre Ahmed\",\"@id\":\"https:\/\/www.justiceinfo.net\/fr#\/schema\/person\/6490813bc41fc1b927bfb4d13efcc1c3\"},\"headline\":\"Les objectifs manqu\u00e9s de l\u2019UNITAD en Irak\",\"datePublished\":\"2024-11-19T09:56:18+00:00\",\"dateModified\":\"2024-11-19T09:56:20+00:00\",\"mainEntityOfPage\":{\"@id\":\"https:\/\/www.justiceinfo.net\/fr\/138425-objectifs-manques-unitad-irak.html\"},\"wordCount\":1340,\"commentCount\":0,\"publisher\":{\"@id\":\"https:\/\/www.justiceinfo.net\/fr#organization\"},\"image\":{\"@id\":\"https:\/\/www.justiceinfo.net\/fr\/138425-objectifs-manques-unitad-irak.html#primaryimage\"},\"thumbnailUrl\":\"https:\/\/www.justiceinfo.net\/wp-content\/uploads\/Iraq_Unitad-mass-graves_@Unitad-UN.jpg\",\"keywords\":[\"\u00c9tat islamique\",\"Nations Unies\"],\"articleSection\":[\"Divers\",\"Opinions\"],\"inLanguage\":\"fr-FR\",\"potentialAction\":[{\"@type\":\"CommentAction\",\"name\":\"Comment\",\"target\":[\"https:\/\/www.justiceinfo.net\/fr\/138425-objectifs-manques-unitad-irak.html#respond\"]}]},{\"@type\":\"WebPage\",\"@id\":\"https:\/\/www.justiceinfo.net\/fr\/138425-objectifs-manques-unitad-irak.html\",\"url\":\"https:\/\/www.justiceinfo.net\/fr\/138425-objectifs-manques-unitad-irak.html\",\"name\":\"Les objectifs manqu\u00e9s de l\u2019UNITAD en Irak\",\"isPartOf\":{\"@id\":\"https:\/\/www.justiceinfo.net\/fr#website\"},\"primaryImageOfPage\":{\"@id\":\"https:\/\/www.justiceinfo.net\/fr\/138425-objectifs-manques-unitad-irak.html#primaryimage\"},\"image\":{\"@id\":\"https:\/\/www.justiceinfo.net\/fr\/138425-objectifs-manques-unitad-irak.html#primaryimage\"},\"thumbnailUrl\":\"https:\/\/www.justiceinfo.net\/wp-content\/uploads\/Iraq_Unitad-mass-graves_@Unitad-UN.jpg\",\"datePublished\":\"2024-11-19T09:56:18+00:00\",\"dateModified\":\"2024-11-19T09:56:20+00:00\",\"description\":\"L\u2019UNITAD, une \u00e9quipe d\u2019enqu\u00eateurs des Nations unies, devait aider \u00e0 ce que le groupe \u00c9tat islamique (EI) r\u00e9ponde de ses crimes en Irak. En 2024 elle a achev\u00e9 son mandat apr\u00e8s sept ans. Mais pour Hawre Ahmed, l\u2019organe onusien n\u2019a pas r\u00e9ussi \u00e0 atteindre ses objectifs.\",\"breadcrumb\":{\"@id\":\"https:\/\/www.justiceinfo.net\/fr\/138425-objectifs-manques-unitad-irak.html#breadcrumb\"},\"inLanguage\":\"fr-FR\",\"potentialAction\":[{\"@type\":\"ReadAction\",\"target\":[\"https:\/\/www.justiceinfo.net\/fr\/138425-objectifs-manques-unitad-irak.html\"]}]},{\"@type\":\"ImageObject\",\"inLanguage\":\"fr-FR\",\"@id\":\"https:\/\/www.justiceinfo.net\/fr\/138425-objectifs-manques-unitad-irak.html#primaryimage\",\"url\":\"https:\/\/www.justiceinfo.net\/wp-content\/uploads\/Iraq_Unitad-mass-graves_@Unitad-UN.jpg\",\"contentUrl\":\"https:\/\/www.justiceinfo.net\/wp-content\/uploads\/Iraq_Unitad-mass-graves_@Unitad-UN.jpg\",\"width\":850,\"height\":595,\"caption\":\"L\u2019UNITAD a permis de d\u00e9terrer 68 fosses communes et de retrouver les corps de plus de 900 victimes de l\u2019organisation \u00c9tat Islamique en Irak, mais l\u2019\u00e9quipe de l\u2019Onu n\u2019a contribu\u00e9 qu\u2019\u00e0 15 mises en accusation. Photo : \u00a9 UN Photos \/ Unitad\"},{\"@type\":\"BreadcrumbList\",\"@id\":\"https:\/\/www.justiceinfo.net\/fr\/138425-objectifs-manques-unitad-irak.html#breadcrumb\",\"itemListElement\":[{\"@type\":\"ListItem\",\"position\":1,\"name\":\"Home\",\"item\":\"https:\/\/www.justiceinfo.net\/fr\"},{\"@type\":\"ListItem\",\"position\":2,\"name\":\"Les objectifs manqu\u00e9s de l\u2019UNITAD en Irak\"}]},{\"@type\":\"WebSite\",\"@id\":\"https:\/\/www.justiceinfo.net\/fr#website\",\"url\":\"https:\/\/www.justiceinfo.net\/fr\",\"name\":\"JusticeInfo.net\",\"description\":\"La justice doit \u00eatre vue pour \u00eatre rendue\",\"publisher\":{\"@id\":\"https:\/\/www.justiceinfo.net\/fr#organization\"},\"potentialAction\":[{\"@type\":\"SearchAction\",\"target\":{\"@type\":\"EntryPoint\",\"urlTemplate\":\"https:\/\/www.justiceinfo.net\/fr?s={search_term_string}\"},\"query-input\":{\"@type\":\"PropertyValueSpecification\",\"valueRequired\":true,\"valueName\":\"search_term_string\"}}],\"inLanguage\":\"fr-FR\"},{\"@type\":\"Organization\",\"@id\":\"https:\/\/www.justiceinfo.net\/fr#organization\",\"name\":\"Justice Info\",\"url\":\"https:\/\/www.justiceinfo.net\/fr\",\"logo\":{\"@type\":\"ImageObject\",\"inLanguage\":\"fr-FR\",\"@id\":\"https:\/\/www.justiceinfo.net\/fr#\/schema\/logo\/image\/\",\"url\":\"https:\/\/www.justiceinfo.net\/wp-content\/uploads\/justiceinfo_logo-trans_1200x1200px.png\",\"contentUrl\":\"https:\/\/www.justiceinfo.net\/wp-content\/uploads\/justiceinfo_logo-trans_1200x1200px.png\",\"width\":1199,\"height\":1200,\"caption\":\"Justice Info\"},\"image\":{\"@id\":\"https:\/\/www.justiceinfo.net\/fr#\/schema\/logo\/image\/\"},\"sameAs\":[\"https:\/\/www.facebook.com\/JusticeInfo\/\",\"https:\/\/x.com\/justiceinfonet\",\"https:\/\/www.linkedin.com\/company\/justice-info\",\"https:\/\/www.youtube.com\/channel\/UCyCEsARodyuWtkWyhn-e7pA\"]},{\"@type\":\"Person\",\"name\":\"Hawre Ahmed\",\"url\":\"\/fr\/?s=Hawre Ahmed\"}]}<\/script>\n<!-- \/ Yoast SEO Premium plugin. -->","yoast_head_json":{"title":"Les objectifs manqu\u00e9s de l\u2019UNITAD en Irak","description":"L\u2019UNITAD, une \u00e9quipe d\u2019enqu\u00eateurs des Nations unies, devait aider \u00e0 ce que le groupe \u00c9tat islamique (EI) r\u00e9ponde de ses crimes en Irak. En 2024 elle a achev\u00e9 son mandat apr\u00e8s sept ans. Mais pour Hawre Ahmed, l\u2019organe onusien n\u2019a pas r\u00e9ussi \u00e0 atteindre ses objectifs.","robots":{"index":"index","follow":"follow","max-snippet":"max-snippet:-1","max-image-preview":"max-image-preview:large","max-video-preview":"max-video-preview:-1"},"canonical":"https:\/\/www.justiceinfo.net\/fr\/138425-objectifs-manques-unitad-irak.html","og_locale":"fr_FR","og_type":"article","og_title":"Les objectifs manqu\u00e9s de l\u2019UNITAD en Irak","og_description":"L\u2019UNITAD, une \u00e9quipe d\u2019enqu\u00eateurs des Nations unies, devait aider \u00e0 ce que le groupe \u00c9tat islamique (EI) r\u00e9ponde de ses crimes en Irak. En 2024 elle a achev\u00e9 son mandat apr\u00e8s sept ans. Mais pour Hawre Ahmed, l\u2019organe onusien n\u2019a pas r\u00e9ussi \u00e0 atteindre ses objectifs.","og_url":"https:\/\/www.justiceinfo.net\/fr\/138425-objectifs-manques-unitad-irak.html","og_site_name":"JusticeInfo.net","article_publisher":"https:\/\/www.facebook.com\/JusticeInfo\/","article_published_time":"2024-11-19T09:56:18+00:00","article_modified_time":"2024-11-19T09:56:20+00:00","og_image":[{"width":850,"height":595,"url":"https:\/\/www.justiceinfo.net\/wp-content\/uploads\/Iraq_Unitad-mass-graves_@Unitad-UN.jpg","type":"image\/jpeg"}],"author":"Hawre Ahmed","twitter_card":"summary_large_image","twitter_creator":"@justiceinfonet","twitter_site":"@justiceinfonet","twitter_misc":{"\u00c9crit par":"Hawre Ahmed","Dur\u00e9e de lecture estim\u00e9e":"7 minutes"},"schema":{"@context":"https:\/\/schema.org","@graph":[{"@type":"NewsArticle","@id":"https:\/\/www.justiceinfo.net\/fr\/138425-objectifs-manques-unitad-irak.html#article","isPartOf":{"@id":"https:\/\/www.justiceinfo.net\/fr\/138425-objectifs-manques-unitad-irak.html"},"author":{"name":"Hawre Ahmed","@id":"https:\/\/www.justiceinfo.net\/fr#\/schema\/person\/6490813bc41fc1b927bfb4d13efcc1c3"},"headline":"Les objectifs manqu\u00e9s de l\u2019UNITAD en Irak","datePublished":"2024-11-19T09:56:18+00:00","dateModified":"2024-11-19T09:56:20+00:00","mainEntityOfPage":{"@id":"https:\/\/www.justiceinfo.net\/fr\/138425-objectifs-manques-unitad-irak.html"},"wordCount":1340,"commentCount":0,"publisher":{"@id":"https:\/\/www.justiceinfo.net\/fr#organization"},"image":{"@id":"https:\/\/www.justiceinfo.net\/fr\/138425-objectifs-manques-unitad-irak.html#primaryimage"},"thumbnailUrl":"https:\/\/www.justiceinfo.net\/wp-content\/uploads\/Iraq_Unitad-mass-graves_@Unitad-UN.jpg","keywords":["\u00c9tat islamique","Nations Unies"],"articleSection":["Divers","Opinions"],"inLanguage":"fr-FR","potentialAction":[{"@type":"CommentAction","name":"Comment","target":["https:\/\/www.justiceinfo.net\/fr\/138425-objectifs-manques-unitad-irak.html#respond"]}]},{"@type":"WebPage","@id":"https:\/\/www.justiceinfo.net\/fr\/138425-objectifs-manques-unitad-irak.html","url":"https:\/\/www.justiceinfo.net\/fr\/138425-objectifs-manques-unitad-irak.html","name":"Les objectifs manqu\u00e9s de l\u2019UNITAD en Irak","isPartOf":{"@id":"https:\/\/www.justiceinfo.net\/fr#website"},"primaryImageOfPage":{"@id":"https:\/\/www.justiceinfo.net\/fr\/138425-objectifs-manques-unitad-irak.html#primaryimage"},"image":{"@id":"https:\/\/www.justiceinfo.net\/fr\/138425-objectifs-manques-unitad-irak.html#primaryimage"},"thumbnailUrl":"https:\/\/www.justiceinfo.net\/wp-content\/uploads\/Iraq_Unitad-mass-graves_@Unitad-UN.jpg","datePublished":"2024-11-19T09:56:18+00:00","dateModified":"2024-11-19T09:56:20+00:00","description":"L\u2019UNITAD, une \u00e9quipe d\u2019enqu\u00eateurs des Nations unies, devait aider \u00e0 ce que le groupe \u00c9tat islamique (EI) r\u00e9ponde de ses crimes en Irak. En 2024 elle a achev\u00e9 son mandat apr\u00e8s sept ans. Mais pour Hawre Ahmed, l\u2019organe onusien n\u2019a pas r\u00e9ussi \u00e0 atteindre ses objectifs.","breadcrumb":{"@id":"https:\/\/www.justiceinfo.net\/fr\/138425-objectifs-manques-unitad-irak.html#breadcrumb"},"inLanguage":"fr-FR","potentialAction":[{"@type":"ReadAction","target":["https:\/\/www.justiceinfo.net\/fr\/138425-objectifs-manques-unitad-irak.html"]}]},{"@type":"ImageObject","inLanguage":"fr-FR","@id":"https:\/\/www.justiceinfo.net\/fr\/138425-objectifs-manques-unitad-irak.html#primaryimage","url":"https:\/\/www.justiceinfo.net\/wp-content\/uploads\/Iraq_Unitad-mass-graves_@Unitad-UN.jpg","contentUrl":"https:\/\/www.justiceinfo.net\/wp-content\/uploads\/Iraq_Unitad-mass-graves_@Unitad-UN.jpg","width":850,"height":595,"caption":"L\u2019UNITAD a permis de d\u00e9terrer 68 fosses communes et de retrouver les corps de plus de 900 victimes de l\u2019organisation \u00c9tat Islamique en Irak, mais l\u2019\u00e9quipe de l\u2019Onu n\u2019a contribu\u00e9 qu\u2019\u00e0 15 mises en accusation. Photo : \u00a9 UN Photos \/ Unitad"},{"@type":"BreadcrumbList","@id":"https:\/\/www.justiceinfo.net\/fr\/138425-objectifs-manques-unitad-irak.html#breadcrumb","itemListElement":[{"@type":"ListItem","position":1,"name":"Home","item":"https:\/\/www.justiceinfo.net\/fr"},{"@type":"ListItem","position":2,"name":"Les objectifs manqu\u00e9s de l\u2019UNITAD en Irak"}]},{"@type":"WebSite","@id":"https:\/\/www.justiceinfo.net\/fr#website","url":"https:\/\/www.justiceinfo.net\/fr","name":"JusticeInfo.net","description":"La justice doit \u00eatre vue pour \u00eatre rendue","publisher":{"@id":"https:\/\/www.justiceinfo.net\/fr#organization"},"potentialAction":[{"@type":"SearchAction","target":{"@type":"EntryPoint","urlTemplate":"https:\/\/www.justiceinfo.net\/fr?s={search_term_string}"},"query-input":{"@type":"PropertyValueSpecification","valueRequired":true,"valueName":"search_term_string"}}],"inLanguage":"fr-FR"},{"@type":"Organization","@id":"https:\/\/www.justiceinfo.net\/fr#organization","name":"Justice Info","url":"https:\/\/www.justiceinfo.net\/fr","logo":{"@type":"ImageObject","inLanguage":"fr-FR","@id":"https:\/\/www.justiceinfo.net\/fr#\/schema\/logo\/image\/","url":"https:\/\/www.justiceinfo.net\/wp-content\/uploads\/justiceinfo_logo-trans_1200x1200px.png","contentUrl":"https:\/\/www.justiceinfo.net\/wp-content\/uploads\/justiceinfo_logo-trans_1200x1200px.png","width":1199,"height":1200,"caption":"Justice Info"},"image":{"@id":"https:\/\/www.justiceinfo.net\/fr#\/schema\/logo\/image\/"},"sameAs":["https:\/\/www.facebook.com\/JusticeInfo\/","https:\/\/x.com\/justiceinfonet","https:\/\/www.linkedin.com\/company\/justice-info","https:\/\/www.youtube.com\/channel\/UCyCEsARodyuWtkWyhn-e7pA"]},{"@type":"Person","name":"Hawre Ahmed","url":"\/fr\/?s=Hawre Ahmed"}]}},"_links":{"self":[{"href":"https:\/\/www.justiceinfo.net\/fr\/wp-json\/wp\/v2\/posts\/138425","targetHints":{"allow":["GET"]}}],"collection":[{"href":"https:\/\/www.justiceinfo.net\/fr\/wp-json\/wp\/v2\/posts"}],"about":[{"href":"https:\/\/www.justiceinfo.net\/fr\/wp-json\/wp\/v2\/types\/post"}],"author":[{"embeddable":true,"href":"https:\/\/www.justiceinfo.net\/fr\/wp-json\/wp\/v2\/users\/141"}],"replies":[{"embeddable":true,"href":"https:\/\/www.justiceinfo.net\/fr\/wp-json\/wp\/v2\/comments?post=138425"}],"version-history":[{"count":3,"href":"https:\/\/www.justiceinfo.net\/fr\/wp-json\/wp\/v2\/posts\/138425\/revisions"}],"predecessor-version":[{"id":138441,"href":"https:\/\/www.justiceinfo.net\/fr\/wp-json\/wp\/v2\/posts\/138425\/revisions\/138441"}],"wp:featuredmedia":[{"embeddable":true,"href":"https:\/\/www.justiceinfo.net\/fr\/wp-json\/wp\/v2\/media\/138435"}],"wp:attachment":[{"href":"https:\/\/www.justiceinfo.net\/fr\/wp-json\/wp\/v2\/media?parent=138425"}],"wp:term":[{"taxonomy":"category","embeddable":true,"href":"https:\/\/www.justiceinfo.net\/fr\/wp-json\/wp\/v2\/categories?post=138425"},{"taxonomy":"post_tag","embeddable":true,"href":"https:\/\/www.justiceinfo.net\/fr\/wp-json\/wp\/v2\/tags?post=138425"},{"taxonomy":"ji_location","embeddable":true,"href":"https:\/\/www.justiceinfo.net\/fr\/wp-json\/wp\/v2\/ji_location?post=138425"}],"curies":[{"name":"wp","href":"https:\/\/api.w.org\/{rel}","templated":true}]}}