{"id":138474,"date":"2024-11-20T13:28:03","date_gmt":"2024-11-20T11:23:02","guid":{"rendered":"https:\/\/www.justiceinfo.net\/138474-cpi-un-chef-jihadiste-malien-condamne-a-10-ans-demprisonnement-pour-crimes-de-guerre.html"},"modified":"2024-11-21T09:40:23","modified_gmt":"2024-11-21T08:40:23","slug":"cpi-10-ans-de-prison-pour-al-hassan","status":"publish","type":"post","link":"https:\/\/www.justiceinfo.net\/fr\/138474-cpi-10-ans-de-prison-pour-al-hassan.html","title":{"rendered":"CPI\u00a0: 10 ans de prison pour Al Hassan"},"content":{"rendered":"\n<p><strong>La Cour p\u00e9nale internationale (CPI) a d\u00e9livr\u00e9 sa sentence, le 20 novembre, \u00e0 l\u2019encontre du djihadiste malien Al Hassan. L\u2019ancien chef de la police islamique \u00e0 Tombouctou en 2012 avait \u00e9t\u00e9 reconnu coupable de crimes de guerre et crimes contre l'humanit\u00e9, en juin dernier. Incarc\u00e9r\u00e9 depuis bient\u00f4t sept ans, il \u00e9cope de dix ans d\u2019emprisonnement.<\/strong><\/p>\n\n\n\n<!--more-->\n\n\n<p><a href=\"https:\/\/www.justiceinfo.net\/fr\/tribunaux\/cpi\">La Cour p\u00e9nale internationale (CPI)<\/a> a condamn\u00e9 mercredi \u00e0 10 ans d'emprisonnement un jihadiste, ancien chef de la police islamique de Tombouctou, au Mali, reconnu coupable de crimes de guerre et crimes contre l'humanit\u00e9.<\/p>\n<p>Al Hassan Ag Abdoul Aziz Ag Mohamed Ag Mahmoud, dit <a href=\"https:\/\/www.justiceinfo.net\/fr\/tag\/al-hassan\">Al Hassan<\/a>, un Malien de 47 ans, avait \u00e9t\u00e9 d\u00e9clar\u00e9 par la CPI, en juin dernier, coupable notamment de torture, mutilation, proc\u00e8s ill\u00e9gaux et pers\u00e9cution religieuse.<\/p>\n<p>Cette peine est \"proportionnelle \u00e0 la gravit\u00e9 des crimes et aux circonstances individuelles ainsi qu'\u00e0 la culpabilit\u00e9 de M. Al Hassan\", a d\u00e9clar\u00e9 la juge Kimberly Prost.<\/p>\n<p>\"Elle refl\u00e8te de mani\u00e8re ad\u00e9quate la forte condamnation de la communaut\u00e9 internationale pour les crimes qu'il a commis et reconna\u00eet le pr\u00e9judice et les souffrances consid\u00e9rables caus\u00e9s aux victimes\", a-t-elle ajout\u00e9.<\/p>\n<p>V\u00eatu d'une robe blanche traditionnelle d'Afrique occidentale et la t\u00eate envelopp\u00e9e d'un turban, Al Hassan a \u00e9cout\u00e9 attentivement, les mains crois\u00e9es sur ses genoux.<\/p>\n<p>Il n'a montr\u00e9 aucune d'\u00e9motion apr\u00e8s la lecture de la sentence par le juge, avant d'\u00eatre escort\u00e9 par les gardes de s\u00e9curit\u00e9 de la CPI.<\/p>\n<p>Parmi les crimes auxquels devait r\u00e9pondre Al Hassan figurent: \"traitement cruel en tant que crime de guerre\" pour avoir flagell\u00e9 un individu, \"mutilation\" pour avoir amput\u00e9 une main, et \"torture en tant que crime contre l'humanit\u00e9 et crime de guerre\".<\/p>\n<p>Selon Kimberly Prost, Al Hassan a contribu\u00e9 au r\u00e9gime du groupe jihadiste Ansar Dine, dont les actions ont eu un \"effet traumatisant sur la population de Tombouctou\", qui \"vivait dans une atmosph\u00e8re de peur, de violence, d'oppression, d'humiliation\".<\/p>\n<p>Al Hassan \u00e9tait membre d'Ansar Dine, qui avait pris le contr\u00f4le de Tombouctou pendant pr\u00e8s d'un an \u00e0 partir d'avril 2012.<\/p>\n<p>Durant cette p\u00e9riode, des femmes avaient \u00e9t\u00e9 arr\u00eat\u00e9es puis viol\u00e9es en d\u00e9tention. Des flagellations avaient eu lieu sur la place centrale devant une foule comprenant des enfants. Un homme accus\u00e9 de vol avait eu la main amput\u00e9e \u00e0 la machette, en public \u00e9galement, en septembre 2012.<\/p>\n<p>Al Hassan a cependant \u00e9t\u00e9 acquitt\u00e9 des crimes de guerre de viol, d'esclavage sexuel et d'attaques contre des biens prot\u00e9g\u00e9s, ainsi que du crime contre l'humanit\u00e9 concernant le mariage forc\u00e9.<\/p>\n<p>Bien que la CPI, qui si\u00e8ge \u00e0 La Haye, ait jug\u00e9 que des crimes de violence sexuelle avaient bien eu lieu au cours de cette p\u00e9riode, Al Hassan n'en a pas \u00e9t\u00e9 reconnu responsable.<\/p>\n<h2>Destruction de sanctuaires<\/h2>\n<p>Sous le joug jihadiste, les destructions se sont multipli\u00e9es en 2012 et 2013 \u00e0 Tombouctou, fond\u00e9e entre le Ve et le XIIe si\u00e8cles par les tribus touareg et surnomm\u00e9e \"la ville des 333 saints\" pour le nombre de sages musulmans qui y sont enterr\u00e9s.<\/p>\n<p>Les islamistes d'Ansar Dine et Al-Qa\u00efda au Maghreb islamique (Aqmi) ont contr\u00f4l\u00e9 la ville d'avril 2012 jusqu'\u00e0 sa lib\u00e9ration par les forces fran\u00e7aises et maliennes en janvier 2013.<\/p>\n<p>Les islamistes y ont d\u00e9truit \u00e0 coups de pioches et de pelles de c\u00e9l\u00e8bres mausol\u00e9es de saints musulmans de Tombouctou, surnomm\u00e9e \"la Perle du d\u00e9sert\".<\/p>\n<p>Al Hassan avait \u00e9t\u00e9 arr\u00eat\u00e9 par les autorit\u00e9s maliennes et livr\u00e9 \u00e0 la CPI en mars 2018. Il est le deuxi\u00e8me jihadiste malien jug\u00e9 par la Cour.<\/p>\n<p>En 2016, la CPI avait condamn\u00e9 Ahmad Al Faqi Al Mahdi \u00e0 neuf ans de prison - avant de r\u00e9duire sa peine de deux ans en appel en 2021 - pour la destruction des sanctuaires de Tombouctou, un site inscrit par l'Unesco au Patrimoine mondial de l'Humanit\u00e9.<\/p>\n<p>Par ailleurs, la CPI a rendu public en juin un mandat d'arr\u00eat contre l'un des principaux chefs jihadistes du Sahel, pour crimes de guerre et crimes contre l'humanit\u00e9 pr\u00e9sum\u00e9s commis aussi, pour l'essentiel, \u00e0 Tombouctou.<\/p>\n<p>Cet homme, Iyad Ag Ghaly, dirige le Groupe de soutien \u00e0 l'islam et aux musulmans (GSIM), li\u00e9 \u00e0 Al-Qa\u00efda, qui op\u00e8re au Mali, au Burkina Faso et au Niger.<\/p>\n<p>Chef rebelle touareg radicalis\u00e9, \u00e9galement connu sous le nom de \"Abou Fadl\", il avait fond\u00e9 en 2012 le groupe Ansar Dine.<\/p>\n\n<div class=\"articleLink articleLink--editorRecommanded articleLink--textInImage articleLink--textTop\" style=\"\">\r\n\t\t\t\t\t\r\n\t\t\t<div class=\"articleLinkSurTitle\">Recommand\u00e9 par la r\u00e9daction<\/div>\r\n\t\t\t<a class=\"articleLinkImageLink\" href=\"https:\/\/www.justiceinfo.net\/fr\/135446-condamnation-al-hassan-et-juges.html\"><div class=\"articleLinkImageContainer \"><img loading=\"lazy\" decoding=\"async\" width=\"540\" height=\"360\" src=\"https:\/\/www.justiceinfo.net\/wp-content\/uploads\/Mali_Al-Hassan-trial-judges_@ICC-CPI-540x360.jpg\" class=\"articleLinkImage backgroundImageTag w-100 wp-post-image\" alt=\"Proc\u00e8s Al Hassan \u00e0 la Cour p\u00e9nale internationale (CPI). Photo : les juges de la CPI entrent dans la salle d&#039;audience o\u00f9 Al Hassan est accus\u00e9 pour des crimes commis au Mali.\" srcset=\"\" sizes=\"auto, (max-width: 540px) 100vw, 540px\" \/><\/div><\/a>\r\n\t\t\t<a href=\"https:\/\/www.justiceinfo.net\/fr\/135446-condamnation-al-hassan-et-juges.html\" class=\"articleLinkTitle articleLinkTitle--default\">\r\n\t\t\tLa condamnation d'Al Hassan et de ses juges\r\n\t\t<\/a>\r\n\t\t\r\n\t\t\t\t<\/div>\n","protected":false},"excerpt":{"rendered":"<p>La Cour p\u00e9nale internationale (CPI) a d\u00e9livr\u00e9 sa sentence, le 20 novembre, \u00e0 l\u2019encontre du djihadiste malien Al Hassan. L\u2019ancien chef de la police islamique \u00e0 Tombouctou en 2012 avait \u00e9t\u00e9 reconnu coupable de crimes de guerre et crimes contre l'humanit\u00e9, en juin dernier. Incarc\u00e9r\u00e9 depuis bient\u00f4t sept ans, il \u00e9cope de dix ans d\u2019emprisonnement.<\/p>\n","protected":false},"author":60,"featured_media":138484,"comment_status":"open","ping_status":"closed","sticky":false,"template":"","format":"standard","meta":{"_acf_changed":false,"footnotes":""},"categories":[570,2576],"tags":[4170,2647,2674,2770],"ji_location":[2338],"class_list":["post-138474","post","type-post","status-publish","format-standard","has-post-thumbnail","hentry","category-cpi","category-fil-d-actualite","tag-al-hassan","tag-crime-contre-lhumanite","tag-crime-de-guerre","tag-jugement","ji_location-mali"],"acf":[],"yoast_head":"<!-- This site is optimized with the Yoast SEO Premium plugin v25.3.1 (Yoast SEO v25.3.1) - https:\/\/yoast.com\/wordpress\/plugins\/seo\/ -->\n<title>CPI\u00a0: 10 ans de prison pour Al Hassan<\/title>\n<meta name=\"description\" content=\"La Cour p\u00e9nale internationale (CPI) a d\u00e9livr\u00e9 sa sentence, le 20 novembre, \u00e0 l\u2019encontre du djihadiste malien Al Hassan. L\u2019ancien chef de la police islamique \u00e0 Tombouctou en 2012 avait \u00e9t\u00e9 reconnu coupable de crimes de guerre et crimes contre l&#039;humanit\u00e9, en juin dernier. Incarc\u00e9r\u00e9 depuis bient\u00f4t sept ans, il \u00e9cope de dix ans d\u2019emprisonnement.\" \/>\n<meta name=\"robots\" content=\"index, follow, max-snippet:-1, max-image-preview:large, max-video-preview:-1\" \/>\n<link rel=\"canonical\" href=\"https:\/\/www.justiceinfo.net\/fr\/138474-cpi-10-ans-de-prison-pour-al-hassan.html\" \/>\n<meta property=\"og:locale\" content=\"fr_FR\" \/>\n<meta property=\"og:type\" content=\"article\" \/>\n<meta property=\"og:title\" content=\"CPI\u00a0: 10 ans de prison pour Al Hassan\" \/>\n<meta property=\"og:description\" content=\"La Cour p\u00e9nale internationale (CPI) a d\u00e9livr\u00e9 sa sentence, le 20 novembre, \u00e0 l\u2019encontre du djihadiste malien Al Hassan. L\u2019ancien chef de la police islamique \u00e0 Tombouctou en 2012 avait \u00e9t\u00e9 reconnu coupable de crimes de guerre et crimes contre l&#039;humanit\u00e9, en juin dernier. Incarc\u00e9r\u00e9 depuis bient\u00f4t sept ans, il \u00e9cope de dix ans d\u2019emprisonnement.\" \/>\n<meta property=\"og:url\" content=\"https:\/\/www.justiceinfo.net\/fr\/138474-cpi-10-ans-de-prison-pour-al-hassan.html\" \/>\n<meta property=\"og:site_name\" content=\"JusticeInfo.net\" \/>\n<meta property=\"article:publisher\" content=\"https:\/\/www.facebook.com\/JusticeInfo\/\" \/>\n<meta property=\"article:published_time\" content=\"2024-11-20T11:23:02+00:00\" \/>\n<meta property=\"article:modified_time\" content=\"2024-11-21T08:40:23+00:00\" \/>\n<meta property=\"og:image\" content=\"https:\/\/www.justiceinfo.net\/wp-content\/uploads\/Mali_International-Criminal-Court-ICC-CPI-Al-Hassan-verdict_@Eva-Plevier-Pool-ANP-AFP.jpg\" \/>\n\t<meta property=\"og:image:width\" content=\"1200\" \/>\n\t<meta property=\"og:image:height\" content=\"800\" \/>\n\t<meta property=\"og:image:type\" content=\"image\/jpeg\" \/>\n<meta name=\"author\" content=\"afp\" \/>\n<meta name=\"twitter:card\" content=\"summary_large_image\" \/>\n<meta name=\"twitter:creator\" content=\"@justiceinfonet\" \/>\n<meta name=\"twitter:site\" content=\"@justiceinfonet\" \/>\n<meta name=\"twitter:label1\" content=\"\u00c9crit par\" \/>\n\t<meta name=\"twitter:data1\" content=\"afp\" \/>\n\t<meta name=\"twitter:label2\" content=\"Dur\u00e9e de lecture estim\u00e9e\" \/>\n\t<meta name=\"twitter:data2\" content=\"4 minutes\" \/>\n<script type=\"application\/ld+json\" class=\"yoast-schema-graph\">{\"@context\":\"https:\/\/schema.org\",\"@graph\":[{\"@type\":\"NewsArticle\",\"@id\":\"https:\/\/www.justiceinfo.net\/fr\/138474-cpi-10-ans-de-prison-pour-al-hassan.html#article\",\"isPartOf\":{\"@id\":\"https:\/\/www.justiceinfo.net\/fr\/138474-cpi-10-ans-de-prison-pour-al-hassan.html\"},\"author\":{\"name\":\"afp\",\"@id\":\"https:\/\/www.justiceinfo.net\/fr#\/schema\/person\/713d340ef5f218fc36ce9b4244364a7f\"},\"headline\":\"CPI\u00a0: 10 ans de prison pour Al Hassan\",\"datePublished\":\"2024-11-20T11:23:02+00:00\",\"dateModified\":\"2024-11-21T08:40:23+00:00\",\"mainEntityOfPage\":{\"@id\":\"https:\/\/www.justiceinfo.net\/fr\/138474-cpi-10-ans-de-prison-pour-al-hassan.html\"},\"wordCount\":774,\"commentCount\":0,\"publisher\":{\"@id\":\"https:\/\/www.justiceinfo.net\/fr#organization\"},\"image\":{\"@id\":\"https:\/\/www.justiceinfo.net\/fr\/138474-cpi-10-ans-de-prison-pour-al-hassan.html#primaryimage\"},\"thumbnailUrl\":\"https:\/\/www.justiceinfo.net\/wp-content\/uploads\/Mali_International-Criminal-Court-ICC-CPI-Al-Hassan-verdict_@Eva-Plevier-Pool-ANP-AFP.jpg\",\"keywords\":[\"Al Hassan\",\"crime contre l&#039;humanit\u00e9\",\"crime de guerre\",\"jugement\"],\"articleSection\":[\"CPI\",\"Fil d'info AFP\"],\"inLanguage\":\"fr-FR\",\"potentialAction\":[{\"@type\":\"CommentAction\",\"name\":\"Comment\",\"target\":[\"https:\/\/www.justiceinfo.net\/fr\/138474-cpi-10-ans-de-prison-pour-al-hassan.html#respond\"]}]},{\"@type\":\"WebPage\",\"@id\":\"https:\/\/www.justiceinfo.net\/fr\/138474-cpi-10-ans-de-prison-pour-al-hassan.html\",\"url\":\"https:\/\/www.justiceinfo.net\/fr\/138474-cpi-10-ans-de-prison-pour-al-hassan.html\",\"name\":\"CPI\u00a0: 10 ans de prison pour Al Hassan\",\"isPartOf\":{\"@id\":\"https:\/\/www.justiceinfo.net\/fr#website\"},\"primaryImageOfPage\":{\"@id\":\"https:\/\/www.justiceinfo.net\/fr\/138474-cpi-10-ans-de-prison-pour-al-hassan.html#primaryimage\"},\"image\":{\"@id\":\"https:\/\/www.justiceinfo.net\/fr\/138474-cpi-10-ans-de-prison-pour-al-hassan.html#primaryimage\"},\"thumbnailUrl\":\"https:\/\/www.justiceinfo.net\/wp-content\/uploads\/Mali_International-Criminal-Court-ICC-CPI-Al-Hassan-verdict_@Eva-Plevier-Pool-ANP-AFP.jpg\",\"datePublished\":\"2024-11-20T11:23:02+00:00\",\"dateModified\":\"2024-11-21T08:40:23+00:00\",\"description\":\"La Cour p\u00e9nale internationale (CPI) a d\u00e9livr\u00e9 sa sentence, le 20 novembre, \u00e0 l\u2019encontre du djihadiste malien Al Hassan. L\u2019ancien chef de la police islamique \u00e0 Tombouctou en 2012 avait \u00e9t\u00e9 reconnu coupable de crimes de guerre et crimes contre l'humanit\u00e9, en juin dernier. Incarc\u00e9r\u00e9 depuis bient\u00f4t sept ans, il \u00e9cope de dix ans d\u2019emprisonnement.\",\"breadcrumb\":{\"@id\":\"https:\/\/www.justiceinfo.net\/fr\/138474-cpi-10-ans-de-prison-pour-al-hassan.html#breadcrumb\"},\"inLanguage\":\"fr-FR\",\"potentialAction\":[{\"@type\":\"ReadAction\",\"target\":[\"https:\/\/www.justiceinfo.net\/fr\/138474-cpi-10-ans-de-prison-pour-al-hassan.html\"]}]},{\"@type\":\"ImageObject\",\"inLanguage\":\"fr-FR\",\"@id\":\"https:\/\/www.justiceinfo.net\/fr\/138474-cpi-10-ans-de-prison-pour-al-hassan.html#primaryimage\",\"url\":\"https:\/\/www.justiceinfo.net\/wp-content\/uploads\/Mali_International-Criminal-Court-ICC-CPI-Al-Hassan-verdict_@Eva-Plevier-Pool-ANP-AFP.jpg\",\"contentUrl\":\"https:\/\/www.justiceinfo.net\/wp-content\/uploads\/Mali_International-Criminal-Court-ICC-CPI-Al-Hassan-verdict_@Eva-Plevier-Pool-ANP-AFP.jpg\",\"width\":1200,\"height\":800,\"caption\":\"Pr\u00e8s de sept ans apr\u00e8s son arrestation, l'ancien djihadiste Al Hassan a \u00e9t\u00e9 condamn\u00e9 \u00e0 10 ans de prison par la Cour p\u00e9nale internationale, le 20 novembre. Photo : \u00a9 Eva Plevier \/ Pool \/ ANP \/ AFP\"},{\"@type\":\"BreadcrumbList\",\"@id\":\"https:\/\/www.justiceinfo.net\/fr\/138474-cpi-10-ans-de-prison-pour-al-hassan.html#breadcrumb\",\"itemListElement\":[{\"@type\":\"ListItem\",\"position\":1,\"name\":\"Home\",\"item\":\"https:\/\/www.justiceinfo.net\/fr\"},{\"@type\":\"ListItem\",\"position\":2,\"name\":\"CPI\u00a0: 10 ans de prison pour Al Hassan\"}]},{\"@type\":\"WebSite\",\"@id\":\"https:\/\/www.justiceinfo.net\/fr#website\",\"url\":\"https:\/\/www.justiceinfo.net\/fr\",\"name\":\"JusticeInfo.net\",\"description\":\"La justice doit \u00eatre vue pour \u00eatre rendue\",\"publisher\":{\"@id\":\"https:\/\/www.justiceinfo.net\/fr#organization\"},\"potentialAction\":[{\"@type\":\"SearchAction\",\"target\":{\"@type\":\"EntryPoint\",\"urlTemplate\":\"https:\/\/www.justiceinfo.net\/fr?s={search_term_string}\"},\"query-input\":{\"@type\":\"PropertyValueSpecification\",\"valueRequired\":true,\"valueName\":\"search_term_string\"}}],\"inLanguage\":\"fr-FR\"},{\"@type\":\"Organization\",\"@id\":\"https:\/\/www.justiceinfo.net\/fr#organization\",\"name\":\"Justice Info\",\"url\":\"https:\/\/www.justiceinfo.net\/fr\",\"logo\":{\"@type\":\"ImageObject\",\"inLanguage\":\"fr-FR\",\"@id\":\"https:\/\/www.justiceinfo.net\/fr#\/schema\/logo\/image\/\",\"url\":\"https:\/\/www.justiceinfo.net\/wp-content\/uploads\/justiceinfo_logo-trans_1200x1200px.png\",\"contentUrl\":\"https:\/\/www.justiceinfo.net\/wp-content\/uploads\/justiceinfo_logo-trans_1200x1200px.png\",\"width\":1199,\"height\":1200,\"caption\":\"Justice Info\"},\"image\":{\"@id\":\"https:\/\/www.justiceinfo.net\/fr#\/schema\/logo\/image\/\"},\"sameAs\":[\"https:\/\/www.facebook.com\/JusticeInfo\/\",\"https:\/\/x.com\/justiceinfonet\",\"https:\/\/www.linkedin.com\/company\/justice-info\",\"https:\/\/www.youtube.com\/channel\/UCyCEsARodyuWtkWyhn-e7pA\"]},{\"@type\":\"Person\",\"name\":\"afp\",\"url\":\"\/fr\/?s=afp\"}]}<\/script>\n<!-- \/ Yoast SEO Premium plugin. -->","yoast_head_json":{"title":"CPI\u00a0: 10 ans de prison pour Al Hassan","description":"La Cour p\u00e9nale internationale (CPI) a d\u00e9livr\u00e9 sa sentence, le 20 novembre, \u00e0 l\u2019encontre du djihadiste malien Al Hassan. L\u2019ancien chef de la police islamique \u00e0 Tombouctou en 2012 avait \u00e9t\u00e9 reconnu coupable de crimes de guerre et crimes contre l'humanit\u00e9, en juin dernier. Incarc\u00e9r\u00e9 depuis bient\u00f4t sept ans, il \u00e9cope de dix ans d\u2019emprisonnement.","robots":{"index":"index","follow":"follow","max-snippet":"max-snippet:-1","max-image-preview":"max-image-preview:large","max-video-preview":"max-video-preview:-1"},"canonical":"https:\/\/www.justiceinfo.net\/fr\/138474-cpi-10-ans-de-prison-pour-al-hassan.html","og_locale":"fr_FR","og_type":"article","og_title":"CPI\u00a0: 10 ans de prison pour Al Hassan","og_description":"La Cour p\u00e9nale internationale (CPI) a d\u00e9livr\u00e9 sa sentence, le 20 novembre, \u00e0 l\u2019encontre du djihadiste malien Al Hassan. L\u2019ancien chef de la police islamique \u00e0 Tombouctou en 2012 avait \u00e9t\u00e9 reconnu coupable de crimes de guerre et crimes contre l'humanit\u00e9, en juin dernier. Incarc\u00e9r\u00e9 depuis bient\u00f4t sept ans, il \u00e9cope de dix ans d\u2019emprisonnement.","og_url":"https:\/\/www.justiceinfo.net\/fr\/138474-cpi-10-ans-de-prison-pour-al-hassan.html","og_site_name":"JusticeInfo.net","article_publisher":"https:\/\/www.facebook.com\/JusticeInfo\/","article_published_time":"2024-11-20T11:23:02+00:00","article_modified_time":"2024-11-21T08:40:23+00:00","og_image":[{"width":1200,"height":800,"url":"https:\/\/www.justiceinfo.net\/wp-content\/uploads\/Mali_International-Criminal-Court-ICC-CPI-Al-Hassan-verdict_@Eva-Plevier-Pool-ANP-AFP.jpg","type":"image\/jpeg"}],"author":"afp","twitter_card":"summary_large_image","twitter_creator":"@justiceinfonet","twitter_site":"@justiceinfonet","twitter_misc":{"\u00c9crit par":"afp","Dur\u00e9e de lecture estim\u00e9e":"4 minutes"},"schema":{"@context":"https:\/\/schema.org","@graph":[{"@type":"NewsArticle","@id":"https:\/\/www.justiceinfo.net\/fr\/138474-cpi-10-ans-de-prison-pour-al-hassan.html#article","isPartOf":{"@id":"https:\/\/www.justiceinfo.net\/fr\/138474-cpi-10-ans-de-prison-pour-al-hassan.html"},"author":{"name":"afp","@id":"https:\/\/www.justiceinfo.net\/fr#\/schema\/person\/713d340ef5f218fc36ce9b4244364a7f"},"headline":"CPI\u00a0: 10 ans de prison pour Al Hassan","datePublished":"2024-11-20T11:23:02+00:00","dateModified":"2024-11-21T08:40:23+00:00","mainEntityOfPage":{"@id":"https:\/\/www.justiceinfo.net\/fr\/138474-cpi-10-ans-de-prison-pour-al-hassan.html"},"wordCount":774,"commentCount":0,"publisher":{"@id":"https:\/\/www.justiceinfo.net\/fr#organization"},"image":{"@id":"https:\/\/www.justiceinfo.net\/fr\/138474-cpi-10-ans-de-prison-pour-al-hassan.html#primaryimage"},"thumbnailUrl":"https:\/\/www.justiceinfo.net\/wp-content\/uploads\/Mali_International-Criminal-Court-ICC-CPI-Al-Hassan-verdict_@Eva-Plevier-Pool-ANP-AFP.jpg","keywords":["Al Hassan","crime contre l&#039;humanit\u00e9","crime de guerre","jugement"],"articleSection":["CPI","Fil d'info AFP"],"inLanguage":"fr-FR","potentialAction":[{"@type":"CommentAction","name":"Comment","target":["https:\/\/www.justiceinfo.net\/fr\/138474-cpi-10-ans-de-prison-pour-al-hassan.html#respond"]}]},{"@type":"WebPage","@id":"https:\/\/www.justiceinfo.net\/fr\/138474-cpi-10-ans-de-prison-pour-al-hassan.html","url":"https:\/\/www.justiceinfo.net\/fr\/138474-cpi-10-ans-de-prison-pour-al-hassan.html","name":"CPI\u00a0: 10 ans de prison pour Al Hassan","isPartOf":{"@id":"https:\/\/www.justiceinfo.net\/fr#website"},"primaryImageOfPage":{"@id":"https:\/\/www.justiceinfo.net\/fr\/138474-cpi-10-ans-de-prison-pour-al-hassan.html#primaryimage"},"image":{"@id":"https:\/\/www.justiceinfo.net\/fr\/138474-cpi-10-ans-de-prison-pour-al-hassan.html#primaryimage"},"thumbnailUrl":"https:\/\/www.justiceinfo.net\/wp-content\/uploads\/Mali_International-Criminal-Court-ICC-CPI-Al-Hassan-verdict_@Eva-Plevier-Pool-ANP-AFP.jpg","datePublished":"2024-11-20T11:23:02+00:00","dateModified":"2024-11-21T08:40:23+00:00","description":"La Cour p\u00e9nale internationale (CPI) a d\u00e9livr\u00e9 sa sentence, le 20 novembre, \u00e0 l\u2019encontre du djihadiste malien Al Hassan. L\u2019ancien chef de la police islamique \u00e0 Tombouctou en 2012 avait \u00e9t\u00e9 reconnu coupable de crimes de guerre et crimes contre l'humanit\u00e9, en juin dernier. Incarc\u00e9r\u00e9 depuis bient\u00f4t sept ans, il \u00e9cope de dix ans d\u2019emprisonnement.","breadcrumb":{"@id":"https:\/\/www.justiceinfo.net\/fr\/138474-cpi-10-ans-de-prison-pour-al-hassan.html#breadcrumb"},"inLanguage":"fr-FR","potentialAction":[{"@type":"ReadAction","target":["https:\/\/www.justiceinfo.net\/fr\/138474-cpi-10-ans-de-prison-pour-al-hassan.html"]}]},{"@type":"ImageObject","inLanguage":"fr-FR","@id":"https:\/\/www.justiceinfo.net\/fr\/138474-cpi-10-ans-de-prison-pour-al-hassan.html#primaryimage","url":"https:\/\/www.justiceinfo.net\/wp-content\/uploads\/Mali_International-Criminal-Court-ICC-CPI-Al-Hassan-verdict_@Eva-Plevier-Pool-ANP-AFP.jpg","contentUrl":"https:\/\/www.justiceinfo.net\/wp-content\/uploads\/Mali_International-Criminal-Court-ICC-CPI-Al-Hassan-verdict_@Eva-Plevier-Pool-ANP-AFP.jpg","width":1200,"height":800,"caption":"Pr\u00e8s de sept ans apr\u00e8s son arrestation, l'ancien djihadiste Al Hassan a \u00e9t\u00e9 condamn\u00e9 \u00e0 10 ans de prison par la Cour p\u00e9nale internationale, le 20 novembre. Photo : \u00a9 Eva Plevier \/ Pool \/ ANP \/ AFP"},{"@type":"BreadcrumbList","@id":"https:\/\/www.justiceinfo.net\/fr\/138474-cpi-10-ans-de-prison-pour-al-hassan.html#breadcrumb","itemListElement":[{"@type":"ListItem","position":1,"name":"Home","item":"https:\/\/www.justiceinfo.net\/fr"},{"@type":"ListItem","position":2,"name":"CPI\u00a0: 10 ans de prison pour Al Hassan"}]},{"@type":"WebSite","@id":"https:\/\/www.justiceinfo.net\/fr#website","url":"https:\/\/www.justiceinfo.net\/fr","name":"JusticeInfo.net","description":"La justice doit \u00eatre vue pour \u00eatre rendue","publisher":{"@id":"https:\/\/www.justiceinfo.net\/fr#organization"},"potentialAction":[{"@type":"SearchAction","target":{"@type":"EntryPoint","urlTemplate":"https:\/\/www.justiceinfo.net\/fr?s={search_term_string}"},"query-input":{"@type":"PropertyValueSpecification","valueRequired":true,"valueName":"search_term_string"}}],"inLanguage":"fr-FR"},{"@type":"Organization","@id":"https:\/\/www.justiceinfo.net\/fr#organization","name":"Justice Info","url":"https:\/\/www.justiceinfo.net\/fr","logo":{"@type":"ImageObject","inLanguage":"fr-FR","@id":"https:\/\/www.justiceinfo.net\/fr#\/schema\/logo\/image\/","url":"https:\/\/www.justiceinfo.net\/wp-content\/uploads\/justiceinfo_logo-trans_1200x1200px.png","contentUrl":"https:\/\/www.justiceinfo.net\/wp-content\/uploads\/justiceinfo_logo-trans_1200x1200px.png","width":1199,"height":1200,"caption":"Justice Info"},"image":{"@id":"https:\/\/www.justiceinfo.net\/fr#\/schema\/logo\/image\/"},"sameAs":["https:\/\/www.facebook.com\/JusticeInfo\/","https:\/\/x.com\/justiceinfonet","https:\/\/www.linkedin.com\/company\/justice-info","https:\/\/www.youtube.com\/channel\/UCyCEsARodyuWtkWyhn-e7pA"]},{"@type":"Person","name":"afp","url":"\/fr\/?s=afp"}]}},"_links":{"self":[{"href":"https:\/\/www.justiceinfo.net\/fr\/wp-json\/wp\/v2\/posts\/138474","targetHints":{"allow":["GET"]}}],"collection":[{"href":"https:\/\/www.justiceinfo.net\/fr\/wp-json\/wp\/v2\/posts"}],"about":[{"href":"https:\/\/www.justiceinfo.net\/fr\/wp-json\/wp\/v2\/types\/post"}],"author":[{"embeddable":true,"href":"https:\/\/www.justiceinfo.net\/fr\/wp-json\/wp\/v2\/users\/60"}],"replies":[{"embeddable":true,"href":"https:\/\/www.justiceinfo.net\/fr\/wp-json\/wp\/v2\/comments?post=138474"}],"version-history":[{"count":2,"href":"https:\/\/www.justiceinfo.net\/fr\/wp-json\/wp\/v2\/posts\/138474\/revisions"}],"predecessor-version":[{"id":138489,"href":"https:\/\/www.justiceinfo.net\/fr\/wp-json\/wp\/v2\/posts\/138474\/revisions\/138489"}],"wp:featuredmedia":[{"embeddable":true,"href":"https:\/\/www.justiceinfo.net\/fr\/wp-json\/wp\/v2\/media\/138484"}],"wp:attachment":[{"href":"https:\/\/www.justiceinfo.net\/fr\/wp-json\/wp\/v2\/media?parent=138474"}],"wp:term":[{"taxonomy":"category","embeddable":true,"href":"https:\/\/www.justiceinfo.net\/fr\/wp-json\/wp\/v2\/categories?post=138474"},{"taxonomy":"post_tag","embeddable":true,"href":"https:\/\/www.justiceinfo.net\/fr\/wp-json\/wp\/v2\/tags?post=138474"},{"taxonomy":"ji_location","embeddable":true,"href":"https:\/\/www.justiceinfo.net\/fr\/wp-json\/wp\/v2\/ji_location?post=138474"}],"curies":[{"name":"wp","href":"https:\/\/api.w.org\/{rel}","templated":true}]}}