{"id":138493,"date":"2024-11-21T11:40:13","date_gmt":"2024-11-21T10:40:13","guid":{"rendered":"https:\/\/www.justiceinfo.net\/?p=138493"},"modified":"2024-11-21T12:46:52","modified_gmt":"2024-11-21T11:46:52","slug":"enfants-soldats-chefs-farc-accuses-crimes-de-guerre","status":"publish","type":"post","link":"https:\/\/www.justiceinfo.net\/fr\/138493-enfants-soldats-chefs-farc-accuses-crimes-de-guerre.html","title":{"rendered":"Enfants soldats\u00a0: les chefs des FARC accus\u00e9s de crimes de guerre"},"content":{"rendered":"\n<p><strong>Le ph\u00e9nom\u00e8ne des enfants soldats a \u00e9t\u00e9 un crime moins visible pour les Colombiens que les enl\u00e8vements. Il est aujourd'hui au centre du deuxi\u00e8me acte d'accusation de la Juridiction sp\u00e9ciale pour la paix (JEP) \u00e0 l'encontre des dirigeants des anciennes Forces arm\u00e9es r\u00e9volutionnaires de Colombie (FARC). Quelques heures \u00e0 peine apr\u00e8s l'annonce de la JEP, les six anciens chefs de la gu\u00e9rilla ont fait savoir qu'ils acceptaient les charges retenues contre eux.<\/strong><\/p>\n\n\n\n<!--more-->\n\n\n\n<p>Le 13 novembre, la <a href=\"https:\/\/www.justiceinfo.net\/fr\/tag\/juridiction-speciale-paix\">Juridiction sp\u00e9ciale pour la paix (JEP)<\/a> de Colombie a d\u00e9voil\u00e9 son septi\u00e8me acte d'accusation contre des membres des anciennes Forces arm\u00e9es r\u00e9volutionnaires de Colombie (FARC), qui son deuxi\u00e8me contre les dirigeants de ce groupe rebelle.<\/p>\n\n\n\n<p>Dans un premier acte d'accusation sur le macro-dossier concernant le recrutement d'enfants, la Chambre de reconnaissance du tribunal sp\u00e9cial issu de l'accord de paix de 2016 avait d\u00e9termin\u00e9 que le recours \u00e0 des enfants de moins de 15 ans avait eu lieu dans \u00ab&nbsp;toutes les structures et de mani\u00e8re soutenue au fil du temps&nbsp;\u00bb. Sur cette base, elle a inculp\u00e9 six des sept membres du dernier secr\u00e9tariat des FARC \u2013 tous sauf Rodrigo Granda \u2013 du crime de guerre de conscription d'enfants de moins de 15 ans.<\/p>\n\n\n\n<p>\u00ab&nbsp;La conscription et l'utilisation d'enfants par les anciennes FARC n'\u00e9tait pas un ph\u00e9nom\u00e8ne sporadique, isol\u00e9 ou exceptionnel&nbsp;\u00bb, <a href=\"https:\/\/www.youtube.com\/watch?v=AR7gU1mesg4\">d\u00e9clare la juge Lily Rueda<\/a>, qui a dirig\u00e9 l'enqu\u00eate, contredisant la <a href=\"https:\/\/www.justiceinfo.net\/fr\/45673-colombie-farc-pression-crimes-enfants-soldats.html\">version d\u00e9fendue par d'anciens chefs rebelles<\/a> comme Rodrigo Londo\u00f1o, plus connu sous le nom de \"Timochenko\" et l'un des inculp\u00e9s, selon laquelle cela s'est produit \u00ab&nbsp;pour des raisons exceptionnelles&nbsp;\u00bb. \u00ab&nbsp;Malgr\u00e9 le fait que l'enr\u00f4lement d'enfants de moins de 15 ans \u00e9tait formellement interdit au sein du groupe, cela s'est produit et avec une telle ampleur et une telle port\u00e9e que cela forme un sch\u00e9ma macro-criminel&nbsp;\u00bb, ajoute Rueda.<\/p>\n\n\n\n<p>En se penchant sur le ph\u00e9nom\u00e8ne des \"enfants soldats\", <a href=\"https:\/\/www.justiceinfo.net\/fr\/45673-colombie-farc-pression-crimes-enfants-soldats.html\">un crime historiquement moins visible<\/a> pour les Colombiens que les enl\u00e8vements, la JEP est all\u00e9e au-del\u00e0 de la simple pr\u00e9sence de mineurs au sein de la gu\u00e9rilla. Apr\u00e8s avoir document\u00e9 des centaines d'autres crimes que ces gar\u00e7ons et surtout ces filles ont subis dans ses rangs, le bras judiciaire de la justice transitionnelle colombienne les inculpe \u00e9galement de crimes de guerre de viol, esclavage sexuel, atteinte \u00e0 la dignit\u00e9 de la personne, torture, homicide, ainsi que de condamnations et ex\u00e9cutions sans jugement pr\u00e9alable prononc\u00e9 par un tribunal r\u00e9guli\u00e8rement constitu\u00e9. Elle les accuse encore du crime de guerre de conscription, enr\u00f4lement ou utilisation de personnes \u00e2g\u00e9es de 15 \u00e0 17 ans, ce que la Chambre consid\u00e8re comme faisable en vertu du droit coutumier.<\/p>\n\n\n\n<h2 class=\"wp-block-heading\" id=\"h-la-jep-eclaire-les-contradictions-des-farc\">La JEP \u00e9claire les contradictions des FARC<\/h2>\n\n\n\n<p>Pendant des ann\u00e9es, les anciens chefs de la gu\u00e9rilla les plus connus ont affirm\u00e9 que l'utilisation d'enfants combattants \u00ab&nbsp;<a href=\"https:\/\/www.elespectador.com\/colombia-20\/jep-y-desaparecidos\/el-reclutamiento-de-menores-no-era-un-delito-en-las-farc-carlos-antonio-lozada-article\/\" target=\"_blank\" rel=\"noreferrer noopener nofollow\">n'\u00e9tait pas une pratique permanente<\/a>&nbsp;\u00bb et que \u00ab&nbsp;<a href=\"https:\/\/www.eltiempo.com\/politica\/proceso-de-paz\/farc-timochenko-hizo-polemica-declaracion-sobre-reclutamiento-de-ninos-en-la-guerrilla-537658\" target=\"_blank\" rel=\"noreferrer noopener nofollow\">l'on entrait dans les FARC en toute connaissance de cause<\/a> \u00bb. Sur 759 pages, la juge Rueda oppose m\u00e9ticuleusement les arguments des anciens chefs des FARC aux r\u00e9cits des victimes, aux t\u00e9moignages de centaines d'anciens rebelles et m\u00eame aux rapports \u00e9crits de leur propre unit\u00e9, dans un acte d'accusation \u00e9loquent malgr\u00e9 ses anecdotes obs\u00e9dantes et la n\u00e9cessit\u00e9 de remplacer les noms des victimes par des num\u00e9ros pour des raisons de s\u00e9curit\u00e9.<\/p>\n\n\n\n<p>L'un des arguments de d\u00e9fense des FARC \u00e9tait que leur r\u00e8glement interne interdisait l'enr\u00f4lement d'enfants de moins de 15 ans. Un guide de recrutement trouv\u00e9 par le bureau du procureur g\u00e9n\u00e9ral identifie ainsi une douzaine de r\u00e8gles que les recruteurs devaient respecter, notamment que les nouveaux membres devaient \u00eatre \u00ab&nbsp;\u00e2g\u00e9s de plus de 15 ans et de moins de 30 ans&nbsp;\u00bb, \u00eatre des habitants du coin et avoir des aptitudes physiques et mentales. Ce guide non dat\u00e9, chapeaut\u00e9 par une peinture de Fernando Botero repr\u00e9sentant le chef historique des FARC \"Manuel Marulanda V\u00e9lez\" ou \"Tirofijo\", leur demandait \u00e9galement de v\u00e9rifier \u00ab&nbsp;les documents d'identit\u00e9 qu'ils poss\u00e8dent&nbsp;\u00bb.<\/p>\n\n\n\n<figure class=\"wp-block-image size-full\"><img loading=\"lazy\" decoding=\"async\" width=\"810\" height=\"630\" src=\"https:\/\/www.justiceinfo.net\/wp-content\/uploads\/Colombia_guia-reclutamiento-FARC_@JEP.jpg\" alt=\"Un guide de recrutement des FARC, chapeaut\u00e9 par une peinture de Fernando Botero, interdit de recruter des enfants de moins de 15 ans et stipule la n\u00e9cessit\u00e9 de demander des documents d'identit\u00e9, deux r\u00e8gles dont la Juridiction sp\u00e9ciale en Colombie a prouv\u00e9 qu'elles n'avaient pas appliqu\u00e9es par l\u2019ancienne gu\u00e9rilla.\" class=\"wp-image-138501\"\/><figcaption class=\"wp-element-caption\">Un guide de recrutement des FARC, chapeaut\u00e9 par une peinture de Fernando Botero, interdit de recruter des enfants de moins de 15 ans et stipule la n\u00e9cessit\u00e9 de demander des documents d'identit\u00e9, deux r\u00e8gles dont la Juridiction sp\u00e9ciale en Colombie a prouv\u00e9 qu'elles n'avaient pas appliqu\u00e9es par l\u2019ancienne gu\u00e9rilla. Image : \u00a9 JEP<\/figcaption><\/figure>\n\n\n\n<p>Dans la r\u00e9alit\u00e9, cependant, ces exigences n'ont pas \u00e9t\u00e9 respect\u00e9es. La JEP a recens\u00e9 518 cas d'enfants recrut\u00e9s avant l'\u00e2ge de 15 ans, parfois d\u00e8s l'\u00e2ge de 8 ans. Dans le contexte des plans d'expansion des FARC et de l'intensification des hostilit\u00e9s avec les forces de s\u00e9curit\u00e9 colombiennes qui s'en est suivie, la gu\u00e9rilla a fini par privil\u00e9gier le gonflement de ses rangs plut\u00f4t que le respect de ses propres r\u00e8gles. Il \u00e9tait plus important pour une personne d'\u00eatre connue localement (par crainte d\u2019infiltr\u00e9s de l'arm\u00e9e) ou d'\u00eatre physiquement apte \u00e0 la vie de rebelle. Comme le raconte une victime, un commandant rebelle l'a recrut\u00e9e \u00e0 l'\u00e2ge de 12 ans parce qu'elle \u00ab&nbsp;avait d\u00e9j\u00e0 un corps&nbsp;\u00bb.<\/p>\n\n\n\n<p>Ces faits soulignent, selon la JEP, qu'il existait une \u00ab&nbsp;politique d'enr\u00f4lement des FARC qui, de facto, accordait plus d'importance \u00e0 l'apparence d'aptitude \u00e0 servir la cause rebelle et l'action arm\u00e9e qu'\u00e0 l'\u00e2ge des personnes admises&nbsp;\u00bb. Le rapport ajoute que \u00ab&nbsp;non seulement il n'y avait pas de m\u00e9canisme efficace de v\u00e9rification de l'\u00e2ge, mais ils n'\u00e9taient pas int\u00e9ress\u00e9s par la mise en place d'un tel m\u00e9canisme&nbsp;\u00bb.<\/p>\n\n\n\n<h2 class=\"wp-block-heading\" id=\"h-nbsp-non-seulement-pas-sanctionnee-mais-minimisee-nbsp\">\u00ab&nbsp;Non seulement pas sanctionn\u00e9e, mais minimis\u00e9e&nbsp;\u00bb<\/h2>\n\n\n\n<p>Ce n'est pas la seule contradiction que la JEP a trouv\u00e9e entre les r\u00e9cits des FARC et ceux de leurs victimes. Par exemple, les commandants ont affirm\u00e9 que les enfants recevaient une \u00ab&nbsp;formation non militaire&nbsp;\u00bb et des t\u00e2ches adapt\u00e9es \u00e0 leur \u00e2ge, comme, selon les termes de l'inculp\u00e9 Joaqu\u00edn G\u00f3mez, \u00ab&nbsp;\u00e9plucher des pommes de terre et des trucs d'enfants&nbsp;\u00bb, ce que toutes les victimes ont ni\u00e9. Elles ont re\u00e7u en fait une formation militaire d\u00e8s l'\u00e2ge de 9 ans et ont \u00e9galement particip\u00e9 \u00e0 des activit\u00e9s de guerre telles que des combats, l'installation de mines terrestres ou la collecte de renseignements, dans des conditions, selon les termes de la JEP, \u00ab&nbsp;incompatibles avec leur maturit\u00e9 physique et mentale&nbsp;\u00bb.<\/p>\n\n\n\n<p>Bien que la violation des r\u00e8gles de recrutement soit consid\u00e9r\u00e9e comme une infraction de premi\u00e8re gravit\u00e9 dans le r\u00e8glement interne des FARC, entra\u00eenant une sanction \u00e9ducative, la JEP a constat\u00e9 que \u00ab&nbsp;non seulement elle n'a pas \u00e9t\u00e9 sanctionn\u00e9e, mais elle a \u00e9t\u00e9 trait\u00e9e de telle mani\u00e8re qu'elle est pass\u00e9e inaper\u00e7ue ou qu'elle a \u00e9t\u00e9 minimis\u00e9e&nbsp;\u00bb. Ce constat a \u00e9t\u00e9 corrobor\u00e9 par les victimes, mais aussi par des sources \u00e9crites telles que le dossier des infractions du Bloc de l'Est, qui fait \u00e9tat de sanctions \u00e0 l'encontre de 2 967 rebelles, dont seulement 9 pour ce type de faute. Les membres du Secr\u00e9tariat en \u00e9taient conscients, comme le prouve cette histoire confirm\u00e9e par l'inculp\u00e9 Jaime Parra. Lorsque le chef historique des FARC, \"Mono Jojoy\", a visit\u00e9 un camp \u00e0 San Vicente del Cagu\u00e1n et a vu le nombre d'enfants enr\u00f4l\u00e9s, il a fait remarquer qu'il y avait beaucoup de \u00ab&nbsp;veaux&nbsp;\u00bb et que cela ressemblait \u00e0 \u00ab&nbsp;une pouponni\u00e8re&nbsp;\u00bb. Sa distribution de biberons aux responsables de l'unit\u00e9 a \u00e9t\u00e9 interpr\u00e9t\u00e9e davantage comme une plaisanterie que comme une r\u00e9primande.<\/p>\n\n\n\n<h2 class=\"wp-block-heading\" id=\"h-entree-forcee-sortie-impossible\">Entr\u00e9e forc\u00e9e, sortie impossible<\/h2>\n\n\n\n<p>Malgr\u00e9 la r\u00e8gle th\u00e9orique selon laquelle tous les enr\u00f4lements des FARC devraient \u00eatre volontaires, la JEP a constat\u00e9 que plus de la moiti\u00e9 des victimes enregistr\u00e9es ont \u00e9t\u00e9 recrut\u00e9es \u00e0 travers des menaces ou d'autres formes de violence, notamment en \u00e9tant arrach\u00e9es \u00e0 leur domicile ou \u00e0 leur \u00e9cole, en exigeant des familles qu'elles versent des \u00ab&nbsp;quotas&nbsp;\u00bb \u00e0 la r\u00e9volution, et apr\u00e8s que leurs recruteurs les ont enivr\u00e9es. Un tiers d'entre elles ont \u00e9t\u00e9 recrut\u00e9es par la tromperie, notamment en leur offrant un travail salari\u00e9 inexistant, en leur promettant de retrouver des membres de leur famille ou d\u2019un acc\u00e8s \u00e0 l'\u00e9ducation et aux soins de sant\u00e9. Un gar\u00e7on de 14 ans qui avait contract\u00e9 la leishmaniose dans l'oreille a \u00e9t\u00e9 recrut\u00e9 de force apr\u00e8s \u00eatre arriv\u00e9 dans un camp des FARC pour recevoir le traitement m\u00e9dical promis.<\/p>\n\n\n\n<p>Seul un sixi\u00e8me des victimes ont \u00e9t\u00e9 int\u00e9gr\u00e9es par la persuasion, m\u00eame si, dans bon nombre de ces cas, la JEP a \u00e9tabli que le travail de renseignement pr\u00e9alable avait permis aux recruteurs de les manipuler en utilisant des informations sur leur situation familiale ou \u00e9conomique d\u00e9favorable et en leur offrant ce que l'acte d'accusation appelle des \u00ab&nbsp;mirages de paternit\u00e9&nbsp;\u00bb. Aucune victime n'a reconnu le terme de \u00ab&nbsp;r\u00e9fugi\u00e9s&nbsp;\u00bb que les hauts grad\u00e9s des FARC utilisaient pour d\u00e9signer les mineurs qui se pla\u00e7aient volontairement sous leur tutelle.<\/p>\n\n\n\n<p>De m\u00eame, la JEP d\u00e9montre que quitter les rangs des rebelles n'\u00e9tait non seulement pas une option, comme l'ont affirm\u00e9 de nombreux anciens dirigeants des FARC, mais presque impossible. \u00ab&nbsp;Vous rejoignez les rangs aujourd'hui et jusqu'\u00e0 ce que nous triomphions ou jusqu'\u00e0 ce que vous mouriez&nbsp;\u00bb, a d\u00e9clar\u00e9 un ancien membre des FARC. Les t\u00e9moignages recueillis par la JEP confirment que 94 % des victimes sont rest\u00e9es dans les rangs pendant plus d'un an, au milieu de ch\u00e2timents pour d\u00e9fection aussi s\u00e9v\u00e8res que la torture, le fait d'\u00eatre attach\u00e9 pendant deux mois, voire d'\u00eatre ex\u00e9cut\u00e9.<\/p>\n\n\n\n<p>Il en va de m\u00eame pour la vie au sein du groupe, que l'inculp\u00e9 Juli\u00e1n Gallo a d\u00e9crite comme une \u00ab&nbsp;discipline consciente&nbsp;\u00bb, mais que la JEP a qualifi\u00e9e d'\u00ab&nbsp;environnement de coercition permanente&nbsp;\u00bb. Le fait d'\u00eatre utilis\u00e9 comme bouclier humain, d\u2019\u00eatre interdit de contacts familiaux et d'\u00eatre forc\u00e9 de boire le sang de coll\u00e8gues bless\u00e9s a engendr\u00e9, selon la JEP, un retrait \u00e9motionnel, une peur permanente et, au moins dans un cas, le suicide d'une jeune fille.<\/p>\n\n\n\n<h2 class=\"wp-block-heading\" id=\"h-nbsp-interdiction-de-facto-de-la-parentalite-a-tout-prix-nbsp\">\u00ab&nbsp;Interdiction de facto de la parentalit\u00e9, \u00e0 tout prix&nbsp;\u00bb<\/h2>\n\n\n\n<p>L'un des aspects les plus int\u00e9ressants de l'acte d'accusation est l'accent mis sur les types de violence \u00e0 l'encontre des filles au sein des FARC, \u00e0 commencer par ceux qui cherchent \u00e0 \u00ab&nbsp;interdire de facto l'exercice de la maternit\u00e9 et de la paternit\u00e9 \u00e0 tout prix&nbsp;\u00bb afin de maintenir les troupes intactes et d'\u00e9viter des risques s\u00e9curitaires. Les violences reproductives les plus r\u00e9pandues sont la contraception forc\u00e9e (subie par une fille enregistr\u00e9e sur quatre) et les avortements forc\u00e9s (une fille sur cinq).<\/p>\n\n\n\n<p>Dans le cadre de cette \u00ab&nbsp;politique officielle de contraception ou de contr\u00f4le des naissances&nbsp;\u00bb, explicite depuis la conf\u00e9rence nationale des FARC de 1993, les filles ont \u00e9t\u00e9 soumises \u00e0 des injections, \u00e0 des implants sous-dermiques ou \u00e0 des dispositifs intra-ut\u00e9rins d\u00e8s leur plus jeune \u00e2ge et avant m\u00eame de commencer leur vie sexuelle. Ces d\u00e9cisions ont \u00e9t\u00e9 prises en l'absence d'\u00e9valuations m\u00e9dicales, de toute information et, dans de nombreux cas, de conditions d'hygi\u00e8ne \u00e9l\u00e9mentaires. Bien que la JEP reconnaisse des points de vue tels que celui de l'ancienne dirigeante Victoria Sandino, selon qui la contraception repr\u00e9sentait la libert\u00e9 de d\u00e9cider de son corps, le tribunal sp\u00e9cial souligne que, pour la grande majorit\u00e9 des jeunes filles enr\u00f4l\u00e9es, il ne s'agissait pas d'un choix libre ou \u00e9clair\u00e9.<\/p>\n\n\n\n<p>L'utilisation r\u00e9p\u00e9t\u00e9e de ces m\u00e9dicaments a eu des effets sur la sant\u00e9, notamment des douleurs intenses, des saignements, des infections et des alt\u00e9rations du cycle menstruel. Une victime s'est retrouv\u00e9e avec des kystes et une tumeur ovarienne qui ont d\u00fb \u00eatre enlev\u00e9s. Lorsque des kystes ont \u00e9t\u00e9 d\u00e9couverts plus tard dans ses seins, elle a profit\u00e9 d'une permission au cours de laquelle ils devaient \u00eatre enlev\u00e9s pour d\u00e9serter. Une autre femme, qui a re\u00e7u des contraceptifs depuis l'\u00e2ge de 12 ans, n'a pas r\u00e9ussi \u00e0 tomber enceinte apr\u00e8s dix ans d'efforts, et une autre a eu plusieurs grossesses parce qu'aucune m\u00e9thode de pr\u00e9vention ne fonctionne plus pour elle.<\/p>\n\n\n\n<p>Cette r\u00e9alit\u00e9 v\u00e9cue par les filles et les femmes contraste avec celle des hommes, qu\u2019on ne persuadait jamais d'utiliser des pr\u00e9servatifs ou de subir une vasectomie, m\u00eame si ces m\u00e9thodes n'avaient pas d'effets n\u00e9fastes, car les FARC consid\u00e9raient que cela pouvait affecter leur virilit\u00e9. Selon la JEP, cette charge \u00ab&nbsp;pesait principalement et de mani\u00e8re disproportionn\u00e9e sur le corps et la vie des filles&nbsp;\u00bb, ce qui montrait clairement que \u00ab&nbsp;le bien-\u00eatre des hommes dans les rangs avait la priorit\u00e9 sur celui des femmes&nbsp;\u00bb.<\/p>\n\n\n\n<h2 class=\"wp-block-heading\" id=\"h-ils-savaient-mais-n-ont-rien-fait-pour-l-eviter\">Ils savaient mais n\u2019ont rien fait pour l\u2019\u00e9viter<\/h2>\n\n\n\n<p>Selon la JEP, \u00ab&nbsp;une tendance visant \u00e0 mettre fin aux grossesses d\u00e8s qu'elles surviennent d\u00e9rivait tacitement&nbsp;\u00bb de cette politique de contraception et, dans un cas au moins, une unit\u00e9 des FARC a explicitement donn\u00e9 pour instruction qu'\u00ab&nbsp;en cas de grossesse, le curetage est obligatoire&nbsp;\u00bb. La JEP a document\u00e9 des cas d'avortements pratiqu\u00e9s contre la volont\u00e9 des filles, y compris sous la menace de la cour martiale (qui pouvait conduire \u00e0 un peloton d'ex\u00e9cution), sous la contrainte d'autres personnes, et avec des m\u00e9dicaments abortifs cach\u00e9s dans la nourriture ou sous forme de pilules analg\u00e9siques. Une victime raconte avoir subi quatre avortements forc\u00e9s, tous entre le quatri\u00e8me et le cinqui\u00e8me mois de grossesse.<\/p>\n\n\n\n<p>Ces avortements allaient de pair avec d'autres abus. Bien que l'inculp\u00e9 \"Joaqu\u00edn G\u00f3mez\" ait insist\u00e9 sur le fait que les femmes qui avortaient b\u00e9n\u00e9ficiaient d'un cong\u00e9, la JEP a trouv\u00e9 cr\u00e9dibles les victimes ayant d\u00e9clar\u00e9 qu'elles \u00e9taient forc\u00e9es de travailler le lendemain, sans repos ni soins particuliers. Dans un cas particuli\u00e8rement cruel, l'acte d'accusation raconte comment une jeune femme de 18 ans a \u00e9t\u00e9 contrainte, juste apr\u00e8s un avortement tardif forc\u00e9, d'allaiter le nouveau-n\u00e9 d\u2019une otage, Clara Rojas, retenue en captivit\u00e9 pendant pr\u00e8s de six ans et s\u00e9par\u00e9e de son enfant pendant trois ans. Enfin, la JEP a recens\u00e9 des cas de nouveau-n\u00e9s tu\u00e9s ou remis de force \u00e0 d'autres pour \u00eatre \u00e9lev\u00e9s.&nbsp;<\/p>\n\n\n\n<p>Dans tous ces cas, la JEP a conclu \u00e0 la n\u00e9gligence du secr\u00e9tariat des FARC. Selon elle, \u00ab&nbsp;la connaissance par les commandants des effets de la contraception ne s'est pas traduite par des d\u00e9cisions organisationnelles visant \u00e0 les \u00e9viter&nbsp;\u00bb.<\/p>\n\n\n\n<h2 class=\"wp-block-heading\" id=\"h-violences-sexuelles-tacitement-acceptees\">Violences sexuelles tacitement accept\u00e9es<\/h2>\n\n\n\n<p>Selon la JEP, une femme sur trois enr\u00f4l\u00e9e dans les FARC alors qu'elle \u00e9tait enfant a subi des violences sexuelles, allant du viol et de l'esclavage sexuel au mariage forc\u00e9 et \u00e0 la nudit\u00e9. Bien qu'elle n'ait pas trouv\u00e9 de politique formelle ou de facto visant \u00e0 les promouvoir, la JEP estime que \u00ab\u00a0l'ampleur et l'\u00e9tendue de ces pratiques \u00e9taient telles qu'elles en sont venues \u00e0 \u00eatre consid\u00e9r\u00e9es comme tacitement accept\u00e9es\u00a0\u00bb.<\/p>\n\n\n\n<p>Bien que deux inculp\u00e9s, Jaime Parra et Juli\u00e1n Gallo, aient d\u00e9clar\u00e9 que certains rapports d'agressions sexuelles \u00e9taient des \u00ab&nbsp;informations charg\u00e9es&nbsp;\u00bb visant \u00e0 les stigmatiser, la juge Rueda constate qu'au moins 88 filles et un gar\u00e7on avaient \u00e9t\u00e9 contraints d'avoir des relations sexuelles sans leur consentement et qu'une fillette de 8 ans avait m\u00eame subi des attouchements. Une victime a racont\u00e9 qu'un tirage au sort avait eu lieu entre dix rebelles, celui tirant le num\u00e9ro gagnant pouvant coucher avec l'une d'entre elles. Ces \u00e9v\u00e9nements ont eu des cons\u00e9quences durables : une victime a racont\u00e9 qu'elle avait fait une fausse couche parce qu'une infection sexuellement transmissible, contract\u00e9e alors qu\u2019elle \u00e9tait enfant dans les rangs des FARC, s'\u00e9tait d\u00e9velopp\u00e9e dans son ut\u00e9rus.<\/p>\n\n\n\n<p>Tout cela a \u00e9t\u00e9 favoris\u00e9 par ce que la JEP appelle une \u00ab&nbsp;pratique de non-punition&nbsp;\u00bb. Bien que le viol soit consid\u00e9r\u00e9 comme un crime au sein des FARC et qu'il soit passible des sanctions les plus s\u00e9v\u00e8res, celles-ci \u00e9taient tr\u00e8s rarement appliqu\u00e9es. \u00ab&nbsp;L'absence de mesures de pr\u00e9vention, de contr\u00f4le et de sanction (...) a fait de ces actes une pratique normalis\u00e9e&nbsp;\u00bb, indique l'acte d'accusation. Une simple d\u00e9nonciation pouvait \u00eatre dangereuse pour les victimes. L'une d'entre elles a racont\u00e9 que ses commandants, dont l'accus\u00e9 Pastor Alape, l'avaient forc\u00e9e \u00e0 danser avec son agresseur pour ne pas nuire \u00e0 l'ambiance dans les rangs.<\/p>\n\n\n\n<p>Il en a \u00e9t\u00e9 de m\u00eame pour une douzaine de victimes d'orientation sexuelle ou de genre diff\u00e9rente, qui ont v\u00e9cu dans l'incertitude tourment\u00e9e de servir dans une organisation arm\u00e9e ayant \u00ab&nbsp;de facto une&nbsp;politique d'interdiction d'appartenance\" \u00e0 la communaut\u00e9 LGBTI, sans pouvoir faire d\u00e9fection. Les rebelles associant l'homosexualit\u00e9 \u00e0 une infiltration par l'arm\u00e9e, ces personnes couraient un risque encore plus grand d'\u00eatre ex\u00e9cut\u00e9es.<\/p>\n\n\n\n<h2 class=\"wp-block-heading\" id=\"h-la-reconnaissance-immediate-mais-timide-des-farc\">La reconnaissance imm\u00e9diate mais timide des FARC<\/h2>\n\n\n\n<p>Il y a trois ans, lorsque la JEP <a href=\"https:\/\/www.justiceinfo.net\/fr\/69211-premiere-colombie-huit-farc-accuses-crimes-de-guerre-crimes-contre-humanite.html\">les a accus\u00e9s pour les enl\u00e8vement<\/a>s, les membres du secr\u00e9tariat des FARC ont mis trois mois \u00e0 <a href=\"https:\/\/www.justiceinfo.net\/fr\/76910-prises-otages-colombie-farc-reconnaissent-responsabilite.html\">annoncer qu'ils acceptaient l'accusation<\/a>. Cette fois, ils ont choisi de r\u00e9agir vite : bien qu'il ne s'agisse pas encore de leur r\u00e9ponse juridique officielle, les six anciens chefs de la gu\u00e9rilla <a href=\"https:\/\/x.com\/TimoComunes\/status\/1856756010481864733\/photo\/1\" target=\"_blank\" rel=\"noreferrer noopener nofollow\">ont publi\u00e9 un communiqu\u00e9<\/a> dans les heures qui ont suivi l'annonce de la JEP, dans lequel ils admettent l'enr\u00f4lement d'enfants. \u00ab&nbsp;Ces faits n'auraient pas d\u00fb se produire&nbsp;\u00bb, \u00e9crivent-ils.<\/p>\n\n\n\n<p>S'ils maintiennent cette position, les six accus\u00e9s resteront dans la voie r\u00e9paratrice du syst\u00e8me colombien de justice transitionnelle \u00e0 deux options qui envisage \u2013 s'ils disent la v\u00e9rit\u00e9 et r\u00e9parent les victimes \u2013 des peines de 5 \u00e0 8 ans dans un cadre non carc\u00e9ral, par opposition \u00e0 la voie accusatoire o\u00f9, s'ils sont reconnus coupables, ils risquent jusqu'\u00e0 20 ans d'emprisonnement. L'un d'entre eux, Pablo Catatumbo, a \u00e9galement reconnu son r\u00f4le dans un <a href=\"https:\/\/www.justiceinfo.net\/fr\/127216-justice-indiens-awa-colombie-mais-toujours-violence.html\">troisi\u00e8me acte d'accusation<\/a>, le dossier de la r\u00e9gion de Nari\u00f1o.<\/p>\n\n\n\n<p>Leur lettre est toutefois accompagn\u00e9e d'un avertissement. Ils y d\u00e9plorent que, selon eux, les juges de la JEP \u00ab&nbsp;aient consacr\u00e9 un temps et des ressources excessifs \u00e0 enqu\u00eater sur des faits dont nous avons admis l'existence depuis les n\u00e9gociations de paix&nbsp;\u00bb \u2013 ce qui contraste avec leur r\u00e9ticence pass\u00e9e \u00e0 admettre la conscription des enfants, sa nature forc\u00e9e, et les violences sexuelles.<\/p>\n\n\n\n<p>Ce premier acte d'accusation de la JEP sur le recrutement d'enfants semble combler quelques lacunes historiques. \u00ab&nbsp;Sans anticiper ce qui va suivre, l'acte d'accusation nous met du baume au c\u0153ur car il reconna\u00eet ce que ce ph\u00e9nom\u00e8ne a signifi\u00e9 pour la Colombie : la violence et les violations des droits dans leurs rangs, la souffrance des familles qui cherchent encore leurs enfants sans savoir o\u00f9 ils se trouvent, et la conscription des enfants de moins de 15 ans, qui \u00e9tait un point tellement contest\u00e9 par les accus\u00e9s depuis la n\u00e9gociation&nbsp;\u00bb, d\u00e9clare Hilda Molano de Coalico, un r\u00e9seau de sept organisations qui travaillent avec les enfants dans les conflits et qui a pouss\u00e9 \u00e0 ce que soient document\u00e9es ces aspects du recrutement qui<a href=\"https:\/\/www.justiceinfo.net\/fr\/45673-colombie-farc-pression-crimes-enfants-soldats.html\">, jusqu'\u00e0 pr\u00e9sent, n'\u00e9taient pas tr\u00e8s visibles.<\/a><\/p>\n\n\n\n<p>\u00ab&nbsp;Tout cela n'est plus mis en doute&nbsp;\u00bb, dit-elle.<\/p>\n\n\n<div class=\"articleLink articleLink--editorRecommanded articleLink--textInImage articleLink--textTop\" style=\"\">\r\n\t\t\t\t\t\r\n\t\t\t<div class=\"articleLinkSurTitle\">Recommand\u00e9 par la r\u00e9daction<\/div>\r\n\t\t\t<a class=\"articleLinkImageLink\" href=\"https:\/\/www.justiceinfo.net\/fr\/45673-colombie-farc-pression-crimes-enfants-soldats.html\"><div class=\"articleLinkImageContainer \"><img loading=\"lazy\" decoding=\"async\" width=\"540\" height=\"360\" src=\"https:\/\/www.justiceinfo.net\/wp-content\/uploads\/8a7412a5720931b5d065ce8caa9c8be8-540x360.jpg\" class=\"articleLinkImage backgroundImageTag w-100 wp-post-image\" alt=\"\" srcset=\"\" sizes=\"auto, (max-width: 540px) 100vw, 540px\" \/><\/div><\/a>\r\n\t\t\t<a href=\"https:\/\/www.justiceinfo.net\/fr\/45673-colombie-farc-pression-crimes-enfants-soldats.html\" class=\"articleLinkTitle articleLinkTitle--default\">\r\n\t\t\tColombie : les FARC sous pression sur les crimes contre les enfants soldats\r\n\t\t<\/a>\r\n\t\t\r\n\t\t\t\t<\/div>\n","protected":false},"excerpt":{"rendered":"<p>Le ph\u00e9nom\u00e8ne des enfants soldats a \u00e9t\u00e9 un crime moins visible pour les Colombiens que les enl\u00e8vements. Il est aujourd'hui au centre du deuxi\u00e8me acte d'accusation de la Juridiction sp\u00e9ciale pour la paix (JEP) \u00e0 l'encontre des dirigeants des anciennes Forces arm\u00e9es r\u00e9volutionnaires de Colombie (FARC). Quelques heures \u00e0 peine apr\u00e8s l'annonce de la JEP, [&hellip;]<\/p>\n","protected":false},"author":74,"featured_media":138496,"comment_status":"open","ping_status":"closed","sticky":false,"template":"","format":"standard","meta":{"_acf_changed":false,"footnotes":""},"categories":[574],"tags":[2746,2676],"ji_location":[2176],"class_list":["post-138493","post","type-post","status-publish","format-standard","has-post-thumbnail","hentry","category-tribunaux-nationaux","tag-enfants-soldats","tag-juridiction-speciale-paix","ji_location-colombie"],"acf":[],"yoast_head":"<!-- This site is optimized with the Yoast SEO Premium plugin v25.3.1 (Yoast SEO v25.3.1) - https:\/\/yoast.com\/wordpress\/plugins\/seo\/ -->\n<title>Enfants soldats en Colombie\u00a0: les FARC accus\u00e9s de crimes de guerre<\/title>\n<meta name=\"description\" content=\"En Colombie, six anciens chefs des FARC ont \u00e9t\u00e9 inculp\u00e9s pour avoir particip\u00e9 \u00e0 l&#039;enr\u00f4lement d&#039;enfants soldats. Suite \u00e0 l&#039;annonce de la Juridiction sp\u00e9ciale pour la paix (JEP), ils ont fait savoir qu&#039;ils acceptaient les charges retenues contre eux.\" \/>\n<meta name=\"robots\" content=\"index, follow, max-snippet:-1, max-image-preview:large, max-video-preview:-1\" \/>\n<link rel=\"canonical\" href=\"https:\/\/www.justiceinfo.net\/fr\/138493-enfants-soldats-chefs-farc-accuses-crimes-de-guerre.html\" \/>\n<meta property=\"og:locale\" content=\"fr_FR\" \/>\n<meta property=\"og:type\" content=\"article\" \/>\n<meta property=\"og:title\" content=\"Enfants soldats\u00a0: les chefs des FARC accus\u00e9s de crimes de guerre\" \/>\n<meta property=\"og:description\" content=\"En Colombie, six anciens chefs des FARC ont \u00e9t\u00e9 inculp\u00e9s pour avoir particip\u00e9 \u00e0 l&#039;enr\u00f4lement d&#039;enfants soldats. Suite \u00e0 l&#039;annonce de la Juridiction sp\u00e9ciale pour la paix (JEP), ils ont fait savoir qu&#039;ils acceptaient les charges retenues contre eux.\" \/>\n<meta property=\"og:url\" content=\"https:\/\/www.justiceinfo.net\/fr\/138493-enfants-soldats-chefs-farc-accuses-crimes-de-guerre.html\" \/>\n<meta property=\"og:site_name\" content=\"JusticeInfo.net\" \/>\n<meta property=\"article:publisher\" content=\"https:\/\/www.facebook.com\/JusticeInfo\/\" \/>\n<meta property=\"article:published_time\" content=\"2024-11-21T10:40:13+00:00\" \/>\n<meta property=\"article:modified_time\" content=\"2024-11-21T11:46:52+00:00\" \/>\n<meta property=\"og:image\" content=\"https:\/\/www.justiceinfo.net\/wp-content\/uploads\/Colombia_Jurisdiccion-Especial-Paz-Lily-Rueda-FARC-imputacion_@JEP.jpg\" \/>\n\t<meta property=\"og:image:width\" content=\"1200\" \/>\n\t<meta property=\"og:image:height\" content=\"800\" \/>\n\t<meta property=\"og:image:type\" content=\"image\/jpeg\" \/>\n<meta name=\"author\" content=\"Andr\u00e9s Berm\u00fadez Li\u00e9vano\" \/>\n<meta name=\"twitter:card\" content=\"summary_large_image\" \/>\n<meta name=\"twitter:creator\" content=\"@bermudezlievano\" \/>\n<meta name=\"twitter:site\" content=\"@justiceinfonet\" \/>\n<meta name=\"twitter:label1\" content=\"\u00c9crit par\" \/>\n\t<meta name=\"twitter:data1\" content=\"Andr\u00e9s Berm\u00fadez Li\u00e9vano\" \/>\n\t<meta name=\"twitter:label2\" content=\"Dur\u00e9e de lecture estim\u00e9e\" \/>\n\t<meta name=\"twitter:data2\" content=\"16 minutes\" \/>\n<script type=\"application\/ld+json\" class=\"yoast-schema-graph\">{\"@context\":\"https:\/\/schema.org\",\"@graph\":[{\"@type\":\"NewsArticle\",\"@id\":\"https:\/\/www.justiceinfo.net\/fr\/138493-enfants-soldats-chefs-farc-accuses-crimes-de-guerre.html#article\",\"isPartOf\":{\"@id\":\"https:\/\/www.justiceinfo.net\/fr\/138493-enfants-soldats-chefs-farc-accuses-crimes-de-guerre.html\"},\"author\":{\"name\":\"Andr\u00e9s Berm\u00fadez Li\u00e9vano\",\"@id\":\"https:\/\/www.justiceinfo.net\/fr#\/schema\/person\/c18ea792350557b20c68f8d655e3ea21\"},\"headline\":\"Enfants soldats\u00a0: les chefs des FARC accus\u00e9s de crimes de guerre\",\"datePublished\":\"2024-11-21T10:40:13+00:00\",\"dateModified\":\"2024-11-21T11:46:52+00:00\",\"mainEntityOfPage\":{\"@id\":\"https:\/\/www.justiceinfo.net\/fr\/138493-enfants-soldats-chefs-farc-accuses-crimes-de-guerre.html\"},\"wordCount\":3479,\"commentCount\":0,\"publisher\":{\"@id\":\"https:\/\/www.justiceinfo.net\/fr#organization\"},\"image\":{\"@id\":\"https:\/\/www.justiceinfo.net\/fr\/138493-enfants-soldats-chefs-farc-accuses-crimes-de-guerre.html#primaryimage\"},\"thumbnailUrl\":\"https:\/\/www.justiceinfo.net\/wp-content\/uploads\/Colombia_Jurisdiccion-Especial-Paz-Lily-Rueda-FARC-imputacion_@JEP.jpg\",\"keywords\":[\"enfants soldats\",\"Juridiction sp\u00e9ciale pour la paix\"],\"articleSection\":[\"Tribunaux nationaux\"],\"inLanguage\":\"fr-FR\",\"potentialAction\":[{\"@type\":\"CommentAction\",\"name\":\"Comment\",\"target\":[\"https:\/\/www.justiceinfo.net\/fr\/138493-enfants-soldats-chefs-farc-accuses-crimes-de-guerre.html#respond\"]}]},{\"@type\":\"WebPage\",\"@id\":\"https:\/\/www.justiceinfo.net\/fr\/138493-enfants-soldats-chefs-farc-accuses-crimes-de-guerre.html\",\"url\":\"https:\/\/www.justiceinfo.net\/fr\/138493-enfants-soldats-chefs-farc-accuses-crimes-de-guerre.html\",\"name\":\"Enfants soldats en Colombie\u00a0: les FARC accus\u00e9s de crimes de guerre\",\"isPartOf\":{\"@id\":\"https:\/\/www.justiceinfo.net\/fr#website\"},\"primaryImageOfPage\":{\"@id\":\"https:\/\/www.justiceinfo.net\/fr\/138493-enfants-soldats-chefs-farc-accuses-crimes-de-guerre.html#primaryimage\"},\"image\":{\"@id\":\"https:\/\/www.justiceinfo.net\/fr\/138493-enfants-soldats-chefs-farc-accuses-crimes-de-guerre.html#primaryimage\"},\"thumbnailUrl\":\"https:\/\/www.justiceinfo.net\/wp-content\/uploads\/Colombia_Jurisdiccion-Especial-Paz-Lily-Rueda-FARC-imputacion_@JEP.jpg\",\"datePublished\":\"2024-11-21T10:40:13+00:00\",\"dateModified\":\"2024-11-21T11:46:52+00:00\",\"description\":\"En Colombie, six anciens chefs des FARC ont \u00e9t\u00e9 inculp\u00e9s pour avoir particip\u00e9 \u00e0 l'enr\u00f4lement d'enfants soldats. Suite \u00e0 l'annonce de la Juridiction sp\u00e9ciale pour la paix (JEP), ils ont fait savoir qu'ils acceptaient les charges retenues contre eux.\",\"breadcrumb\":{\"@id\":\"https:\/\/www.justiceinfo.net\/fr\/138493-enfants-soldats-chefs-farc-accuses-crimes-de-guerre.html#breadcrumb\"},\"inLanguage\":\"fr-FR\",\"potentialAction\":[{\"@type\":\"ReadAction\",\"target\":[\"https:\/\/www.justiceinfo.net\/fr\/138493-enfants-soldats-chefs-farc-accuses-crimes-de-guerre.html\"]}]},{\"@type\":\"ImageObject\",\"inLanguage\":\"fr-FR\",\"@id\":\"https:\/\/www.justiceinfo.net\/fr\/138493-enfants-soldats-chefs-farc-accuses-crimes-de-guerre.html#primaryimage\",\"url\":\"https:\/\/www.justiceinfo.net\/wp-content\/uploads\/Colombia_Jurisdiccion-Especial-Paz-Lily-Rueda-FARC-imputacion_@JEP.jpg\",\"contentUrl\":\"https:\/\/www.justiceinfo.net\/wp-content\/uploads\/Colombia_Jurisdiccion-Especial-Paz-Lily-Rueda-FARC-imputacion_@JEP.jpg\",\"width\":1200,\"height\":800,\"caption\":\"La juge Lily Rueda annonce l'inculpation par la Juridiction sp\u00e9ciale pour la paix, en Colombie, de six anciens dirigeants des FARC pour crimes de guerre en raison de leur r\u00f4le dans le recrutement d'enfants soldats. Photo : \u00a9 JEP\"},{\"@type\":\"BreadcrumbList\",\"@id\":\"https:\/\/www.justiceinfo.net\/fr\/138493-enfants-soldats-chefs-farc-accuses-crimes-de-guerre.html#breadcrumb\",\"itemListElement\":[{\"@type\":\"ListItem\",\"position\":1,\"name\":\"Home\",\"item\":\"https:\/\/www.justiceinfo.net\/fr\"},{\"@type\":\"ListItem\",\"position\":2,\"name\":\"Enfants soldats\u00a0: les chefs des FARC accus\u00e9s de crimes de guerre\"}]},{\"@type\":\"WebSite\",\"@id\":\"https:\/\/www.justiceinfo.net\/fr#website\",\"url\":\"https:\/\/www.justiceinfo.net\/fr\",\"name\":\"JusticeInfo.net\",\"description\":\"La justice doit \u00eatre vue pour \u00eatre rendue\",\"publisher\":{\"@id\":\"https:\/\/www.justiceinfo.net\/fr#organization\"},\"potentialAction\":[{\"@type\":\"SearchAction\",\"target\":{\"@type\":\"EntryPoint\",\"urlTemplate\":\"https:\/\/www.justiceinfo.net\/fr?s={search_term_string}\"},\"query-input\":{\"@type\":\"PropertyValueSpecification\",\"valueRequired\":true,\"valueName\":\"search_term_string\"}}],\"inLanguage\":\"fr-FR\"},{\"@type\":\"Organization\",\"@id\":\"https:\/\/www.justiceinfo.net\/fr#organization\",\"name\":\"Justice Info\",\"url\":\"https:\/\/www.justiceinfo.net\/fr\",\"logo\":{\"@type\":\"ImageObject\",\"inLanguage\":\"fr-FR\",\"@id\":\"https:\/\/www.justiceinfo.net\/fr#\/schema\/logo\/image\/\",\"url\":\"https:\/\/www.justiceinfo.net\/wp-content\/uploads\/justiceinfo_logo-trans_1200x1200px.png\",\"contentUrl\":\"https:\/\/www.justiceinfo.net\/wp-content\/uploads\/justiceinfo_logo-trans_1200x1200px.png\",\"width\":1199,\"height\":1200,\"caption\":\"Justice Info\"},\"image\":{\"@id\":\"https:\/\/www.justiceinfo.net\/fr#\/schema\/logo\/image\/\"},\"sameAs\":[\"https:\/\/www.facebook.com\/JusticeInfo\/\",\"https:\/\/x.com\/justiceinfonet\",\"https:\/\/www.linkedin.com\/company\/justice-info\",\"https:\/\/www.youtube.com\/channel\/UCyCEsARodyuWtkWyhn-e7pA\"]},{\"@type\":\"Person\",\"name\":\"Andr\u00e9s Berm\u00fadez Li\u00e9vano\",\"sameAs\":[\"https:\/\/x.com\/bermudezlievano\"],\"url\":\"https:\/\/www.justiceinfo.net\/fr\/auteur\/alievano\"}]}<\/script>\n<!-- \/ Yoast SEO Premium plugin. -->","yoast_head_json":{"title":"Enfants soldats en Colombie\u00a0: les FARC accus\u00e9s de crimes de guerre","description":"En Colombie, six anciens chefs des FARC ont \u00e9t\u00e9 inculp\u00e9s pour avoir particip\u00e9 \u00e0 l'enr\u00f4lement d'enfants soldats. Suite \u00e0 l'annonce de la Juridiction sp\u00e9ciale pour la paix (JEP), ils ont fait savoir qu'ils acceptaient les charges retenues contre eux.","robots":{"index":"index","follow":"follow","max-snippet":"max-snippet:-1","max-image-preview":"max-image-preview:large","max-video-preview":"max-video-preview:-1"},"canonical":"https:\/\/www.justiceinfo.net\/fr\/138493-enfants-soldats-chefs-farc-accuses-crimes-de-guerre.html","og_locale":"fr_FR","og_type":"article","og_title":"Enfants soldats\u00a0: les chefs des FARC accus\u00e9s de crimes de guerre","og_description":"En Colombie, six anciens chefs des FARC ont \u00e9t\u00e9 inculp\u00e9s pour avoir particip\u00e9 \u00e0 l'enr\u00f4lement d'enfants soldats. Suite \u00e0 l'annonce de la Juridiction sp\u00e9ciale pour la paix (JEP), ils ont fait savoir qu'ils acceptaient les charges retenues contre eux.","og_url":"https:\/\/www.justiceinfo.net\/fr\/138493-enfants-soldats-chefs-farc-accuses-crimes-de-guerre.html","og_site_name":"JusticeInfo.net","article_publisher":"https:\/\/www.facebook.com\/JusticeInfo\/","article_published_time":"2024-11-21T10:40:13+00:00","article_modified_time":"2024-11-21T11:46:52+00:00","og_image":[{"width":1200,"height":800,"url":"https:\/\/www.justiceinfo.net\/wp-content\/uploads\/Colombia_Jurisdiccion-Especial-Paz-Lily-Rueda-FARC-imputacion_@JEP.jpg","type":"image\/jpeg"}],"author":"Andr\u00e9s Berm\u00fadez Li\u00e9vano","twitter_card":"summary_large_image","twitter_creator":"@bermudezlievano","twitter_site":"@justiceinfonet","twitter_misc":{"\u00c9crit par":"Andr\u00e9s Berm\u00fadez Li\u00e9vano","Dur\u00e9e de lecture estim\u00e9e":"16 minutes"},"schema":{"@context":"https:\/\/schema.org","@graph":[{"@type":"NewsArticle","@id":"https:\/\/www.justiceinfo.net\/fr\/138493-enfants-soldats-chefs-farc-accuses-crimes-de-guerre.html#article","isPartOf":{"@id":"https:\/\/www.justiceinfo.net\/fr\/138493-enfants-soldats-chefs-farc-accuses-crimes-de-guerre.html"},"author":{"name":"Andr\u00e9s Berm\u00fadez Li\u00e9vano","@id":"https:\/\/www.justiceinfo.net\/fr#\/schema\/person\/c18ea792350557b20c68f8d655e3ea21"},"headline":"Enfants soldats\u00a0: les chefs des FARC accus\u00e9s de crimes de guerre","datePublished":"2024-11-21T10:40:13+00:00","dateModified":"2024-11-21T11:46:52+00:00","mainEntityOfPage":{"@id":"https:\/\/www.justiceinfo.net\/fr\/138493-enfants-soldats-chefs-farc-accuses-crimes-de-guerre.html"},"wordCount":3479,"commentCount":0,"publisher":{"@id":"https:\/\/www.justiceinfo.net\/fr#organization"},"image":{"@id":"https:\/\/www.justiceinfo.net\/fr\/138493-enfants-soldats-chefs-farc-accuses-crimes-de-guerre.html#primaryimage"},"thumbnailUrl":"https:\/\/www.justiceinfo.net\/wp-content\/uploads\/Colombia_Jurisdiccion-Especial-Paz-Lily-Rueda-FARC-imputacion_@JEP.jpg","keywords":["enfants soldats","Juridiction sp\u00e9ciale pour la paix"],"articleSection":["Tribunaux nationaux"],"inLanguage":"fr-FR","potentialAction":[{"@type":"CommentAction","name":"Comment","target":["https:\/\/www.justiceinfo.net\/fr\/138493-enfants-soldats-chefs-farc-accuses-crimes-de-guerre.html#respond"]}]},{"@type":"WebPage","@id":"https:\/\/www.justiceinfo.net\/fr\/138493-enfants-soldats-chefs-farc-accuses-crimes-de-guerre.html","url":"https:\/\/www.justiceinfo.net\/fr\/138493-enfants-soldats-chefs-farc-accuses-crimes-de-guerre.html","name":"Enfants soldats en Colombie\u00a0: les FARC accus\u00e9s de crimes de guerre","isPartOf":{"@id":"https:\/\/www.justiceinfo.net\/fr#website"},"primaryImageOfPage":{"@id":"https:\/\/www.justiceinfo.net\/fr\/138493-enfants-soldats-chefs-farc-accuses-crimes-de-guerre.html#primaryimage"},"image":{"@id":"https:\/\/www.justiceinfo.net\/fr\/138493-enfants-soldats-chefs-farc-accuses-crimes-de-guerre.html#primaryimage"},"thumbnailUrl":"https:\/\/www.justiceinfo.net\/wp-content\/uploads\/Colombia_Jurisdiccion-Especial-Paz-Lily-Rueda-FARC-imputacion_@JEP.jpg","datePublished":"2024-11-21T10:40:13+00:00","dateModified":"2024-11-21T11:46:52+00:00","description":"En Colombie, six anciens chefs des FARC ont \u00e9t\u00e9 inculp\u00e9s pour avoir particip\u00e9 \u00e0 l'enr\u00f4lement d'enfants soldats. Suite \u00e0 l'annonce de la Juridiction sp\u00e9ciale pour la paix (JEP), ils ont fait savoir qu'ils acceptaient les charges retenues contre eux.","breadcrumb":{"@id":"https:\/\/www.justiceinfo.net\/fr\/138493-enfants-soldats-chefs-farc-accuses-crimes-de-guerre.html#breadcrumb"},"inLanguage":"fr-FR","potentialAction":[{"@type":"ReadAction","target":["https:\/\/www.justiceinfo.net\/fr\/138493-enfants-soldats-chefs-farc-accuses-crimes-de-guerre.html"]}]},{"@type":"ImageObject","inLanguage":"fr-FR","@id":"https:\/\/www.justiceinfo.net\/fr\/138493-enfants-soldats-chefs-farc-accuses-crimes-de-guerre.html#primaryimage","url":"https:\/\/www.justiceinfo.net\/wp-content\/uploads\/Colombia_Jurisdiccion-Especial-Paz-Lily-Rueda-FARC-imputacion_@JEP.jpg","contentUrl":"https:\/\/www.justiceinfo.net\/wp-content\/uploads\/Colombia_Jurisdiccion-Especial-Paz-Lily-Rueda-FARC-imputacion_@JEP.jpg","width":1200,"height":800,"caption":"La juge Lily Rueda annonce l'inculpation par la Juridiction sp\u00e9ciale pour la paix, en Colombie, de six anciens dirigeants des FARC pour crimes de guerre en raison de leur r\u00f4le dans le recrutement d'enfants soldats. Photo : \u00a9 JEP"},{"@type":"BreadcrumbList","@id":"https:\/\/www.justiceinfo.net\/fr\/138493-enfants-soldats-chefs-farc-accuses-crimes-de-guerre.html#breadcrumb","itemListElement":[{"@type":"ListItem","position":1,"name":"Home","item":"https:\/\/www.justiceinfo.net\/fr"},{"@type":"ListItem","position":2,"name":"Enfants soldats\u00a0: les chefs des FARC accus\u00e9s de crimes de guerre"}]},{"@type":"WebSite","@id":"https:\/\/www.justiceinfo.net\/fr#website","url":"https:\/\/www.justiceinfo.net\/fr","name":"JusticeInfo.net","description":"La justice doit \u00eatre vue pour \u00eatre rendue","publisher":{"@id":"https:\/\/www.justiceinfo.net\/fr#organization"},"potentialAction":[{"@type":"SearchAction","target":{"@type":"EntryPoint","urlTemplate":"https:\/\/www.justiceinfo.net\/fr?s={search_term_string}"},"query-input":{"@type":"PropertyValueSpecification","valueRequired":true,"valueName":"search_term_string"}}],"inLanguage":"fr-FR"},{"@type":"Organization","@id":"https:\/\/www.justiceinfo.net\/fr#organization","name":"Justice Info","url":"https:\/\/www.justiceinfo.net\/fr","logo":{"@type":"ImageObject","inLanguage":"fr-FR","@id":"https:\/\/www.justiceinfo.net\/fr#\/schema\/logo\/image\/","url":"https:\/\/www.justiceinfo.net\/wp-content\/uploads\/justiceinfo_logo-trans_1200x1200px.png","contentUrl":"https:\/\/www.justiceinfo.net\/wp-content\/uploads\/justiceinfo_logo-trans_1200x1200px.png","width":1199,"height":1200,"caption":"Justice Info"},"image":{"@id":"https:\/\/www.justiceinfo.net\/fr#\/schema\/logo\/image\/"},"sameAs":["https:\/\/www.facebook.com\/JusticeInfo\/","https:\/\/x.com\/justiceinfonet","https:\/\/www.linkedin.com\/company\/justice-info","https:\/\/www.youtube.com\/channel\/UCyCEsARodyuWtkWyhn-e7pA"]},{"@type":"Person","name":"Andr\u00e9s Berm\u00fadez Li\u00e9vano","sameAs":["https:\/\/x.com\/bermudezlievano"],"url":"https:\/\/www.justiceinfo.net\/fr\/auteur\/alievano"}]}},"_links":{"self":[{"href":"https:\/\/www.justiceinfo.net\/fr\/wp-json\/wp\/v2\/posts\/138493","targetHints":{"allow":["GET"]}}],"collection":[{"href":"https:\/\/www.justiceinfo.net\/fr\/wp-json\/wp\/v2\/posts"}],"about":[{"href":"https:\/\/www.justiceinfo.net\/fr\/wp-json\/wp\/v2\/types\/post"}],"author":[{"embeddable":true,"href":"https:\/\/www.justiceinfo.net\/fr\/wp-json\/wp\/v2\/users\/74"}],"replies":[{"embeddable":true,"href":"https:\/\/www.justiceinfo.net\/fr\/wp-json\/wp\/v2\/comments?post=138493"}],"version-history":[{"count":5,"href":"https:\/\/www.justiceinfo.net\/fr\/wp-json\/wp\/v2\/posts\/138493\/revisions"}],"predecessor-version":[{"id":138530,"href":"https:\/\/www.justiceinfo.net\/fr\/wp-json\/wp\/v2\/posts\/138493\/revisions\/138530"}],"wp:featuredmedia":[{"embeddable":true,"href":"https:\/\/www.justiceinfo.net\/fr\/wp-json\/wp\/v2\/media\/138496"}],"wp:attachment":[{"href":"https:\/\/www.justiceinfo.net\/fr\/wp-json\/wp\/v2\/media?parent=138493"}],"wp:term":[{"taxonomy":"category","embeddable":true,"href":"https:\/\/www.justiceinfo.net\/fr\/wp-json\/wp\/v2\/categories?post=138493"},{"taxonomy":"post_tag","embeddable":true,"href":"https:\/\/www.justiceinfo.net\/fr\/wp-json\/wp\/v2\/tags?post=138493"},{"taxonomy":"ji_location","embeddable":true,"href":"https:\/\/www.justiceinfo.net\/fr\/wp-json\/wp\/v2\/ji_location?post=138493"}],"curies":[{"name":"wp","href":"https:\/\/api.w.org\/{rel}","templated":true}]}}