{"id":1386,"date":"2015-07-24T11:56:16","date_gmt":"2015-07-24T09:56:16","guid":{"rendered":"https:\/\/www.justiceinfo.net\/1386-ex-yougoslavie-troquer-les-aveux-contre-le-retrait-des-charges.html"},"modified":"2015-07-24T11:56:16","modified_gmt":"2015-07-24T09:56:16","slug":"ex-yougoslavie-troquer-les-aveux-contre-le-retrait-des-charges","status":"publish","type":"post","link":"https:\/\/www.justiceinfo.net\/fr\/1386-ex-yougoslavie-troquer-les-aveux-contre-le-retrait-des-charges.html","title":{"rendered":"Ex-Yougoslavie : troquer les aveux contre le retrait des charges"},"content":{"rendered":"<p>Dans la suite de notre s\u00e9rie hebdomadaire sur les politiques de pardon, nous nous penchons cette semaine sur le Tribunal p\u00e9nal international pour l\u2019ex-Yougoslavie. La semaine prochaine, l\u2019Afrique du Sud.<\/p>\n<p>\u00a0<\/p>\n<p>Dans le milieu et la fin des ann\u00e9es 1990, un vif d\u00e9bat a divis\u00e9 les militants des droits de l\u2019homme, port\u00e9s par deux hommes charismatiques, le pr\u00e9sident de la CVR sud-africaine, l\u2019archev\u00eaque Desmond Tutu, et le pr\u00e9sident du TPIY, Antonio Cassese. Ce d\u00e9bat a oppos\u00e9 les partisans des commissions v\u00e9rit\u00e9 et aux partisans de la justice p\u00e9nale internationale. Les premiers, avec l\u2019archev\u00eaque Desmond Tutu, mettant en avant la n\u00e9cessit\u00e9 du pardon, comme une condition indispensable pour d\u2019abord, \u00e9viter un bain de sang, puis construire une nouvelle identit\u00e9 nationale et permettre ainsi les conditions d\u2019un vivre ensemble. Les partisans de la justice p\u00e9nale mettaient, eux, en \u00e9vidence la n\u00e9cessit\u00e9 du ch\u00e2timent comme condition indispensable pour brise le cycle de la vengeance et de la violence. Approche souvent r\u00e9sum\u00e9e par la formule \u00ab\u00a0pas de paix sans justice\u00a0\u00bb, celle-ci \u00e9tait d\u00e9finie uniquement de mani\u00e8re p\u00e9nale.<\/p>\n<p>Huit ans apr\u00e8s la cr\u00e9ation du Tribunal p\u00e9nal international pour l\u2019ex-Yougoslavie, les juges d\u00e9cid\u00e8rent d\u2019introduire le plaider coupable en d\u00e9cembre 2001 dans le r\u00e8glement de proc\u00e9dure et preuve dans l\u2019article 62ter:<\/p>\n<p>\u00ab\u00a0Le Procureur et la De\u0301fense peuvent convenir que, apre\u0300s que l\u2019accuse\u0301 aura plaide\u0301 coupable de l\u2019ensemble des chefs d\u2019accusation, de l\u2019un ou de plusieurs de ces chefs, le Procureur prendra tout ou partie des dispositions suivantes devant la Chambre de premie\u0300re instance:<\/p>\n<p>1.\u00a0\u00a0\u00a0\u00a0\u00a0 i) \u00a0demandera l\u2019autorisation de modifier l\u2019acte d\u2019accusation en conse\u0301quence,<\/p>\n<p>2.\u00a0\u00a0\u00a0\u00a0\u00a0 ii) \u00a0proposera une peine de\u0301termine\u0301e ou une fourchette de peines qu\u2019il estime approprie\u0301es,<\/p>\n<p>3.\u00a0\u00a0\u00a0\u00a0\u00a0 iii) \u00a0ne s\u2019opposera pas a\u0300 la demande par l\u2019accuse\u0301 d\u2019une peine de\u0301termine\u0301e ou d\u2019une fourchette de peines.<\/p>\n<p>2.\u00a0\u00a0\u00a0\u00a0\u00a0 B) \u00a0La Chambre de premie\u0300re instance n\u2019est pas tenue par l\u2019accord vise\u0301 au paragraphe A).<\/p>\n<p>\u00a0<\/p>\n<p>Cette disposition souvent utilis\u00e9e dans le droit am\u00e9ricain (le guilty plea) permet \u00e0 l\u2019accus\u00e9 de reconna\u00eetre ses crimes et d\u2019exprimer son repentir. En \u00e9change de ces aveux et de la demande de pardon assortie, le proc\u00e8s n\u2019a plus lieu de se d\u00e9rouler. L\u2019accus\u00e9 y trouve son int\u00e9r\u00eat\u00a0: son avocat n\u00e9gocie au pr\u00e9alable avec le bureau du procureur les charges et le montant de la peine que celui-ci va requ\u00e9rir. Les juges ne sont pas formellement tenus d\u2019accepter le produit de cette transaction entre les deux parties, mais en pratique, s\u2019y soumettent. Cette proc\u00e9dure permet de d\u00e9sengorger les tribunaux am\u00e9ricains.<\/p>\n<p>Critiqu\u00e9 d\u2019innombrables fois pour la lenteur de ses proc\u00e8s (4 ans en moyenne au TPIY), leur prix (10 millions de dollars par proc\u00e8s), la complexit\u00e9 des proc\u00e9dures qui limitent la dimension p\u00e9dagogique de la justice, le TPIY a trouv\u00e9 un moyen pragmatique et efficace de r\u00e9pondre \u00e0 ces critiques, qui offrait \u00e0 la fois une consid\u00e9rable \u00e9conomie de temps et de ressources, tout en \u00e9tant formidablement p\u00e9dagogique\u00a0: au lieu de proc\u00e8s qui s\u2019\u00e9ternisent pendant des ann\u00e9es, il se r\u00e9duit \u00e0 une audience visant \u00e0 fixer la peine et \u00e0 la comparution de quelques t\u00e9moins, puisque l\u2019accus\u00e9 a reconnu la mat\u00e9rialit\u00e9 des faits reproch\u00e9s. Quant \u00e0 la sc\u00e8ne des aveux, elle peut \u00eatre mise en ligne dans une vid\u00e9o d\u2019une quinzaine de minutes. L\u2019efficacit\u00e9 m\u00e9diatique rejoint dans l\u2019esprit du TPIY sa mission profonde, celui d\u2019encourager le processus de r\u00e9conciliation par le d\u00e9voilement de la v\u00e9rit\u00e9 que le plaider coupable implique.<\/p>\n<p>Le plaider coupable suscite cependant de profonds questionnements: que penser de cette n\u00e9gociation discr\u00e8te, sinon secr\u00e8te, entre l\u2019accusation et la d\u00e9fense, au terme de laquelle les accusations les plus lourdes peuvent \u00eatre retir\u00e9es\u00a0? Que penser ainsi du fait que Bijlena Plavsic, ex-pr\u00e9sidente de la Republika Srpska, ainsi que tous les accus\u00e9s associ\u00e9s aux massacres de Srebrenica qui ont plaid\u00e9 coupable ont vu la charge du \u00ab\u00a0crime de g\u00e9nocide\u00a0\u00bb \u00eatre retir\u00e9es\u00a0? Formidable incitation au plaider-coupable\u00a0!\u00a0 D\u2019o\u00f9 la grin\u00e7ante ironie du journal Oslobodjene qui titra\u00a0: \u00ab\u00a0A qui plaide coupable, g\u00e9nocide est pardonn\u00e9\u00a0\u00bb. Quant aux accus\u00e9s associ\u00e9s aux massacres de Srebrenica qui ont refus\u00e9 le plaider coupable, ils furent condamn\u00e9s pour crimes ou complicit\u00e9 de crimes de g\u00e9nocide.<\/p>\n<p>Derri\u00e8re l\u2019\u00e9conomie du proc\u00e8s, la v\u00e9rit\u00e9 historique gagne-t-elle au plaider coupable\u00a0? Ou les aveux ne se limitent-ils pas au strict minimum\u00a0? C\u2019est ce qu\u2019en sont venus \u00e0 penser les juges eux-m\u00eames dans l\u2019arr\u00eat Nikolic\u00a0:<\/p>\n<p>\u00ab\u00a0Un proce\u0300s public lors duquel les deux parties pre\u0301sentent des te\u0301moignages et des preuves documentaires permet de brosser un tableau plus complet et de\u0301taille\u0301 des e\u0301ve\u0301nements que ne le fait l\u2019accord sur le plaidoyer , lequel peut en effet se borner a\u0300 e\u0301tablir les simples faits alle\u0301gue\u0301s dans l\u2019acte d\u2019accusation ou s\u2019accompagner d\u2019un expose\u0301 des faits et d\u2019un document par lequel l\u2019accuse\u0301 reconnai\u0302t sa responsabilite\u0301\u00a0\u00bb.<\/p>\n<p>Les juges mettent \u00e0 raison le doigt sur le fait que la v\u00e9rit\u00e9 reconnue peut \u00eatre tr\u00e8s partielle. Ainsi, l\u2019ex-membre de la pr\u00e9sidence de la Republika Srpska, Bijlena Plavsic n\u2019est jamais revenu sur ces d\u00e9clarations plus virulentes faites durant la guerre, elle n\u2019a pas non plus collabor\u00e9 dans d\u2019autres affaires du TPIY, ni apport\u00e9 une lumi\u00e8re sur le fonctionnement du pouvoir au sein de la pr\u00e9sidence de la Republika Srpska. Apr\u00e8s avoir purg\u00e9 sa peine (elle a \u00e9t\u00e9 condamn\u00e9 \u00e0 11 ans de prison), elle est revenue sur ses aveux pour s\u2019en distancer.<\/p>\n<p>Dans le m\u00eame jugement de Momir Nikolic, les juges eux-m\u00eames se sont inqui\u00e9t\u00e9s d\u2019une d\u00e9rive du plaider coupable, o\u00f9, au d\u00e9triment de l\u2019\u00e9quit\u00e9 de la justice, les charges les plus lourdes peuvent \u00eatre retir\u00e9es comme dans le cas mentionn\u00e9 quelques lignes plus haut\u00a0:<\/p>\n<p>\u00ab\u00a0Une fois qu\u2019une accusation de g\u00e9nocide a \u00e9t\u00e9 confirm\u00e9e, on ne saurait en faire une simple monnaie d\u2019\u00e9change dans une n\u00e9gociation. Si l\u2019accord conclu entre le Procureur et l\u2019accus\u00e9 ne refl\u00e8te pas la totalit\u00e9 du comportement criminel ou si les chefs d\u2019accusation restants ne refl\u00e8tent pas la totalit\u00e9 des crimes, on pourra se demander effectivement si justice est faite.\u00a0(\u2026)\u00bb<\/p>\n<p>L\u2019approche utilitariste adopt\u00e9 par le TPIY se comprend par les fortes pressions exerc\u00e9es par le Conseil de s\u00e9curit\u00e9 de l\u2019ONU pour que le Tribunal acc\u00e9l\u00e8re ses travaux.\u00a0 Mais l\u2019usage du plaider coupable est loin d\u2019avoir apport\u00e9 les fruits escompt\u00e9s. Le retrait des charges \u2013 souvent les plus lourdes - a \u00e9t\u00e9 interpr\u00e9t\u00e9 comme une reconnaissance du fait que les crimes ne se sont pas produits ou qu\u2019ils n\u2019ont pas eus la gravit\u00e9 qui leur \u00e9tait pr\u00eat\u00e9e, ou encore comme un d\u00e9ni de justice. Ainsi, les m\u00e8res de Srebrenica ont exprim\u00e9 leur col\u00e8re face \u00e0 la peine r\u00e9duite \u00e0 5 ann\u00e9es de prison inflig\u00e9e \u00e0 Drazen Erdemovic, membre d\u2019un peloton d\u2019ex\u00e9cution, pour la mort de 70 personnes \u00e0 Srebrenica. On le voit, le lien entre le plaider coupable et la r\u00e9conciliation que trace le TPIY est pour le moins fragile.<\/p>\n<p>Force est de constater qu\u2019en d\u00e9pit du plaider-coupable d\u2019une vingtaine d\u2019accus\u00e9s du TPIY, le r\u00e9visionnisme, voir le n\u00e9gationnisme reste puissant dans les diff\u00e9rentes r\u00e9publiques de l\u2019ex-Yougoslavie. Quant aux victimes, la plupart des t\u00e9moignages montrent qu\u2019elles restent pour l\u2019essentiel sceptiques, sinon hostiles, sur l\u2019opportunit\u00e9 du plaider coupable, n\u2019y voyant le plus souvent que des strat\u00e9gies opportunistes des coupables afin d\u2019obtenir une peine r\u00e9duite lorsque les preuves s\u2019amoncellent contre eux.<\/p>\n<p>\u00a0<\/p>\n<p>\u00a0<\/p>\n","protected":false},"excerpt":{"rendered":"<p>Dans la suite de notre s\u00e9rie hebdomadaire sur les politiques de pardon, nous nous penchons cette semaine sur le Tribunal p\u00e9nal international pour l\u2019ex-Yougoslavie. La semaine prochaine, l\u2019Afrique du Sud. \u00a0 Dans le milieu et la fin des ann\u00e9es 1990, un vif d\u00e9bat a divis\u00e9 les militants des droits de l\u2019homme, port\u00e9s par deux hommes [&hellip;]<\/p>\n","protected":false},"author":56,"featured_media":64845,"comment_status":"open","ping_status":"closed","sticky":false,"template":"","format":"standard","meta":{"_acf_changed":false,"footnotes":""},"categories":[572],"tags":[],"ji_location":[2136],"class_list":["post-1386","post","type-post","status-publish","format-standard","has-post-thumbnail","hentry","category-tpiy","ji_location-bosnie-herzegovine"],"acf":[],"yoast_head":"<!-- This site is optimized with the Yoast SEO Premium plugin v25.3.1 (Yoast SEO v25.3.1) - https:\/\/yoast.com\/wordpress\/plugins\/seo\/ -->\n<title>Ex-Yougoslavie : troquer les aveux contre le retrait des charges - JusticeInfo.net<\/title>\n<meta name=\"robots\" content=\"index, follow, max-snippet:-1, max-image-preview:large, max-video-preview:-1\" \/>\n<link rel=\"canonical\" href=\"https:\/\/www.justiceinfo.net\/fr\/1386-ex-yougoslavie-troquer-les-aveux-contre-le-retrait-des-charges.html\" \/>\n<meta property=\"og:locale\" content=\"fr_FR\" \/>\n<meta property=\"og:type\" content=\"article\" \/>\n<meta property=\"og:title\" content=\"Ex-Yougoslavie : troquer les aveux contre le retrait des charges\" \/>\n<meta property=\"og:description\" content=\"Dans la suite de notre s\u00e9rie hebdomadaire sur les politiques de pardon, nous nous penchons cette semaine sur le Tribunal p\u00e9nal international pour l\u2019ex-Yougoslavie. La semaine prochaine, l\u2019Afrique du Sud. \u00a0 Dans le milieu et la fin des ann\u00e9es 1990, un vif d\u00e9bat a divis\u00e9 les militants des droits de l\u2019homme, port\u00e9s par deux hommes [&hellip;]\" \/>\n<meta property=\"og:url\" content=\"https:\/\/www.justiceinfo.net\/fr\/1386-ex-yougoslavie-troquer-les-aveux-contre-le-retrait-des-charges.html\" \/>\n<meta property=\"og:site_name\" content=\"JusticeInfo.net\" \/>\n<meta property=\"article:publisher\" content=\"https:\/\/www.facebook.com\/JusticeInfo\/\" \/>\n<meta property=\"article:author\" content=\"https:\/\/www.facebook.com\/pierre.hazan.3\" \/>\n<meta property=\"article:published_time\" content=\"2015-07-24T09:56:16+00:00\" \/>\n<meta property=\"og:image\" content=\"https:\/\/www.justiceinfo.net\/wp-content\/uploads\/3ae7ed6dc1e285ef778f4f2d7f0bc247-scaled.jpg\" \/>\n\t<meta property=\"og:image:width\" content=\"2560\" \/>\n\t<meta property=\"og:image:height\" content=\"1648\" \/>\n\t<meta property=\"og:image:type\" content=\"image\/jpeg\" \/>\n<meta name=\"author\" content=\"Pierre Hazan, chef de projet de JusticeInfo.net et professeur associ\u00e9 \u00e0 l\u2019universit\u00e9 de Neuch\u00e2tel\" \/>\n<meta name=\"twitter:card\" content=\"summary_large_image\" \/>\n<meta name=\"twitter:creator\" content=\"@Pierre_hazan\" \/>\n<meta name=\"twitter:site\" content=\"@justiceinfonet\" \/>\n<meta name=\"twitter:label1\" content=\"\u00c9crit par\" \/>\n\t<meta name=\"twitter:data1\" content=\"Pierre Hazan, chef de projet de JusticeInfo.net et professeur associ\u00e9 \u00e0 l\u2019universit\u00e9 de Neuch\u00e2tel\" \/>\n\t<meta name=\"twitter:label2\" content=\"Dur\u00e9e de lecture estim\u00e9e\" \/>\n\t<meta name=\"twitter:data2\" content=\"7 minutes\" \/>\n<script type=\"application\/ld+json\" class=\"yoast-schema-graph\">{\"@context\":\"https:\/\/schema.org\",\"@graph\":[{\"@type\":\"NewsArticle\",\"@id\":\"https:\/\/www.justiceinfo.net\/fr\/1386-ex-yougoslavie-troquer-les-aveux-contre-le-retrait-des-charges.html#article\",\"isPartOf\":{\"@id\":\"https:\/\/www.justiceinfo.net\/fr\/1386-ex-yougoslavie-troquer-les-aveux-contre-le-retrait-des-charges.html\"},\"author\":{\"name\":\"phazan\",\"@id\":\"https:\/\/www.justiceinfo.net\/fr#\/schema\/person\/02bb539ffda3c4569baa1dea22d1c4b2\"},\"headline\":\"Ex-Yougoslavie : troquer les aveux contre le retrait des charges\",\"datePublished\":\"2015-07-24T09:56:16+00:00\",\"mainEntityOfPage\":{\"@id\":\"https:\/\/www.justiceinfo.net\/fr\/1386-ex-yougoslavie-troquer-les-aveux-contre-le-retrait-des-charges.html\"},\"wordCount\":1375,\"commentCount\":0,\"publisher\":{\"@id\":\"https:\/\/www.justiceinfo.net\/fr#organization\"},\"image\":{\"@id\":\"https:\/\/www.justiceinfo.net\/fr\/1386-ex-yougoslavie-troquer-les-aveux-contre-le-retrait-des-charges.html#primaryimage\"},\"thumbnailUrl\":\"https:\/\/www.justiceinfo.net\/wp-content\/uploads\/3ae7ed6dc1e285ef778f4f2d7f0bc247-scaled.jpg\",\"articleSection\":[\"TPIY\"],\"inLanguage\":\"fr-FR\",\"potentialAction\":[{\"@type\":\"CommentAction\",\"name\":\"Comment\",\"target\":[\"https:\/\/www.justiceinfo.net\/fr\/1386-ex-yougoslavie-troquer-les-aveux-contre-le-retrait-des-charges.html#respond\"]}]},{\"@type\":\"WebPage\",\"@id\":\"https:\/\/www.justiceinfo.net\/fr\/1386-ex-yougoslavie-troquer-les-aveux-contre-le-retrait-des-charges.html\",\"url\":\"https:\/\/www.justiceinfo.net\/fr\/1386-ex-yougoslavie-troquer-les-aveux-contre-le-retrait-des-charges.html\",\"name\":\"Ex-Yougoslavie : troquer les aveux contre le retrait des charges - JusticeInfo.net\",\"isPartOf\":{\"@id\":\"https:\/\/www.justiceinfo.net\/fr#website\"},\"primaryImageOfPage\":{\"@id\":\"https:\/\/www.justiceinfo.net\/fr\/1386-ex-yougoslavie-troquer-les-aveux-contre-le-retrait-des-charges.html#primaryimage\"},\"image\":{\"@id\":\"https:\/\/www.justiceinfo.net\/fr\/1386-ex-yougoslavie-troquer-les-aveux-contre-le-retrait-des-charges.html#primaryimage\"},\"thumbnailUrl\":\"https:\/\/www.justiceinfo.net\/wp-content\/uploads\/3ae7ed6dc1e285ef778f4f2d7f0bc247-scaled.jpg\",\"datePublished\":\"2015-07-24T09:56:16+00:00\",\"breadcrumb\":{\"@id\":\"https:\/\/www.justiceinfo.net\/fr\/1386-ex-yougoslavie-troquer-les-aveux-contre-le-retrait-des-charges.html#breadcrumb\"},\"inLanguage\":\"fr-FR\",\"potentialAction\":[{\"@type\":\"ReadAction\",\"target\":[\"https:\/\/www.justiceinfo.net\/fr\/1386-ex-yougoslavie-troquer-les-aveux-contre-le-retrait-des-charges.html\"]}]},{\"@type\":\"ImageObject\",\"inLanguage\":\"fr-FR\",\"@id\":\"https:\/\/www.justiceinfo.net\/fr\/1386-ex-yougoslavie-troquer-les-aveux-contre-le-retrait-des-charges.html#primaryimage\",\"url\":\"https:\/\/www.justiceinfo.net\/wp-content\/uploads\/3ae7ed6dc1e285ef778f4f2d7f0bc247-scaled.jpg\",\"contentUrl\":\"https:\/\/www.justiceinfo.net\/wp-content\/uploads\/3ae7ed6dc1e285ef778f4f2d7f0bc247-scaled.jpg\",\"width\":2560,\"height\":1648},{\"@type\":\"BreadcrumbList\",\"@id\":\"https:\/\/www.justiceinfo.net\/fr\/1386-ex-yougoslavie-troquer-les-aveux-contre-le-retrait-des-charges.html#breadcrumb\",\"itemListElement\":[{\"@type\":\"ListItem\",\"position\":1,\"name\":\"Home\",\"item\":\"https:\/\/www.justiceinfo.net\/fr\"},{\"@type\":\"ListItem\",\"position\":2,\"name\":\"Ex-Yougoslavie : troquer les aveux contre le retrait des charges\"}]},{\"@type\":\"WebSite\",\"@id\":\"https:\/\/www.justiceinfo.net\/fr#website\",\"url\":\"https:\/\/www.justiceinfo.net\/fr\",\"name\":\"JusticeInfo.net\",\"description\":\"La justice doit \u00eatre vue pour \u00eatre rendue\",\"publisher\":{\"@id\":\"https:\/\/www.justiceinfo.net\/fr#organization\"},\"potentialAction\":[{\"@type\":\"SearchAction\",\"target\":{\"@type\":\"EntryPoint\",\"urlTemplate\":\"https:\/\/www.justiceinfo.net\/fr?s={search_term_string}\"},\"query-input\":{\"@type\":\"PropertyValueSpecification\",\"valueRequired\":true,\"valueName\":\"search_term_string\"}}],\"inLanguage\":\"fr-FR\"},{\"@type\":\"Organization\",\"@id\":\"https:\/\/www.justiceinfo.net\/fr#organization\",\"name\":\"Justice Info\",\"url\":\"https:\/\/www.justiceinfo.net\/fr\",\"logo\":{\"@type\":\"ImageObject\",\"inLanguage\":\"fr-FR\",\"@id\":\"https:\/\/www.justiceinfo.net\/fr#\/schema\/logo\/image\/\",\"url\":\"https:\/\/www.justiceinfo.net\/wp-content\/uploads\/justiceinfo_logo-trans_1200x1200px.png\",\"contentUrl\":\"https:\/\/www.justiceinfo.net\/wp-content\/uploads\/justiceinfo_logo-trans_1200x1200px.png\",\"width\":1199,\"height\":1200,\"caption\":\"Justice Info\"},\"image\":{\"@id\":\"https:\/\/www.justiceinfo.net\/fr#\/schema\/logo\/image\/\"},\"sameAs\":[\"https:\/\/www.facebook.com\/JusticeInfo\/\",\"https:\/\/x.com\/justiceinfonet\",\"https:\/\/www.linkedin.com\/company\/justice-info\",\"https:\/\/www.youtube.com\/channel\/UCyCEsARodyuWtkWyhn-e7pA\"]},{\"@type\":\"Person\",\"name\":\"Pierre Hazan, chef de projet de JusticeInfo.net et professeur associ\u00e9 \u00e0 l\u2019universit\u00e9 de Neuch\u00e2tel\",\"sameAs\":[\"https:\/\/www.facebook.com\/pierre.hazan.3\",\"https:\/\/x.com\/Pierre_hazan\"],\"url\":\"https:\/\/www.justiceinfo.net\/fr\/auteur\/phazan\"}]}<\/script>\n<!-- \/ Yoast SEO Premium plugin. -->","yoast_head_json":{"title":"Ex-Yougoslavie : troquer les aveux contre le retrait des charges - JusticeInfo.net","robots":{"index":"index","follow":"follow","max-snippet":"max-snippet:-1","max-image-preview":"max-image-preview:large","max-video-preview":"max-video-preview:-1"},"canonical":"https:\/\/www.justiceinfo.net\/fr\/1386-ex-yougoslavie-troquer-les-aveux-contre-le-retrait-des-charges.html","og_locale":"fr_FR","og_type":"article","og_title":"Ex-Yougoslavie : troquer les aveux contre le retrait des charges","og_description":"Dans la suite de notre s\u00e9rie hebdomadaire sur les politiques de pardon, nous nous penchons cette semaine sur le Tribunal p\u00e9nal international pour l\u2019ex-Yougoslavie. La semaine prochaine, l\u2019Afrique du Sud. \u00a0 Dans le milieu et la fin des ann\u00e9es 1990, un vif d\u00e9bat a divis\u00e9 les militants des droits de l\u2019homme, port\u00e9s par deux hommes [&hellip;]","og_url":"https:\/\/www.justiceinfo.net\/fr\/1386-ex-yougoslavie-troquer-les-aveux-contre-le-retrait-des-charges.html","og_site_name":"JusticeInfo.net","article_publisher":"https:\/\/www.facebook.com\/JusticeInfo\/","article_author":"https:\/\/www.facebook.com\/pierre.hazan.3","article_published_time":"2015-07-24T09:56:16+00:00","og_image":[{"width":2560,"height":1648,"url":"https:\/\/www.justiceinfo.net\/wp-content\/uploads\/3ae7ed6dc1e285ef778f4f2d7f0bc247-scaled.jpg","type":"image\/jpeg"}],"author":"Pierre Hazan, chef de projet de JusticeInfo.net et professeur associ\u00e9 \u00e0 l\u2019universit\u00e9 de Neuch\u00e2tel","twitter_card":"summary_large_image","twitter_creator":"@Pierre_hazan","twitter_site":"@justiceinfonet","twitter_misc":{"\u00c9crit par":"Pierre Hazan, chef de projet de JusticeInfo.net et professeur associ\u00e9 \u00e0 l\u2019universit\u00e9 de Neuch\u00e2tel","Dur\u00e9e de lecture estim\u00e9e":"7 minutes"},"schema":{"@context":"https:\/\/schema.org","@graph":[{"@type":"NewsArticle","@id":"https:\/\/www.justiceinfo.net\/fr\/1386-ex-yougoslavie-troquer-les-aveux-contre-le-retrait-des-charges.html#article","isPartOf":{"@id":"https:\/\/www.justiceinfo.net\/fr\/1386-ex-yougoslavie-troquer-les-aveux-contre-le-retrait-des-charges.html"},"author":{"name":"phazan","@id":"https:\/\/www.justiceinfo.net\/fr#\/schema\/person\/02bb539ffda3c4569baa1dea22d1c4b2"},"headline":"Ex-Yougoslavie : troquer les aveux contre le retrait des charges","datePublished":"2015-07-24T09:56:16+00:00","mainEntityOfPage":{"@id":"https:\/\/www.justiceinfo.net\/fr\/1386-ex-yougoslavie-troquer-les-aveux-contre-le-retrait-des-charges.html"},"wordCount":1375,"commentCount":0,"publisher":{"@id":"https:\/\/www.justiceinfo.net\/fr#organization"},"image":{"@id":"https:\/\/www.justiceinfo.net\/fr\/1386-ex-yougoslavie-troquer-les-aveux-contre-le-retrait-des-charges.html#primaryimage"},"thumbnailUrl":"https:\/\/www.justiceinfo.net\/wp-content\/uploads\/3ae7ed6dc1e285ef778f4f2d7f0bc247-scaled.jpg","articleSection":["TPIY"],"inLanguage":"fr-FR","potentialAction":[{"@type":"CommentAction","name":"Comment","target":["https:\/\/www.justiceinfo.net\/fr\/1386-ex-yougoslavie-troquer-les-aveux-contre-le-retrait-des-charges.html#respond"]}]},{"@type":"WebPage","@id":"https:\/\/www.justiceinfo.net\/fr\/1386-ex-yougoslavie-troquer-les-aveux-contre-le-retrait-des-charges.html","url":"https:\/\/www.justiceinfo.net\/fr\/1386-ex-yougoslavie-troquer-les-aveux-contre-le-retrait-des-charges.html","name":"Ex-Yougoslavie : troquer les aveux contre le retrait des charges - JusticeInfo.net","isPartOf":{"@id":"https:\/\/www.justiceinfo.net\/fr#website"},"primaryImageOfPage":{"@id":"https:\/\/www.justiceinfo.net\/fr\/1386-ex-yougoslavie-troquer-les-aveux-contre-le-retrait-des-charges.html#primaryimage"},"image":{"@id":"https:\/\/www.justiceinfo.net\/fr\/1386-ex-yougoslavie-troquer-les-aveux-contre-le-retrait-des-charges.html#primaryimage"},"thumbnailUrl":"https:\/\/www.justiceinfo.net\/wp-content\/uploads\/3ae7ed6dc1e285ef778f4f2d7f0bc247-scaled.jpg","datePublished":"2015-07-24T09:56:16+00:00","breadcrumb":{"@id":"https:\/\/www.justiceinfo.net\/fr\/1386-ex-yougoslavie-troquer-les-aveux-contre-le-retrait-des-charges.html#breadcrumb"},"inLanguage":"fr-FR","potentialAction":[{"@type":"ReadAction","target":["https:\/\/www.justiceinfo.net\/fr\/1386-ex-yougoslavie-troquer-les-aveux-contre-le-retrait-des-charges.html"]}]},{"@type":"ImageObject","inLanguage":"fr-FR","@id":"https:\/\/www.justiceinfo.net\/fr\/1386-ex-yougoslavie-troquer-les-aveux-contre-le-retrait-des-charges.html#primaryimage","url":"https:\/\/www.justiceinfo.net\/wp-content\/uploads\/3ae7ed6dc1e285ef778f4f2d7f0bc247-scaled.jpg","contentUrl":"https:\/\/www.justiceinfo.net\/wp-content\/uploads\/3ae7ed6dc1e285ef778f4f2d7f0bc247-scaled.jpg","width":2560,"height":1648},{"@type":"BreadcrumbList","@id":"https:\/\/www.justiceinfo.net\/fr\/1386-ex-yougoslavie-troquer-les-aveux-contre-le-retrait-des-charges.html#breadcrumb","itemListElement":[{"@type":"ListItem","position":1,"name":"Home","item":"https:\/\/www.justiceinfo.net\/fr"},{"@type":"ListItem","position":2,"name":"Ex-Yougoslavie : troquer les aveux contre le retrait des charges"}]},{"@type":"WebSite","@id":"https:\/\/www.justiceinfo.net\/fr#website","url":"https:\/\/www.justiceinfo.net\/fr","name":"JusticeInfo.net","description":"La justice doit \u00eatre vue pour \u00eatre rendue","publisher":{"@id":"https:\/\/www.justiceinfo.net\/fr#organization"},"potentialAction":[{"@type":"SearchAction","target":{"@type":"EntryPoint","urlTemplate":"https:\/\/www.justiceinfo.net\/fr?s={search_term_string}"},"query-input":{"@type":"PropertyValueSpecification","valueRequired":true,"valueName":"search_term_string"}}],"inLanguage":"fr-FR"},{"@type":"Organization","@id":"https:\/\/www.justiceinfo.net\/fr#organization","name":"Justice Info","url":"https:\/\/www.justiceinfo.net\/fr","logo":{"@type":"ImageObject","inLanguage":"fr-FR","@id":"https:\/\/www.justiceinfo.net\/fr#\/schema\/logo\/image\/","url":"https:\/\/www.justiceinfo.net\/wp-content\/uploads\/justiceinfo_logo-trans_1200x1200px.png","contentUrl":"https:\/\/www.justiceinfo.net\/wp-content\/uploads\/justiceinfo_logo-trans_1200x1200px.png","width":1199,"height":1200,"caption":"Justice Info"},"image":{"@id":"https:\/\/www.justiceinfo.net\/fr#\/schema\/logo\/image\/"},"sameAs":["https:\/\/www.facebook.com\/JusticeInfo\/","https:\/\/x.com\/justiceinfonet","https:\/\/www.linkedin.com\/company\/justice-info","https:\/\/www.youtube.com\/channel\/UCyCEsARodyuWtkWyhn-e7pA"]},{"@type":"Person","name":"Pierre Hazan, chef de projet de JusticeInfo.net et professeur associ\u00e9 \u00e0 l\u2019universit\u00e9 de Neuch\u00e2tel","sameAs":["https:\/\/www.facebook.com\/pierre.hazan.3","https:\/\/x.com\/Pierre_hazan"],"url":"https:\/\/www.justiceinfo.net\/fr\/auteur\/phazan"}]}},"_links":{"self":[{"href":"https:\/\/www.justiceinfo.net\/fr\/wp-json\/wp\/v2\/posts\/1386","targetHints":{"allow":["GET"]}}],"collection":[{"href":"https:\/\/www.justiceinfo.net\/fr\/wp-json\/wp\/v2\/posts"}],"about":[{"href":"https:\/\/www.justiceinfo.net\/fr\/wp-json\/wp\/v2\/types\/post"}],"author":[{"embeddable":true,"href":"https:\/\/www.justiceinfo.net\/fr\/wp-json\/wp\/v2\/users\/56"}],"replies":[{"embeddable":true,"href":"https:\/\/www.justiceinfo.net\/fr\/wp-json\/wp\/v2\/comments?post=1386"}],"version-history":[{"count":0,"href":"https:\/\/www.justiceinfo.net\/fr\/wp-json\/wp\/v2\/posts\/1386\/revisions"}],"wp:featuredmedia":[{"embeddable":true,"href":"https:\/\/www.justiceinfo.net\/fr\/wp-json\/wp\/v2\/media\/64845"}],"wp:attachment":[{"href":"https:\/\/www.justiceinfo.net\/fr\/wp-json\/wp\/v2\/media?parent=1386"}],"wp:term":[{"taxonomy":"category","embeddable":true,"href":"https:\/\/www.justiceinfo.net\/fr\/wp-json\/wp\/v2\/categories?post=1386"},{"taxonomy":"post_tag","embeddable":true,"href":"https:\/\/www.justiceinfo.net\/fr\/wp-json\/wp\/v2\/tags?post=1386"},{"taxonomy":"ji_location","embeddable":true,"href":"https:\/\/www.justiceinfo.net\/fr\/wp-json\/wp\/v2\/ji_location?post=1386"}],"curies":[{"name":"wp","href":"https:\/\/api.w.org\/{rel}","templated":true}]}}