{"id":139416,"date":"2024-12-13T10:45:11","date_gmt":"2024-12-13T09:45:11","guid":{"rendered":"https:\/\/www.justiceinfo.net\/?p=139416"},"modified":"2025-10-24T15:59:23","modified_gmt":"2025-10-24T13:59:23","slug":"nous-les-suivrons-partout-ou-ils-iront","status":"publish","type":"post","link":"https:\/\/www.justiceinfo.net\/fr\/139416-nous-les-suivrons-partout-ou-ils-iront.html","title":{"rendered":"\u00ab Nous les suivrons partout o\u00f9 ils iront\u00a0\u00bb"},"content":{"rendered":"\n<p><strong>Le c\u00e9l\u00e8bre avocat syrien Anwar al-Bunni et ses coll\u00e8gues du <\/strong><a href=\"https:\/\/sl-center.org\/language\/en\/home_eng\/?lang=en\" target=\"_blank\" rel=\"noreferrer noopener\"><strong>Centre syrien d\u2019\u00e9tudes et de recherches juridiques<\/strong><\/a><strong> sont des figures de proue des efforts syriens en mati\u00e8re de justice. En Europe, ils ont engag\u00e9, avec d\u2019autres organisations, des proc\u00e9dures de <a href=\"https:\/\/www.justiceinfo.net\/fr\/tribunaux\/competence-universelle\">comp\u00e9tence universelle<\/a> visant une soixantaine de personnes pr\u00e9sum\u00e9es responsables de crimes commis sous le r\u00e9gime de Bachar el-Assad. Apr\u00e8s la chute de ce dernier, Me al-Bunni r\u00e9pond \u00e0 nos questions sur les perspectives de justice.<\/strong><\/p>\n\n\n\n<!--more-->\n\n\n\n<h2 class=\"wp-block-heading content-question-itw\" id=\"h-justice-info-nous-n-hesiterons-pas-a-demander-des-comptes-aux-criminels-aux-meurtriers-aux-officiers-des-services-de-securite-et-de-l-armee-impliques-dans-la-torture-du-peuple-syrien-a-declare-mardi-10-decembre-le-chef-rebelle-abou-mohammed-al-jolani-que-vous-inspire-ce-commentaire-du-chef-de-la-coalition-qui-a-chasse-le-president-syrien-bachar-el-assad-il-y-a-moins-d-une-semaine-apres-plus-d-une-decennie-de-lutte-pour-la-justice-depuis-l-etranger\">JUSTICE INFO : \u00ab Nous n\u2019h\u00e9siterons pas \u00e0 demander des comptes aux criminels, aux meurtriers, aux officiers des services de s\u00e9curit\u00e9 et de l\u2019arm\u00e9e impliqu\u00e9s dans la torture du peuple syrien \u00bb, a d\u00e9clar\u00e9 mardi 10 d\u00e9cembre le chef rebelle Abou Mohammed al-Jolani. Que vous inspire ce commentaire du chef de la coalition qui a chass\u00e9 le pr\u00e9sident syrien Bachar el-Assad, il y a moins d\u2019une semaine, apr\u00e8s plus d\u2019une d\u00e9cennie de lutte pour la justice depuis l\u2019\u00e9tranger ?<\/h2>\n\n\n\n<p>ANWAR AL-BUNNI : Il [al-Jolani] ne peut tout simplement pas faire cela, et nous ne devrions pas accepter de lui livrer des criminels, car nous ne pouvons pas \u00eatre s\u00fbrs qu\u2019il y aura des proc\u00e8s \u00e9quitables. Ils m\u00e9ritent et nous m\u00e9ritons d\u2019avoir des proc\u00e8s \u00e9quitables afin d\u2019exposer toute la v\u00e9rit\u00e9 sur ce qui s\u2019est pass\u00e9. Cela ne pourra se faire qu\u2019apr\u00e8s la mise en place d\u2019un gouvernement de transition qui repr\u00e9sentera tous les Syriens, tous les groupes ethniques, toutes les religions, ainsi que les femmes. Nous pourrons alors mettre en place un forum de <a href=\"https:\/\/www.justiceinfo.net\/fr\/justice-transitionnelle\">justice transitionnelle<\/a>.<\/p>\n\n\n\n<p>Ce forum doit comprendre des tribunaux, \u00e0 Damas et peut-\u00eatre dans d\u2019autres villes, et ces tribunaux doivent \u00eatre compos\u00e9s de juges syriens et internationaux, afin de s\u2019assurer qu\u2019ils respectent les normes internationales et qu\u2019il n\u2019y ait pas de peine de mort. En outre, nous devons verser des r\u00e9parations aux victimes, \u00e9tablir une soci\u00e9t\u00e9 pacifique, \u00e9riger des monuments comm\u00e9moratifs, exposer la v\u00e9rit\u00e9, pr\u00e9parer de nouvelles lois... Il y a beaucoup de choses sur lesquelles nous devons travailler, et ce n\u2019est donc pas ce que dit al-Jolani qui compte.<\/p>\n\n\n\n<h2 class=\"wp-block-heading content-question-itw\" id=\"h-jusqu-a-present-le-travail-que-vous-avez-effectue-en-europe-reste-donc-le-plus-pertinent\">Jusqu\u2019\u00e0 pr\u00e9sent, le travail que vous avez effectu\u00e9 en Europe reste donc le plus pertinent ?<\/h2>\n\n\n\n<p>Jusqu\u2019\u00e0 pr\u00e9sent, oui, c\u2019est toujours la partie la plus importante. Nous allons poursuivre ce travail car il y a beaucoup de criminels ici en Europe, et peut-\u00eatre que d\u2019autres viendront, apr\u00e8s qu\u2019ils se soient enfuis de Syrie.<\/p>\n\n\n\n<p>Par exemple, le procureur f\u00e9d\u00e9ral allemand de Karlsruhe est toujours saisi de dossiers visant 25 officiers syriens de haut rang, dont<a href=\"https:\/\/www.justiceinfo.net\/fr\/tag\/bachar-el-assad\"> Bachar el-Assad <\/a>lui-m\u00eame. Des dossiers ont \u00e9t\u00e9 d\u00e9pos\u00e9s en Su\u00e8de, visant plusieurs officiers haut grad\u00e9s \u00e9galement, dans les services de s\u00e9curit\u00e9 et dans l\u2019arm\u00e9e. Il y a des cas soumis au procureur norv\u00e9gien. Aujourd\u2019hui, nous pensons que tous les mandats d\u2019arr\u00eat devraient \u00eatre \u00e9mis publiquement.<\/p>\n\n\n\n<p>Par ailleurs, <a href=\"https:\/\/www.justiceinfo.net\/fr\/132676-proces-syrien-que-retenir-premier-jugement-par-defaut.html\">un proc\u00e8s<\/a> [in absentia] a eu lieu en France il y a six mois avec un verdict contre Ali Mamlouk [ex-chef du Bureau de la s\u00e9curit\u00e9 nationale], et Jamil Hassan [ex-chef du service de renseignement de l\u2019arm\u00e9e de l\u2019air] o\u00f9 ils ont \u00e9t\u00e9 condamn\u00e9s \u00e0 la perp\u00e9tuit\u00e9 pour crimes contre l\u2019humanit\u00e9. La France a aussi \u00e9mis un <a href=\"https:\/\/www.justiceinfo.net\/fr\/133656-revers-bachar-al-assad-justice-francaise.html\">mandat d\u2019arr\u00eat contre Bachar el-Assad<\/a> pour l\u2019utilisation d\u2019armes chimiques \u00e0 Douma en 2013. Comme vous le savez, nous poursuivons de nombreux criminels ici en Allemagne, en Su\u00e8de, aux Pays-Bas, en Belgique, en Autriche, en France, et certains ont \u00e9t\u00e9 jug\u00e9s \u2013 dont le plus c\u00e9l\u00e8bre, \u00e0 Coblence, fut sans doute <a href=\"https:\/\/www.justiceinfo.net\/fr\/tag\/anwar-raslan\">Anwar Raslan<\/a>, officier de la branche 251 de la s\u00e9curit\u00e9 de l\u2019\u00c9tat \u00e0 Damas. Donc, oui, en Europe, de nombreuses personnes ont \u00e9t\u00e9 arr\u00eat\u00e9es et de nouveaux proc\u00e8s vont bient\u00f4t avoir lieu.<\/p>\n\n\n\n<figure class=\"wp-block-image size-full\"><img loading=\"lazy\" decoding=\"async\" width=\"1200\" height=\"482\" src=\"https:\/\/www.justiceinfo.net\/wp-content\/uploads\/Syria_Ali-Mamlouk-Abdel-Salam-Mahmoud-Jamil-al-Hassan_@Syrians-for-Truth-and-Justice.jpg\" alt=\"Ali Mamlouk, Abdel Salam Mahmoud et Jamil al-Hassan : les trois chefs des services de renseignement militaires du r\u00e9gime de Bachar el-Assad.\" class=\"wp-image-139429\" srcset=\"https:\/\/www.justiceinfo.net\/wp-content\/uploads\/Syria_Ali-Mamlouk-Abdel-Salam-Mahmoud-Jamil-al-Hassan_@Syrians-for-Truth-and-Justice.jpg 1200w, https:\/\/www.justiceinfo.net\/wp-content\/uploads\/Syria_Ali-Mamlouk-Abdel-Salam-Mahmoud-Jamil-al-Hassan_@Syrians-for-Truth-and-Justice-1000x402.jpg 1000w, https:\/\/www.justiceinfo.net\/wp-content\/uploads\/Syria_Ali-Mamlouk-Abdel-Salam-Mahmoud-Jamil-al-Hassan_@Syrians-for-Truth-and-Justice-1110x446.jpg 1110w\" sizes=\"auto, (max-width: 1200px) 100vw, 1200px\" \/><figcaption class=\"wp-element-caption\">Les trois chefs des services de renseignement militaires du r\u00e9gime de Bachar el-Assad ont \u00e9t\u00e9 condamn\u00e9s \u00e0 Paris (France), dans un proc\u00e8s par contumace, le 24 mai 2024. Un mandat d\u2019arr\u00eat contre les deux derniers, \u00e9mis par la justice am\u00e9ricaine, a par ailleurs \u00e9t\u00e9 rendu public ce lundi 9 d\u00e9cembre. Apr\u00e8s Bachar el-Assad, ce sont les figures les plus recherch\u00e9es du r\u00e9gime d\u00e9chu. Photos et graphisme : \u00a9 Syrians for Truth and Justice<\/figcaption><\/figure>\n\n\n\n<h2 class=\"wp-block-heading content-question-itw\" id=\"h-pensez-vous-que-tout-cela-va-s-accelerer-avec-la-chute-de-bachar-el-assad\">Pensez-vous que tout cela va s\u2019acc\u00e9l\u00e9rer avec la chute de Bachar el-Assad ?<\/h2>\n\n\n\n<p>Bien s\u00fbr. Il y a des affaires sur lesquelles nous travaillons \u2013 nous ne pouvons pas dire o\u00f9 et comment \u2013, mais lorsque les suspects seront arr\u00eat\u00e9s, nous publierons des informations \u00e0 ce sujet. Cela ne saurait tarder. Nous travaillons sur ces dossiers depuis longtemps. Certains d\u2019entre eux sont toujours en Syrie, d\u2019autres ont quitt\u00e9 la Syrie, nous allons d\u00e9couvrir o\u00f9 ils se trouvent et nous les suivrons partout o\u00f9 ils iront. Ils devront r\u00e9pondre de leurs actes devant la justice.<\/p>\n\n\n\n<p>La plupart d\u2019entre eux ont quitt\u00e9 la Syrie. Par exemple, nous savons qu\u2019Ali Mamlouk s\u2019est enfui au Liban et qu\u2019il a pris un vol pour se rendre dans un pays europ\u00e9en. C\u2019est tout ce que nous savons jusqu\u2019\u00e0 pr\u00e9sent, mais nous le poursuivrons. Nous finirons par tous les retrouver.<\/p>\n\n\n\n<h2 class=\"wp-block-heading content-question-itw\" id=\"h-si-vous-retournez-en-syrie-quelles-seront-vos-priorites\">Si vous retournez en Syrie, quelles seront vos priorit\u00e9s ?<\/h2>\n\n\n\n<p>Ma priorit\u00e9 serait d\u2019\u00e9tablir notre Centre \u00e0 Damas et de publier des informations sur les droits humains, de documenter la violence, d\u2019aider les gens \u00e0 acc\u00e9der \u00e0 la d\u00e9mocratie, \u00e0 s\u2019informer sur l\u2019\u00c9tat de droit. Voil\u00e0 ce que j\u2019esp\u00e8re aujourd\u2019hui que je pourrais faire en Syrie. Je retournerai en Syrie. Il est de notre devoir de reconstruire la Syrie, mais nous avons encore beaucoup de choses \u00e0 faire ici en Europe.<\/p>\n\n\n\n<p>Nous savons que plus de 100 000 d\u00e9tenus syriens ont \u00e9t\u00e9 tu\u00e9s sous la torture. Les gens ne veulent pas le croire, ils cherchent encore leurs proches, et ils ont raison. Ils les ont tu\u00e9s, ils les ont mis dans l\u2019acide, ils les ont \u00e9cras\u00e9s avec des machines hydrauliques. C\u2019est fou, mais c\u2019est la r\u00e9alit\u00e9. Cette semaine, des \u00e9quipes de t\u00e9l\u00e9vision se sont rendues \u00e0 la prison de Sednaya : tout le monde a vu comment ils jetaient les corps et les faisaient dispara\u00eetre. En ce moment, nous avons aussi une \u00e9quipe en Syrie et nous essayons de collecter autant d\u2019informations que possible, \u00e0 partir des archives de l\u2019ancien r\u00e9gime.<\/p>\n\n\n\n<p>Par ailleurs, \u00e0 Coblence, un t\u00e9moin avait racont\u00e9 comment ils prenaient les corps et les mettaient dans des fosses communes. Nous le savons depuis longtemps. Tout cela a \u00e9t\u00e9 enregistr\u00e9 par la s\u00e9curit\u00e9 de l\u2019\u00c9tat, sur ordre du Bureau de la s\u00e9curit\u00e9 nationale et de Bachar el-Assad lui-m\u00eame. Nous l\u2019avons d\u00e9j\u00e0 document\u00e9. Nous n\u2019avons pas besoin de plus pour prouver leur culpabilit\u00e9. Mais nous avons besoin de ces documents pour exposer la v\u00e9rit\u00e9, raconter ce qui s\u2019est pass\u00e9, connecter tous les \u00e9l\u00e9ments de cette histoire, plus que pour prouver leur culpabilit\u00e9.<\/p>\n\n\n\n<figure class=\"wp-block-embed is-type-video is-provider-youtube wp-block-embed-youtube\"><div class=\"wp-block-embed__wrapper\">\n<iframe loading=\"lazy\" title=\"Coblence, premier proc\u00e8s des crimes de l\u2019\u00c9tat syrien en Europe - Justice Info IN CAMERA (ep01)\" width=\"500\" height=\"375\" src=\"https:\/\/www.youtube.com\/embed\/__IBJqdFx8g?feature=oembed\" frameborder=\"0\" allow=\"accelerometer; autoplay; clipboard-write; encrypted-media; gyroscope; picture-in-picture; web-share\" referrerpolicy=\"strict-origin-when-cross-origin\" allowfullscreen><\/iframe>\n<\/div><\/figure>\n\n\n\n<h2 class=\"wp-block-heading content-question-itw\" id=\"h-avez-vous-des-craintes-concernant-le-nouveau-pouvoir-en-place-a-damas\">Avez-vous des craintes concernant le nouveau pouvoir en place \u00e0 Damas ?<\/h2>\n\n\n\n<p>Je n\u2019ai pas peur d\u2019eux. Mais je me soucie du fait que nous allons devoir mener un autre combat, un combat pacifique bien s\u00fbr, pour mettre fin \u00e0 cette violence, et je me soucie de ce qu\u2019ils veulent faire des Syriens. Nous n\u2019allons pas leur permettre de nous emmener l\u00e0 o\u00f9 nous ne voulons pas aller. Les Syriens qui exp\u00e9rimentent la libert\u00e9 et la dignit\u00e9, qui ont pay\u00e9 cher pour les obtenir, n\u2019abandonneront jamais et ne laisseront pas tomber maintenant. Pas pour al-Jolani, pas pour des gens comme lui.<\/p>\n\n\n\n<p>Nous poursuivrons notre combat jusqu\u2019\u00e0 ce que la Syrie soit un pays d\u00e9mocratique qui respecte les droits humains. C\u2019est ce que les Syriens demandent et c\u2019est ce qu\u2019ils m\u00e9ritent.<\/p>\n\n\n\n<h2 class=\"wp-block-heading content-question-itw\" id=\"h-selon-vous-quelles-sont-les-conditions-pour-que-la-justice-et-la-justice-transitionnelle-se-mettent-en-place-en-syrie\">Selon vous, quelles sont les conditions pour que la justice et la justice transitionnelle se mettent en place en Syrie ?<\/h2>\n\n\n\n<p>Nous avons besoin du soutien total des d\u00e9mocraties, car certains pays soutiennent les radicaux et veulent une nouvelle guerre civile en Syrie. Certains pays se battront pour que la Syrie ne devienne pas une d\u00e9mocratie parce que cela menacerait leur pouvoir dans le Golfe arabique, en Iran, en Russie ou en Turquie.<\/p>\n\n\n\n<p>Pour cela, nous avons besoin du soutien, du soutien total de l\u2019Europe et des \u00c9tats-Unis, du monde libre. C\u2019est dans leur int\u00e9r\u00eat, ils ne le feront pas pour la Syrie. Il est dans leur int\u00e9r\u00eat d\u2019avoir une Syrie d\u00e9mocratique et stable. S\u2019ils ne nous soutiennent pas, s\u2019ils font ce qu\u2019ils ont fait <a href=\"https:\/\/en.wikipedia.org\/wiki\/Foreign_involvement_in_the_Syrian_civil_war\" target=\"_blank\" rel=\"noreferrer noopener\">en 2011<\/a>, ce sera un d\u00e9sastre pour le monde.<\/p>\n\n\n<div class=\"articleLink articleLink--editorRecommanded articleLink--textInImage articleLink--textTop\" style=\"\">\r\n\t\t\t\t\t\r\n\t\t\t<div class=\"articleLinkSurTitle\">Recommand\u00e9 par la r\u00e9daction<\/div>\r\n\t\t\t<a class=\"articleLinkImageLink\" href=\"https:\/\/www.justiceinfo.net\/fr\/129438-catherine-marchi-uhel-resultats-mecanisme-syrie-deviennent-plus-visibles.html\"><div class=\"articleLinkImageContainer \"><img loading=\"lazy\" decoding=\"async\" width=\"540\" height=\"360\" src=\"https:\/\/www.justiceinfo.net\/wp-content\/uploads\/Catherine-Marchi-Uhel_grand-entretien_@Benoit-Peyrucq-Justice-Info-540x360.jpg\" class=\"articleLinkImage backgroundImageTag w-100 wp-post-image\" alt=\"Grand entretien avec Catherine Marchi-Uhel, directrice du M\u00e9canisme international, impartial et ind\u00e9pendant (IIIM) pour la Syrie. Image : portrait dessin\u00e9 de Marchi-Uhel.\" srcset=\"https:\/\/www.justiceinfo.net\/wp-content\/uploads\/Catherine-Marchi-Uhel_grand-entretien_@Benoit-Peyrucq-Justice-Info-540x360.jpg 540w, https:\/\/www.justiceinfo.net\/wp-content\/uploads\/Catherine-Marchi-Uhel_grand-entretien_@Benoit-Peyrucq-Justice-Info-1000x667.jpg 1000w, https:\/\/www.justiceinfo.net\/wp-content\/uploads\/Catherine-Marchi-Uhel_grand-entretien_@Benoit-Peyrucq-Justice-Info-1110x740.jpg 1110w, https:\/\/www.justiceinfo.net\/wp-content\/uploads\/Catherine-Marchi-Uhel_grand-entretien_@Benoit-Peyrucq-Justice-Info.jpg 1200w\" sizes=\"auto, (max-width: 540px) 100vw, 540px\" \/><\/div><\/a>\r\n\t\t\t<a href=\"https:\/\/www.justiceinfo.net\/fr\/129438-catherine-marchi-uhel-resultats-mecanisme-syrie-deviennent-plus-visibles.html\" class=\"articleLinkTitle articleLinkTitle--default\">\r\n\t\t\tCatherine Marchi-Uhel : \u00ab Les r\u00e9sultats du M\u00e9canisme pour la Syrie deviennent plus visibles \u00bb\r\n\t\t<\/a>\r\n\t\t\r\n\t\t\t\t<\/div>\n","protected":false},"excerpt":{"rendered":"<p>Le c\u00e9l\u00e8bre avocat syrien Anwar al-Bunni et ses coll\u00e8gues du Centre syrien d\u2019\u00e9tudes et de recherches juridiques sont des figures de proue des efforts syriens en mati\u00e8re de justice. En Europe, ils ont engag\u00e9, avec d\u2019autres organisations, des proc\u00e9dures de comp\u00e9tence universelle visant une soixantaine de personnes pr\u00e9sum\u00e9es responsables de crimes commis sous le r\u00e9gime [&hellip;]<\/p>\n","protected":false},"author":72,"featured_media":139420,"comment_status":"open","ping_status":"closed","sticky":false,"template":"","format":"standard","meta":{"_acf_changed":false,"footnotes":""},"categories":[2800,4068],"tags":[4167],"ji_location":[2498],"class_list":["post-139416","post","type-post","status-publish","format-standard","has-post-thumbnail","hentry","category-competence-universelle","category-entretiens","tag-bachar-el-assad","ji_location-syrie"],"acf":[],"yoast_head":"<!-- This site is optimized with the Yoast SEO Premium plugin v25.3.1 (Yoast SEO v25.3.1) - https:\/\/yoast.com\/wordpress\/plugins\/seo\/ -->\n<title>Justice pour la Syrie : \u00ab Nous les suivrons partout o\u00f9 ils iront\u00a0\u00bb<\/title>\n<meta name=\"description\" content=\"Entretien avec le c\u00e9l\u00e8bre avocat syrien Anwar al-Bunni sur les perspectives de justice en Syrie suite \u00e0 la chute de Bachar el-Assad. Il revient \u00e9galement sur les proc\u00e9dures de comp\u00e9tence universelle engag\u00e9es en Europe contre les responsables du r\u00e9gime.\" \/>\n<meta name=\"robots\" content=\"index, follow, max-snippet:-1, max-image-preview:large, max-video-preview:-1\" \/>\n<link rel=\"canonical\" href=\"https:\/\/www.justiceinfo.net\/fr\/139416-nous-les-suivrons-partout-ou-ils-iront.html\" \/>\n<meta property=\"og:locale\" content=\"fr_FR\" \/>\n<meta property=\"og:type\" content=\"article\" \/>\n<meta property=\"og:title\" content=\"\u00ab Nous les suivrons partout o\u00f9 ils iront\u00a0\u00bb\" \/>\n<meta property=\"og:description\" content=\"Entretien avec le c\u00e9l\u00e8bre avocat syrien Anwar al-Bunni sur les perspectives de justice en Syrie suite \u00e0 la chute de Bachar el-Assad. Il revient \u00e9galement sur les proc\u00e9dures de comp\u00e9tence universelle engag\u00e9es en Europe contre les responsables du r\u00e9gime.\" \/>\n<meta property=\"og:url\" content=\"https:\/\/www.justiceinfo.net\/fr\/139416-nous-les-suivrons-partout-ou-ils-iront.html\" \/>\n<meta property=\"og:site_name\" content=\"JusticeInfo.net\" \/>\n<meta property=\"article:publisher\" content=\"https:\/\/www.facebook.com\/JusticeInfo\/\" \/>\n<meta property=\"article:published_time\" content=\"2024-12-13T09:45:11+00:00\" \/>\n<meta property=\"article:modified_time\" content=\"2025-10-24T13:59:23+00:00\" \/>\n<meta property=\"og:image\" content=\"https:\/\/www.justiceinfo.net\/wp-content\/uploads\/Syria_Bashar-al-Assad-broken-portrait_@Omar-Haj-Kadour-AFP.jpg\" \/>\n\t<meta property=\"og:image:width\" content=\"1200\" \/>\n\t<meta property=\"og:image:height\" content=\"800\" \/>\n\t<meta property=\"og:image:type\" content=\"image\/jpeg\" \/>\n<meta name=\"author\" content=\"fpetit\" \/>\n<meta name=\"twitter:card\" content=\"summary_large_image\" \/>\n<meta name=\"twitter:creator\" content=\"@FranckF_P\" \/>\n<meta name=\"twitter:site\" content=\"@justiceinfonet\" \/>\n<meta name=\"twitter:label1\" content=\"\u00c9crit par\" \/>\n\t<meta name=\"twitter:data1\" content=\"fpetit\" \/>\n\t<meta name=\"twitter:label2\" content=\"Dur\u00e9e de lecture estim\u00e9e\" \/>\n\t<meta name=\"twitter:data2\" content=\"8 minutes\" \/>\n<script type=\"application\/ld+json\" class=\"yoast-schema-graph\">{\"@context\":\"https:\/\/schema.org\",\"@graph\":[{\"@type\":\"NewsArticle\",\"@id\":\"https:\/\/www.justiceinfo.net\/fr\/139416-nous-les-suivrons-partout-ou-ils-iront.html#article\",\"isPartOf\":{\"@id\":\"https:\/\/www.justiceinfo.net\/fr\/139416-nous-les-suivrons-partout-ou-ils-iront.html\"},\"author\":{\"name\":\"fpetit\",\"@id\":\"https:\/\/www.justiceinfo.net\/fr#\/schema\/person\/594d5223f847f747608174d9c27d1abc\"},\"headline\":\"\u00ab Nous les suivrons partout o\u00f9 ils iront\u00a0\u00bb\",\"datePublished\":\"2024-12-13T09:45:11+00:00\",\"dateModified\":\"2025-10-24T13:59:23+00:00\",\"mainEntityOfPage\":{\"@id\":\"https:\/\/www.justiceinfo.net\/fr\/139416-nous-les-suivrons-partout-ou-ils-iront.html\"},\"wordCount\":1517,\"commentCount\":0,\"publisher\":{\"@id\":\"https:\/\/www.justiceinfo.net\/fr#organization\"},\"image\":{\"@id\":\"https:\/\/www.justiceinfo.net\/fr\/139416-nous-les-suivrons-partout-ou-ils-iront.html#primaryimage\"},\"thumbnailUrl\":\"https:\/\/www.justiceinfo.net\/wp-content\/uploads\/Syria_Bashar-al-Assad-broken-portrait_@Omar-Haj-Kadour-AFP.jpg\",\"keywords\":[\"Bachar el-Assad\"],\"articleSection\":[\"Comp\u00e9tence universelle\",\"Entretiens\"],\"inLanguage\":\"fr-FR\",\"potentialAction\":[{\"@type\":\"CommentAction\",\"name\":\"Comment\",\"target\":[\"https:\/\/www.justiceinfo.net\/fr\/139416-nous-les-suivrons-partout-ou-ils-iront.html#respond\"]}]},{\"@type\":\"WebPage\",\"@id\":\"https:\/\/www.justiceinfo.net\/fr\/139416-nous-les-suivrons-partout-ou-ils-iront.html\",\"url\":\"https:\/\/www.justiceinfo.net\/fr\/139416-nous-les-suivrons-partout-ou-ils-iront.html\",\"name\":\"Justice pour la Syrie : \u00ab Nous les suivrons partout o\u00f9 ils iront\u00a0\u00bb\",\"isPartOf\":{\"@id\":\"https:\/\/www.justiceinfo.net\/fr#website\"},\"primaryImageOfPage\":{\"@id\":\"https:\/\/www.justiceinfo.net\/fr\/139416-nous-les-suivrons-partout-ou-ils-iront.html#primaryimage\"},\"image\":{\"@id\":\"https:\/\/www.justiceinfo.net\/fr\/139416-nous-les-suivrons-partout-ou-ils-iront.html#primaryimage\"},\"thumbnailUrl\":\"https:\/\/www.justiceinfo.net\/wp-content\/uploads\/Syria_Bashar-al-Assad-broken-portrait_@Omar-Haj-Kadour-AFP.jpg\",\"datePublished\":\"2024-12-13T09:45:11+00:00\",\"dateModified\":\"2025-10-24T13:59:23+00:00\",\"description\":\"Entretien avec le c\u00e9l\u00e8bre avocat syrien Anwar al-Bunni sur les perspectives de justice en Syrie suite \u00e0 la chute de Bachar el-Assad. Il revient \u00e9galement sur les proc\u00e9dures de comp\u00e9tence universelle engag\u00e9es en Europe contre les responsables du r\u00e9gime.\",\"breadcrumb\":{\"@id\":\"https:\/\/www.justiceinfo.net\/fr\/139416-nous-les-suivrons-partout-ou-ils-iront.html#breadcrumb\"},\"inLanguage\":\"fr-FR\",\"potentialAction\":[{\"@type\":\"ReadAction\",\"target\":[\"https:\/\/www.justiceinfo.net\/fr\/139416-nous-les-suivrons-partout-ou-ils-iront.html\"]}]},{\"@type\":\"ImageObject\",\"inLanguage\":\"fr-FR\",\"@id\":\"https:\/\/www.justiceinfo.net\/fr\/139416-nous-les-suivrons-partout-ou-ils-iront.html#primaryimage\",\"url\":\"https:\/\/www.justiceinfo.net\/wp-content\/uploads\/Syria_Bashar-al-Assad-broken-portrait_@Omar-Haj-Kadour-AFP.jpg\",\"contentUrl\":\"https:\/\/www.justiceinfo.net\/wp-content\/uploads\/Syria_Bashar-al-Assad-broken-portrait_@Omar-Haj-Kadour-AFP.jpg\",\"width\":1200,\"height\":800,\"caption\":\"Portrait du pr\u00e9sident syrien Bachar el-Assad, dans les locaux de la Direction de la s\u00e9curit\u00e9 politique \u00e0 la p\u00e9riph\u00e9rie de la ville de Hama, au centre de la Syrie, apr\u00e8s la prise de la r\u00e9gion par les forces antigouvernementales, le 7 d\u00e9cembre 2024. Photo : \u00a9 Omar Haj Kadour \/ AFP\"},{\"@type\":\"BreadcrumbList\",\"@id\":\"https:\/\/www.justiceinfo.net\/fr\/139416-nous-les-suivrons-partout-ou-ils-iront.html#breadcrumb\",\"itemListElement\":[{\"@type\":\"ListItem\",\"position\":1,\"name\":\"Home\",\"item\":\"https:\/\/www.justiceinfo.net\/fr\"},{\"@type\":\"ListItem\",\"position\":2,\"name\":\"\u00ab Nous les suivrons partout o\u00f9 ils iront\u00a0\u00bb\"}]},{\"@type\":\"WebSite\",\"@id\":\"https:\/\/www.justiceinfo.net\/fr#website\",\"url\":\"https:\/\/www.justiceinfo.net\/fr\",\"name\":\"JusticeInfo.net\",\"description\":\"La justice doit \u00eatre vue pour \u00eatre rendue\",\"publisher\":{\"@id\":\"https:\/\/www.justiceinfo.net\/fr#organization\"},\"potentialAction\":[{\"@type\":\"SearchAction\",\"target\":{\"@type\":\"EntryPoint\",\"urlTemplate\":\"https:\/\/www.justiceinfo.net\/fr?s={search_term_string}\"},\"query-input\":{\"@type\":\"PropertyValueSpecification\",\"valueRequired\":true,\"valueName\":\"search_term_string\"}}],\"inLanguage\":\"fr-FR\"},{\"@type\":\"Organization\",\"@id\":\"https:\/\/www.justiceinfo.net\/fr#organization\",\"name\":\"Justice Info\",\"url\":\"https:\/\/www.justiceinfo.net\/fr\",\"logo\":{\"@type\":\"ImageObject\",\"inLanguage\":\"fr-FR\",\"@id\":\"https:\/\/www.justiceinfo.net\/fr#\/schema\/logo\/image\/\",\"url\":\"https:\/\/www.justiceinfo.net\/wp-content\/uploads\/justiceinfo_logo-trans_1200x1200px.png\",\"contentUrl\":\"https:\/\/www.justiceinfo.net\/wp-content\/uploads\/justiceinfo_logo-trans_1200x1200px.png\",\"width\":1199,\"height\":1200,\"caption\":\"Justice Info\"},\"image\":{\"@id\":\"https:\/\/www.justiceinfo.net\/fr#\/schema\/logo\/image\/\"},\"sameAs\":[\"https:\/\/www.facebook.com\/JusticeInfo\/\",\"https:\/\/x.com\/justiceinfonet\",\"https:\/\/www.linkedin.com\/company\/justice-info\",\"https:\/\/www.youtube.com\/channel\/UCyCEsARodyuWtkWyhn-e7pA\"]},{\"@type\":\"Person\",\"name\":\"fpetit\",\"sameAs\":[\"https:\/\/x.com\/FranckF_P\"],\"url\":\"https:\/\/www.justiceinfo.net\/fr\/auteur\/fpetit\"}]}<\/script>\n<!-- \/ Yoast SEO Premium plugin. -->","yoast_head_json":{"title":"Justice pour la Syrie : \u00ab Nous les suivrons partout o\u00f9 ils iront\u00a0\u00bb","description":"Entretien avec le c\u00e9l\u00e8bre avocat syrien Anwar al-Bunni sur les perspectives de justice en Syrie suite \u00e0 la chute de Bachar el-Assad. Il revient \u00e9galement sur les proc\u00e9dures de comp\u00e9tence universelle engag\u00e9es en Europe contre les responsables du r\u00e9gime.","robots":{"index":"index","follow":"follow","max-snippet":"max-snippet:-1","max-image-preview":"max-image-preview:large","max-video-preview":"max-video-preview:-1"},"canonical":"https:\/\/www.justiceinfo.net\/fr\/139416-nous-les-suivrons-partout-ou-ils-iront.html","og_locale":"fr_FR","og_type":"article","og_title":"\u00ab Nous les suivrons partout o\u00f9 ils iront\u00a0\u00bb","og_description":"Entretien avec le c\u00e9l\u00e8bre avocat syrien Anwar al-Bunni sur les perspectives de justice en Syrie suite \u00e0 la chute de Bachar el-Assad. Il revient \u00e9galement sur les proc\u00e9dures de comp\u00e9tence universelle engag\u00e9es en Europe contre les responsables du r\u00e9gime.","og_url":"https:\/\/www.justiceinfo.net\/fr\/139416-nous-les-suivrons-partout-ou-ils-iront.html","og_site_name":"JusticeInfo.net","article_publisher":"https:\/\/www.facebook.com\/JusticeInfo\/","article_published_time":"2024-12-13T09:45:11+00:00","article_modified_time":"2025-10-24T13:59:23+00:00","og_image":[{"width":1200,"height":800,"url":"https:\/\/www.justiceinfo.net\/wp-content\/uploads\/Syria_Bashar-al-Assad-broken-portrait_@Omar-Haj-Kadour-AFP.jpg","type":"image\/jpeg"}],"author":"fpetit","twitter_card":"summary_large_image","twitter_creator":"@FranckF_P","twitter_site":"@justiceinfonet","twitter_misc":{"\u00c9crit par":"fpetit","Dur\u00e9e de lecture estim\u00e9e":"8 minutes"},"schema":{"@context":"https:\/\/schema.org","@graph":[{"@type":"NewsArticle","@id":"https:\/\/www.justiceinfo.net\/fr\/139416-nous-les-suivrons-partout-ou-ils-iront.html#article","isPartOf":{"@id":"https:\/\/www.justiceinfo.net\/fr\/139416-nous-les-suivrons-partout-ou-ils-iront.html"},"author":{"name":"fpetit","@id":"https:\/\/www.justiceinfo.net\/fr#\/schema\/person\/594d5223f847f747608174d9c27d1abc"},"headline":"\u00ab Nous les suivrons partout o\u00f9 ils iront\u00a0\u00bb","datePublished":"2024-12-13T09:45:11+00:00","dateModified":"2025-10-24T13:59:23+00:00","mainEntityOfPage":{"@id":"https:\/\/www.justiceinfo.net\/fr\/139416-nous-les-suivrons-partout-ou-ils-iront.html"},"wordCount":1517,"commentCount":0,"publisher":{"@id":"https:\/\/www.justiceinfo.net\/fr#organization"},"image":{"@id":"https:\/\/www.justiceinfo.net\/fr\/139416-nous-les-suivrons-partout-ou-ils-iront.html#primaryimage"},"thumbnailUrl":"https:\/\/www.justiceinfo.net\/wp-content\/uploads\/Syria_Bashar-al-Assad-broken-portrait_@Omar-Haj-Kadour-AFP.jpg","keywords":["Bachar el-Assad"],"articleSection":["Comp\u00e9tence universelle","Entretiens"],"inLanguage":"fr-FR","potentialAction":[{"@type":"CommentAction","name":"Comment","target":["https:\/\/www.justiceinfo.net\/fr\/139416-nous-les-suivrons-partout-ou-ils-iront.html#respond"]}]},{"@type":"WebPage","@id":"https:\/\/www.justiceinfo.net\/fr\/139416-nous-les-suivrons-partout-ou-ils-iront.html","url":"https:\/\/www.justiceinfo.net\/fr\/139416-nous-les-suivrons-partout-ou-ils-iront.html","name":"Justice pour la Syrie : \u00ab Nous les suivrons partout o\u00f9 ils iront\u00a0\u00bb","isPartOf":{"@id":"https:\/\/www.justiceinfo.net\/fr#website"},"primaryImageOfPage":{"@id":"https:\/\/www.justiceinfo.net\/fr\/139416-nous-les-suivrons-partout-ou-ils-iront.html#primaryimage"},"image":{"@id":"https:\/\/www.justiceinfo.net\/fr\/139416-nous-les-suivrons-partout-ou-ils-iront.html#primaryimage"},"thumbnailUrl":"https:\/\/www.justiceinfo.net\/wp-content\/uploads\/Syria_Bashar-al-Assad-broken-portrait_@Omar-Haj-Kadour-AFP.jpg","datePublished":"2024-12-13T09:45:11+00:00","dateModified":"2025-10-24T13:59:23+00:00","description":"Entretien avec le c\u00e9l\u00e8bre avocat syrien Anwar al-Bunni sur les perspectives de justice en Syrie suite \u00e0 la chute de Bachar el-Assad. Il revient \u00e9galement sur les proc\u00e9dures de comp\u00e9tence universelle engag\u00e9es en Europe contre les responsables du r\u00e9gime.","breadcrumb":{"@id":"https:\/\/www.justiceinfo.net\/fr\/139416-nous-les-suivrons-partout-ou-ils-iront.html#breadcrumb"},"inLanguage":"fr-FR","potentialAction":[{"@type":"ReadAction","target":["https:\/\/www.justiceinfo.net\/fr\/139416-nous-les-suivrons-partout-ou-ils-iront.html"]}]},{"@type":"ImageObject","inLanguage":"fr-FR","@id":"https:\/\/www.justiceinfo.net\/fr\/139416-nous-les-suivrons-partout-ou-ils-iront.html#primaryimage","url":"https:\/\/www.justiceinfo.net\/wp-content\/uploads\/Syria_Bashar-al-Assad-broken-portrait_@Omar-Haj-Kadour-AFP.jpg","contentUrl":"https:\/\/www.justiceinfo.net\/wp-content\/uploads\/Syria_Bashar-al-Assad-broken-portrait_@Omar-Haj-Kadour-AFP.jpg","width":1200,"height":800,"caption":"Portrait du pr\u00e9sident syrien Bachar el-Assad, dans les locaux de la Direction de la s\u00e9curit\u00e9 politique \u00e0 la p\u00e9riph\u00e9rie de la ville de Hama, au centre de la Syrie, apr\u00e8s la prise de la r\u00e9gion par les forces antigouvernementales, le 7 d\u00e9cembre 2024. Photo : \u00a9 Omar Haj Kadour \/ AFP"},{"@type":"BreadcrumbList","@id":"https:\/\/www.justiceinfo.net\/fr\/139416-nous-les-suivrons-partout-ou-ils-iront.html#breadcrumb","itemListElement":[{"@type":"ListItem","position":1,"name":"Home","item":"https:\/\/www.justiceinfo.net\/fr"},{"@type":"ListItem","position":2,"name":"\u00ab Nous les suivrons partout o\u00f9 ils iront\u00a0\u00bb"}]},{"@type":"WebSite","@id":"https:\/\/www.justiceinfo.net\/fr#website","url":"https:\/\/www.justiceinfo.net\/fr","name":"JusticeInfo.net","description":"La justice doit \u00eatre vue pour \u00eatre rendue","publisher":{"@id":"https:\/\/www.justiceinfo.net\/fr#organization"},"potentialAction":[{"@type":"SearchAction","target":{"@type":"EntryPoint","urlTemplate":"https:\/\/www.justiceinfo.net\/fr?s={search_term_string}"},"query-input":{"@type":"PropertyValueSpecification","valueRequired":true,"valueName":"search_term_string"}}],"inLanguage":"fr-FR"},{"@type":"Organization","@id":"https:\/\/www.justiceinfo.net\/fr#organization","name":"Justice Info","url":"https:\/\/www.justiceinfo.net\/fr","logo":{"@type":"ImageObject","inLanguage":"fr-FR","@id":"https:\/\/www.justiceinfo.net\/fr#\/schema\/logo\/image\/","url":"https:\/\/www.justiceinfo.net\/wp-content\/uploads\/justiceinfo_logo-trans_1200x1200px.png","contentUrl":"https:\/\/www.justiceinfo.net\/wp-content\/uploads\/justiceinfo_logo-trans_1200x1200px.png","width":1199,"height":1200,"caption":"Justice Info"},"image":{"@id":"https:\/\/www.justiceinfo.net\/fr#\/schema\/logo\/image\/"},"sameAs":["https:\/\/www.facebook.com\/JusticeInfo\/","https:\/\/x.com\/justiceinfonet","https:\/\/www.linkedin.com\/company\/justice-info","https:\/\/www.youtube.com\/channel\/UCyCEsARodyuWtkWyhn-e7pA"]},{"@type":"Person","name":"fpetit","sameAs":["https:\/\/x.com\/FranckF_P"],"url":"https:\/\/www.justiceinfo.net\/fr\/auteur\/fpetit"}]}},"_links":{"self":[{"href":"https:\/\/www.justiceinfo.net\/fr\/wp-json\/wp\/v2\/posts\/139416","targetHints":{"allow":["GET"]}}],"collection":[{"href":"https:\/\/www.justiceinfo.net\/fr\/wp-json\/wp\/v2\/posts"}],"about":[{"href":"https:\/\/www.justiceinfo.net\/fr\/wp-json\/wp\/v2\/types\/post"}],"author":[{"embeddable":true,"href":"https:\/\/www.justiceinfo.net\/fr\/wp-json\/wp\/v2\/users\/72"}],"replies":[{"embeddable":true,"href":"https:\/\/www.justiceinfo.net\/fr\/wp-json\/wp\/v2\/comments?post=139416"}],"version-history":[{"count":11,"href":"https:\/\/www.justiceinfo.net\/fr\/wp-json\/wp\/v2\/posts\/139416\/revisions"}],"predecessor-version":[{"id":151363,"href":"https:\/\/www.justiceinfo.net\/fr\/wp-json\/wp\/v2\/posts\/139416\/revisions\/151363"}],"wp:featuredmedia":[{"embeddable":true,"href":"https:\/\/www.justiceinfo.net\/fr\/wp-json\/wp\/v2\/media\/139420"}],"wp:attachment":[{"href":"https:\/\/www.justiceinfo.net\/fr\/wp-json\/wp\/v2\/media?parent=139416"}],"wp:term":[{"taxonomy":"category","embeddable":true,"href":"https:\/\/www.justiceinfo.net\/fr\/wp-json\/wp\/v2\/categories?post=139416"},{"taxonomy":"post_tag","embeddable":true,"href":"https:\/\/www.justiceinfo.net\/fr\/wp-json\/wp\/v2\/tags?post=139416"},{"taxonomy":"ji_location","embeddable":true,"href":"https:\/\/www.justiceinfo.net\/fr\/wp-json\/wp\/v2\/ji_location?post=139416"}],"curies":[{"name":"wp","href":"https:\/\/api.w.org\/{rel}","templated":true}]}}