{"id":13946,"date":"2012-03-14T13:03:37","date_gmt":"2012-03-14T12:03:37","guid":{"rendered":"https:\/\/www.justiceinfo.net\/13946-14-03-12-cpi-lubanga-la-cpi-prononce-thomas-lubanga-coupable.html"},"modified":"2012-03-14T13:03:37","modified_gmt":"2012-03-14T12:03:37","slug":"14-03-12-cpi-lubanga-la-cpi-prononce-thomas-lubanga-coupable","status":"publish","type":"post","link":"https:\/\/www.justiceinfo.net\/fr\/13946-14-03-12-cpi-lubanga-la-cpi-prononce-thomas-lubanga-coupable.html","title":{"rendered":"14.03.12 - CPI\/LUBANGA - LA CPI JUGE THOMAS LUBANGA COUPABLE (AUDIO)"},"content":{"rendered":"<p>La Haye, 14 mars 2012 (FH) - L'ancien milicien congolais Thomas Lubanga a \u00e9t\u00e9 reconnu coupable d\u2019avoir enr\u00f4l\u00e9 des enfants dans ses troupes et de les avoir fait particip\u00e9 \u00e0 des hostilit\u00e9s arm\u00e9es. \u00a0Le jugement a \u00e9t\u00e9 prononc\u00e9 mercredi matin \u00e0 La Haye. L\u2019ex chef de l\u2019Union des patriotes congolais avait commis ses crimes en Ituri, dans l\u2019est de la R\u00e9publique d\u00e9mocratique du Congo, du 1er septembre 2002 au 13 aout 2003. Notre correspondante \u00e0 La Haye St\u00e9phanie Maupas fait le point pour Radio Okapi...<\/p>\n<p><!--more--><\/p>\n<p>{podcast LA CPI PRONONCE THOMAS LUBANGA COUPABLE}<\/p>\n","protected":false},"excerpt":{"rendered":"<p>La Haye, 14 mars 2012 (FH) - L'ancien milicien congolais Thomas Lubanga a \u00e9t\u00e9 reconnu coupable d\u2019avoir enr\u00f4l\u00e9 des enfants dans ses troupes et de les avoir fait particip\u00e9 \u00e0 des hostilit\u00e9s arm\u00e9es. \u00a0Le jugement a \u00e9t\u00e9 prononc\u00e9 mercredi matin \u00e0 La Haye. L\u2019ex chef de l\u2019Union des patriotes congolais avait commis ses crimes en [&hellip;]<\/p>\n","protected":false},"author":64,"featured_media":0,"comment_status":"open","ping_status":"closed","sticky":false,"template":"","format":"standard","meta":{"_acf_changed":false,"footnotes":""},"categories":[554],"tags":[],"ji_location":[],"class_list":["post-13946","post","type-post","status-publish","format-standard","hentry","category-hirondellenews"],"acf":[],"yoast_head":"<!-- This site is optimized with the Yoast SEO Premium plugin v25.3.1 (Yoast SEO v25.3.1) - https:\/\/yoast.com\/wordpress\/plugins\/seo\/ -->\n<title>14.03.12 - CPI\/LUBANGA - LA CPI JUGE THOMAS LUBANGA COUPABLE (AUDIO) - JusticeInfo.net<\/title>\n<meta name=\"robots\" content=\"index, follow, max-snippet:-1, max-image-preview:large, max-video-preview:-1\" \/>\n<link rel=\"canonical\" href=\"https:\/\/www.justiceinfo.net\/fr\/13946-14-03-12-cpi-lubanga-la-cpi-prononce-thomas-lubanga-coupable.html\" \/>\n<meta property=\"og:locale\" content=\"fr_FR\" \/>\n<meta property=\"og:type\" content=\"article\" \/>\n<meta property=\"og:title\" content=\"14.03.12 - CPI\/LUBANGA - LA CPI JUGE THOMAS LUBANGA COUPABLE (AUDIO)\" \/>\n<meta property=\"og:description\" content=\"La Haye, 14 mars 2012 (FH) - L&#039;ancien milicien congolais Thomas Lubanga a \u00e9t\u00e9 reconnu coupable d\u2019avoir enr\u00f4l\u00e9 des enfants dans ses troupes et de les avoir fait particip\u00e9 \u00e0 des hostilit\u00e9s arm\u00e9es. \u00a0Le jugement a \u00e9t\u00e9 prononc\u00e9 mercredi matin \u00e0 La Haye. L\u2019ex chef de l\u2019Union des patriotes congolais avait commis ses crimes en [&hellip;]\" \/>\n<meta property=\"og:url\" content=\"https:\/\/www.justiceinfo.net\/fr\/13946-14-03-12-cpi-lubanga-la-cpi-prononce-thomas-lubanga-coupable.html\" \/>\n<meta property=\"og:site_name\" content=\"JusticeInfo.net\" \/>\n<meta property=\"article:publisher\" content=\"https:\/\/www.facebook.com\/JusticeInfo\/\" \/>\n<meta property=\"article:published_time\" content=\"2012-03-14T12:03:37+00:00\" \/>\n<meta property=\"og:image\" content=\"https:\/\/www.justiceinfo.net\/wp-content\/uploads\/JusticeInfoNet_logo_1200x630px.jpg\" \/>\n\t<meta property=\"og:image:width\" content=\"1200\" \/>\n\t<meta property=\"og:image:height\" content=\"630\" \/>\n\t<meta property=\"og:image:type\" content=\"image\/jpeg\" \/>\n<meta name=\"author\" content=\"solivri\" \/>\n<meta name=\"twitter:card\" content=\"summary_large_image\" \/>\n<meta name=\"twitter:creator\" content=\"@justiceinfonet\" \/>\n<meta name=\"twitter:site\" content=\"@justiceinfonet\" \/>\n<meta name=\"twitter:label1\" content=\"\u00c9crit par\" \/>\n\t<meta name=\"twitter:data1\" content=\"solivri\" \/>\n<script type=\"application\/ld+json\" class=\"yoast-schema-graph\">{\"@context\":\"https:\/\/schema.org\",\"@graph\":[{\"@type\":\"NewsArticle\",\"@id\":\"https:\/\/www.justiceinfo.net\/fr\/13946-14-03-12-cpi-lubanga-la-cpi-prononce-thomas-lubanga-coupable.html#article\",\"isPartOf\":{\"@id\":\"https:\/\/www.justiceinfo.net\/fr\/13946-14-03-12-cpi-lubanga-la-cpi-prononce-thomas-lubanga-coupable.html\"},\"author\":{\"name\":\"solivri\",\"@id\":\"https:\/\/www.justiceinfo.net\/fr#\/schema\/person\/6e53cba1629e2e66f3fc1821d3091865\"},\"headline\":\"14.03.12 - CPI\/LUBANGA - LA CPI JUGE THOMAS LUBANGA COUPABLE (AUDIO)\",\"datePublished\":\"2012-03-14T12:03:37+00:00\",\"mainEntityOfPage\":{\"@id\":\"https:\/\/www.justiceinfo.net\/fr\/13946-14-03-12-cpi-lubanga-la-cpi-prononce-thomas-lubanga-coupable.html\"},\"wordCount\":106,\"commentCount\":0,\"publisher\":{\"@id\":\"https:\/\/www.justiceinfo.net\/fr#organization\"},\"articleSection\":[\"Hirondelle News\"],\"inLanguage\":\"fr-FR\",\"potentialAction\":[{\"@type\":\"CommentAction\",\"name\":\"Comment\",\"target\":[\"https:\/\/www.justiceinfo.net\/fr\/13946-14-03-12-cpi-lubanga-la-cpi-prononce-thomas-lubanga-coupable.html#respond\"]}]},{\"@type\":\"WebPage\",\"@id\":\"https:\/\/www.justiceinfo.net\/fr\/13946-14-03-12-cpi-lubanga-la-cpi-prononce-thomas-lubanga-coupable.html\",\"url\":\"https:\/\/www.justiceinfo.net\/fr\/13946-14-03-12-cpi-lubanga-la-cpi-prononce-thomas-lubanga-coupable.html\",\"name\":\"14.03.12 - CPI\/LUBANGA - LA CPI JUGE THOMAS LUBANGA COUPABLE (AUDIO) - JusticeInfo.net\",\"isPartOf\":{\"@id\":\"https:\/\/www.justiceinfo.net\/fr#website\"},\"datePublished\":\"2012-03-14T12:03:37+00:00\",\"breadcrumb\":{\"@id\":\"https:\/\/www.justiceinfo.net\/fr\/13946-14-03-12-cpi-lubanga-la-cpi-prononce-thomas-lubanga-coupable.html#breadcrumb\"},\"inLanguage\":\"fr-FR\",\"potentialAction\":[{\"@type\":\"ReadAction\",\"target\":[\"https:\/\/www.justiceinfo.net\/fr\/13946-14-03-12-cpi-lubanga-la-cpi-prononce-thomas-lubanga-coupable.html\"]}]},{\"@type\":\"BreadcrumbList\",\"@id\":\"https:\/\/www.justiceinfo.net\/fr\/13946-14-03-12-cpi-lubanga-la-cpi-prononce-thomas-lubanga-coupable.html#breadcrumb\",\"itemListElement\":[{\"@type\":\"ListItem\",\"position\":1,\"name\":\"Home\",\"item\":\"https:\/\/www.justiceinfo.net\/fr\"},{\"@type\":\"ListItem\",\"position\":2,\"name\":\"14.03.12 - CPI\/LUBANGA - LA CPI JUGE THOMAS LUBANGA COUPABLE (AUDIO)\"}]},{\"@type\":\"WebSite\",\"@id\":\"https:\/\/www.justiceinfo.net\/fr#website\",\"url\":\"https:\/\/www.justiceinfo.net\/fr\",\"name\":\"JusticeInfo.net\",\"description\":\"La justice doit \u00eatre vue pour \u00eatre rendue\",\"publisher\":{\"@id\":\"https:\/\/www.justiceinfo.net\/fr#organization\"},\"potentialAction\":[{\"@type\":\"SearchAction\",\"target\":{\"@type\":\"EntryPoint\",\"urlTemplate\":\"https:\/\/www.justiceinfo.net\/fr?s={search_term_string}\"},\"query-input\":{\"@type\":\"PropertyValueSpecification\",\"valueRequired\":true,\"valueName\":\"search_term_string\"}}],\"inLanguage\":\"fr-FR\"},{\"@type\":\"Organization\",\"@id\":\"https:\/\/www.justiceinfo.net\/fr#organization\",\"name\":\"Justice Info\",\"url\":\"https:\/\/www.justiceinfo.net\/fr\",\"logo\":{\"@type\":\"ImageObject\",\"inLanguage\":\"fr-FR\",\"@id\":\"https:\/\/www.justiceinfo.net\/fr#\/schema\/logo\/image\/\",\"url\":\"https:\/\/www.justiceinfo.net\/wp-content\/uploads\/justiceinfo_logo-trans_1200x1200px.png\",\"contentUrl\":\"https:\/\/www.justiceinfo.net\/wp-content\/uploads\/justiceinfo_logo-trans_1200x1200px.png\",\"width\":1199,\"height\":1200,\"caption\":\"Justice Info\"},\"image\":{\"@id\":\"https:\/\/www.justiceinfo.net\/fr#\/schema\/logo\/image\/\"},\"sameAs\":[\"https:\/\/www.facebook.com\/JusticeInfo\/\",\"https:\/\/x.com\/justiceinfonet\",\"https:\/\/www.linkedin.com\/company\/justice-info\",\"https:\/\/www.youtube.com\/channel\/UCyCEsARodyuWtkWyhn-e7pA\"]},{\"@type\":\"Person\",\"name\":\"solivri\",\"url\":\"\/fr\/?s=solivri\"}]}<\/script>\n<!-- \/ Yoast SEO Premium plugin. -->","yoast_head_json":{"title":"14.03.12 - CPI\/LUBANGA - LA CPI JUGE THOMAS LUBANGA COUPABLE (AUDIO) - JusticeInfo.net","robots":{"index":"index","follow":"follow","max-snippet":"max-snippet:-1","max-image-preview":"max-image-preview:large","max-video-preview":"max-video-preview:-1"},"canonical":"https:\/\/www.justiceinfo.net\/fr\/13946-14-03-12-cpi-lubanga-la-cpi-prononce-thomas-lubanga-coupable.html","og_locale":"fr_FR","og_type":"article","og_title":"14.03.12 - CPI\/LUBANGA - LA CPI JUGE THOMAS LUBANGA COUPABLE (AUDIO)","og_description":"La Haye, 14 mars 2012 (FH) - L'ancien milicien congolais Thomas Lubanga a \u00e9t\u00e9 reconnu coupable d\u2019avoir enr\u00f4l\u00e9 des enfants dans ses troupes et de les avoir fait particip\u00e9 \u00e0 des hostilit\u00e9s arm\u00e9es. \u00a0Le jugement a \u00e9t\u00e9 prononc\u00e9 mercredi matin \u00e0 La Haye. L\u2019ex chef de l\u2019Union des patriotes congolais avait commis ses crimes en [&hellip;]","og_url":"https:\/\/www.justiceinfo.net\/fr\/13946-14-03-12-cpi-lubanga-la-cpi-prononce-thomas-lubanga-coupable.html","og_site_name":"JusticeInfo.net","article_publisher":"https:\/\/www.facebook.com\/JusticeInfo\/","article_published_time":"2012-03-14T12:03:37+00:00","og_image":[{"width":1200,"height":630,"url":"https:\/\/www.justiceinfo.net\/wp-content\/uploads\/JusticeInfoNet_logo_1200x630px.jpg","type":"image\/jpeg"}],"author":"solivri","twitter_card":"summary_large_image","twitter_creator":"@justiceinfonet","twitter_site":"@justiceinfonet","twitter_misc":{"\u00c9crit par":"solivri"},"schema":{"@context":"https:\/\/schema.org","@graph":[{"@type":"NewsArticle","@id":"https:\/\/www.justiceinfo.net\/fr\/13946-14-03-12-cpi-lubanga-la-cpi-prononce-thomas-lubanga-coupable.html#article","isPartOf":{"@id":"https:\/\/www.justiceinfo.net\/fr\/13946-14-03-12-cpi-lubanga-la-cpi-prononce-thomas-lubanga-coupable.html"},"author":{"name":"solivri","@id":"https:\/\/www.justiceinfo.net\/fr#\/schema\/person\/6e53cba1629e2e66f3fc1821d3091865"},"headline":"14.03.12 - CPI\/LUBANGA - LA CPI JUGE THOMAS LUBANGA COUPABLE (AUDIO)","datePublished":"2012-03-14T12:03:37+00:00","mainEntityOfPage":{"@id":"https:\/\/www.justiceinfo.net\/fr\/13946-14-03-12-cpi-lubanga-la-cpi-prononce-thomas-lubanga-coupable.html"},"wordCount":106,"commentCount":0,"publisher":{"@id":"https:\/\/www.justiceinfo.net\/fr#organization"},"articleSection":["Hirondelle News"],"inLanguage":"fr-FR","potentialAction":[{"@type":"CommentAction","name":"Comment","target":["https:\/\/www.justiceinfo.net\/fr\/13946-14-03-12-cpi-lubanga-la-cpi-prononce-thomas-lubanga-coupable.html#respond"]}]},{"@type":"WebPage","@id":"https:\/\/www.justiceinfo.net\/fr\/13946-14-03-12-cpi-lubanga-la-cpi-prononce-thomas-lubanga-coupable.html","url":"https:\/\/www.justiceinfo.net\/fr\/13946-14-03-12-cpi-lubanga-la-cpi-prononce-thomas-lubanga-coupable.html","name":"14.03.12 - CPI\/LUBANGA - LA CPI JUGE THOMAS LUBANGA COUPABLE (AUDIO) - JusticeInfo.net","isPartOf":{"@id":"https:\/\/www.justiceinfo.net\/fr#website"},"datePublished":"2012-03-14T12:03:37+00:00","breadcrumb":{"@id":"https:\/\/www.justiceinfo.net\/fr\/13946-14-03-12-cpi-lubanga-la-cpi-prononce-thomas-lubanga-coupable.html#breadcrumb"},"inLanguage":"fr-FR","potentialAction":[{"@type":"ReadAction","target":["https:\/\/www.justiceinfo.net\/fr\/13946-14-03-12-cpi-lubanga-la-cpi-prononce-thomas-lubanga-coupable.html"]}]},{"@type":"BreadcrumbList","@id":"https:\/\/www.justiceinfo.net\/fr\/13946-14-03-12-cpi-lubanga-la-cpi-prononce-thomas-lubanga-coupable.html#breadcrumb","itemListElement":[{"@type":"ListItem","position":1,"name":"Home","item":"https:\/\/www.justiceinfo.net\/fr"},{"@type":"ListItem","position":2,"name":"14.03.12 - CPI\/LUBANGA - LA CPI JUGE THOMAS LUBANGA COUPABLE (AUDIO)"}]},{"@type":"WebSite","@id":"https:\/\/www.justiceinfo.net\/fr#website","url":"https:\/\/www.justiceinfo.net\/fr","name":"JusticeInfo.net","description":"La justice doit \u00eatre vue pour \u00eatre rendue","publisher":{"@id":"https:\/\/www.justiceinfo.net\/fr#organization"},"potentialAction":[{"@type":"SearchAction","target":{"@type":"EntryPoint","urlTemplate":"https:\/\/www.justiceinfo.net\/fr?s={search_term_string}"},"query-input":{"@type":"PropertyValueSpecification","valueRequired":true,"valueName":"search_term_string"}}],"inLanguage":"fr-FR"},{"@type":"Organization","@id":"https:\/\/www.justiceinfo.net\/fr#organization","name":"Justice Info","url":"https:\/\/www.justiceinfo.net\/fr","logo":{"@type":"ImageObject","inLanguage":"fr-FR","@id":"https:\/\/www.justiceinfo.net\/fr#\/schema\/logo\/image\/","url":"https:\/\/www.justiceinfo.net\/wp-content\/uploads\/justiceinfo_logo-trans_1200x1200px.png","contentUrl":"https:\/\/www.justiceinfo.net\/wp-content\/uploads\/justiceinfo_logo-trans_1200x1200px.png","width":1199,"height":1200,"caption":"Justice Info"},"image":{"@id":"https:\/\/www.justiceinfo.net\/fr#\/schema\/logo\/image\/"},"sameAs":["https:\/\/www.facebook.com\/JusticeInfo\/","https:\/\/x.com\/justiceinfonet","https:\/\/www.linkedin.com\/company\/justice-info","https:\/\/www.youtube.com\/channel\/UCyCEsARodyuWtkWyhn-e7pA"]},{"@type":"Person","name":"solivri","url":"\/fr\/?s=solivri"}]}},"_links":{"self":[{"href":"https:\/\/www.justiceinfo.net\/fr\/wp-json\/wp\/v2\/posts\/13946","targetHints":{"allow":["GET"]}}],"collection":[{"href":"https:\/\/www.justiceinfo.net\/fr\/wp-json\/wp\/v2\/posts"}],"about":[{"href":"https:\/\/www.justiceinfo.net\/fr\/wp-json\/wp\/v2\/types\/post"}],"author":[{"embeddable":true,"href":"https:\/\/www.justiceinfo.net\/fr\/wp-json\/wp\/v2\/users\/64"}],"replies":[{"embeddable":true,"href":"https:\/\/www.justiceinfo.net\/fr\/wp-json\/wp\/v2\/comments?post=13946"}],"version-history":[{"count":0,"href":"https:\/\/www.justiceinfo.net\/fr\/wp-json\/wp\/v2\/posts\/13946\/revisions"}],"wp:attachment":[{"href":"https:\/\/www.justiceinfo.net\/fr\/wp-json\/wp\/v2\/media?parent=13946"}],"wp:term":[{"taxonomy":"category","embeddable":true,"href":"https:\/\/www.justiceinfo.net\/fr\/wp-json\/wp\/v2\/categories?post=13946"},{"taxonomy":"post_tag","embeddable":true,"href":"https:\/\/www.justiceinfo.net\/fr\/wp-json\/wp\/v2\/tags?post=13946"},{"taxonomy":"ji_location","embeddable":true,"href":"https:\/\/www.justiceinfo.net\/fr\/wp-json\/wp\/v2\/ji_location?post=13946"}],"curies":[{"name":"wp","href":"https:\/\/api.w.org\/{rel}","templated":true}]}}