{"id":139621,"date":"2024-12-19T13:56:28","date_gmt":"2024-12-19T12:56:28","guid":{"rendered":"https:\/\/www.justiceinfo.net\/?p=139621"},"modified":"2024-12-23T18:07:35","modified_gmt":"2024-12-23T17:07:35","slug":"darfour-premier-proces-sacheve-cpi","status":"publish","type":"post","link":"https:\/\/www.justiceinfo.net\/fr\/139621-darfour-premier-proces-sacheve-cpi.html","title":{"rendered":"Darfour\u00a0: le premier proc\u00e8s s\u2019ach\u00e8ve \u00e0 la CPI"},"content":{"rendered":"\n<p><strong>Le premier proc\u00e8s \u00e0 la Cour p\u00e9nale internationale des crimes commis au Darfour (Soudan) s\u2019est achev\u00e9, 20 ans apr\u00e8s les faits reproch\u00e9s. Lors des plaidoiries finales, du 11 au 13 d\u00e9cembre 2024, le procureur a affirm\u00e9 que l\u2019accus\u00e9, chef pr\u00e9sum\u00e9 de milice du Darfour qui aurait op\u00e9r\u00e9 sous le nom d\u2019\u00ab Ali Kosheib \u00bb, a commis des crimes de guerre et des crimes contre l\u2019humanit\u00e9. La d\u00e9fense a estim\u00e9 qu\u2019il devrait \u00eatre acquitt\u00e9 de tous les chefs d\u2019accusation.&nbsp;<\/strong><\/p>\n\n\n\n<!--more-->\n\n\n\n<p>\u00ab Cette chambre ne peut pas revenir en arri\u00e8re \u00bb, a d\u00e9clar\u00e9 en ouverture le procureur de la <a href=\"https:\/\/www.justiceinfo.net\/fr\/tribunaux\/cpi\">Cour p\u00e9nale internationale (CPI)<\/a>, Karim Khan. La Cour ne peut pas ni effacer les trag\u00e9dies et les pertes que \u00ab beaucoup ont endur\u00e9es et continuent d\u2019endurer \u00bb, ni \u00ab les couches de traumatisme g\u00e9n\u00e9rationnel \u00bb et mettre fin au conflit \u00ab qui s\u2019est r\u00e9percut\u00e9 de mani\u00e8re continue au cours des 20 derni\u00e8res ann\u00e9es \u00bb. Mais ce proc\u00e8s peut d\u00e9montrer que \u00ab l\u2019\u00c9tat de droit a un sens \u00bb et que \u00ab le d\u00e9sir de justice [des victimes] ne doit pas \u00eatre sous-estim\u00e9 \u00bb, a-t-il ajout\u00e9.<\/p>\n\n\n\n<p>L\u2019accus\u00e9, Ali Muhammad Ali Abd-Al-Rahman, est aujourd\u2019hui \u00e2g\u00e9 de 76 ans. Il est accus\u00e9 de crimes de guerre et de crimes contre l\u2019humanit\u00e9 survenus entre 2003 et 2004 dans l\u2019ouest du Darfour, au Soudan. Selon l\u2019accusation, Abd-Al-Rahman, qui aurait op\u00e9r\u00e9 sous le nom d\u2019\u00ab <a href=\"https:\/\/www.justiceinfo.net\/fr\/tag\/ali-kosheib\">Ali Kosheib<\/a> \u00bb, \u00e9tait un membre important de la milice Janjaweed soutenue par le gouvernement, accus\u00e9e de nombreux massacres et de viols dans le cadre de la contre-insurrection lanc\u00e9e par l\u2019ex-pr\u00e9sident Omar el-Bechir contre les rebelles. L\u2019homme est accus\u00e9 d\u2019avoir coop\u00e9r\u00e9 avec de hauts responsables du gouvernement, notamment le ministre de l\u2019Int\u00e9rieur, Ahmad Muhammad Harun, dont il aurait re\u00e7u des armes et de l\u2019argent.<\/p>\n\n\n\n<p>L\u2019accusation souligne le caract\u00e8re g\u00e9n\u00e9ralis\u00e9 et syst\u00e9matique des crimes commis contre les civils de la communaut\u00e9 Four \u00e0 Wadi Salih et Mukjar, des localit\u00e9s de l\u2019ouest du Darfour. Ces crimes comprennent des attaques contre la population civile, des meurtres et des tentatives de meurtre, des pillages, des destructions de biens et de b\u00e9tail, des actes inhumains, des atteintes \u00e0 la dignit\u00e9 des personnes, des viols, des tortures, des transferts forc\u00e9s de population et des traitements cruels.<\/p>\n\n\n\n<p>\u00ab Nous avons prouv\u00e9 au-del\u00e0 de tout doute raisonnable que l\u2019accus\u00e9 est Ali Kosheib et qu\u2019il \u00e9tait un chef de milice \u00bb, a affirm\u00e9 Khan, \u00ab&nbsp;et qu\u2019il \u00e9tait activement impliqu\u00e9 dans la commission d\u2019infractions, qu\u2019il a commis de son plein gr\u00e9 et avec enthousiasme&nbsp;\u00bb. Alors qu\u2019il avait re\u00e7u des armes pour faire face \u00e0 la r\u00e9bellion, les civils ont \u00e9t\u00e9 pris pour cible : \u00ab Ils ont souffert, ils ont perdu la vie, ils ont \u00e9t\u00e9 marqu\u00e9s physiquement et \u00e9motionnellement de multiples fa\u00e7ons.&nbsp;\u00bb Le dossier d\u2019accusation, qui comprenait 81 t\u00e9moins, dont 56 sont venus au tribunal, a prouv\u00e9 toutes les accusations selon Khan. Certains groupes vuln\u00e9rables ont \u00e9t\u00e9 particuli\u00e8rement cibl\u00e9s, souligne-t-il devant les juges \u2013 Joanna Korner, Reine Alapini-Gansou et Althea Violet Alexis Windsoralks \u2013, tels que les enfants n\u00e9s lors d\u2019un d\u00e9placement forc\u00e9 ou \u00e0 la suite d\u2019un viol, les femmes ayant subi des violences sexuelles, ainsi que les anciens et les chefs de communaut\u00e9s qui ont \u00e9t\u00e9 tortur\u00e9s et souvent sommairement ex\u00e9cut\u00e9s.&nbsp;<\/p>\n\n\n\n<h2 class=\"wp-block-heading\" id=\"h-pardonnez-mon-mensonge-mais-je-ne-connais-pas-cet-homme-nbsp\">\u00ab Pardonnez mon mensonge, mais je ne connais pas cet homme&nbsp;\u00bb<\/h2>\n\n\n\n<p>La d\u00e9fense <a href=\"https:\/\/www.justiceinfo.net\/fr\/123737-proces-cpi-darfour-je-ne-suis-pas-ali-kosheib.html\">nie que son client soit Ali Kosheib<\/a>. Abd-Al-Rahman lui-m\u00eame a pris la parole \u00e0 la fin de la proc\u00e9dure, revenant sur sa remise \u00e0 la CPI en 2020. \u00ab J\u2019ai dit alors que je m\u2019appelais Ali Kosheib parce que j\u2019\u00e9tais depuis deux mois dans la clandestinit\u00e9 et que j\u2019avais peur d\u2019\u00eatre arr\u00eat\u00e9 [apr\u00e8s la chute du r\u00e9gime en 2019]. \u00bb Selon lui, la CPI ne l\u2019a accept\u00e9 qu\u2019apr\u00e8s qu\u2019il ait mentionn\u00e9 ce surnom. \u00ab Pardonnez mon mensonge, mais je ne connais pas cet homme \u00bb.<\/p>\n\n\n\n<p>Une cinquantaine de personnes ont suivi les audiences depuis la galerie du public \u00e0 La Haye. Nombre d\u2019entre elles faisaient partie de la soci\u00e9t\u00e9 civile soudanaise. La CPI avait organis\u00e9 la venue de journalistes soudanais, de membres d\u2019Ongs, de dirigeants locaux ou de groupes de victimes lors des d\u00e9clarations finales. \u00ab C\u2019est la premi\u00e8re fois que je viens ici. Mon impression est positive, c\u2019est au moins un d\u00e9but \u00bb, a d\u00e9clar\u00e9 un journaliste darfouri qui pr\u00e9f\u00e8re garder l\u2019anonymat pour des raisons de s\u00e9curit\u00e9. \u00ab Cela d\u00e9livre un bon message : toute personne qui commet un crime devra en r\u00e9pondre, mais nous devons faire plus d\u2019efforts pour traduire les autres en justice. Il n\u2019\u00e9tait qu\u2019un commandant, mais celui qui lui a donn\u00e9 les moyens d\u2019agir est toujours libre \u00bb, a-t-il d\u00e9clar\u00e9 \u00e0 Justice Info. L\u2019ancien pr\u00e9sident el-B\u00e9chir cependant, demand\u00e9 par la CPI, est d\u00e9tenu au Soudan depuis sa destitution en 2019.&nbsp;<\/p>\n\n\n\n<p>En 2010, les Nations unies ont estim\u00e9 qu\u2019environ 300 000 personnes \u00e9taient mortes et 2,7 millions avaient \u00e9t\u00e9 d\u00e9plac\u00e9es depuis le d\u00e9but du conflit en 2003. En 2005, la Cour avait \u00e9t\u00e9 saisie de la situation au Darfour par le Conseil de s\u00e9curit\u00e9 des Nations unies. Une enqu\u00eate a \u00e9t\u00e9 ouverte et le proc\u00e8s a d\u00e9but\u00e9 en avril 2022. \u00ab Les saisines ne devraient pas \u00eatre des histoires sans fin et aujourd\u2019hui nous approchons [...] de la fin du premier chapitre d\u2019une histoire qui, je l\u2019esp\u00e8re, justifiera la promesse faite aux victimes \u00bb, a assur\u00e9 Khan.<\/p>\n\n\n\n<p>\u00ab La souffrance qu\u2019elles endurent encore aujourd\u2019hui est un \u00e9cho de ce qui a fait l\u2019objet de ce proc\u00e8s \u00bb, a-t-il soulign\u00e9. Depuis avril 2023, une nouvelle guerre civile entre les forces arm\u00e9es soudanaises (SAF) et les forces paramilitaires de soutien rapide (RSF), consid\u00e9r\u00e9es comme issues de la milice Janjaweed, d\u00e9vaste en effet le Soudan et en particulier le Darfour, reproduisant des crimes tels que les attaques de civils et le viol en tant qu\u2019arme de guerre.<\/p>\n\n\n\n<h2 class=\"wp-block-heading\" id=\"h-souvent-l-idee-la-plus-simple-est-la-bonne\">\u00ab Souvent, l\u2019id\u00e9e la plus simple est la bonne \u00bb<\/h2>\n\n\n\n<p>Au cours de la premi\u00e8re journ\u00e9e de plaidoiries, le procureur Julian Nicholls a r\u00e9pondu \u00e0 l\u2019argument de la d\u00e9fense selon lequel le gouvernement soudanais avait tent\u00e9 d\u2019utiliser Abd-Al-Rahman \u2013 en ouvrant en 2004 une enqu\u00eate contre lui \u2013&nbsp;pour d\u00e9tourner l\u2019attention d\u2019el-B\u00e9chir et d\u2019autres hauts responsables. Selon Nicholls, cela \u00ab n\u2019a pas \u00e9t\u00e9 tr\u00e8s efficace \u00bb, car le Soudan n\u2019a pas remis l\u2019accus\u00e9 \u00e0 la CPI, ajoutant que s\u2019il avait bien \u00e9t\u00e9 pi\u00e9g\u00e9 et utilis\u00e9 comme bouc \u00e9missaire, \u00ab pour que cette conspiration fonctionne \u00bb, elle aurait d\u00fb impliquer \u00ab le syst\u00e8me judiciaire soudanais, Radio Dabanga, Facebook, tous les t\u00e9moins de l\u2019accusation... \u00bb<\/p>\n\n\n\n<p>L\u2019avocat de la d\u00e9fense Cyril Laucci affichait un sourire narquois et l\u2019accus\u00e9 gardait le regard fixe, tandis que Nicholls qualifiait d\u2019\u00ab absurde \u00bb et de \u00ab tout \u00e0 fait farfelue \u00bb la th\u00e8se de la d\u00e9fense selon laquelle il n\u2019est pas Ali Kosheib et n\u2019a utilis\u00e9 ce surnom que pour attirer l\u2019attention de la cour lorsqu\u2019il \u00e9tait en danger : \u00ab Souvent, l\u2019id\u00e9e la plus simple est la bonne, il a dit que son surnom \u00e9tait Ali Kosheib parce que c\u2019\u00e9tait vrai \u00bb, a soutenu Nicholls.<\/p>\n\n\n\n<p>Selon lui, 16 t\u00e9moins de l\u2019accusation connaissaient l\u2019accus\u00e9 \u00e0 la fois sous son nom l\u00e9gal et sous son surnom, avant et apr\u00e8s le conflit. L\u2019un d\u2019eux, par exemple, le connaissait depuis cinq ans avant le conflit et se rendait r\u00e9guli\u00e8rement \u00e0 sa pharmacie \u00e0 Garsila, dans l\u2019ouest du Darfour. Elle a aussi montr\u00e9 une vid\u00e9o film\u00e9e apr\u00e8s la chute d\u2019el-B\u00e9chir en 2019, o\u00f9 Abd-Al-Rahman s\u2019adresse \u00e0 la foule en sa qualit\u00e9 d\u2019adjudant des forces de r\u00e9serve. \u00c0 la fin de son discours, on voit une personne le saluer en disant \u00ab vive Ali Kosheib \u00bb. L\u2019accusation a aussi montr\u00e9 une autre vid\u00e9o datant \u00ab&nbsp;d\u2019environ 2013 \u00bb, o\u00f9 l\u2019on voit l\u2019accus\u00e9 dire \u00e0 une foule de partisans qu\u2019il a des liens directs avec le pr\u00e9sident et qu\u2019il a tu\u00e9 de nombreuses personnes.<\/p>\n\n\n\n<p>La d\u00e9fense a fait valoir que ce surnom n\u2019a \u00e9t\u00e9 utilis\u00e9 qu\u2019apr\u00e8s le mandat d\u2019arr\u00eat d\u00e9livr\u00e9 par la CPI en 2007, et qu\u2019il ait \u00e9t\u00e9 alors adopt\u00e9 par la population. Pour Me Laucci, le procureur \u00ab n\u2019a pas prouv\u00e9 son identit\u00e9 de mani\u00e8re fiable \u00bb \u00e0 l\u2019aide de documents d\u2019\u00e9tat civil officiels.&nbsp;<\/p>\n\n\n\n<h2 class=\"wp-block-heading\" id=\"h-nbsp-frapper-des-detenus-avec-une-hache-nbsp\">\u00ab&nbsp;Frapper des d\u00e9tenus avec une hache&nbsp;\u00bb<\/h2>\n\n\n\n<p>Le procureur Edward Jeremy s\u2019est pour sa part concentr\u00e9 sur les attaques de Kodoom et de Bindisi d\u2019ao\u00fbt 2003, o\u00f9, selon lui, \u00ab l\u2019accus\u00e9 a ordonn\u00e9 et incit\u00e9 les forces Janjaweed sous son commandement \u00e0 commettre les crimes incrimin\u00e9s \u00bb. Des personnes ont \u00e9t\u00e9 assassin\u00e9es, tortur\u00e9es, chass\u00e9es et leurs biens ont \u00e9t\u00e9 br\u00fbl\u00e9s. Le viol \u00e9tait tr\u00e8s r\u00e9pandu et utilis\u00e9 \u00ab pour d\u00e9truire les femmes et les communaut\u00e9s dans leur ensemble \u00bb, a ajout\u00e9 Jeremy.<\/p>\n\n\n\n<p>Abd-Al-Rahman est aussi accus\u00e9 d\u2019avoir supervis\u00e9 et particip\u00e9 aux attaques de Mukjar et de Deleig, qui remontent \u00e0 la fin f\u00e9vrier et au mois de mars 2004, au cours desquelles environ 300 hommes Four ont \u00e9t\u00e9 d\u00e9tenus, dont un grand nombre ont \u00e9t\u00e9 embarqu\u00e9s dans des v\u00e9hicules et ex\u00e9cut\u00e9s sommairement. L\u2019accus\u00e9 aurait alors \u00ab frapp\u00e9 des d\u00e9tenus avec une hache \u00bb, a d\u00e9clar\u00e9 le procureur Laura Morris. Elle a soulign\u00e9 l\u2019importance de la pers\u00e9cution fond\u00e9e sur le sexe dans cette affaire : \u00ab Le sort [des victimes] a \u00e9t\u00e9 scell\u00e9 parce qu\u2019elles faisaient partie d\u2019un groupe cible. Les crit\u00e8res permettant de les identifier \u00e9taient les suivants : ethnie four, sexe masculin, \u00e2ge de combattre et origine ext\u00e9rieure \u00e0 Mukjar. Ils \u00e9taient d\u00e8s lors per\u00e7us comme rebelles ou sympathisants \u00bb alors qu\u2019ils cherchaient \u00e0 fuir les combats.<\/p>\n\n\n\n<p>\u00ab Les preuves d\u00e9montrent syst\u00e9matiquement qu\u2019Abd-Al-Rahman \u00e9tait le commandant Janjaweed le plus haut plac\u00e9 dans les localit\u00e9s de Wadi Salih et de Mukjar au Darfour occidental \u00bb, a d\u00e9clar\u00e9 Jeremy, ajoutant que l\u2019accus\u00e9 semblait contr\u00f4ler environ 2 500 hommes. Le procureur a fait valoir qu\u2019il avait pu atteindre cette position gr\u00e2ce \u00e0 l\u2019autorit\u00e9 qu\u2019il exer\u00e7ait dans la r\u00e9gion et \u00e0 son exp\u00e9rience militaire de plusieurs dizaines d\u2019ann\u00e9es. Rappelant son passage dans l\u2019arm\u00e9e soudanaise et la formation au droit international humanitaire dispens\u00e9e aux responsables de l\u2019arm\u00e9e, Jeremy a estim\u00e9 que l\u2019accus\u00e9 \u00e9tait conscient de l\u2019ill\u00e9galit\u00e9 de ses actes et du fait qu\u2019il \u00ab pouvait s\u2019attendre \u00e0 \u00eatre poursuivi \u00bb.<\/p>\n\n\n\n<h2 class=\"wp-block-heading\" id=\"h-1-592-victimes-participantes\">1 592 victimes participantes<\/h2>\n\n\n\n<p>Puis ce fut au tour des victimes de s\u2019exprimer. Dans une vid\u00e9o granuleuse envoy\u00e9e en octobre et rediffus\u00e9e, Harun, un survivant des attaques pr\u00e9sum\u00e9es contre Bindisi, parle des diff\u00e9rentes tribus qui vivaient en paix, jusqu\u2019\u00e0 ce qu\u2019elles se retournent les unes contre les autres avec brutalit\u00e9 : \u00ab Imaginez que quelqu\u2019un que vous connaissez vous attaque en raison de votre appartenance ethnique\u00a0\u00bb, s\u2019est-il exclam\u00e9. L\u2019avocate principale des victimes, Natalie Von Wistinghausen, a soulign\u00e9 qu\u2019une condamnation pour le crime contre l\u2019humanit\u00e9 de pers\u00e9cution d'hommes fond\u00e9e sur le genre serait une premi\u00e8re \u00e0 la CPI.<\/p>\n\n\n\n<p>Me Von Wistinghausen a voulu saluer les Darfouris qui suivaient les audiences de la CPI depuis le camp de Kalma et de l\u2019autre c\u00f4t\u00e9 de la fronti\u00e8re, au Tchad, gr\u00e2ce \u00e0 une rediffusion organis\u00e9e des agents locaux de la Cour. \u00ab C\u2019est en leur nom que nous nous adressons \u00e0 vous \u00bb, a-t-elle d\u00e9clar\u00e9 aux juges, ajoutant que chacune des 1.592 victimes participantes au proc\u00e8s avait \u00ab&nbsp;des points de vue, des histoires, des chagrins et des espoirs uniques&nbsp;\u00bb. \u00ab Les victimes ont soulign\u00e9 que l\u2019impunit\u00e9 totale pour les crimes de masse pr\u00e9tendument commis pendant le conflit de 2003 et 2004 a permis aux m\u00eames acteurs de s\u2019accrocher au pouvoir et de plonger le Soudan tout entier dans la d\u00e9vastation \u00bb, a-t-elle d\u00e9clar\u00e9.<\/p>\n\n\n\n<p>En s\u2019appuyant sur leurs r\u00e9cits, certains racont\u00e9s dans des vid\u00e9os pixellis\u00e9es et d\u2019autres lus dans des d\u00e9clarations, Me von Wistinghausen a parl\u00e9 de l\u2019impact d\u00e9vastateur du conflit sur les victimes : les gens ont \u00e9t\u00e9 arrach\u00e9s \u00e0 leurs terres ancestrales, les femmes qui ont subi des viols ont souvent \u00e9t\u00e9 stigmatis\u00e9es, les enfants sont morts de faim et ceux qui grandissent aujourd\u2019hui dans les camps manquent d\u2019\u00e9ducation, de nourriture et de soins. Avant la guerre, \u00ab la vie \u00e9tait belle, pleine de joie. Aujourd\u2019hui, nous vivons dispers\u00e9s \u00bb, a d\u00e9clar\u00e9 Harun, aujourd\u2019hui d\u00e9plac\u00e9 \u00e0 Deleig, un camp situ\u00e9 dans l\u2019ouest du Darfour. Les attentes des victimes comprennent la justice, l\u2019obligation de rendre des comptes, des proc\u00e9dures rapides et le r\u00e9tablissement de leurs droits et de leurs terres, a conclu Me von Wistinghausen.<\/p>\n\n\n\n<h2 class=\"wp-block-heading\" id=\"h-pas-un-janjawid-encore-moins-un-chef\">\u00ab Pas un Janjawid, encore moins un chef \u00bb<\/h2>\n\n\n\n<p>\u00ab Rendre justice aux victimes ne peut se faire au prix de la condamnation d\u2019un innocent \u00bb, a entam\u00e9 l\u2019avocat de la d\u00e9fense Laucci en joignant solennellement les mains et en s\u2019adressant aux juges en fran\u00e7ais, \u00e0 un rythme qui laissait souvent les interpr\u00e8tes \u00e0 bout de souffle. Pendant le reste de la deuxi\u00e8me journ\u00e9e de plaidoiries finales et la matin\u00e9e suivante, il a r\u00e9p\u00e9t\u00e9 qu\u2019il s\u2019agit \u00ab de l\u2019histoire d\u2019un homme simple, Abd-Al-Rahman \u00bb, propri\u00e9taire d\u2019une pharmacie, \u00ab rien de grandiose : quatre murs, un \u00e9tal au march\u00e9 \u00bb, retrait\u00e9 de l\u2019arm\u00e9e o\u00f9 il a servi comme infirmier. Apr\u00e8s la p\u00e9riode des faits qui lui sont reproch\u00e9s, il est retourn\u00e9 dans les forces centrales de r\u00e9serve o\u00f9 il n\u2019a jamais atteint de haut grade. \u00ab Il \u00e9tait un petit poisson, ce que l\u2019on appelle une \u2018livre de chair\u2019 dans Le Marchand de Venise.&nbsp;\u00bb<\/p>\n\n\n\n<p>Selon Me Laucci, son client \u00ab n\u2019\u00e9tait pas un Janjawid, encore moins un chef \u00bb, et il n\u2019avait aucun contr\u00f4le sur la perp\u00e9tration des crimes reproch\u00e9s. Il a fait valoir qu\u2019\u00e0 l\u2019\u00e9poque du conflit, il \u00e9tait trop \u00e2g\u00e9 pour y participer et que le chef de sa tribu, les Ta\u2019aisha, avait refus\u00e9 de se joindre \u00e0 la contre-insurrection. Celle-ci \u00e9tait men\u00e9e par une tribu rivale qui \u00ab aurait pr\u00e9f\u00e9r\u00e9 lui trancher la gorge plut\u00f4t que de l\u2019avoir comme chef \u00bb, a d\u00e9clar\u00e9 Me Laucci.&nbsp;<\/p>\n\n\n\n<p>La d\u00e9fense a fait appel \u00e0 20 t\u00e9moins, venus en grande partie affirmer que la tribu de l\u2019accus\u00e9 n\u2019a pas particip\u00e9 \u00e0 la contre-insurrection et qu\u2019Abd-Al-Rahman \u00e9tait un homme respect\u00e9 et respectable portant des valeurs d\u2019unit\u00e9 entre les tribus. Pour Me Laucci, l\u2019accusation n\u2019a pas r\u00e9ussi \u00e0 \u00e9tablir par ailleurs que l\u2019accus\u00e9 avait agi en connaissance de la loi et a conclu que \u00ab l\u2019\u00e9l\u00e9ment moral [de connaissance de la loi]&nbsp;faisant d\u00e9faut pour toutes les accusations de crimes, la chambre devrait prononcer un acquittement total \u00bb.&nbsp;<\/p>\n\n\n\n<h2 class=\"wp-block-heading\" id=\"h-les-mots-d-un-simple-citoyen-soudanais-nbsp\">\u00ab Les mots d\u2019un simple citoyen soudanais&nbsp;\u00bb<\/h2>\n\n\n\n<p>Apr\u00e8s trois jours pass\u00e9s assis \u00e0 \u00e9couter, presque sans expression, Abd-Al-Rahman a \u00e9t\u00e9 invit\u00e9 \u00e0 s\u2019exprimer le troisi\u00e8me jour, lisant une feuille de papier tenue serr\u00e9e entre ses mains. \u00ab Les mots d\u2019un simple citoyen soudanais qui a rejoint l\u2019arm\u00e9e \u00e0 l\u2019\u00e2ge de 15 ans \u00bb, a-t-il d\u00e9clar\u00e9. Il parle \u00e0 son tour de sa pharmacie, o\u00f9 il soignait dit-il toutes les tribus, y compris les Four, et de la contre-insurrection, qu\u2019il qualifie de \u2018terrifiante\u2019.<\/p>\n\n\n\n<p>\u00ab Je viens de la zone de conflit du Darfour \u00bb, a d\u00e9clar\u00e9 le journaliste soudanais pr\u00e9sent \u00e0 l\u2019audience de la CPI. \u00ab Je me souviens que lorsqu\u2019ils ont annonc\u00e9 les accusations, les gens \u00e9taient heureux, ils applaudissaient parce qu\u2019ils pensaient que l\u2019affaire prendrait peu de temps. Mais aujourd\u2019hui, 20 ans plus tard, les victimes sont toujours dans une situation tr\u00e8s difficile \u00bb.<\/p>\n\n\n\n<p>Niemat Ahmadi, d\u00e9fenseuse soudanaise des droits humains rencontr\u00e9e \u00e0 La Haye en dehors du proc\u00e8s, a d\u00e9clar\u00e9 \u00e0 Justice Info que ce proc\u00e8s \u00ab est historique, car au Soudan, nous avons v\u00e9cu sans qu\u2019aucun fonctionnaire ne soit tenu pour responsable des crimes commis contre des citoyens \u00bb. Ahmadi esp\u00e8re que d\u2019autres proc\u00e8s suivront.<\/p>\n\n\n<div class=\"articleLink articleLink--editorRecommanded articleLink--textInImage articleLink--textTop\" style=\"\">\r\n\t\t\t\t\t\r\n\t\t\t<div class=\"articleLinkSurTitle\">Recommand\u00e9 par la r\u00e9daction<\/div>\r\n\t\t\t<a class=\"articleLinkImageLink\" href=\"https:\/\/www.justiceinfo.net\/fr\/116628-soudan-qui-a-aide-les-accuses-de-la-cpi-a-faire-le-mur.html\"><div class=\"articleLinkImageContainer \"><img loading=\"lazy\" decoding=\"async\" width=\"540\" height=\"360\" src=\"https:\/\/www.justiceinfo.net\/wp-content\/uploads\/Sudan_Kober-prison-Bashir_@Ebrahim-Hamid-AFP-540x360.jpg\" class=\"articleLinkImage backgroundImageTag w-100 wp-post-image\" alt=\"La prison de Kober au Soudan d\u00e9tenait des accus\u00e9s de la Cour p\u00e9nale internationale (CPI) avant qu&#039;ils ne disparaissent. S&#039;agit-il d&#039;une \u00e9vasion ou d&#039;une lib\u00e9ration ?\" srcset=\"\" sizes=\"auto, (max-width: 540px) 100vw, 540px\" \/><\/div><\/a>\r\n\t\t\t<a href=\"https:\/\/www.justiceinfo.net\/fr\/116628-soudan-qui-a-aide-les-accuses-de-la-cpi-a-faire-le-mur.html\" class=\"articleLinkTitle articleLinkTitle--default\">\r\n\t\t\tSoudan\u00a0: qui a aid\u00e9 les accus\u00e9s de la CPI \u00e0 faire le mur\u00a0?\r\n\t\t<\/a>\r\n\t\t\r\n\t\t\t\t<\/div>\n","protected":false},"excerpt":{"rendered":"<p>Le premier proc\u00e8s \u00e0 la Cour p\u00e9nale internationale des crimes commis au Darfour (Soudan) s\u2019est achev\u00e9, 20 ans apr\u00e8s les faits reproch\u00e9s. Lors des plaidoiries finales, du 11 au 13 d\u00e9cembre 2024, le procureur a affirm\u00e9 que l\u2019accus\u00e9, chef pr\u00e9sum\u00e9 de milice du Darfour qui aurait op\u00e9r\u00e9 sous le nom d\u2019\u00ab Ali Kosheib \u00bb, a [&hellip;]<\/p>\n","protected":false},"author":97,"featured_media":139625,"comment_status":"open","ping_status":"closed","sticky":false,"template":"","format":"standard","meta":{"_acf_changed":false,"footnotes":""},"categories":[570],"tags":[3023,2647,2674,3271],"ji_location":[2486],"class_list":["post-139621","post","type-post","status-publish","format-standard","has-post-thumbnail","hentry","category-cpi","tag-ali-kosheib","tag-crime-contre-lhumanite","tag-crime-de-guerre","tag-darfour","ji_location-soudan"],"acf":[],"yoast_head":"<!-- This site is optimized with the Yoast SEO Premium plugin v25.3.1 (Yoast SEO v25.3.1) - https:\/\/yoast.com\/wordpress\/plugins\/seo\/ -->\n<title>Darfour\u00a0: le premier proc\u00e8s s\u2019ach\u00e8ve \u00e0 la CPI<\/title>\n<meta name=\"description\" content=\"Le premier proc\u00e8s \u00e0 la Cour p\u00e9nale internationale (CPI) des crimes commis au Darfour (Soudan) s\u2019est achev\u00e9. 20 ans apr\u00e8s les faits reproch\u00e9s \u00e0 &quot;Ali Kosheib&quot;, l&#039;accusation et la d\u00e9fense ont pr\u00e9sent\u00e9 leur plaidoiries finales.\" \/>\n<meta name=\"robots\" content=\"index, follow, max-snippet:-1, max-image-preview:large, max-video-preview:-1\" \/>\n<link rel=\"canonical\" href=\"https:\/\/www.justiceinfo.net\/fr\/139621-darfour-premier-proces-sacheve-cpi.html\" \/>\n<meta property=\"og:locale\" content=\"fr_FR\" \/>\n<meta property=\"og:type\" content=\"article\" \/>\n<meta property=\"og:title\" content=\"Darfour\u00a0: le premier proc\u00e8s s\u2019ach\u00e8ve \u00e0 la CPI\" \/>\n<meta property=\"og:description\" content=\"Le premier proc\u00e8s \u00e0 la Cour p\u00e9nale internationale (CPI) des crimes commis au Darfour (Soudan) s\u2019est achev\u00e9. 20 ans apr\u00e8s les faits reproch\u00e9s \u00e0 &quot;Ali Kosheib&quot;, l&#039;accusation et la d\u00e9fense ont pr\u00e9sent\u00e9 leur plaidoiries finales.\" \/>\n<meta property=\"og:url\" content=\"https:\/\/www.justiceinfo.net\/fr\/139621-darfour-premier-proces-sacheve-cpi.html\" \/>\n<meta property=\"og:site_name\" content=\"JusticeInfo.net\" \/>\n<meta property=\"article:publisher\" content=\"https:\/\/www.facebook.com\/JusticeInfo\/\" \/>\n<meta property=\"article:published_time\" content=\"2024-12-19T12:56:28+00:00\" \/>\n<meta property=\"article:modified_time\" content=\"2024-12-23T17:07:35+00:00\" \/>\n<meta property=\"og:image\" content=\"https:\/\/www.justiceinfo.net\/wp-content\/uploads\/Sudan_Kushayb-Abd-Al-Arhman-international-criminal-court_\u00a9ICC-CPI.jpg\" \/>\n\t<meta property=\"og:image:width\" content=\"1616\" \/>\n\t<meta property=\"og:image:height\" content=\"1077\" \/>\n\t<meta property=\"og:image:type\" content=\"image\/jpeg\" \/>\n<meta name=\"author\" content=\"Margherita Capacci\" \/>\n<meta name=\"twitter:card\" content=\"summary_large_image\" \/>\n<meta name=\"twitter:creator\" content=\"@MargheritaCapa3\" \/>\n<meta name=\"twitter:site\" content=\"@justiceinfonet\" \/>\n<meta name=\"twitter:label1\" content=\"\u00c9crit par\" \/>\n\t<meta name=\"twitter:data1\" content=\"Margherita Capacci\" \/>\n\t<meta name=\"twitter:label2\" content=\"Dur\u00e9e de lecture estim\u00e9e\" \/>\n\t<meta name=\"twitter:data2\" content=\"13 minutes\" \/>\n<script type=\"application\/ld+json\" class=\"yoast-schema-graph\">{\"@context\":\"https:\/\/schema.org\",\"@graph\":[{\"@type\":\"NewsArticle\",\"@id\":\"https:\/\/www.justiceinfo.net\/fr\/139621-darfour-premier-proces-sacheve-cpi.html#article\",\"isPartOf\":{\"@id\":\"https:\/\/www.justiceinfo.net\/fr\/139621-darfour-premier-proces-sacheve-cpi.html\"},\"author\":{\"name\":\"Margherita Capacci\",\"@id\":\"https:\/\/www.justiceinfo.net\/fr#\/schema\/person\/4ca36917f8c61d75291a0c5dd9b78bd0\"},\"headline\":\"Darfour\u00a0: le premier proc\u00e8s s\u2019ach\u00e8ve \u00e0 la CPI\",\"datePublished\":\"2024-12-19T12:56:28+00:00\",\"dateModified\":\"2024-12-23T17:07:35+00:00\",\"mainEntityOfPage\":{\"@id\":\"https:\/\/www.justiceinfo.net\/fr\/139621-darfour-premier-proces-sacheve-cpi.html\"},\"wordCount\":2781,\"commentCount\":0,\"publisher\":{\"@id\":\"https:\/\/www.justiceinfo.net\/fr#organization\"},\"image\":{\"@id\":\"https:\/\/www.justiceinfo.net\/fr\/139621-darfour-premier-proces-sacheve-cpi.html#primaryimage\"},\"thumbnailUrl\":\"https:\/\/www.justiceinfo.net\/wp-content\/uploads\/Sudan_Kushayb-Abd-Al-Arhman-international-criminal-court_\u00a9ICC-CPI.jpg\",\"keywords\":[\"Ali Kosheib\",\"crime contre l&#039;humanit\u00e9\",\"crime de guerre\",\"Darfour\"],\"articleSection\":[\"CPI\"],\"inLanguage\":\"fr-FR\",\"potentialAction\":[{\"@type\":\"CommentAction\",\"name\":\"Comment\",\"target\":[\"https:\/\/www.justiceinfo.net\/fr\/139621-darfour-premier-proces-sacheve-cpi.html#respond\"]}]},{\"@type\":\"WebPage\",\"@id\":\"https:\/\/www.justiceinfo.net\/fr\/139621-darfour-premier-proces-sacheve-cpi.html\",\"url\":\"https:\/\/www.justiceinfo.net\/fr\/139621-darfour-premier-proces-sacheve-cpi.html\",\"name\":\"Darfour\u00a0: le premier proc\u00e8s s\u2019ach\u00e8ve \u00e0 la CPI\",\"isPartOf\":{\"@id\":\"https:\/\/www.justiceinfo.net\/fr#website\"},\"primaryImageOfPage\":{\"@id\":\"https:\/\/www.justiceinfo.net\/fr\/139621-darfour-premier-proces-sacheve-cpi.html#primaryimage\"},\"image\":{\"@id\":\"https:\/\/www.justiceinfo.net\/fr\/139621-darfour-premier-proces-sacheve-cpi.html#primaryimage\"},\"thumbnailUrl\":\"https:\/\/www.justiceinfo.net\/wp-content\/uploads\/Sudan_Kushayb-Abd-Al-Arhman-international-criminal-court_\u00a9ICC-CPI.jpg\",\"datePublished\":\"2024-12-19T12:56:28+00:00\",\"dateModified\":\"2024-12-23T17:07:35+00:00\",\"description\":\"Le premier proc\u00e8s \u00e0 la Cour p\u00e9nale internationale (CPI) des crimes commis au Darfour (Soudan) s\u2019est achev\u00e9. 20 ans apr\u00e8s les faits reproch\u00e9s \u00e0 \\\"Ali Kosheib\\\", l'accusation et la d\u00e9fense ont pr\u00e9sent\u00e9 leur plaidoiries finales.\",\"breadcrumb\":{\"@id\":\"https:\/\/www.justiceinfo.net\/fr\/139621-darfour-premier-proces-sacheve-cpi.html#breadcrumb\"},\"inLanguage\":\"fr-FR\",\"potentialAction\":[{\"@type\":\"ReadAction\",\"target\":[\"https:\/\/www.justiceinfo.net\/fr\/139621-darfour-premier-proces-sacheve-cpi.html\"]}]},{\"@type\":\"ImageObject\",\"inLanguage\":\"fr-FR\",\"@id\":\"https:\/\/www.justiceinfo.net\/fr\/139621-darfour-premier-proces-sacheve-cpi.html#primaryimage\",\"url\":\"https:\/\/www.justiceinfo.net\/wp-content\/uploads\/Sudan_Kushayb-Abd-Al-Arhman-international-criminal-court_\u00a9ICC-CPI.jpg\",\"contentUrl\":\"https:\/\/www.justiceinfo.net\/wp-content\/uploads\/Sudan_Kushayb-Abd-Al-Arhman-international-criminal-court_\u00a9ICC-CPI.jpg\",\"width\":1616,\"height\":1077,\"caption\":\"Le proc\u00e8s du Soudanais Ali Muhammad Ali Abd-Al-Rahman, \u00e2g\u00e9 de 76 ans, s'est achev\u00e9 devant la Cour p\u00e9nale internationale (CPI) vendredi 13 d\u00e9cembre 2024. Photo : \u00a9 ICC-CPI\"},{\"@type\":\"BreadcrumbList\",\"@id\":\"https:\/\/www.justiceinfo.net\/fr\/139621-darfour-premier-proces-sacheve-cpi.html#breadcrumb\",\"itemListElement\":[{\"@type\":\"ListItem\",\"position\":1,\"name\":\"Home\",\"item\":\"https:\/\/www.justiceinfo.net\/fr\"},{\"@type\":\"ListItem\",\"position\":2,\"name\":\"Darfour\u00a0: le premier proc\u00e8s s\u2019ach\u00e8ve \u00e0 la CPI\"}]},{\"@type\":\"WebSite\",\"@id\":\"https:\/\/www.justiceinfo.net\/fr#website\",\"url\":\"https:\/\/www.justiceinfo.net\/fr\",\"name\":\"JusticeInfo.net\",\"description\":\"La justice doit \u00eatre vue pour \u00eatre rendue\",\"publisher\":{\"@id\":\"https:\/\/www.justiceinfo.net\/fr#organization\"},\"potentialAction\":[{\"@type\":\"SearchAction\",\"target\":{\"@type\":\"EntryPoint\",\"urlTemplate\":\"https:\/\/www.justiceinfo.net\/fr?s={search_term_string}\"},\"query-input\":{\"@type\":\"PropertyValueSpecification\",\"valueRequired\":true,\"valueName\":\"search_term_string\"}}],\"inLanguage\":\"fr-FR\"},{\"@type\":\"Organization\",\"@id\":\"https:\/\/www.justiceinfo.net\/fr#organization\",\"name\":\"Justice Info\",\"url\":\"https:\/\/www.justiceinfo.net\/fr\",\"logo\":{\"@type\":\"ImageObject\",\"inLanguage\":\"fr-FR\",\"@id\":\"https:\/\/www.justiceinfo.net\/fr#\/schema\/logo\/image\/\",\"url\":\"https:\/\/www.justiceinfo.net\/wp-content\/uploads\/justiceinfo_logo-trans_1200x1200px.png\",\"contentUrl\":\"https:\/\/www.justiceinfo.net\/wp-content\/uploads\/justiceinfo_logo-trans_1200x1200px.png\",\"width\":1199,\"height\":1200,\"caption\":\"Justice Info\"},\"image\":{\"@id\":\"https:\/\/www.justiceinfo.net\/fr#\/schema\/logo\/image\/\"},\"sameAs\":[\"https:\/\/www.facebook.com\/JusticeInfo\/\",\"https:\/\/x.com\/justiceinfonet\",\"https:\/\/www.linkedin.com\/company\/justice-info\",\"https:\/\/www.youtube.com\/channel\/UCyCEsARodyuWtkWyhn-e7pA\"]},{\"@type\":\"Person\",\"name\":\"Margherita Capacci\",\"sameAs\":[\"https:\/\/x.com\/MargheritaCapa3\"],\"url\":\"https:\/\/www.justiceinfo.net\/fr\/auteur\/margheritacapacci\"}]}<\/script>\n<!-- \/ Yoast SEO Premium plugin. -->","yoast_head_json":{"title":"Darfour\u00a0: le premier proc\u00e8s s\u2019ach\u00e8ve \u00e0 la CPI","description":"Le premier proc\u00e8s \u00e0 la Cour p\u00e9nale internationale (CPI) des crimes commis au Darfour (Soudan) s\u2019est achev\u00e9. 20 ans apr\u00e8s les faits reproch\u00e9s \u00e0 \"Ali Kosheib\", l'accusation et la d\u00e9fense ont pr\u00e9sent\u00e9 leur plaidoiries finales.","robots":{"index":"index","follow":"follow","max-snippet":"max-snippet:-1","max-image-preview":"max-image-preview:large","max-video-preview":"max-video-preview:-1"},"canonical":"https:\/\/www.justiceinfo.net\/fr\/139621-darfour-premier-proces-sacheve-cpi.html","og_locale":"fr_FR","og_type":"article","og_title":"Darfour\u00a0: le premier proc\u00e8s s\u2019ach\u00e8ve \u00e0 la CPI","og_description":"Le premier proc\u00e8s \u00e0 la Cour p\u00e9nale internationale (CPI) des crimes commis au Darfour (Soudan) s\u2019est achev\u00e9. 20 ans apr\u00e8s les faits reproch\u00e9s \u00e0 \"Ali Kosheib\", l'accusation et la d\u00e9fense ont pr\u00e9sent\u00e9 leur plaidoiries finales.","og_url":"https:\/\/www.justiceinfo.net\/fr\/139621-darfour-premier-proces-sacheve-cpi.html","og_site_name":"JusticeInfo.net","article_publisher":"https:\/\/www.facebook.com\/JusticeInfo\/","article_published_time":"2024-12-19T12:56:28+00:00","article_modified_time":"2024-12-23T17:07:35+00:00","og_image":[{"width":1616,"height":1077,"url":"https:\/\/www.justiceinfo.net\/wp-content\/uploads\/Sudan_Kushayb-Abd-Al-Arhman-international-criminal-court_\u00a9ICC-CPI.jpg","type":"image\/jpeg"}],"author":"Margherita Capacci","twitter_card":"summary_large_image","twitter_creator":"@MargheritaCapa3","twitter_site":"@justiceinfonet","twitter_misc":{"\u00c9crit par":"Margherita Capacci","Dur\u00e9e de lecture estim\u00e9e":"13 minutes"},"schema":{"@context":"https:\/\/schema.org","@graph":[{"@type":"NewsArticle","@id":"https:\/\/www.justiceinfo.net\/fr\/139621-darfour-premier-proces-sacheve-cpi.html#article","isPartOf":{"@id":"https:\/\/www.justiceinfo.net\/fr\/139621-darfour-premier-proces-sacheve-cpi.html"},"author":{"name":"Margherita Capacci","@id":"https:\/\/www.justiceinfo.net\/fr#\/schema\/person\/4ca36917f8c61d75291a0c5dd9b78bd0"},"headline":"Darfour\u00a0: le premier proc\u00e8s s\u2019ach\u00e8ve \u00e0 la CPI","datePublished":"2024-12-19T12:56:28+00:00","dateModified":"2024-12-23T17:07:35+00:00","mainEntityOfPage":{"@id":"https:\/\/www.justiceinfo.net\/fr\/139621-darfour-premier-proces-sacheve-cpi.html"},"wordCount":2781,"commentCount":0,"publisher":{"@id":"https:\/\/www.justiceinfo.net\/fr#organization"},"image":{"@id":"https:\/\/www.justiceinfo.net\/fr\/139621-darfour-premier-proces-sacheve-cpi.html#primaryimage"},"thumbnailUrl":"https:\/\/www.justiceinfo.net\/wp-content\/uploads\/Sudan_Kushayb-Abd-Al-Arhman-international-criminal-court_\u00a9ICC-CPI.jpg","keywords":["Ali Kosheib","crime contre l&#039;humanit\u00e9","crime de guerre","Darfour"],"articleSection":["CPI"],"inLanguage":"fr-FR","potentialAction":[{"@type":"CommentAction","name":"Comment","target":["https:\/\/www.justiceinfo.net\/fr\/139621-darfour-premier-proces-sacheve-cpi.html#respond"]}]},{"@type":"WebPage","@id":"https:\/\/www.justiceinfo.net\/fr\/139621-darfour-premier-proces-sacheve-cpi.html","url":"https:\/\/www.justiceinfo.net\/fr\/139621-darfour-premier-proces-sacheve-cpi.html","name":"Darfour\u00a0: le premier proc\u00e8s s\u2019ach\u00e8ve \u00e0 la CPI","isPartOf":{"@id":"https:\/\/www.justiceinfo.net\/fr#website"},"primaryImageOfPage":{"@id":"https:\/\/www.justiceinfo.net\/fr\/139621-darfour-premier-proces-sacheve-cpi.html#primaryimage"},"image":{"@id":"https:\/\/www.justiceinfo.net\/fr\/139621-darfour-premier-proces-sacheve-cpi.html#primaryimage"},"thumbnailUrl":"https:\/\/www.justiceinfo.net\/wp-content\/uploads\/Sudan_Kushayb-Abd-Al-Arhman-international-criminal-court_\u00a9ICC-CPI.jpg","datePublished":"2024-12-19T12:56:28+00:00","dateModified":"2024-12-23T17:07:35+00:00","description":"Le premier proc\u00e8s \u00e0 la Cour p\u00e9nale internationale (CPI) des crimes commis au Darfour (Soudan) s\u2019est achev\u00e9. 20 ans apr\u00e8s les faits reproch\u00e9s \u00e0 \"Ali Kosheib\", l'accusation et la d\u00e9fense ont pr\u00e9sent\u00e9 leur plaidoiries finales.","breadcrumb":{"@id":"https:\/\/www.justiceinfo.net\/fr\/139621-darfour-premier-proces-sacheve-cpi.html#breadcrumb"},"inLanguage":"fr-FR","potentialAction":[{"@type":"ReadAction","target":["https:\/\/www.justiceinfo.net\/fr\/139621-darfour-premier-proces-sacheve-cpi.html"]}]},{"@type":"ImageObject","inLanguage":"fr-FR","@id":"https:\/\/www.justiceinfo.net\/fr\/139621-darfour-premier-proces-sacheve-cpi.html#primaryimage","url":"https:\/\/www.justiceinfo.net\/wp-content\/uploads\/Sudan_Kushayb-Abd-Al-Arhman-international-criminal-court_\u00a9ICC-CPI.jpg","contentUrl":"https:\/\/www.justiceinfo.net\/wp-content\/uploads\/Sudan_Kushayb-Abd-Al-Arhman-international-criminal-court_\u00a9ICC-CPI.jpg","width":1616,"height":1077,"caption":"Le proc\u00e8s du Soudanais Ali Muhammad Ali Abd-Al-Rahman, \u00e2g\u00e9 de 76 ans, s'est achev\u00e9 devant la Cour p\u00e9nale internationale (CPI) vendredi 13 d\u00e9cembre 2024. Photo : \u00a9 ICC-CPI"},{"@type":"BreadcrumbList","@id":"https:\/\/www.justiceinfo.net\/fr\/139621-darfour-premier-proces-sacheve-cpi.html#breadcrumb","itemListElement":[{"@type":"ListItem","position":1,"name":"Home","item":"https:\/\/www.justiceinfo.net\/fr"},{"@type":"ListItem","position":2,"name":"Darfour\u00a0: le premier proc\u00e8s s\u2019ach\u00e8ve \u00e0 la CPI"}]},{"@type":"WebSite","@id":"https:\/\/www.justiceinfo.net\/fr#website","url":"https:\/\/www.justiceinfo.net\/fr","name":"JusticeInfo.net","description":"La justice doit \u00eatre vue pour \u00eatre rendue","publisher":{"@id":"https:\/\/www.justiceinfo.net\/fr#organization"},"potentialAction":[{"@type":"SearchAction","target":{"@type":"EntryPoint","urlTemplate":"https:\/\/www.justiceinfo.net\/fr?s={search_term_string}"},"query-input":{"@type":"PropertyValueSpecification","valueRequired":true,"valueName":"search_term_string"}}],"inLanguage":"fr-FR"},{"@type":"Organization","@id":"https:\/\/www.justiceinfo.net\/fr#organization","name":"Justice Info","url":"https:\/\/www.justiceinfo.net\/fr","logo":{"@type":"ImageObject","inLanguage":"fr-FR","@id":"https:\/\/www.justiceinfo.net\/fr#\/schema\/logo\/image\/","url":"https:\/\/www.justiceinfo.net\/wp-content\/uploads\/justiceinfo_logo-trans_1200x1200px.png","contentUrl":"https:\/\/www.justiceinfo.net\/wp-content\/uploads\/justiceinfo_logo-trans_1200x1200px.png","width":1199,"height":1200,"caption":"Justice Info"},"image":{"@id":"https:\/\/www.justiceinfo.net\/fr#\/schema\/logo\/image\/"},"sameAs":["https:\/\/www.facebook.com\/JusticeInfo\/","https:\/\/x.com\/justiceinfonet","https:\/\/www.linkedin.com\/company\/justice-info","https:\/\/www.youtube.com\/channel\/UCyCEsARodyuWtkWyhn-e7pA"]},{"@type":"Person","name":"Margherita Capacci","sameAs":["https:\/\/x.com\/MargheritaCapa3"],"url":"https:\/\/www.justiceinfo.net\/fr\/auteur\/margheritacapacci"}]}},"_links":{"self":[{"href":"https:\/\/www.justiceinfo.net\/fr\/wp-json\/wp\/v2\/posts\/139621","targetHints":{"allow":["GET"]}}],"collection":[{"href":"https:\/\/www.justiceinfo.net\/fr\/wp-json\/wp\/v2\/posts"}],"about":[{"href":"https:\/\/www.justiceinfo.net\/fr\/wp-json\/wp\/v2\/types\/post"}],"author":[{"embeddable":true,"href":"https:\/\/www.justiceinfo.net\/fr\/wp-json\/wp\/v2\/users\/97"}],"replies":[{"embeddable":true,"href":"https:\/\/www.justiceinfo.net\/fr\/wp-json\/wp\/v2\/comments?post=139621"}],"version-history":[{"count":9,"href":"https:\/\/www.justiceinfo.net\/fr\/wp-json\/wp\/v2\/posts\/139621\/revisions"}],"predecessor-version":[{"id":139847,"href":"https:\/\/www.justiceinfo.net\/fr\/wp-json\/wp\/v2\/posts\/139621\/revisions\/139847"}],"wp:featuredmedia":[{"embeddable":true,"href":"https:\/\/www.justiceinfo.net\/fr\/wp-json\/wp\/v2\/media\/139625"}],"wp:attachment":[{"href":"https:\/\/www.justiceinfo.net\/fr\/wp-json\/wp\/v2\/media?parent=139621"}],"wp:term":[{"taxonomy":"category","embeddable":true,"href":"https:\/\/www.justiceinfo.net\/fr\/wp-json\/wp\/v2\/categories?post=139621"},{"taxonomy":"post_tag","embeddable":true,"href":"https:\/\/www.justiceinfo.net\/fr\/wp-json\/wp\/v2\/tags?post=139621"},{"taxonomy":"ji_location","embeddable":true,"href":"https:\/\/www.justiceinfo.net\/fr\/wp-json\/wp\/v2\/ji_location?post=139621"}],"curies":[{"name":"wp","href":"https:\/\/api.w.org\/{rel}","templated":true}]}}