{"id":14046,"date":"2012-01-27T00:00:00","date_gmt":"2012-01-26T23:00:00","guid":{"rendered":"https:\/\/www.justiceinfo.net\/14046-270112-rwandagenocide-ce-que-dit-le-discours-de-leon-mugesera-a-kabaya-3.html"},"modified":"2012-01-27T00:00:00","modified_gmt":"2012-01-26T23:00:00","slug":"270112-rwandagenocide-ce-que-dit-le-discours-de-leon-mugesera-a-kabaya-3","status":"publish","type":"post","link":"https:\/\/www.justiceinfo.net\/fr\/14046-270112-rwandagenocide-ce-que-dit-le-discours-de-leon-mugesera-a-kabaya-3.html","title":{"rendered":"27.01.12 - RWANDA\/GENOCIDE - CE QUE DIT LE DISCOURS DE LEON MUGESERA A KABAYA"},"content":{"rendered":"<\/p>\n<p >\nWashington, 27 janvier 2012 (FH) - Le 22 novembre 1992, L&eacute;on Mugesera, repr&eacute;sentant du parti pr&eacute;sidentiel pour la r&eacute;gion de Gisenyi, prononce un discours devant un millier de militants du MRND r&eacute;unis &agrave; Kabaya, une bourgade du Nord-Ouest du pays.\n<\/p>\n<p >\n<p><!--more--><\/p>\n<p >\nPr&egrave;s de vingt ans plus tard et apr&egrave;s 16 ann&eacute;es de combat judiciaire, il vient d'&ecirc;tre extrad&eacute; par le Canada et emprisonn&eacute; &agrave; Kigali, essentiellement pour les mots prononc&eacute;s ce jour- l&agrave;.\n<\/p>\n<p >\nEn 2005, la Cour supr&ecirc;me canadienne a en effet jug&eacute; que ce discours incitait &agrave; la haine, &agrave; la violence et au meurtre, estimant que L&eacute;on Mugesera avait &laquo; commis un crime contre l'humanit&eacute; &raquo;.\n<\/p>\n<p >\nPour parvenir &agrave; cette conclusion, la Cour s'est bas&eacute;e sur la traduction fran&ccedil;aise du discours - enregistr&eacute; et film&eacute;, faite par Thomas Kamanzi, un universitaire rwandais travaillant dans un institut de recherche &agrave; Butare.\n<\/p>\n<p >\nD&eacute;crit par le sociologue et sp&eacute;cialiste du Rwanda Andr&eacute; Guichaoua comme un &laquo; parfait repr&eacute;sentant des int&eacute;r&ecirc;ts des caciques nordistes &raquo;, figure montante de la tendance dure du MRND, Mugesera avait l'habitude d'enflammer les foules lors de harangues populistes en kinyarwanda.\n<\/p>\n<p >\nCe 22 novembre 1992, un foulard du parti nou&eacute; autour du cou, en costume-cravate, les yeux dissimul&eacute;s par des lunettes aux verres fum&eacute;s, il improvise pendant trente minutes&nbsp; avec v&eacute;h&eacute;mence, le doigt lev&eacute;, devant trois micros et une cam&eacute;ra.\n<\/p>\n<p >\nL'essentiel de son intervention vise &agrave; expliquer &agrave; la foule comment &laquo; ne pas se laisser envahir &raquo; et comment &laquo; chasser les tra&icirc;tres &raquo; des autres partis politiques, coupables selon lui de connivence avec les &laquo; inyenzi &raquo;, les &laquo; cancrelats &raquo; du mouvement rebelle du Front patriotique rwandais &laquo; (FPR).\n<\/p>\n<p >\n&laquo; Si quelqu'un vient un jour s'installer dans ton enclos et y d&eacute;f&egrave;que, accepteras-tu encore r&eacute;ellement qu'il y revienne ? Cela est tout &agrave; fait interdit &raquo;, explique l'orateur, sugg&eacute;rant que les militants devraient chasser de leur r&eacute;gion les sympathisants de toutes les autres formations politiques. &laquo; Si on te donne une gifle sur une joue, tu leur en donneras deux sur une joue et ils s'effondreront par terre pour ne plus reprendre leurs esprits ! &raquo;, ajoute Mugesera pour faire bonne mesure.\n<\/p>\n<p >\nPlus loin, il s'en prend violemment &agrave; la ministre de l'Education Agathe Uwilingiyimana, puis au premier ministre de l'opposition Dismas Nsengiyaremye, dont il sugg&egrave;re qu'il soit traduit en justice pour &ecirc;tre condamn&eacute; &agrave; mort. &laquo; Pourquoi ne tuerait-on pas cet individu ? &raquo;, coupable selon lui de d&eacute;moraliser les forces arm&eacute;es.\n<\/p>\n<p >\nLe passage qui a &eacute;t&eacute; interpr&eacute;t&eacute; comme une incitation directe au massacre de Tutsis est prononc&eacute; vers la fin du discours. &laquo; Derni&egrave;rement, j'ai dit &agrave; quelqu'un qui venait de se vanter devant moi d'appartenir au P.L. Je lui ai dit : L'erreur que nous avons commise en 1959 est que, j'&eacute;tais encore un enfant, nous vous avons laiss&eacute;s sortir. Je lui ai demand&eacute; s'il n'a pas entendu raconter l'histoire des Falashas qui sont retourn&eacute;s chez eux en Isra&euml;l en provenance de l'Ethiopie ? Il m'a r&eacute;pondu qu'il n'en savait rien ! Je lui ai dit : &laquo; Ne sais-tu pas donc ni &eacute;couter ni lire ? Moi, je te fais savoir que chez toi c'est en Ethiopie, que nous vous y ferons passer par la Nyabarongo pour que vous parveniez vite l&agrave;-bas &raquo;.\n<\/p>\n<p >\nEn 1994, des Tutsis furent jet&eacute;s, vivants ou morts, dans la rivi&egrave;re Nyabarongo, un des affluents du Nil.\n<\/p>\n<p >\nR&eacute;sumant sa pens&eacute;e, Mugesera conclue &laquo; Sachez que celui &agrave; qui vous ne couperez pas le cou, c'est celui- l&egrave; m&ecirc;me qui vous le coupera &raquo;.\n<\/p>\n<p >\nTrois jours apr&egrave;s cette intervention, le ministre de la Justice - poste alors occup&eacute; par un membre de l'opposition - d&eacute;livre un mandat d'amener contre L&eacute;on Mugesera, qui s'enfuit au Za&iuml;re. Il gagnera finalement le Qu&eacute;bec o&ugrave; il obtiendra un statut de r&eacute;fugi&eacute; puis de r&eacute;sident permanent, qui sera contest&eacute; d&egrave;s 1995.\n<\/p>\n<p >\nGF\/ER&nbsp;&nbsp;\n<\/p>\n<p>\n&copy; Agence Hirondelle<\/p>\n","protected":false},"excerpt":{"rendered":"<p>Washington, 27 janvier 2012 (FH) - Le 22 novembre 1992, L&eacute;on Mugesera, repr&eacute;sentant du parti pr&eacute;sidentiel pour la r&eacute;gion de Gisenyi, prononce un discours devant un millier de militants du MRND r&eacute;unis &agrave; Kabaya, une bourgade du Nord-Ouest du pays.<\/p>\n","protected":false},"author":64,"featured_media":0,"comment_status":"open","ping_status":"closed","sticky":false,"template":"","format":"standard","meta":{"_acf_changed":false,"footnotes":""},"categories":[554],"tags":[],"ji_location":[],"class_list":["post-14046","post","type-post","status-publish","format-standard","hentry","category-hirondellenews"],"acf":[],"yoast_head":"<!-- This site is optimized with the Yoast SEO Premium plugin v25.3.1 (Yoast SEO v25.3.1) - https:\/\/yoast.com\/wordpress\/plugins\/seo\/ -->\n<title>27.01.12 - RWANDA\/GENOCIDE - CE QUE DIT LE DISCOURS DE LEON MUGESERA A KABAYA - JusticeInfo.net<\/title>\n<meta name=\"robots\" content=\"index, follow, max-snippet:-1, max-image-preview:large, max-video-preview:-1\" \/>\n<link rel=\"canonical\" href=\"https:\/\/www.justiceinfo.net\/fr\/14046-270112-rwandagenocide-ce-que-dit-le-discours-de-leon-mugesera-a-kabaya-3.html\" \/>\n<meta property=\"og:locale\" content=\"fr_FR\" \/>\n<meta property=\"og:type\" content=\"article\" \/>\n<meta property=\"og:title\" content=\"27.01.12 - RWANDA\/GENOCIDE - CE QUE DIT LE DISCOURS DE LEON MUGESERA A KABAYA\" \/>\n<meta property=\"og:description\" content=\"Washington, 27 janvier 2012 (FH) - Le 22 novembre 1992, L&eacute;on Mugesera, repr&eacute;sentant du parti pr&eacute;sidentiel pour la r&eacute;gion de Gisenyi, prononce un discours devant un millier de militants du MRND r&eacute;unis &agrave; Kabaya, une bourgade du Nord-Ouest du pays.\" \/>\n<meta property=\"og:url\" content=\"https:\/\/www.justiceinfo.net\/fr\/14046-270112-rwandagenocide-ce-que-dit-le-discours-de-leon-mugesera-a-kabaya-3.html\" \/>\n<meta property=\"og:site_name\" content=\"JusticeInfo.net\" \/>\n<meta property=\"article:publisher\" content=\"https:\/\/www.facebook.com\/JusticeInfo\/\" \/>\n<meta property=\"article:published_time\" content=\"2012-01-26T23:00:00+00:00\" \/>\n<meta property=\"og:image\" content=\"https:\/\/www.justiceinfo.net\/wp-content\/uploads\/JusticeInfoNet_logo_1200x630px.jpg\" \/>\n\t<meta property=\"og:image:width\" content=\"1200\" \/>\n\t<meta property=\"og:image:height\" content=\"630\" \/>\n\t<meta property=\"og:image:type\" content=\"image\/jpeg\" \/>\n<meta name=\"author\" content=\"solivri\" \/>\n<meta name=\"twitter:card\" content=\"summary_large_image\" \/>\n<meta name=\"twitter:creator\" content=\"@justiceinfonet\" \/>\n<meta name=\"twitter:site\" content=\"@justiceinfonet\" \/>\n<meta name=\"twitter:label1\" content=\"\u00c9crit par\" \/>\n\t<meta name=\"twitter:data1\" content=\"solivri\" \/>\n\t<meta name=\"twitter:label2\" content=\"Dur\u00e9e de lecture estim\u00e9e\" \/>\n\t<meta name=\"twitter:data2\" content=\"4 minutes\" \/>\n<script type=\"application\/ld+json\" class=\"yoast-schema-graph\">{\"@context\":\"https:\/\/schema.org\",\"@graph\":[{\"@type\":\"NewsArticle\",\"@id\":\"https:\/\/www.justiceinfo.net\/fr\/14046-270112-rwandagenocide-ce-que-dit-le-discours-de-leon-mugesera-a-kabaya-3.html#article\",\"isPartOf\":{\"@id\":\"https:\/\/www.justiceinfo.net\/fr\/14046-270112-rwandagenocide-ce-que-dit-le-discours-de-leon-mugesera-a-kabaya-3.html\"},\"author\":{\"name\":\"solivri\",\"@id\":\"https:\/\/www.justiceinfo.net\/fr#\/schema\/person\/6e53cba1629e2e66f3fc1821d3091865\"},\"headline\":\"27.01.12 - RWANDA\/GENOCIDE - CE QUE DIT LE DISCOURS DE LEON MUGESERA A KABAYA\",\"datePublished\":\"2012-01-26T23:00:00+00:00\",\"mainEntityOfPage\":{\"@id\":\"https:\/\/www.justiceinfo.net\/fr\/14046-270112-rwandagenocide-ce-que-dit-le-discours-de-leon-mugesera-a-kabaya-3.html\"},\"wordCount\":802,\"commentCount\":0,\"publisher\":{\"@id\":\"https:\/\/www.justiceinfo.net\/fr#organization\"},\"articleSection\":[\"Hirondelle News\"],\"inLanguage\":\"fr-FR\",\"potentialAction\":[{\"@type\":\"CommentAction\",\"name\":\"Comment\",\"target\":[\"https:\/\/www.justiceinfo.net\/fr\/14046-270112-rwandagenocide-ce-que-dit-le-discours-de-leon-mugesera-a-kabaya-3.html#respond\"]}]},{\"@type\":\"WebPage\",\"@id\":\"https:\/\/www.justiceinfo.net\/fr\/14046-270112-rwandagenocide-ce-que-dit-le-discours-de-leon-mugesera-a-kabaya-3.html\",\"url\":\"https:\/\/www.justiceinfo.net\/fr\/14046-270112-rwandagenocide-ce-que-dit-le-discours-de-leon-mugesera-a-kabaya-3.html\",\"name\":\"27.01.12 - RWANDA\/GENOCIDE - CE QUE DIT LE DISCOURS DE LEON MUGESERA A KABAYA - JusticeInfo.net\",\"isPartOf\":{\"@id\":\"https:\/\/www.justiceinfo.net\/fr#website\"},\"datePublished\":\"2012-01-26T23:00:00+00:00\",\"breadcrumb\":{\"@id\":\"https:\/\/www.justiceinfo.net\/fr\/14046-270112-rwandagenocide-ce-que-dit-le-discours-de-leon-mugesera-a-kabaya-3.html#breadcrumb\"},\"inLanguage\":\"fr-FR\",\"potentialAction\":[{\"@type\":\"ReadAction\",\"target\":[\"https:\/\/www.justiceinfo.net\/fr\/14046-270112-rwandagenocide-ce-que-dit-le-discours-de-leon-mugesera-a-kabaya-3.html\"]}]},{\"@type\":\"BreadcrumbList\",\"@id\":\"https:\/\/www.justiceinfo.net\/fr\/14046-270112-rwandagenocide-ce-que-dit-le-discours-de-leon-mugesera-a-kabaya-3.html#breadcrumb\",\"itemListElement\":[{\"@type\":\"ListItem\",\"position\":1,\"name\":\"Home\",\"item\":\"https:\/\/www.justiceinfo.net\/fr\"},{\"@type\":\"ListItem\",\"position\":2,\"name\":\"27.01.12 - RWANDA\/GENOCIDE - CE QUE DIT LE DISCOURS DE LEON MUGESERA A KABAYA\"}]},{\"@type\":\"WebSite\",\"@id\":\"https:\/\/www.justiceinfo.net\/fr#website\",\"url\":\"https:\/\/www.justiceinfo.net\/fr\",\"name\":\"JusticeInfo.net\",\"description\":\"La justice doit \u00eatre vue pour \u00eatre rendue\",\"publisher\":{\"@id\":\"https:\/\/www.justiceinfo.net\/fr#organization\"},\"potentialAction\":[{\"@type\":\"SearchAction\",\"target\":{\"@type\":\"EntryPoint\",\"urlTemplate\":\"https:\/\/www.justiceinfo.net\/fr?s={search_term_string}\"},\"query-input\":{\"@type\":\"PropertyValueSpecification\",\"valueRequired\":true,\"valueName\":\"search_term_string\"}}],\"inLanguage\":\"fr-FR\"},{\"@type\":\"Organization\",\"@id\":\"https:\/\/www.justiceinfo.net\/fr#organization\",\"name\":\"Justice Info\",\"url\":\"https:\/\/www.justiceinfo.net\/fr\",\"logo\":{\"@type\":\"ImageObject\",\"inLanguage\":\"fr-FR\",\"@id\":\"https:\/\/www.justiceinfo.net\/fr#\/schema\/logo\/image\/\",\"url\":\"https:\/\/www.justiceinfo.net\/wp-content\/uploads\/justiceinfo_logo-trans_1200x1200px.png\",\"contentUrl\":\"https:\/\/www.justiceinfo.net\/wp-content\/uploads\/justiceinfo_logo-trans_1200x1200px.png\",\"width\":1199,\"height\":1200,\"caption\":\"Justice Info\"},\"image\":{\"@id\":\"https:\/\/www.justiceinfo.net\/fr#\/schema\/logo\/image\/\"},\"sameAs\":[\"https:\/\/www.facebook.com\/JusticeInfo\/\",\"https:\/\/x.com\/justiceinfonet\",\"https:\/\/www.linkedin.com\/company\/justice-info\",\"https:\/\/www.youtube.com\/channel\/UCyCEsARodyuWtkWyhn-e7pA\"]},{\"@type\":\"Person\",\"name\":\"solivri\",\"url\":\"\/fr\/?s=solivri\"}]}<\/script>\n<!-- \/ Yoast SEO Premium plugin. -->","yoast_head_json":{"title":"27.01.12 - RWANDA\/GENOCIDE - CE QUE DIT LE DISCOURS DE LEON MUGESERA A KABAYA - JusticeInfo.net","robots":{"index":"index","follow":"follow","max-snippet":"max-snippet:-1","max-image-preview":"max-image-preview:large","max-video-preview":"max-video-preview:-1"},"canonical":"https:\/\/www.justiceinfo.net\/fr\/14046-270112-rwandagenocide-ce-que-dit-le-discours-de-leon-mugesera-a-kabaya-3.html","og_locale":"fr_FR","og_type":"article","og_title":"27.01.12 - RWANDA\/GENOCIDE - CE QUE DIT LE DISCOURS DE LEON MUGESERA A KABAYA","og_description":"Washington, 27 janvier 2012 (FH) - Le 22 novembre 1992, L&eacute;on Mugesera, repr&eacute;sentant du parti pr&eacute;sidentiel pour la r&eacute;gion de Gisenyi, prononce un discours devant un millier de militants du MRND r&eacute;unis &agrave; Kabaya, une bourgade du Nord-Ouest du pays.","og_url":"https:\/\/www.justiceinfo.net\/fr\/14046-270112-rwandagenocide-ce-que-dit-le-discours-de-leon-mugesera-a-kabaya-3.html","og_site_name":"JusticeInfo.net","article_publisher":"https:\/\/www.facebook.com\/JusticeInfo\/","article_published_time":"2012-01-26T23:00:00+00:00","og_image":[{"width":1200,"height":630,"url":"https:\/\/www.justiceinfo.net\/wp-content\/uploads\/JusticeInfoNet_logo_1200x630px.jpg","type":"image\/jpeg"}],"author":"solivri","twitter_card":"summary_large_image","twitter_creator":"@justiceinfonet","twitter_site":"@justiceinfonet","twitter_misc":{"\u00c9crit par":"solivri","Dur\u00e9e de lecture estim\u00e9e":"4 minutes"},"schema":{"@context":"https:\/\/schema.org","@graph":[{"@type":"NewsArticle","@id":"https:\/\/www.justiceinfo.net\/fr\/14046-270112-rwandagenocide-ce-que-dit-le-discours-de-leon-mugesera-a-kabaya-3.html#article","isPartOf":{"@id":"https:\/\/www.justiceinfo.net\/fr\/14046-270112-rwandagenocide-ce-que-dit-le-discours-de-leon-mugesera-a-kabaya-3.html"},"author":{"name":"solivri","@id":"https:\/\/www.justiceinfo.net\/fr#\/schema\/person\/6e53cba1629e2e66f3fc1821d3091865"},"headline":"27.01.12 - RWANDA\/GENOCIDE - CE QUE DIT LE DISCOURS DE LEON MUGESERA A KABAYA","datePublished":"2012-01-26T23:00:00+00:00","mainEntityOfPage":{"@id":"https:\/\/www.justiceinfo.net\/fr\/14046-270112-rwandagenocide-ce-que-dit-le-discours-de-leon-mugesera-a-kabaya-3.html"},"wordCount":802,"commentCount":0,"publisher":{"@id":"https:\/\/www.justiceinfo.net\/fr#organization"},"articleSection":["Hirondelle News"],"inLanguage":"fr-FR","potentialAction":[{"@type":"CommentAction","name":"Comment","target":["https:\/\/www.justiceinfo.net\/fr\/14046-270112-rwandagenocide-ce-que-dit-le-discours-de-leon-mugesera-a-kabaya-3.html#respond"]}]},{"@type":"WebPage","@id":"https:\/\/www.justiceinfo.net\/fr\/14046-270112-rwandagenocide-ce-que-dit-le-discours-de-leon-mugesera-a-kabaya-3.html","url":"https:\/\/www.justiceinfo.net\/fr\/14046-270112-rwandagenocide-ce-que-dit-le-discours-de-leon-mugesera-a-kabaya-3.html","name":"27.01.12 - RWANDA\/GENOCIDE - CE QUE DIT LE DISCOURS DE LEON MUGESERA A KABAYA - JusticeInfo.net","isPartOf":{"@id":"https:\/\/www.justiceinfo.net\/fr#website"},"datePublished":"2012-01-26T23:00:00+00:00","breadcrumb":{"@id":"https:\/\/www.justiceinfo.net\/fr\/14046-270112-rwandagenocide-ce-que-dit-le-discours-de-leon-mugesera-a-kabaya-3.html#breadcrumb"},"inLanguage":"fr-FR","potentialAction":[{"@type":"ReadAction","target":["https:\/\/www.justiceinfo.net\/fr\/14046-270112-rwandagenocide-ce-que-dit-le-discours-de-leon-mugesera-a-kabaya-3.html"]}]},{"@type":"BreadcrumbList","@id":"https:\/\/www.justiceinfo.net\/fr\/14046-270112-rwandagenocide-ce-que-dit-le-discours-de-leon-mugesera-a-kabaya-3.html#breadcrumb","itemListElement":[{"@type":"ListItem","position":1,"name":"Home","item":"https:\/\/www.justiceinfo.net\/fr"},{"@type":"ListItem","position":2,"name":"27.01.12 - RWANDA\/GENOCIDE - CE QUE DIT LE DISCOURS DE LEON MUGESERA A KABAYA"}]},{"@type":"WebSite","@id":"https:\/\/www.justiceinfo.net\/fr#website","url":"https:\/\/www.justiceinfo.net\/fr","name":"JusticeInfo.net","description":"La justice doit \u00eatre vue pour \u00eatre rendue","publisher":{"@id":"https:\/\/www.justiceinfo.net\/fr#organization"},"potentialAction":[{"@type":"SearchAction","target":{"@type":"EntryPoint","urlTemplate":"https:\/\/www.justiceinfo.net\/fr?s={search_term_string}"},"query-input":{"@type":"PropertyValueSpecification","valueRequired":true,"valueName":"search_term_string"}}],"inLanguage":"fr-FR"},{"@type":"Organization","@id":"https:\/\/www.justiceinfo.net\/fr#organization","name":"Justice Info","url":"https:\/\/www.justiceinfo.net\/fr","logo":{"@type":"ImageObject","inLanguage":"fr-FR","@id":"https:\/\/www.justiceinfo.net\/fr#\/schema\/logo\/image\/","url":"https:\/\/www.justiceinfo.net\/wp-content\/uploads\/justiceinfo_logo-trans_1200x1200px.png","contentUrl":"https:\/\/www.justiceinfo.net\/wp-content\/uploads\/justiceinfo_logo-trans_1200x1200px.png","width":1199,"height":1200,"caption":"Justice Info"},"image":{"@id":"https:\/\/www.justiceinfo.net\/fr#\/schema\/logo\/image\/"},"sameAs":["https:\/\/www.facebook.com\/JusticeInfo\/","https:\/\/x.com\/justiceinfonet","https:\/\/www.linkedin.com\/company\/justice-info","https:\/\/www.youtube.com\/channel\/UCyCEsARodyuWtkWyhn-e7pA"]},{"@type":"Person","name":"solivri","url":"\/fr\/?s=solivri"}]}},"_links":{"self":[{"href":"https:\/\/www.justiceinfo.net\/fr\/wp-json\/wp\/v2\/posts\/14046","targetHints":{"allow":["GET"]}}],"collection":[{"href":"https:\/\/www.justiceinfo.net\/fr\/wp-json\/wp\/v2\/posts"}],"about":[{"href":"https:\/\/www.justiceinfo.net\/fr\/wp-json\/wp\/v2\/types\/post"}],"author":[{"embeddable":true,"href":"https:\/\/www.justiceinfo.net\/fr\/wp-json\/wp\/v2\/users\/64"}],"replies":[{"embeddable":true,"href":"https:\/\/www.justiceinfo.net\/fr\/wp-json\/wp\/v2\/comments?post=14046"}],"version-history":[{"count":0,"href":"https:\/\/www.justiceinfo.net\/fr\/wp-json\/wp\/v2\/posts\/14046\/revisions"}],"wp:attachment":[{"href":"https:\/\/www.justiceinfo.net\/fr\/wp-json\/wp\/v2\/media?parent=14046"}],"wp:term":[{"taxonomy":"category","embeddable":true,"href":"https:\/\/www.justiceinfo.net\/fr\/wp-json\/wp\/v2\/categories?post=14046"},{"taxonomy":"post_tag","embeddable":true,"href":"https:\/\/www.justiceinfo.net\/fr\/wp-json\/wp\/v2\/tags?post=14046"},{"taxonomy":"ji_location","embeddable":true,"href":"https:\/\/www.justiceinfo.net\/fr\/wp-json\/wp\/v2\/ji_location?post=14046"}],"curies":[{"name":"wp","href":"https:\/\/api.w.org\/{rel}","templated":true}]}}