{"id":14158,"date":"2012-03-01T00:00:00","date_gmt":"2012-02-29T23:00:00","guid":{"rendered":"https:\/\/www.justiceinfo.net\/14158-010312-onumri-nomination-du-president-et-du-procureur-du-mecanisme-residuel.html"},"modified":"2012-03-01T00:00:00","modified_gmt":"2012-02-29T23:00:00","slug":"010312-onumri-nomination-du-president-et-du-procureur-du-mecanisme-residuel","status":"publish","type":"post","link":"https:\/\/www.justiceinfo.net\/fr\/14158-010312-onumri-nomination-du-president-et-du-procureur-du-mecanisme-residuel.html","title":{"rendered":"01.03.12 - ONU\/MRI - NOMINATION DU PRESIDENT ET DU PROCUREUR DU MECANISME RESIDUEL"},"content":{"rendered":"<p >\nArusha, 1er mars 2012 (FH) - Les Nations Unies ont nomm&eacute; mercredi le pr&eacute;sident et le procureur du M&eacute;canisme international charg&eacute; d'exercer les fonctions r&eacute;siduelles des Tribunaux p&eacute;naux internationaux pour l'ex-Yougoslavie et le Rwanda, selon un communiqu&eacute; de l'ONU re&ccedil;u jeudi &agrave; l'agence Hirondelle.\n<\/p>\n<p >\n<p >\n<p><!--more--><\/p>\n<p >\nL'Am&eacute;ricain Theodor Meron, actuellement pr&eacute;sident du TPIY, devient de surcro&icirc;t pr&eacute;sident du M&eacute;canisme, tandis que le Gambien Hassan Bubacar Jallow, actuellement procureur du TPIR, est d&eacute;sign&eacute; procureur du M&eacute;canisme.\n<\/p>\n<p >\n<p >\nConform&eacute;ment aux statuts du M&eacute;canisme, Theodor Meron a &eacute;t&eacute; nomm&eacute; par le secr&eacute;taire g&eacute;n&eacute;ral Ban Ki-moon apr&egrave;s consultation du pr&eacute;sident du Conseil de s&eacute;curit&eacute; et des juges du M&eacute;canisme, tandis que Jallow a &eacute;t&eacute; nomm&eacute; par le Conseil de s&eacute;curit&eacute;.\n<\/p>\n<p >\n<p >\nLes deux hommes sont nomm&eacute;s pour un mandat de quatre ans qui d&eacute;bute ce jeudi 1er mars et continueront d'exercer leurs fonctions au TPIR et au TPIY.\n<\/p>\n<p >\n<p >\nLe M&eacute;canisme r&eacute;siduel a &eacute;t&eacute; cr&eacute;&eacute; par la r&eacute;solution 1966 vot&eacute;e par le Conseil de s&eacute;curit&eacute; en d&eacute;cembre 2010.\n<\/p>\n<p >\n<p >\nLa nouvelle structure, qui sera d'une pr&egrave;s petite taille, aura pour t&acirc;ches de mener &agrave; bien un certain nombre de fonctions essentielles du TPIY et du TPIR apr&egrave;s la fermeture des deux tribunaux, pr&eacute;vue en d&eacute;cembre 2014.\n<\/p>\n<p >\n<p >\nElle comprendra deux divisions, &agrave; Arusha et &agrave; La Haye. La branche d'Arusha entrera en fonctions le 1er juillet prochain et celle de La Haye une ann&eacute;e plus tard.\n<\/p>\n<p >\n<p >\nLe pr&eacute;sident et le procureur devront &ecirc;tre pr&eacute;sents au si&egrave;ge de l'une ou l'autre des divisions du M&eacute;canisme, selon les exigences de leurs fonctions.\n<\/p>\n<p >\n<p >\nBan Ki-moon a d&eacute;j&agrave; nomm&eacute; en janvier l'Australien John Hocking au poste de greffier du M&eacute;canisme.\n<\/p>\n<p >\n<p >\nER\/GF\n<\/p>\n<p >\n<p>\n&copy; Agence Hirondelle<\/p>\n","protected":false},"excerpt":{"rendered":"<p>Arusha, 1er mars 2012 (FH) - Les Nations Unies ont nomm&eacute; mercredi le pr&eacute;sident et le procureur du M&eacute;canisme international charg&eacute; d'exercer les fonctions r&eacute;siduelles des Tribunaux p&eacute;naux internationaux pour l'ex-Yougoslavie et le Rwanda, selon un communiqu&eacute; de l'ONU re&ccedil;u jeudi &agrave; l'agence Hirondelle.<\/p>\n","protected":false},"author":64,"featured_media":0,"comment_status":"open","ping_status":"closed","sticky":false,"template":"","format":"standard","meta":{"_acf_changed":false,"footnotes":""},"categories":[554],"tags":[],"ji_location":[],"class_list":["post-14158","post","type-post","status-publish","format-standard","hentry","category-hirondellenews"],"acf":[],"yoast_head":"<!-- This site is optimized with the Yoast SEO Premium plugin v25.3.1 (Yoast SEO v25.3.1) - https:\/\/yoast.com\/wordpress\/plugins\/seo\/ -->\n<title>01.03.12 - ONU\/MRI - NOMINATION DU PRESIDENT ET DU PROCUREUR DU MECANISME RESIDUEL - JusticeInfo.net<\/title>\n<meta name=\"robots\" content=\"index, follow, max-snippet:-1, max-image-preview:large, max-video-preview:-1\" \/>\n<link rel=\"canonical\" href=\"https:\/\/www.justiceinfo.net\/fr\/14158-010312-onumri-nomination-du-president-et-du-procureur-du-mecanisme-residuel.html\" \/>\n<meta property=\"og:locale\" content=\"fr_FR\" \/>\n<meta property=\"og:type\" content=\"article\" \/>\n<meta property=\"og:title\" content=\"01.03.12 - ONU\/MRI - NOMINATION DU PRESIDENT ET DU PROCUREUR DU MECANISME RESIDUEL\" \/>\n<meta property=\"og:description\" content=\"Arusha, 1er mars 2012 (FH) - Les Nations Unies ont nomm&eacute; mercredi le pr&eacute;sident et le procureur du M&eacute;canisme international charg&eacute; d&#039;exercer les fonctions r&eacute;siduelles des Tribunaux p&eacute;naux internationaux pour l&#039;ex-Yougoslavie et le Rwanda, selon un communiqu&eacute; de l&#039;ONU re&ccedil;u jeudi &agrave; l&#039;agence Hirondelle.\" \/>\n<meta property=\"og:url\" content=\"https:\/\/www.justiceinfo.net\/fr\/14158-010312-onumri-nomination-du-president-et-du-procureur-du-mecanisme-residuel.html\" \/>\n<meta property=\"og:site_name\" content=\"JusticeInfo.net\" \/>\n<meta property=\"article:publisher\" content=\"https:\/\/www.facebook.com\/JusticeInfo\/\" \/>\n<meta property=\"article:published_time\" content=\"2012-02-29T23:00:00+00:00\" \/>\n<meta property=\"og:image\" content=\"https:\/\/www.justiceinfo.net\/wp-content\/uploads\/JusticeInfoNet_logo_1200x630px.jpg\" \/>\n\t<meta property=\"og:image:width\" content=\"1200\" \/>\n\t<meta property=\"og:image:height\" content=\"630\" \/>\n\t<meta property=\"og:image:type\" content=\"image\/jpeg\" \/>\n<meta name=\"author\" content=\"solivri\" \/>\n<meta name=\"twitter:card\" content=\"summary_large_image\" \/>\n<meta name=\"twitter:creator\" content=\"@justiceinfonet\" \/>\n<meta name=\"twitter:site\" content=\"@justiceinfonet\" \/>\n<meta name=\"twitter:label1\" content=\"\u00c9crit par\" \/>\n\t<meta name=\"twitter:data1\" content=\"solivri\" \/>\n\t<meta name=\"twitter:label2\" content=\"Dur\u00e9e de lecture estim\u00e9e\" \/>\n\t<meta name=\"twitter:data2\" content=\"2 minutes\" \/>\n<script type=\"application\/ld+json\" class=\"yoast-schema-graph\">{\"@context\":\"https:\/\/schema.org\",\"@graph\":[{\"@type\":\"NewsArticle\",\"@id\":\"https:\/\/www.justiceinfo.net\/fr\/14158-010312-onumri-nomination-du-president-et-du-procureur-du-mecanisme-residuel.html#article\",\"isPartOf\":{\"@id\":\"https:\/\/www.justiceinfo.net\/fr\/14158-010312-onumri-nomination-du-president-et-du-procureur-du-mecanisme-residuel.html\"},\"author\":{\"name\":\"solivri\",\"@id\":\"https:\/\/www.justiceinfo.net\/fr#\/schema\/person\/6e53cba1629e2e66f3fc1821d3091865\"},\"headline\":\"01.03.12 - ONU\/MRI - NOMINATION DU PRESIDENT ET DU PROCUREUR DU MECANISME RESIDUEL\",\"datePublished\":\"2012-02-29T23:00:00+00:00\",\"mainEntityOfPage\":{\"@id\":\"https:\/\/www.justiceinfo.net\/fr\/14158-010312-onumri-nomination-du-president-et-du-procureur-du-mecanisme-residuel.html\"},\"wordCount\":394,\"commentCount\":0,\"publisher\":{\"@id\":\"https:\/\/www.justiceinfo.net\/fr#organization\"},\"articleSection\":[\"Hirondelle News\"],\"inLanguage\":\"fr-FR\",\"potentialAction\":[{\"@type\":\"CommentAction\",\"name\":\"Comment\",\"target\":[\"https:\/\/www.justiceinfo.net\/fr\/14158-010312-onumri-nomination-du-president-et-du-procureur-du-mecanisme-residuel.html#respond\"]}]},{\"@type\":\"WebPage\",\"@id\":\"https:\/\/www.justiceinfo.net\/fr\/14158-010312-onumri-nomination-du-president-et-du-procureur-du-mecanisme-residuel.html\",\"url\":\"https:\/\/www.justiceinfo.net\/fr\/14158-010312-onumri-nomination-du-president-et-du-procureur-du-mecanisme-residuel.html\",\"name\":\"01.03.12 - ONU\/MRI - NOMINATION DU PRESIDENT ET DU PROCUREUR DU MECANISME RESIDUEL - JusticeInfo.net\",\"isPartOf\":{\"@id\":\"https:\/\/www.justiceinfo.net\/fr#website\"},\"datePublished\":\"2012-02-29T23:00:00+00:00\",\"breadcrumb\":{\"@id\":\"https:\/\/www.justiceinfo.net\/fr\/14158-010312-onumri-nomination-du-president-et-du-procureur-du-mecanisme-residuel.html#breadcrumb\"},\"inLanguage\":\"fr-FR\",\"potentialAction\":[{\"@type\":\"ReadAction\",\"target\":[\"https:\/\/www.justiceinfo.net\/fr\/14158-010312-onumri-nomination-du-president-et-du-procureur-du-mecanisme-residuel.html\"]}]},{\"@type\":\"BreadcrumbList\",\"@id\":\"https:\/\/www.justiceinfo.net\/fr\/14158-010312-onumri-nomination-du-president-et-du-procureur-du-mecanisme-residuel.html#breadcrumb\",\"itemListElement\":[{\"@type\":\"ListItem\",\"position\":1,\"name\":\"Home\",\"item\":\"https:\/\/www.justiceinfo.net\/fr\"},{\"@type\":\"ListItem\",\"position\":2,\"name\":\"01.03.12 - ONU\/MRI - NOMINATION DU PRESIDENT ET DU PROCUREUR DU MECANISME RESIDUEL\"}]},{\"@type\":\"WebSite\",\"@id\":\"https:\/\/www.justiceinfo.net\/fr#website\",\"url\":\"https:\/\/www.justiceinfo.net\/fr\",\"name\":\"JusticeInfo.net\",\"description\":\"La justice doit \u00eatre vue pour \u00eatre rendue\",\"publisher\":{\"@id\":\"https:\/\/www.justiceinfo.net\/fr#organization\"},\"potentialAction\":[{\"@type\":\"SearchAction\",\"target\":{\"@type\":\"EntryPoint\",\"urlTemplate\":\"https:\/\/www.justiceinfo.net\/fr?s={search_term_string}\"},\"query-input\":{\"@type\":\"PropertyValueSpecification\",\"valueRequired\":true,\"valueName\":\"search_term_string\"}}],\"inLanguage\":\"fr-FR\"},{\"@type\":\"Organization\",\"@id\":\"https:\/\/www.justiceinfo.net\/fr#organization\",\"name\":\"Justice Info\",\"url\":\"https:\/\/www.justiceinfo.net\/fr\",\"logo\":{\"@type\":\"ImageObject\",\"inLanguage\":\"fr-FR\",\"@id\":\"https:\/\/www.justiceinfo.net\/fr#\/schema\/logo\/image\/\",\"url\":\"https:\/\/www.justiceinfo.net\/wp-content\/uploads\/justiceinfo_logo-trans_1200x1200px.png\",\"contentUrl\":\"https:\/\/www.justiceinfo.net\/wp-content\/uploads\/justiceinfo_logo-trans_1200x1200px.png\",\"width\":1199,\"height\":1200,\"caption\":\"Justice Info\"},\"image\":{\"@id\":\"https:\/\/www.justiceinfo.net\/fr#\/schema\/logo\/image\/\"},\"sameAs\":[\"https:\/\/www.facebook.com\/JusticeInfo\/\",\"https:\/\/x.com\/justiceinfonet\",\"https:\/\/www.linkedin.com\/company\/justice-info\",\"https:\/\/www.youtube.com\/channel\/UCyCEsARodyuWtkWyhn-e7pA\"]},{\"@type\":\"Person\",\"name\":\"solivri\",\"url\":\"\/fr\/?s=solivri\"}]}<\/script>\n<!-- \/ Yoast SEO Premium plugin. -->","yoast_head_json":{"title":"01.03.12 - ONU\/MRI - NOMINATION DU PRESIDENT ET DU PROCUREUR DU MECANISME RESIDUEL - JusticeInfo.net","robots":{"index":"index","follow":"follow","max-snippet":"max-snippet:-1","max-image-preview":"max-image-preview:large","max-video-preview":"max-video-preview:-1"},"canonical":"https:\/\/www.justiceinfo.net\/fr\/14158-010312-onumri-nomination-du-president-et-du-procureur-du-mecanisme-residuel.html","og_locale":"fr_FR","og_type":"article","og_title":"01.03.12 - ONU\/MRI - NOMINATION DU PRESIDENT ET DU PROCUREUR DU MECANISME RESIDUEL","og_description":"Arusha, 1er mars 2012 (FH) - Les Nations Unies ont nomm&eacute; mercredi le pr&eacute;sident et le procureur du M&eacute;canisme international charg&eacute; d'exercer les fonctions r&eacute;siduelles des Tribunaux p&eacute;naux internationaux pour l'ex-Yougoslavie et le Rwanda, selon un communiqu&eacute; de l'ONU re&ccedil;u jeudi &agrave; l'agence Hirondelle.","og_url":"https:\/\/www.justiceinfo.net\/fr\/14158-010312-onumri-nomination-du-president-et-du-procureur-du-mecanisme-residuel.html","og_site_name":"JusticeInfo.net","article_publisher":"https:\/\/www.facebook.com\/JusticeInfo\/","article_published_time":"2012-02-29T23:00:00+00:00","og_image":[{"width":1200,"height":630,"url":"https:\/\/www.justiceinfo.net\/wp-content\/uploads\/JusticeInfoNet_logo_1200x630px.jpg","type":"image\/jpeg"}],"author":"solivri","twitter_card":"summary_large_image","twitter_creator":"@justiceinfonet","twitter_site":"@justiceinfonet","twitter_misc":{"\u00c9crit par":"solivri","Dur\u00e9e de lecture estim\u00e9e":"2 minutes"},"schema":{"@context":"https:\/\/schema.org","@graph":[{"@type":"NewsArticle","@id":"https:\/\/www.justiceinfo.net\/fr\/14158-010312-onumri-nomination-du-president-et-du-procureur-du-mecanisme-residuel.html#article","isPartOf":{"@id":"https:\/\/www.justiceinfo.net\/fr\/14158-010312-onumri-nomination-du-president-et-du-procureur-du-mecanisme-residuel.html"},"author":{"name":"solivri","@id":"https:\/\/www.justiceinfo.net\/fr#\/schema\/person\/6e53cba1629e2e66f3fc1821d3091865"},"headline":"01.03.12 - ONU\/MRI - NOMINATION DU PRESIDENT ET DU PROCUREUR DU MECANISME RESIDUEL","datePublished":"2012-02-29T23:00:00+00:00","mainEntityOfPage":{"@id":"https:\/\/www.justiceinfo.net\/fr\/14158-010312-onumri-nomination-du-president-et-du-procureur-du-mecanisme-residuel.html"},"wordCount":394,"commentCount":0,"publisher":{"@id":"https:\/\/www.justiceinfo.net\/fr#organization"},"articleSection":["Hirondelle News"],"inLanguage":"fr-FR","potentialAction":[{"@type":"CommentAction","name":"Comment","target":["https:\/\/www.justiceinfo.net\/fr\/14158-010312-onumri-nomination-du-president-et-du-procureur-du-mecanisme-residuel.html#respond"]}]},{"@type":"WebPage","@id":"https:\/\/www.justiceinfo.net\/fr\/14158-010312-onumri-nomination-du-president-et-du-procureur-du-mecanisme-residuel.html","url":"https:\/\/www.justiceinfo.net\/fr\/14158-010312-onumri-nomination-du-president-et-du-procureur-du-mecanisme-residuel.html","name":"01.03.12 - ONU\/MRI - NOMINATION DU PRESIDENT ET DU PROCUREUR DU MECANISME RESIDUEL - JusticeInfo.net","isPartOf":{"@id":"https:\/\/www.justiceinfo.net\/fr#website"},"datePublished":"2012-02-29T23:00:00+00:00","breadcrumb":{"@id":"https:\/\/www.justiceinfo.net\/fr\/14158-010312-onumri-nomination-du-president-et-du-procureur-du-mecanisme-residuel.html#breadcrumb"},"inLanguage":"fr-FR","potentialAction":[{"@type":"ReadAction","target":["https:\/\/www.justiceinfo.net\/fr\/14158-010312-onumri-nomination-du-president-et-du-procureur-du-mecanisme-residuel.html"]}]},{"@type":"BreadcrumbList","@id":"https:\/\/www.justiceinfo.net\/fr\/14158-010312-onumri-nomination-du-president-et-du-procureur-du-mecanisme-residuel.html#breadcrumb","itemListElement":[{"@type":"ListItem","position":1,"name":"Home","item":"https:\/\/www.justiceinfo.net\/fr"},{"@type":"ListItem","position":2,"name":"01.03.12 - ONU\/MRI - NOMINATION DU PRESIDENT ET DU PROCUREUR DU MECANISME RESIDUEL"}]},{"@type":"WebSite","@id":"https:\/\/www.justiceinfo.net\/fr#website","url":"https:\/\/www.justiceinfo.net\/fr","name":"JusticeInfo.net","description":"La justice doit \u00eatre vue pour \u00eatre rendue","publisher":{"@id":"https:\/\/www.justiceinfo.net\/fr#organization"},"potentialAction":[{"@type":"SearchAction","target":{"@type":"EntryPoint","urlTemplate":"https:\/\/www.justiceinfo.net\/fr?s={search_term_string}"},"query-input":{"@type":"PropertyValueSpecification","valueRequired":true,"valueName":"search_term_string"}}],"inLanguage":"fr-FR"},{"@type":"Organization","@id":"https:\/\/www.justiceinfo.net\/fr#organization","name":"Justice Info","url":"https:\/\/www.justiceinfo.net\/fr","logo":{"@type":"ImageObject","inLanguage":"fr-FR","@id":"https:\/\/www.justiceinfo.net\/fr#\/schema\/logo\/image\/","url":"https:\/\/www.justiceinfo.net\/wp-content\/uploads\/justiceinfo_logo-trans_1200x1200px.png","contentUrl":"https:\/\/www.justiceinfo.net\/wp-content\/uploads\/justiceinfo_logo-trans_1200x1200px.png","width":1199,"height":1200,"caption":"Justice Info"},"image":{"@id":"https:\/\/www.justiceinfo.net\/fr#\/schema\/logo\/image\/"},"sameAs":["https:\/\/www.facebook.com\/JusticeInfo\/","https:\/\/x.com\/justiceinfonet","https:\/\/www.linkedin.com\/company\/justice-info","https:\/\/www.youtube.com\/channel\/UCyCEsARodyuWtkWyhn-e7pA"]},{"@type":"Person","name":"solivri","url":"\/fr\/?s=solivri"}]}},"_links":{"self":[{"href":"https:\/\/www.justiceinfo.net\/fr\/wp-json\/wp\/v2\/posts\/14158","targetHints":{"allow":["GET"]}}],"collection":[{"href":"https:\/\/www.justiceinfo.net\/fr\/wp-json\/wp\/v2\/posts"}],"about":[{"href":"https:\/\/www.justiceinfo.net\/fr\/wp-json\/wp\/v2\/types\/post"}],"author":[{"embeddable":true,"href":"https:\/\/www.justiceinfo.net\/fr\/wp-json\/wp\/v2\/users\/64"}],"replies":[{"embeddable":true,"href":"https:\/\/www.justiceinfo.net\/fr\/wp-json\/wp\/v2\/comments?post=14158"}],"version-history":[{"count":0,"href":"https:\/\/www.justiceinfo.net\/fr\/wp-json\/wp\/v2\/posts\/14158\/revisions"}],"wp:attachment":[{"href":"https:\/\/www.justiceinfo.net\/fr\/wp-json\/wp\/v2\/media?parent=14158"}],"wp:term":[{"taxonomy":"category","embeddable":true,"href":"https:\/\/www.justiceinfo.net\/fr\/wp-json\/wp\/v2\/categories?post=14158"},{"taxonomy":"post_tag","embeddable":true,"href":"https:\/\/www.justiceinfo.net\/fr\/wp-json\/wp\/v2\/tags?post=14158"},{"taxonomy":"ji_location","embeddable":true,"href":"https:\/\/www.justiceinfo.net\/fr\/wp-json\/wp\/v2\/ji_location?post=14158"}],"curies":[{"name":"wp","href":"https:\/\/api.w.org\/{rel}","templated":true}]}}