{"id":14175,"date":"2012-02-07T00:00:00","date_gmt":"2012-02-06T23:00:00","guid":{"rendered":"https:\/\/www.justiceinfo.net\/14175-070212-rwandabelgique-trois-rwandais-liberes-sous-caution-par-la-justice-belge.html"},"modified":"2012-02-07T00:00:00","modified_gmt":"2012-02-06T23:00:00","slug":"070212-rwandabelgique-trois-rwandais-liberes-sous-caution-par-la-justice-belge","status":"publish","type":"post","link":"https:\/\/www.justiceinfo.net\/fr\/14175-070212-rwandabelgique-trois-rwandais-liberes-sous-caution-par-la-justice-belge.html","title":{"rendered":"07.02.12 - RWANDA\/BELGIQUE - TROIS RWANDAIS LIBERES SOUS CAUTION PAR LA JUSTICE BELGE"},"content":{"rendered":"<p>Bruxelles, 7 f&eacute;vrier 2012 (FH) - Trois des cinq Rwandais arr&ecirc;t&eacute;s il y a un an en Belgique pour leur participation pr&eacute;sum&eacute;e au g&eacute;nocide de 1994 ont &eacute;t&eacute; lib&eacute;r&eacute;s entre le 25 janvier et le 2 f&eacute;vrier, a appris mardi Hirondelle de sources judiciaires. Ils restent cependant soumis aux charges pesant contre eux.<br \/>\n<!--more--><\/p>\n<p >\n<p >\n<p >\nSelon le parquet f&eacute;d&eacute;ral, &laquo; la chambre a relev&eacute; l'existence d'indices de culpabilit&eacute; et a estim&eacute;, de ce fait, que les conditions de maintien en d&eacute;tention &eacute;taient r&eacute;unies. A moins de payer une caution.&raquo; Une source proche de ces dossiers explique: &laquo; &eacute;tant donn&eacute; la lenteur des enqu&ecirc;tes sur ces dossiers complexes, les juges ont arbitr&eacute; en faveur d'une lib&eacute;ration [provisoire] plut&ocirc;t que de risquer de bafouer les droits des accus&eacute;s en les gardant longtemps en prison &raquo;.\n<\/p>\n<p >\n<p >\nAucun proc&egrave;s n'est envisag&eacute; avant 2013.\n<\/p>\n<p >\n<p >\nLa chambre des mises en accusation de Bruxelles a ainsi ordonn&eacute;, le 24 janvier, la lib&eacute;ration de Jean-Marie Vianney Ndahimana, et, le 31 janvier, d'Ernest Gakwaya et d'Emmanuel Nkunzuwimye, tous trois inculp&eacute;s de crimes de guerre, de g&eacute;nocide et de crimes contre l'humanit&eacute; pour leur action suppos&eacute;e lors du g&eacute;nocide de 1994.\n<\/p>\n<p >\n<p >\nGakwaya et Nkunzuwimye, dits &laquo; Camarade &raquo; et &laquo; Bomboko &raquo;, 52 et 36 ans, pr&eacute;sent&eacute;s comme d'anciens Interahamwe, la principale milice impliqu&eacute;e dans les tueries de 1994, avaient &eacute;t&eacute; arr&ecirc;t&eacute;s fin mars 2011 et plac&eacute;s en d&eacute;tention pr&eacute;ventive. Quelques jours apr&egrave;s, Jean-Marie Vianney Ndahimana, ancien militaire, dit &laquo; Rumende&raquo;, &eacute;tait interpell&eacute; &agrave; son domicile.\n<\/p>\n<p >\n<p >\nLes juges ne statuaient pas sur le fond de l'affaire, mais sur la pertinence du maintien en d&eacute;tention, que contestaient les avocats depuis les arrestations de leurs clients. Cependant, pour ces derniers, c'est la rigueur des enqu&ecirc;tes qui est indirectement vis&eacute;e. &laquo; Cela sanctionne la m&eacute;thodologie du juge d'instruction, estime Me Gilles Vanderbeck, un des avocats de Gakwaya. D'abord on enqu&ecirc;te quelques ann&eacute;es &agrave; charge, puis on met les gens subitement en prison alors qu'ils sont au courant des accusations, pr&ecirc;ts &agrave; y r&eacute;pondre et pas dispos&eacute;s &agrave; fuir ou &agrave; se cacher &raquo;.\n<\/p>\n<p >\n<p >\nMe Vincent Lurquin, qui d&eacute;fend Ndahimana, de m&ecirc;me que M s Vanderbeck et Laurent Kennes (conseil de Nkunzuwimye) disent par ailleurs relever, dans leurs dossiers respectifs, incoh&eacute;rences et falsifications dans les t&eacute;moignages contre leurs clients. &laquo; Or la contradiction n'a pas eu lieu dans l'enqu&ecirc;te : entre les arrestations et aujourd'hui , aucune commission rogatoire n'a &eacute;t&eacute; faite pour entendre les t&eacute;moins de la d&eacute;fense. &raquo; Une telle descente sur le terrain, au Rwanda, prenant en compte les demandes des avocats, est pr&eacute;vue ce mois-ci.\n<\/p>\n<p >\n<p >\nFabien Neretse, ancien haut fonctionnaire, 63 ans, soup&ccedil;onn&eacute; notamment de l'assassinat en 1994 &agrave; Kigali d'une famille belgo-rwandaise, arr&ecirc;t&eacute; en France a Angoul&ecirc;me en juin dernier et extrad&eacute; en Belgique fin ao&ucirc;t est, lui, toujours en d&eacute;tention. &laquo; Mais nous avons obtenu vendredi dernier de la chambre du conseil la d&eacute;cision de le lib&eacute;rer, pr&eacute;cise son avocat, Pierre Monville. Le parquet a fait appel et la chambre des mises en accusation se prononcera, comme pour les autres accus&eacute;s, d'ici la fin de semaine prochaine. &raquo;\n<\/p>\n<p >\n<p >\nDans le dernier dossier, celui de Mathias Bushishi, ancien procureur de Butare, 71 ans, arr&ecirc;t&eacute; en avril 2011 &agrave; Bruxelles, aucune proc&eacute;dure n'est pour l'heure en cours afin d'examiner une &eacute;ventuelle lib&eacute;ration .\n<\/p>\n<p >\n<p >\nLes accus&eacute;s sont sortis de la prison de Forest (Bruxelles) o&ugrave; ils &eacute;taient incarc&eacute;r&eacute;s, apr&egrave;s avoir r&eacute;gl&eacute; des cautions comprises entre 5000 et 7500 euros. Ils n'ont pas le droit de quitter le territoire belge et doivent se soumettre &agrave; un contr&ocirc;le judiciaire r&eacute;gulier.\n<\/p>\n<p >\n<p >\nBF\/GF\n<\/p>\n<p>\n&copy; Agence Hirondelle<\/p>\n","protected":false},"excerpt":{"rendered":"<p>Bruxelles, 7 f&eacute;vrier 2012 (FH) - Trois des cinq Rwandais arr&ecirc;t&eacute;s il y a un an en Belgique pour leur participation pr&eacute;sum&eacute;e au g&eacute;nocide de 1994 ont &eacute;t&eacute; lib&eacute;r&eacute;s entre le 25 janvier et le 2 f&eacute;vrier, a appris mardi Hirondelle de sources judiciaires. Ils restent cependant soumis aux charges pesant contre eux.<\/p>\n","protected":false},"author":64,"featured_media":0,"comment_status":"open","ping_status":"closed","sticky":false,"template":"","format":"standard","meta":{"_acf_changed":false,"footnotes":""},"categories":[554],"tags":[],"ji_location":[],"class_list":["post-14175","post","type-post","status-publish","format-standard","hentry","category-hirondellenews"],"acf":[],"yoast_head":"<!-- This site is optimized with the Yoast SEO Premium plugin v25.3.1 (Yoast SEO v25.3.1) - https:\/\/yoast.com\/wordpress\/plugins\/seo\/ -->\n<title>07.02.12 - RWANDA\/BELGIQUE - TROIS RWANDAIS LIBERES SOUS CAUTION PAR LA JUSTICE BELGE - JusticeInfo.net<\/title>\n<meta name=\"robots\" content=\"index, follow, max-snippet:-1, max-image-preview:large, max-video-preview:-1\" \/>\n<link rel=\"canonical\" href=\"https:\/\/www.justiceinfo.net\/fr\/14175-070212-rwandabelgique-trois-rwandais-liberes-sous-caution-par-la-justice-belge.html\" \/>\n<meta property=\"og:locale\" content=\"fr_FR\" \/>\n<meta property=\"og:type\" content=\"article\" \/>\n<meta property=\"og:title\" content=\"07.02.12 - RWANDA\/BELGIQUE - TROIS RWANDAIS LIBERES SOUS CAUTION PAR LA JUSTICE BELGE\" \/>\n<meta property=\"og:description\" content=\"Bruxelles, 7 f&eacute;vrier 2012 (FH) - Trois des cinq Rwandais arr&ecirc;t&eacute;s il y a un an en Belgique pour leur participation pr&eacute;sum&eacute;e au g&eacute;nocide de 1994 ont &eacute;t&eacute; lib&eacute;r&eacute;s entre le 25 janvier et le 2 f&eacute;vrier, a appris mardi Hirondelle de sources judiciaires. Ils restent cependant soumis aux charges pesant contre eux.\" \/>\n<meta property=\"og:url\" content=\"https:\/\/www.justiceinfo.net\/fr\/14175-070212-rwandabelgique-trois-rwandais-liberes-sous-caution-par-la-justice-belge.html\" \/>\n<meta property=\"og:site_name\" content=\"JusticeInfo.net\" \/>\n<meta property=\"article:publisher\" content=\"https:\/\/www.facebook.com\/JusticeInfo\/\" \/>\n<meta property=\"article:published_time\" content=\"2012-02-06T23:00:00+00:00\" \/>\n<meta property=\"og:image\" content=\"https:\/\/www.justiceinfo.net\/wp-content\/uploads\/JusticeInfoNet_logo_1200x630px.jpg\" \/>\n\t<meta property=\"og:image:width\" content=\"1200\" \/>\n\t<meta property=\"og:image:height\" content=\"630\" \/>\n\t<meta property=\"og:image:type\" content=\"image\/jpeg\" \/>\n<meta name=\"author\" content=\"solivri\" \/>\n<meta name=\"twitter:card\" content=\"summary_large_image\" \/>\n<meta name=\"twitter:creator\" content=\"@justiceinfonet\" \/>\n<meta name=\"twitter:site\" content=\"@justiceinfonet\" \/>\n<meta name=\"twitter:label1\" content=\"\u00c9crit par\" \/>\n\t<meta name=\"twitter:data1\" content=\"solivri\" \/>\n\t<meta name=\"twitter:label2\" content=\"Dur\u00e9e de lecture estim\u00e9e\" \/>\n\t<meta name=\"twitter:data2\" content=\"4 minutes\" \/>\n<script type=\"application\/ld+json\" class=\"yoast-schema-graph\">{\"@context\":\"https:\/\/schema.org\",\"@graph\":[{\"@type\":\"NewsArticle\",\"@id\":\"https:\/\/www.justiceinfo.net\/fr\/14175-070212-rwandabelgique-trois-rwandais-liberes-sous-caution-par-la-justice-belge.html#article\",\"isPartOf\":{\"@id\":\"https:\/\/www.justiceinfo.net\/fr\/14175-070212-rwandabelgique-trois-rwandais-liberes-sous-caution-par-la-justice-belge.html\"},\"author\":{\"name\":\"solivri\",\"@id\":\"https:\/\/www.justiceinfo.net\/fr#\/schema\/person\/6e53cba1629e2e66f3fc1821d3091865\"},\"headline\":\"07.02.12 - RWANDA\/BELGIQUE - TROIS RWANDAIS LIBERES SOUS CAUTION PAR LA JUSTICE BELGE\",\"datePublished\":\"2012-02-06T23:00:00+00:00\",\"mainEntityOfPage\":{\"@id\":\"https:\/\/www.justiceinfo.net\/fr\/14175-070212-rwandabelgique-trois-rwandais-liberes-sous-caution-par-la-justice-belge.html\"},\"wordCount\":769,\"commentCount\":0,\"publisher\":{\"@id\":\"https:\/\/www.justiceinfo.net\/fr#organization\"},\"articleSection\":[\"Hirondelle News\"],\"inLanguage\":\"fr-FR\",\"potentialAction\":[{\"@type\":\"CommentAction\",\"name\":\"Comment\",\"target\":[\"https:\/\/www.justiceinfo.net\/fr\/14175-070212-rwandabelgique-trois-rwandais-liberes-sous-caution-par-la-justice-belge.html#respond\"]}]},{\"@type\":\"WebPage\",\"@id\":\"https:\/\/www.justiceinfo.net\/fr\/14175-070212-rwandabelgique-trois-rwandais-liberes-sous-caution-par-la-justice-belge.html\",\"url\":\"https:\/\/www.justiceinfo.net\/fr\/14175-070212-rwandabelgique-trois-rwandais-liberes-sous-caution-par-la-justice-belge.html\",\"name\":\"07.02.12 - RWANDA\/BELGIQUE - TROIS RWANDAIS LIBERES SOUS CAUTION PAR LA JUSTICE BELGE - JusticeInfo.net\",\"isPartOf\":{\"@id\":\"https:\/\/www.justiceinfo.net\/fr#website\"},\"datePublished\":\"2012-02-06T23:00:00+00:00\",\"breadcrumb\":{\"@id\":\"https:\/\/www.justiceinfo.net\/fr\/14175-070212-rwandabelgique-trois-rwandais-liberes-sous-caution-par-la-justice-belge.html#breadcrumb\"},\"inLanguage\":\"fr-FR\",\"potentialAction\":[{\"@type\":\"ReadAction\",\"target\":[\"https:\/\/www.justiceinfo.net\/fr\/14175-070212-rwandabelgique-trois-rwandais-liberes-sous-caution-par-la-justice-belge.html\"]}]},{\"@type\":\"BreadcrumbList\",\"@id\":\"https:\/\/www.justiceinfo.net\/fr\/14175-070212-rwandabelgique-trois-rwandais-liberes-sous-caution-par-la-justice-belge.html#breadcrumb\",\"itemListElement\":[{\"@type\":\"ListItem\",\"position\":1,\"name\":\"Home\",\"item\":\"https:\/\/www.justiceinfo.net\/fr\"},{\"@type\":\"ListItem\",\"position\":2,\"name\":\"07.02.12 - RWANDA\/BELGIQUE - TROIS RWANDAIS LIBERES SOUS CAUTION PAR LA JUSTICE BELGE\"}]},{\"@type\":\"WebSite\",\"@id\":\"https:\/\/www.justiceinfo.net\/fr#website\",\"url\":\"https:\/\/www.justiceinfo.net\/fr\",\"name\":\"JusticeInfo.net\",\"description\":\"La justice doit \u00eatre vue pour \u00eatre rendue\",\"publisher\":{\"@id\":\"https:\/\/www.justiceinfo.net\/fr#organization\"},\"potentialAction\":[{\"@type\":\"SearchAction\",\"target\":{\"@type\":\"EntryPoint\",\"urlTemplate\":\"https:\/\/www.justiceinfo.net\/fr?s={search_term_string}\"},\"query-input\":{\"@type\":\"PropertyValueSpecification\",\"valueRequired\":true,\"valueName\":\"search_term_string\"}}],\"inLanguage\":\"fr-FR\"},{\"@type\":\"Organization\",\"@id\":\"https:\/\/www.justiceinfo.net\/fr#organization\",\"name\":\"Justice Info\",\"url\":\"https:\/\/www.justiceinfo.net\/fr\",\"logo\":{\"@type\":\"ImageObject\",\"inLanguage\":\"fr-FR\",\"@id\":\"https:\/\/www.justiceinfo.net\/fr#\/schema\/logo\/image\/\",\"url\":\"https:\/\/www.justiceinfo.net\/wp-content\/uploads\/justiceinfo_logo-trans_1200x1200px.png\",\"contentUrl\":\"https:\/\/www.justiceinfo.net\/wp-content\/uploads\/justiceinfo_logo-trans_1200x1200px.png\",\"width\":1199,\"height\":1200,\"caption\":\"Justice Info\"},\"image\":{\"@id\":\"https:\/\/www.justiceinfo.net\/fr#\/schema\/logo\/image\/\"},\"sameAs\":[\"https:\/\/www.facebook.com\/JusticeInfo\/\",\"https:\/\/x.com\/justiceinfonet\",\"https:\/\/www.linkedin.com\/company\/justice-info\",\"https:\/\/www.youtube.com\/channel\/UCyCEsARodyuWtkWyhn-e7pA\"]},{\"@type\":\"Person\",\"name\":\"solivri\",\"url\":\"\/fr\/?s=solivri\"}]}<\/script>\n<!-- \/ Yoast SEO Premium plugin. -->","yoast_head_json":{"title":"07.02.12 - RWANDA\/BELGIQUE - TROIS RWANDAIS LIBERES SOUS CAUTION PAR LA JUSTICE BELGE - JusticeInfo.net","robots":{"index":"index","follow":"follow","max-snippet":"max-snippet:-1","max-image-preview":"max-image-preview:large","max-video-preview":"max-video-preview:-1"},"canonical":"https:\/\/www.justiceinfo.net\/fr\/14175-070212-rwandabelgique-trois-rwandais-liberes-sous-caution-par-la-justice-belge.html","og_locale":"fr_FR","og_type":"article","og_title":"07.02.12 - RWANDA\/BELGIQUE - TROIS RWANDAIS LIBERES SOUS CAUTION PAR LA JUSTICE BELGE","og_description":"Bruxelles, 7 f&eacute;vrier 2012 (FH) - Trois des cinq Rwandais arr&ecirc;t&eacute;s il y a un an en Belgique pour leur participation pr&eacute;sum&eacute;e au g&eacute;nocide de 1994 ont &eacute;t&eacute; lib&eacute;r&eacute;s entre le 25 janvier et le 2 f&eacute;vrier, a appris mardi Hirondelle de sources judiciaires. Ils restent cependant soumis aux charges pesant contre eux.","og_url":"https:\/\/www.justiceinfo.net\/fr\/14175-070212-rwandabelgique-trois-rwandais-liberes-sous-caution-par-la-justice-belge.html","og_site_name":"JusticeInfo.net","article_publisher":"https:\/\/www.facebook.com\/JusticeInfo\/","article_published_time":"2012-02-06T23:00:00+00:00","og_image":[{"width":1200,"height":630,"url":"https:\/\/www.justiceinfo.net\/wp-content\/uploads\/JusticeInfoNet_logo_1200x630px.jpg","type":"image\/jpeg"}],"author":"solivri","twitter_card":"summary_large_image","twitter_creator":"@justiceinfonet","twitter_site":"@justiceinfonet","twitter_misc":{"\u00c9crit par":"solivri","Dur\u00e9e de lecture estim\u00e9e":"4 minutes"},"schema":{"@context":"https:\/\/schema.org","@graph":[{"@type":"NewsArticle","@id":"https:\/\/www.justiceinfo.net\/fr\/14175-070212-rwandabelgique-trois-rwandais-liberes-sous-caution-par-la-justice-belge.html#article","isPartOf":{"@id":"https:\/\/www.justiceinfo.net\/fr\/14175-070212-rwandabelgique-trois-rwandais-liberes-sous-caution-par-la-justice-belge.html"},"author":{"name":"solivri","@id":"https:\/\/www.justiceinfo.net\/fr#\/schema\/person\/6e53cba1629e2e66f3fc1821d3091865"},"headline":"07.02.12 - RWANDA\/BELGIQUE - TROIS RWANDAIS LIBERES SOUS CAUTION PAR LA JUSTICE BELGE","datePublished":"2012-02-06T23:00:00+00:00","mainEntityOfPage":{"@id":"https:\/\/www.justiceinfo.net\/fr\/14175-070212-rwandabelgique-trois-rwandais-liberes-sous-caution-par-la-justice-belge.html"},"wordCount":769,"commentCount":0,"publisher":{"@id":"https:\/\/www.justiceinfo.net\/fr#organization"},"articleSection":["Hirondelle News"],"inLanguage":"fr-FR","potentialAction":[{"@type":"CommentAction","name":"Comment","target":["https:\/\/www.justiceinfo.net\/fr\/14175-070212-rwandabelgique-trois-rwandais-liberes-sous-caution-par-la-justice-belge.html#respond"]}]},{"@type":"WebPage","@id":"https:\/\/www.justiceinfo.net\/fr\/14175-070212-rwandabelgique-trois-rwandais-liberes-sous-caution-par-la-justice-belge.html","url":"https:\/\/www.justiceinfo.net\/fr\/14175-070212-rwandabelgique-trois-rwandais-liberes-sous-caution-par-la-justice-belge.html","name":"07.02.12 - RWANDA\/BELGIQUE - TROIS RWANDAIS LIBERES SOUS CAUTION PAR LA JUSTICE BELGE - JusticeInfo.net","isPartOf":{"@id":"https:\/\/www.justiceinfo.net\/fr#website"},"datePublished":"2012-02-06T23:00:00+00:00","breadcrumb":{"@id":"https:\/\/www.justiceinfo.net\/fr\/14175-070212-rwandabelgique-trois-rwandais-liberes-sous-caution-par-la-justice-belge.html#breadcrumb"},"inLanguage":"fr-FR","potentialAction":[{"@type":"ReadAction","target":["https:\/\/www.justiceinfo.net\/fr\/14175-070212-rwandabelgique-trois-rwandais-liberes-sous-caution-par-la-justice-belge.html"]}]},{"@type":"BreadcrumbList","@id":"https:\/\/www.justiceinfo.net\/fr\/14175-070212-rwandabelgique-trois-rwandais-liberes-sous-caution-par-la-justice-belge.html#breadcrumb","itemListElement":[{"@type":"ListItem","position":1,"name":"Home","item":"https:\/\/www.justiceinfo.net\/fr"},{"@type":"ListItem","position":2,"name":"07.02.12 - RWANDA\/BELGIQUE - TROIS RWANDAIS LIBERES SOUS CAUTION PAR LA JUSTICE BELGE"}]},{"@type":"WebSite","@id":"https:\/\/www.justiceinfo.net\/fr#website","url":"https:\/\/www.justiceinfo.net\/fr","name":"JusticeInfo.net","description":"La justice doit \u00eatre vue pour \u00eatre rendue","publisher":{"@id":"https:\/\/www.justiceinfo.net\/fr#organization"},"potentialAction":[{"@type":"SearchAction","target":{"@type":"EntryPoint","urlTemplate":"https:\/\/www.justiceinfo.net\/fr?s={search_term_string}"},"query-input":{"@type":"PropertyValueSpecification","valueRequired":true,"valueName":"search_term_string"}}],"inLanguage":"fr-FR"},{"@type":"Organization","@id":"https:\/\/www.justiceinfo.net\/fr#organization","name":"Justice Info","url":"https:\/\/www.justiceinfo.net\/fr","logo":{"@type":"ImageObject","inLanguage":"fr-FR","@id":"https:\/\/www.justiceinfo.net\/fr#\/schema\/logo\/image\/","url":"https:\/\/www.justiceinfo.net\/wp-content\/uploads\/justiceinfo_logo-trans_1200x1200px.png","contentUrl":"https:\/\/www.justiceinfo.net\/wp-content\/uploads\/justiceinfo_logo-trans_1200x1200px.png","width":1199,"height":1200,"caption":"Justice Info"},"image":{"@id":"https:\/\/www.justiceinfo.net\/fr#\/schema\/logo\/image\/"},"sameAs":["https:\/\/www.facebook.com\/JusticeInfo\/","https:\/\/x.com\/justiceinfonet","https:\/\/www.linkedin.com\/company\/justice-info","https:\/\/www.youtube.com\/channel\/UCyCEsARodyuWtkWyhn-e7pA"]},{"@type":"Person","name":"solivri","url":"\/fr\/?s=solivri"}]}},"_links":{"self":[{"href":"https:\/\/www.justiceinfo.net\/fr\/wp-json\/wp\/v2\/posts\/14175","targetHints":{"allow":["GET"]}}],"collection":[{"href":"https:\/\/www.justiceinfo.net\/fr\/wp-json\/wp\/v2\/posts"}],"about":[{"href":"https:\/\/www.justiceinfo.net\/fr\/wp-json\/wp\/v2\/types\/post"}],"author":[{"embeddable":true,"href":"https:\/\/www.justiceinfo.net\/fr\/wp-json\/wp\/v2\/users\/64"}],"replies":[{"embeddable":true,"href":"https:\/\/www.justiceinfo.net\/fr\/wp-json\/wp\/v2\/comments?post=14175"}],"version-history":[{"count":0,"href":"https:\/\/www.justiceinfo.net\/fr\/wp-json\/wp\/v2\/posts\/14175\/revisions"}],"wp:attachment":[{"href":"https:\/\/www.justiceinfo.net\/fr\/wp-json\/wp\/v2\/media?parent=14175"}],"wp:term":[{"taxonomy":"category","embeddable":true,"href":"https:\/\/www.justiceinfo.net\/fr\/wp-json\/wp\/v2\/categories?post=14175"},{"taxonomy":"post_tag","embeddable":true,"href":"https:\/\/www.justiceinfo.net\/fr\/wp-json\/wp\/v2\/tags?post=14175"},{"taxonomy":"ji_location","embeddable":true,"href":"https:\/\/www.justiceinfo.net\/fr\/wp-json\/wp\/v2\/ji_location?post=14175"}],"curies":[{"name":"wp","href":"https:\/\/api.w.org\/{rel}","templated":true}]}}