{"id":14209,"date":"2012-03-20T15:20:23","date_gmt":"2012-03-20T14:20:23","guid":{"rendered":"https:\/\/www.justiceinfo.net\/14209-200312-rwandagacaca-la-cloture-des-gacacas-reportee-au-18-juin-prochain.html"},"modified":"2012-03-20T15:20:23","modified_gmt":"2012-03-20T14:20:23","slug":"200312-rwandagacaca-la-cloture-des-gacacas-reportee-au-18-juin-prochain","status":"publish","type":"post","link":"https:\/\/www.justiceinfo.net\/fr\/14209-200312-rwandagacaca-la-cloture-des-gacacas-reportee-au-18-juin-prochain.html","title":{"rendered":"20.03.12 - RWANDA\/GACACA - LA CLOTURE DES GACACAS REPORTEE AU 18 JUIN PROCHAIN"},"content":{"rendered":"<p dir=\"ltr\">Kigali, 20 mars 2012 (FH) - Le gouvernement rwandais a de nouveau report\u00e9 la cl\u00f4ture officielle des travaux des juridictions semi-traditionnelles gacacas qui \u00e9taient charg\u00e9es de juger la plupart des auteurs pr\u00e9sum\u00e9s du g\u00e9nocide commis contre les Tutsi en 1994. La nouvelle date a \u00e9t\u00e9 fix\u00e9e au 18 juin.<\/p>\n<p><!--more--><\/p>\n<p>Les proc\u00e8s gacacas avaient d\u00e9but\u00e9 dans 106 juridictions pilotes en mars 2005 apr\u00e8s une phase de \u00ab collecte d\u2019information \u00bb (instruction) qui avait d\u00e9marr\u00e9 en juin 2002. Ils s\u2019\u00e9taient ensuite progressivement g\u00e9n\u00e9ralis\u00e9s sur tout le territoire.<\/p>\n<p>\u00ab A l\u2019heure qu\u2019il est, il n\u2019y a aucune affaire pendante devant les tribunaux gacaca. Le conseil des ministres de vendredi dernier a fix\u00e9 la cl\u00f4ture des gacacas au 18 juin prochain \u00bb, a annonc\u00e9 le secr\u00e9taire g\u00e9n\u00e9ral au minist\u00e8re de la Justice, Pascal Ruganintwari lors d\u2019une conf\u00e9rence de presse lundi apr\u00e8s-midi.<\/p>\n<p dir=\"ltr\">Apr\u00e8s plusieurs reports, le gouvernement avait fix\u00e9 cette c\u00e9r\u00e9monie au 4 mai prochain mais le d\u00e9lai a \u00e9t\u00e9 encore une fois repouss\u00e9 \u00e0 cause, selon Ruganintwari, de questions techniques et logistiques, li\u00e9es notamment \u00e0 la traduction de certains rapports et \u00e0 l\u2019acheminement de dossiers vers les lieux d\u2019archivage.<\/p>\n<p dir=\"ltr\">Lors de la m\u00eame r\u00e9union de vendredi, le conseil des ministres a adopt\u00e9 le projet de loi abrogeant les juridictions gacacas.<\/p>\n<p dir=\"ltr\">Apr\u00e8s un dernier nettoyage par les services du Premier ministre, le texte a \u00e9t\u00e9 transmis au parlement lundi matin, a indiqu\u00e9 une source au secr\u00e9tariat de cette institution.<\/p>\n<p dir=\"ltr\">Selon les dispositions du projet de loi abrogeant les gacacas, les affaires qui seront d\u00e9couvertes apr\u00e8s la fermeture seront d\u00e9f\u00e9r\u00e9es devant les conciliateurs ou les tribunaux classiques, en fonction de la gravit\u00e9 des faits reproch\u00e9s.<\/p>\n<p dir=\"ltr\">Les gacacas ont rendu \u00e0 ce jour, selon les chiffres les plus r\u00e9cents du minist\u00e8re de la Justice, autour de 1,9 millions de jugements. \u00abIl s\u2019agit bien de jugements et non de personnes jug\u00e9es car il y a des personnes qui ont \u00e9t\u00e9 jug\u00e9es plusieurs fois et pour plusieurs faits diff\u00e9rents \u00bb, a pr\u00e9cis\u00e9 le secr\u00e9taire g\u00e9n\u00e9ral.La cl\u00f4ture des travaux de ces tribunaux traditionnels a \u00e9t\u00e9 repouss\u00e9e plusieurs fois depuis 2007, en raison, selon les sources officielles, de la d\u00e9couverte de nouveaux faits et de la complexit\u00e9 de certaines affaires.<\/p>\n<p dir=\"ltr\">Inspir\u00e9s des anciennes assembl\u00e9es villageoises lors desquelles les sages, assis sur le gazon (gacaca, en langue rwandaise), r\u00e9glaient les diff\u00e9rends, les gacacas \u00e9taient comp\u00e9tentes pour juger les auteurs pr\u00e9sum\u00e9s du g\u00e9nocide de 1994, \u00e0 l\u2019exception de planificateurs de haut niveau (national et provincial) relevant de la comp\u00e9tence de la justice conventionnelle. Les juges gacacas ne sont pas des magistrats professionnels mais \u00ab des personnes int\u00e8gres \u00bb \u00e9lues parmi la communaut\u00e9. Certains d\u2019entre eux ont cependant \u00e9t\u00e9 eux-m\u00eames accus\u00e9s de g\u00e9nocide, puis jug\u00e9s et condamn\u00e9s ou acquitt\u00e9s. D\u2019autres encore ont \u00e9t\u00e9 surpris en flagrant d\u00e9lit de corruption par des accus\u00e9s ou des proches de ces derniers. Le syst\u00e8me a \u00e9t\u00e9 souvent critiqu\u00e9 par des organisations des droits de l\u2019homme comme Human Rights Watch et Amnesty International qui ont d\u00e9nonc\u00e9 un large \u00e9ventail de violations des principes de l\u2019\u00e9quit\u00e9. Kigali a toujours r\u00e9torqu\u00e9 qu\u2019il s\u2019agissait d\u2019une solution \u00ab made in Rwanda \u00bb \u00e0 un probl\u00e8me rwandais et a mis quiconque au d\u00e9fi de lui proposer mieux pour vider le tr\u00e8s lourd contentieux du g\u00e9nocide qui a fait, selon l\u2019ONU, pr\u00e8s de 800.000 tu\u00e9s, essentiellement d\u2019ethnie tutsi.<\/p>\n<p dir=\"ltr\">SRE-ER\/GF<\/p>\n<p>\u00a9 Agence Hirondelle<\/p>\n","protected":false},"excerpt":{"rendered":"<p>Kigali, 20 mars 2012 (FH) - Le gouvernement rwandais a de nouveau report\u00e9 la cl\u00f4ture officielle des travaux des juridictions semi-traditionnelles gacacas qui \u00e9taient charg\u00e9es de juger la plupart des auteurs pr\u00e9sum\u00e9s du g\u00e9nocide commis contre les Tutsi en 1994. La nouvelle date a \u00e9t\u00e9 fix\u00e9e au 18 juin.<\/p>\n","protected":false},"author":64,"featured_media":0,"comment_status":"open","ping_status":"closed","sticky":false,"template":"","format":"standard","meta":{"_acf_changed":false,"footnotes":""},"categories":[554],"tags":[],"ji_location":[],"class_list":["post-14209","post","type-post","status-publish","format-standard","hentry","category-hirondellenews"],"acf":[],"yoast_head":"<!-- This site is optimized with the Yoast SEO Premium plugin v25.3.1 (Yoast SEO v25.3.1) - https:\/\/yoast.com\/wordpress\/plugins\/seo\/ -->\n<title>20.03.12 - RWANDA\/GACACA - LA CLOTURE DES GACACAS REPORTEE AU 18 JUIN PROCHAIN - JusticeInfo.net<\/title>\n<meta name=\"robots\" content=\"index, follow, max-snippet:-1, max-image-preview:large, max-video-preview:-1\" \/>\n<link rel=\"canonical\" href=\"https:\/\/www.justiceinfo.net\/fr\/14209-200312-rwandagacaca-la-cloture-des-gacacas-reportee-au-18-juin-prochain.html\" \/>\n<meta property=\"og:locale\" content=\"fr_FR\" \/>\n<meta property=\"og:type\" content=\"article\" \/>\n<meta property=\"og:title\" content=\"20.03.12 - RWANDA\/GACACA - LA CLOTURE DES GACACAS REPORTEE AU 18 JUIN PROCHAIN\" \/>\n<meta property=\"og:description\" content=\"Kigali, 20 mars 2012 (FH) - Le gouvernement rwandais a de nouveau report\u00e9 la cl\u00f4ture officielle des travaux des juridictions semi-traditionnelles gacacas qui \u00e9taient charg\u00e9es de juger la plupart des auteurs pr\u00e9sum\u00e9s du g\u00e9nocide commis contre les Tutsi en 1994. La nouvelle date a \u00e9t\u00e9 fix\u00e9e au 18 juin.\" \/>\n<meta property=\"og:url\" content=\"https:\/\/www.justiceinfo.net\/fr\/14209-200312-rwandagacaca-la-cloture-des-gacacas-reportee-au-18-juin-prochain.html\" \/>\n<meta property=\"og:site_name\" content=\"JusticeInfo.net\" \/>\n<meta property=\"article:publisher\" content=\"https:\/\/www.facebook.com\/JusticeInfo\/\" \/>\n<meta property=\"article:published_time\" content=\"2012-03-20T14:20:23+00:00\" \/>\n<meta property=\"og:image\" content=\"https:\/\/www.justiceinfo.net\/wp-content\/uploads\/JusticeInfoNet_logo_1200x630px.jpg\" \/>\n\t<meta property=\"og:image:width\" content=\"1200\" \/>\n\t<meta property=\"og:image:height\" content=\"630\" \/>\n\t<meta property=\"og:image:type\" content=\"image\/jpeg\" \/>\n<meta name=\"author\" content=\"solivri\" \/>\n<meta name=\"twitter:card\" content=\"summary_large_image\" \/>\n<meta name=\"twitter:creator\" content=\"@justiceinfonet\" \/>\n<meta name=\"twitter:site\" content=\"@justiceinfonet\" \/>\n<meta name=\"twitter:label1\" content=\"\u00c9crit par\" \/>\n\t<meta name=\"twitter:data1\" content=\"solivri\" \/>\n\t<meta name=\"twitter:label2\" content=\"Dur\u00e9e de lecture estim\u00e9e\" \/>\n\t<meta name=\"twitter:data2\" content=\"3 minutes\" \/>\n<script type=\"application\/ld+json\" class=\"yoast-schema-graph\">{\"@context\":\"https:\/\/schema.org\",\"@graph\":[{\"@type\":\"NewsArticle\",\"@id\":\"https:\/\/www.justiceinfo.net\/fr\/14209-200312-rwandagacaca-la-cloture-des-gacacas-reportee-au-18-juin-prochain.html#article\",\"isPartOf\":{\"@id\":\"https:\/\/www.justiceinfo.net\/fr\/14209-200312-rwandagacaca-la-cloture-des-gacacas-reportee-au-18-juin-prochain.html\"},\"author\":{\"name\":\"solivri\",\"@id\":\"https:\/\/www.justiceinfo.net\/fr#\/schema\/person\/6e53cba1629e2e66f3fc1821d3091865\"},\"headline\":\"20.03.12 - RWANDA\/GACACA - LA CLOTURE DES GACACAS REPORTEE AU 18 JUIN PROCHAIN\",\"datePublished\":\"2012-03-20T14:20:23+00:00\",\"mainEntityOfPage\":{\"@id\":\"https:\/\/www.justiceinfo.net\/fr\/14209-200312-rwandagacaca-la-cloture-des-gacacas-reportee-au-18-juin-prochain.html\"},\"wordCount\":625,\"commentCount\":0,\"publisher\":{\"@id\":\"https:\/\/www.justiceinfo.net\/fr#organization\"},\"articleSection\":[\"Hirondelle News\"],\"inLanguage\":\"fr-FR\",\"potentialAction\":[{\"@type\":\"CommentAction\",\"name\":\"Comment\",\"target\":[\"https:\/\/www.justiceinfo.net\/fr\/14209-200312-rwandagacaca-la-cloture-des-gacacas-reportee-au-18-juin-prochain.html#respond\"]}]},{\"@type\":\"WebPage\",\"@id\":\"https:\/\/www.justiceinfo.net\/fr\/14209-200312-rwandagacaca-la-cloture-des-gacacas-reportee-au-18-juin-prochain.html\",\"url\":\"https:\/\/www.justiceinfo.net\/fr\/14209-200312-rwandagacaca-la-cloture-des-gacacas-reportee-au-18-juin-prochain.html\",\"name\":\"20.03.12 - RWANDA\/GACACA - LA CLOTURE DES GACACAS REPORTEE AU 18 JUIN PROCHAIN - JusticeInfo.net\",\"isPartOf\":{\"@id\":\"https:\/\/www.justiceinfo.net\/fr#website\"},\"datePublished\":\"2012-03-20T14:20:23+00:00\",\"breadcrumb\":{\"@id\":\"https:\/\/www.justiceinfo.net\/fr\/14209-200312-rwandagacaca-la-cloture-des-gacacas-reportee-au-18-juin-prochain.html#breadcrumb\"},\"inLanguage\":\"fr-FR\",\"potentialAction\":[{\"@type\":\"ReadAction\",\"target\":[\"https:\/\/www.justiceinfo.net\/fr\/14209-200312-rwandagacaca-la-cloture-des-gacacas-reportee-au-18-juin-prochain.html\"]}]},{\"@type\":\"BreadcrumbList\",\"@id\":\"https:\/\/www.justiceinfo.net\/fr\/14209-200312-rwandagacaca-la-cloture-des-gacacas-reportee-au-18-juin-prochain.html#breadcrumb\",\"itemListElement\":[{\"@type\":\"ListItem\",\"position\":1,\"name\":\"Home\",\"item\":\"https:\/\/www.justiceinfo.net\/fr\"},{\"@type\":\"ListItem\",\"position\":2,\"name\":\"20.03.12 - RWANDA\/GACACA - LA CLOTURE DES GACACAS REPORTEE AU 18 JUIN PROCHAIN\"}]},{\"@type\":\"WebSite\",\"@id\":\"https:\/\/www.justiceinfo.net\/fr#website\",\"url\":\"https:\/\/www.justiceinfo.net\/fr\",\"name\":\"JusticeInfo.net\",\"description\":\"La justice doit \u00eatre vue pour \u00eatre rendue\",\"publisher\":{\"@id\":\"https:\/\/www.justiceinfo.net\/fr#organization\"},\"potentialAction\":[{\"@type\":\"SearchAction\",\"target\":{\"@type\":\"EntryPoint\",\"urlTemplate\":\"https:\/\/www.justiceinfo.net\/fr?s={search_term_string}\"},\"query-input\":{\"@type\":\"PropertyValueSpecification\",\"valueRequired\":true,\"valueName\":\"search_term_string\"}}],\"inLanguage\":\"fr-FR\"},{\"@type\":\"Organization\",\"@id\":\"https:\/\/www.justiceinfo.net\/fr#organization\",\"name\":\"Justice Info\",\"url\":\"https:\/\/www.justiceinfo.net\/fr\",\"logo\":{\"@type\":\"ImageObject\",\"inLanguage\":\"fr-FR\",\"@id\":\"https:\/\/www.justiceinfo.net\/fr#\/schema\/logo\/image\/\",\"url\":\"https:\/\/www.justiceinfo.net\/wp-content\/uploads\/justiceinfo_logo-trans_1200x1200px.png\",\"contentUrl\":\"https:\/\/www.justiceinfo.net\/wp-content\/uploads\/justiceinfo_logo-trans_1200x1200px.png\",\"width\":1199,\"height\":1200,\"caption\":\"Justice Info\"},\"image\":{\"@id\":\"https:\/\/www.justiceinfo.net\/fr#\/schema\/logo\/image\/\"},\"sameAs\":[\"https:\/\/www.facebook.com\/JusticeInfo\/\",\"https:\/\/x.com\/justiceinfonet\",\"https:\/\/www.linkedin.com\/company\/justice-info\",\"https:\/\/www.youtube.com\/channel\/UCyCEsARodyuWtkWyhn-e7pA\"]},{\"@type\":\"Person\",\"name\":\"solivri\",\"url\":\"\/fr\/?s=solivri\"}]}<\/script>\n<!-- \/ Yoast SEO Premium plugin. -->","yoast_head_json":{"title":"20.03.12 - RWANDA\/GACACA - LA CLOTURE DES GACACAS REPORTEE AU 18 JUIN PROCHAIN - JusticeInfo.net","robots":{"index":"index","follow":"follow","max-snippet":"max-snippet:-1","max-image-preview":"max-image-preview:large","max-video-preview":"max-video-preview:-1"},"canonical":"https:\/\/www.justiceinfo.net\/fr\/14209-200312-rwandagacaca-la-cloture-des-gacacas-reportee-au-18-juin-prochain.html","og_locale":"fr_FR","og_type":"article","og_title":"20.03.12 - RWANDA\/GACACA - LA CLOTURE DES GACACAS REPORTEE AU 18 JUIN PROCHAIN","og_description":"Kigali, 20 mars 2012 (FH) - Le gouvernement rwandais a de nouveau report\u00e9 la cl\u00f4ture officielle des travaux des juridictions semi-traditionnelles gacacas qui \u00e9taient charg\u00e9es de juger la plupart des auteurs pr\u00e9sum\u00e9s du g\u00e9nocide commis contre les Tutsi en 1994. La nouvelle date a \u00e9t\u00e9 fix\u00e9e au 18 juin.","og_url":"https:\/\/www.justiceinfo.net\/fr\/14209-200312-rwandagacaca-la-cloture-des-gacacas-reportee-au-18-juin-prochain.html","og_site_name":"JusticeInfo.net","article_publisher":"https:\/\/www.facebook.com\/JusticeInfo\/","article_published_time":"2012-03-20T14:20:23+00:00","og_image":[{"width":1200,"height":630,"url":"https:\/\/www.justiceinfo.net\/wp-content\/uploads\/JusticeInfoNet_logo_1200x630px.jpg","type":"image\/jpeg"}],"author":"solivri","twitter_card":"summary_large_image","twitter_creator":"@justiceinfonet","twitter_site":"@justiceinfonet","twitter_misc":{"\u00c9crit par":"solivri","Dur\u00e9e de lecture estim\u00e9e":"3 minutes"},"schema":{"@context":"https:\/\/schema.org","@graph":[{"@type":"NewsArticle","@id":"https:\/\/www.justiceinfo.net\/fr\/14209-200312-rwandagacaca-la-cloture-des-gacacas-reportee-au-18-juin-prochain.html#article","isPartOf":{"@id":"https:\/\/www.justiceinfo.net\/fr\/14209-200312-rwandagacaca-la-cloture-des-gacacas-reportee-au-18-juin-prochain.html"},"author":{"name":"solivri","@id":"https:\/\/www.justiceinfo.net\/fr#\/schema\/person\/6e53cba1629e2e66f3fc1821d3091865"},"headline":"20.03.12 - RWANDA\/GACACA - LA CLOTURE DES GACACAS REPORTEE AU 18 JUIN PROCHAIN","datePublished":"2012-03-20T14:20:23+00:00","mainEntityOfPage":{"@id":"https:\/\/www.justiceinfo.net\/fr\/14209-200312-rwandagacaca-la-cloture-des-gacacas-reportee-au-18-juin-prochain.html"},"wordCount":625,"commentCount":0,"publisher":{"@id":"https:\/\/www.justiceinfo.net\/fr#organization"},"articleSection":["Hirondelle News"],"inLanguage":"fr-FR","potentialAction":[{"@type":"CommentAction","name":"Comment","target":["https:\/\/www.justiceinfo.net\/fr\/14209-200312-rwandagacaca-la-cloture-des-gacacas-reportee-au-18-juin-prochain.html#respond"]}]},{"@type":"WebPage","@id":"https:\/\/www.justiceinfo.net\/fr\/14209-200312-rwandagacaca-la-cloture-des-gacacas-reportee-au-18-juin-prochain.html","url":"https:\/\/www.justiceinfo.net\/fr\/14209-200312-rwandagacaca-la-cloture-des-gacacas-reportee-au-18-juin-prochain.html","name":"20.03.12 - RWANDA\/GACACA - LA CLOTURE DES GACACAS REPORTEE AU 18 JUIN PROCHAIN - JusticeInfo.net","isPartOf":{"@id":"https:\/\/www.justiceinfo.net\/fr#website"},"datePublished":"2012-03-20T14:20:23+00:00","breadcrumb":{"@id":"https:\/\/www.justiceinfo.net\/fr\/14209-200312-rwandagacaca-la-cloture-des-gacacas-reportee-au-18-juin-prochain.html#breadcrumb"},"inLanguage":"fr-FR","potentialAction":[{"@type":"ReadAction","target":["https:\/\/www.justiceinfo.net\/fr\/14209-200312-rwandagacaca-la-cloture-des-gacacas-reportee-au-18-juin-prochain.html"]}]},{"@type":"BreadcrumbList","@id":"https:\/\/www.justiceinfo.net\/fr\/14209-200312-rwandagacaca-la-cloture-des-gacacas-reportee-au-18-juin-prochain.html#breadcrumb","itemListElement":[{"@type":"ListItem","position":1,"name":"Home","item":"https:\/\/www.justiceinfo.net\/fr"},{"@type":"ListItem","position":2,"name":"20.03.12 - RWANDA\/GACACA - LA CLOTURE DES GACACAS REPORTEE AU 18 JUIN PROCHAIN"}]},{"@type":"WebSite","@id":"https:\/\/www.justiceinfo.net\/fr#website","url":"https:\/\/www.justiceinfo.net\/fr","name":"JusticeInfo.net","description":"La justice doit \u00eatre vue pour \u00eatre rendue","publisher":{"@id":"https:\/\/www.justiceinfo.net\/fr#organization"},"potentialAction":[{"@type":"SearchAction","target":{"@type":"EntryPoint","urlTemplate":"https:\/\/www.justiceinfo.net\/fr?s={search_term_string}"},"query-input":{"@type":"PropertyValueSpecification","valueRequired":true,"valueName":"search_term_string"}}],"inLanguage":"fr-FR"},{"@type":"Organization","@id":"https:\/\/www.justiceinfo.net\/fr#organization","name":"Justice Info","url":"https:\/\/www.justiceinfo.net\/fr","logo":{"@type":"ImageObject","inLanguage":"fr-FR","@id":"https:\/\/www.justiceinfo.net\/fr#\/schema\/logo\/image\/","url":"https:\/\/www.justiceinfo.net\/wp-content\/uploads\/justiceinfo_logo-trans_1200x1200px.png","contentUrl":"https:\/\/www.justiceinfo.net\/wp-content\/uploads\/justiceinfo_logo-trans_1200x1200px.png","width":1199,"height":1200,"caption":"Justice Info"},"image":{"@id":"https:\/\/www.justiceinfo.net\/fr#\/schema\/logo\/image\/"},"sameAs":["https:\/\/www.facebook.com\/JusticeInfo\/","https:\/\/x.com\/justiceinfonet","https:\/\/www.linkedin.com\/company\/justice-info","https:\/\/www.youtube.com\/channel\/UCyCEsARodyuWtkWyhn-e7pA"]},{"@type":"Person","name":"solivri","url":"\/fr\/?s=solivri"}]}},"_links":{"self":[{"href":"https:\/\/www.justiceinfo.net\/fr\/wp-json\/wp\/v2\/posts\/14209","targetHints":{"allow":["GET"]}}],"collection":[{"href":"https:\/\/www.justiceinfo.net\/fr\/wp-json\/wp\/v2\/posts"}],"about":[{"href":"https:\/\/www.justiceinfo.net\/fr\/wp-json\/wp\/v2\/types\/post"}],"author":[{"embeddable":true,"href":"https:\/\/www.justiceinfo.net\/fr\/wp-json\/wp\/v2\/users\/64"}],"replies":[{"embeddable":true,"href":"https:\/\/www.justiceinfo.net\/fr\/wp-json\/wp\/v2\/comments?post=14209"}],"version-history":[{"count":0,"href":"https:\/\/www.justiceinfo.net\/fr\/wp-json\/wp\/v2\/posts\/14209\/revisions"}],"wp:attachment":[{"href":"https:\/\/www.justiceinfo.net\/fr\/wp-json\/wp\/v2\/media?parent=14209"}],"wp:term":[{"taxonomy":"category","embeddable":true,"href":"https:\/\/www.justiceinfo.net\/fr\/wp-json\/wp\/v2\/categories?post=14209"},{"taxonomy":"post_tag","embeddable":true,"href":"https:\/\/www.justiceinfo.net\/fr\/wp-json\/wp\/v2\/tags?post=14209"},{"taxonomy":"ji_location","embeddable":true,"href":"https:\/\/www.justiceinfo.net\/fr\/wp-json\/wp\/v2\/ji_location?post=14209"}],"curies":[{"name":"wp","href":"https:\/\/api.w.org\/{rel}","templated":true}]}}