{"id":142384,"date":"2025-03-07T11:29:11","date_gmt":"2025-03-07T10:29:11","guid":{"rendered":"https:\/\/www.justiceinfo.net\/?p=142384"},"modified":"2025-10-24T15:48:03","modified_gmt":"2025-10-24T13:48:03","slug":"le-retour-des-envahisseurs","status":"publish","type":"post","link":"https:\/\/www.justiceinfo.net\/fr\/142384-le-retour-des-envahisseurs.html","title":{"rendered":"Le retour des envahisseurs"},"content":{"rendered":"\n<p><strong>Russie, Isra\u00ebl, \u00c9tats-Unis, Chine, Azerba\u00efdjan, Venezuela&nbsp;: de plus en plus de pays affichent publiquement leur volont\u00e9 de conqu\u00e9rir des territoires par la force. Ou semblent la mettre en \u0153uvre sans le dire, comme le Rwanda. L\u2019ordre mondial \u00e9tabli en 1945 est caduc, le droit international viol\u00e9 sans \u00e9tat d\u2019\u00e2me. Voici la mappemonde des nouvelles annexions en cours et de celles qui menacent ouvertement.<\/strong><\/p>\n\n\n\n<!--more-->\n\n\n\n<figure class=\"wp-block-image size-full js-zoomImage is-style-default\"><img loading=\"lazy\" decoding=\"async\" width=\"1920\" height=\"1920\" src=\"https:\/\/www.justiceinfo.net\/wp-content\/uploads\/Envahisseurs_carte-du-monde_@Justice-Info.jpg\" alt=\"Un go\u00fbt d\u2019invasion - Notre carte du monde des envahisseurs (auteurs d'annexions et autres crimes aux yeux du droit international) pr\u00e9cisant les pays agresseurs, les agress\u00e9s et ceux qui sont menac\u00e9s d'agression.\" class=\"wp-image-142421\" title=\"Carte du monde des envahisseurs\" srcset=\"https:\/\/www.justiceinfo.net\/wp-content\/uploads\/Envahisseurs_carte-du-monde_@Justice-Info.jpg 1920w, https:\/\/www.justiceinfo.net\/wp-content\/uploads\/Envahisseurs_carte-du-monde_@Justice-Info-150x150.jpg 150w, https:\/\/www.justiceinfo.net\/wp-content\/uploads\/Envahisseurs_carte-du-monde_@Justice-Info-1536x1536.jpg 1536w, https:\/\/www.justiceinfo.net\/wp-content\/uploads\/Envahisseurs_carte-du-monde_@Justice-Info-1000x1000.jpg 1000w, https:\/\/www.justiceinfo.net\/wp-content\/uploads\/Envahisseurs_carte-du-monde_@Justice-Info-1110x1110.jpg 1110w\" sizes=\"auto, (max-width: 1920px) 100vw, 1920px\" \/><\/figure>\n\n\n\n<p>Occupation, colonisation, agression, annexion&nbsp;: ces mots sont devenus de plus en plus familiers. Ils recouvrent des r\u00e9alit\u00e9s juridiques diff\u00e9rentes, qui se superposent souvent. Mais celui qui marque sans doute son grand et brutal retour dans la g\u00e9opolitique mondiale est l\u2019annexion. Trois membres permanents du Conseil de s\u00e9curit\u00e9 des Nations unies expriment ouvertement leur volont\u00e9 d\u2019acqu\u00e9rir de nouveaux territoires par la force. La Russie la met d\u00e9j\u00e0 en pratique \u00e0 grande \u00e9chelle, au prix de centaines de milliers de morts et de destructions massives&nbsp;; la Chine l\u2019impose par ses d\u00e9monstrations de force dans sa sph\u00e8re d\u2019influence ; les \u00c9tats-Unis veulent d\u00e9sormais agir de m\u00eame dans la leur, tout en ent\u00e9rinant les conqu\u00eates des Russes. Au moins quatre autres pays \u2013 Isra\u00ebl, Azerba\u00efdjan, Venezuela et Rwanda \u2013 sont de facto en train d\u2019agrandir leur territoire ou ont annonc\u00e9 qu\u2019ils s\u2019y pr\u00e9paraient.<\/p>\n\n\n\n<p>Il existe <a href=\"https:\/\/legal.un.org\/avl\/ha\/da\/da.html\">une d\u00e9finition officielle de l\u2019agression<\/a> en droit humanitaire international : il s\u2019agit de \u00ab&nbsp;l\u2019emploi de la force arm\u00e9e par un \u00c9tat contre la souverainet\u00e9, l\u2019int\u00e9grit\u00e9 territoriale ou l\u2019ind\u00e9pendance politique d\u2019un autre \u00c9tat, ou de toute autre mani\u00e8re incompatible avec la Charte des Nations unies&nbsp;\u00bb. L\u2019agression arm\u00e9e d\u2019un \u00c9tat par un autre est interdite en droit international, sauf dans deux cas&nbsp;: en situation de l\u00e9gitime d\u00e9fense ou sur autorisation du Conseil de s\u00e9curit\u00e9 des Nations unies. L\u2019agression a \u00e9galement <a href=\"https:\/\/ihl-databases.icrc.org\/fr\/ihl-treaties\/icc-statute-amendment-arts8bis-15bis-15ter-2010\/article-8bis\">une d\u00e9finition en droit p\u00e9nal international<\/a>, elle figure dans les crimes pour lesquels la <a href=\"https:\/\/www.justiceinfo.net\/fr\/tribunaux\/cpi\">Cour p\u00e9nale internationale (CPI)<\/a> a une comp\u00e9tence tr\u00e8s restreinte&nbsp;; son but est alors d\u2019engager la responsabilit\u00e9 p\u00e9nale d\u2019individus et non des \u00c9tats.<\/p>\n\n\n\n<p>L\u2019agression peut ou non r\u00e9sulter en une situation d\u2019occupation. Selon la <a href=\"https:\/\/ihl-databases.icrc.org\/assets\/treaties\/195-DIH-19-FR.pdf\">Convention de La Haye de 1907<\/a>, \u00ab un territoire est consid\u00e9r\u00e9 comme occup\u00e9 lorsqu\u2019il se trouve plac\u00e9 de fait sous l\u2019autorit\u00e9 de l\u2019arm\u00e9e ennemie. L\u2019occupation ne s\u2019\u00e9tend qu\u2019aux territoires o\u00f9 cette autorit\u00e9 est \u00e9tablie et en mesure de s\u2019exercer \u00bb. Une occupation n\u2019est pas forc\u00e9ment en soi ill\u00e9gale, mais elle vient avec des obligations de la part de la puissance occupante. L\u2019une d\u2019entre elles a trait \u00e0 la question du peuplement sur le territoire occup\u00e9. La colonisation n\u2019a pas de d\u00e9finition juridique. Mais sur le plan du droit international, il est interdit \u00e0 la puissance occupante de d\u00e9porter ou transf\u00e9rer sa population civile \u00e0 l\u2019int\u00e9rieur du territoire qu\u2019elle occupe. \u00ab&nbsp;C\u2019est le ph\u00e9nom\u00e8ne de colonisation tel qu\u2019on l\u2019entend, par exemple, dans la situation de la Cisjordanie avec l\u2019installation de colons isra\u00e9liens au sein des territoires palestiniens occup\u00e9s&nbsp;\u00bb, explique Marco Sass\u00f2li, professeur \u00e9m\u00e9rite de droit international \u00e0 l\u2019Universit\u00e9 de Gen\u00e8ve. Il est \u00e9galement interdit \u00e0 la puissance occupante de d\u00e9porter ou transf\u00e9rer de force, hors du territoire occup\u00e9, la totalit\u00e9 ou une partie de la population de ce territoire. Un tel transfert constitue un crime de guerre.<\/p>\n\n\n\n<h2 class=\"wp-block-heading\" id=\"h-l-annexion-violation-flagrante-du-droit-international\">L\u2019annexion, violation flagrante du droit international<\/h2>\n\n\n\n<p>L\u2019occupation peut se transformer, enfin, en annexion. L\u2019annexion peut \u00eatre l\u00e9gale si elle est le fruit d\u2019une libre transaction entre deux \u00c9tats qui se mettent d\u2019accord sur un transfert de souverainet\u00e9. Mais elle est ill\u00e9gale si elle r\u00e9sulte d\u2019une situation d\u2019occupation. En droit, ce territoire reste occup\u00e9, l\u2019annexion \u00e9tant une violation flagrante du droit international. Elle est interdite, m\u00eame en \u00e9tat de l\u00e9gitime d\u00e9fense, ce qui la distingue de l\u2019agression. Peut-on avoir une annexion l\u00e9galis\u00e9e par le Conseil de s\u00e9curit\u00e9 des Nations unies&nbsp;? \u00ab&nbsp;Le Conseil de s\u00e9curit\u00e9 des Nations unies, pour r\u00e9gler un diff\u00e9rend, n\u2019a pas n\u00e9cessairement \u00e0 suivre le droit international&nbsp;; il peut estimer qu\u2019il faille bouger une fronti\u00e8re pour faire la paix&nbsp;\u00bb, explique Sass\u00f2li. \u00ab&nbsp;Mais je ne saurais pas donner un exemple de ce type&nbsp;\u00bb, ajoute-t-il.<\/p>\n\n\n\n<p>Il existe des annexions de facto et des annexions de jure, pr\u00e9cise-t-il encore. Dans le cas de la Cisjordanie, par exemple, la <a href=\"https:\/\/www.justiceinfo.net\/fr\/tribunaux\/cour-internationale-de-justice-cij\">Cour internationale de justice (CIJ)<\/a> parle d\u2019une annexion de facto par Isra\u00ebl. Tandis que l\u2019annexion de J\u00e9rusalem-Est ou du Golan figurent dans la loi isra\u00e9lienne et sont des annexions de jure.<\/p>\n\n\n\n<p>Selon le journaliste am\u00e9ricain et sp\u00e9cialiste de g\u00e9opolitique Fareed Zakaria, il y a eu, de 1830 \u00e0 1945, <a href=\"https:\/\/www.lemonde.fr\/idees\/article\/2025\/03\/01\/fareed-zakaria-journaliste-a-cnn-le-systeme-international-construit-apres-1945-peut-survivre-en-depit-de-la-defection-americaine_6570989_3232.html\">\u00ab&nbsp;environ 150&nbsp;\u00bb annexions<\/a>. C\u2019\u00e9tait, en somme, l\u2019ordre du monde. Depuis la fin de la Seconde Guerre mondiale, il n\u2019y en a eu qu\u2019une poign\u00e9e. En 1950, la Chine a annex\u00e9 le Tibet. En 1974, la Turquie est intervenue militairement \u00e0 Chypre, devenue ind\u00e9pendante en 1960, et a occup\u00e9 38 % de l\u2019\u00eele. En 1983, ce territoire s\u00e9cessionniste s\u2019est proclam\u00e9 R\u00e9publique turque de Chypre du Nord. Cette r\u00e9publique, cr\u00e9\u00e9e par l\u2019occupation de la Turquie et contr\u00f4l\u00e9e par elle, n\u2019est pas reconnue par l\u2019Onu. Le cas est consid\u00e9r\u00e9 comme une annexion de facto. En 1975, l\u2019Indon\u00e9sie a annex\u00e9 le Timor oriental, avant que celui-ci ne retrouve son ind\u00e9pendance, en 2002, apr\u00e8s une administration provisoire par l\u2019Onu. En 1976, le Sahara occidental a cess\u00e9 d\u2019\u00eatre une colonie espagnole mais le territoire, revendiqu\u00e9 \u00e0 la fois par le <a href=\"https:\/\/fr.wikipedia.org\/wiki\/Maroc\">Maroc<\/a> et par la R\u00e9publique arabe sahraouie d\u00e9mocratique, proclam\u00e9e par le <a href=\"https:\/\/fr.wikipedia.org\/wiki\/Front_Polisario\">Front Polisario<\/a>, n\u2019a jamais \u00e9t\u00e9 un \u00c9tat ind\u00e9pendant et n\u2019a jamais eu de statut juridique d\u00e9finitif. En <a href=\"https:\/\/fr.wikipedia.org\/wiki\/1975\">1975<\/a>, la CIJ avait rendu un avis consultatif qui confirmait l\u2019existence de liens historiques entre les populations du Sahara occidental et le Maroc, ainsi que l\u2019ensemble mauritanien, mais que ces liens n\u2019\u00e9tablissaient pas un lien de souverainet\u00e9 territoriale et qu\u2019un droit \u00e0 l\u2019autod\u00e9termination \u00e9tait ouvert. Le Maroc a rejet\u00e9 les conclusions de la Cour. Peu apr\u00e8s, un accord avait \u00e9t\u00e9 conclu par l\u2019Espagne, qui donnait les deux tiers nord au Maroc et le tiers sud \u00e0 la Mauritanie, sans consultation des Sahraouis. En 1979, la Mauritanie a c\u00e9d\u00e9 sa partie au Front Polisario. La m\u00eame ann\u00e9e, le Maroc a annonc\u00e9 l\u2019annexion du territoire. Aux yeux de l\u2019Onu, le Sahara occidental demeure un territoire sans administration. Juridiquement, c\u2019est un territoire occup\u00e9. Enfin, en 1990, l\u2019Irak a envahi le Kowe\u00eft, avant que cette annexion soit annul\u00e9e l\u2019ann\u00e9e suivante par une massive intervention arm\u00e9e internationale, men\u00e9e par les \u00c9tats-Unis.<\/p>\n\n\n\n<p>La carte propos\u00e9e par Justice Info exclut les disputes de fronti\u00e8res. Il ne s\u2019agit pas non plus d\u2019une carte historique des annexions. Elle n\u2019int\u00e8gre pas certains cas d\u2019annexions du si\u00e8cle dernier, \u00e9voqu\u00e9es ci-dessus, et traite exclusivement du retour actuel \u00e0 une nouvelle \u00e8re d\u2019envahisseurs. Celle-ci n\u2019est pas d\u00e9nu\u00e9 de pulsions nationalistes, mais frappe particuli\u00e8rement par sa motivation \u00e9conomique, de contr\u00f4le et d\u2019exploitation de <a href=\"https:\/\/www.justiceinfo.net\/fr\/141042-ruee-vers-or-temps-modernes-nord-kivu-que-peut-droit.html\">ressources naturelles<\/a> consid\u00e9r\u00e9es comme strat\u00e9giques. Cette mappemonde vise \u00e0 mettre en lumi\u00e8re l\u2019acc\u00e9l\u00e9ration r\u00e9cente de la pratique ou des projets d\u2019annexion, d\u00e9fiant le droit international qui a r\u00e9gi les 80 derni\u00e8res ann\u00e9es, symbolis\u00e9e par les \u00e9v\u00e9nements en <a href=\"https:\/\/www.justiceinfo.net\/fr\/regions\/ukraine\">Ukraine<\/a> et en <a href=\"https:\/\/www.justiceinfo.net\/fr\/regions\/palestine\">Palestine<\/a>, et par les d\u00e9clarations publiques de la nouvelle administration am\u00e9ricaine.<\/p>\n\n\n\n<figure class=\"wp-block-image size-full\"><img loading=\"lazy\" decoding=\"async\" width=\"1200\" height=\"801\" src=\"https:\/\/www.justiceinfo.net\/wp-content\/uploads\/Palestine-West-Bank_israeli-armoured-vehicle-street_@Jaafar-Ashtiyeh-AFP.jpg\" alt=\"Notre tour du monde des pays envahisseurs (auteurs d'annexions). Photo : des v\u00e9hicules arm\u00e9s isra\u00e9liens patrouillent dans une rue de J\u00e9nine, en territoire occup\u00e9 palestinien.\" class=\"wp-image-142392\" srcset=\"https:\/\/www.justiceinfo.net\/wp-content\/uploads\/Palestine-West-Bank_israeli-armoured-vehicle-street_@Jaafar-Ashtiyeh-AFP.jpg 1200w, https:\/\/www.justiceinfo.net\/wp-content\/uploads\/Palestine-West-Bank_israeli-armoured-vehicle-street_@Jaafar-Ashtiyeh-AFP-540x360.jpg 540w, https:\/\/www.justiceinfo.net\/wp-content\/uploads\/Palestine-West-Bank_israeli-armoured-vehicle-street_@Jaafar-Ashtiyeh-AFP-1000x668.jpg 1000w, https:\/\/www.justiceinfo.net\/wp-content\/uploads\/Palestine-West-Bank_israeli-armoured-vehicle-street_@Jaafar-Ashtiyeh-AFP-1110x741.jpg 1110w\" sizes=\"auto, (max-width: 1200px) 100vw, 1200px\" \/><figcaption class=\"wp-element-caption\">Des tanks isra\u00e9liens patrouillent dans la ville de J\u00e9nine, en territoire occup\u00e9 palestinien. L\u2019occupation et la colonisation isra\u00e9liennes en Palestine et en Syrie se sont accompagn\u00e9es d\u2019annexions pures et simples au fil des d\u00e9cennies.&nbsp;Photo : \u00a9 Jaafar Ashtiyeh \/ AFP<\/figcaption><\/figure>\n\n\n\n<hr class=\"wp-block-separator has-alpha-channel-opacity\"\/>\n\n\n\n<div style=\"height:20px\" aria-hidden=\"true\" class=\"wp-block-spacer\"><\/div>\n\n\n\n<p class=\"has-text-align-center\">- <strong>Annexions en cours<\/strong> -<\/p>\n\n\n\n<h2 class=\"wp-block-heading\" id=\"h-la-federation-de-russie-contre-la-georgie-et-l-ukraine\">La F\u00e9d\u00e9ration de Russie contre la G\u00e9orgie et l\u2019Ukraine<\/h2>\n\n\n\n<p>La Russie de Vladimir Poutine a sans doute \u00e9t\u00e9 le grand pr\u00e9curseur et principal moteur du retour sur la sc\u00e8ne mondiale du principe de conqu\u00eate de territoires par la force. Ce fut d\u2019abord la prise de 20 % du territoire g\u00e9orgien apr\u00e8s la guerre de 2008. La m\u00e9thode, ici, \u00e9tait \u00ab&nbsp;\u00e0 l\u2019ancienne&nbsp;\u00bb en quelque sorte, sous couvert d\u2019un soutien \u00e0 des \u00ab&nbsp;autonomistes&nbsp;\u00bb oss\u00e8tes et abkhazes. Puis ce fut l\u2019annexion directe de la Crim\u00e9e ukrainienne en 2014, l\u2019appui \u00e0 une guerre s\u00e9paratiste pro-russe dans le Donbass, avant l\u2019invasion g\u00e9n\u00e9rale de l\u2019Ukraine en 2022 et l\u2019annexion officielle du sud et de l\u2019est de ce pays, en septembre 2022, repr\u00e9sentant <a href=\"https:\/\/reporterre.net\/Un-enjeu-cache-de-la-guerre-en-Ukraine-les-matieres-premieres\">environ 20 % du territoire national ukrainien<\/a>. Le Donbass est notamment riche en charbon, fer, mangan\u00e8se et lithium, tandis que la Mer noire rec\u00e8le d\u2019importants gisements de p\u00e9trole et de gaz.<\/p>\n\n\n\n<p>L\u2019Ukraine, <a href=\"https:\/\/www.justiceinfo.net\/fr\/122139-soutien-historique-ukraine-cour-onu.html\">appuy\u00e9e par 33 autres pays<\/a>, poursuit la Russie devant la Cour internationale de justice, m\u00eame si sa plainte ne repose pas sur l\u2019agression elle-m\u00eame, mais sur sa justification. \u00ab&nbsp;La Russie m\u00e8ne une guerre contre mon pays au nom de ce terrible mensonge, selon lequel l\u2019Ukraine commet un g\u00e9nocide contre son propre peuple&nbsp;\u00bb, a ainsi d\u00e9clar\u00e9 l\u2019ambassadeur d\u2019Ukraine aux Pays-Bas, dans son allocution devant la CIJ, en septembre 2023. En mars 2022, la Cour a acc\u00e9d\u00e9 \u00e0 la demande ukrainienne de mesures dites conservatoires. <a href=\"https:\/\/www.justiceinfo.net\/fr\/88951-cour-internationale-de-justice-ordonne-russie-fin-invasion-ukraine.html\">Les juges ont ordonn\u00e9 \u00e0 la F\u00e9d\u00e9ration de Russie de suspendre imm\u00e9diatement leurs op\u00e9rations militaires<\/a> en Ukraine.<\/p>\n\n\n\n<p>L\u2019Ukraine a \u00e9galement engag\u00e9 une autre proc\u00e9dure contre la Russie devant la CIJ, qui remonte au d\u00e9but des hostilit\u00e9s en 2014. <a href=\"https:\/\/www.justiceinfo.net\/fr\/90175-ukraine-russie-cour-europeenne-droits-homme-peut-faire.html\">Elle a aussi port\u00e9 plainte devant la Cour europ\u00e9enne des droits de l\u2019homme<\/a>, et les dirigeants ukrainiens demandent la cr\u00e9ation d\u2019un <a href=\"https:\/\/www.justiceinfo.net\/fr\/110149-tout-savoir-batailler-tribunal-special-crime-agression-russie.html\">tribunal sp\u00e9cial sur le crime d\u2019agression<\/a>. De son c\u00f4t\u00e9, la CPI a lanc\u00e9 sa propre enqu\u00eate sur les crimes de guerre et crimes contre l\u2019humanit\u00e9 commis dans ce conflit, d\u00e9livrant un <a href=\"https:\/\/www.justiceinfo.net\/fr\/114122-mandats-darret-de-la-cpi-contre-poutine-que-disent-les-experts.html\">mandat d\u2019arr\u00eat \u00e0 l\u2019encontre de Poutine<\/a>, le 17 mars 2023.<\/p>\n\n\n\n<h2 class=\"wp-block-heading\" id=\"h-israel-contre-la-palestine-et-la-syrie-nbsp\">Isra\u00ebl contre la Palestine et la Syrie&nbsp;<\/h2>\n\n\n\n<p>Officiellement, Isra\u00ebl n\u2019annexe pas les territoires palestiniens occup\u00e9s de Gaza et de Cisjordanie, mais l\u2019extr\u00eame droite isra\u00e9lienne, qui fait partie de la coalition au pouvoir, <a href=\"https:\/\/www.radiofrance.fr\/franceinter\/podcasts\/geopolitique\/geopolitique-du-mercredi-13-novembre-2024-3882059\">affiche publiquement son ambition<\/a> de s\u2019accaparer ce qui reste de la Palestine autonome.<\/p>\n\n\n\n<p>En marche depuis des d\u00e9cennies, avec des \u00e9tapes marquantes comme lors de l\u2019\u00e9rection du mur d\u00e9marr\u00e9e en 2002, la colonisation en Cisjordanie s\u2019est fortement acc\u00e9l\u00e9r\u00e9e depuis le 7 octobre 2023. En 1967 d\u00e9j\u00e0, Isra\u00ebl a annex\u00e9 J\u00e9rusalem-Est, qui fait partie de la Cisjordanie occup\u00e9e. Depuis 1981, Isra\u00ebl consid\u00e8re par ailleurs l\u2019ensemble du plateau du Golan, pris \u00e0 la Syrie lors de la guerre des six jours en 1967, comme faisant partie du territoire isra\u00e9lien. Cette annexion est uniquement reconnue par les \u00c9tats-Unis, depuis 2019, sous la premi\u00e8re pr\u00e9sidence de Donald Trump.<\/p>\n\n\n\n<p>Le 8 d\u00e9cembre 2024, alors que le r\u00e9gime syrien de Bachar el-Assad \u00e9tait en train de tomber, l\u2019arm\u00e9e isra\u00e9lienne s\u2019est d\u00e9ploy\u00e9e dans la zone tampon d\u00e9militaris\u00e9e du plateau du Golan, situ\u00e9e entre la partie d\u00e9j\u00e0 annex\u00e9e par l\u2019\u00c9tat h\u00e9breu et le territoire syrien. Le lendemain, le Premier ministre isra\u00e9lien Benjamin Netanyahu a d\u00e9clar\u00e9 que la partie du plateau du Golan syrien annex\u00e9e <a href=\"https:\/\/www.lemonde.fr\/international\/live\/2024\/12\/09\/en-direct-guerre-au-proche-orient-pour-benyamin-netanyahou-la-partie-du-plateau-du-golan-syrien-annexee-appartient-a-israel-pour-l-eternite_6434801_3210.html\">appartient \u00e0 Isra\u00ebl \u00ab\u00a0pour l\u2019\u00e9ternit\u00e9\u00a0\u00bb<\/a>. Le 15 d\u00e9cembre, son gouvernement a approuv\u00e9 un projet visant \u00e0 doubler la population des colons juifs dans la partie du Golan annex\u00e9e.<\/p>\n\n\n\n<p>Jamais depuis la cr\u00e9ation d\u2019Isra\u00ebl en 1948, l\u2019id\u00e9e d\u2019un \u00ab&nbsp;Grand Isra\u00ebl&nbsp;\u00bb allant du Jourdain \u00e0 la M\u00e9diterran\u00e9e et du Golan au Sina\u00ef, accompagn\u00e9e d\u2019une nouvelle expulsion de masse du peuple palestinien apr\u00e8s celle de 1948, n\u2019a \u00e9t\u00e9 \u00e9voqu\u00e9e ou assum\u00e9e aussi ouvertement qu\u2019aujourd\u2019hui, avec l\u2019appui de la nouvelle administration Trump.<\/p>\n\n\n\n<p>La destruction \u00e0 Gaza et la colonisation en Cisjordanie ont \u00e9t\u00e9 port\u00e9es devant les deux juridictions internationales, la CPI et la CIJ, toutes deux bas\u00e9es \u00e0 La Haye. Mais Isra\u00ebl ne reconna\u00eet pas la CPI et n\u2019a pas respect\u00e9 un premier avis consultatif de la CIJ qui avait consid\u00e9r\u00e9, en 2004, la construction du mur comme ill\u00e9gal, puis un autre <a href=\"https:\/\/news.un.org\/fr\/story\/2024\/07\/1147211\">en juillet 2024<\/a>, qualifiant sa pr\u00e9sence dans les territoires palestiniens d\u2019ill\u00e9gale, car correspondant \u00e0 une annexion de facto, entre autres en raison du non respect des obligations d\u2019une puissance occupante en vertu du droit international humanitaire.<\/p>\n\n\n\n<h2 class=\"wp-block-heading\" id=\"h-le-rwanda-contre-la-republique-democratique-du-congo-nbsp\">Le Rwanda contre la R\u00e9publique d\u00e9mocratique du Congo&nbsp;<\/h2>\n\n\n\n<p>Les conflits arm\u00e9s dans l\u2019Est de la R\u00e9publique d\u00e9mocratique du Congo (RDC), et plus sp\u00e9cifiquement dans les provinces du Nord-Kivu et du Sud-Kivu, n\u2019ont pratiquement pas cess\u00e9 depuis 1996, date de la premi\u00e8re invasion des forces arm\u00e9es rwandaises. Cette attaque \u00e9tait au d\u00e9part directement li\u00e9 au g\u00e9nocide des Tutsis au Rwanda en 1994, \u00e0 la pr\u00e9sence \u00e0 la fronti\u00e8re rwandaise d\u2019immenses camps de r\u00e9fugi\u00e9s contr\u00f4l\u00e9s par des g\u00e9nocidaires en fuite, d\u2019o\u00f9 ils menaient des incursions meurtri\u00e8res en territoire rwandais.&nbsp;<\/p>\n\n\n\n<p>Depuis trois d\u00e9cennies, tout le Nord-Est de la RDC est le th\u00e9\u00e2tre de violences commises par divers groupes arm\u00e9s, en partie appuy\u00e9s en sous-main par le Rwanda et l\u2019Ouganda. Une situation de crise permanente qui dissimule un pillage en r\u00e8gle des nombreuses ressources mini\u00e8res dans cette r\u00e9gion (cobalt, coltan, lithium, or, etc.), enjeu central du conflit. A l\u2019issue d\u2019une nouvelle offensive \u00e9clair men\u00e9e par le M23, mouvement arm\u00e9 sponsoris\u00e9 par le Rwanda, et d\u2019environ 4.000 soldats rwandais, les deux provinces du Kivu, Nord et Sud, sont pass\u00e9es sous contr\u00f4le du M23 et de l\u2019arm\u00e9e rwandaise, en janvier et f\u00e9vrier 2025.<\/p>\n\n\n\n<p>Il n\u2019y a <a href=\"https:\/\/www.justiceinfo.net\/fr\/141042-ruee-vers-or-temps-modernes-nord-kivu-que-peut-droit.html\">officiellement pas de volont\u00e9 d\u2019annexion<\/a> de ces territoires par le Rwanda. Il s\u2019agit pour l\u2019heure d\u2019une agression et d\u2019une occupation. Mais <a href=\"https:\/\/africanarguments.org\/2023\/05\/lines-through-the-lake-why-the-congo-rwanda-border-cant-be-redrawn\/\">l\u2019histoire des ambitions territoriales rwandaises<\/a> dans cette r\u00e9gion date au moins de la fin du XIX<sup>e<\/sup> si\u00e8cle. Une partie du Front patriotique rwandais, au pouvoir au Rwanda depuis 1994, entretient de longue date l\u2019id\u00e9e que ce territoire revient naturellement au Rwanda et serait rwandais si les colons europ\u00e9ens n\u2019y \u00e9taient pas venus, \u00e0 la veille du XX<sup>e<\/sup> si\u00e8cle, pour en fixer et figer les fronti\u00e8res qui pr\u00e9valent aujourd\u2019hui. La suspicion sur les r\u00e9elles intentions du Rwanda est donc ancienne. Et la rapidit\u00e9 avec laquelle le Rwanda semble s\u2019\u00eatre engouffr\u00e9 dans la nouvelle \u00e8re g\u00e9opolitique ouverte par le retour de Trump au pouvoir, donnant le feu vert aux ambitions de conqu\u00eate territoriale, renforce les soup\u00e7ons sur le r\u00e9veil expansionniste rwandais.<\/p>\n\n\n\n<p><a href=\"https:\/\/theconversation.com\/drc-vs-rwanda-at-the-african-court-why-it-could-be-a-decisive-moment-for-human-rights-and-justice-on-the-continent-250074?utm_medium=email&amp;utm_campaign=Latest%20from%20The%20Conversation%20for%20February%2023%202025%20-%203270633400&amp;utm_content=Latest%20from%20The%20Conversation%20for%20February%2023%202025%20-%203270633400+CID_ce66a5327820606c2bddad28154c360d&amp;utm_source=campaign_monitor_africa&amp;utm_term=DRC%20vs%20Rwanda%20at%20the%20African%20Court%20why%20it%20could%20be%20a%20decisive%20moment%20for%20human%20rights%20and%20justice%20on%20the%20continent\">Une plainte a \u00e9t\u00e9 d\u00e9pos\u00e9e par la RDC<\/a> devant la Cour des \u00c9tats d\u2019Afrique de l\u2019Est et une autre devant la Cour africaine des droits de l\u2019homme et des peuples. Cette derni\u00e8re doit d\u00e9cider bient\u00f4t de son admissibilit\u00e9. \u00c0 la lumi\u00e8re de l\u2019aggravation du conflit et sur une nouvelle demande de la RDC, le procureur de la CPI a \u00e9galement rouvert, <a href=\"https:\/\/www.icc-cpi.int\/news\/statement-icc-prosecutor-karim-aa-khan-kc-situation-democratic-republic-congo-and-renewed\">en octobre 2024<\/a>, son enqu\u00eate sur le Nord-Kivu.<\/p>\n\n\n\n<h2 class=\"wp-block-heading\" id=\"h-la-chine-en-mer-de-chine-nbsp-meridionale\">La Chine en mer de Chine&nbsp;m\u00e9ridionale<\/h2>\n\n\n\n<p>C\u2019est une mer d\u2019une importance strat\u00e9gique majeure pour le monde et pour le g\u00e9ant chinois&nbsp;: 30 % du commerce mondial et 25 % du p\u00e9trole transport\u00e9 par mer transitent par les eaux de <a href=\"https:\/\/geoconfluences.ens-lyon.fr\/informations-scientifiques\/a-la-une\/carte-a-la-une\/mer-de-chine-meridionale\">la mer de Chine m\u00e9ridionale<\/a>, qui renferment des ressources consid\u00e9rables, dont du gaz et du p\u00e9trole. En dehors de la Chine, le Vietnam, les Philippines, la Malaisie, l\u2019Indon\u00e9sie, Ta\u00efwan, Brunei et m\u00eame Singapour en revendiquent une partie. Mais depuis environ quinze ans, c\u2019est la Chine qui y \u00e9tend son emprise, \u00e0 travers la construction unilat\u00e9rale d\u2019\u00eeles artificielles et l\u2019installation de bases navales et a\u00e9riennes, une <a href=\"https:\/\/theconversation.com\/iles-artificielles-la-strategie-risquee-de-pekin-en-mer-de-chine-meridionale-198832\">succession de \u00ab&nbsp;faits accomplis&nbsp;\u00bb<\/a> et d\u2019affirmations qui visent \u00e0 \u00e9tendre sa \u00ab&nbsp;zone \u00e9conomique exclusive&nbsp;\u00bb en red\u00e9finissant les espaces maritimes.<\/p>\n\n\n\n<p>Le cas est particulier, note Sass\u00f2li, car les \u00eelots rocheux contest\u00e9s sont d\u00e9pourvus d\u2019habitants. Mais le contentieux a \u00e9t\u00e9 port\u00e9 devant la justice par les Philippines, qui ont port\u00e9 plainte aupr\u00e8s du Tribunal sur le droit de la mer, qui a saisi la Cour permanente d\u2019arbitrage \u00e0 la Haye. Celle-ci a estim\u00e9, en 2016, que <a href=\"https:\/\/docs.pca-cpa.org\/2016\/07\/PH-CN-20160712-Press-Release-No-11-French.pdf\">la Chine avait viol\u00e9 les droits souverains des Philippines<\/a> relatifs \u00e0 sa zone \u00e9conomique exclusive et \u00e0 son plateau continental, sans que P\u00e9kin ne se conforme \u00e0 cette d\u00e9cision.<\/p>\n\n\n\n<figure class=\"wp-block-image size-full\"><img loading=\"lazy\" decoding=\"async\" width=\"1200\" height=\"800\" src=\"https:\/\/www.justiceinfo.net\/wp-content\/uploads\/Greenland_Nuuk-stret-people_@Odd-Andersen-AFP.jpg\" alt=\"Notre tour du monde des pays envahisseurs (auteurs d'annexions). Photo : un couple marche de dos dans une rue de Nuuk enneig\u00e9.\" class=\"wp-image-142400\" srcset=\"https:\/\/www.justiceinfo.net\/wp-content\/uploads\/Greenland_Nuuk-stret-people_@Odd-Andersen-AFP.jpg 1200w, https:\/\/www.justiceinfo.net\/wp-content\/uploads\/Greenland_Nuuk-stret-people_@Odd-Andersen-AFP-540x360.jpg 540w, https:\/\/www.justiceinfo.net\/wp-content\/uploads\/Greenland_Nuuk-stret-people_@Odd-Andersen-AFP-1000x667.jpg 1000w, https:\/\/www.justiceinfo.net\/wp-content\/uploads\/Greenland_Nuuk-stret-people_@Odd-Andersen-AFP-1110x740.jpg 1110w\" sizes=\"auto, (max-width: 1200px) 100vw, 1200px\" \/><figcaption class=\"wp-element-caption\">Les Groenlandais ont tourn\u00e9 le dos \u00e0 l\u2019offre d\u2019achat du pr\u00e9sident am\u00e9ricain.&nbsp;Photo : \u00a9 Odd Andersen \/ AFP<\/figcaption><\/figure>\n\n\n\n<hr class=\"wp-block-separator has-alpha-channel-opacity\"\/>\n\n\n\n<div style=\"height:20px\" aria-hidden=\"true\" class=\"wp-block-spacer\"><\/div>\n\n\n\n<p class=\"has-text-align-center\"><strong>- Menaces d\u2019annexion -<\/strong><\/p>\n\n\n\n<h2 class=\"wp-block-heading\" id=\"h-les-etats-unis-contre-le-panama-le-groenland-et-gaza\">Les \u00c9tats-Unis contre le Panama, le Groenland et Gaza<\/h2>\n\n\n\n<p>En janvier 2025, les \u00c9tats-Unis de Donald Trump sont \u00e0 leur tour entr\u00e9s officiellement dans le concert des nations entendant s\u2019approprier de nouveaux territoires. Le pr\u00e9sident am\u00e9ricain a annonc\u00e9 vouloir prendre le contr\u00f4le du canal de Panama ainsi que de la bande de Gaza, d\u00e9peupl\u00e9e de ses habitants palestiniens, et d\u2019acheter le Groenland, y compris par la menace de sanctions et de pressions financi\u00e8res contre le Danemark. Le Groenland est un territoire autonome du royaume du Danemark, qui en ma\u00eetrise la politique mon\u00e9taire, la d\u00e9fense et la diplomatie.<\/p>\n\n\n\n<p>Ni le Panama, ni le peuple groenlandais ou le gouvernement danois, ni les Palestiniens n\u2019acceptent de passer sous souverainet\u00e9 am\u00e9ricaine. Le projet am\u00e9ricain pour Gaza, qui comprend l\u2019\u00e9vacuation sans retour de tous les Palestiniens, n\u2019a \u00e9t\u00e9 positivement accueilli que par le gouvernement isra\u00e9lien. En plus d\u2019une violation du droit international, il constituerait, selon l\u2019avocate isra\u00e9lienne Ya\u00ebl Vias Gvirsman, <a href=\"https:\/\/www.justiceinfo.net\/fr\/141879-une-guerre-juste-ne-justifie-pas-tous-les-moyens.html\">un \u00ab&nbsp;crime contre l\u2019humanit\u00e9&nbsp;\u00bb<\/a>.<\/p>\n\n\n\n<p>L\u2019importance strat\u00e9gique du Groenland s\u2019est accrue ces derni\u00e8res ann\u00e9es, notamment du fait de la fonte des glaces due au r\u00e9chauffement climatique. Celle-ci permettrait l\u2019ouverture de nouvelles routes commerciales qui r\u00e9duiraient de pr\u00e8s d\u2019un tiers le temps de voyage entre l\u2019Asie de l\u2019Est et l\u2019Europe. Par ailleurs, la plus grande \u00eele du monde poss\u00e8de de vastes r\u00e9serves d\u2019eau tr\u00e8s pure, d\u2019importants gisements de sable, et regorge de richesses mini\u00e8res dans son sous-sol, comme le fer, le nickel, l\u2019or, l\u2019uranium ou les m\u00e9taux rares, comme le cobalt, n\u00e9cessaires \u00e0 la fabrication des t\u00e9l\u00e9phones portables.<\/p>\n\n\n\n<p>En juillet 2021, le gouvernement autonome du Groenland a interdit l\u2019exploration et l\u2019exploitation p\u00e9troli\u00e8res. Mais \u00ab pour la s\u00e9curit\u00e9 nationale et la libert\u00e9 \u00e0 travers le monde, les \u00c9tats-Unis d\u2019Am\u00e9rique estiment que la propri\u00e9t\u00e9 et le contr\u00f4le du Groenland sont une n\u00e9cessit\u00e9 absolue \u00bb, <a href=\"https:\/\/legrandcontinent.eu\/fr\/2025\/02\/21\/que-veut-trump-en-arctique-geopolitique-des-ambitions-imperiales-au-groenland\/\">a d\u00e9clar\u00e9 Trump sur son r\u00e9seau social<\/a>, en d\u00e9cembre dernier.<\/p>\n\n\n\n<p>Ajoutons enfin que Trump a \u00e9galement souhait\u00e9 que le Canada devienne le 51<sup>e<\/sup> \u00c9tat des \u00c9tats-Unis, ce que <a href=\"https:\/\/www.lexpress.fr\/monde\/amerique\/donald-trump-les-menace-dannexion-la-reponse-ferme-du-panama-du-groenland-et-du-canada-4VJCTXAOQNCVXFOIPIFJPVH6S4\/?cmp_redirect=true\">les Canadiens ont cat\u00e9goriquement rejet\u00e9<\/a>.<\/p>\n\n\n\n<h2 class=\"wp-block-heading\" id=\"h-la-chine-contre-taiwan\">La Chine contre Ta\u00efwan<\/h2>\n\n\n\n<p>De droit, la R\u00e9publique populaire de Chine consid\u00e8re Ta\u00efwan comme sa 23<sup>e<\/sup> province. <em>\u00ab&nbsp;Personne ne peut arr\u00eater la tendance historique de la r\u00e9unification de la m\u00e8re patrie&nbsp;\u00bb<\/em>, a d\u00e9clar\u00e9 le pr\u00e9sident chinois Xi Jinping dans <a href=\"https:\/\/www.lemonde.fr\/international\/article\/2024\/12\/31\/le-president-chinois-xi-jinping-juge-que-personne-ne-peut-arreter-la-reunification-avec-taiwan_6475445_3210.html\">un discours diffus\u00e9 par les m\u00e9dias d\u2019\u00c9tat<\/a>, le 31 d\u00e9cembre 2024. \u00ab Une n\u00e9cessit\u00e9 pour la grande r\u00e9juv\u00e9nation de la nation chinoise dans la nouvelle \u00e8re \u00bb&nbsp;: c\u2019est en ces termes que le chef d\u2019\u00c9tat chinois avait d\u00e9j\u00e0 \u00e9voqu\u00e9 la \u00ab r\u00e9unification \u00bb avec Ta\u00efwan, <a href=\"https:\/\/politiqueinternationale.com\/revue\/n163\/article\/le-reve-taiwanais-de-xi-jinping\">lors d\u2019un pr\u00e9c\u00e9dent discours en janvier 2019<\/a>.&nbsp;<\/p>\n\n\n\n<p>Toute l\u2019ambigu\u00eft\u00e9 de la situation de Taiwan, sur un plan purement juridique, est que Taiwan n\u2019a jamais fait s\u00e9cession de la Chine mais consid\u00e8re que c\u2019est lui qui repr\u00e9sente la Chine, souligne Sass\u00f2li. P\u00e9kin revendique l\u2019\u00eele comme partie int\u00e9grante de son territoire et n\u2019a jamais renonc\u00e9 \u00e0 employer la force militaire pour y parvenir. Ces derni\u00e8res ann\u00e9es, la pression militaire n\u2019a cess\u00e9 de s\u2019accentuer. En 2022, la Chine a men\u00e9 de vastes exercices militaires autour de l\u2019\u00eele. En octobre 2024, Ta\u00efwan a d\u00e9clar\u00e9 avoir d\u00e9tect\u00e9 un nombre record de 153 avions militaires chinois en 25 heures&nbsp;: P\u00e9kin avait organis\u00e9 des exercices \u00e0 grande \u00e9chelle qualifi\u00e9s d<em>\u2019\u00ab&nbsp;avertissement s\u00e9v\u00e8re&nbsp;\u00bb <\/em>\u00e0 l\u2019encontre des<em> \u00ab&nbsp;forces pro-ind\u00e9pendance de Ta\u00efwan&nbsp;\u00bb.<\/em><\/p>\n\n\n\n<p>Dans un article paru dans Politique Internationale en 2019, Matthieu Duchatel, chercheur \u00e0 Sciences Po, explique que \u00ab&nbsp;la loi \u2018anti-s\u00e9cession\u2019 du 14 mars 2005 pr\u00e9cise dans quelles circonstances la Chine se r\u00e9serve le droit de recourir \u00e0 la force : en cas de d\u00e9claration d\u2019ind\u00e9pendance ; si les conditions susceptibles de mener \u00e0 une solution pacifique ne sont plus r\u00e9unies ; ou si un \u00e9v\u00e9nement majeur provoque une s\u00e9paration d\u00e9finitive entre Ta\u00efwan et le continent&nbsp;\u00bb. Le sp\u00e9cialiste \u00e9crivait alors que \u00ab&nbsp;si la Chine estime que les \u00c9tats-Unis pourraient ne pas intervenir, une offensive contre Ta\u00efwan devient possible&nbsp;\u00bb.<\/p>\n\n\n\n<p>\u00ab&nbsp;R\u00e9soudre la question de Ta\u00efwan est une question qui appartient au peuple chinois&nbsp;\u00bb, a d\u00e9clar\u00e9 Xi Yinping dans <a href=\"https:\/\/asialyst.com\/fr\/2022\/10\/21\/taiwan-inquietude-apres-menaces-xi-jinping-xxe-congres-parti-communiste-chine\/\">un discours \u00e0 l\u2019ouverture du XX<sup>e<\/sup> Congr\u00e8s du Parti communiste chinois<\/a>, en octobre 2022. \u00ab&nbsp;Nous continuerons \u00e0 nous efforcer de rechercher une solution pacifique avec une grande sinc\u00e9rit\u00e9 mais nous ne promettrons jamais de renoncer \u00e0 l\u2019usage de la force et nous nous r\u00e9servons le droit de recourir \u00e0 toutes options n\u00e9cessaires. La r\u00e9unification compl\u00e8te de notre pays doit \u00eatre r\u00e9alis\u00e9e, elle le peut et elle le sera sans aucun doute.&nbsp;\u00bb<\/p>\n\n\n\n<h2 class=\"wp-block-heading\" id=\"h-l-azerbaidjan-contre-l-armenie\">L\u2019Azerbaidjan contre l\u2019Arm\u00e9nie<\/h2>\n\n\n\n<p>En septembre 2023, l\u2019Azerba\u00efdjan s\u2019est empar\u00e9 de la r\u00e9gion du Haut-Karabakh, une enclave habit\u00e9e \u00e0 99 % par des Arm\u00e9niens et qui a d\u00e9j\u00e0 \u00e9t\u00e9 le th\u00e9\u00e2tre de deux guerres, en 1988-94 (avec une victoire de l\u2019Arm\u00e9nie) et en 2020 (avec une victoire de l\u2019Azerba\u00efdjan, soutenu par la Turquie). D\u00e9sormais partie int\u00e9grante de l\u2019Azerba\u00efdjan, le Haut-Karabakh a \u00e9t\u00e9 presque enti\u00e8rement vid\u00e9 de sa population arm\u00e9nienne, qui est aussi chr\u00e9tienne alors que les Az\u00e9ris sont majoritairement musulmans et turcophones. <a href=\"https:\/\/www.lemonde.fr\/international\/article\/2023\/09\/21\/haut-karabakh-comprendre-ce-conflit-centenaire-qui-embrase-les-relations-entre-azerbaidjan-et-armenie_6190359_3210.html\">Le cas est complexe<\/a>&nbsp;: selon Sass\u00f2li, l\u2019Azerba\u00efdjan pouvait arguer que l\u2019Arm\u00e9nie avait de facto annex\u00e9 le Haut-Karabakh, alors que ce territoire autonome faisait auparavant partie de la r\u00e9publique d\u2019Azerba\u00efdjan, \u00e0 l\u2019\u00e9poque de l\u2019Union sovi\u00e9tique.<\/p>\n\n\n\n<p>Mais un autre grand pan du territoire arm\u00e9nien menace d\u2019\u00eatre annex\u00e9 par Bakou : une bande de terre situ\u00e9e dans le sud de l\u2019Arm\u00e9nie, formant sa fronti\u00e8re avec l\u2019Iran, et qui s\u00e9pare l\u2019Azerba\u00efdjan d\u2019une enclave az\u00e9rie en Arm\u00e9nie, le Nakhitchevan, un cadeau empoisonn\u00e9 de Staline qui date du d\u00e9but du XX<sup>e<\/sup> si\u00e8cle. Le futur chef de l\u2019empire sovi\u00e9tique avait cr\u00e9\u00e9 cette r\u00e9gion autonome en 1921 avant de l\u2019attribuer \u00e0 la r\u00e9publique sovi\u00e9tique d\u2019Azerba\u00efdjan en 1923, en m\u00eame temps qu\u2019il cr\u00e9ait une r\u00e9gion autonome arm\u00e9nienne dans le Haut-Karabakh, enclav\u00e9e, elle, en Azerba\u00efdjan. Deux bombes \u00e0 retardement qui ont tr\u00e8s vite explos\u00e9 apr\u00e8s la d\u00e9sint\u00e9gration de l\u2019Union sovi\u00e9tique, en 1991.<\/p>\n\n\n\n<p>La bande de terre convoit\u00e9e par l\u2019Azerba\u00efdjan est situ\u00e9e dans <a href=\"https:\/\/www.francetvinfo.fr\/monde\/conflit-dans-le-haut-karabakh\/haut-karabakh-pourquoi-l-armenie-redoute-que-le-sud-du-pays-soit-a-son-tour-convoite-par-l-azerbaidjan_6101052.html\">la r\u00e9gion du Sio<\/a><a href=\"https:\/\/www.francetvinfo.fr\/monde\/conflit-dans-le-haut-karabakh\/haut-karabakh-pourquoi-l-armenie-redoute-que-le-sud-du-pays-soit-a-son-tour-convoite-par-l-azerbaidjan_6101052.html\"><\/a><a href=\"https:\/\/www.francetvinfo.fr\/monde\/conflit-dans-le-haut-karabakh\/haut-karabakh-pourquoi-l-armenie-redoute-que-le-sud-du-pays-soit-a-son-tour-convoite-par-l-azerbaidjan_6101052.html\">unik<\/a>, aussi appel\u00e9e Zanguezour, la plus riche province arm\u00e9nienne en min\u00e9raux et qui repr\u00e9sente 15 % du territoire national arm\u00e9nien. Le corridor de Zanguezour est un projet de couloir de transport qui relierait l\u2019Azerba\u00efdjan \u00e0 son territoire enclav\u00e9 du Nakhitchevan, en traversant l\u2019Arm\u00e9nie, sans que celle-ci en ait le contr\u00f4le. Le 7 janvier 2025, dans un entretien avec les m\u00e9dias az\u00e9ris, <a href=\"https:\/\/norharatch.com\/archives\/news\/aliev-le-corridor-de-zanguezour-doit-etre-ouvert-et-le-sera\">le pr\u00e9sident azerba\u00efdjanais Ilham Aliev a d\u00e9clar\u00e9<\/a> que les Arm\u00e9niens \u00ab&nbsp;ne devraient pas constituer une barri\u00e8re g\u00e9ographique entre la Turquie et l\u2019Azerba\u00efdjan. Le corridor de Zanguezour doit \u00eatre ouvert et le sera. Plus t\u00f4t ils comprendront cela, mieux ce sera \u00bb.<\/p>\n\n\n\n<p>L\u2019Arm\u00e9nie rejette ce projet qui porterait atteinte \u00e0 sa souverainet\u00e9.<\/p>\n\n\n\n<figure class=\"wp-block-image size-full\"><img loading=\"lazy\" decoding=\"async\" width=\"1200\" height=\"800\" src=\"https:\/\/www.justiceinfo.net\/wp-content\/uploads\/Guyana_Essequibo-aerial-view_@Roberto-Cisneros-AFP.jpg\" alt=\"Notre tour du monde des pays envahisseurs (auteurs d'annexions). Photo : vue a\u00e9rienne de l\u2019Essequibo, partie occidentale du Guyana.\" class=\"wp-image-142405\" srcset=\"https:\/\/www.justiceinfo.net\/wp-content\/uploads\/Guyana_Essequibo-aerial-view_@Roberto-Cisneros-AFP.jpg 1200w, https:\/\/www.justiceinfo.net\/wp-content\/uploads\/Guyana_Essequibo-aerial-view_@Roberto-Cisneros-AFP-540x360.jpg 540w, https:\/\/www.justiceinfo.net\/wp-content\/uploads\/Guyana_Essequibo-aerial-view_@Roberto-Cisneros-AFP-1000x667.jpg 1000w, https:\/\/www.justiceinfo.net\/wp-content\/uploads\/Guyana_Essequibo-aerial-view_@Roberto-Cisneros-AFP-1110x740.jpg 1110w\" sizes=\"auto, (max-width: 1200px) 100vw, 1200px\" \/><figcaption class=\"wp-element-caption\">Une vue a\u00e9rienne de l\u2019Essequibo, partie occidentale du Guyana. En plus de ses richesses terrestres, ses eaux c\u00f4ti\u00e8res rec\u00e8lent de vastes r\u00e9serves en p\u00e9trole. Photo : \u00a9 Roberto Cisneros \/ AFP<\/figcaption><\/figure>\n\n\n\n<h2 class=\"wp-block-heading\" id=\"h-le-venezuela-contre-guyana\">Le Venezuela contre Guyana<\/h2>\n\n\n\n<p>En 2015, la compagnie p\u00e9troli\u00e8re am\u00e9ricaine ExxonMobil d\u00e9couvre un important gisement de p\u00e9trole <em>offshore, <\/em>au large de l\u2019Essequibo, r\u00e9gion occidentale du Guyana, pays frontalier du Venezuela. L\u2019exploitation commence quatre ans plus tard, et entre 2020 et 2023, la production est multipli\u00e9e par cinq. Cinq nouvelles compagnies p\u00e9troli\u00e8res s\u2019installent. Les r\u00e9serves sont estim\u00e9es \u00e0 11 milliards de barils, davantage que celles du Kowe\u00eft. En 2020, la croissance du pays atteint 86%. L\u2019Essequibo, qui repr\u00e9sente les deux tiers du Guyana et abrite un cinqui\u00e8me de sa population, est \u00e9galement riche en or, diamant, cuivre, bauxite et fer.<\/p>\n\n\n\n<p>La d\u00e9couverte de cette manne p\u00e9troli\u00e8re attise la convoitise du chef d\u2019\u00c9tat v\u00e9n\u00e9zu\u00e9lien, Nicol\u00e0s Maduro, qui, d\u00e8s 2018, renforce sa pr\u00e9sence militaire \u00e0 la fronti\u00e8re. L\u2019Essequibo appartenait au Venezuela lors de son accession \u00e0 l\u2019ind\u00e9pendance en 1811. Annex\u00e9 par les Britanniques en 1840, le territoire est pass\u00e9 sous souverainet\u00e9 de Guyana lors de son Ind\u00e9pendance en 1953, ce que Caracas a toujours contest\u00e9. Traditionnellement, avant les derni\u00e8res menaces de Trump sur le Groenland, les vieux contentieux ont d\u2019ailleurs accompagn\u00e9 toutes les annexions, rappelle Sass\u00f2li&nbsp;: \u00ab&nbsp;Je ne connais pas de cas d\u2019annexion qui n\u2019ait pas sous-jacente une dispute historique.&nbsp;\u00bb<\/p>\n\n\n\n<p>Le Guyana, qui ne dispose que d\u2019une tr\u00e8s petite arm\u00e9e face \u00e0 son grand voisin, a sollicit\u00e9 la CIJ pour trancher le diff\u00e9rend. Mais le Venezuela a refus\u00e9 de reconna\u00eetre la comp\u00e9tence de la Cour. Press\u00e9e par le Guyana, inquiet d\u2019un projet de r\u00e9f\u00e9rendum chez son voisin, <a href=\"https:\/\/icj-cij.org\/sites\/default\/files\/case-related\/171\/171-20231201-ord-01-00-fr.pdf\">la Cour a ordonn\u00e9 au Venezuela<\/a>, en d\u00e9cembre 2023, de \u00ab&nbsp;s\u2019abstenir de toute action qui modifierait le <em>statu quo<\/em> dans l\u2019Essequibo&nbsp;\u00bb. Mais&nbsp;Maduro a maintenu l\u2019organisation de son r\u00e9f\u00e9rendum sur le rattachement de l\u2019Essequibo&nbsp;au Venezuela. Son slogan&nbsp;: <a href=\"https:\/\/geoconfluences.ens-lyon.fr\/actualites\/veille\/breves\/essequibo-crise-geopolitique-entre-le-guyana-et-le-venezuela\">\u00ab&nbsp;El Esequibo es nuestro&nbsp;\u00bb - l\u2019Essequibo est \u00e0 nous<\/a>. Le r\u00e9f\u00e9rendum a donn\u00e9 95&nbsp;% au oui. Le lendemain, le Guyana a fait \u00e9tat d\u2019une incursion sur son territoire par 200 membres des forces sp\u00e9ciales v\u00e9n\u00e9zu\u00e9liennes, d\u00e9guis\u00e9s en civils afin d\u2019organiser des sabotages. Le Venezuela a aussi ordonn\u00e9 l\u2019octroi de licences de sa propre compagnie p\u00e9troli\u00e8re nationale pour exploiter le p\u00e9trole dans l\u2019Essequibo, \u00ab&nbsp;semblant annexer de fait le territoire&nbsp;\u00bb, explique Patrick Blancodini, professeur d\u2019histoire et de g\u00e9ographie, dans la revue G\u00e9oConfluences. En mars 2024, Maduro a franchi une nouvelle \u00e9tape. <a href=\"https:\/\/www.france24.com\/fr\/am\u00e9riques\/20240322-le-venezuela-adopte-une-loi-affirmant-sa-souverainet\u00e9-sur-l-essequibo-une-province-du-guyana\">Une loi a \u00e9t\u00e9 approuv\u00e9e \u00e0 l\u2019unanimit\u00e9<\/a> par l\u2019Assembl\u00e9e nationale v\u00e9n\u00e9zu\u00e9lienne,&nbsp;qui d\u00e9signe le territoire de l\u2019Essequibo comme un nouvel \u00c9tat du Venezuela.<\/p>\n\n\n<div class=\"articleLink articleLink--editorRecommanded articleLink--textInImage articleLink--textTop\" style=\"\">\r\n\t\t\t\t\t\r\n\t\t\t<div class=\"articleLinkSurTitle\">Recommand\u00e9 par la r\u00e9daction<\/div>\r\n\t\t\t<a class=\"articleLinkImageLink\" href=\"https:\/\/www.justiceinfo.net\/fr\/140446-la-cpi-peut-elle-survivre-aux-sanctions-americaines-partie-1.html\"><div class=\"articleLinkImageContainer \"><img loading=\"lazy\" decoding=\"async\" width=\"540\" height=\"360\" src=\"https:\/\/www.justiceinfo.net\/wp-content\/uploads\/USA_Donald-Trump-raises-his-fist-front_@Charly-Triballeau-AFP-540x360.jpg\" class=\"articleLinkImage backgroundImageTag w-100 wp-post-image\" alt=\"Donald Trump redevient pr\u00e9sident des \u00c9tats-Unis, ce 20 janvier 2025. Quel danger cela repr\u00e9sente-t-il pour la Cour p\u00e9nale internationale (CPI) ?Photo : Donald Trump (de face) l\u00e8ve le poing.\" srcset=\"https:\/\/www.justiceinfo.net\/wp-content\/uploads\/USA_Donald-Trump-raises-his-fist-front_@Charly-Triballeau-AFP-540x360.jpg 540w, https:\/\/www.justiceinfo.net\/wp-content\/uploads\/USA_Donald-Trump-raises-his-fist-front_@Charly-Triballeau-AFP-1000x667.jpg 1000w, https:\/\/www.justiceinfo.net\/wp-content\/uploads\/USA_Donald-Trump-raises-his-fist-front_@Charly-Triballeau-AFP-1110x740.jpg 1110w, https:\/\/www.justiceinfo.net\/wp-content\/uploads\/USA_Donald-Trump-raises-his-fist-front_@Charly-Triballeau-AFP.jpg 1200w\" sizes=\"auto, (max-width: 540px) 100vw, 540px\" \/><\/div><\/a>\r\n\t\t\t<a href=\"https:\/\/www.justiceinfo.net\/fr\/140446-la-cpi-peut-elle-survivre-aux-sanctions-americaines-partie-1.html\" class=\"articleLinkTitle articleLinkTitle--default\">\r\n\t\t\tLa CPI peut-elle survivre aux sanctions am\u00e9ricaines\u00a0? (Partie 1)\r\n\t\t<\/a>\r\n\t\t\r\n\t\t\t\t<\/div>\n\n\n\n<figure class=\"wp-block-image size-full\"><img loading=\"lazy\" decoding=\"async\" width=\"1200\" height=\"800\" src=\"https:\/\/www.justiceinfo.net\/wp-content\/uploads\/Invaders-Envahisseurs_David-worldwide_@Justice-Info.jpg\" alt=\"Le retour des envahisseurs - Affiche de la s\u00e9rie &quot;Les Envahisseurs&quot; remani\u00e9e. Une carte du Monde est incrust\u00e9e dans le ciel \u00e9toil\u00e9.\" class=\"wp-image-142415\" srcset=\"https:\/\/www.justiceinfo.net\/wp-content\/uploads\/Invaders-Envahisseurs_David-worldwide_@Justice-Info.jpg 1200w, https:\/\/www.justiceinfo.net\/wp-content\/uploads\/Invaders-Envahisseurs_David-worldwide_@Justice-Info-540x360.jpg 540w, https:\/\/www.justiceinfo.net\/wp-content\/uploads\/Invaders-Envahisseurs_David-worldwide_@Justice-Info-1000x667.jpg 1000w, https:\/\/www.justiceinfo.net\/wp-content\/uploads\/Invaders-Envahisseurs_David-worldwide_@Justice-Info-1110x740.jpg 1110w\" sizes=\"auto, (max-width: 1200px) 100vw, 1200px\" \/><figcaption class=\"wp-element-caption\">\u00ab A pr\u00e9sent, David Vincent sait que les envahisseurs sont l\u00e0, qu'ils ont pris forme humaine. Parviendra-t-il \u00e0 convaincre un monde incr\u00e9dule que le cauchemar a d\u00e9j\u00e0 commenc\u00e9 ? \u00bb G\u00e9n\u00e9rique de la s\u00e9rie t\u00e9l\u00e9vis\u00e9e Les Envahisseurs (1967-1968).<\/figcaption><\/figure>\n","protected":false},"excerpt":{"rendered":"<p>Russie, Isra\u00ebl, \u00c9tats-Unis, Chine, Azerba\u00efdjan, Venezuela&nbsp;: de plus en plus de pays affichent publiquement leur volont\u00e9 de conqu\u00e9rir des territoires par la force. Ou semblent la mettre en \u0153uvre sans le dire, comme le Rwanda. L\u2019ordre mondial \u00e9tabli en 1945 est caduc, le droit international viol\u00e9 sans \u00e9tat d\u2019\u00e2me. Voici la mappemonde des nouvelles annexions [&hellip;]<\/p>\n","protected":false},"author":65,"featured_media":142415,"comment_status":"open","ping_status":"closed","sticky":false,"template":"","format":"standard","meta":{"_acf_changed":false,"footnotes":""},"categories":[3714],"tags":[2646,3239,3618],"ji_location":[2104,2112,2170,2538,2236,2246,2566,2284,2402,2196,2428,2430,2498,2500,2532,2552],"class_list":["post-142384","post","type-post","status-publish","format-standard","has-post-thumbnail","hentry","category-infographies","tag-colonisation","tag-crime-agression","tag-droit-international","ji_location-armenie","ji_location-azerbaidjan","ji_location-chine","ji_location-etats-unis-d-amer","ji_location-georgie","ji_location-groenland","ji_location-international","ji_location-israel","ji_location-palestine","ji_location-republique-democratique-du-congo","ji_location-russie","ji_location-rwanda","ji_location-syrie","ji_location-taiwan","ji_location-ukraine","ji_location-venezuela"],"acf":[],"yoast_head":"<!-- This site is optimized with the Yoast SEO Premium plugin v25.3.1 (Yoast SEO v25.3.1) - https:\/\/yoast.com\/wordpress\/plugins\/seo\/ -->\n<title>Le retour des envahisseurs<\/title>\n<meta name=\"description\" content=\"Russie, Isra\u00ebl, \u00c9tats-Unis, Chine, Azerba\u00efdjan, Venezuela\u00a0: de plus en plus de pays affichent publiquement leur volont\u00e9 de conqu\u00e9rir des territoires par la force. Ou semblent la mettre en \u0153uvre sans le dire, comme le Rwanda. Embarquez pour notre tour du monde des envahisseurs.\" \/>\n<meta name=\"robots\" content=\"index, follow, max-snippet:-1, max-image-preview:large, max-video-preview:-1\" \/>\n<link rel=\"canonical\" href=\"https:\/\/www.justiceinfo.net\/fr\/142384-le-retour-des-envahisseurs.html\" \/>\n<meta property=\"og:locale\" content=\"fr_FR\" \/>\n<meta property=\"og:type\" content=\"article\" \/>\n<meta property=\"og:title\" content=\"Le retour des envahisseurs\" \/>\n<meta property=\"og:description\" content=\"Russie, Isra\u00ebl, \u00c9tats-Unis, Chine, Azerba\u00efdjan, Venezuela\u00a0: de plus en plus de pays affichent publiquement leur volont\u00e9 de conqu\u00e9rir des territoires par la force. Ou semblent la mettre en \u0153uvre sans le dire, comme le Rwanda. Embarquez pour notre tour du monde des envahisseurs.\" \/>\n<meta property=\"og:url\" content=\"https:\/\/www.justiceinfo.net\/fr\/142384-le-retour-des-envahisseurs.html\" \/>\n<meta property=\"og:site_name\" content=\"JusticeInfo.net\" \/>\n<meta property=\"article:publisher\" content=\"https:\/\/www.facebook.com\/JusticeInfo\/\" \/>\n<meta property=\"article:author\" content=\"https:\/\/www.facebook.com\/thierry.cruvellier.3\" \/>\n<meta property=\"article:published_time\" content=\"2025-03-07T10:29:11+00:00\" \/>\n<meta property=\"article:modified_time\" content=\"2025-10-24T13:48:03+00:00\" \/>\n<meta property=\"og:image\" content=\"https:\/\/www.justiceinfo.net\/wp-content\/uploads\/Invaders-Envahisseurs_David-worldwide_@Justice-Info.jpg\" \/>\n\t<meta property=\"og:image:width\" content=\"1200\" \/>\n\t<meta property=\"og:image:height\" content=\"800\" \/>\n\t<meta property=\"og:image:type\" content=\"image\/jpeg\" \/>\n<meta name=\"author\" content=\"tcruvellier\" \/>\n<meta name=\"twitter:card\" content=\"summary_large_image\" \/>\n<meta name=\"twitter:creator\" content=\"@justiceinfonet\" \/>\n<meta name=\"twitter:site\" content=\"@justiceinfonet\" \/>\n<meta name=\"twitter:label1\" content=\"\u00c9crit par\" \/>\n\t<meta name=\"twitter:data1\" content=\"tcruvellier\" \/>\n\t<meta name=\"twitter:label2\" content=\"Dur\u00e9e de lecture estim\u00e9e\" \/>\n\t<meta name=\"twitter:data2\" content=\"22 minutes\" \/>\n<script type=\"application\/ld+json\" class=\"yoast-schema-graph\">{\"@context\":\"https:\/\/schema.org\",\"@graph\":[{\"@type\":\"NewsArticle\",\"@id\":\"https:\/\/www.justiceinfo.net\/fr\/142384-le-retour-des-envahisseurs.html#article\",\"isPartOf\":{\"@id\":\"https:\/\/www.justiceinfo.net\/fr\/142384-le-retour-des-envahisseurs.html\"},\"author\":{\"name\":\"tcruvellier\",\"@id\":\"https:\/\/www.justiceinfo.net\/fr#\/schema\/person\/a994c1ab566e9aa74d88a5fd1c396083\"},\"headline\":\"Le retour des envahisseurs\",\"datePublished\":\"2025-03-07T10:29:11+00:00\",\"dateModified\":\"2025-10-24T13:48:03+00:00\",\"mainEntityOfPage\":{\"@id\":\"https:\/\/www.justiceinfo.net\/fr\/142384-le-retour-des-envahisseurs.html\"},\"wordCount\":4740,\"commentCount\":0,\"publisher\":{\"@id\":\"https:\/\/www.justiceinfo.net\/fr#organization\"},\"image\":{\"@id\":\"https:\/\/www.justiceinfo.net\/fr\/142384-le-retour-des-envahisseurs.html#primaryimage\"},\"thumbnailUrl\":\"https:\/\/www.justiceinfo.net\/wp-content\/uploads\/Invaders-Envahisseurs_David-worldwide_@Justice-Info.jpg\",\"keywords\":[\"colonisation\",\"crime d'agression\",\"Droit international\"],\"articleSection\":[\"Infographies\"],\"inLanguage\":\"fr-FR\",\"potentialAction\":[{\"@type\":\"CommentAction\",\"name\":\"Comment\",\"target\":[\"https:\/\/www.justiceinfo.net\/fr\/142384-le-retour-des-envahisseurs.html#respond\"]}]},{\"@type\":\"WebPage\",\"@id\":\"https:\/\/www.justiceinfo.net\/fr\/142384-le-retour-des-envahisseurs.html\",\"url\":\"https:\/\/www.justiceinfo.net\/fr\/142384-le-retour-des-envahisseurs.html\",\"name\":\"Le retour des envahisseurs\",\"isPartOf\":{\"@id\":\"https:\/\/www.justiceinfo.net\/fr#website\"},\"primaryImageOfPage\":{\"@id\":\"https:\/\/www.justiceinfo.net\/fr\/142384-le-retour-des-envahisseurs.html#primaryimage\"},\"image\":{\"@id\":\"https:\/\/www.justiceinfo.net\/fr\/142384-le-retour-des-envahisseurs.html#primaryimage\"},\"thumbnailUrl\":\"https:\/\/www.justiceinfo.net\/wp-content\/uploads\/Invaders-Envahisseurs_David-worldwide_@Justice-Info.jpg\",\"datePublished\":\"2025-03-07T10:29:11+00:00\",\"dateModified\":\"2025-10-24T13:48:03+00:00\",\"description\":\"Russie, Isra\u00ebl, \u00c9tats-Unis, Chine, Azerba\u00efdjan, Venezuela\u00a0: de plus en plus de pays affichent publiquement leur volont\u00e9 de conqu\u00e9rir des territoires par la force. Ou semblent la mettre en \u0153uvre sans le dire, comme le Rwanda. Embarquez pour notre tour du monde des envahisseurs.\",\"breadcrumb\":{\"@id\":\"https:\/\/www.justiceinfo.net\/fr\/142384-le-retour-des-envahisseurs.html#breadcrumb\"},\"inLanguage\":\"fr-FR\",\"potentialAction\":[{\"@type\":\"ReadAction\",\"target\":[\"https:\/\/www.justiceinfo.net\/fr\/142384-le-retour-des-envahisseurs.html\"]}]},{\"@type\":\"ImageObject\",\"inLanguage\":\"fr-FR\",\"@id\":\"https:\/\/www.justiceinfo.net\/fr\/142384-le-retour-des-envahisseurs.html#primaryimage\",\"url\":\"https:\/\/www.justiceinfo.net\/wp-content\/uploads\/Invaders-Envahisseurs_David-worldwide_@Justice-Info.jpg\",\"contentUrl\":\"https:\/\/www.justiceinfo.net\/wp-content\/uploads\/Invaders-Envahisseurs_David-worldwide_@Justice-Info.jpg\",\"width\":1200,\"height\":800,\"caption\":\"\u00ab A pr\u00e9sent, David Vincent sait que les envahisseurs sont l\u00e0, qu'ils ont pris forme humaine. Parviendra-t-il \u00e0 convaincre un monde incr\u00e9dule que le cauchemar a d\u00e9j\u00e0 commenc\u00e9 ? \u00bb G\u00e9n\u00e9rique de la s\u00e9rie t\u00e9l\u00e9vis\u00e9e Les Envahisseurs (1967-1968).\"},{\"@type\":\"BreadcrumbList\",\"@id\":\"https:\/\/www.justiceinfo.net\/fr\/142384-le-retour-des-envahisseurs.html#breadcrumb\",\"itemListElement\":[{\"@type\":\"ListItem\",\"position\":1,\"name\":\"Home\",\"item\":\"https:\/\/www.justiceinfo.net\/fr\"},{\"@type\":\"ListItem\",\"position\":2,\"name\":\"Le retour des envahisseurs\"}]},{\"@type\":\"WebSite\",\"@id\":\"https:\/\/www.justiceinfo.net\/fr#website\",\"url\":\"https:\/\/www.justiceinfo.net\/fr\",\"name\":\"JusticeInfo.net\",\"description\":\"La justice doit \u00eatre vue pour \u00eatre rendue\",\"publisher\":{\"@id\":\"https:\/\/www.justiceinfo.net\/fr#organization\"},\"potentialAction\":[{\"@type\":\"SearchAction\",\"target\":{\"@type\":\"EntryPoint\",\"urlTemplate\":\"https:\/\/www.justiceinfo.net\/fr?s={search_term_string}\"},\"query-input\":{\"@type\":\"PropertyValueSpecification\",\"valueRequired\":true,\"valueName\":\"search_term_string\"}}],\"inLanguage\":\"fr-FR\"},{\"@type\":\"Organization\",\"@id\":\"https:\/\/www.justiceinfo.net\/fr#organization\",\"name\":\"Justice Info\",\"url\":\"https:\/\/www.justiceinfo.net\/fr\",\"logo\":{\"@type\":\"ImageObject\",\"inLanguage\":\"fr-FR\",\"@id\":\"https:\/\/www.justiceinfo.net\/fr#\/schema\/logo\/image\/\",\"url\":\"https:\/\/www.justiceinfo.net\/wp-content\/uploads\/justiceinfo_logo-trans_1200x1200px.png\",\"contentUrl\":\"https:\/\/www.justiceinfo.net\/wp-content\/uploads\/justiceinfo_logo-trans_1200x1200px.png\",\"width\":1199,\"height\":1200,\"caption\":\"Justice Info\"},\"image\":{\"@id\":\"https:\/\/www.justiceinfo.net\/fr#\/schema\/logo\/image\/\"},\"sameAs\":[\"https:\/\/www.facebook.com\/JusticeInfo\/\",\"https:\/\/x.com\/justiceinfonet\",\"https:\/\/www.linkedin.com\/company\/justice-info\",\"https:\/\/www.youtube.com\/channel\/UCyCEsARodyuWtkWyhn-e7pA\"]},{\"@type\":\"Person\",\"name\":\"tcruvellier\",\"sameAs\":[\"https:\/\/www.facebook.com\/thierry.cruvellier.3\"],\"url\":\"https:\/\/www.justiceinfo.net\/fr\/auteur\/tcruvellier\"}]}<\/script>\n<!-- \/ Yoast SEO Premium plugin. -->","yoast_head_json":{"title":"Le retour des envahisseurs","description":"Russie, Isra\u00ebl, \u00c9tats-Unis, Chine, Azerba\u00efdjan, Venezuela\u00a0: de plus en plus de pays affichent publiquement leur volont\u00e9 de conqu\u00e9rir des territoires par la force. Ou semblent la mettre en \u0153uvre sans le dire, comme le Rwanda. Embarquez pour notre tour du monde des envahisseurs.","robots":{"index":"index","follow":"follow","max-snippet":"max-snippet:-1","max-image-preview":"max-image-preview:large","max-video-preview":"max-video-preview:-1"},"canonical":"https:\/\/www.justiceinfo.net\/fr\/142384-le-retour-des-envahisseurs.html","og_locale":"fr_FR","og_type":"article","og_title":"Le retour des envahisseurs","og_description":"Russie, Isra\u00ebl, \u00c9tats-Unis, Chine, Azerba\u00efdjan, Venezuela\u00a0: de plus en plus de pays affichent publiquement leur volont\u00e9 de conqu\u00e9rir des territoires par la force. Ou semblent la mettre en \u0153uvre sans le dire, comme le Rwanda. Embarquez pour notre tour du monde des envahisseurs.","og_url":"https:\/\/www.justiceinfo.net\/fr\/142384-le-retour-des-envahisseurs.html","og_site_name":"JusticeInfo.net","article_publisher":"https:\/\/www.facebook.com\/JusticeInfo\/","article_author":"https:\/\/www.facebook.com\/thierry.cruvellier.3","article_published_time":"2025-03-07T10:29:11+00:00","article_modified_time":"2025-10-24T13:48:03+00:00","og_image":[{"width":1200,"height":800,"url":"https:\/\/www.justiceinfo.net\/wp-content\/uploads\/Invaders-Envahisseurs_David-worldwide_@Justice-Info.jpg","type":"image\/jpeg"}],"author":"tcruvellier","twitter_card":"summary_large_image","twitter_creator":"@justiceinfonet","twitter_site":"@justiceinfonet","twitter_misc":{"\u00c9crit par":"tcruvellier","Dur\u00e9e de lecture estim\u00e9e":"22 minutes"},"schema":{"@context":"https:\/\/schema.org","@graph":[{"@type":"NewsArticle","@id":"https:\/\/www.justiceinfo.net\/fr\/142384-le-retour-des-envahisseurs.html#article","isPartOf":{"@id":"https:\/\/www.justiceinfo.net\/fr\/142384-le-retour-des-envahisseurs.html"},"author":{"name":"tcruvellier","@id":"https:\/\/www.justiceinfo.net\/fr#\/schema\/person\/a994c1ab566e9aa74d88a5fd1c396083"},"headline":"Le retour des envahisseurs","datePublished":"2025-03-07T10:29:11+00:00","dateModified":"2025-10-24T13:48:03+00:00","mainEntityOfPage":{"@id":"https:\/\/www.justiceinfo.net\/fr\/142384-le-retour-des-envahisseurs.html"},"wordCount":4740,"commentCount":0,"publisher":{"@id":"https:\/\/www.justiceinfo.net\/fr#organization"},"image":{"@id":"https:\/\/www.justiceinfo.net\/fr\/142384-le-retour-des-envahisseurs.html#primaryimage"},"thumbnailUrl":"https:\/\/www.justiceinfo.net\/wp-content\/uploads\/Invaders-Envahisseurs_David-worldwide_@Justice-Info.jpg","keywords":["colonisation","crime d'agression","Droit international"],"articleSection":["Infographies"],"inLanguage":"fr-FR","potentialAction":[{"@type":"CommentAction","name":"Comment","target":["https:\/\/www.justiceinfo.net\/fr\/142384-le-retour-des-envahisseurs.html#respond"]}]},{"@type":"WebPage","@id":"https:\/\/www.justiceinfo.net\/fr\/142384-le-retour-des-envahisseurs.html","url":"https:\/\/www.justiceinfo.net\/fr\/142384-le-retour-des-envahisseurs.html","name":"Le retour des envahisseurs","isPartOf":{"@id":"https:\/\/www.justiceinfo.net\/fr#website"},"primaryImageOfPage":{"@id":"https:\/\/www.justiceinfo.net\/fr\/142384-le-retour-des-envahisseurs.html#primaryimage"},"image":{"@id":"https:\/\/www.justiceinfo.net\/fr\/142384-le-retour-des-envahisseurs.html#primaryimage"},"thumbnailUrl":"https:\/\/www.justiceinfo.net\/wp-content\/uploads\/Invaders-Envahisseurs_David-worldwide_@Justice-Info.jpg","datePublished":"2025-03-07T10:29:11+00:00","dateModified":"2025-10-24T13:48:03+00:00","description":"Russie, Isra\u00ebl, \u00c9tats-Unis, Chine, Azerba\u00efdjan, Venezuela\u00a0: de plus en plus de pays affichent publiquement leur volont\u00e9 de conqu\u00e9rir des territoires par la force. Ou semblent la mettre en \u0153uvre sans le dire, comme le Rwanda. Embarquez pour notre tour du monde des envahisseurs.","breadcrumb":{"@id":"https:\/\/www.justiceinfo.net\/fr\/142384-le-retour-des-envahisseurs.html#breadcrumb"},"inLanguage":"fr-FR","potentialAction":[{"@type":"ReadAction","target":["https:\/\/www.justiceinfo.net\/fr\/142384-le-retour-des-envahisseurs.html"]}]},{"@type":"ImageObject","inLanguage":"fr-FR","@id":"https:\/\/www.justiceinfo.net\/fr\/142384-le-retour-des-envahisseurs.html#primaryimage","url":"https:\/\/www.justiceinfo.net\/wp-content\/uploads\/Invaders-Envahisseurs_David-worldwide_@Justice-Info.jpg","contentUrl":"https:\/\/www.justiceinfo.net\/wp-content\/uploads\/Invaders-Envahisseurs_David-worldwide_@Justice-Info.jpg","width":1200,"height":800,"caption":"\u00ab A pr\u00e9sent, David Vincent sait que les envahisseurs sont l\u00e0, qu'ils ont pris forme humaine. Parviendra-t-il \u00e0 convaincre un monde incr\u00e9dule que le cauchemar a d\u00e9j\u00e0 commenc\u00e9 ? \u00bb G\u00e9n\u00e9rique de la s\u00e9rie t\u00e9l\u00e9vis\u00e9e Les Envahisseurs (1967-1968)."},{"@type":"BreadcrumbList","@id":"https:\/\/www.justiceinfo.net\/fr\/142384-le-retour-des-envahisseurs.html#breadcrumb","itemListElement":[{"@type":"ListItem","position":1,"name":"Home","item":"https:\/\/www.justiceinfo.net\/fr"},{"@type":"ListItem","position":2,"name":"Le retour des envahisseurs"}]},{"@type":"WebSite","@id":"https:\/\/www.justiceinfo.net\/fr#website","url":"https:\/\/www.justiceinfo.net\/fr","name":"JusticeInfo.net","description":"La justice doit \u00eatre vue pour \u00eatre rendue","publisher":{"@id":"https:\/\/www.justiceinfo.net\/fr#organization"},"potentialAction":[{"@type":"SearchAction","target":{"@type":"EntryPoint","urlTemplate":"https:\/\/www.justiceinfo.net\/fr?s={search_term_string}"},"query-input":{"@type":"PropertyValueSpecification","valueRequired":true,"valueName":"search_term_string"}}],"inLanguage":"fr-FR"},{"@type":"Organization","@id":"https:\/\/www.justiceinfo.net\/fr#organization","name":"Justice Info","url":"https:\/\/www.justiceinfo.net\/fr","logo":{"@type":"ImageObject","inLanguage":"fr-FR","@id":"https:\/\/www.justiceinfo.net\/fr#\/schema\/logo\/image\/","url":"https:\/\/www.justiceinfo.net\/wp-content\/uploads\/justiceinfo_logo-trans_1200x1200px.png","contentUrl":"https:\/\/www.justiceinfo.net\/wp-content\/uploads\/justiceinfo_logo-trans_1200x1200px.png","width":1199,"height":1200,"caption":"Justice Info"},"image":{"@id":"https:\/\/www.justiceinfo.net\/fr#\/schema\/logo\/image\/"},"sameAs":["https:\/\/www.facebook.com\/JusticeInfo\/","https:\/\/x.com\/justiceinfonet","https:\/\/www.linkedin.com\/company\/justice-info","https:\/\/www.youtube.com\/channel\/UCyCEsARodyuWtkWyhn-e7pA"]},{"@type":"Person","name":"tcruvellier","sameAs":["https:\/\/www.facebook.com\/thierry.cruvellier.3"],"url":"https:\/\/www.justiceinfo.net\/fr\/auteur\/tcruvellier"}]}},"_links":{"self":[{"href":"https:\/\/www.justiceinfo.net\/fr\/wp-json\/wp\/v2\/posts\/142384","targetHints":{"allow":["GET"]}}],"collection":[{"href":"https:\/\/www.justiceinfo.net\/fr\/wp-json\/wp\/v2\/posts"}],"about":[{"href":"https:\/\/www.justiceinfo.net\/fr\/wp-json\/wp\/v2\/types\/post"}],"author":[{"embeddable":true,"href":"https:\/\/www.justiceinfo.net\/fr\/wp-json\/wp\/v2\/users\/65"}],"replies":[{"embeddable":true,"href":"https:\/\/www.justiceinfo.net\/fr\/wp-json\/wp\/v2\/comments?post=142384"}],"version-history":[{"count":14,"href":"https:\/\/www.justiceinfo.net\/fr\/wp-json\/wp\/v2\/posts\/142384\/revisions"}],"predecessor-version":[{"id":151358,"href":"https:\/\/www.justiceinfo.net\/fr\/wp-json\/wp\/v2\/posts\/142384\/revisions\/151358"}],"wp:featuredmedia":[{"embeddable":true,"href":"https:\/\/www.justiceinfo.net\/fr\/wp-json\/wp\/v2\/media\/142415"}],"wp:attachment":[{"href":"https:\/\/www.justiceinfo.net\/fr\/wp-json\/wp\/v2\/media?parent=142384"}],"wp:term":[{"taxonomy":"category","embeddable":true,"href":"https:\/\/www.justiceinfo.net\/fr\/wp-json\/wp\/v2\/categories?post=142384"},{"taxonomy":"post_tag","embeddable":true,"href":"https:\/\/www.justiceinfo.net\/fr\/wp-json\/wp\/v2\/tags?post=142384"},{"taxonomy":"ji_location","embeddable":true,"href":"https:\/\/www.justiceinfo.net\/fr\/wp-json\/wp\/v2\/ji_location?post=142384"}],"curies":[{"name":"wp","href":"https:\/\/api.w.org\/{rel}","templated":true}]}}