{"id":14253,"date":"2012-04-14T13:39:20","date_gmt":"2012-04-14T11:39:20","guid":{"rendered":"https:\/\/www.justiceinfo.net\/14253-140412-rwandagenocide-fin-de-la-semaine-de-deuil-national-en-memoire-des-victimes-du-genocide.html"},"modified":"2012-04-14T13:39:20","modified_gmt":"2012-04-14T11:39:20","slug":"140412-rwandagenocide-fin-de-la-semaine-de-deuil-national-en-memoire-des-victimes-du-genocide","status":"publish","type":"post","link":"https:\/\/www.justiceinfo.net\/fr\/14253-140412-rwandagenocide-fin-de-la-semaine-de-deuil-national-en-memoire-des-victimes-du-genocide.html","title":{"rendered":"14.04.12 - RWANDA\/GENOCIDE FIN DE LA SEMAINE DE DEUIL NATIONAL EN MEMOIRE DES VICTIMES DU GENOCIDE"},"content":{"rendered":"<p>Kigali, 13 \u00a0avril 2012 (FH) - \u00a0Le Rwanda a clos vendredi la semaine de deuil national comm\u00e9morant le g\u00e9nocide des Tutsis de 1994, par une c\u00e9r\u00e9monie en m\u00e9moire des hommes et femmes politiques tu\u00e9s durant cette p\u00e9riode.<\/p>\n<p><!--more--><\/p>\n<p>\u00a0<\/p>\n<p>La c\u00e9r\u00e9monie s\u2019est d\u00e9roul\u00e9e au mont Rebero (Kigali) o\u00f9 reposent ces personnalit\u00e9s.<\/p>\n<p>En proc\u00e9dant \u00e0 la cl\u00f4ture de la semaine de deuil, le pr\u00e9sident du s\u00e9nat Jean-Damasc\u00e8ne Ntawukuriryayo a exhort\u00e9 \u00ab l\u2019\u00e9lite intellectuelle rwandaise \u00e0 \u00e9crire notre histoire parce qu\u2019ils la connaissent mieux que ceux-l\u00e0 qui se sont auto-proclam\u00e9s sp\u00e9cialistes du Rwanda \u00bb.<\/p>\n<p>Il a rendu hommage aux personnalit\u00e9s enterr\u00e9es sur le mont Rebero. Il s\u2019agit pour la plupart d\u2019opposants hutus au r\u00e9gime de l\u2019\u00e9poque. \u00ab Ils ont lutt\u00e9 pour la v\u00e9rit\u00e9 au point de perdre leur vie \u00bb, a rappel\u00e9 le parlementaire appelant les hommes et femmes politiques rwandais \u00ab d\u2019aujourd\u2019hui et de demain \u00e0 leur emboiter le pas \u00bb.<\/p>\n<p>Avant le pr\u00e9sident du s\u00e9nat, le ministre de la Culture et des sports, Protais Mitali, avait appel\u00e9 ses concitoyens \u00e0 lutter de toutes leurs forces contre la n\u00e9gationnisme du g\u00e9nocide.<\/p>\n<p>Abondant dans le m\u00eame sens, Jean- Pierre Dusingizemungu, pr\u00e9sident d\u2019Ibuka, la principale organisation de rescap\u00e9s du g\u00e9nocide, avait condamn\u00e9 ceux qui ne veulent pas que les survivants racontent leur calvaire.<\/p>\n<p>Au cours de cette semaine, qui avait \u00e9t\u00e9 ouverte samedi dernier, par un discours du pr\u00e9sident Paul Kagame, \u00a0les drapeaux \u00e9taient rest\u00e9s en berne, les mariages et autres festivit\u00e9s \u00e9taient interdits.<\/p>\n<p>Des c\u00e9r\u00e9monies ont \u00e9galement \u00e9t\u00e9 organis\u00e9es dans toutes les missions diplomatiques rwandaises \u00e0 travers le monde, notamment aux Nations unies.<\/p>\n<p>SRE-ER\/GF\u00a0<\/p>\n<p>\u00a0<\/p>\n<p>\u00a9 Agence Hirondelle\u00a0<\/p>\n","protected":false},"excerpt":{"rendered":"<p>Kigali, 13 \u00a0avril 2012 (FH) - \u00a0Le Rwanda a clos vendredi la semaine de deuil national comm\u00e9morant le g\u00e9nocide des Tutsis de 1994, par une c\u00e9r\u00e9monie en m\u00e9moire des hommes et femmes politiques tu\u00e9s durant cette p\u00e9riode.<\/p>\n","protected":false},"author":64,"featured_media":0,"comment_status":"open","ping_status":"closed","sticky":false,"template":"","format":"standard","meta":{"_acf_changed":false,"footnotes":""},"categories":[554],"tags":[],"ji_location":[],"class_list":["post-14253","post","type-post","status-publish","format-standard","hentry","category-hirondellenews"],"acf":[],"yoast_head":"<!-- This site is optimized with the Yoast SEO Premium plugin v25.3.1 (Yoast SEO v25.3.1) - https:\/\/yoast.com\/wordpress\/plugins\/seo\/ -->\n<title>14.04.12 - RWANDA\/GENOCIDE FIN DE LA SEMAINE DE DEUIL NATIONAL EN MEMOIRE DES VICTIMES DU GENOCIDE - JusticeInfo.net<\/title>\n<meta name=\"robots\" content=\"index, follow, max-snippet:-1, max-image-preview:large, max-video-preview:-1\" \/>\n<link rel=\"canonical\" href=\"https:\/\/www.justiceinfo.net\/fr\/14253-140412-rwandagenocide-fin-de-la-semaine-de-deuil-national-en-memoire-des-victimes-du-genocide.html\" \/>\n<meta property=\"og:locale\" content=\"fr_FR\" \/>\n<meta property=\"og:type\" content=\"article\" \/>\n<meta property=\"og:title\" content=\"14.04.12 - RWANDA\/GENOCIDE FIN DE LA SEMAINE DE DEUIL NATIONAL EN MEMOIRE DES VICTIMES DU GENOCIDE\" \/>\n<meta property=\"og:description\" content=\"Kigali, 13 \u00a0avril 2012 (FH) - \u00a0Le Rwanda a clos vendredi la semaine de deuil national comm\u00e9morant le g\u00e9nocide des Tutsis de 1994, par une c\u00e9r\u00e9monie en m\u00e9moire des hommes et femmes politiques tu\u00e9s durant cette p\u00e9riode.\" \/>\n<meta property=\"og:url\" content=\"https:\/\/www.justiceinfo.net\/fr\/14253-140412-rwandagenocide-fin-de-la-semaine-de-deuil-national-en-memoire-des-victimes-du-genocide.html\" \/>\n<meta property=\"og:site_name\" content=\"JusticeInfo.net\" \/>\n<meta property=\"article:publisher\" content=\"https:\/\/www.facebook.com\/JusticeInfo\/\" \/>\n<meta property=\"article:published_time\" content=\"2012-04-14T11:39:20+00:00\" \/>\n<meta property=\"og:image\" content=\"https:\/\/www.justiceinfo.net\/wp-content\/uploads\/JusticeInfoNet_logo_1200x630px.jpg\" \/>\n\t<meta property=\"og:image:width\" content=\"1200\" \/>\n\t<meta property=\"og:image:height\" content=\"630\" \/>\n\t<meta property=\"og:image:type\" content=\"image\/jpeg\" \/>\n<meta name=\"author\" content=\"solivri\" \/>\n<meta name=\"twitter:card\" content=\"summary_large_image\" \/>\n<meta name=\"twitter:creator\" content=\"@justiceinfonet\" \/>\n<meta name=\"twitter:site\" content=\"@justiceinfonet\" \/>\n<meta name=\"twitter:label1\" content=\"\u00c9crit par\" \/>\n\t<meta name=\"twitter:data1\" content=\"solivri\" \/>\n\t<meta name=\"twitter:label2\" content=\"Dur\u00e9e de lecture estim\u00e9e\" \/>\n\t<meta name=\"twitter:data2\" content=\"1 minute\" \/>\n<script type=\"application\/ld+json\" class=\"yoast-schema-graph\">{\"@context\":\"https:\/\/schema.org\",\"@graph\":[{\"@type\":\"NewsArticle\",\"@id\":\"https:\/\/www.justiceinfo.net\/fr\/14253-140412-rwandagenocide-fin-de-la-semaine-de-deuil-national-en-memoire-des-victimes-du-genocide.html#article\",\"isPartOf\":{\"@id\":\"https:\/\/www.justiceinfo.net\/fr\/14253-140412-rwandagenocide-fin-de-la-semaine-de-deuil-national-en-memoire-des-victimes-du-genocide.html\"},\"author\":{\"name\":\"solivri\",\"@id\":\"https:\/\/www.justiceinfo.net\/fr#\/schema\/person\/6e53cba1629e2e66f3fc1821d3091865\"},\"headline\":\"14.04.12 - RWANDA\/GENOCIDE FIN DE LA SEMAINE DE DEUIL NATIONAL EN MEMOIRE DES VICTIMES DU GENOCIDE\",\"datePublished\":\"2012-04-14T11:39:20+00:00\",\"mainEntityOfPage\":{\"@id\":\"https:\/\/www.justiceinfo.net\/fr\/14253-140412-rwandagenocide-fin-de-la-semaine-de-deuil-national-en-memoire-des-victimes-du-genocide.html\"},\"wordCount\":311,\"commentCount\":0,\"publisher\":{\"@id\":\"https:\/\/www.justiceinfo.net\/fr#organization\"},\"articleSection\":[\"Hirondelle News\"],\"inLanguage\":\"fr-FR\",\"potentialAction\":[{\"@type\":\"CommentAction\",\"name\":\"Comment\",\"target\":[\"https:\/\/www.justiceinfo.net\/fr\/14253-140412-rwandagenocide-fin-de-la-semaine-de-deuil-national-en-memoire-des-victimes-du-genocide.html#respond\"]}]},{\"@type\":\"WebPage\",\"@id\":\"https:\/\/www.justiceinfo.net\/fr\/14253-140412-rwandagenocide-fin-de-la-semaine-de-deuil-national-en-memoire-des-victimes-du-genocide.html\",\"url\":\"https:\/\/www.justiceinfo.net\/fr\/14253-140412-rwandagenocide-fin-de-la-semaine-de-deuil-national-en-memoire-des-victimes-du-genocide.html\",\"name\":\"14.04.12 - RWANDA\/GENOCIDE FIN DE LA SEMAINE DE DEUIL NATIONAL EN MEMOIRE DES VICTIMES DU GENOCIDE - JusticeInfo.net\",\"isPartOf\":{\"@id\":\"https:\/\/www.justiceinfo.net\/fr#website\"},\"datePublished\":\"2012-04-14T11:39:20+00:00\",\"breadcrumb\":{\"@id\":\"https:\/\/www.justiceinfo.net\/fr\/14253-140412-rwandagenocide-fin-de-la-semaine-de-deuil-national-en-memoire-des-victimes-du-genocide.html#breadcrumb\"},\"inLanguage\":\"fr-FR\",\"potentialAction\":[{\"@type\":\"ReadAction\",\"target\":[\"https:\/\/www.justiceinfo.net\/fr\/14253-140412-rwandagenocide-fin-de-la-semaine-de-deuil-national-en-memoire-des-victimes-du-genocide.html\"]}]},{\"@type\":\"BreadcrumbList\",\"@id\":\"https:\/\/www.justiceinfo.net\/fr\/14253-140412-rwandagenocide-fin-de-la-semaine-de-deuil-national-en-memoire-des-victimes-du-genocide.html#breadcrumb\",\"itemListElement\":[{\"@type\":\"ListItem\",\"position\":1,\"name\":\"Home\",\"item\":\"https:\/\/www.justiceinfo.net\/fr\"},{\"@type\":\"ListItem\",\"position\":2,\"name\":\"14.04.12 - RWANDA\/GENOCIDE FIN DE LA SEMAINE DE DEUIL NATIONAL EN MEMOIRE DES VICTIMES DU GENOCIDE\"}]},{\"@type\":\"WebSite\",\"@id\":\"https:\/\/www.justiceinfo.net\/fr#website\",\"url\":\"https:\/\/www.justiceinfo.net\/fr\",\"name\":\"JusticeInfo.net\",\"description\":\"La justice doit \u00eatre vue pour \u00eatre rendue\",\"publisher\":{\"@id\":\"https:\/\/www.justiceinfo.net\/fr#organization\"},\"potentialAction\":[{\"@type\":\"SearchAction\",\"target\":{\"@type\":\"EntryPoint\",\"urlTemplate\":\"https:\/\/www.justiceinfo.net\/fr?s={search_term_string}\"},\"query-input\":{\"@type\":\"PropertyValueSpecification\",\"valueRequired\":true,\"valueName\":\"search_term_string\"}}],\"inLanguage\":\"fr-FR\"},{\"@type\":\"Organization\",\"@id\":\"https:\/\/www.justiceinfo.net\/fr#organization\",\"name\":\"Justice Info\",\"url\":\"https:\/\/www.justiceinfo.net\/fr\",\"logo\":{\"@type\":\"ImageObject\",\"inLanguage\":\"fr-FR\",\"@id\":\"https:\/\/www.justiceinfo.net\/fr#\/schema\/logo\/image\/\",\"url\":\"https:\/\/www.justiceinfo.net\/wp-content\/uploads\/justiceinfo_logo-trans_1200x1200px.png\",\"contentUrl\":\"https:\/\/www.justiceinfo.net\/wp-content\/uploads\/justiceinfo_logo-trans_1200x1200px.png\",\"width\":1199,\"height\":1200,\"caption\":\"Justice Info\"},\"image\":{\"@id\":\"https:\/\/www.justiceinfo.net\/fr#\/schema\/logo\/image\/\"},\"sameAs\":[\"https:\/\/www.facebook.com\/JusticeInfo\/\",\"https:\/\/x.com\/justiceinfonet\",\"https:\/\/www.linkedin.com\/company\/justice-info\",\"https:\/\/www.youtube.com\/channel\/UCyCEsARodyuWtkWyhn-e7pA\"]},{\"@type\":\"Person\",\"name\":\"solivri\",\"url\":\"\/fr\/?s=solivri\"}]}<\/script>\n<!-- \/ Yoast SEO Premium plugin. -->","yoast_head_json":{"title":"14.04.12 - RWANDA\/GENOCIDE FIN DE LA SEMAINE DE DEUIL NATIONAL EN MEMOIRE DES VICTIMES DU GENOCIDE - JusticeInfo.net","robots":{"index":"index","follow":"follow","max-snippet":"max-snippet:-1","max-image-preview":"max-image-preview:large","max-video-preview":"max-video-preview:-1"},"canonical":"https:\/\/www.justiceinfo.net\/fr\/14253-140412-rwandagenocide-fin-de-la-semaine-de-deuil-national-en-memoire-des-victimes-du-genocide.html","og_locale":"fr_FR","og_type":"article","og_title":"14.04.12 - RWANDA\/GENOCIDE FIN DE LA SEMAINE DE DEUIL NATIONAL EN MEMOIRE DES VICTIMES DU GENOCIDE","og_description":"Kigali, 13 \u00a0avril 2012 (FH) - \u00a0Le Rwanda a clos vendredi la semaine de deuil national comm\u00e9morant le g\u00e9nocide des Tutsis de 1994, par une c\u00e9r\u00e9monie en m\u00e9moire des hommes et femmes politiques tu\u00e9s durant cette p\u00e9riode.","og_url":"https:\/\/www.justiceinfo.net\/fr\/14253-140412-rwandagenocide-fin-de-la-semaine-de-deuil-national-en-memoire-des-victimes-du-genocide.html","og_site_name":"JusticeInfo.net","article_publisher":"https:\/\/www.facebook.com\/JusticeInfo\/","article_published_time":"2012-04-14T11:39:20+00:00","og_image":[{"width":1200,"height":630,"url":"https:\/\/www.justiceinfo.net\/wp-content\/uploads\/JusticeInfoNet_logo_1200x630px.jpg","type":"image\/jpeg"}],"author":"solivri","twitter_card":"summary_large_image","twitter_creator":"@justiceinfonet","twitter_site":"@justiceinfonet","twitter_misc":{"\u00c9crit par":"solivri","Dur\u00e9e de lecture estim\u00e9e":"1 minute"},"schema":{"@context":"https:\/\/schema.org","@graph":[{"@type":"NewsArticle","@id":"https:\/\/www.justiceinfo.net\/fr\/14253-140412-rwandagenocide-fin-de-la-semaine-de-deuil-national-en-memoire-des-victimes-du-genocide.html#article","isPartOf":{"@id":"https:\/\/www.justiceinfo.net\/fr\/14253-140412-rwandagenocide-fin-de-la-semaine-de-deuil-national-en-memoire-des-victimes-du-genocide.html"},"author":{"name":"solivri","@id":"https:\/\/www.justiceinfo.net\/fr#\/schema\/person\/6e53cba1629e2e66f3fc1821d3091865"},"headline":"14.04.12 - RWANDA\/GENOCIDE FIN DE LA SEMAINE DE DEUIL NATIONAL EN MEMOIRE DES VICTIMES DU GENOCIDE","datePublished":"2012-04-14T11:39:20+00:00","mainEntityOfPage":{"@id":"https:\/\/www.justiceinfo.net\/fr\/14253-140412-rwandagenocide-fin-de-la-semaine-de-deuil-national-en-memoire-des-victimes-du-genocide.html"},"wordCount":311,"commentCount":0,"publisher":{"@id":"https:\/\/www.justiceinfo.net\/fr#organization"},"articleSection":["Hirondelle News"],"inLanguage":"fr-FR","potentialAction":[{"@type":"CommentAction","name":"Comment","target":["https:\/\/www.justiceinfo.net\/fr\/14253-140412-rwandagenocide-fin-de-la-semaine-de-deuil-national-en-memoire-des-victimes-du-genocide.html#respond"]}]},{"@type":"WebPage","@id":"https:\/\/www.justiceinfo.net\/fr\/14253-140412-rwandagenocide-fin-de-la-semaine-de-deuil-national-en-memoire-des-victimes-du-genocide.html","url":"https:\/\/www.justiceinfo.net\/fr\/14253-140412-rwandagenocide-fin-de-la-semaine-de-deuil-national-en-memoire-des-victimes-du-genocide.html","name":"14.04.12 - RWANDA\/GENOCIDE FIN DE LA SEMAINE DE DEUIL NATIONAL EN MEMOIRE DES VICTIMES DU GENOCIDE - JusticeInfo.net","isPartOf":{"@id":"https:\/\/www.justiceinfo.net\/fr#website"},"datePublished":"2012-04-14T11:39:20+00:00","breadcrumb":{"@id":"https:\/\/www.justiceinfo.net\/fr\/14253-140412-rwandagenocide-fin-de-la-semaine-de-deuil-national-en-memoire-des-victimes-du-genocide.html#breadcrumb"},"inLanguage":"fr-FR","potentialAction":[{"@type":"ReadAction","target":["https:\/\/www.justiceinfo.net\/fr\/14253-140412-rwandagenocide-fin-de-la-semaine-de-deuil-national-en-memoire-des-victimes-du-genocide.html"]}]},{"@type":"BreadcrumbList","@id":"https:\/\/www.justiceinfo.net\/fr\/14253-140412-rwandagenocide-fin-de-la-semaine-de-deuil-national-en-memoire-des-victimes-du-genocide.html#breadcrumb","itemListElement":[{"@type":"ListItem","position":1,"name":"Home","item":"https:\/\/www.justiceinfo.net\/fr"},{"@type":"ListItem","position":2,"name":"14.04.12 - RWANDA\/GENOCIDE FIN DE LA SEMAINE DE DEUIL NATIONAL EN MEMOIRE DES VICTIMES DU GENOCIDE"}]},{"@type":"WebSite","@id":"https:\/\/www.justiceinfo.net\/fr#website","url":"https:\/\/www.justiceinfo.net\/fr","name":"JusticeInfo.net","description":"La justice doit \u00eatre vue pour \u00eatre rendue","publisher":{"@id":"https:\/\/www.justiceinfo.net\/fr#organization"},"potentialAction":[{"@type":"SearchAction","target":{"@type":"EntryPoint","urlTemplate":"https:\/\/www.justiceinfo.net\/fr?s={search_term_string}"},"query-input":{"@type":"PropertyValueSpecification","valueRequired":true,"valueName":"search_term_string"}}],"inLanguage":"fr-FR"},{"@type":"Organization","@id":"https:\/\/www.justiceinfo.net\/fr#organization","name":"Justice Info","url":"https:\/\/www.justiceinfo.net\/fr","logo":{"@type":"ImageObject","inLanguage":"fr-FR","@id":"https:\/\/www.justiceinfo.net\/fr#\/schema\/logo\/image\/","url":"https:\/\/www.justiceinfo.net\/wp-content\/uploads\/justiceinfo_logo-trans_1200x1200px.png","contentUrl":"https:\/\/www.justiceinfo.net\/wp-content\/uploads\/justiceinfo_logo-trans_1200x1200px.png","width":1199,"height":1200,"caption":"Justice Info"},"image":{"@id":"https:\/\/www.justiceinfo.net\/fr#\/schema\/logo\/image\/"},"sameAs":["https:\/\/www.facebook.com\/JusticeInfo\/","https:\/\/x.com\/justiceinfonet","https:\/\/www.linkedin.com\/company\/justice-info","https:\/\/www.youtube.com\/channel\/UCyCEsARodyuWtkWyhn-e7pA"]},{"@type":"Person","name":"solivri","url":"\/fr\/?s=solivri"}]}},"_links":{"self":[{"href":"https:\/\/www.justiceinfo.net\/fr\/wp-json\/wp\/v2\/posts\/14253","targetHints":{"allow":["GET"]}}],"collection":[{"href":"https:\/\/www.justiceinfo.net\/fr\/wp-json\/wp\/v2\/posts"}],"about":[{"href":"https:\/\/www.justiceinfo.net\/fr\/wp-json\/wp\/v2\/types\/post"}],"author":[{"embeddable":true,"href":"https:\/\/www.justiceinfo.net\/fr\/wp-json\/wp\/v2\/users\/64"}],"replies":[{"embeddable":true,"href":"https:\/\/www.justiceinfo.net\/fr\/wp-json\/wp\/v2\/comments?post=14253"}],"version-history":[{"count":0,"href":"https:\/\/www.justiceinfo.net\/fr\/wp-json\/wp\/v2\/posts\/14253\/revisions"}],"wp:attachment":[{"href":"https:\/\/www.justiceinfo.net\/fr\/wp-json\/wp\/v2\/media?parent=14253"}],"wp:term":[{"taxonomy":"category","embeddable":true,"href":"https:\/\/www.justiceinfo.net\/fr\/wp-json\/wp\/v2\/categories?post=14253"},{"taxonomy":"post_tag","embeddable":true,"href":"https:\/\/www.justiceinfo.net\/fr\/wp-json\/wp\/v2\/tags?post=14253"},{"taxonomy":"ji_location","embeddable":true,"href":"https:\/\/www.justiceinfo.net\/fr\/wp-json\/wp\/v2\/ji_location?post=14253"}],"curies":[{"name":"wp","href":"https:\/\/api.w.org\/{rel}","templated":true}]}}