{"id":142664,"date":"2025-03-12T17:28:02","date_gmt":"2025-03-12T14:53:02","guid":{"rendered":"https:\/\/www.justiceinfo.net\/142664-lancien-president-philippin-rodrigo-duterte-remis-a-la-cpi.html"},"modified":"2025-03-12T20:30:02","modified_gmt":"2025-03-12T19:30:02","slug":"lancien-president-philippin-rodrigo-duterte-remis-a-la-cpi","status":"publish","type":"post","link":"https:\/\/www.justiceinfo.net\/fr\/142664-lancien-president-philippin-rodrigo-duterte-remis-a-la-cpi.html","title":{"rendered":"L'ancien pr\u00e9sident philippin Rodrigo Duterte remis \u00e0 la CPI"},"content":{"rendered":"<p>\n             Rodrigo Duterte a \u00e9t\u00e9 remis mercredi \u00e0 la Cour p\u00e9nale internationale \u00e0 son arriv\u00e9e aux Pays-Bas, a annonc\u00e9 mercredi la juridiction, qui avait \u00e9mis un mandat d'arr\u00eat contre l'ancien pr\u00e9sident philippin pour crimes pr\u00e9sum\u00e9s lors de sa guerre contre la drogue.\n<\/p>\n<p>\n            \"M. Rodrigo Roa Duterte, n\u00e9 le 28 mars 1945, a \u00e9t\u00e9 remis \u00e0 la Cour p\u00e9nale internationale\", a d\u00e9clar\u00e9 dans un communiqu\u00e9 la CPI, quelques instants apr\u00e8s l'atterrissage de l'avion de l'ancien pr\u00e9sident \u00e0 Rotterdam.\n<\/p>\n<p>\n            M. Duterte, 79 ans, doit d\u00e9sormais \u00eatre conduit au centre de d\u00e9tention de la CPI situ\u00e9 dans un quartier baln\u00e9aire de La Haye, avant une premi\u00e8re comparution qui devrait avoir lieu dans les prochains jours.\n<\/p>\n<p>\n            L'AFP a constat\u00e9 la pr\u00e9sence d'une ambulance \u00e0 proximit\u00e9 de l'avion.\n<\/p>\n<p>\n            \"La cour proc\u00e8de \u00e0 un examen m\u00e9dical pour chaque suspect arrivant au centre de d\u00e9tention de la CPI et, par mesure de pr\u00e9caution, une assistance m\u00e9dicale est pr\u00e9sente \u00e0 l'a\u00e9roport lors de la remise \u00e0 la cour\", a toutefois pr\u00e9cis\u00e9 un porte-parole de la juridiction \u00e0 des journalistes.\n<\/p>\n<p>\n            La CPI estime qu'il existe des \"motifs raisonnables\" de croire que M. Duterte a commis un crime contre l'humanit\u00e9, le meurtre, en tant que \"coauteur indirect\", lors d'une campagne contre les stup\u00e9fiants qui a fait des dizaines de milliers de morts, selon les organisations de d\u00e9fense des droits humains.\n<\/p>\n<p>\n            S'adressant \u00e0 l'AFP devant la cour, Gilbert Andres, avocat repr\u00e9sentant les victimes de la guerre contre la drogue, a d\u00e9clar\u00e9 que ses clients \"sont tr\u00e8s reconnaissants envers Dieu, car leurs pri\u00e8res ont \u00e9t\u00e9 exauc\u00e9es\".\n<\/p>\n<p>\n            \"L'arrestation de Rodrigo Duterte est un signal fort pour la justice p\u00e9nale internationale. Cela signifie que nul n'est au-dessus des lois (...) Il y aura un jour justice pour tous (...) m\u00eame pour les hommes puissants comme Rodrigo Duterte\", a ajout\u00e9 M. Andres.\n<\/p>\n<p>\n            Un peu plus loin, des dizaines de partisans de l'ancien pr\u00e9sident se sont rassembl\u00e9s devant le centre de d\u00e9tention, d\u00e9ployant une banderole sur laquelle on pouvait lire \"Nous sommes avec Duterte\" et agitant des drapeaux.\n<\/p>\n<p>\n            \"Il n'y a eu aucune proc\u00e9dure r\u00e9guli\u00e8re\", a affirm\u00e9 Duds Quibin, un soignant de 50 ans. \"C'est un enl\u00e8vement. Ils l'ont juste mis dans un avion et l'ont amen\u00e9 ici\", a-t-il ajout\u00e9.\n<\/p>\n<p>\n            - \"Pourrir au cimeti\u00e8re\" -\n<\/p>\n<p>\n            Mercredi matin, les avocats de M. Duterte ont indiqu\u00e9 avoir d\u00e9pos\u00e9 une requ\u00eate aupr\u00e8s de la Cour supr\u00eame, accusant le gouvernement d'\"enl\u00e8vement\" et exigeant qu'il soit contraint de \"le ramener\".\n<\/p>\n<p>\n            \"La CPI ne peut exercer sa comp\u00e9tence que si le syst\u00e8me juridique national d'un pays ne fonctionne pas\", a d\u00e9clar\u00e9 Me Salvador Paolo Panelo Jr. Or, le syst\u00e8me judiciaire philippin \"fonctionne correctement\", selon lui.\n<\/p>\n<p>\n            Avant le d\u00e9part de son p\u00e8re, l'actuelle vice-pr\u00e9sidente Sara Duterte a d\u00e9clar\u00e9 qu'il \u00e9tait \"emmen\u00e9 de force \u00e0 La Haye\", qualifiant ce transfert d'\"oppression et de pers\u00e9cution\".\n<\/p>\n<p>\n            \"Duterte a de la chance, il b\u00e9n\u00e9ficie d'une proc\u00e9dure r\u00e9guli\u00e8re\" alors qu'\"il n'y a pas eu de proc\u00e8s en bonne et due forme pour mon fils\", a d\u00e9plor\u00e9 Emily Soriano \u00e0 propos de son fils Angelito, lors d'une conf\u00e9rence de presse organis\u00e9e par une association locale de d\u00e9fense des droits de l'homme \u00e0 Manille mercredi.\n<\/p>\n<p>\n            \"Il sera couch\u00e9 dans un bon lit, mon fils est d\u00e9j\u00e0 en train de pourrir au cimeti\u00e8re\", a-t-elle poursuivi.\n<\/p>\n<p>\n            - \"Escadron de la mort\" -\n<\/p>\n<p>\n            Cette affaire tr\u00e8s m\u00e9diatis\u00e9e est la bienvenue pour la CPI, actuellement sous le coup de sanctions du pr\u00e9sident am\u00e9ricain Donald Trump, m\u00e9content du mandat d'arr\u00eat \u00e9mis contre le Premier ministre isra\u00e9lien Benjamin Netanyahou pour des crimes pr\u00e9sum\u00e9s commis pendant la guerre \u00e0 Gaza.\n<\/p>\n<p>\n            A l'initiative de M. Duterte, les Philippines ont quitt\u00e9 en 2019 la CPI mais celle-ci a maintenu sa comp\u00e9tence en ce qui concerne les meurtres qui se sont produits avant ce retrait, ainsi que pour ceux commis dans la ville de Davao, \u00e0 l'\u00e9poque o\u00f9 M. Duterte en \u00e9tait le maire.\n<\/p>\n<p>\n            La CPI a d\u00e9clar\u00e9 dans son mandat d'arr\u00eat qu'il existait des \"motifs raisonnables de croire\" qu'au moins 19 personnes avaient \u00e9t\u00e9 assassin\u00e9es \u00e0 Davao par des membres de l'\"Escadron de la mort de Davao\", dirig\u00e9 par M. Duterte.\n<\/p>\n<p>\n            Au moins 24 personnes ont en outre \u00e9t\u00e9 tu\u00e9es par la police philippine \u00e0 divers endroits, selon ce mandat.\n<\/p>\n<p>\n            Dimanche, Rodrigo Duterte a trait\u00e9 les enqu\u00eateurs de la CPI de \"fils de putes\", tout en affirmant qu'il accepterait une arrestation.\n<\/p>\n<p>\n            L'ancien pr\u00e9sident reste un homme extr\u00eamement populaire pour de nombreuses personnes aux Philippines qui ont soutenu ses solutions rapides \u00e0 la criminalit\u00e9. Il reste une puissante force politique et est en lice pour retrouver son poste de maire aux \u00e9lections de mi-mandat en mai.\n<\/p>\n<p>\n            burs-cvo\/ib<\/p>\n","protected":false},"excerpt":{"rendered":"<p>Rodrigo Duterte a \u00e9t\u00e9 remis mercredi \u00e0 la Cour p\u00e9nale internationale \u00e0 son arriv\u00e9e aux Pays-Bas, a annonc\u00e9 mercredi la juridiction, qui avait \u00e9mis un mandat d'arr\u00eat contre l'ancien pr\u00e9sident philippin pour crimes pr\u00e9sum\u00e9s lors de sa guerre contre la drogue. \"M. Rodrigo Roa Duterte, n\u00e9 le 28 mars 1945, a \u00e9t\u00e9 remis \u00e0 la [&hellip;]<\/p>\n","protected":false},"author":60,"featured_media":0,"comment_status":"open","ping_status":"closed","sticky":false,"template":"","format":"standard","meta":{"_acf_changed":false,"footnotes":""},"categories":[2576],"tags":[],"ji_location":[],"class_list":["post-142664","post","type-post","status-publish","format-standard","hentry","category-fil-d-actualite"],"acf":[],"yoast_head":"<!-- This site is optimized with the Yoast SEO Premium plugin v25.3.1 (Yoast SEO v25.3.1) - https:\/\/yoast.com\/wordpress\/plugins\/seo\/ -->\n<title>L&#039;ancien pr\u00e9sident philippin Rodrigo Duterte remis \u00e0 la CPI - JusticeInfo.net<\/title>\n<meta name=\"robots\" content=\"index, follow, max-snippet:-1, max-image-preview:large, max-video-preview:-1\" \/>\n<link rel=\"canonical\" href=\"https:\/\/www.justiceinfo.net\/fr\/142664-lancien-president-philippin-rodrigo-duterte-remis-a-la-cpi.html\" \/>\n<meta property=\"og:locale\" content=\"fr_FR\" \/>\n<meta property=\"og:type\" content=\"article\" \/>\n<meta property=\"og:title\" content=\"L&#039;ancien pr\u00e9sident philippin Rodrigo Duterte remis \u00e0 la CPI\" \/>\n<meta property=\"og:description\" content=\"Rodrigo Duterte a \u00e9t\u00e9 remis mercredi \u00e0 la Cour p\u00e9nale internationale \u00e0 son arriv\u00e9e aux Pays-Bas, a annonc\u00e9 mercredi la juridiction, qui avait \u00e9mis un mandat d&#039;arr\u00eat contre l&#039;ancien pr\u00e9sident philippin pour crimes pr\u00e9sum\u00e9s lors de sa guerre contre la drogue. &quot;M. Rodrigo Roa Duterte, n\u00e9 le 28 mars 1945, a \u00e9t\u00e9 remis \u00e0 la [&hellip;]\" \/>\n<meta property=\"og:url\" content=\"https:\/\/www.justiceinfo.net\/fr\/142664-lancien-president-philippin-rodrigo-duterte-remis-a-la-cpi.html\" \/>\n<meta property=\"og:site_name\" content=\"JusticeInfo.net\" \/>\n<meta property=\"article:publisher\" content=\"https:\/\/www.facebook.com\/JusticeInfo\/\" \/>\n<meta property=\"article:published_time\" content=\"2025-03-12T14:53:02+00:00\" \/>\n<meta property=\"article:modified_time\" content=\"2025-03-12T19:30:02+00:00\" \/>\n<meta property=\"og:image\" content=\"https:\/\/www.justiceinfo.net\/wp-content\/uploads\/JusticeInfoNet_logo_1200x630px.jpg\" \/>\n\t<meta property=\"og:image:width\" content=\"1200\" \/>\n\t<meta property=\"og:image:height\" content=\"630\" \/>\n\t<meta property=\"og:image:type\" content=\"image\/jpeg\" \/>\n<meta name=\"author\" content=\"afp\" \/>\n<meta name=\"twitter:card\" content=\"summary_large_image\" \/>\n<meta name=\"twitter:creator\" content=\"@justiceinfonet\" \/>\n<meta name=\"twitter:site\" content=\"@justiceinfonet\" \/>\n<meta name=\"twitter:label1\" content=\"\u00c9crit par\" \/>\n\t<meta name=\"twitter:data1\" content=\"afp\" \/>\n\t<meta name=\"twitter:label2\" content=\"Dur\u00e9e de lecture estim\u00e9e\" \/>\n\t<meta name=\"twitter:data2\" content=\"4 minutes\" \/>\n<script type=\"application\/ld+json\" class=\"yoast-schema-graph\">{\"@context\":\"https:\/\/schema.org\",\"@graph\":[{\"@type\":\"NewsArticle\",\"@id\":\"https:\/\/www.justiceinfo.net\/fr\/142664-lancien-president-philippin-rodrigo-duterte-remis-a-la-cpi.html#article\",\"isPartOf\":{\"@id\":\"https:\/\/www.justiceinfo.net\/fr\/142664-lancien-president-philippin-rodrigo-duterte-remis-a-la-cpi.html\"},\"author\":{\"name\":\"afp\",\"@id\":\"https:\/\/www.justiceinfo.net\/fr#\/schema\/person\/713d340ef5f218fc36ce9b4244364a7f\"},\"headline\":\"L'ancien pr\u00e9sident philippin Rodrigo Duterte remis \u00e0 la CPI\",\"datePublished\":\"2025-03-12T14:53:02+00:00\",\"dateModified\":\"2025-03-12T19:30:02+00:00\",\"mainEntityOfPage\":{\"@id\":\"https:\/\/www.justiceinfo.net\/fr\/142664-lancien-president-philippin-rodrigo-duterte-remis-a-la-cpi.html\"},\"wordCount\":866,\"commentCount\":0,\"publisher\":{\"@id\":\"https:\/\/www.justiceinfo.net\/fr#organization\"},\"articleSection\":[\"Fil d'info AFP\"],\"inLanguage\":\"fr-FR\",\"potentialAction\":[{\"@type\":\"CommentAction\",\"name\":\"Comment\",\"target\":[\"https:\/\/www.justiceinfo.net\/fr\/142664-lancien-president-philippin-rodrigo-duterte-remis-a-la-cpi.html#respond\"]}]},{\"@type\":\"WebPage\",\"@id\":\"https:\/\/www.justiceinfo.net\/fr\/142664-lancien-president-philippin-rodrigo-duterte-remis-a-la-cpi.html\",\"url\":\"https:\/\/www.justiceinfo.net\/fr\/142664-lancien-president-philippin-rodrigo-duterte-remis-a-la-cpi.html\",\"name\":\"L'ancien pr\u00e9sident philippin Rodrigo Duterte remis \u00e0 la CPI - JusticeInfo.net\",\"isPartOf\":{\"@id\":\"https:\/\/www.justiceinfo.net\/fr#website\"},\"datePublished\":\"2025-03-12T14:53:02+00:00\",\"dateModified\":\"2025-03-12T19:30:02+00:00\",\"breadcrumb\":{\"@id\":\"https:\/\/www.justiceinfo.net\/fr\/142664-lancien-president-philippin-rodrigo-duterte-remis-a-la-cpi.html#breadcrumb\"},\"inLanguage\":\"fr-FR\",\"potentialAction\":[{\"@type\":\"ReadAction\",\"target\":[\"https:\/\/www.justiceinfo.net\/fr\/142664-lancien-president-philippin-rodrigo-duterte-remis-a-la-cpi.html\"]}]},{\"@type\":\"BreadcrumbList\",\"@id\":\"https:\/\/www.justiceinfo.net\/fr\/142664-lancien-president-philippin-rodrigo-duterte-remis-a-la-cpi.html#breadcrumb\",\"itemListElement\":[{\"@type\":\"ListItem\",\"position\":1,\"name\":\"Home\",\"item\":\"https:\/\/www.justiceinfo.net\/fr\"},{\"@type\":\"ListItem\",\"position\":2,\"name\":\"L'ancien pr\u00e9sident philippin Rodrigo Duterte remis \u00e0 la CPI\"}]},{\"@type\":\"WebSite\",\"@id\":\"https:\/\/www.justiceinfo.net\/fr#website\",\"url\":\"https:\/\/www.justiceinfo.net\/fr\",\"name\":\"JusticeInfo.net\",\"description\":\"La justice doit \u00eatre vue pour \u00eatre rendue\",\"publisher\":{\"@id\":\"https:\/\/www.justiceinfo.net\/fr#organization\"},\"potentialAction\":[{\"@type\":\"SearchAction\",\"target\":{\"@type\":\"EntryPoint\",\"urlTemplate\":\"https:\/\/www.justiceinfo.net\/fr?s={search_term_string}\"},\"query-input\":{\"@type\":\"PropertyValueSpecification\",\"valueRequired\":true,\"valueName\":\"search_term_string\"}}],\"inLanguage\":\"fr-FR\"},{\"@type\":\"Organization\",\"@id\":\"https:\/\/www.justiceinfo.net\/fr#organization\",\"name\":\"Justice Info\",\"url\":\"https:\/\/www.justiceinfo.net\/fr\",\"logo\":{\"@type\":\"ImageObject\",\"inLanguage\":\"fr-FR\",\"@id\":\"https:\/\/www.justiceinfo.net\/fr#\/schema\/logo\/image\/\",\"url\":\"https:\/\/www.justiceinfo.net\/wp-content\/uploads\/justiceinfo_logo-trans_1200x1200px.png\",\"contentUrl\":\"https:\/\/www.justiceinfo.net\/wp-content\/uploads\/justiceinfo_logo-trans_1200x1200px.png\",\"width\":1199,\"height\":1200,\"caption\":\"Justice Info\"},\"image\":{\"@id\":\"https:\/\/www.justiceinfo.net\/fr#\/schema\/logo\/image\/\"},\"sameAs\":[\"https:\/\/www.facebook.com\/JusticeInfo\/\",\"https:\/\/x.com\/justiceinfonet\",\"https:\/\/www.linkedin.com\/company\/justice-info\",\"https:\/\/www.youtube.com\/channel\/UCyCEsARodyuWtkWyhn-e7pA\"]},{\"@type\":\"Person\",\"name\":\"afp\",\"url\":\"\/fr\/?s=afp\"}]}<\/script>\n<!-- \/ Yoast SEO Premium plugin. -->","yoast_head_json":{"title":"L'ancien pr\u00e9sident philippin Rodrigo Duterte remis \u00e0 la CPI - JusticeInfo.net","robots":{"index":"index","follow":"follow","max-snippet":"max-snippet:-1","max-image-preview":"max-image-preview:large","max-video-preview":"max-video-preview:-1"},"canonical":"https:\/\/www.justiceinfo.net\/fr\/142664-lancien-president-philippin-rodrigo-duterte-remis-a-la-cpi.html","og_locale":"fr_FR","og_type":"article","og_title":"L'ancien pr\u00e9sident philippin Rodrigo Duterte remis \u00e0 la CPI","og_description":"Rodrigo Duterte a \u00e9t\u00e9 remis mercredi \u00e0 la Cour p\u00e9nale internationale \u00e0 son arriv\u00e9e aux Pays-Bas, a annonc\u00e9 mercredi la juridiction, qui avait \u00e9mis un mandat d'arr\u00eat contre l'ancien pr\u00e9sident philippin pour crimes pr\u00e9sum\u00e9s lors de sa guerre contre la drogue. \"M. Rodrigo Roa Duterte, n\u00e9 le 28 mars 1945, a \u00e9t\u00e9 remis \u00e0 la [&hellip;]","og_url":"https:\/\/www.justiceinfo.net\/fr\/142664-lancien-president-philippin-rodrigo-duterte-remis-a-la-cpi.html","og_site_name":"JusticeInfo.net","article_publisher":"https:\/\/www.facebook.com\/JusticeInfo\/","article_published_time":"2025-03-12T14:53:02+00:00","article_modified_time":"2025-03-12T19:30:02+00:00","og_image":[{"width":1200,"height":630,"url":"https:\/\/www.justiceinfo.net\/wp-content\/uploads\/JusticeInfoNet_logo_1200x630px.jpg","type":"image\/jpeg"}],"author":"afp","twitter_card":"summary_large_image","twitter_creator":"@justiceinfonet","twitter_site":"@justiceinfonet","twitter_misc":{"\u00c9crit par":"afp","Dur\u00e9e de lecture estim\u00e9e":"4 minutes"},"schema":{"@context":"https:\/\/schema.org","@graph":[{"@type":"NewsArticle","@id":"https:\/\/www.justiceinfo.net\/fr\/142664-lancien-president-philippin-rodrigo-duterte-remis-a-la-cpi.html#article","isPartOf":{"@id":"https:\/\/www.justiceinfo.net\/fr\/142664-lancien-president-philippin-rodrigo-duterte-remis-a-la-cpi.html"},"author":{"name":"afp","@id":"https:\/\/www.justiceinfo.net\/fr#\/schema\/person\/713d340ef5f218fc36ce9b4244364a7f"},"headline":"L'ancien pr\u00e9sident philippin Rodrigo Duterte remis \u00e0 la CPI","datePublished":"2025-03-12T14:53:02+00:00","dateModified":"2025-03-12T19:30:02+00:00","mainEntityOfPage":{"@id":"https:\/\/www.justiceinfo.net\/fr\/142664-lancien-president-philippin-rodrigo-duterte-remis-a-la-cpi.html"},"wordCount":866,"commentCount":0,"publisher":{"@id":"https:\/\/www.justiceinfo.net\/fr#organization"},"articleSection":["Fil d'info AFP"],"inLanguage":"fr-FR","potentialAction":[{"@type":"CommentAction","name":"Comment","target":["https:\/\/www.justiceinfo.net\/fr\/142664-lancien-president-philippin-rodrigo-duterte-remis-a-la-cpi.html#respond"]}]},{"@type":"WebPage","@id":"https:\/\/www.justiceinfo.net\/fr\/142664-lancien-president-philippin-rodrigo-duterte-remis-a-la-cpi.html","url":"https:\/\/www.justiceinfo.net\/fr\/142664-lancien-president-philippin-rodrigo-duterte-remis-a-la-cpi.html","name":"L'ancien pr\u00e9sident philippin Rodrigo Duterte remis \u00e0 la CPI - JusticeInfo.net","isPartOf":{"@id":"https:\/\/www.justiceinfo.net\/fr#website"},"datePublished":"2025-03-12T14:53:02+00:00","dateModified":"2025-03-12T19:30:02+00:00","breadcrumb":{"@id":"https:\/\/www.justiceinfo.net\/fr\/142664-lancien-president-philippin-rodrigo-duterte-remis-a-la-cpi.html#breadcrumb"},"inLanguage":"fr-FR","potentialAction":[{"@type":"ReadAction","target":["https:\/\/www.justiceinfo.net\/fr\/142664-lancien-president-philippin-rodrigo-duterte-remis-a-la-cpi.html"]}]},{"@type":"BreadcrumbList","@id":"https:\/\/www.justiceinfo.net\/fr\/142664-lancien-president-philippin-rodrigo-duterte-remis-a-la-cpi.html#breadcrumb","itemListElement":[{"@type":"ListItem","position":1,"name":"Home","item":"https:\/\/www.justiceinfo.net\/fr"},{"@type":"ListItem","position":2,"name":"L'ancien pr\u00e9sident philippin Rodrigo Duterte remis \u00e0 la CPI"}]},{"@type":"WebSite","@id":"https:\/\/www.justiceinfo.net\/fr#website","url":"https:\/\/www.justiceinfo.net\/fr","name":"JusticeInfo.net","description":"La justice doit \u00eatre vue pour \u00eatre rendue","publisher":{"@id":"https:\/\/www.justiceinfo.net\/fr#organization"},"potentialAction":[{"@type":"SearchAction","target":{"@type":"EntryPoint","urlTemplate":"https:\/\/www.justiceinfo.net\/fr?s={search_term_string}"},"query-input":{"@type":"PropertyValueSpecification","valueRequired":true,"valueName":"search_term_string"}}],"inLanguage":"fr-FR"},{"@type":"Organization","@id":"https:\/\/www.justiceinfo.net\/fr#organization","name":"Justice Info","url":"https:\/\/www.justiceinfo.net\/fr","logo":{"@type":"ImageObject","inLanguage":"fr-FR","@id":"https:\/\/www.justiceinfo.net\/fr#\/schema\/logo\/image\/","url":"https:\/\/www.justiceinfo.net\/wp-content\/uploads\/justiceinfo_logo-trans_1200x1200px.png","contentUrl":"https:\/\/www.justiceinfo.net\/wp-content\/uploads\/justiceinfo_logo-trans_1200x1200px.png","width":1199,"height":1200,"caption":"Justice Info"},"image":{"@id":"https:\/\/www.justiceinfo.net\/fr#\/schema\/logo\/image\/"},"sameAs":["https:\/\/www.facebook.com\/JusticeInfo\/","https:\/\/x.com\/justiceinfonet","https:\/\/www.linkedin.com\/company\/justice-info","https:\/\/www.youtube.com\/channel\/UCyCEsARodyuWtkWyhn-e7pA"]},{"@type":"Person","name":"afp","url":"\/fr\/?s=afp"}]}},"_links":{"self":[{"href":"https:\/\/www.justiceinfo.net\/fr\/wp-json\/wp\/v2\/posts\/142664","targetHints":{"allow":["GET"]}}],"collection":[{"href":"https:\/\/www.justiceinfo.net\/fr\/wp-json\/wp\/v2\/posts"}],"about":[{"href":"https:\/\/www.justiceinfo.net\/fr\/wp-json\/wp\/v2\/types\/post"}],"author":[{"embeddable":true,"href":"https:\/\/www.justiceinfo.net\/fr\/wp-json\/wp\/v2\/users\/60"}],"replies":[{"embeddable":true,"href":"https:\/\/www.justiceinfo.net\/fr\/wp-json\/wp\/v2\/comments?post=142664"}],"version-history":[{"count":1,"href":"https:\/\/www.justiceinfo.net\/fr\/wp-json\/wp\/v2\/posts\/142664\/revisions"}],"predecessor-version":[{"id":142672,"href":"https:\/\/www.justiceinfo.net\/fr\/wp-json\/wp\/v2\/posts\/142664\/revisions\/142672"}],"wp:attachment":[{"href":"https:\/\/www.justiceinfo.net\/fr\/wp-json\/wp\/v2\/media?parent=142664"}],"wp:term":[{"taxonomy":"category","embeddable":true,"href":"https:\/\/www.justiceinfo.net\/fr\/wp-json\/wp\/v2\/categories?post=142664"},{"taxonomy":"post_tag","embeddable":true,"href":"https:\/\/www.justiceinfo.net\/fr\/wp-json\/wp\/v2\/tags?post=142664"},{"taxonomy":"ji_location","embeddable":true,"href":"https:\/\/www.justiceinfo.net\/fr\/wp-json\/wp\/v2\/ji_location?post=142664"}],"curies":[{"name":"wp","href":"https:\/\/api.w.org\/{rel}","templated":true}]}}