{"id":14285,"date":"2012-05-02T15:54:24","date_gmt":"2012-05-02T13:54:24","guid":{"rendered":"https:\/\/www.justiceinfo.net\/14285-020512-cpilibye-tripoli-conteste-la-competence-de-la-cpi.html"},"modified":"2012-05-02T15:54:24","modified_gmt":"2012-05-02T13:54:24","slug":"020512-cpilibye-tripoli-conteste-la-competence-de-la-cpi","status":"publish","type":"post","link":"https:\/\/www.justiceinfo.net\/fr\/14285-020512-cpilibye-tripoli-conteste-la-competence-de-la-cpi.html","title":{"rendered":"02.05.12 - CPI\/LIBYE - TRIPOLI CONTESTE LA COMPETENCE DE LA CPI"},"content":{"rendered":"<p>La Haye, 2 mai 2012 (FH) \u2013 Le gouvernement libyen a d\u00e9pos\u00e9 une requ\u00eate devant la Cour p\u00e9nale internationale (CPI) demandant aux juges de la Cour de renvoyer les affaires Sa\u00eff Al-Islam Kadhafi et Abdullah El-Senoussi devant ses juridictions.<\/p>\n<p><!--more--><\/p>\n<p>\u00ab Refuser au peuple libyen cette opportunit\u00e9 historique d\u2019\u00e9radiquer la longue culture de l\u2019impunit\u00e9 serait manifestement en contradiction avec l\u2019objet et le but du Statut de Rome, qui accorde la primaut\u00e9 aux syst\u00e8mes judiciaire nationaux \u00bb, \u00e9crivent les avocats de la Libye.<\/p>\n<p dir=\"LTR\" >En vertu du principe de compl\u00e9mentarit\u00e9, la Cour n\u2019intervient en effet que si les Etats n\u2019ont pas les moyens logistiques ou la volont\u00e9 politique de conduire sur leur sol des proc\u00e8s \u00e9quitables devant des juges impartiaux. Le fils du d\u00e9funt Guide libyen et l\u2019ancien chef des renseignements militaires font l\u2019objet de mandats d\u2019arr\u00eat pour crimes contre l\u2019humanit\u00e9 \u00e9mis par la Cour en juin 2011. D\u00e8s lors, la Libye doit prouver que l\u2019affaire lui revient.<\/p>\n<p dir=\"LTR\" >La Libye affirme qu\u2019elle conduit actuellement des enqu\u00eates contre les deux hommes, sur les m\u00eames faits que ceux all\u00e9gu\u00e9s par la Cour. Depuis le 8 janvier, le procureur g\u00e9n\u00e9ral de Libye enqu\u00eate sur les crimes qu\u2019aurait commis Sa\u00eff Al-Islam Kadhafi depuis f\u00e9vrier 2011, affirment ma\u00eetre Payam Akhavan et Philippe Sands. Tripoli explique ne pas \u00eatre en mesure de fournir \u00e0 la Cour son dossier, mais en d\u00e9taille cependant le contenu.<\/p>\n<p dir=\"LTR\" >Parmi les t\u00e9moins, des amis et associ\u00e9s de Kadhafi auraient \u00e9t\u00e9 interrog\u00e9s, ainsi que des militaires, aujourd\u2019hui d\u00e9tenus. Le procureur g\u00e9n\u00e9ral libyen d\u00e9tiendrait aussi des \u00e9coutes t\u00e9l\u00e9phoniques montrant que Sa\u00eff Al-Islam Kadhafi donnait des ordres aux forces de s\u00e9curit\u00e9 pour tuer les manifestants. Enfin, des preuves de l\u2019emploi de mercenaires, venus de diff\u00e9rents pays d\u2019Afrique pour aider les forces de Kadhafi pendant la r\u00e9volution, s\u2019ajouteraient au dossier. Selon la requ\u00eate d\u00e9pos\u00e9e devant les juges, Sa\u00eff Al-Islam Kadhafi pourrait \u00eatre mis en accusation d\u2019ici trois semaines pour les crimes commis en 2011, apr\u00e8s interrogatoire du suspect.<\/p>\n<p dir=\"LTR\" >Concernant Abdullah El-Senoussi, un procureur militaire libyen a ouvert une enqu\u00eate le 3 avril, quelques jours apr\u00e8s son arrestation, le 17 mars, en Mauritanie. La Libye affirme que Nouakchott lui a assur\u00e9 qu\u2019il serait extrad\u00e9 vers Tripoli, d\u00e8s que son \u00e9tat de sant\u00e9 lui permettrait de voyager. L\u2019ancien chef des renseignements militaires souffrirait d\u2019une maladie du foie. La France, qui l\u2019avait condamn\u00e9 \u00e0 la perp\u00e9tuit\u00e9 par contumace pour l\u2019attentat du DC10 d\u2019UTA, perp\u00e9tr\u00e9 en septembre 1989, et la CPI, ont aussi demand\u00e9 son extradition. La Mauritanie ne s\u2019est pas encore officiellement prononc\u00e9e.<\/p>\n<p dir=\"LTR\" >La Libye, qui applique la peine de mort, pr\u00e9cise que si une telle sentence devait \u00eatre prononc\u00e9e, elle serait sous le contr\u00f4le de la Cour Supr\u00eame, comme le veut le code de proc\u00e9dure p\u00e9nale libyen, inspir\u00e9 du droit italien. Cette peine peut aussi \u00eatre commu\u00e9e en une condamnation \u00e0 perp\u00e9tuit\u00e9, \u00ab dans les cas o\u00f9 les membres des familles des victimes pardonnent le condamn\u00e9. \u00bb<\/p>\n<p dir=\"LTR\" >La Libye demande aussi \u00e0 la Cour d\u2019annuler sa d\u00e9cision du 4 avril qui ordonnait la livraison imm\u00e9diate de Sa\u00eff Al-Islam Kadhafi, d\u00e9tenu depuis le 19 novembre 2011 \u00e0 Zenten, dans le sud-ouest de la Libye. La Libye avait fait appel de cette d\u00e9cision, mais a \u00e9t\u00e9 d\u00e9bout\u00e9e.<\/p>\n<p>SM\/ER\/GF<\/p>\n","protected":false},"excerpt":{"rendered":"<p>La Haye, 2 mai 2012 (FH) \u2013 Le gouvernement libyen a d\u00e9pos\u00e9 une requ\u00eate devant la Cour p\u00e9nale internationale (CPI) demandant aux juges de la Cour de renvoyer les affaires Sa\u00eff Al-Islam Kadhafi et Abdullah El-Senoussi devant ses juridictions.<\/p>\n","protected":false},"author":64,"featured_media":0,"comment_status":"open","ping_status":"closed","sticky":false,"template":"","format":"standard","meta":{"_acf_changed":false,"footnotes":""},"categories":[554],"tags":[],"ji_location":[],"class_list":["post-14285","post","type-post","status-publish","format-standard","hentry","category-hirondellenews"],"acf":[],"yoast_head":"<!-- This site is optimized with the Yoast SEO Premium plugin v25.3.1 (Yoast SEO v25.3.1) - https:\/\/yoast.com\/wordpress\/plugins\/seo\/ -->\n<title>02.05.12 - CPI\/LIBYE - TRIPOLI CONTESTE LA COMPETENCE DE LA CPI - JusticeInfo.net<\/title>\n<meta name=\"robots\" content=\"index, follow, max-snippet:-1, max-image-preview:large, max-video-preview:-1\" \/>\n<link rel=\"canonical\" href=\"https:\/\/www.justiceinfo.net\/fr\/14285-020512-cpilibye-tripoli-conteste-la-competence-de-la-cpi.html\" \/>\n<meta property=\"og:locale\" content=\"fr_FR\" \/>\n<meta property=\"og:type\" content=\"article\" \/>\n<meta property=\"og:title\" content=\"02.05.12 - CPI\/LIBYE - TRIPOLI CONTESTE LA COMPETENCE DE LA CPI\" \/>\n<meta property=\"og:description\" content=\"La Haye, 2 mai 2012 (FH) \u2013 Le gouvernement libyen a d\u00e9pos\u00e9 une requ\u00eate devant la Cour p\u00e9nale internationale (CPI) demandant aux juges de la Cour de renvoyer les affaires Sa\u00eff Al-Islam Kadhafi et Abdullah El-Senoussi devant ses juridictions.\" \/>\n<meta property=\"og:url\" content=\"https:\/\/www.justiceinfo.net\/fr\/14285-020512-cpilibye-tripoli-conteste-la-competence-de-la-cpi.html\" \/>\n<meta property=\"og:site_name\" content=\"JusticeInfo.net\" \/>\n<meta property=\"article:publisher\" content=\"https:\/\/www.facebook.com\/JusticeInfo\/\" \/>\n<meta property=\"article:published_time\" content=\"2012-05-02T13:54:24+00:00\" \/>\n<meta property=\"og:image\" content=\"https:\/\/www.justiceinfo.net\/wp-content\/uploads\/JusticeInfoNet_logo_1200x630px.jpg\" \/>\n\t<meta property=\"og:image:width\" content=\"1200\" \/>\n\t<meta property=\"og:image:height\" content=\"630\" \/>\n\t<meta property=\"og:image:type\" content=\"image\/jpeg\" \/>\n<meta name=\"author\" content=\"solivri\" \/>\n<meta name=\"twitter:card\" content=\"summary_large_image\" \/>\n<meta name=\"twitter:creator\" content=\"@justiceinfonet\" \/>\n<meta name=\"twitter:site\" content=\"@justiceinfonet\" \/>\n<meta name=\"twitter:label1\" content=\"\u00c9crit par\" \/>\n\t<meta name=\"twitter:data1\" content=\"solivri\" \/>\n\t<meta name=\"twitter:label2\" content=\"Dur\u00e9e de lecture estim\u00e9e\" \/>\n\t<meta name=\"twitter:data2\" content=\"3 minutes\" \/>\n<script type=\"application\/ld+json\" class=\"yoast-schema-graph\">{\"@context\":\"https:\/\/schema.org\",\"@graph\":[{\"@type\":\"NewsArticle\",\"@id\":\"https:\/\/www.justiceinfo.net\/fr\/14285-020512-cpilibye-tripoli-conteste-la-competence-de-la-cpi.html#article\",\"isPartOf\":{\"@id\":\"https:\/\/www.justiceinfo.net\/fr\/14285-020512-cpilibye-tripoli-conteste-la-competence-de-la-cpi.html\"},\"author\":{\"name\":\"solivri\",\"@id\":\"https:\/\/www.justiceinfo.net\/fr#\/schema\/person\/6e53cba1629e2e66f3fc1821d3091865\"},\"headline\":\"02.05.12 - CPI\/LIBYE - TRIPOLI CONTESTE LA COMPETENCE DE LA CPI\",\"datePublished\":\"2012-05-02T13:54:24+00:00\",\"mainEntityOfPage\":{\"@id\":\"https:\/\/www.justiceinfo.net\/fr\/14285-020512-cpilibye-tripoli-conteste-la-competence-de-la-cpi.html\"},\"wordCount\":602,\"commentCount\":0,\"publisher\":{\"@id\":\"https:\/\/www.justiceinfo.net\/fr#organization\"},\"articleSection\":[\"Hirondelle News\"],\"inLanguage\":\"fr-FR\",\"potentialAction\":[{\"@type\":\"CommentAction\",\"name\":\"Comment\",\"target\":[\"https:\/\/www.justiceinfo.net\/fr\/14285-020512-cpilibye-tripoli-conteste-la-competence-de-la-cpi.html#respond\"]}]},{\"@type\":\"WebPage\",\"@id\":\"https:\/\/www.justiceinfo.net\/fr\/14285-020512-cpilibye-tripoli-conteste-la-competence-de-la-cpi.html\",\"url\":\"https:\/\/www.justiceinfo.net\/fr\/14285-020512-cpilibye-tripoli-conteste-la-competence-de-la-cpi.html\",\"name\":\"02.05.12 - CPI\/LIBYE - TRIPOLI CONTESTE LA COMPETENCE DE LA CPI - JusticeInfo.net\",\"isPartOf\":{\"@id\":\"https:\/\/www.justiceinfo.net\/fr#website\"},\"datePublished\":\"2012-05-02T13:54:24+00:00\",\"breadcrumb\":{\"@id\":\"https:\/\/www.justiceinfo.net\/fr\/14285-020512-cpilibye-tripoli-conteste-la-competence-de-la-cpi.html#breadcrumb\"},\"inLanguage\":\"fr-FR\",\"potentialAction\":[{\"@type\":\"ReadAction\",\"target\":[\"https:\/\/www.justiceinfo.net\/fr\/14285-020512-cpilibye-tripoli-conteste-la-competence-de-la-cpi.html\"]}]},{\"@type\":\"BreadcrumbList\",\"@id\":\"https:\/\/www.justiceinfo.net\/fr\/14285-020512-cpilibye-tripoli-conteste-la-competence-de-la-cpi.html#breadcrumb\",\"itemListElement\":[{\"@type\":\"ListItem\",\"position\":1,\"name\":\"Home\",\"item\":\"https:\/\/www.justiceinfo.net\/fr\"},{\"@type\":\"ListItem\",\"position\":2,\"name\":\"02.05.12 - CPI\/LIBYE - TRIPOLI CONTESTE LA COMPETENCE DE LA CPI\"}]},{\"@type\":\"WebSite\",\"@id\":\"https:\/\/www.justiceinfo.net\/fr#website\",\"url\":\"https:\/\/www.justiceinfo.net\/fr\",\"name\":\"JusticeInfo.net\",\"description\":\"La justice doit \u00eatre vue pour \u00eatre rendue\",\"publisher\":{\"@id\":\"https:\/\/www.justiceinfo.net\/fr#organization\"},\"potentialAction\":[{\"@type\":\"SearchAction\",\"target\":{\"@type\":\"EntryPoint\",\"urlTemplate\":\"https:\/\/www.justiceinfo.net\/fr?s={search_term_string}\"},\"query-input\":{\"@type\":\"PropertyValueSpecification\",\"valueRequired\":true,\"valueName\":\"search_term_string\"}}],\"inLanguage\":\"fr-FR\"},{\"@type\":\"Organization\",\"@id\":\"https:\/\/www.justiceinfo.net\/fr#organization\",\"name\":\"Justice Info\",\"url\":\"https:\/\/www.justiceinfo.net\/fr\",\"logo\":{\"@type\":\"ImageObject\",\"inLanguage\":\"fr-FR\",\"@id\":\"https:\/\/www.justiceinfo.net\/fr#\/schema\/logo\/image\/\",\"url\":\"https:\/\/www.justiceinfo.net\/wp-content\/uploads\/justiceinfo_logo-trans_1200x1200px.png\",\"contentUrl\":\"https:\/\/www.justiceinfo.net\/wp-content\/uploads\/justiceinfo_logo-trans_1200x1200px.png\",\"width\":1199,\"height\":1200,\"caption\":\"Justice Info\"},\"image\":{\"@id\":\"https:\/\/www.justiceinfo.net\/fr#\/schema\/logo\/image\/\"},\"sameAs\":[\"https:\/\/www.facebook.com\/JusticeInfo\/\",\"https:\/\/x.com\/justiceinfonet\",\"https:\/\/www.linkedin.com\/company\/justice-info\",\"https:\/\/www.youtube.com\/channel\/UCyCEsARodyuWtkWyhn-e7pA\"]},{\"@type\":\"Person\",\"name\":\"solivri\",\"url\":\"\/fr\/?s=solivri\"}]}<\/script>\n<!-- \/ Yoast SEO Premium plugin. -->","yoast_head_json":{"title":"02.05.12 - CPI\/LIBYE - TRIPOLI CONTESTE LA COMPETENCE DE LA CPI - JusticeInfo.net","robots":{"index":"index","follow":"follow","max-snippet":"max-snippet:-1","max-image-preview":"max-image-preview:large","max-video-preview":"max-video-preview:-1"},"canonical":"https:\/\/www.justiceinfo.net\/fr\/14285-020512-cpilibye-tripoli-conteste-la-competence-de-la-cpi.html","og_locale":"fr_FR","og_type":"article","og_title":"02.05.12 - CPI\/LIBYE - TRIPOLI CONTESTE LA COMPETENCE DE LA CPI","og_description":"La Haye, 2 mai 2012 (FH) \u2013 Le gouvernement libyen a d\u00e9pos\u00e9 une requ\u00eate devant la Cour p\u00e9nale internationale (CPI) demandant aux juges de la Cour de renvoyer les affaires Sa\u00eff Al-Islam Kadhafi et Abdullah El-Senoussi devant ses juridictions.","og_url":"https:\/\/www.justiceinfo.net\/fr\/14285-020512-cpilibye-tripoli-conteste-la-competence-de-la-cpi.html","og_site_name":"JusticeInfo.net","article_publisher":"https:\/\/www.facebook.com\/JusticeInfo\/","article_published_time":"2012-05-02T13:54:24+00:00","og_image":[{"width":1200,"height":630,"url":"https:\/\/www.justiceinfo.net\/wp-content\/uploads\/JusticeInfoNet_logo_1200x630px.jpg","type":"image\/jpeg"}],"author":"solivri","twitter_card":"summary_large_image","twitter_creator":"@justiceinfonet","twitter_site":"@justiceinfonet","twitter_misc":{"\u00c9crit par":"solivri","Dur\u00e9e de lecture estim\u00e9e":"3 minutes"},"schema":{"@context":"https:\/\/schema.org","@graph":[{"@type":"NewsArticle","@id":"https:\/\/www.justiceinfo.net\/fr\/14285-020512-cpilibye-tripoli-conteste-la-competence-de-la-cpi.html#article","isPartOf":{"@id":"https:\/\/www.justiceinfo.net\/fr\/14285-020512-cpilibye-tripoli-conteste-la-competence-de-la-cpi.html"},"author":{"name":"solivri","@id":"https:\/\/www.justiceinfo.net\/fr#\/schema\/person\/6e53cba1629e2e66f3fc1821d3091865"},"headline":"02.05.12 - CPI\/LIBYE - TRIPOLI CONTESTE LA COMPETENCE DE LA CPI","datePublished":"2012-05-02T13:54:24+00:00","mainEntityOfPage":{"@id":"https:\/\/www.justiceinfo.net\/fr\/14285-020512-cpilibye-tripoli-conteste-la-competence-de-la-cpi.html"},"wordCount":602,"commentCount":0,"publisher":{"@id":"https:\/\/www.justiceinfo.net\/fr#organization"},"articleSection":["Hirondelle News"],"inLanguage":"fr-FR","potentialAction":[{"@type":"CommentAction","name":"Comment","target":["https:\/\/www.justiceinfo.net\/fr\/14285-020512-cpilibye-tripoli-conteste-la-competence-de-la-cpi.html#respond"]}]},{"@type":"WebPage","@id":"https:\/\/www.justiceinfo.net\/fr\/14285-020512-cpilibye-tripoli-conteste-la-competence-de-la-cpi.html","url":"https:\/\/www.justiceinfo.net\/fr\/14285-020512-cpilibye-tripoli-conteste-la-competence-de-la-cpi.html","name":"02.05.12 - CPI\/LIBYE - TRIPOLI CONTESTE LA COMPETENCE DE LA CPI - JusticeInfo.net","isPartOf":{"@id":"https:\/\/www.justiceinfo.net\/fr#website"},"datePublished":"2012-05-02T13:54:24+00:00","breadcrumb":{"@id":"https:\/\/www.justiceinfo.net\/fr\/14285-020512-cpilibye-tripoli-conteste-la-competence-de-la-cpi.html#breadcrumb"},"inLanguage":"fr-FR","potentialAction":[{"@type":"ReadAction","target":["https:\/\/www.justiceinfo.net\/fr\/14285-020512-cpilibye-tripoli-conteste-la-competence-de-la-cpi.html"]}]},{"@type":"BreadcrumbList","@id":"https:\/\/www.justiceinfo.net\/fr\/14285-020512-cpilibye-tripoli-conteste-la-competence-de-la-cpi.html#breadcrumb","itemListElement":[{"@type":"ListItem","position":1,"name":"Home","item":"https:\/\/www.justiceinfo.net\/fr"},{"@type":"ListItem","position":2,"name":"02.05.12 - CPI\/LIBYE - TRIPOLI CONTESTE LA COMPETENCE DE LA CPI"}]},{"@type":"WebSite","@id":"https:\/\/www.justiceinfo.net\/fr#website","url":"https:\/\/www.justiceinfo.net\/fr","name":"JusticeInfo.net","description":"La justice doit \u00eatre vue pour \u00eatre rendue","publisher":{"@id":"https:\/\/www.justiceinfo.net\/fr#organization"},"potentialAction":[{"@type":"SearchAction","target":{"@type":"EntryPoint","urlTemplate":"https:\/\/www.justiceinfo.net\/fr?s={search_term_string}"},"query-input":{"@type":"PropertyValueSpecification","valueRequired":true,"valueName":"search_term_string"}}],"inLanguage":"fr-FR"},{"@type":"Organization","@id":"https:\/\/www.justiceinfo.net\/fr#organization","name":"Justice Info","url":"https:\/\/www.justiceinfo.net\/fr","logo":{"@type":"ImageObject","inLanguage":"fr-FR","@id":"https:\/\/www.justiceinfo.net\/fr#\/schema\/logo\/image\/","url":"https:\/\/www.justiceinfo.net\/wp-content\/uploads\/justiceinfo_logo-trans_1200x1200px.png","contentUrl":"https:\/\/www.justiceinfo.net\/wp-content\/uploads\/justiceinfo_logo-trans_1200x1200px.png","width":1199,"height":1200,"caption":"Justice Info"},"image":{"@id":"https:\/\/www.justiceinfo.net\/fr#\/schema\/logo\/image\/"},"sameAs":["https:\/\/www.facebook.com\/JusticeInfo\/","https:\/\/x.com\/justiceinfonet","https:\/\/www.linkedin.com\/company\/justice-info","https:\/\/www.youtube.com\/channel\/UCyCEsARodyuWtkWyhn-e7pA"]},{"@type":"Person","name":"solivri","url":"\/fr\/?s=solivri"}]}},"_links":{"self":[{"href":"https:\/\/www.justiceinfo.net\/fr\/wp-json\/wp\/v2\/posts\/14285","targetHints":{"allow":["GET"]}}],"collection":[{"href":"https:\/\/www.justiceinfo.net\/fr\/wp-json\/wp\/v2\/posts"}],"about":[{"href":"https:\/\/www.justiceinfo.net\/fr\/wp-json\/wp\/v2\/types\/post"}],"author":[{"embeddable":true,"href":"https:\/\/www.justiceinfo.net\/fr\/wp-json\/wp\/v2\/users\/64"}],"replies":[{"embeddable":true,"href":"https:\/\/www.justiceinfo.net\/fr\/wp-json\/wp\/v2\/comments?post=14285"}],"version-history":[{"count":0,"href":"https:\/\/www.justiceinfo.net\/fr\/wp-json\/wp\/v2\/posts\/14285\/revisions"}],"wp:attachment":[{"href":"https:\/\/www.justiceinfo.net\/fr\/wp-json\/wp\/v2\/media?parent=14285"}],"wp:term":[{"taxonomy":"category","embeddable":true,"href":"https:\/\/www.justiceinfo.net\/fr\/wp-json\/wp\/v2\/categories?post=14285"},{"taxonomy":"post_tag","embeddable":true,"href":"https:\/\/www.justiceinfo.net\/fr\/wp-json\/wp\/v2\/tags?post=14285"},{"taxonomy":"ji_location","embeddable":true,"href":"https:\/\/www.justiceinfo.net\/fr\/wp-json\/wp\/v2\/ji_location?post=14285"}],"curies":[{"name":"wp","href":"https:\/\/api.w.org\/{rel}","templated":true}]}}