{"id":14305,"date":"2012-05-11T15:06:40","date_gmt":"2012-05-11T13:06:40","guid":{"rendered":"https:\/\/www.justiceinfo.net\/14305-110512-synthese-hebdomadaire-peine-reduite-pour-ntabakuze-le-proces-mugesera-peine-a-demarrer.html"},"modified":"2012-05-11T15:06:40","modified_gmt":"2012-05-11T13:06:40","slug":"110512-synthese-hebdomadaire-peine-reduite-pour-ntabakuze-le-proces-mugesera-peine-a-demarrer","status":"publish","type":"post","link":"https:\/\/www.justiceinfo.net\/fr\/14305-110512-synthese-hebdomadaire-peine-reduite-pour-ntabakuze-le-proces-mugesera-peine-a-demarrer.html","title":{"rendered":"11.05.12 - SYNTHESE HEBDOMADAIRE - PEINE REDUITE POUR NTABAKUZE, LE PROCES MUGESERA PEINE A DEMARRER"},"content":{"rendered":"<p>Arusha, 11 mai 2012 (FH) \u2013 Le Tribunal p\u00e9nal international pour le Rwanda (TPIR) a r\u00e9duit de la perp\u00e9tuit\u00e9 \u00e0 35 ans de r\u00e9clusion la peine inflig\u00e9e au major Aloys Ntabakuze. A Kigali, le proc\u00e8s de L\u00e9on Mugesera peine \u00e0 d\u00e9marrer.<\/p>\n<p><!--more--><\/p>\n<p>TPIR<\/p>\n<p>Audience d\u2019appel dans l\u2019affaire Gatete : le tribunal a entendu mardi les motifs d\u2019appel de l\u2019accusation et de la d\u00e9fense dans le proc\u00e8s de Jean- Baptiste Gatete, ancien maire et ancien haut fonctionnaire au minist\u00e8re de la Famille, condamn\u00e9 \u00e0 la perp\u00e9tuit\u00e9 en premi\u00e8re instance. La d\u00e9fense a demand\u00e9 l\u2019acquittement tandis que le procureur a requis une condamnation additionnelle pour entente en vue de commettre le g\u00e9nocide.<\/p>\n<p>Trois jugements d\u2019appel : la chambre d\u2019appel du TPIR a rendu mercredi trois arr\u00eats, notamment dans le proc\u00e8s du major Aloys Ntabakuze qui a vu sa peine ramen\u00e9e de la perp\u00e9tuit\u00e9 \u00e0 35 ans de prison, suite \u00e0 l\u2019annulation de certaines conclusions des juges de premi\u00e8re instance. L\u2019officier a \u00e9t\u00e9 condamn\u00e9 pour les crimes perp\u00e9tr\u00e9s \u00e0 Kigali, en avril 1994, par des \u00e9l\u00e9ments du bataillon para-commando dont il \u00e9tait le chef.<\/p>\n<p>Pour le lieutenant Ildephonse Hategekimana et l\u2019homme d\u2019affaires Gaspard Kanyarukiga, les juges d\u2019appel ont confirm\u00e9 toutes les conclusions de la chambre de premi\u00e8re instance. Ils ont maintenu la perp\u00e9tuit\u00e9 contre le militaire et 30 ans de d\u00e9tention contre le commer\u00e7ant.<\/p>\n<p>RWANDA<\/p>\n<p>L\u2019affaire Mugesera report\u00e9e de deux semaines : un tribunal de Kigali a report\u00e9 jeudi au 24 mai l\u2019audition des questions pr\u00e9-judiciaires dans le proc\u00e8s de L\u00e9on Mugesera, linguiste et ancien homme politique. Poursuivi pour incitation au g\u00e9nocide des Tutsis, l\u2019universitaire a \u00e9t\u00e9 pr\u00e9sent\u00e9 pour la premi\u00e8re fois devant un jug\u00e9 d\u00e9but f\u00e9vrier ; mais le proc\u00e8s sur le fond a du mal \u00e0 d\u00e9marrer.<\/p>\n<p>LA SEMAINE PROCHAINE<\/p>\n<p>CPI<\/p>\n<p>Conclusions finales dans Katanga\/Ngudjolo : la Cour p\u00e9nale internationale (CPI) entendra \u00e0 partir de mardi les derniers arguments des parties dans le proc\u00e8s de Germain Katanga et Mathieu Ngudjolo. Le coup d\u2019envoi sera donn\u00e9 par le procureur, suivi, mercredi, des repr\u00e9sentants des victimes. Les avocats des deux Congolais prononceront leurs plaidoiries la semaine suivante.<\/p>\n<p>TSSL<\/p>\n<p>Audience sur la peine dans l\u2019affaire Taylor : l\u2019audience sur la sentence dans le proc\u00e8s de l\u2019ancien pr\u00e9sident lib\u00e9rien Charles Taylor aura lieu mercredi devant le Tribunal sp\u00e9cial pour la Sierra L\u00e9one (TSSL). L\u2019ex-chef de l\u2019Etat a \u00e9t\u00e9 reconnu coupable de crimes commis en Sierra Leone, pendant la guerre civile dans ce pays.<\/p>\n<p>ER\/GF<\/p>\n","protected":false},"excerpt":{"rendered":"<p>Arusha, 11 mai 2012 (FH) \u2013 Le Tribunal p\u00e9nal international pour le Rwanda (TPIR) a r\u00e9duit de la perp\u00e9tuit\u00e9 \u00e0 35 ans de r\u00e9clusion la peine inflig\u00e9e au major Aloys Ntabakuze. A Kigali, le proc\u00e8s de L\u00e9on Mugesera peine \u00e0 d\u00e9marrer.<\/p>\n","protected":false},"author":64,"featured_media":0,"comment_status":"open","ping_status":"closed","sticky":false,"template":"","format":"standard","meta":{"_acf_changed":false,"footnotes":""},"categories":[554],"tags":[],"ji_location":[],"class_list":["post-14305","post","type-post","status-publish","format-standard","hentry","category-hirondellenews"],"acf":[],"yoast_head":"<!-- This site is optimized with the Yoast SEO Premium plugin v25.3.1 (Yoast SEO v25.3.1) - https:\/\/yoast.com\/wordpress\/plugins\/seo\/ -->\n<title>11.05.12 - SYNTHESE HEBDOMADAIRE - PEINE REDUITE POUR NTABAKUZE, LE PROCES MUGESERA PEINE A DEMARRER - JusticeInfo.net<\/title>\n<meta name=\"robots\" content=\"index, follow, max-snippet:-1, max-image-preview:large, max-video-preview:-1\" \/>\n<link rel=\"canonical\" href=\"https:\/\/www.justiceinfo.net\/fr\/14305-110512-synthese-hebdomadaire-peine-reduite-pour-ntabakuze-le-proces-mugesera-peine-a-demarrer.html\" \/>\n<meta property=\"og:locale\" content=\"fr_FR\" \/>\n<meta property=\"og:type\" content=\"article\" \/>\n<meta property=\"og:title\" content=\"11.05.12 - SYNTHESE HEBDOMADAIRE - PEINE REDUITE POUR NTABAKUZE, LE PROCES MUGESERA PEINE A DEMARRER\" \/>\n<meta property=\"og:description\" content=\"Arusha, 11 mai 2012 (FH) \u2013 Le Tribunal p\u00e9nal international pour le Rwanda (TPIR) a r\u00e9duit de la perp\u00e9tuit\u00e9 \u00e0 35 ans de r\u00e9clusion la peine inflig\u00e9e au major Aloys Ntabakuze. A Kigali, le proc\u00e8s de L\u00e9on Mugesera peine \u00e0 d\u00e9marrer.\" \/>\n<meta property=\"og:url\" content=\"https:\/\/www.justiceinfo.net\/fr\/14305-110512-synthese-hebdomadaire-peine-reduite-pour-ntabakuze-le-proces-mugesera-peine-a-demarrer.html\" \/>\n<meta property=\"og:site_name\" content=\"JusticeInfo.net\" \/>\n<meta property=\"article:publisher\" content=\"https:\/\/www.facebook.com\/JusticeInfo\/\" \/>\n<meta property=\"article:published_time\" content=\"2012-05-11T13:06:40+00:00\" \/>\n<meta property=\"og:image\" content=\"https:\/\/www.justiceinfo.net\/wp-content\/uploads\/JusticeInfoNet_logo_1200x630px.jpg\" \/>\n\t<meta property=\"og:image:width\" content=\"1200\" \/>\n\t<meta property=\"og:image:height\" content=\"630\" \/>\n\t<meta property=\"og:image:type\" content=\"image\/jpeg\" \/>\n<meta name=\"author\" content=\"solivri\" \/>\n<meta name=\"twitter:card\" content=\"summary_large_image\" \/>\n<meta name=\"twitter:creator\" content=\"@justiceinfonet\" \/>\n<meta name=\"twitter:site\" content=\"@justiceinfonet\" \/>\n<meta name=\"twitter:label1\" content=\"\u00c9crit par\" \/>\n\t<meta name=\"twitter:data1\" content=\"solivri\" \/>\n\t<meta name=\"twitter:label2\" content=\"Dur\u00e9e de lecture estim\u00e9e\" \/>\n\t<meta name=\"twitter:data2\" content=\"2 minutes\" \/>\n<script type=\"application\/ld+json\" class=\"yoast-schema-graph\">{\"@context\":\"https:\/\/schema.org\",\"@graph\":[{\"@type\":\"NewsArticle\",\"@id\":\"https:\/\/www.justiceinfo.net\/fr\/14305-110512-synthese-hebdomadaire-peine-reduite-pour-ntabakuze-le-proces-mugesera-peine-a-demarrer.html#article\",\"isPartOf\":{\"@id\":\"https:\/\/www.justiceinfo.net\/fr\/14305-110512-synthese-hebdomadaire-peine-reduite-pour-ntabakuze-le-proces-mugesera-peine-a-demarrer.html\"},\"author\":{\"name\":\"solivri\",\"@id\":\"https:\/\/www.justiceinfo.net\/fr#\/schema\/person\/6e53cba1629e2e66f3fc1821d3091865\"},\"headline\":\"11.05.12 - SYNTHESE HEBDOMADAIRE - PEINE REDUITE POUR NTABAKUZE, LE PROCES MUGESERA PEINE A DEMARRER\",\"datePublished\":\"2012-05-11T13:06:40+00:00\",\"mainEntityOfPage\":{\"@id\":\"https:\/\/www.justiceinfo.net\/fr\/14305-110512-synthese-hebdomadaire-peine-reduite-pour-ntabakuze-le-proces-mugesera-peine-a-demarrer.html\"},\"wordCount\":459,\"commentCount\":0,\"publisher\":{\"@id\":\"https:\/\/www.justiceinfo.net\/fr#organization\"},\"articleSection\":[\"Hirondelle News\"],\"inLanguage\":\"fr-FR\",\"potentialAction\":[{\"@type\":\"CommentAction\",\"name\":\"Comment\",\"target\":[\"https:\/\/www.justiceinfo.net\/fr\/14305-110512-synthese-hebdomadaire-peine-reduite-pour-ntabakuze-le-proces-mugesera-peine-a-demarrer.html#respond\"]}]},{\"@type\":\"WebPage\",\"@id\":\"https:\/\/www.justiceinfo.net\/fr\/14305-110512-synthese-hebdomadaire-peine-reduite-pour-ntabakuze-le-proces-mugesera-peine-a-demarrer.html\",\"url\":\"https:\/\/www.justiceinfo.net\/fr\/14305-110512-synthese-hebdomadaire-peine-reduite-pour-ntabakuze-le-proces-mugesera-peine-a-demarrer.html\",\"name\":\"11.05.12 - SYNTHESE HEBDOMADAIRE - PEINE REDUITE POUR NTABAKUZE, LE PROCES MUGESERA PEINE A DEMARRER - JusticeInfo.net\",\"isPartOf\":{\"@id\":\"https:\/\/www.justiceinfo.net\/fr#website\"},\"datePublished\":\"2012-05-11T13:06:40+00:00\",\"breadcrumb\":{\"@id\":\"https:\/\/www.justiceinfo.net\/fr\/14305-110512-synthese-hebdomadaire-peine-reduite-pour-ntabakuze-le-proces-mugesera-peine-a-demarrer.html#breadcrumb\"},\"inLanguage\":\"fr-FR\",\"potentialAction\":[{\"@type\":\"ReadAction\",\"target\":[\"https:\/\/www.justiceinfo.net\/fr\/14305-110512-synthese-hebdomadaire-peine-reduite-pour-ntabakuze-le-proces-mugesera-peine-a-demarrer.html\"]}]},{\"@type\":\"BreadcrumbList\",\"@id\":\"https:\/\/www.justiceinfo.net\/fr\/14305-110512-synthese-hebdomadaire-peine-reduite-pour-ntabakuze-le-proces-mugesera-peine-a-demarrer.html#breadcrumb\",\"itemListElement\":[{\"@type\":\"ListItem\",\"position\":1,\"name\":\"Home\",\"item\":\"https:\/\/www.justiceinfo.net\/fr\"},{\"@type\":\"ListItem\",\"position\":2,\"name\":\"11.05.12 - SYNTHESE HEBDOMADAIRE - PEINE REDUITE POUR NTABAKUZE, LE PROCES MUGESERA PEINE A DEMARRER\"}]},{\"@type\":\"WebSite\",\"@id\":\"https:\/\/www.justiceinfo.net\/fr#website\",\"url\":\"https:\/\/www.justiceinfo.net\/fr\",\"name\":\"JusticeInfo.net\",\"description\":\"La justice doit \u00eatre vue pour \u00eatre rendue\",\"publisher\":{\"@id\":\"https:\/\/www.justiceinfo.net\/fr#organization\"},\"potentialAction\":[{\"@type\":\"SearchAction\",\"target\":{\"@type\":\"EntryPoint\",\"urlTemplate\":\"https:\/\/www.justiceinfo.net\/fr?s={search_term_string}\"},\"query-input\":{\"@type\":\"PropertyValueSpecification\",\"valueRequired\":true,\"valueName\":\"search_term_string\"}}],\"inLanguage\":\"fr-FR\"},{\"@type\":\"Organization\",\"@id\":\"https:\/\/www.justiceinfo.net\/fr#organization\",\"name\":\"Justice Info\",\"url\":\"https:\/\/www.justiceinfo.net\/fr\",\"logo\":{\"@type\":\"ImageObject\",\"inLanguage\":\"fr-FR\",\"@id\":\"https:\/\/www.justiceinfo.net\/fr#\/schema\/logo\/image\/\",\"url\":\"https:\/\/www.justiceinfo.net\/wp-content\/uploads\/justiceinfo_logo-trans_1200x1200px.png\",\"contentUrl\":\"https:\/\/www.justiceinfo.net\/wp-content\/uploads\/justiceinfo_logo-trans_1200x1200px.png\",\"width\":1199,\"height\":1200,\"caption\":\"Justice Info\"},\"image\":{\"@id\":\"https:\/\/www.justiceinfo.net\/fr#\/schema\/logo\/image\/\"},\"sameAs\":[\"https:\/\/www.facebook.com\/JusticeInfo\/\",\"https:\/\/x.com\/justiceinfonet\",\"https:\/\/www.linkedin.com\/company\/justice-info\",\"https:\/\/www.youtube.com\/channel\/UCyCEsARodyuWtkWyhn-e7pA\"]},{\"@type\":\"Person\",\"name\":\"solivri\",\"url\":\"\/fr\/?s=solivri\"}]}<\/script>\n<!-- \/ Yoast SEO Premium plugin. -->","yoast_head_json":{"title":"11.05.12 - SYNTHESE HEBDOMADAIRE - PEINE REDUITE POUR NTABAKUZE, LE PROCES MUGESERA PEINE A DEMARRER - JusticeInfo.net","robots":{"index":"index","follow":"follow","max-snippet":"max-snippet:-1","max-image-preview":"max-image-preview:large","max-video-preview":"max-video-preview:-1"},"canonical":"https:\/\/www.justiceinfo.net\/fr\/14305-110512-synthese-hebdomadaire-peine-reduite-pour-ntabakuze-le-proces-mugesera-peine-a-demarrer.html","og_locale":"fr_FR","og_type":"article","og_title":"11.05.12 - SYNTHESE HEBDOMADAIRE - PEINE REDUITE POUR NTABAKUZE, LE PROCES MUGESERA PEINE A DEMARRER","og_description":"Arusha, 11 mai 2012 (FH) \u2013 Le Tribunal p\u00e9nal international pour le Rwanda (TPIR) a r\u00e9duit de la perp\u00e9tuit\u00e9 \u00e0 35 ans de r\u00e9clusion la peine inflig\u00e9e au major Aloys Ntabakuze. A Kigali, le proc\u00e8s de L\u00e9on Mugesera peine \u00e0 d\u00e9marrer.","og_url":"https:\/\/www.justiceinfo.net\/fr\/14305-110512-synthese-hebdomadaire-peine-reduite-pour-ntabakuze-le-proces-mugesera-peine-a-demarrer.html","og_site_name":"JusticeInfo.net","article_publisher":"https:\/\/www.facebook.com\/JusticeInfo\/","article_published_time":"2012-05-11T13:06:40+00:00","og_image":[{"width":1200,"height":630,"url":"https:\/\/www.justiceinfo.net\/wp-content\/uploads\/JusticeInfoNet_logo_1200x630px.jpg","type":"image\/jpeg"}],"author":"solivri","twitter_card":"summary_large_image","twitter_creator":"@justiceinfonet","twitter_site":"@justiceinfonet","twitter_misc":{"\u00c9crit par":"solivri","Dur\u00e9e de lecture estim\u00e9e":"2 minutes"},"schema":{"@context":"https:\/\/schema.org","@graph":[{"@type":"NewsArticle","@id":"https:\/\/www.justiceinfo.net\/fr\/14305-110512-synthese-hebdomadaire-peine-reduite-pour-ntabakuze-le-proces-mugesera-peine-a-demarrer.html#article","isPartOf":{"@id":"https:\/\/www.justiceinfo.net\/fr\/14305-110512-synthese-hebdomadaire-peine-reduite-pour-ntabakuze-le-proces-mugesera-peine-a-demarrer.html"},"author":{"name":"solivri","@id":"https:\/\/www.justiceinfo.net\/fr#\/schema\/person\/6e53cba1629e2e66f3fc1821d3091865"},"headline":"11.05.12 - SYNTHESE HEBDOMADAIRE - PEINE REDUITE POUR NTABAKUZE, LE PROCES MUGESERA PEINE A DEMARRER","datePublished":"2012-05-11T13:06:40+00:00","mainEntityOfPage":{"@id":"https:\/\/www.justiceinfo.net\/fr\/14305-110512-synthese-hebdomadaire-peine-reduite-pour-ntabakuze-le-proces-mugesera-peine-a-demarrer.html"},"wordCount":459,"commentCount":0,"publisher":{"@id":"https:\/\/www.justiceinfo.net\/fr#organization"},"articleSection":["Hirondelle News"],"inLanguage":"fr-FR","potentialAction":[{"@type":"CommentAction","name":"Comment","target":["https:\/\/www.justiceinfo.net\/fr\/14305-110512-synthese-hebdomadaire-peine-reduite-pour-ntabakuze-le-proces-mugesera-peine-a-demarrer.html#respond"]}]},{"@type":"WebPage","@id":"https:\/\/www.justiceinfo.net\/fr\/14305-110512-synthese-hebdomadaire-peine-reduite-pour-ntabakuze-le-proces-mugesera-peine-a-demarrer.html","url":"https:\/\/www.justiceinfo.net\/fr\/14305-110512-synthese-hebdomadaire-peine-reduite-pour-ntabakuze-le-proces-mugesera-peine-a-demarrer.html","name":"11.05.12 - SYNTHESE HEBDOMADAIRE - PEINE REDUITE POUR NTABAKUZE, LE PROCES MUGESERA PEINE A DEMARRER - JusticeInfo.net","isPartOf":{"@id":"https:\/\/www.justiceinfo.net\/fr#website"},"datePublished":"2012-05-11T13:06:40+00:00","breadcrumb":{"@id":"https:\/\/www.justiceinfo.net\/fr\/14305-110512-synthese-hebdomadaire-peine-reduite-pour-ntabakuze-le-proces-mugesera-peine-a-demarrer.html#breadcrumb"},"inLanguage":"fr-FR","potentialAction":[{"@type":"ReadAction","target":["https:\/\/www.justiceinfo.net\/fr\/14305-110512-synthese-hebdomadaire-peine-reduite-pour-ntabakuze-le-proces-mugesera-peine-a-demarrer.html"]}]},{"@type":"BreadcrumbList","@id":"https:\/\/www.justiceinfo.net\/fr\/14305-110512-synthese-hebdomadaire-peine-reduite-pour-ntabakuze-le-proces-mugesera-peine-a-demarrer.html#breadcrumb","itemListElement":[{"@type":"ListItem","position":1,"name":"Home","item":"https:\/\/www.justiceinfo.net\/fr"},{"@type":"ListItem","position":2,"name":"11.05.12 - SYNTHESE HEBDOMADAIRE - PEINE REDUITE POUR NTABAKUZE, LE PROCES MUGESERA PEINE A DEMARRER"}]},{"@type":"WebSite","@id":"https:\/\/www.justiceinfo.net\/fr#website","url":"https:\/\/www.justiceinfo.net\/fr","name":"JusticeInfo.net","description":"La justice doit \u00eatre vue pour \u00eatre rendue","publisher":{"@id":"https:\/\/www.justiceinfo.net\/fr#organization"},"potentialAction":[{"@type":"SearchAction","target":{"@type":"EntryPoint","urlTemplate":"https:\/\/www.justiceinfo.net\/fr?s={search_term_string}"},"query-input":{"@type":"PropertyValueSpecification","valueRequired":true,"valueName":"search_term_string"}}],"inLanguage":"fr-FR"},{"@type":"Organization","@id":"https:\/\/www.justiceinfo.net\/fr#organization","name":"Justice Info","url":"https:\/\/www.justiceinfo.net\/fr","logo":{"@type":"ImageObject","inLanguage":"fr-FR","@id":"https:\/\/www.justiceinfo.net\/fr#\/schema\/logo\/image\/","url":"https:\/\/www.justiceinfo.net\/wp-content\/uploads\/justiceinfo_logo-trans_1200x1200px.png","contentUrl":"https:\/\/www.justiceinfo.net\/wp-content\/uploads\/justiceinfo_logo-trans_1200x1200px.png","width":1199,"height":1200,"caption":"Justice Info"},"image":{"@id":"https:\/\/www.justiceinfo.net\/fr#\/schema\/logo\/image\/"},"sameAs":["https:\/\/www.facebook.com\/JusticeInfo\/","https:\/\/x.com\/justiceinfonet","https:\/\/www.linkedin.com\/company\/justice-info","https:\/\/www.youtube.com\/channel\/UCyCEsARodyuWtkWyhn-e7pA"]},{"@type":"Person","name":"solivri","url":"\/fr\/?s=solivri"}]}},"_links":{"self":[{"href":"https:\/\/www.justiceinfo.net\/fr\/wp-json\/wp\/v2\/posts\/14305","targetHints":{"allow":["GET"]}}],"collection":[{"href":"https:\/\/www.justiceinfo.net\/fr\/wp-json\/wp\/v2\/posts"}],"about":[{"href":"https:\/\/www.justiceinfo.net\/fr\/wp-json\/wp\/v2\/types\/post"}],"author":[{"embeddable":true,"href":"https:\/\/www.justiceinfo.net\/fr\/wp-json\/wp\/v2\/users\/64"}],"replies":[{"embeddable":true,"href":"https:\/\/www.justiceinfo.net\/fr\/wp-json\/wp\/v2\/comments?post=14305"}],"version-history":[{"count":0,"href":"https:\/\/www.justiceinfo.net\/fr\/wp-json\/wp\/v2\/posts\/14305\/revisions"}],"wp:attachment":[{"href":"https:\/\/www.justiceinfo.net\/fr\/wp-json\/wp\/v2\/media?parent=14305"}],"wp:term":[{"taxonomy":"category","embeddable":true,"href":"https:\/\/www.justiceinfo.net\/fr\/wp-json\/wp\/v2\/categories?post=14305"},{"taxonomy":"post_tag","embeddable":true,"href":"https:\/\/www.justiceinfo.net\/fr\/wp-json\/wp\/v2\/tags?post=14305"},{"taxonomy":"ji_location","embeddable":true,"href":"https:\/\/www.justiceinfo.net\/fr\/wp-json\/wp\/v2\/ji_location?post=14305"}],"curies":[{"name":"wp","href":"https:\/\/api.w.org\/{rel}","templated":true}]}}