{"id":14327,"date":"2012-05-24T21:01:07","date_gmt":"2012-05-24T19:01:07","guid":{"rendered":"https:\/\/www.justiceinfo.net\/14327-240512-cpibemba-jean-pierre-bemba-appelera-ses-temoins-a-partir-du-14-aout.html"},"modified":"2012-05-24T21:01:07","modified_gmt":"2012-05-24T19:01:07","slug":"240512-cpibemba-jean-pierre-bemba-appelera-ses-temoins-a-partir-du-14-aout","status":"publish","type":"post","link":"https:\/\/www.justiceinfo.net\/fr\/14327-240512-cpibemba-jean-pierre-bemba-appelera-ses-temoins-a-partir-du-14-aout.html","title":{"rendered":"24.05.12 - CPI\/BEMBA \u2013 JEAN-PIERRE BEMBA APPELERA SES TEMOINS A PARTIR DU 14 AOUT"},"content":{"rendered":"<p>La Haye, 24 mai 2012 (FH) \u2013 La d\u00e9fense de Jean-Pie<a name=\"_GoBack\"><\/a>rre Bemba commencera \u00e0 appeler ses t\u00e9moins \u00e0 partir du 14 ao\u00fbt 2012, selon une d\u00e9cision rendue jeudi par les juges de la Cour p\u00e9nale internationale (CPI).<\/p>\n<p><!--more--><\/p>\n<p>\u00ab\u00a0Le vrai proc\u00e8s va commencer le 14 ao\u00fbt\u00a0\u00bb, a affirm\u00e9 l\u2019avocat principal de Jean-Pierre Bemba lors d\u2019un entretien t\u00e9l\u00e9phonique avec l\u2019agence Hirondelle. Les avocats du s\u00e9nateur congolais ont l\u2019intention de faire venir soixante t\u00e9moins \u00e0 la barre pour contrer les accusations de crimes contre l\u2019humanit\u00e9 et crimes de guerre port\u00e9es par le procureur. <\/p>\n<p>L\u2019accusation reproche \u00e0 Jean-Pierre Bemba les viols, les meurtres et les pillages commis par les soldats du Mouvement pour la lib\u00e9ration du Congo (MLC) qu\u2019il avait envoy\u00e9 en Centrafrique en 2002 et 2003 pour soutenir le r\u00e9gime de feu Ange-F\u00e9lix Patass\u00e9, menac\u00e9 par une r\u00e9bellion. <\/p>\n<p>Parmi ses t\u00e9moins, la d\u00e9fense appellera plusieurs officiers et sous-officiers congolais et centrafricains, a indiqu\u00e9 ma\u00eetre Aim\u00e9 Kilolo. Ils raconteront \u00ab\u00a0ce qu\u2019ils ont v\u00e9cu sur le terrain, pendant quatre mois et demi. Ils \u00e9taient pr\u00e9sents sur le th\u00e9\u00e2tre des op\u00e9rations, impliqu\u00e9s dans les trois principaux domaines d\u2019op\u00e9ration militaire\u00a0: la logistique, dont l\u2019armement et les t\u00e9l\u00e9communications, la gestion des op\u00e9rations sur le terrain et le renseignement militaire, c\u2019est-\u00e0-dire le rep\u00e9rage des activit\u00e9s de l\u2019ennemi\u00a0\u00bb.\u00a0\u00a0<\/p>\n<p>Plusieurs victimes viendront aussi d\u00e9poser. \u00ab\u00a0Elles vont raconter ce qu\u2019elles ont subi et vont citer les noms des auteurs des crimes. Ceux qui ont commis les crimes seront d\u00e9nonc\u00e9s publiquement\u00a0\u00bb, pr\u00e9cise ma\u00eetre Kilolo, qui cite notamment les exactions commises par les soldats du g\u00e9n\u00e9ral Fran\u00e7ois Bozize, \u00e0 l\u2019\u00e9poque chef de la r\u00e9bellion conduite contre le pr\u00e9sident Patass\u00e9. Il est aujourd\u2019hui le chef de l\u2019Etat centrafricain. <\/p>\n<p>L\u2019avocat, inscrit aux barreaux de Kinshasa et Bruxelles, affirme qu\u2019\u00a0\u00ab\u00a0il y a eu beaucoup de d\u00e9rapages dans les rangs des troupes du MLC, mais les crimes \u00e0 grande \u00e9chelle dont on parle n\u2019ont rien \u00e0 voir avec le MLC\u00a0\u00bb. Le Mouvement, dirig\u00e9 par Jean-Pierre Bemba, \u00e9tait venu, \u00ab\u00a0comme d\u2019autres forces \u00e9trang\u00e8res, pr\u00eater son concours\u00a0\u00bb \u00e0 l\u2019arm\u00e9e centrafricaine. Les officiers du MLC agissaient comme des chefs d\u2019unit\u00e9, affirme l\u2019avocat, \u00ab\u00a0le tout \u00e9tait orchestr\u00e9 par l\u2019Etat-major g\u00e9n\u00e9ral\u00a0\u00bb de l\u2019arm\u00e9e centrafricaine, plac\u00e9 sous l\u2019autorit\u00e9 du pr\u00e9sident d\u2019alors, Ange-F\u00e9lix Patass\u00e9. Selon ma\u00eetre Kilolo, ce dernier n\u2019a pas \u00e9t\u00e9 interrog\u00e9 par la d\u00e9fense avant son d\u00e9c\u00e8s, en avril 2011. <\/p>\n<p>Le procureur avait boucl\u00e9 la pr\u00e9sentation de ses preuves le 21 mars, apr\u00e8s avoir appel\u00e9 40 t\u00e9moins depuis l\u2019ouverture du proc\u00e8s, le 22 novembre 2010. L\u2019essentiel de ces d\u00e9positions ont \u00e9t\u00e9 entendues \u00e0 huis clos. La d\u00e9fense affirme que ses propres t\u00e9moins compara\u00eetront publiquement. \u00ab\u00a0Beaucoup nous ont dit que lorsqu\u2019on on \u00e0 dire une v\u00e9rit\u00e9, on n\u2019a pas besoin de se cacher\u00a0\u00bb, conclu ma\u00eetre Kilolo. <\/p>\n<p>Arr\u00eat\u00e9 en Belgique le 24 mai 2008, Jean-Pierre Bemba est incarc\u00e9r\u00e9 dans la prison de Scheveningen, en banlieue de La Haye, depuis juillet 2008. <\/p>\n<p>SM\/GF<\/p>\n<p>\u00a0<\/p>\n","protected":false},"excerpt":{"rendered":"<p>La Haye, 24 mai 2012 (FH) \u2013 La d\u00e9fense de Jean-Pierre Bemba commencera \u00e0 appeler ses t\u00e9moins \u00e0 partir du 14 ao\u00fbt 2012, selon une d\u00e9cision rendue jeudi par les juges de la Cour p\u00e9nale internationale (CPI).<\/p>\n","protected":false},"author":64,"featured_media":0,"comment_status":"open","ping_status":"closed","sticky":false,"template":"","format":"standard","meta":{"_acf_changed":false,"footnotes":""},"categories":[554],"tags":[],"ji_location":[],"class_list":["post-14327","post","type-post","status-publish","format-standard","hentry","category-hirondellenews"],"acf":[],"yoast_head":"<!-- This site is optimized with the Yoast SEO Premium plugin v25.3.1 (Yoast SEO v25.3.1) - https:\/\/yoast.com\/wordpress\/plugins\/seo\/ -->\n<title>24.05.12 - CPI\/BEMBA \u2013 JEAN-PIERRE BEMBA APPELERA SES TEMOINS A PARTIR DU 14 AOUT - JusticeInfo.net<\/title>\n<meta name=\"robots\" content=\"index, follow, max-snippet:-1, max-image-preview:large, max-video-preview:-1\" \/>\n<link rel=\"canonical\" href=\"https:\/\/www.justiceinfo.net\/fr\/14327-240512-cpibemba-jean-pierre-bemba-appelera-ses-temoins-a-partir-du-14-aout.html\" \/>\n<meta property=\"og:locale\" content=\"fr_FR\" \/>\n<meta property=\"og:type\" content=\"article\" \/>\n<meta property=\"og:title\" content=\"24.05.12 - CPI\/BEMBA \u2013 JEAN-PIERRE BEMBA APPELERA SES TEMOINS A PARTIR DU 14 AOUT\" \/>\n<meta property=\"og:description\" content=\"La Haye, 24 mai 2012 (FH) \u2013 La d\u00e9fense de Jean-Pierre Bemba commencera \u00e0 appeler ses t\u00e9moins \u00e0 partir du 14 ao\u00fbt 2012, selon une d\u00e9cision rendue jeudi par les juges de la Cour p\u00e9nale internationale (CPI).\" \/>\n<meta property=\"og:url\" content=\"https:\/\/www.justiceinfo.net\/fr\/14327-240512-cpibemba-jean-pierre-bemba-appelera-ses-temoins-a-partir-du-14-aout.html\" \/>\n<meta property=\"og:site_name\" content=\"JusticeInfo.net\" \/>\n<meta property=\"article:publisher\" content=\"https:\/\/www.facebook.com\/JusticeInfo\/\" \/>\n<meta property=\"article:published_time\" content=\"2012-05-24T19:01:07+00:00\" \/>\n<meta property=\"og:image\" content=\"https:\/\/www.justiceinfo.net\/wp-content\/uploads\/JusticeInfoNet_logo_1200x630px.jpg\" \/>\n\t<meta property=\"og:image:width\" content=\"1200\" \/>\n\t<meta property=\"og:image:height\" content=\"630\" \/>\n\t<meta property=\"og:image:type\" content=\"image\/jpeg\" \/>\n<meta name=\"author\" content=\"solivri\" \/>\n<meta name=\"twitter:card\" content=\"summary_large_image\" \/>\n<meta name=\"twitter:creator\" content=\"@justiceinfonet\" \/>\n<meta name=\"twitter:site\" content=\"@justiceinfonet\" \/>\n<meta name=\"twitter:label1\" content=\"\u00c9crit par\" \/>\n\t<meta name=\"twitter:data1\" content=\"solivri\" \/>\n\t<meta name=\"twitter:label2\" content=\"Dur\u00e9e de lecture estim\u00e9e\" \/>\n\t<meta name=\"twitter:data2\" content=\"3 minutes\" \/>\n<script type=\"application\/ld+json\" class=\"yoast-schema-graph\">{\"@context\":\"https:\/\/schema.org\",\"@graph\":[{\"@type\":\"NewsArticle\",\"@id\":\"https:\/\/www.justiceinfo.net\/fr\/14327-240512-cpibemba-jean-pierre-bemba-appelera-ses-temoins-a-partir-du-14-aout.html#article\",\"isPartOf\":{\"@id\":\"https:\/\/www.justiceinfo.net\/fr\/14327-240512-cpibemba-jean-pierre-bemba-appelera-ses-temoins-a-partir-du-14-aout.html\"},\"author\":{\"name\":\"solivri\",\"@id\":\"https:\/\/www.justiceinfo.net\/fr#\/schema\/person\/6e53cba1629e2e66f3fc1821d3091865\"},\"headline\":\"24.05.12 - CPI\/BEMBA \u2013 JEAN-PIERRE BEMBA APPELERA SES TEMOINS A PARTIR DU 14 AOUT\",\"datePublished\":\"2012-05-24T19:01:07+00:00\",\"mainEntityOfPage\":{\"@id\":\"https:\/\/www.justiceinfo.net\/fr\/14327-240512-cpibemba-jean-pierre-bemba-appelera-ses-temoins-a-partir-du-14-aout.html\"},\"wordCount\":553,\"commentCount\":0,\"publisher\":{\"@id\":\"https:\/\/www.justiceinfo.net\/fr#organization\"},\"articleSection\":[\"Hirondelle News\"],\"inLanguage\":\"fr-FR\",\"potentialAction\":[{\"@type\":\"CommentAction\",\"name\":\"Comment\",\"target\":[\"https:\/\/www.justiceinfo.net\/fr\/14327-240512-cpibemba-jean-pierre-bemba-appelera-ses-temoins-a-partir-du-14-aout.html#respond\"]}]},{\"@type\":\"WebPage\",\"@id\":\"https:\/\/www.justiceinfo.net\/fr\/14327-240512-cpibemba-jean-pierre-bemba-appelera-ses-temoins-a-partir-du-14-aout.html\",\"url\":\"https:\/\/www.justiceinfo.net\/fr\/14327-240512-cpibemba-jean-pierre-bemba-appelera-ses-temoins-a-partir-du-14-aout.html\",\"name\":\"24.05.12 - CPI\/BEMBA \u2013 JEAN-PIERRE BEMBA APPELERA SES TEMOINS A PARTIR DU 14 AOUT - JusticeInfo.net\",\"isPartOf\":{\"@id\":\"https:\/\/www.justiceinfo.net\/fr#website\"},\"datePublished\":\"2012-05-24T19:01:07+00:00\",\"breadcrumb\":{\"@id\":\"https:\/\/www.justiceinfo.net\/fr\/14327-240512-cpibemba-jean-pierre-bemba-appelera-ses-temoins-a-partir-du-14-aout.html#breadcrumb\"},\"inLanguage\":\"fr-FR\",\"potentialAction\":[{\"@type\":\"ReadAction\",\"target\":[\"https:\/\/www.justiceinfo.net\/fr\/14327-240512-cpibemba-jean-pierre-bemba-appelera-ses-temoins-a-partir-du-14-aout.html\"]}]},{\"@type\":\"BreadcrumbList\",\"@id\":\"https:\/\/www.justiceinfo.net\/fr\/14327-240512-cpibemba-jean-pierre-bemba-appelera-ses-temoins-a-partir-du-14-aout.html#breadcrumb\",\"itemListElement\":[{\"@type\":\"ListItem\",\"position\":1,\"name\":\"Home\",\"item\":\"https:\/\/www.justiceinfo.net\/fr\"},{\"@type\":\"ListItem\",\"position\":2,\"name\":\"24.05.12 - CPI\/BEMBA \u2013 JEAN-PIERRE BEMBA APPELERA SES TEMOINS A PARTIR DU 14 AOUT\"}]},{\"@type\":\"WebSite\",\"@id\":\"https:\/\/www.justiceinfo.net\/fr#website\",\"url\":\"https:\/\/www.justiceinfo.net\/fr\",\"name\":\"JusticeInfo.net\",\"description\":\"La justice doit \u00eatre vue pour \u00eatre rendue\",\"publisher\":{\"@id\":\"https:\/\/www.justiceinfo.net\/fr#organization\"},\"potentialAction\":[{\"@type\":\"SearchAction\",\"target\":{\"@type\":\"EntryPoint\",\"urlTemplate\":\"https:\/\/www.justiceinfo.net\/fr?s={search_term_string}\"},\"query-input\":{\"@type\":\"PropertyValueSpecification\",\"valueRequired\":true,\"valueName\":\"search_term_string\"}}],\"inLanguage\":\"fr-FR\"},{\"@type\":\"Organization\",\"@id\":\"https:\/\/www.justiceinfo.net\/fr#organization\",\"name\":\"Justice Info\",\"url\":\"https:\/\/www.justiceinfo.net\/fr\",\"logo\":{\"@type\":\"ImageObject\",\"inLanguage\":\"fr-FR\",\"@id\":\"https:\/\/www.justiceinfo.net\/fr#\/schema\/logo\/image\/\",\"url\":\"https:\/\/www.justiceinfo.net\/wp-content\/uploads\/justiceinfo_logo-trans_1200x1200px.png\",\"contentUrl\":\"https:\/\/www.justiceinfo.net\/wp-content\/uploads\/justiceinfo_logo-trans_1200x1200px.png\",\"width\":1199,\"height\":1200,\"caption\":\"Justice Info\"},\"image\":{\"@id\":\"https:\/\/www.justiceinfo.net\/fr#\/schema\/logo\/image\/\"},\"sameAs\":[\"https:\/\/www.facebook.com\/JusticeInfo\/\",\"https:\/\/x.com\/justiceinfonet\",\"https:\/\/www.linkedin.com\/company\/justice-info\",\"https:\/\/www.youtube.com\/channel\/UCyCEsARodyuWtkWyhn-e7pA\"]},{\"@type\":\"Person\",\"name\":\"solivri\",\"url\":\"\/fr\/?s=solivri\"}]}<\/script>\n<!-- \/ Yoast SEO Premium plugin. -->","yoast_head_json":{"title":"24.05.12 - CPI\/BEMBA \u2013 JEAN-PIERRE BEMBA APPELERA SES TEMOINS A PARTIR DU 14 AOUT - JusticeInfo.net","robots":{"index":"index","follow":"follow","max-snippet":"max-snippet:-1","max-image-preview":"max-image-preview:large","max-video-preview":"max-video-preview:-1"},"canonical":"https:\/\/www.justiceinfo.net\/fr\/14327-240512-cpibemba-jean-pierre-bemba-appelera-ses-temoins-a-partir-du-14-aout.html","og_locale":"fr_FR","og_type":"article","og_title":"24.05.12 - CPI\/BEMBA \u2013 JEAN-PIERRE BEMBA APPELERA SES TEMOINS A PARTIR DU 14 AOUT","og_description":"La Haye, 24 mai 2012 (FH) \u2013 La d\u00e9fense de Jean-Pierre Bemba commencera \u00e0 appeler ses t\u00e9moins \u00e0 partir du 14 ao\u00fbt 2012, selon une d\u00e9cision rendue jeudi par les juges de la Cour p\u00e9nale internationale (CPI).","og_url":"https:\/\/www.justiceinfo.net\/fr\/14327-240512-cpibemba-jean-pierre-bemba-appelera-ses-temoins-a-partir-du-14-aout.html","og_site_name":"JusticeInfo.net","article_publisher":"https:\/\/www.facebook.com\/JusticeInfo\/","article_published_time":"2012-05-24T19:01:07+00:00","og_image":[{"width":1200,"height":630,"url":"https:\/\/www.justiceinfo.net\/wp-content\/uploads\/JusticeInfoNet_logo_1200x630px.jpg","type":"image\/jpeg"}],"author":"solivri","twitter_card":"summary_large_image","twitter_creator":"@justiceinfonet","twitter_site":"@justiceinfonet","twitter_misc":{"\u00c9crit par":"solivri","Dur\u00e9e de lecture estim\u00e9e":"3 minutes"},"schema":{"@context":"https:\/\/schema.org","@graph":[{"@type":"NewsArticle","@id":"https:\/\/www.justiceinfo.net\/fr\/14327-240512-cpibemba-jean-pierre-bemba-appelera-ses-temoins-a-partir-du-14-aout.html#article","isPartOf":{"@id":"https:\/\/www.justiceinfo.net\/fr\/14327-240512-cpibemba-jean-pierre-bemba-appelera-ses-temoins-a-partir-du-14-aout.html"},"author":{"name":"solivri","@id":"https:\/\/www.justiceinfo.net\/fr#\/schema\/person\/6e53cba1629e2e66f3fc1821d3091865"},"headline":"24.05.12 - CPI\/BEMBA \u2013 JEAN-PIERRE BEMBA APPELERA SES TEMOINS A PARTIR DU 14 AOUT","datePublished":"2012-05-24T19:01:07+00:00","mainEntityOfPage":{"@id":"https:\/\/www.justiceinfo.net\/fr\/14327-240512-cpibemba-jean-pierre-bemba-appelera-ses-temoins-a-partir-du-14-aout.html"},"wordCount":553,"commentCount":0,"publisher":{"@id":"https:\/\/www.justiceinfo.net\/fr#organization"},"articleSection":["Hirondelle News"],"inLanguage":"fr-FR","potentialAction":[{"@type":"CommentAction","name":"Comment","target":["https:\/\/www.justiceinfo.net\/fr\/14327-240512-cpibemba-jean-pierre-bemba-appelera-ses-temoins-a-partir-du-14-aout.html#respond"]}]},{"@type":"WebPage","@id":"https:\/\/www.justiceinfo.net\/fr\/14327-240512-cpibemba-jean-pierre-bemba-appelera-ses-temoins-a-partir-du-14-aout.html","url":"https:\/\/www.justiceinfo.net\/fr\/14327-240512-cpibemba-jean-pierre-bemba-appelera-ses-temoins-a-partir-du-14-aout.html","name":"24.05.12 - CPI\/BEMBA \u2013 JEAN-PIERRE BEMBA APPELERA SES TEMOINS A PARTIR DU 14 AOUT - JusticeInfo.net","isPartOf":{"@id":"https:\/\/www.justiceinfo.net\/fr#website"},"datePublished":"2012-05-24T19:01:07+00:00","breadcrumb":{"@id":"https:\/\/www.justiceinfo.net\/fr\/14327-240512-cpibemba-jean-pierre-bemba-appelera-ses-temoins-a-partir-du-14-aout.html#breadcrumb"},"inLanguage":"fr-FR","potentialAction":[{"@type":"ReadAction","target":["https:\/\/www.justiceinfo.net\/fr\/14327-240512-cpibemba-jean-pierre-bemba-appelera-ses-temoins-a-partir-du-14-aout.html"]}]},{"@type":"BreadcrumbList","@id":"https:\/\/www.justiceinfo.net\/fr\/14327-240512-cpibemba-jean-pierre-bemba-appelera-ses-temoins-a-partir-du-14-aout.html#breadcrumb","itemListElement":[{"@type":"ListItem","position":1,"name":"Home","item":"https:\/\/www.justiceinfo.net\/fr"},{"@type":"ListItem","position":2,"name":"24.05.12 - CPI\/BEMBA \u2013 JEAN-PIERRE BEMBA APPELERA SES TEMOINS A PARTIR DU 14 AOUT"}]},{"@type":"WebSite","@id":"https:\/\/www.justiceinfo.net\/fr#website","url":"https:\/\/www.justiceinfo.net\/fr","name":"JusticeInfo.net","description":"La justice doit \u00eatre vue pour \u00eatre rendue","publisher":{"@id":"https:\/\/www.justiceinfo.net\/fr#organization"},"potentialAction":[{"@type":"SearchAction","target":{"@type":"EntryPoint","urlTemplate":"https:\/\/www.justiceinfo.net\/fr?s={search_term_string}"},"query-input":{"@type":"PropertyValueSpecification","valueRequired":true,"valueName":"search_term_string"}}],"inLanguage":"fr-FR"},{"@type":"Organization","@id":"https:\/\/www.justiceinfo.net\/fr#organization","name":"Justice Info","url":"https:\/\/www.justiceinfo.net\/fr","logo":{"@type":"ImageObject","inLanguage":"fr-FR","@id":"https:\/\/www.justiceinfo.net\/fr#\/schema\/logo\/image\/","url":"https:\/\/www.justiceinfo.net\/wp-content\/uploads\/justiceinfo_logo-trans_1200x1200px.png","contentUrl":"https:\/\/www.justiceinfo.net\/wp-content\/uploads\/justiceinfo_logo-trans_1200x1200px.png","width":1199,"height":1200,"caption":"Justice Info"},"image":{"@id":"https:\/\/www.justiceinfo.net\/fr#\/schema\/logo\/image\/"},"sameAs":["https:\/\/www.facebook.com\/JusticeInfo\/","https:\/\/x.com\/justiceinfonet","https:\/\/www.linkedin.com\/company\/justice-info","https:\/\/www.youtube.com\/channel\/UCyCEsARodyuWtkWyhn-e7pA"]},{"@type":"Person","name":"solivri","url":"\/fr\/?s=solivri"}]}},"_links":{"self":[{"href":"https:\/\/www.justiceinfo.net\/fr\/wp-json\/wp\/v2\/posts\/14327","targetHints":{"allow":["GET"]}}],"collection":[{"href":"https:\/\/www.justiceinfo.net\/fr\/wp-json\/wp\/v2\/posts"}],"about":[{"href":"https:\/\/www.justiceinfo.net\/fr\/wp-json\/wp\/v2\/types\/post"}],"author":[{"embeddable":true,"href":"https:\/\/www.justiceinfo.net\/fr\/wp-json\/wp\/v2\/users\/64"}],"replies":[{"embeddable":true,"href":"https:\/\/www.justiceinfo.net\/fr\/wp-json\/wp\/v2\/comments?post=14327"}],"version-history":[{"count":0,"href":"https:\/\/www.justiceinfo.net\/fr\/wp-json\/wp\/v2\/posts\/14327\/revisions"}],"wp:attachment":[{"href":"https:\/\/www.justiceinfo.net\/fr\/wp-json\/wp\/v2\/media?parent=14327"}],"wp:term":[{"taxonomy":"category","embeddable":true,"href":"https:\/\/www.justiceinfo.net\/fr\/wp-json\/wp\/v2\/categories?post=14327"},{"taxonomy":"post_tag","embeddable":true,"href":"https:\/\/www.justiceinfo.net\/fr\/wp-json\/wp\/v2\/tags?post=14327"},{"taxonomy":"ji_location","embeddable":true,"href":"https:\/\/www.justiceinfo.net\/fr\/wp-json\/wp\/v2\/ji_location?post=14327"}],"curies":[{"name":"wp","href":"https:\/\/api.w.org\/{rel}","templated":true}]}}