{"id":14340,"date":"2012-05-31T19:43:47","date_gmt":"2012-05-31T17:43:47","guid":{"rendered":"https:\/\/www.justiceinfo.net\/14340-310512-cpimbarushimana-le-procureur-veut-ouvrir-une-autre-affaire-contre-mbarushimana.html"},"modified":"2012-05-31T19:43:47","modified_gmt":"2012-05-31T17:43:47","slug":"310512-cpimbarushimana-le-procureur-veut-ouvrir-une-autre-affaire-contre-mbarushimana","status":"publish","type":"post","link":"https:\/\/www.justiceinfo.net\/fr\/14340-310512-cpimbarushimana-le-procureur-veut-ouvrir-une-autre-affaire-contre-mbarushimana.html","title":{"rendered":"31.05.12 - CPI\/MBARUSHIMANA \u2013 LE PROCUREUR VEUT OUVRIR UNE AUTRE AFFAIRE CONTRE MBARUSHIMANA"},"content":{"rendered":"<p>La Haye, le 31 mai 2012 (FH) \u2013 Le procureur de la Cour p\u00e9nale internationale (CPI) a annonc\u00e9 son intention de pr\u00e9senter une nouvelle affaire contre Callixte Mbarushimana, suite \u00e0 une d\u00e9cision rendue le 30 mai par la chambre d\u2019appel, confirmant le non-lieu prononc\u00e9 en faveur du suspect.<\/p>\n<p><!--more--><\/p>\n<p>\u00a0R\u00e9agissant \u00e0 cette d\u00e9cision, le Bureau du procureur a annonc\u00e9, dans un communiqu\u00e9, qu\u2019il \u00e9value\u00a0la d\u00e9cision pour \u00ab\u00a0voir s\u2019il est possible de pr\u00e9senter une nouvelle affaire contre Mr Mbarushimana pr\u00e9sentant une preuve additionnelle\u00a0\u00bb. <\/p>\n<p>Le 16 d\u00e9cembre 2011, la chambre pr\u00e9liminaire avait annul\u00e9 les charges retenues contre Callixte Mbarushimana, estimant que \u00ab\u00a0la preuve pr\u00e9sent\u00e9e par la poursuite n\u2019est pas suffisante\u00a0\u00bb. Le Secr\u00e9taire ex\u00e9cutif des Forces d\u00e9mocratiques pour la lib\u00e9ration du Rwanda (FDLR), milice active dans l\u2019est de la R\u00e9publique d\u00e9mocratique du Congo (RDC), \u00e9tait poursuivi pour crimes contre l\u2019humanit\u00e9 et crimes de guerre commis en 2009 et 2010. <\/p>\n<p>SM\/GF<\/p>\n<p>\u00a0<\/p>\n","protected":false},"excerpt":{"rendered":"<p>La Haye, le 31 mai 2012 (FH) \u2013 Le procureur de la Cour p\u00e9nale internationale (CPI) a annonc\u00e9 son intention de pr\u00e9senter une nouvelle affaire contre Callixte Mbarushimana, suite \u00e0 une d\u00e9cision rendue le 30 mai par la chambre d\u2019appel, confirmant le non-lieu prononc\u00e9 en faveur du suspect.<\/p>\n","protected":false},"author":64,"featured_media":0,"comment_status":"open","ping_status":"closed","sticky":false,"template":"","format":"standard","meta":{"_acf_changed":false,"footnotes":""},"categories":[554],"tags":[],"ji_location":[],"class_list":["post-14340","post","type-post","status-publish","format-standard","hentry","category-hirondellenews"],"acf":[],"yoast_head":"<!-- This site is optimized with the Yoast SEO Premium plugin v25.3.1 (Yoast SEO v25.3.1) - https:\/\/yoast.com\/wordpress\/plugins\/seo\/ -->\n<title>31.05.12 - CPI\/MBARUSHIMANA \u2013 LE PROCUREUR VEUT OUVRIR UNE AUTRE AFFAIRE CONTRE MBARUSHIMANA - JusticeInfo.net<\/title>\n<meta name=\"robots\" content=\"index, follow, max-snippet:-1, max-image-preview:large, max-video-preview:-1\" \/>\n<link rel=\"canonical\" href=\"https:\/\/www.justiceinfo.net\/fr\/14340-310512-cpimbarushimana-le-procureur-veut-ouvrir-une-autre-affaire-contre-mbarushimana.html\" \/>\n<meta property=\"og:locale\" content=\"fr_FR\" \/>\n<meta property=\"og:type\" content=\"article\" \/>\n<meta property=\"og:title\" content=\"31.05.12 - CPI\/MBARUSHIMANA \u2013 LE PROCUREUR VEUT OUVRIR UNE AUTRE AFFAIRE CONTRE MBARUSHIMANA\" \/>\n<meta property=\"og:description\" content=\"La Haye, le 31 mai 2012 (FH) \u2013 Le procureur de la Cour p\u00e9nale internationale (CPI) a annonc\u00e9 son intention de pr\u00e9senter une nouvelle affaire contre Callixte Mbarushimana, suite \u00e0 une d\u00e9cision rendue le 30 mai par la chambre d\u2019appel, confirmant le non-lieu prononc\u00e9 en faveur du suspect.\" \/>\n<meta property=\"og:url\" content=\"https:\/\/www.justiceinfo.net\/fr\/14340-310512-cpimbarushimana-le-procureur-veut-ouvrir-une-autre-affaire-contre-mbarushimana.html\" \/>\n<meta property=\"og:site_name\" content=\"JusticeInfo.net\" \/>\n<meta property=\"article:publisher\" content=\"https:\/\/www.facebook.com\/JusticeInfo\/\" \/>\n<meta property=\"article:published_time\" content=\"2012-05-31T17:43:47+00:00\" \/>\n<meta property=\"og:image\" content=\"https:\/\/www.justiceinfo.net\/wp-content\/uploads\/JusticeInfoNet_logo_1200x630px.jpg\" \/>\n\t<meta property=\"og:image:width\" content=\"1200\" \/>\n\t<meta property=\"og:image:height\" content=\"630\" \/>\n\t<meta property=\"og:image:type\" content=\"image\/jpeg\" \/>\n<meta name=\"author\" content=\"solivri\" \/>\n<meta name=\"twitter:card\" content=\"summary_large_image\" \/>\n<meta name=\"twitter:creator\" content=\"@justiceinfonet\" \/>\n<meta name=\"twitter:site\" content=\"@justiceinfonet\" \/>\n<meta name=\"twitter:label1\" content=\"\u00c9crit par\" \/>\n\t<meta name=\"twitter:data1\" content=\"solivri\" \/>\n\t<meta name=\"twitter:label2\" content=\"Dur\u00e9e de lecture estim\u00e9e\" \/>\n\t<meta name=\"twitter:data2\" content=\"1 minute\" \/>\n<script type=\"application\/ld+json\" class=\"yoast-schema-graph\">{\"@context\":\"https:\/\/schema.org\",\"@graph\":[{\"@type\":\"NewsArticle\",\"@id\":\"https:\/\/www.justiceinfo.net\/fr\/14340-310512-cpimbarushimana-le-procureur-veut-ouvrir-une-autre-affaire-contre-mbarushimana.html#article\",\"isPartOf\":{\"@id\":\"https:\/\/www.justiceinfo.net\/fr\/14340-310512-cpimbarushimana-le-procureur-veut-ouvrir-une-autre-affaire-contre-mbarushimana.html\"},\"author\":{\"name\":\"solivri\",\"@id\":\"https:\/\/www.justiceinfo.net\/fr#\/schema\/person\/6e53cba1629e2e66f3fc1821d3091865\"},\"headline\":\"31.05.12 - CPI\/MBARUSHIMANA \u2013 LE PROCUREUR VEUT OUVRIR UNE AUTRE AFFAIRE CONTRE MBARUSHIMANA\",\"datePublished\":\"2012-05-31T17:43:47+00:00\",\"mainEntityOfPage\":{\"@id\":\"https:\/\/www.justiceinfo.net\/fr\/14340-310512-cpimbarushimana-le-procureur-veut-ouvrir-une-autre-affaire-contre-mbarushimana.html\"},\"wordCount\":174,\"commentCount\":0,\"publisher\":{\"@id\":\"https:\/\/www.justiceinfo.net\/fr#organization\"},\"articleSection\":[\"Hirondelle News\"],\"inLanguage\":\"fr-FR\",\"potentialAction\":[{\"@type\":\"CommentAction\",\"name\":\"Comment\",\"target\":[\"https:\/\/www.justiceinfo.net\/fr\/14340-310512-cpimbarushimana-le-procureur-veut-ouvrir-une-autre-affaire-contre-mbarushimana.html#respond\"]}]},{\"@type\":\"WebPage\",\"@id\":\"https:\/\/www.justiceinfo.net\/fr\/14340-310512-cpimbarushimana-le-procureur-veut-ouvrir-une-autre-affaire-contre-mbarushimana.html\",\"url\":\"https:\/\/www.justiceinfo.net\/fr\/14340-310512-cpimbarushimana-le-procureur-veut-ouvrir-une-autre-affaire-contre-mbarushimana.html\",\"name\":\"31.05.12 - CPI\/MBARUSHIMANA \u2013 LE PROCUREUR VEUT OUVRIR UNE AUTRE AFFAIRE CONTRE MBARUSHIMANA - JusticeInfo.net\",\"isPartOf\":{\"@id\":\"https:\/\/www.justiceinfo.net\/fr#website\"},\"datePublished\":\"2012-05-31T17:43:47+00:00\",\"breadcrumb\":{\"@id\":\"https:\/\/www.justiceinfo.net\/fr\/14340-310512-cpimbarushimana-le-procureur-veut-ouvrir-une-autre-affaire-contre-mbarushimana.html#breadcrumb\"},\"inLanguage\":\"fr-FR\",\"potentialAction\":[{\"@type\":\"ReadAction\",\"target\":[\"https:\/\/www.justiceinfo.net\/fr\/14340-310512-cpimbarushimana-le-procureur-veut-ouvrir-une-autre-affaire-contre-mbarushimana.html\"]}]},{\"@type\":\"BreadcrumbList\",\"@id\":\"https:\/\/www.justiceinfo.net\/fr\/14340-310512-cpimbarushimana-le-procureur-veut-ouvrir-une-autre-affaire-contre-mbarushimana.html#breadcrumb\",\"itemListElement\":[{\"@type\":\"ListItem\",\"position\":1,\"name\":\"Home\",\"item\":\"https:\/\/www.justiceinfo.net\/fr\"},{\"@type\":\"ListItem\",\"position\":2,\"name\":\"31.05.12 - CPI\/MBARUSHIMANA \u2013 LE PROCUREUR VEUT OUVRIR UNE AUTRE AFFAIRE CONTRE MBARUSHIMANA\"}]},{\"@type\":\"WebSite\",\"@id\":\"https:\/\/www.justiceinfo.net\/fr#website\",\"url\":\"https:\/\/www.justiceinfo.net\/fr\",\"name\":\"JusticeInfo.net\",\"description\":\"La justice doit \u00eatre vue pour \u00eatre rendue\",\"publisher\":{\"@id\":\"https:\/\/www.justiceinfo.net\/fr#organization\"},\"potentialAction\":[{\"@type\":\"SearchAction\",\"target\":{\"@type\":\"EntryPoint\",\"urlTemplate\":\"https:\/\/www.justiceinfo.net\/fr?s={search_term_string}\"},\"query-input\":{\"@type\":\"PropertyValueSpecification\",\"valueRequired\":true,\"valueName\":\"search_term_string\"}}],\"inLanguage\":\"fr-FR\"},{\"@type\":\"Organization\",\"@id\":\"https:\/\/www.justiceinfo.net\/fr#organization\",\"name\":\"Justice Info\",\"url\":\"https:\/\/www.justiceinfo.net\/fr\",\"logo\":{\"@type\":\"ImageObject\",\"inLanguage\":\"fr-FR\",\"@id\":\"https:\/\/www.justiceinfo.net\/fr#\/schema\/logo\/image\/\",\"url\":\"https:\/\/www.justiceinfo.net\/wp-content\/uploads\/justiceinfo_logo-trans_1200x1200px.png\",\"contentUrl\":\"https:\/\/www.justiceinfo.net\/wp-content\/uploads\/justiceinfo_logo-trans_1200x1200px.png\",\"width\":1199,\"height\":1200,\"caption\":\"Justice Info\"},\"image\":{\"@id\":\"https:\/\/www.justiceinfo.net\/fr#\/schema\/logo\/image\/\"},\"sameAs\":[\"https:\/\/www.facebook.com\/JusticeInfo\/\",\"https:\/\/x.com\/justiceinfonet\",\"https:\/\/www.linkedin.com\/company\/justice-info\",\"https:\/\/www.youtube.com\/channel\/UCyCEsARodyuWtkWyhn-e7pA\"]},{\"@type\":\"Person\",\"name\":\"solivri\",\"url\":\"\/fr\/?s=solivri\"}]}<\/script>\n<!-- \/ Yoast SEO Premium plugin. -->","yoast_head_json":{"title":"31.05.12 - CPI\/MBARUSHIMANA \u2013 LE PROCUREUR VEUT OUVRIR UNE AUTRE AFFAIRE CONTRE MBARUSHIMANA - JusticeInfo.net","robots":{"index":"index","follow":"follow","max-snippet":"max-snippet:-1","max-image-preview":"max-image-preview:large","max-video-preview":"max-video-preview:-1"},"canonical":"https:\/\/www.justiceinfo.net\/fr\/14340-310512-cpimbarushimana-le-procureur-veut-ouvrir-une-autre-affaire-contre-mbarushimana.html","og_locale":"fr_FR","og_type":"article","og_title":"31.05.12 - CPI\/MBARUSHIMANA \u2013 LE PROCUREUR VEUT OUVRIR UNE AUTRE AFFAIRE CONTRE MBARUSHIMANA","og_description":"La Haye, le 31 mai 2012 (FH) \u2013 Le procureur de la Cour p\u00e9nale internationale (CPI) a annonc\u00e9 son intention de pr\u00e9senter une nouvelle affaire contre Callixte Mbarushimana, suite \u00e0 une d\u00e9cision rendue le 30 mai par la chambre d\u2019appel, confirmant le non-lieu prononc\u00e9 en faveur du suspect.","og_url":"https:\/\/www.justiceinfo.net\/fr\/14340-310512-cpimbarushimana-le-procureur-veut-ouvrir-une-autre-affaire-contre-mbarushimana.html","og_site_name":"JusticeInfo.net","article_publisher":"https:\/\/www.facebook.com\/JusticeInfo\/","article_published_time":"2012-05-31T17:43:47+00:00","og_image":[{"width":1200,"height":630,"url":"https:\/\/www.justiceinfo.net\/wp-content\/uploads\/JusticeInfoNet_logo_1200x630px.jpg","type":"image\/jpeg"}],"author":"solivri","twitter_card":"summary_large_image","twitter_creator":"@justiceinfonet","twitter_site":"@justiceinfonet","twitter_misc":{"\u00c9crit par":"solivri","Dur\u00e9e de lecture estim\u00e9e":"1 minute"},"schema":{"@context":"https:\/\/schema.org","@graph":[{"@type":"NewsArticle","@id":"https:\/\/www.justiceinfo.net\/fr\/14340-310512-cpimbarushimana-le-procureur-veut-ouvrir-une-autre-affaire-contre-mbarushimana.html#article","isPartOf":{"@id":"https:\/\/www.justiceinfo.net\/fr\/14340-310512-cpimbarushimana-le-procureur-veut-ouvrir-une-autre-affaire-contre-mbarushimana.html"},"author":{"name":"solivri","@id":"https:\/\/www.justiceinfo.net\/fr#\/schema\/person\/6e53cba1629e2e66f3fc1821d3091865"},"headline":"31.05.12 - CPI\/MBARUSHIMANA \u2013 LE PROCUREUR VEUT OUVRIR UNE AUTRE AFFAIRE CONTRE MBARUSHIMANA","datePublished":"2012-05-31T17:43:47+00:00","mainEntityOfPage":{"@id":"https:\/\/www.justiceinfo.net\/fr\/14340-310512-cpimbarushimana-le-procureur-veut-ouvrir-une-autre-affaire-contre-mbarushimana.html"},"wordCount":174,"commentCount":0,"publisher":{"@id":"https:\/\/www.justiceinfo.net\/fr#organization"},"articleSection":["Hirondelle News"],"inLanguage":"fr-FR","potentialAction":[{"@type":"CommentAction","name":"Comment","target":["https:\/\/www.justiceinfo.net\/fr\/14340-310512-cpimbarushimana-le-procureur-veut-ouvrir-une-autre-affaire-contre-mbarushimana.html#respond"]}]},{"@type":"WebPage","@id":"https:\/\/www.justiceinfo.net\/fr\/14340-310512-cpimbarushimana-le-procureur-veut-ouvrir-une-autre-affaire-contre-mbarushimana.html","url":"https:\/\/www.justiceinfo.net\/fr\/14340-310512-cpimbarushimana-le-procureur-veut-ouvrir-une-autre-affaire-contre-mbarushimana.html","name":"31.05.12 - CPI\/MBARUSHIMANA \u2013 LE PROCUREUR VEUT OUVRIR UNE AUTRE AFFAIRE CONTRE MBARUSHIMANA - JusticeInfo.net","isPartOf":{"@id":"https:\/\/www.justiceinfo.net\/fr#website"},"datePublished":"2012-05-31T17:43:47+00:00","breadcrumb":{"@id":"https:\/\/www.justiceinfo.net\/fr\/14340-310512-cpimbarushimana-le-procureur-veut-ouvrir-une-autre-affaire-contre-mbarushimana.html#breadcrumb"},"inLanguage":"fr-FR","potentialAction":[{"@type":"ReadAction","target":["https:\/\/www.justiceinfo.net\/fr\/14340-310512-cpimbarushimana-le-procureur-veut-ouvrir-une-autre-affaire-contre-mbarushimana.html"]}]},{"@type":"BreadcrumbList","@id":"https:\/\/www.justiceinfo.net\/fr\/14340-310512-cpimbarushimana-le-procureur-veut-ouvrir-une-autre-affaire-contre-mbarushimana.html#breadcrumb","itemListElement":[{"@type":"ListItem","position":1,"name":"Home","item":"https:\/\/www.justiceinfo.net\/fr"},{"@type":"ListItem","position":2,"name":"31.05.12 - CPI\/MBARUSHIMANA \u2013 LE PROCUREUR VEUT OUVRIR UNE AUTRE AFFAIRE CONTRE MBARUSHIMANA"}]},{"@type":"WebSite","@id":"https:\/\/www.justiceinfo.net\/fr#website","url":"https:\/\/www.justiceinfo.net\/fr","name":"JusticeInfo.net","description":"La justice doit \u00eatre vue pour \u00eatre rendue","publisher":{"@id":"https:\/\/www.justiceinfo.net\/fr#organization"},"potentialAction":[{"@type":"SearchAction","target":{"@type":"EntryPoint","urlTemplate":"https:\/\/www.justiceinfo.net\/fr?s={search_term_string}"},"query-input":{"@type":"PropertyValueSpecification","valueRequired":true,"valueName":"search_term_string"}}],"inLanguage":"fr-FR"},{"@type":"Organization","@id":"https:\/\/www.justiceinfo.net\/fr#organization","name":"Justice Info","url":"https:\/\/www.justiceinfo.net\/fr","logo":{"@type":"ImageObject","inLanguage":"fr-FR","@id":"https:\/\/www.justiceinfo.net\/fr#\/schema\/logo\/image\/","url":"https:\/\/www.justiceinfo.net\/wp-content\/uploads\/justiceinfo_logo-trans_1200x1200px.png","contentUrl":"https:\/\/www.justiceinfo.net\/wp-content\/uploads\/justiceinfo_logo-trans_1200x1200px.png","width":1199,"height":1200,"caption":"Justice Info"},"image":{"@id":"https:\/\/www.justiceinfo.net\/fr#\/schema\/logo\/image\/"},"sameAs":["https:\/\/www.facebook.com\/JusticeInfo\/","https:\/\/x.com\/justiceinfonet","https:\/\/www.linkedin.com\/company\/justice-info","https:\/\/www.youtube.com\/channel\/UCyCEsARodyuWtkWyhn-e7pA"]},{"@type":"Person","name":"solivri","url":"\/fr\/?s=solivri"}]}},"_links":{"self":[{"href":"https:\/\/www.justiceinfo.net\/fr\/wp-json\/wp\/v2\/posts\/14340","targetHints":{"allow":["GET"]}}],"collection":[{"href":"https:\/\/www.justiceinfo.net\/fr\/wp-json\/wp\/v2\/posts"}],"about":[{"href":"https:\/\/www.justiceinfo.net\/fr\/wp-json\/wp\/v2\/types\/post"}],"author":[{"embeddable":true,"href":"https:\/\/www.justiceinfo.net\/fr\/wp-json\/wp\/v2\/users\/64"}],"replies":[{"embeddable":true,"href":"https:\/\/www.justiceinfo.net\/fr\/wp-json\/wp\/v2\/comments?post=14340"}],"version-history":[{"count":0,"href":"https:\/\/www.justiceinfo.net\/fr\/wp-json\/wp\/v2\/posts\/14340\/revisions"}],"wp:attachment":[{"href":"https:\/\/www.justiceinfo.net\/fr\/wp-json\/wp\/v2\/media?parent=14340"}],"wp:term":[{"taxonomy":"category","embeddable":true,"href":"https:\/\/www.justiceinfo.net\/fr\/wp-json\/wp\/v2\/categories?post=14340"},{"taxonomy":"post_tag","embeddable":true,"href":"https:\/\/www.justiceinfo.net\/fr\/wp-json\/wp\/v2\/tags?post=14340"},{"taxonomy":"ji_location","embeddable":true,"href":"https:\/\/www.justiceinfo.net\/fr\/wp-json\/wp\/v2\/ji_location?post=14340"}],"curies":[{"name":"wp","href":"https:\/\/api.w.org\/{rel}","templated":true}]}}