{"id":14360,"date":"2012-06-11T13:04:24","date_gmt":"2012-06-11T11:04:24","guid":{"rendered":"https:\/\/www.justiceinfo.net\/14360-110612-cpikenya-defense-et-procureur-demandent-un-proces-en-mars-2013.html"},"modified":"2012-06-11T13:04:24","modified_gmt":"2012-06-11T11:04:24","slug":"110612-cpikenya-defense-et-procureur-demandent-un-proces-en-mars-2013","status":"publish","type":"post","link":"https:\/\/www.justiceinfo.net\/fr\/14360-110612-cpikenya-defense-et-procureur-demandent-un-proces-en-mars-2013.html","title":{"rendered":"11.06.12 - CPI\/KENYA - DEFENSE ET PROCUREUR DEMANDENT UN PROCES EN MARS 2013"},"content":{"rendered":"<p >La Haye, 11 juin 2012 (FH) \u2013 Dans le dossier de l\u2019ancien ministre k\u00e9nyan William Ruto et le journaliste Joshua Sang, la d\u00e9fense et le procureur ont annonc\u00e9 lundi qu\u2019ils souhaitaient l\u2019ouverture du proc\u00e8s en mars 2013, apr\u00e8s l\u2019\u00e9lection pr\u00e9sidentielle au Kenya, pr\u00e9vue le 4 mars.<\/p>\n<p><!--more--><\/p>\n<p >\u00a0<\/p>\n<p >Les deux hommes sont accus\u00e9s de crimes contre l\u2019humanit\u00e9 commis apr\u00e8s l\u2019\u00e9lection de d\u00e9cembre 2007 au Kenya. William Ruto a d\u00e9j\u00e0 annonc\u00e9 sa candidature \u00e0 l\u2019\u00e9lection pr\u00e9sidentielle de mars 2013, mais pour l\u2019instant, la commission \u00e9lectorale du Kenya ne s\u2019est pas encore prononc\u00e9e.\u00a0<\/p>\n<p >Au cours d\u2019une audience de proc\u00e9dure, visant notamment \u00e0 d\u00e9terminer la date d\u2019ouverture du proc\u00e8s contre William Ruto et Joshua Sang, la procureure Florence Darques-Lane ne s\u2019est pas oppos\u00e9e \u00e0 l\u2019ouverture d\u2019un proc\u00e8s d\u2019ici dix mois, mais a, en revanche, demand\u00e9 aux juges de prendre leur d\u00e9cision \u00ab\u00a0sans tenir compte de la date de l\u2019\u00e9lection\u00a0\u00bb.\u00a0 Elle a ajout\u00e9 que la chambre doit s\u2019assurer que \u00ab\u00a0quelques soit le r\u00e9sultat de l\u2019\u00e9lection\u00a0\u00bb, les accus\u00e9s \u00ab\u00a0se pr\u00e9senteront pour le proc\u00e8s\u00a0\u00bb.<\/p>\n<p >Seule la repr\u00e9sentante des victimes s\u2019est oppos\u00e9e \u00e0 une date si tardive. \u00ab\u00a0Les victimes veulent une date pour ce proc\u00e8s d\u00e8s que possible\u00a0\u00bb, a affirm\u00e9 Sureta Chana, rappelant que les victimes r\u00e9clament justice depuis cinq ans. \u00ab\u00a0Je crois qu\u2019il y a de l\u2019impatience de la part de ceux qui souffrent encore \u00bb, a-t-elle ajout\u00e9.<\/p>\n<p >A l\u2019ouverture de l\u2019audience, les avocats de William Ruto ont regrett\u00e9 la mort, dimanche, dans un accident d\u2019h\u00e9licopt\u00e8re, de George Saitoti, ministre de la S\u00e9curit\u00e9 int\u00e9rieure, affirmant qu\u2019il \u00e9tait un t\u00e9moin potentiel.<\/p>\n<p >SM\/ER\/JC<\/p>\n","protected":false},"excerpt":{"rendered":"<p>La Haye, 11 juin 2012 (FH) \u2013 Dans le dossier de l\u2019ancien ministre k\u00e9nyan William Ruto et le journaliste Joshua Sang, la d\u00e9fense et le procureur ont annonc\u00e9 lundi qu\u2019ils souhaitaient l\u2019ouverture du proc\u00e8s en mars 2013, apr\u00e8s l\u2019\u00e9lection pr\u00e9sidentielle au Kenya, pr\u00e9vue le 4 mars.<\/p>\n","protected":false},"author":64,"featured_media":0,"comment_status":"open","ping_status":"closed","sticky":false,"template":"","format":"standard","meta":{"_acf_changed":false,"footnotes":""},"categories":[554],"tags":[],"ji_location":[],"class_list":["post-14360","post","type-post","status-publish","format-standard","hentry","category-hirondellenews"],"acf":[],"yoast_head":"<!-- This site is optimized with the Yoast SEO Premium plugin v25.3.1 (Yoast SEO v25.3.1) - https:\/\/yoast.com\/wordpress\/plugins\/seo\/ -->\n<title>11.06.12 - CPI\/KENYA - DEFENSE ET PROCUREUR DEMANDENT UN PROCES EN MARS 2013 - JusticeInfo.net<\/title>\n<meta name=\"robots\" content=\"index, follow, max-snippet:-1, max-image-preview:large, max-video-preview:-1\" \/>\n<link rel=\"canonical\" href=\"https:\/\/www.justiceinfo.net\/fr\/14360-110612-cpikenya-defense-et-procureur-demandent-un-proces-en-mars-2013.html\" \/>\n<meta property=\"og:locale\" content=\"fr_FR\" \/>\n<meta property=\"og:type\" content=\"article\" \/>\n<meta property=\"og:title\" content=\"11.06.12 - CPI\/KENYA - DEFENSE ET PROCUREUR DEMANDENT UN PROCES EN MARS 2013\" \/>\n<meta property=\"og:description\" content=\"La Haye, 11 juin 2012 (FH) \u2013 Dans le dossier de l\u2019ancien ministre k\u00e9nyan William Ruto et le journaliste Joshua Sang, la d\u00e9fense et le procureur ont annonc\u00e9 lundi qu\u2019ils souhaitaient l\u2019ouverture du proc\u00e8s en mars 2013, apr\u00e8s l\u2019\u00e9lection pr\u00e9sidentielle au Kenya, pr\u00e9vue le 4 mars.\" \/>\n<meta property=\"og:url\" content=\"https:\/\/www.justiceinfo.net\/fr\/14360-110612-cpikenya-defense-et-procureur-demandent-un-proces-en-mars-2013.html\" \/>\n<meta property=\"og:site_name\" content=\"JusticeInfo.net\" \/>\n<meta property=\"article:publisher\" content=\"https:\/\/www.facebook.com\/JusticeInfo\/\" \/>\n<meta property=\"article:published_time\" content=\"2012-06-11T11:04:24+00:00\" \/>\n<meta property=\"og:image\" content=\"https:\/\/www.justiceinfo.net\/wp-content\/uploads\/JusticeInfoNet_logo_1200x630px.jpg\" \/>\n\t<meta property=\"og:image:width\" content=\"1200\" \/>\n\t<meta property=\"og:image:height\" content=\"630\" \/>\n\t<meta property=\"og:image:type\" content=\"image\/jpeg\" \/>\n<meta name=\"author\" content=\"solivri\" \/>\n<meta name=\"twitter:card\" content=\"summary_large_image\" \/>\n<meta name=\"twitter:creator\" content=\"@justiceinfonet\" \/>\n<meta name=\"twitter:site\" content=\"@justiceinfonet\" \/>\n<meta name=\"twitter:label1\" content=\"\u00c9crit par\" \/>\n\t<meta name=\"twitter:data1\" content=\"solivri\" \/>\n\t<meta name=\"twitter:label2\" content=\"Dur\u00e9e de lecture estim\u00e9e\" \/>\n\t<meta name=\"twitter:data2\" content=\"2 minutes\" \/>\n<script type=\"application\/ld+json\" class=\"yoast-schema-graph\">{\"@context\":\"https:\/\/schema.org\",\"@graph\":[{\"@type\":\"NewsArticle\",\"@id\":\"https:\/\/www.justiceinfo.net\/fr\/14360-110612-cpikenya-defense-et-procureur-demandent-un-proces-en-mars-2013.html#article\",\"isPartOf\":{\"@id\":\"https:\/\/www.justiceinfo.net\/fr\/14360-110612-cpikenya-defense-et-procureur-demandent-un-proces-en-mars-2013.html\"},\"author\":{\"name\":\"solivri\",\"@id\":\"https:\/\/www.justiceinfo.net\/fr#\/schema\/person\/6e53cba1629e2e66f3fc1821d3091865\"},\"headline\":\"11.06.12 - CPI\/KENYA - DEFENSE ET PROCUREUR DEMANDENT UN PROCES EN MARS 2013\",\"datePublished\":\"2012-06-11T11:04:24+00:00\",\"mainEntityOfPage\":{\"@id\":\"https:\/\/www.justiceinfo.net\/fr\/14360-110612-cpikenya-defense-et-procureur-demandent-un-proces-en-mars-2013.html\"},\"wordCount\":312,\"commentCount\":0,\"publisher\":{\"@id\":\"https:\/\/www.justiceinfo.net\/fr#organization\"},\"articleSection\":[\"Hirondelle News\"],\"inLanguage\":\"fr-FR\",\"potentialAction\":[{\"@type\":\"CommentAction\",\"name\":\"Comment\",\"target\":[\"https:\/\/www.justiceinfo.net\/fr\/14360-110612-cpikenya-defense-et-procureur-demandent-un-proces-en-mars-2013.html#respond\"]}]},{\"@type\":\"WebPage\",\"@id\":\"https:\/\/www.justiceinfo.net\/fr\/14360-110612-cpikenya-defense-et-procureur-demandent-un-proces-en-mars-2013.html\",\"url\":\"https:\/\/www.justiceinfo.net\/fr\/14360-110612-cpikenya-defense-et-procureur-demandent-un-proces-en-mars-2013.html\",\"name\":\"11.06.12 - CPI\/KENYA - DEFENSE ET PROCUREUR DEMANDENT UN PROCES EN MARS 2013 - JusticeInfo.net\",\"isPartOf\":{\"@id\":\"https:\/\/www.justiceinfo.net\/fr#website\"},\"datePublished\":\"2012-06-11T11:04:24+00:00\",\"breadcrumb\":{\"@id\":\"https:\/\/www.justiceinfo.net\/fr\/14360-110612-cpikenya-defense-et-procureur-demandent-un-proces-en-mars-2013.html#breadcrumb\"},\"inLanguage\":\"fr-FR\",\"potentialAction\":[{\"@type\":\"ReadAction\",\"target\":[\"https:\/\/www.justiceinfo.net\/fr\/14360-110612-cpikenya-defense-et-procureur-demandent-un-proces-en-mars-2013.html\"]}]},{\"@type\":\"BreadcrumbList\",\"@id\":\"https:\/\/www.justiceinfo.net\/fr\/14360-110612-cpikenya-defense-et-procureur-demandent-un-proces-en-mars-2013.html#breadcrumb\",\"itemListElement\":[{\"@type\":\"ListItem\",\"position\":1,\"name\":\"Home\",\"item\":\"https:\/\/www.justiceinfo.net\/fr\"},{\"@type\":\"ListItem\",\"position\":2,\"name\":\"11.06.12 - CPI\/KENYA - DEFENSE ET PROCUREUR DEMANDENT UN PROCES EN MARS 2013\"}]},{\"@type\":\"WebSite\",\"@id\":\"https:\/\/www.justiceinfo.net\/fr#website\",\"url\":\"https:\/\/www.justiceinfo.net\/fr\",\"name\":\"JusticeInfo.net\",\"description\":\"La justice doit \u00eatre vue pour \u00eatre rendue\",\"publisher\":{\"@id\":\"https:\/\/www.justiceinfo.net\/fr#organization\"},\"potentialAction\":[{\"@type\":\"SearchAction\",\"target\":{\"@type\":\"EntryPoint\",\"urlTemplate\":\"https:\/\/www.justiceinfo.net\/fr?s={search_term_string}\"},\"query-input\":{\"@type\":\"PropertyValueSpecification\",\"valueRequired\":true,\"valueName\":\"search_term_string\"}}],\"inLanguage\":\"fr-FR\"},{\"@type\":\"Organization\",\"@id\":\"https:\/\/www.justiceinfo.net\/fr#organization\",\"name\":\"Justice Info\",\"url\":\"https:\/\/www.justiceinfo.net\/fr\",\"logo\":{\"@type\":\"ImageObject\",\"inLanguage\":\"fr-FR\",\"@id\":\"https:\/\/www.justiceinfo.net\/fr#\/schema\/logo\/image\/\",\"url\":\"https:\/\/www.justiceinfo.net\/wp-content\/uploads\/justiceinfo_logo-trans_1200x1200px.png\",\"contentUrl\":\"https:\/\/www.justiceinfo.net\/wp-content\/uploads\/justiceinfo_logo-trans_1200x1200px.png\",\"width\":1199,\"height\":1200,\"caption\":\"Justice Info\"},\"image\":{\"@id\":\"https:\/\/www.justiceinfo.net\/fr#\/schema\/logo\/image\/\"},\"sameAs\":[\"https:\/\/www.facebook.com\/JusticeInfo\/\",\"https:\/\/x.com\/justiceinfonet\",\"https:\/\/www.linkedin.com\/company\/justice-info\",\"https:\/\/www.youtube.com\/channel\/UCyCEsARodyuWtkWyhn-e7pA\"]},{\"@type\":\"Person\",\"name\":\"solivri\",\"url\":\"\/fr\/?s=solivri\"}]}<\/script>\n<!-- \/ Yoast SEO Premium plugin. -->","yoast_head_json":{"title":"11.06.12 - CPI\/KENYA - DEFENSE ET PROCUREUR DEMANDENT UN PROCES EN MARS 2013 - JusticeInfo.net","robots":{"index":"index","follow":"follow","max-snippet":"max-snippet:-1","max-image-preview":"max-image-preview:large","max-video-preview":"max-video-preview:-1"},"canonical":"https:\/\/www.justiceinfo.net\/fr\/14360-110612-cpikenya-defense-et-procureur-demandent-un-proces-en-mars-2013.html","og_locale":"fr_FR","og_type":"article","og_title":"11.06.12 - CPI\/KENYA - DEFENSE ET PROCUREUR DEMANDENT UN PROCES EN MARS 2013","og_description":"La Haye, 11 juin 2012 (FH) \u2013 Dans le dossier de l\u2019ancien ministre k\u00e9nyan William Ruto et le journaliste Joshua Sang, la d\u00e9fense et le procureur ont annonc\u00e9 lundi qu\u2019ils souhaitaient l\u2019ouverture du proc\u00e8s en mars 2013, apr\u00e8s l\u2019\u00e9lection pr\u00e9sidentielle au Kenya, pr\u00e9vue le 4 mars.","og_url":"https:\/\/www.justiceinfo.net\/fr\/14360-110612-cpikenya-defense-et-procureur-demandent-un-proces-en-mars-2013.html","og_site_name":"JusticeInfo.net","article_publisher":"https:\/\/www.facebook.com\/JusticeInfo\/","article_published_time":"2012-06-11T11:04:24+00:00","og_image":[{"width":1200,"height":630,"url":"https:\/\/www.justiceinfo.net\/wp-content\/uploads\/JusticeInfoNet_logo_1200x630px.jpg","type":"image\/jpeg"}],"author":"solivri","twitter_card":"summary_large_image","twitter_creator":"@justiceinfonet","twitter_site":"@justiceinfonet","twitter_misc":{"\u00c9crit par":"solivri","Dur\u00e9e de lecture estim\u00e9e":"2 minutes"},"schema":{"@context":"https:\/\/schema.org","@graph":[{"@type":"NewsArticle","@id":"https:\/\/www.justiceinfo.net\/fr\/14360-110612-cpikenya-defense-et-procureur-demandent-un-proces-en-mars-2013.html#article","isPartOf":{"@id":"https:\/\/www.justiceinfo.net\/fr\/14360-110612-cpikenya-defense-et-procureur-demandent-un-proces-en-mars-2013.html"},"author":{"name":"solivri","@id":"https:\/\/www.justiceinfo.net\/fr#\/schema\/person\/6e53cba1629e2e66f3fc1821d3091865"},"headline":"11.06.12 - CPI\/KENYA - DEFENSE ET PROCUREUR DEMANDENT UN PROCES EN MARS 2013","datePublished":"2012-06-11T11:04:24+00:00","mainEntityOfPage":{"@id":"https:\/\/www.justiceinfo.net\/fr\/14360-110612-cpikenya-defense-et-procureur-demandent-un-proces-en-mars-2013.html"},"wordCount":312,"commentCount":0,"publisher":{"@id":"https:\/\/www.justiceinfo.net\/fr#organization"},"articleSection":["Hirondelle News"],"inLanguage":"fr-FR","potentialAction":[{"@type":"CommentAction","name":"Comment","target":["https:\/\/www.justiceinfo.net\/fr\/14360-110612-cpikenya-defense-et-procureur-demandent-un-proces-en-mars-2013.html#respond"]}]},{"@type":"WebPage","@id":"https:\/\/www.justiceinfo.net\/fr\/14360-110612-cpikenya-defense-et-procureur-demandent-un-proces-en-mars-2013.html","url":"https:\/\/www.justiceinfo.net\/fr\/14360-110612-cpikenya-defense-et-procureur-demandent-un-proces-en-mars-2013.html","name":"11.06.12 - CPI\/KENYA - DEFENSE ET PROCUREUR DEMANDENT UN PROCES EN MARS 2013 - JusticeInfo.net","isPartOf":{"@id":"https:\/\/www.justiceinfo.net\/fr#website"},"datePublished":"2012-06-11T11:04:24+00:00","breadcrumb":{"@id":"https:\/\/www.justiceinfo.net\/fr\/14360-110612-cpikenya-defense-et-procureur-demandent-un-proces-en-mars-2013.html#breadcrumb"},"inLanguage":"fr-FR","potentialAction":[{"@type":"ReadAction","target":["https:\/\/www.justiceinfo.net\/fr\/14360-110612-cpikenya-defense-et-procureur-demandent-un-proces-en-mars-2013.html"]}]},{"@type":"BreadcrumbList","@id":"https:\/\/www.justiceinfo.net\/fr\/14360-110612-cpikenya-defense-et-procureur-demandent-un-proces-en-mars-2013.html#breadcrumb","itemListElement":[{"@type":"ListItem","position":1,"name":"Home","item":"https:\/\/www.justiceinfo.net\/fr"},{"@type":"ListItem","position":2,"name":"11.06.12 - CPI\/KENYA - DEFENSE ET PROCUREUR DEMANDENT UN PROCES EN MARS 2013"}]},{"@type":"WebSite","@id":"https:\/\/www.justiceinfo.net\/fr#website","url":"https:\/\/www.justiceinfo.net\/fr","name":"JusticeInfo.net","description":"La justice doit \u00eatre vue pour \u00eatre rendue","publisher":{"@id":"https:\/\/www.justiceinfo.net\/fr#organization"},"potentialAction":[{"@type":"SearchAction","target":{"@type":"EntryPoint","urlTemplate":"https:\/\/www.justiceinfo.net\/fr?s={search_term_string}"},"query-input":{"@type":"PropertyValueSpecification","valueRequired":true,"valueName":"search_term_string"}}],"inLanguage":"fr-FR"},{"@type":"Organization","@id":"https:\/\/www.justiceinfo.net\/fr#organization","name":"Justice Info","url":"https:\/\/www.justiceinfo.net\/fr","logo":{"@type":"ImageObject","inLanguage":"fr-FR","@id":"https:\/\/www.justiceinfo.net\/fr#\/schema\/logo\/image\/","url":"https:\/\/www.justiceinfo.net\/wp-content\/uploads\/justiceinfo_logo-trans_1200x1200px.png","contentUrl":"https:\/\/www.justiceinfo.net\/wp-content\/uploads\/justiceinfo_logo-trans_1200x1200px.png","width":1199,"height":1200,"caption":"Justice Info"},"image":{"@id":"https:\/\/www.justiceinfo.net\/fr#\/schema\/logo\/image\/"},"sameAs":["https:\/\/www.facebook.com\/JusticeInfo\/","https:\/\/x.com\/justiceinfonet","https:\/\/www.linkedin.com\/company\/justice-info","https:\/\/www.youtube.com\/channel\/UCyCEsARodyuWtkWyhn-e7pA"]},{"@type":"Person","name":"solivri","url":"\/fr\/?s=solivri"}]}},"_links":{"self":[{"href":"https:\/\/www.justiceinfo.net\/fr\/wp-json\/wp\/v2\/posts\/14360","targetHints":{"allow":["GET"]}}],"collection":[{"href":"https:\/\/www.justiceinfo.net\/fr\/wp-json\/wp\/v2\/posts"}],"about":[{"href":"https:\/\/www.justiceinfo.net\/fr\/wp-json\/wp\/v2\/types\/post"}],"author":[{"embeddable":true,"href":"https:\/\/www.justiceinfo.net\/fr\/wp-json\/wp\/v2\/users\/64"}],"replies":[{"embeddable":true,"href":"https:\/\/www.justiceinfo.net\/fr\/wp-json\/wp\/v2\/comments?post=14360"}],"version-history":[{"count":0,"href":"https:\/\/www.justiceinfo.net\/fr\/wp-json\/wp\/v2\/posts\/14360\/revisions"}],"wp:attachment":[{"href":"https:\/\/www.justiceinfo.net\/fr\/wp-json\/wp\/v2\/media?parent=14360"}],"wp:term":[{"taxonomy":"category","embeddable":true,"href":"https:\/\/www.justiceinfo.net\/fr\/wp-json\/wp\/v2\/categories?post=14360"},{"taxonomy":"post_tag","embeddable":true,"href":"https:\/\/www.justiceinfo.net\/fr\/wp-json\/wp\/v2\/tags?post=14360"},{"taxonomy":"ji_location","embeddable":true,"href":"https:\/\/www.justiceinfo.net\/fr\/wp-json\/wp\/v2\/ji_location?post=14360"}],"curies":[{"name":"wp","href":"https:\/\/api.w.org\/{rel}","templated":true}]}}