{"id":14409,"date":"2012-07-03T14:11:38","date_gmt":"2012-07-03T12:11:38","guid":{"rendered":"https:\/\/www.justiceinfo.net\/14409-030712-tpirrwanda-vade-mecum-du-tpir-pour-la-surveillance-des-affaires-renvoyees-au-rwanda.html"},"modified":"2012-07-03T14:11:38","modified_gmt":"2012-07-03T12:11:38","slug":"030712-tpirrwanda-vade-mecum-du-tpir-pour-la-surveillance-des-affaires-renvoyees-au-rwanda","status":"publish","type":"post","link":"https:\/\/www.justiceinfo.net\/fr\/14409-030712-tpirrwanda-vade-mecum-du-tpir-pour-la-surveillance-des-affaires-renvoyees-au-rwanda.html","title":{"rendered":"03.07.12 - TPIR\/RWANDA - VADE-MECUM DU TPIR POUR LA SURVEILLANCE DES AFFAIRES RENVOYEES AU RWANDA"},"content":{"rendered":"<p>Arusha, 03\u00a0 juillet 2012 (FH) \u2013 Le pr\u00e9sident du Tribunal p\u00e9nal international pour le Rwanda (TPIR) a rendu public un vade mecum qui devra guider ses employ\u00e9s d\u00e9sign\u00e9s pour faire la surveillance des affaires renvoy\u00e9es devant les tribunaux rwandais.<\/p>\n<p><!--more--><\/p>\n<p>\u00ab Les moniteurs du TPIR ne doivent s\u2019aligner \u00e0 aucune des parties (au proc\u00e8s) et devraient \u00e9viter tout acte pouvant \u00eatre per\u00e7u comme partial \u00bb, \u00e9crit dans son guide, le juge Vagn Joensen.<\/p>\n<p>Pour observer le d\u00e9roulement des audiences, ils devront \u00e9viter de s\u2019asseoir \u00e0 c\u00f4t\u00e9 de la d\u00e9fense ou de l\u2019accusation.<\/p>\n<p>Les moniteurs du TPIR sont tenus de rester dans le cadre de leur mandat, en \u00e9vitant notamment \u00ab des commentaires sur des affaires qui n\u2019ont pas \u00e9t\u00e9 transf\u00e9r\u00e9es du TPIR \u00bb.<\/p>\n<p>Dans la cadre de sa strat\u00e9gie de fin de mandat, le tribunal international a d\u00e9j\u00e0 rendu neuf d\u00e9cisions de transfert d\u2019accus\u00e9s vers le Rwanda, dont certaines doivent encore cependant \u00eatre confirm\u00e9es en appel.<\/p>\n<p>Si par hasard, un observateur du TPIR est affect\u00e9 \u00e0 la surveillance d\u2019une affaire dans laquelle il pourrait avoir un int\u00e9r\u00eat, il devra le signifier au tribunal international et se retirer.<\/p>\n<p>Ces employ\u00e9s sont tenus d\u2019\u00eatre pr\u00e9sents \u00e0 toutes les audiences (dans les affaires pour lesquelles ils ont \u00e9t\u00e9 d\u00e9sign\u00e9s par le TPIR) et prendre des notes d\u00e9taill\u00e9es.<\/p>\n<p>Ils devront par ailleurs \u00e9plucher tous les documents du dossier y compris ceux qui sont confidentiels.<\/p>\n<p>Leur surveillance concernant les droits de la d\u00e9fense portera sur le moment de l\u2019arrestation, la phase pr\u00e9-judiciaire, le proc\u00e8s sur le fond et l\u2019appel. Ils ne pr\u00e9senteront leur rapport qu\u2019au pr\u00e9sident du TPIR, mais en \u00e9vitant, \u00e0 toute \u00e9tape, de se m\u00ealer de la proc\u00e9dure.<\/p>\n<p>Les neuf inculp\u00e9s concern\u00e9s sont encore en fuite \u00e0 l\u2019exception du pasteur pentec\u00f4tiste Jean Uwinkindi d\u00e9j\u00e0 entre les mains des autorit\u00e9s judiciaires rwandaises et de l\u2019ancien chef de milicien pr\u00e9sum\u00e9 Bernard Munyagishari d\u00e9tenu par le TPIR.<\/p>\n<p>Des pays tiers ont \u00e9galement commenc\u00e9 \u00e0 renvoyer vers leur pays d\u2019origine des Rwandais accus\u00e9s de participation au g\u00e9nocide des Tutsis de 1994.<\/p>\n<p>ER\/GF<\/p>\n","protected":false},"excerpt":{"rendered":"<p>Arusha, 03\u00a0 juillet 2012 (FH) \u2013 Le pr\u00e9sident du Tribunal p\u00e9nal international pour le Rwanda (TPIR) a rendu public un vade mecum qui devra guider ses employ\u00e9s d\u00e9sign\u00e9s pour faire la surveillance des affaires renvoy\u00e9es devant les tribunaux rwandais.<\/p>\n","protected":false},"author":64,"featured_media":0,"comment_status":"open","ping_status":"closed","sticky":false,"template":"","format":"standard","meta":{"_acf_changed":false,"footnotes":""},"categories":[554],"tags":[],"ji_location":[],"class_list":["post-14409","post","type-post","status-publish","format-standard","hentry","category-hirondellenews"],"acf":[],"yoast_head":"<!-- This site is optimized with the Yoast SEO Premium plugin v25.3.1 (Yoast SEO v25.3.1) - https:\/\/yoast.com\/wordpress\/plugins\/seo\/ -->\n<title>03.07.12 - TPIR\/RWANDA - VADE-MECUM DU TPIR POUR LA SURVEILLANCE DES AFFAIRES RENVOYEES AU RWANDA - JusticeInfo.net<\/title>\n<meta name=\"robots\" content=\"index, follow, max-snippet:-1, max-image-preview:large, max-video-preview:-1\" \/>\n<link rel=\"canonical\" href=\"https:\/\/www.justiceinfo.net\/fr\/14409-030712-tpirrwanda-vade-mecum-du-tpir-pour-la-surveillance-des-affaires-renvoyees-au-rwanda.html\" \/>\n<meta property=\"og:locale\" content=\"fr_FR\" \/>\n<meta property=\"og:type\" content=\"article\" \/>\n<meta property=\"og:title\" content=\"03.07.12 - TPIR\/RWANDA - VADE-MECUM DU TPIR POUR LA SURVEILLANCE DES AFFAIRES RENVOYEES AU RWANDA\" \/>\n<meta property=\"og:description\" content=\"Arusha, 03\u00a0 juillet 2012 (FH) \u2013 Le pr\u00e9sident du Tribunal p\u00e9nal international pour le Rwanda (TPIR) a rendu public un vade mecum qui devra guider ses employ\u00e9s d\u00e9sign\u00e9s pour faire la surveillance des affaires renvoy\u00e9es devant les tribunaux rwandais.\" \/>\n<meta property=\"og:url\" content=\"https:\/\/www.justiceinfo.net\/fr\/14409-030712-tpirrwanda-vade-mecum-du-tpir-pour-la-surveillance-des-affaires-renvoyees-au-rwanda.html\" \/>\n<meta property=\"og:site_name\" content=\"JusticeInfo.net\" \/>\n<meta property=\"article:publisher\" content=\"https:\/\/www.facebook.com\/JusticeInfo\/\" \/>\n<meta property=\"article:published_time\" content=\"2012-07-03T12:11:38+00:00\" \/>\n<meta property=\"og:image\" content=\"https:\/\/www.justiceinfo.net\/wp-content\/uploads\/JusticeInfoNet_logo_1200x630px.jpg\" \/>\n\t<meta property=\"og:image:width\" content=\"1200\" \/>\n\t<meta property=\"og:image:height\" content=\"630\" \/>\n\t<meta property=\"og:image:type\" content=\"image\/jpeg\" \/>\n<meta name=\"author\" content=\"solivri\" \/>\n<meta name=\"twitter:card\" content=\"summary_large_image\" \/>\n<meta name=\"twitter:creator\" content=\"@justiceinfonet\" \/>\n<meta name=\"twitter:site\" content=\"@justiceinfonet\" \/>\n<meta name=\"twitter:label1\" content=\"\u00c9crit par\" \/>\n\t<meta name=\"twitter:data1\" content=\"solivri\" \/>\n\t<meta name=\"twitter:label2\" content=\"Dur\u00e9e de lecture estim\u00e9e\" \/>\n\t<meta name=\"twitter:data2\" content=\"2 minutes\" \/>\n<script type=\"application\/ld+json\" class=\"yoast-schema-graph\">{\"@context\":\"https:\/\/schema.org\",\"@graph\":[{\"@type\":\"NewsArticle\",\"@id\":\"https:\/\/www.justiceinfo.net\/fr\/14409-030712-tpirrwanda-vade-mecum-du-tpir-pour-la-surveillance-des-affaires-renvoyees-au-rwanda.html#article\",\"isPartOf\":{\"@id\":\"https:\/\/www.justiceinfo.net\/fr\/14409-030712-tpirrwanda-vade-mecum-du-tpir-pour-la-surveillance-des-affaires-renvoyees-au-rwanda.html\"},\"author\":{\"name\":\"solivri\",\"@id\":\"https:\/\/www.justiceinfo.net\/fr#\/schema\/person\/6e53cba1629e2e66f3fc1821d3091865\"},\"headline\":\"03.07.12 - TPIR\/RWANDA - VADE-MECUM DU TPIR POUR LA SURVEILLANCE DES AFFAIRES RENVOYEES AU RWANDA\",\"datePublished\":\"2012-07-03T12:11:38+00:00\",\"mainEntityOfPage\":{\"@id\":\"https:\/\/www.justiceinfo.net\/fr\/14409-030712-tpirrwanda-vade-mecum-du-tpir-pour-la-surveillance-des-affaires-renvoyees-au-rwanda.html\"},\"wordCount\":390,\"commentCount\":0,\"publisher\":{\"@id\":\"https:\/\/www.justiceinfo.net\/fr#organization\"},\"articleSection\":[\"Hirondelle News\"],\"inLanguage\":\"fr-FR\",\"potentialAction\":[{\"@type\":\"CommentAction\",\"name\":\"Comment\",\"target\":[\"https:\/\/www.justiceinfo.net\/fr\/14409-030712-tpirrwanda-vade-mecum-du-tpir-pour-la-surveillance-des-affaires-renvoyees-au-rwanda.html#respond\"]}]},{\"@type\":\"WebPage\",\"@id\":\"https:\/\/www.justiceinfo.net\/fr\/14409-030712-tpirrwanda-vade-mecum-du-tpir-pour-la-surveillance-des-affaires-renvoyees-au-rwanda.html\",\"url\":\"https:\/\/www.justiceinfo.net\/fr\/14409-030712-tpirrwanda-vade-mecum-du-tpir-pour-la-surveillance-des-affaires-renvoyees-au-rwanda.html\",\"name\":\"03.07.12 - TPIR\/RWANDA - VADE-MECUM DU TPIR POUR LA SURVEILLANCE DES AFFAIRES RENVOYEES AU RWANDA - JusticeInfo.net\",\"isPartOf\":{\"@id\":\"https:\/\/www.justiceinfo.net\/fr#website\"},\"datePublished\":\"2012-07-03T12:11:38+00:00\",\"breadcrumb\":{\"@id\":\"https:\/\/www.justiceinfo.net\/fr\/14409-030712-tpirrwanda-vade-mecum-du-tpir-pour-la-surveillance-des-affaires-renvoyees-au-rwanda.html#breadcrumb\"},\"inLanguage\":\"fr-FR\",\"potentialAction\":[{\"@type\":\"ReadAction\",\"target\":[\"https:\/\/www.justiceinfo.net\/fr\/14409-030712-tpirrwanda-vade-mecum-du-tpir-pour-la-surveillance-des-affaires-renvoyees-au-rwanda.html\"]}]},{\"@type\":\"BreadcrumbList\",\"@id\":\"https:\/\/www.justiceinfo.net\/fr\/14409-030712-tpirrwanda-vade-mecum-du-tpir-pour-la-surveillance-des-affaires-renvoyees-au-rwanda.html#breadcrumb\",\"itemListElement\":[{\"@type\":\"ListItem\",\"position\":1,\"name\":\"Home\",\"item\":\"https:\/\/www.justiceinfo.net\/fr\"},{\"@type\":\"ListItem\",\"position\":2,\"name\":\"03.07.12 - TPIR\/RWANDA - VADE-MECUM DU TPIR POUR LA SURVEILLANCE DES AFFAIRES RENVOYEES AU RWANDA\"}]},{\"@type\":\"WebSite\",\"@id\":\"https:\/\/www.justiceinfo.net\/fr#website\",\"url\":\"https:\/\/www.justiceinfo.net\/fr\",\"name\":\"JusticeInfo.net\",\"description\":\"La justice doit \u00eatre vue pour \u00eatre rendue\",\"publisher\":{\"@id\":\"https:\/\/www.justiceinfo.net\/fr#organization\"},\"potentialAction\":[{\"@type\":\"SearchAction\",\"target\":{\"@type\":\"EntryPoint\",\"urlTemplate\":\"https:\/\/www.justiceinfo.net\/fr?s={search_term_string}\"},\"query-input\":{\"@type\":\"PropertyValueSpecification\",\"valueRequired\":true,\"valueName\":\"search_term_string\"}}],\"inLanguage\":\"fr-FR\"},{\"@type\":\"Organization\",\"@id\":\"https:\/\/www.justiceinfo.net\/fr#organization\",\"name\":\"Justice Info\",\"url\":\"https:\/\/www.justiceinfo.net\/fr\",\"logo\":{\"@type\":\"ImageObject\",\"inLanguage\":\"fr-FR\",\"@id\":\"https:\/\/www.justiceinfo.net\/fr#\/schema\/logo\/image\/\",\"url\":\"https:\/\/www.justiceinfo.net\/wp-content\/uploads\/justiceinfo_logo-trans_1200x1200px.png\",\"contentUrl\":\"https:\/\/www.justiceinfo.net\/wp-content\/uploads\/justiceinfo_logo-trans_1200x1200px.png\",\"width\":1199,\"height\":1200,\"caption\":\"Justice Info\"},\"image\":{\"@id\":\"https:\/\/www.justiceinfo.net\/fr#\/schema\/logo\/image\/\"},\"sameAs\":[\"https:\/\/www.facebook.com\/JusticeInfo\/\",\"https:\/\/x.com\/justiceinfonet\",\"https:\/\/www.linkedin.com\/company\/justice-info\",\"https:\/\/www.youtube.com\/channel\/UCyCEsARodyuWtkWyhn-e7pA\"]},{\"@type\":\"Person\",\"name\":\"solivri\",\"url\":\"\/fr\/?s=solivri\"}]}<\/script>\n<!-- \/ Yoast SEO Premium plugin. -->","yoast_head_json":{"title":"03.07.12 - TPIR\/RWANDA - VADE-MECUM DU TPIR POUR LA SURVEILLANCE DES AFFAIRES RENVOYEES AU RWANDA - JusticeInfo.net","robots":{"index":"index","follow":"follow","max-snippet":"max-snippet:-1","max-image-preview":"max-image-preview:large","max-video-preview":"max-video-preview:-1"},"canonical":"https:\/\/www.justiceinfo.net\/fr\/14409-030712-tpirrwanda-vade-mecum-du-tpir-pour-la-surveillance-des-affaires-renvoyees-au-rwanda.html","og_locale":"fr_FR","og_type":"article","og_title":"03.07.12 - TPIR\/RWANDA - VADE-MECUM DU TPIR POUR LA SURVEILLANCE DES AFFAIRES RENVOYEES AU RWANDA","og_description":"Arusha, 03\u00a0 juillet 2012 (FH) \u2013 Le pr\u00e9sident du Tribunal p\u00e9nal international pour le Rwanda (TPIR) a rendu public un vade mecum qui devra guider ses employ\u00e9s d\u00e9sign\u00e9s pour faire la surveillance des affaires renvoy\u00e9es devant les tribunaux rwandais.","og_url":"https:\/\/www.justiceinfo.net\/fr\/14409-030712-tpirrwanda-vade-mecum-du-tpir-pour-la-surveillance-des-affaires-renvoyees-au-rwanda.html","og_site_name":"JusticeInfo.net","article_publisher":"https:\/\/www.facebook.com\/JusticeInfo\/","article_published_time":"2012-07-03T12:11:38+00:00","og_image":[{"width":1200,"height":630,"url":"https:\/\/www.justiceinfo.net\/wp-content\/uploads\/JusticeInfoNet_logo_1200x630px.jpg","type":"image\/jpeg"}],"author":"solivri","twitter_card":"summary_large_image","twitter_creator":"@justiceinfonet","twitter_site":"@justiceinfonet","twitter_misc":{"\u00c9crit par":"solivri","Dur\u00e9e de lecture estim\u00e9e":"2 minutes"},"schema":{"@context":"https:\/\/schema.org","@graph":[{"@type":"NewsArticle","@id":"https:\/\/www.justiceinfo.net\/fr\/14409-030712-tpirrwanda-vade-mecum-du-tpir-pour-la-surveillance-des-affaires-renvoyees-au-rwanda.html#article","isPartOf":{"@id":"https:\/\/www.justiceinfo.net\/fr\/14409-030712-tpirrwanda-vade-mecum-du-tpir-pour-la-surveillance-des-affaires-renvoyees-au-rwanda.html"},"author":{"name":"solivri","@id":"https:\/\/www.justiceinfo.net\/fr#\/schema\/person\/6e53cba1629e2e66f3fc1821d3091865"},"headline":"03.07.12 - TPIR\/RWANDA - VADE-MECUM DU TPIR POUR LA SURVEILLANCE DES AFFAIRES RENVOYEES AU RWANDA","datePublished":"2012-07-03T12:11:38+00:00","mainEntityOfPage":{"@id":"https:\/\/www.justiceinfo.net\/fr\/14409-030712-tpirrwanda-vade-mecum-du-tpir-pour-la-surveillance-des-affaires-renvoyees-au-rwanda.html"},"wordCount":390,"commentCount":0,"publisher":{"@id":"https:\/\/www.justiceinfo.net\/fr#organization"},"articleSection":["Hirondelle News"],"inLanguage":"fr-FR","potentialAction":[{"@type":"CommentAction","name":"Comment","target":["https:\/\/www.justiceinfo.net\/fr\/14409-030712-tpirrwanda-vade-mecum-du-tpir-pour-la-surveillance-des-affaires-renvoyees-au-rwanda.html#respond"]}]},{"@type":"WebPage","@id":"https:\/\/www.justiceinfo.net\/fr\/14409-030712-tpirrwanda-vade-mecum-du-tpir-pour-la-surveillance-des-affaires-renvoyees-au-rwanda.html","url":"https:\/\/www.justiceinfo.net\/fr\/14409-030712-tpirrwanda-vade-mecum-du-tpir-pour-la-surveillance-des-affaires-renvoyees-au-rwanda.html","name":"03.07.12 - TPIR\/RWANDA - VADE-MECUM DU TPIR POUR LA SURVEILLANCE DES AFFAIRES RENVOYEES AU RWANDA - JusticeInfo.net","isPartOf":{"@id":"https:\/\/www.justiceinfo.net\/fr#website"},"datePublished":"2012-07-03T12:11:38+00:00","breadcrumb":{"@id":"https:\/\/www.justiceinfo.net\/fr\/14409-030712-tpirrwanda-vade-mecum-du-tpir-pour-la-surveillance-des-affaires-renvoyees-au-rwanda.html#breadcrumb"},"inLanguage":"fr-FR","potentialAction":[{"@type":"ReadAction","target":["https:\/\/www.justiceinfo.net\/fr\/14409-030712-tpirrwanda-vade-mecum-du-tpir-pour-la-surveillance-des-affaires-renvoyees-au-rwanda.html"]}]},{"@type":"BreadcrumbList","@id":"https:\/\/www.justiceinfo.net\/fr\/14409-030712-tpirrwanda-vade-mecum-du-tpir-pour-la-surveillance-des-affaires-renvoyees-au-rwanda.html#breadcrumb","itemListElement":[{"@type":"ListItem","position":1,"name":"Home","item":"https:\/\/www.justiceinfo.net\/fr"},{"@type":"ListItem","position":2,"name":"03.07.12 - TPIR\/RWANDA - VADE-MECUM DU TPIR POUR LA SURVEILLANCE DES AFFAIRES RENVOYEES AU RWANDA"}]},{"@type":"WebSite","@id":"https:\/\/www.justiceinfo.net\/fr#website","url":"https:\/\/www.justiceinfo.net\/fr","name":"JusticeInfo.net","description":"La justice doit \u00eatre vue pour \u00eatre rendue","publisher":{"@id":"https:\/\/www.justiceinfo.net\/fr#organization"},"potentialAction":[{"@type":"SearchAction","target":{"@type":"EntryPoint","urlTemplate":"https:\/\/www.justiceinfo.net\/fr?s={search_term_string}"},"query-input":{"@type":"PropertyValueSpecification","valueRequired":true,"valueName":"search_term_string"}}],"inLanguage":"fr-FR"},{"@type":"Organization","@id":"https:\/\/www.justiceinfo.net\/fr#organization","name":"Justice Info","url":"https:\/\/www.justiceinfo.net\/fr","logo":{"@type":"ImageObject","inLanguage":"fr-FR","@id":"https:\/\/www.justiceinfo.net\/fr#\/schema\/logo\/image\/","url":"https:\/\/www.justiceinfo.net\/wp-content\/uploads\/justiceinfo_logo-trans_1200x1200px.png","contentUrl":"https:\/\/www.justiceinfo.net\/wp-content\/uploads\/justiceinfo_logo-trans_1200x1200px.png","width":1199,"height":1200,"caption":"Justice Info"},"image":{"@id":"https:\/\/www.justiceinfo.net\/fr#\/schema\/logo\/image\/"},"sameAs":["https:\/\/www.facebook.com\/JusticeInfo\/","https:\/\/x.com\/justiceinfonet","https:\/\/www.linkedin.com\/company\/justice-info","https:\/\/www.youtube.com\/channel\/UCyCEsARodyuWtkWyhn-e7pA"]},{"@type":"Person","name":"solivri","url":"\/fr\/?s=solivri"}]}},"_links":{"self":[{"href":"https:\/\/www.justiceinfo.net\/fr\/wp-json\/wp\/v2\/posts\/14409","targetHints":{"allow":["GET"]}}],"collection":[{"href":"https:\/\/www.justiceinfo.net\/fr\/wp-json\/wp\/v2\/posts"}],"about":[{"href":"https:\/\/www.justiceinfo.net\/fr\/wp-json\/wp\/v2\/types\/post"}],"author":[{"embeddable":true,"href":"https:\/\/www.justiceinfo.net\/fr\/wp-json\/wp\/v2\/users\/64"}],"replies":[{"embeddable":true,"href":"https:\/\/www.justiceinfo.net\/fr\/wp-json\/wp\/v2\/comments?post=14409"}],"version-history":[{"count":0,"href":"https:\/\/www.justiceinfo.net\/fr\/wp-json\/wp\/v2\/posts\/14409\/revisions"}],"wp:attachment":[{"href":"https:\/\/www.justiceinfo.net\/fr\/wp-json\/wp\/v2\/media?parent=14409"}],"wp:term":[{"taxonomy":"category","embeddable":true,"href":"https:\/\/www.justiceinfo.net\/fr\/wp-json\/wp\/v2\/categories?post=14409"},{"taxonomy":"post_tag","embeddable":true,"href":"https:\/\/www.justiceinfo.net\/fr\/wp-json\/wp\/v2\/tags?post=14409"},{"taxonomy":"ji_location","embeddable":true,"href":"https:\/\/www.justiceinfo.net\/fr\/wp-json\/wp\/v2\/ji_location?post=14409"}],"curies":[{"name":"wp","href":"https:\/\/api.w.org\/{rel}","templated":true}]}}