{"id":144230,"date":"2025-04-14T10:31:04","date_gmt":"2025-04-14T08:31:04","guid":{"rendered":"https:\/\/www.justiceinfo.net\/?p=144230"},"modified":"2025-04-14T10:35:03","modified_gmt":"2025-04-14T08:35:03","slug":"il-ne-faut-pas-purger-de-toute-sa-seve-un-proces-historique","status":"publish","type":"post","link":"https:\/\/www.justiceinfo.net\/fr\/144230-il-ne-faut-pas-purger-de-toute-sa-seve-un-proces-historique.html","title":{"rendered":"\u00ab\u00a0Il ne faut pas purger de toute sa s\u00e8ve un proc\u00e8s historique\u00a0\u00bb"},"content":{"rendered":"\n<p>Fin mars, le gouvernement de Mamadi Doumbouya a annonc\u00e9 \u00e0 la fois la prise en charge de l'indemnisation des victimes du massacre du 28 septembre 2009, et la gr\u00e2ce de Moussa Dadis Camara, l\u2019ancien chef de l\u2019Etat guin\u00e9en condamn\u00e9 l'an dernier \u00e0 vingt ans de prison pour ce crime contre l'humanit\u00e9. Pour le politologue Kabinet Fofana, cette d\u00e9cision est li\u00e9e au poids politique et \u00e0 la popularit\u00e9 dont jouit Camara.<\/p>\n\n\n\n<!--more-->\n\n\n\n<h2 class=\"wp-block-heading content-question-itw\" id=\"h-justice-info-nbsp-quels-facteurs-politiques-expliquent-la-concordance-de-ces-deux-annonces-la-prise-en-charge-par-l-etat-de-l-indemnisation-des-victimes-du-massacre-au-stade-de-conakry-en-2009-et-la-grace-du-capitaine-moussa-dadis-camara\"><strong>JUSTICE INFO&nbsp;: <\/strong>Quels facteurs politiques expliquent la concordance de ces deux annonces, la prise en charge par l\u2019\u00c9tat de l'indemnisation des victimes du massacre au stade de Conakry en 2009, et la gr\u00e2ce du capitaine Moussa Dadis Camara ?<\/h2>\n\n\n\n<p>KABINET FOFANA&nbsp;: Effectivement, la gr\u00e2ce est intervenue dans la foul\u00e9e de l'annonce de la mise en place d'un processus d'indemnisation des victimes du 28-Septembre, qui \u00e9tait l'une des recommandations du jugement qui a \u00e9t\u00e9 rendu. Je pense qu\u2019il y a d'abord eu la volont\u00e9 de mat\u00e9rialiser une demande forte, formul\u00e9e par la partie civile, mais aussi rendue par les juges. Je pense que le pr\u00e9sident de la transition [le g\u00e9n\u00e9ral Mamadi Doumbouya, au pouvoir en Guin\u00e9e depuis un coup d\u2019Etat en 2021]a voulu faire d'une pierre deux coups, m\u00eame si cela a naturellement soulev\u00e9 des questionnements sur la validit\u00e9 de la gr\u00e2ce, puisque, pour les avocats et d'autres organisations des droits humains, un appel est en cours du <a href=\"https:\/\/www.justiceinfo.net\/fr\/134887-guinee-dadis-camara-condamne-proces-referme-avec-questions.html\">jugement rendu<\/a> en premi\u00e8re instance.<\/p>\n\n\n\n<p>Y a-t-il des relents politiques derri\u00e8re ? Oui, naturellement. Les victimes tout comme ceux qui soutiennent le capitaine Dadis constituent des opinions publiques importantes. Le capitaine Dadis reste, quoi qu'on dise, la personnalit\u00e9 politique importante de la Guin\u00e9e foresti\u00e8re [r\u00e9gion du sud-est de la Guin\u00e9e]. Il est donc bien possible que des relents \u00e9lectoralistes, m\u00eame politiques, puissent expliquer ces deux prises de d\u00e9cision, notamment celle graciant le capitaine Moussa Dadis Camara.<\/p>\n\n\n\n<h2 class=\"wp-block-heading content-question-itw\" id=\"h-quelles-sont-les-echeances-electorales-qui-attendent-mamadi-doumbouya-et-quelle-alliance-essaie-t-il-de-constituer-pour-soutenir-sa-candidature-attendue-que-represente-la-carte-dadis-camara-dans-le-contexte-actuel-et-qui-justifierait-sa-grace-et-sa-remise-en-liberte-nbsp\">Quelles sont les \u00e9ch\u00e9ances \u00e9lectorales qui attendent Mamadi Doumbouya et quelle alliance essaie-t-il de constituer pour soutenir sa candidature attendue ? Que repr\u00e9sente la carte Dadis Camara dans le contexte actuel et qui justifierait sa gr\u00e2ce et sa remise en libert\u00e9&nbsp;?<\/h2>\n\n\n\n<p>Aujourd'hui, il est de plus en plus clair que le g\u00e9n\u00e9ral Mamadi Doumbouya se pr\u00e9sentera [\u00e0 l\u2019\u00e9lection pr\u00e9sidentielle promise en 2025]. Une grosse coalition de partis politiques s\u2019est constitu\u00e9e et demande \u00e0 ce qu'il se pr\u00e9sente. Le capitaine Dadis est une personnalit\u00e9 extr\u00eamement importante. C'est \u00e0 v\u00e9rifier mais sa gr\u00e2ce constituerait une motivation de vote au sein de l'\u00e9lectorat forestier ou parmi ceux qui lui vouent une sympathie. Il faut pr\u00e9ciser que la Guin\u00e9e foresti\u00e8re n'est pas un \u00e9lectorat fixe, mais un \u00e9lectorat tr\u00e8s parcellaire, en raison de consid\u00e9rations parfois tr\u00e8s ethniques, puisque cette partie de la Guin\u00e9e est constitu\u00e9e de beaucoup d'ethnies. Or on sait que les leaders se constituent souvent en fonction de cette consid\u00e9ration-l\u00e0. On verra donc si la gr\u00e2ce du capitaine Dadis va cristalliser l'\u00e9lectorat, si toutefois le pr\u00e9sident Mamady Doumbouya se pr\u00e9sente.<\/p>\n\n\n\n<h2 class=\"wp-block-heading content-question-itw\" id=\"h-vous-parlez-d-ethnies-quel-est-justement-le-poids-des-forestiers-dans-l-armee-et-dans-l-echiquier-politique-actuel\">Vous parlez d'ethnies. Quel est justement le poids des forestiers dans l'arm\u00e9e et dans l'\u00e9chiquier politique actuel ?<\/h2>\n\n\n\n<p>Sur l'\u00e9chiquier politique, la Guin\u00e9e foresti\u00e8re est un \u00e9lectorat tr\u00e8s important. En fait, c'est l'\u00e9lectorat qui, en plus de la Guin\u00e9e maritime, constitue ces derni\u00e8res ann\u00e9es une sorte de faiseur de rois. C'est une esp\u00e8ce de \u00ab\u00a0swing state\u00a0\u00bb, comme on dirait aux \u00c9tats-Unis. Du point de vue de l'arm\u00e9e, les forestiers constituent une partie importante de la \u2018Grande Muette\u2019 et la part de jeunes de cette r\u00e9gion-l\u00e0 \u00e0 l'int\u00e9rieur de l'arm\u00e9e s'est accrue \u00e0 l'av\u00e8nement du capitaine Dadis au pouvoir, en 2008.<\/p>\n\n\n\t<div class=\"ArticleNewsletterCTA\">\r\n\t\t<div class=\"ArticleNewsletterCTATitle\">Vous trouvez cet article int\u00e9ressant ?<\/div>\r\n\t\t<div class=\"ArticleNewsletterCTAText\">\r\n\t\t\t<a href=\"\/fr\/newsletter\">Inscrivez-vous maintenant \u00e0 notre newsletter<\/a> (gratuite) pour \u00eatre certain de ne pas passer \u00e0 c\u00f4t\u00e9 d'autres publications de ce type.\t\t<\/div>\r\n\t<\/div>\r\n\t\n\n\n<h2 class=\"wp-block-heading content-question-itw\" id=\"h-peut-on-imaginer-que-les-sept-autres-condamnes-dans-le-proces-du-28-septembre-moussa-tiegboro-camara-aboubacar-diakite-dit-toumba-marcel-guilavogui-claude-pivi-blaise-goumou-mamadou-aliou-keita-paul-mansa-guilavogui-beneficient-a-leur-tour-d-une-grace-presidentielle\">Peut-on imaginer que les sept autres condamn\u00e9s dans le proc\u00e8s du 28-Septembre [Moussa Tiegboro Camara, Aboubacar Diakit\u00e9 dit Toumba, Marcel Guilavogui, Claude Pivi, Blaise Goumou, Mamadou Aliou Ke\u00efta, Paul Mansa Guilavogui] b\u00e9n\u00e9ficient \u00e0 leur tour d\u2019une gr\u00e2ce pr\u00e9sidentielle ?<\/h2>\n\n\n\n<p>Oui et non. Dans l'opinion, on dit qu'il y a eu un traitement de faveur. Je pense donc qu'il y a une forte possibilit\u00e9 que <a href=\"https:\/\/www.justiceinfo.net\/fr\/108275-proces-massacre-conakry-toumba-dit-part-verite.html\">Toumba<\/a> [Aboubacar Diakit\u00e9, ex-aide de camp de Dadis Camara et chef de la garde pr\u00e9sidentielle au moment du massacre] et d'autres soient graci\u00e9s. Mais est-ce que cela va se faire automatiquement, dans la foul\u00e9e&nbsp;? Il faut quand m\u00eame \u00e9viter, en les lib\u00e9rant tous aujourd'hui, de fouler au pied tout l'int\u00e9r\u00eat qu'il y a eu \u00e0 juger ces massacres-l\u00e0.<\/p>\n\n\n\n<p>Il ne faut pas oublier que l'objectif premier, c'est de juger un \u00e9v\u00e9nement qualifi\u00e9 de crime contre l'humanit\u00e9 et qui a suscit\u00e9 beaucoup d'int\u00e9r\u00eat. Pour la premi\u00e8re fois, un tribunal national a pu juger un dossier d'une telle envergure. Je pense qu'il faut faire attention \u00e0 \u00e9viter de banaliser ces massacres-l\u00e0, parce qu'ils constituent un pan noir dans l'histoire de notre pays.<\/p>\n\n\n\n<h2 class=\"wp-block-heading content-question-itw\" id=\"h-qu-en-est-il-du-cas-de-claude-pivi-dont-l-evasion-en-novembre-2023-avait-mis-en-lumiere-les-contacts-influents-qu-il-conservait-au-sein-de-l-armee-avant-qu-il-ne-soit-arrete-puis-extrade-du-liberia-en-septembre-dernier-nbsp\">Qu\u2019en est-il du cas de Claude Pivi, dont l'\u00e9vasion, en novembre 2023, avait mis en lumi\u00e8re les contacts influents qu'il conservait au sein de l'arm\u00e9e, avant qu\u2019il ne soit arr\u00eat\u00e9 puis extrad\u00e9 du Liberia, en septembre dernier&nbsp;?<\/h2>\n\n\n\n<p>Le cas du colonel Pivi [ancien ministre de la s\u00e9curit\u00e9 pr\u00e9sidentielle au moment du massacre] est un cas tr\u00e8s sp\u00e9cifique. En termes d\u2019importance, c\u2019est le capitaine [Dadis Camara] qui a plus de poids. C'est pourquoi je ne suis pas tr\u00e8s s\u00fbr que des gr\u00e2ces vont intervenir \u00e0 tout bout de champ comme \u00e7a. Je pense que c'est un risque que les autorit\u00e9s, ou plut\u00f4t le pr\u00e9sident de la transition qui est celui qui gracie, ne prendraient pas.<\/p>\n\n\n\n<h2 class=\"wp-block-heading content-question-itw\" id=\"h-l-organisation-guineenne-de-defense-des-droits-de-l-homme-et-du-citoyen-ogdh-s-est-declaree-indignee-par-cette-grace-d-autant-plus-que-le-proces-n-a-meme-pas-purge-la-procedure-d-appel-c-est-nbsp-une-atteinte-a-l-honneur-et-a-la-dignite-des-victimes-nbsp-a-t-elle-declare-en-plus-d-etre-une-nbsp-violation-des-principes-les-plus-basiques-d-une-bonne-administration-de-la-justice-nbsp-comment-le-president-doumbouya-peut-gerer-la-contradiction-entre-l-appui-et-le-financement-d-un-proces-historique-et-ce-que-l-opposition-du-front-national-de-defense-de-la-constitution-a-qualifie-de-nbsp-manipulation-politicienne-cynique-nbsp\">L'Organisation guin\u00e9enne de d\u00e9fense des droits de l'homme et du citoyen (OGDH) s'est d\u00e9clar\u00e9e indign\u00e9e par cette gr\u00e2ce, d'autant plus que le proc\u00e8s n'a m\u00eame pas purg\u00e9 la proc\u00e9dure d'appel. C'est \u00ab&nbsp;une atteinte \u00e0 l'honneur et \u00e0 la dignit\u00e9 des victimes&nbsp;\u00bb, a-t-elle d\u00e9clar\u00e9, en plus d'\u00eatre une \u00ab&nbsp;violation des principes les plus basiques d'une bonne administration de la justice&nbsp;\u00bb. Comment le pr\u00e9sident Doumbouya peut g\u00e9rer la contradiction entre l'appui et le financement d'un proc\u00e8s historique et ce que l'opposition du Front national de d\u00e9fense de la Constitution a qualifi\u00e9 de \u00ab&nbsp;manipulation politicienne cynique&nbsp;\u00bb ?<\/h2>\n\n\n\n<p>Il y a une lev\u00e9e de boucliers qui vient mettre en perspective la difficult\u00e9 de la compr\u00e9hension de la gr\u00e2ce du pr\u00e9sident accord\u00e9e au capitaine Dadis&nbsp;: tout comme le OGDH, vous avez les Nations unies, la F\u00e9d\u00e9ration internationale des droits de l'homme (FIDH), etc.&nbsp;; toutes ces organisations-l\u00e0 restent aujourd'hui indign\u00e9es. Pour elles, c'est une forme de go\u00fbt amer que cette gr\u00e2ce-l\u00e0 vient coller \u00e0 un proc\u00e8s historique, salu\u00e9 par l'opinion publique internationale.<\/p>\n\n\n\n<p>C'est l\u00e0 o\u00f9 il y a quand m\u00eame pas mal \u00e0 faire en termes de p\u00e9dagogie. C'est pourquoi je pense plut\u00f4t que d'autres gr\u00e2ces ne sauraient intervenir dans la foul\u00e9e parce que cela va accentuer ces lev\u00e9es de boucliers-l\u00e0. On ne prendrait pas le risque d'envenimer davantage ces revendications-l\u00e0, quand on sait que le jugement du proc\u00e8s des massacres du 28-Septembre constitue un \u00e9l\u00e9ment positif et salu\u00e9 au plan international pour le r\u00e9gime de Conakry. Je pense qu'il y a une p\u00e9dagogie \u00e0 faire justement pour que l'on ne vienne pas encore une fois purger de toute sa s\u00e8ve un proc\u00e8s historique qui a \u00e9t\u00e9 salu\u00e9 par toute la communaut\u00e9 internationale.<\/p>\n\n\n\n<h2 class=\"wp-block-heading content-question-itw\" id=\"h-est-ce-que-cette-grace-est-la-fin-programmee-du-processus-de-justice-penale-au-profit-d-une-reconciliation-nationale-et-d-un-paiement-aux-victimes\">Est-ce que cette gr\u00e2ce est la fin programm\u00e9e du processus de justice p\u00e9nale au profit d'une r\u00e9conciliation nationale et d'un paiement aux victimes ?<\/h2>\n\n\n\n<p>Nous sommes aujourd'hui devant une situation o\u00f9 on s'est dit \u00ab&nbsp;voil\u00e0, on a jug\u00e9 le proc\u00e8s&nbsp;\u00bb, et o\u00f9 une gr\u00e2ce est intervenue entre-temps et qui vient, disons, gripper un peu la machine judiciaire. Est-ce que pour autant cela va s'arr\u00eater l\u00e0 ? Est-ce qu\u2019on va vers une forme de justice transitionnelle ou de r\u00e9conciliation nationale, apr\u00e8s avoir purg\u00e9, \u00e9puis\u00e9 plut\u00f4t, toutes les voies judiciaires indiqu\u00e9es en la mati\u00e8re ? C'est quelque chose qu'il va falloir constater, qu'il va falloir suivre, pour voir un peu quel tournant conna\u00eetra ce dossier extr\u00eamement important pour la Guin\u00e9e.<\/p>\n\n\n<div class=\"articleLink articleLink--editorRecommanded articleLink--textInImage articleLink--textTop\" style=\"\">\r\n\t\t\t\t\t\r\n\t\t\t<div class=\"articleLinkSurTitle\">Recommand\u00e9 par la r\u00e9daction<\/div>\r\n\t\t\t<a class=\"articleLinkImageLink\" href=\"https:\/\/www.justiceinfo.net\/fr\/143444-guinee-etat-sengage-reparer-victimes.html\"><div class=\"articleLinkImageContainer \"><img loading=\"lazy\" decoding=\"async\" width=\"540\" height=\"360\" src=\"https:\/\/www.justiceinfo.net\/wp-content\/uploads\/Guinee_inauguration-tribunal-Conakry_@Cellou-Binani-AFP-540x360.jpg\" class=\"articleLinkImage backgroundImageTag w-100 wp-post-image\" alt=\"Proc\u00e8s du 28 septembre en Guin\u00e9e : suite \u00e0 l&#039;annonce du gouvernement, les victimes dans l&#039;attente effective des &quot;r\u00e9parations&quot; (compensations financi\u00e8res). Photo : vue de l&#039;ext\u00e9rieur du nouveau palais de justice de Conakry lors de son inauguration le 28 septembre 2022.\" srcset=\"https:\/\/www.justiceinfo.net\/wp-content\/uploads\/Guinee_inauguration-tribunal-Conakry_@Cellou-Binani-AFP-540x360.jpg 540w, https:\/\/www.justiceinfo.net\/wp-content\/uploads\/Guinee_inauguration-tribunal-Conakry_@Cellou-Binani-AFP-1000x667.jpg 1000w, https:\/\/www.justiceinfo.net\/wp-content\/uploads\/Guinee_inauguration-tribunal-Conakry_@Cellou-Binani-AFP-1110x740.jpg 1110w, https:\/\/www.justiceinfo.net\/wp-content\/uploads\/Guinee_inauguration-tribunal-Conakry_@Cellou-Binani-AFP.jpg 1200w\" sizes=\"auto, (max-width: 540px) 100vw, 540px\" \/><\/div><\/a>\r\n\t\t\t<a href=\"https:\/\/www.justiceinfo.net\/fr\/143444-guinee-etat-sengage-reparer-victimes.html\" class=\"articleLinkTitle articleLinkTitle--default\">\r\n\t\t\tGuin\u00e9e\u00a0: l\u2019\u00c9tat s\u2019engage \u00e0 r\u00e9parer les victimes\r\n\t\t<\/a>\r\n\t\t\r\n\t\t\t\t<\/div>\n\n<div class=\"content-encadre\">\r\n\t<p><strong><img loading=\"lazy\" decoding=\"async\" class=\"alignleft wp-image-144232\" src=\"https:\/\/www.justiceinfo.net\/wp-content\/uploads\/Kabinet-Fofana.jpg\" alt=\"Kabinet Fofana\" width=\"200\" height=\"200\" srcset=\"https:\/\/www.justiceinfo.net\/wp-content\/uploads\/Kabinet-Fofana.jpg 500w, https:\/\/www.justiceinfo.net\/wp-content\/uploads\/Kabinet-Fofana-150x150.jpg 150w\" sizes=\"auto, (max-width: 200px) 100vw, 200px\" \/>KABINET FOFANA<\/strong><\/p>\n<p>Kabinet Fofana est politologue. Directeur de l'Association guin\u00e9enne de sciences politiques, un think tank de droit guin\u00e9en, il a dirig\u00e9 la r\u00e9alisation de nombreuses \u00e9tudes sur les perceptions et les opinions des Guin\u00e9ens concernant la vie politique et sociale et analyse r\u00e9guli\u00e8rement l\u2019actualit\u00e9 politique de la Guin\u00e9e dans les m\u00e9dias internationaux (France 24, Jeune Afrique, Africa 24, Radio France Internationale) ainsi que pour le Groupe Fr\u00e9quence M\u00e9dias. Il est co-auteur du chapitre \u00ab <a href=\"https:\/\/shs.cairn.info\/revue-politique-africaine-2023-1-page-33?tab=resume\">Loyaut\u00e9s et trahisons militaires. Une lecture spatialis\u00e9e des relations de pouvoir au sein de l\u2019arm\u00e9e guin\u00e9enne\u00a0<\/a>\u00bb, paru dans Politique africaine en 2023.<\/p>\n<\/div>","protected":false},"excerpt":{"rendered":"<p>Quels facteurs politiques expliquent la prise en charge par l'Etat guin\u00e9en de l'indemnisation des victimes du massacre au stade de Conakry en 2009 et la gr\u00e2ce du capitaine Moussa Dadis Camara ? L\u2019analyse du politologue Kabinet Fofana.<\/p>\n","protected":false},"author":160,"featured_media":144237,"comment_status":"open","ping_status":"closed","sticky":false,"template":"","format":"standard","meta":{"_acf_changed":false,"footnotes":""},"categories":[4068,574],"tags":[3702,2764,3808],"ji_location":[2256],"class_list":["post-144230","post","type-post","status-publish","format-standard","has-post-thumbnail","hentry","category-entretiens","category-tribunaux-nationaux","tag-moussa-dadis-camara","tag-politique","tag-proces-du-28-septembre","ji_location-guinee"],"acf":[],"yoast_head":"<!-- This site is optimized with the Yoast SEO Premium plugin v25.3.1 (Yoast SEO v25.3.1) - https:\/\/yoast.com\/wordpress\/plugins\/seo\/ -->\n<title>\u00ab\u00a0Il ne faut pas purger de toute sa s\u00e8ve un proc\u00e8s historique\u00a0\u00bb<\/title>\n<meta name=\"description\" content=\"Quels facteurs politiques expliquent la prise en charge par l\u2019\u00c9tat guin\u00e9en de l&#039;indemnisation des victimes du massacre au stade de Conakry en 2009 et la gr\u00e2ce du capitaine Moussa Dadis Camara ? L\u2019analyse du politologue Kabinet Fofana.\" \/>\n<meta name=\"robots\" content=\"index, follow, max-snippet:-1, max-image-preview:large, max-video-preview:-1\" \/>\n<link rel=\"canonical\" href=\"https:\/\/www.justiceinfo.net\/fr\/144230-il-ne-faut-pas-purger-de-toute-sa-seve-un-proces-historique.html\" \/>\n<meta property=\"og:locale\" content=\"fr_FR\" \/>\n<meta property=\"og:type\" content=\"article\" \/>\n<meta property=\"og:title\" content=\"\u00ab\u00a0Il ne faut pas purger de toute sa s\u00e8ve un proc\u00e8s historique\u00a0\u00bb\" \/>\n<meta property=\"og:description\" content=\"Quels facteurs politiques expliquent la prise en charge par l\u2019\u00c9tat guin\u00e9en de l&#039;indemnisation des victimes du massacre au stade de Conakry en 2009 et la gr\u00e2ce du capitaine Moussa Dadis Camara ? L\u2019analyse du politologue Kabinet Fofana.\" \/>\n<meta property=\"og:url\" content=\"https:\/\/www.justiceinfo.net\/fr\/144230-il-ne-faut-pas-purger-de-toute-sa-seve-un-proces-historique.html\" \/>\n<meta property=\"og:site_name\" content=\"JusticeInfo.net\" \/>\n<meta property=\"article:publisher\" content=\"https:\/\/www.facebook.com\/JusticeInfo\/\" \/>\n<meta property=\"article:published_time\" content=\"2025-04-14T08:31:04+00:00\" \/>\n<meta property=\"article:modified_time\" content=\"2025-04-14T08:35:03+00:00\" \/>\n<meta property=\"og:image\" content=\"https:\/\/www.justiceinfo.net\/wp-content\/uploads\/Guinee_Doumbouya-Camara.jpg\" \/>\n\t<meta property=\"og:image:width\" content=\"1200\" \/>\n\t<meta property=\"og:image:height\" content=\"800\" \/>\n\t<meta property=\"og:image:type\" content=\"image\/jpeg\" \/>\n<meta name=\"author\" content=\"Abdourahmane Bah\" \/>\n<meta name=\"twitter:card\" content=\"summary_large_image\" \/>\n<meta name=\"twitter:creator\" content=\"@justiceinfonet\" \/>\n<meta name=\"twitter:site\" content=\"@justiceinfonet\" \/>\n<meta name=\"twitter:label1\" content=\"\u00c9crit par\" \/>\n\t<meta name=\"twitter:data1\" content=\"Abdourahmane Bah\" \/>\n\t<meta name=\"twitter:label2\" content=\"Dur\u00e9e de lecture estim\u00e9e\" \/>\n\t<meta name=\"twitter:data2\" content=\"7 minutes\" \/>\n<script type=\"application\/ld+json\" class=\"yoast-schema-graph\">{\"@context\":\"https:\/\/schema.org\",\"@graph\":[{\"@type\":\"NewsArticle\",\"@id\":\"https:\/\/www.justiceinfo.net\/fr\/144230-il-ne-faut-pas-purger-de-toute-sa-seve-un-proces-historique.html#article\",\"isPartOf\":{\"@id\":\"https:\/\/www.justiceinfo.net\/fr\/144230-il-ne-faut-pas-purger-de-toute-sa-seve-un-proces-historique.html\"},\"author\":{\"name\":\"Abdourahmane Bah\",\"@id\":\"https:\/\/www.justiceinfo.net\/fr#\/schema\/person\/6151d8a786c75b6cf9706369dd872112\"},\"headline\":\"\u00ab\u00a0Il ne faut pas purger de toute sa s\u00e8ve un proc\u00e8s historique\u00a0\u00bb\",\"datePublished\":\"2025-04-14T08:31:04+00:00\",\"dateModified\":\"2025-04-14T08:35:03+00:00\",\"mainEntityOfPage\":{\"@id\":\"https:\/\/www.justiceinfo.net\/fr\/144230-il-ne-faut-pas-purger-de-toute-sa-seve-un-proces-historique.html\"},\"wordCount\":1509,\"commentCount\":0,\"publisher\":{\"@id\":\"https:\/\/www.justiceinfo.net\/fr#organization\"},\"image\":{\"@id\":\"https:\/\/www.justiceinfo.net\/fr\/144230-il-ne-faut-pas-purger-de-toute-sa-seve-un-proces-historique.html#primaryimage\"},\"thumbnailUrl\":\"https:\/\/www.justiceinfo.net\/wp-content\/uploads\/Guinee_Doumbouya-Camara.jpg\",\"keywords\":[\"Moussa Dadis Camara\",\"politique\",\"Proc\u00e8s du 28 septembre\"],\"articleSection\":[\"Entretiens\",\"Tribunaux nationaux\"],\"inLanguage\":\"fr-FR\",\"potentialAction\":[{\"@type\":\"CommentAction\",\"name\":\"Comment\",\"target\":[\"https:\/\/www.justiceinfo.net\/fr\/144230-il-ne-faut-pas-purger-de-toute-sa-seve-un-proces-historique.html#respond\"]}]},{\"@type\":\"WebPage\",\"@id\":\"https:\/\/www.justiceinfo.net\/fr\/144230-il-ne-faut-pas-purger-de-toute-sa-seve-un-proces-historique.html\",\"url\":\"https:\/\/www.justiceinfo.net\/fr\/144230-il-ne-faut-pas-purger-de-toute-sa-seve-un-proces-historique.html\",\"name\":\"\u00ab\u00a0Il ne faut pas purger de toute sa s\u00e8ve un proc\u00e8s historique\u00a0\u00bb\",\"isPartOf\":{\"@id\":\"https:\/\/www.justiceinfo.net\/fr#website\"},\"primaryImageOfPage\":{\"@id\":\"https:\/\/www.justiceinfo.net\/fr\/144230-il-ne-faut-pas-purger-de-toute-sa-seve-un-proces-historique.html#primaryimage\"},\"image\":{\"@id\":\"https:\/\/www.justiceinfo.net\/fr\/144230-il-ne-faut-pas-purger-de-toute-sa-seve-un-proces-historique.html#primaryimage\"},\"thumbnailUrl\":\"https:\/\/www.justiceinfo.net\/wp-content\/uploads\/Guinee_Doumbouya-Camara.jpg\",\"datePublished\":\"2025-04-14T08:31:04+00:00\",\"dateModified\":\"2025-04-14T08:35:03+00:00\",\"description\":\"Quels facteurs politiques expliquent la prise en charge par l\u2019\u00c9tat guin\u00e9en de l'indemnisation des victimes du massacre au stade de Conakry en 2009 et la gr\u00e2ce du capitaine Moussa Dadis Camara ? L\u2019analyse du politologue Kabinet Fofana.\",\"breadcrumb\":{\"@id\":\"https:\/\/www.justiceinfo.net\/fr\/144230-il-ne-faut-pas-purger-de-toute-sa-seve-un-proces-historique.html#breadcrumb\"},\"inLanguage\":\"fr-FR\",\"potentialAction\":[{\"@type\":\"ReadAction\",\"target\":[\"https:\/\/www.justiceinfo.net\/fr\/144230-il-ne-faut-pas-purger-de-toute-sa-seve-un-proces-historique.html\"]}]},{\"@type\":\"ImageObject\",\"inLanguage\":\"fr-FR\",\"@id\":\"https:\/\/www.justiceinfo.net\/fr\/144230-il-ne-faut-pas-purger-de-toute-sa-seve-un-proces-historique.html#primaryimage\",\"url\":\"https:\/\/www.justiceinfo.net\/wp-content\/uploads\/Guinee_Doumbouya-Camara.jpg\",\"contentUrl\":\"https:\/\/www.justiceinfo.net\/wp-content\/uploads\/Guinee_Doumbouya-Camara.jpg\",\"width\":1200,\"height\":800,\"caption\":\"Le capitaine Moussa Dadis Camara (\u00e0 gauche), au pouvoir en Guin\u00e9e entre d\u00e9cembre 2008 et janvier 2010, et le g\u00e9n\u00e9ral Mamadi Doumbouya, au pouvoir depuis septembre 2021.\"},{\"@type\":\"BreadcrumbList\",\"@id\":\"https:\/\/www.justiceinfo.net\/fr\/144230-il-ne-faut-pas-purger-de-toute-sa-seve-un-proces-historique.html#breadcrumb\",\"itemListElement\":[{\"@type\":\"ListItem\",\"position\":1,\"name\":\"Home\",\"item\":\"https:\/\/www.justiceinfo.net\/fr\"},{\"@type\":\"ListItem\",\"position\":2,\"name\":\"\u00ab\u00a0Il ne faut pas purger de toute sa s\u00e8ve un proc\u00e8s historique\u00a0\u00bb\"}]},{\"@type\":\"WebSite\",\"@id\":\"https:\/\/www.justiceinfo.net\/fr#website\",\"url\":\"https:\/\/www.justiceinfo.net\/fr\",\"name\":\"JusticeInfo.net\",\"description\":\"La justice doit \u00eatre vue pour \u00eatre rendue\",\"publisher\":{\"@id\":\"https:\/\/www.justiceinfo.net\/fr#organization\"},\"potentialAction\":[{\"@type\":\"SearchAction\",\"target\":{\"@type\":\"EntryPoint\",\"urlTemplate\":\"https:\/\/www.justiceinfo.net\/fr?s={search_term_string}\"},\"query-input\":{\"@type\":\"PropertyValueSpecification\",\"valueRequired\":true,\"valueName\":\"search_term_string\"}}],\"inLanguage\":\"fr-FR\"},{\"@type\":\"Organization\",\"@id\":\"https:\/\/www.justiceinfo.net\/fr#organization\",\"name\":\"Justice Info\",\"url\":\"https:\/\/www.justiceinfo.net\/fr\",\"logo\":{\"@type\":\"ImageObject\",\"inLanguage\":\"fr-FR\",\"@id\":\"https:\/\/www.justiceinfo.net\/fr#\/schema\/logo\/image\/\",\"url\":\"https:\/\/www.justiceinfo.net\/wp-content\/uploads\/justiceinfo_logo-trans_1200x1200px.png\",\"contentUrl\":\"https:\/\/www.justiceinfo.net\/wp-content\/uploads\/justiceinfo_logo-trans_1200x1200px.png\",\"width\":1199,\"height\":1200,\"caption\":\"Justice Info\"},\"image\":{\"@id\":\"https:\/\/www.justiceinfo.net\/fr#\/schema\/logo\/image\/\"},\"sameAs\":[\"https:\/\/www.facebook.com\/JusticeInfo\/\",\"https:\/\/x.com\/justiceinfonet\",\"https:\/\/www.linkedin.com\/company\/justice-info\",\"https:\/\/www.youtube.com\/channel\/UCyCEsARodyuWtkWyhn-e7pA\"]},{\"@type\":\"Person\",\"name\":\"Abdourahmane Bah\",\"url\":\"\/fr\/?s=Abdourahmane Bah\"}]}<\/script>\n<!-- \/ Yoast SEO Premium plugin. -->","yoast_head_json":{"title":"\u00ab\u00a0Il ne faut pas purger de toute sa s\u00e8ve un proc\u00e8s historique\u00a0\u00bb","description":"Quels facteurs politiques expliquent la prise en charge par l\u2019\u00c9tat guin\u00e9en de l'indemnisation des victimes du massacre au stade de Conakry en 2009 et la gr\u00e2ce du capitaine Moussa Dadis Camara ? L\u2019analyse du politologue Kabinet Fofana.","robots":{"index":"index","follow":"follow","max-snippet":"max-snippet:-1","max-image-preview":"max-image-preview:large","max-video-preview":"max-video-preview:-1"},"canonical":"https:\/\/www.justiceinfo.net\/fr\/144230-il-ne-faut-pas-purger-de-toute-sa-seve-un-proces-historique.html","og_locale":"fr_FR","og_type":"article","og_title":"\u00ab\u00a0Il ne faut pas purger de toute sa s\u00e8ve un proc\u00e8s historique\u00a0\u00bb","og_description":"Quels facteurs politiques expliquent la prise en charge par l\u2019\u00c9tat guin\u00e9en de l'indemnisation des victimes du massacre au stade de Conakry en 2009 et la gr\u00e2ce du capitaine Moussa Dadis Camara ? L\u2019analyse du politologue Kabinet Fofana.","og_url":"https:\/\/www.justiceinfo.net\/fr\/144230-il-ne-faut-pas-purger-de-toute-sa-seve-un-proces-historique.html","og_site_name":"JusticeInfo.net","article_publisher":"https:\/\/www.facebook.com\/JusticeInfo\/","article_published_time":"2025-04-14T08:31:04+00:00","article_modified_time":"2025-04-14T08:35:03+00:00","og_image":[{"width":1200,"height":800,"url":"https:\/\/www.justiceinfo.net\/wp-content\/uploads\/Guinee_Doumbouya-Camara.jpg","type":"image\/jpeg"}],"author":"Abdourahmane Bah","twitter_card":"summary_large_image","twitter_creator":"@justiceinfonet","twitter_site":"@justiceinfonet","twitter_misc":{"\u00c9crit par":"Abdourahmane Bah","Dur\u00e9e de lecture estim\u00e9e":"7 minutes"},"schema":{"@context":"https:\/\/schema.org","@graph":[{"@type":"NewsArticle","@id":"https:\/\/www.justiceinfo.net\/fr\/144230-il-ne-faut-pas-purger-de-toute-sa-seve-un-proces-historique.html#article","isPartOf":{"@id":"https:\/\/www.justiceinfo.net\/fr\/144230-il-ne-faut-pas-purger-de-toute-sa-seve-un-proces-historique.html"},"author":{"name":"Abdourahmane Bah","@id":"https:\/\/www.justiceinfo.net\/fr#\/schema\/person\/6151d8a786c75b6cf9706369dd872112"},"headline":"\u00ab\u00a0Il ne faut pas purger de toute sa s\u00e8ve un proc\u00e8s historique\u00a0\u00bb","datePublished":"2025-04-14T08:31:04+00:00","dateModified":"2025-04-14T08:35:03+00:00","mainEntityOfPage":{"@id":"https:\/\/www.justiceinfo.net\/fr\/144230-il-ne-faut-pas-purger-de-toute-sa-seve-un-proces-historique.html"},"wordCount":1509,"commentCount":0,"publisher":{"@id":"https:\/\/www.justiceinfo.net\/fr#organization"},"image":{"@id":"https:\/\/www.justiceinfo.net\/fr\/144230-il-ne-faut-pas-purger-de-toute-sa-seve-un-proces-historique.html#primaryimage"},"thumbnailUrl":"https:\/\/www.justiceinfo.net\/wp-content\/uploads\/Guinee_Doumbouya-Camara.jpg","keywords":["Moussa Dadis Camara","politique","Proc\u00e8s du 28 septembre"],"articleSection":["Entretiens","Tribunaux nationaux"],"inLanguage":"fr-FR","potentialAction":[{"@type":"CommentAction","name":"Comment","target":["https:\/\/www.justiceinfo.net\/fr\/144230-il-ne-faut-pas-purger-de-toute-sa-seve-un-proces-historique.html#respond"]}]},{"@type":"WebPage","@id":"https:\/\/www.justiceinfo.net\/fr\/144230-il-ne-faut-pas-purger-de-toute-sa-seve-un-proces-historique.html","url":"https:\/\/www.justiceinfo.net\/fr\/144230-il-ne-faut-pas-purger-de-toute-sa-seve-un-proces-historique.html","name":"\u00ab\u00a0Il ne faut pas purger de toute sa s\u00e8ve un proc\u00e8s historique\u00a0\u00bb","isPartOf":{"@id":"https:\/\/www.justiceinfo.net\/fr#website"},"primaryImageOfPage":{"@id":"https:\/\/www.justiceinfo.net\/fr\/144230-il-ne-faut-pas-purger-de-toute-sa-seve-un-proces-historique.html#primaryimage"},"image":{"@id":"https:\/\/www.justiceinfo.net\/fr\/144230-il-ne-faut-pas-purger-de-toute-sa-seve-un-proces-historique.html#primaryimage"},"thumbnailUrl":"https:\/\/www.justiceinfo.net\/wp-content\/uploads\/Guinee_Doumbouya-Camara.jpg","datePublished":"2025-04-14T08:31:04+00:00","dateModified":"2025-04-14T08:35:03+00:00","description":"Quels facteurs politiques expliquent la prise en charge par l\u2019\u00c9tat guin\u00e9en de l'indemnisation des victimes du massacre au stade de Conakry en 2009 et la gr\u00e2ce du capitaine Moussa Dadis Camara ? L\u2019analyse du politologue Kabinet Fofana.","breadcrumb":{"@id":"https:\/\/www.justiceinfo.net\/fr\/144230-il-ne-faut-pas-purger-de-toute-sa-seve-un-proces-historique.html#breadcrumb"},"inLanguage":"fr-FR","potentialAction":[{"@type":"ReadAction","target":["https:\/\/www.justiceinfo.net\/fr\/144230-il-ne-faut-pas-purger-de-toute-sa-seve-un-proces-historique.html"]}]},{"@type":"ImageObject","inLanguage":"fr-FR","@id":"https:\/\/www.justiceinfo.net\/fr\/144230-il-ne-faut-pas-purger-de-toute-sa-seve-un-proces-historique.html#primaryimage","url":"https:\/\/www.justiceinfo.net\/wp-content\/uploads\/Guinee_Doumbouya-Camara.jpg","contentUrl":"https:\/\/www.justiceinfo.net\/wp-content\/uploads\/Guinee_Doumbouya-Camara.jpg","width":1200,"height":800,"caption":"Le capitaine Moussa Dadis Camara (\u00e0 gauche), au pouvoir en Guin\u00e9e entre d\u00e9cembre 2008 et janvier 2010, et le g\u00e9n\u00e9ral Mamadi Doumbouya, au pouvoir depuis septembre 2021."},{"@type":"BreadcrumbList","@id":"https:\/\/www.justiceinfo.net\/fr\/144230-il-ne-faut-pas-purger-de-toute-sa-seve-un-proces-historique.html#breadcrumb","itemListElement":[{"@type":"ListItem","position":1,"name":"Home","item":"https:\/\/www.justiceinfo.net\/fr"},{"@type":"ListItem","position":2,"name":"\u00ab\u00a0Il ne faut pas purger de toute sa s\u00e8ve un proc\u00e8s historique\u00a0\u00bb"}]},{"@type":"WebSite","@id":"https:\/\/www.justiceinfo.net\/fr#website","url":"https:\/\/www.justiceinfo.net\/fr","name":"JusticeInfo.net","description":"La justice doit \u00eatre vue pour \u00eatre rendue","publisher":{"@id":"https:\/\/www.justiceinfo.net\/fr#organization"},"potentialAction":[{"@type":"SearchAction","target":{"@type":"EntryPoint","urlTemplate":"https:\/\/www.justiceinfo.net\/fr?s={search_term_string}"},"query-input":{"@type":"PropertyValueSpecification","valueRequired":true,"valueName":"search_term_string"}}],"inLanguage":"fr-FR"},{"@type":"Organization","@id":"https:\/\/www.justiceinfo.net\/fr#organization","name":"Justice Info","url":"https:\/\/www.justiceinfo.net\/fr","logo":{"@type":"ImageObject","inLanguage":"fr-FR","@id":"https:\/\/www.justiceinfo.net\/fr#\/schema\/logo\/image\/","url":"https:\/\/www.justiceinfo.net\/wp-content\/uploads\/justiceinfo_logo-trans_1200x1200px.png","contentUrl":"https:\/\/www.justiceinfo.net\/wp-content\/uploads\/justiceinfo_logo-trans_1200x1200px.png","width":1199,"height":1200,"caption":"Justice Info"},"image":{"@id":"https:\/\/www.justiceinfo.net\/fr#\/schema\/logo\/image\/"},"sameAs":["https:\/\/www.facebook.com\/JusticeInfo\/","https:\/\/x.com\/justiceinfonet","https:\/\/www.linkedin.com\/company\/justice-info","https:\/\/www.youtube.com\/channel\/UCyCEsARodyuWtkWyhn-e7pA"]},{"@type":"Person","name":"Abdourahmane Bah","url":"\/fr\/?s=Abdourahmane Bah"}]}},"_links":{"self":[{"href":"https:\/\/www.justiceinfo.net\/fr\/wp-json\/wp\/v2\/posts\/144230","targetHints":{"allow":["GET"]}}],"collection":[{"href":"https:\/\/www.justiceinfo.net\/fr\/wp-json\/wp\/v2\/posts"}],"about":[{"href":"https:\/\/www.justiceinfo.net\/fr\/wp-json\/wp\/v2\/types\/post"}],"author":[{"embeddable":true,"href":"https:\/\/www.justiceinfo.net\/fr\/wp-json\/wp\/v2\/users\/160"}],"replies":[{"embeddable":true,"href":"https:\/\/www.justiceinfo.net\/fr\/wp-json\/wp\/v2\/comments?post=144230"}],"version-history":[{"count":4,"href":"https:\/\/www.justiceinfo.net\/fr\/wp-json\/wp\/v2\/posts\/144230\/revisions"}],"predecessor-version":[{"id":144253,"href":"https:\/\/www.justiceinfo.net\/fr\/wp-json\/wp\/v2\/posts\/144230\/revisions\/144253"}],"wp:featuredmedia":[{"embeddable":true,"href":"https:\/\/www.justiceinfo.net\/fr\/wp-json\/wp\/v2\/media\/144237"}],"wp:attachment":[{"href":"https:\/\/www.justiceinfo.net\/fr\/wp-json\/wp\/v2\/media?parent=144230"}],"wp:term":[{"taxonomy":"category","embeddable":true,"href":"https:\/\/www.justiceinfo.net\/fr\/wp-json\/wp\/v2\/categories?post=144230"},{"taxonomy":"post_tag","embeddable":true,"href":"https:\/\/www.justiceinfo.net\/fr\/wp-json\/wp\/v2\/tags?post=144230"},{"taxonomy":"ji_location","embeddable":true,"href":"https:\/\/www.justiceinfo.net\/fr\/wp-json\/wp\/v2\/ji_location?post=144230"}],"curies":[{"name":"wp","href":"https:\/\/api.w.org\/{rel}","templated":true}]}}