{"id":14464,"date":"2012-08-08T20:32:08","date_gmt":"2012-08-08T18:32:08","guid":{"rendered":"https:\/\/www.justiceinfo.net\/14464-080812-cpilubanga-le-fonds-pour-les-victimes-salue-la-decision-des-juges.html"},"modified":"2012-08-08T20:32:08","modified_gmt":"2012-08-08T18:32:08","slug":"080812-cpilubanga-le-fonds-pour-les-victimes-salue-la-decision-des-juges","status":"publish","type":"post","link":"https:\/\/www.justiceinfo.net\/fr\/14464-080812-cpilubanga-le-fonds-pour-les-victimes-salue-la-decision-des-juges.html","title":{"rendered":"08.08.12 - CPI\/LUBANGA \u2013 LE FONDS POUR LES VICTIMES SALUE LA DECISION DES JUGES"},"content":{"rendered":"<p>La Haye, 8 ao\u00fbt 2012 (FH) \u2013 Le pr\u00e9sidente du Fonds au profit des victimes a salu\u00e9 la d\u00e9cision de la chambre de premi\u00e8re instance concernant la proc\u00e9dure en r\u00e9parations dans l\u2019affaire Lubanga. Dans cette d\u00e9cision rendue le 7 ao\u00fbt, les juges de la Cour p\u00e9nale internationale (CPI) ont retenu une large partie des propositions du Fonds, dont la mise en place d\u2019une \u00e9quipe d\u2019experts charg\u00e9e d\u2019\u00e9valuer sur le terrain, en Ituri, le montant des r\u00e9parations qui pourront \u00eatre allou\u00e9es aux victimes des crimes de Thomas Lubanga.<\/p>\n<p><!--more--><\/p>\n<p>L\u2019ex-chef de milice congolais a \u00e9t\u00e9 reconnu coupable de crimes de guerre pour avoir enr\u00f4l\u00e9 des enfants de moins de 15 ans dans ses troupes et les avoir fait participer aux hostilit\u00e9s. En juillet, il a \u00e9t\u00e9 condamn\u00e9 \u00e0 14 ans de prison. <\/p>\n<p>Elisabeth Rehn a qualifi\u00e9 la d\u00e9cision d\u2019historique et invit\u00e9 \u00ab\u00a0toutes les parties, y compris les autorit\u00e9s locales et les chefs de communaut\u00e9s\u00a0\u00bb \u00e0 apporter leur soutien \u00e0 sa mise en place. La d\u00e9cision de la chambre, a-t-elle ajout\u00e9 dans un communiqu\u00e9, \u00ab\u00a0confirme que les victimes doivent \u00eatre au centre des proc\u00e9dures en r\u00e9parations, et que les besoins des victimes vuln\u00e9rables, y compris les femmes, les enfants et les victimes de violences sexuelles et sexistes, doivent \u00eatre trait\u00e9es comme une priorit\u00e9\u00a0\u00bb.<\/p>\n<p>La chambre a demand\u00e9 au Fonds de consulter les populations de plusieurs villages d\u2019Ituri, avant de faire des propositions lors du proc\u00e8s en r\u00e9paration. Le Fonds, un organe li\u00e9 \u00e0 la Cour, devra ensuite mettre en place les mesures arr\u00eat\u00e9es par les juges. Il dispose, \u00e0 ce jour, d\u20191,2 millions d\u2019euros. <\/p>\n<p>Outre les programmes de r\u00e9parations, r\u00e9sultant de d\u00e9cisions judiciaires, le Fonds conduit aussi des missions d\u2019assistance. Dans ce cadre-l\u00e0, plusieurs projets ont d\u00e9j\u00e0 \u00e9t\u00e9 mis sur pied dans l\u2019est de la R\u00e9publique du Congo (RDC) depuis l\u2019ouverture d\u2019une enqu\u00eate par le bureau du procureur en juin 2004.\u00a0<\/p>\n<p>\u00a0<\/p>\n<p>SM\/GF <\/p>\n<p>\u00a0<\/p>\n","protected":false},"excerpt":{"rendered":"<p>La Haye, 8 ao\u00fbt 2012 (FH) \u2013 Le pr\u00e9sidente du Fonds au profit des victimes a salu\u00e9 la d\u00e9cision de la chambre de premi\u00e8re instance concernant la proc\u00e9dure en r\u00e9parations dans l\u2019affaire Lubanga. Dans cette d\u00e9cision rendue le 7 ao\u00fbt, les juges de la Cour p\u00e9nale internationale (CPI) ont retenu une large partie des propositions [&hellip;]<\/p>\n","protected":false},"author":64,"featured_media":0,"comment_status":"open","ping_status":"closed","sticky":false,"template":"","format":"standard","meta":{"_acf_changed":false,"footnotes":""},"categories":[554],"tags":[],"ji_location":[],"class_list":["post-14464","post","type-post","status-publish","format-standard","hentry","category-hirondellenews"],"acf":[],"yoast_head":"<!-- This site is optimized with the Yoast SEO Premium plugin v25.3.1 (Yoast SEO v25.3.1) - https:\/\/yoast.com\/wordpress\/plugins\/seo\/ -->\n<title>08.08.12 - CPI\/LUBANGA \u2013 LE FONDS POUR LES VICTIMES SALUE LA DECISION DES JUGES - JusticeInfo.net<\/title>\n<meta name=\"robots\" content=\"index, follow, max-snippet:-1, max-image-preview:large, max-video-preview:-1\" \/>\n<link rel=\"canonical\" href=\"https:\/\/www.justiceinfo.net\/fr\/14464-080812-cpilubanga-le-fonds-pour-les-victimes-salue-la-decision-des-juges.html\" \/>\n<meta property=\"og:locale\" content=\"fr_FR\" \/>\n<meta property=\"og:type\" content=\"article\" \/>\n<meta property=\"og:title\" content=\"08.08.12 - CPI\/LUBANGA \u2013 LE FONDS POUR LES VICTIMES SALUE LA DECISION DES JUGES\" \/>\n<meta property=\"og:description\" content=\"La Haye, 8 ao\u00fbt 2012 (FH) \u2013 Le pr\u00e9sidente du Fonds au profit des victimes a salu\u00e9 la d\u00e9cision de la chambre de premi\u00e8re instance concernant la proc\u00e9dure en r\u00e9parations dans l\u2019affaire Lubanga. Dans cette d\u00e9cision rendue le 7 ao\u00fbt, les juges de la Cour p\u00e9nale internationale (CPI) ont retenu une large partie des propositions [&hellip;]\" \/>\n<meta property=\"og:url\" content=\"https:\/\/www.justiceinfo.net\/fr\/14464-080812-cpilubanga-le-fonds-pour-les-victimes-salue-la-decision-des-juges.html\" \/>\n<meta property=\"og:site_name\" content=\"JusticeInfo.net\" \/>\n<meta property=\"article:publisher\" content=\"https:\/\/www.facebook.com\/JusticeInfo\/\" \/>\n<meta property=\"article:published_time\" content=\"2012-08-08T18:32:08+00:00\" \/>\n<meta property=\"og:image\" content=\"https:\/\/www.justiceinfo.net\/wp-content\/uploads\/JusticeInfoNet_logo_1200x630px.jpg\" \/>\n\t<meta property=\"og:image:width\" content=\"1200\" \/>\n\t<meta property=\"og:image:height\" content=\"630\" \/>\n\t<meta property=\"og:image:type\" content=\"image\/jpeg\" \/>\n<meta name=\"author\" content=\"solivri\" \/>\n<meta name=\"twitter:card\" content=\"summary_large_image\" \/>\n<meta name=\"twitter:creator\" content=\"@justiceinfonet\" \/>\n<meta name=\"twitter:site\" content=\"@justiceinfonet\" \/>\n<meta name=\"twitter:label1\" content=\"\u00c9crit par\" \/>\n\t<meta name=\"twitter:data1\" content=\"solivri\" \/>\n\t<meta name=\"twitter:label2\" content=\"Dur\u00e9e de lecture estim\u00e9e\" \/>\n\t<meta name=\"twitter:data2\" content=\"2 minutes\" \/>\n<script type=\"application\/ld+json\" class=\"yoast-schema-graph\">{\"@context\":\"https:\/\/schema.org\",\"@graph\":[{\"@type\":\"NewsArticle\",\"@id\":\"https:\/\/www.justiceinfo.net\/fr\/14464-080812-cpilubanga-le-fonds-pour-les-victimes-salue-la-decision-des-juges.html#article\",\"isPartOf\":{\"@id\":\"https:\/\/www.justiceinfo.net\/fr\/14464-080812-cpilubanga-le-fonds-pour-les-victimes-salue-la-decision-des-juges.html\"},\"author\":{\"name\":\"solivri\",\"@id\":\"https:\/\/www.justiceinfo.net\/fr#\/schema\/person\/6e53cba1629e2e66f3fc1821d3091865\"},\"headline\":\"08.08.12 - CPI\/LUBANGA \u2013 LE FONDS POUR LES VICTIMES SALUE LA DECISION DES JUGES\",\"datePublished\":\"2012-08-08T18:32:08+00:00\",\"mainEntityOfPage\":{\"@id\":\"https:\/\/www.justiceinfo.net\/fr\/14464-080812-cpilubanga-le-fonds-pour-les-victimes-salue-la-decision-des-juges.html\"},\"wordCount\":355,\"commentCount\":0,\"publisher\":{\"@id\":\"https:\/\/www.justiceinfo.net\/fr#organization\"},\"articleSection\":[\"Hirondelle News\"],\"inLanguage\":\"fr-FR\",\"potentialAction\":[{\"@type\":\"CommentAction\",\"name\":\"Comment\",\"target\":[\"https:\/\/www.justiceinfo.net\/fr\/14464-080812-cpilubanga-le-fonds-pour-les-victimes-salue-la-decision-des-juges.html#respond\"]}]},{\"@type\":\"WebPage\",\"@id\":\"https:\/\/www.justiceinfo.net\/fr\/14464-080812-cpilubanga-le-fonds-pour-les-victimes-salue-la-decision-des-juges.html\",\"url\":\"https:\/\/www.justiceinfo.net\/fr\/14464-080812-cpilubanga-le-fonds-pour-les-victimes-salue-la-decision-des-juges.html\",\"name\":\"08.08.12 - CPI\/LUBANGA \u2013 LE FONDS POUR LES VICTIMES SALUE LA DECISION DES JUGES - JusticeInfo.net\",\"isPartOf\":{\"@id\":\"https:\/\/www.justiceinfo.net\/fr#website\"},\"datePublished\":\"2012-08-08T18:32:08+00:00\",\"breadcrumb\":{\"@id\":\"https:\/\/www.justiceinfo.net\/fr\/14464-080812-cpilubanga-le-fonds-pour-les-victimes-salue-la-decision-des-juges.html#breadcrumb\"},\"inLanguage\":\"fr-FR\",\"potentialAction\":[{\"@type\":\"ReadAction\",\"target\":[\"https:\/\/www.justiceinfo.net\/fr\/14464-080812-cpilubanga-le-fonds-pour-les-victimes-salue-la-decision-des-juges.html\"]}]},{\"@type\":\"BreadcrumbList\",\"@id\":\"https:\/\/www.justiceinfo.net\/fr\/14464-080812-cpilubanga-le-fonds-pour-les-victimes-salue-la-decision-des-juges.html#breadcrumb\",\"itemListElement\":[{\"@type\":\"ListItem\",\"position\":1,\"name\":\"Home\",\"item\":\"https:\/\/www.justiceinfo.net\/fr\"},{\"@type\":\"ListItem\",\"position\":2,\"name\":\"08.08.12 - CPI\/LUBANGA \u2013 LE FONDS POUR LES VICTIMES SALUE LA DECISION DES JUGES\"}]},{\"@type\":\"WebSite\",\"@id\":\"https:\/\/www.justiceinfo.net\/fr#website\",\"url\":\"https:\/\/www.justiceinfo.net\/fr\",\"name\":\"JusticeInfo.net\",\"description\":\"La justice doit \u00eatre vue pour \u00eatre rendue\",\"publisher\":{\"@id\":\"https:\/\/www.justiceinfo.net\/fr#organization\"},\"potentialAction\":[{\"@type\":\"SearchAction\",\"target\":{\"@type\":\"EntryPoint\",\"urlTemplate\":\"https:\/\/www.justiceinfo.net\/fr?s={search_term_string}\"},\"query-input\":{\"@type\":\"PropertyValueSpecification\",\"valueRequired\":true,\"valueName\":\"search_term_string\"}}],\"inLanguage\":\"fr-FR\"},{\"@type\":\"Organization\",\"@id\":\"https:\/\/www.justiceinfo.net\/fr#organization\",\"name\":\"Justice Info\",\"url\":\"https:\/\/www.justiceinfo.net\/fr\",\"logo\":{\"@type\":\"ImageObject\",\"inLanguage\":\"fr-FR\",\"@id\":\"https:\/\/www.justiceinfo.net\/fr#\/schema\/logo\/image\/\",\"url\":\"https:\/\/www.justiceinfo.net\/wp-content\/uploads\/justiceinfo_logo-trans_1200x1200px.png\",\"contentUrl\":\"https:\/\/www.justiceinfo.net\/wp-content\/uploads\/justiceinfo_logo-trans_1200x1200px.png\",\"width\":1199,\"height\":1200,\"caption\":\"Justice Info\"},\"image\":{\"@id\":\"https:\/\/www.justiceinfo.net\/fr#\/schema\/logo\/image\/\"},\"sameAs\":[\"https:\/\/www.facebook.com\/JusticeInfo\/\",\"https:\/\/x.com\/justiceinfonet\",\"https:\/\/www.linkedin.com\/company\/justice-info\",\"https:\/\/www.youtube.com\/channel\/UCyCEsARodyuWtkWyhn-e7pA\"]},{\"@type\":\"Person\",\"name\":\"solivri\",\"url\":\"\/fr\/?s=solivri\"}]}<\/script>\n<!-- \/ Yoast SEO Premium plugin. -->","yoast_head_json":{"title":"08.08.12 - CPI\/LUBANGA \u2013 LE FONDS POUR LES VICTIMES SALUE LA DECISION DES JUGES - JusticeInfo.net","robots":{"index":"index","follow":"follow","max-snippet":"max-snippet:-1","max-image-preview":"max-image-preview:large","max-video-preview":"max-video-preview:-1"},"canonical":"https:\/\/www.justiceinfo.net\/fr\/14464-080812-cpilubanga-le-fonds-pour-les-victimes-salue-la-decision-des-juges.html","og_locale":"fr_FR","og_type":"article","og_title":"08.08.12 - CPI\/LUBANGA \u2013 LE FONDS POUR LES VICTIMES SALUE LA DECISION DES JUGES","og_description":"La Haye, 8 ao\u00fbt 2012 (FH) \u2013 Le pr\u00e9sidente du Fonds au profit des victimes a salu\u00e9 la d\u00e9cision de la chambre de premi\u00e8re instance concernant la proc\u00e9dure en r\u00e9parations dans l\u2019affaire Lubanga. Dans cette d\u00e9cision rendue le 7 ao\u00fbt, les juges de la Cour p\u00e9nale internationale (CPI) ont retenu une large partie des propositions [&hellip;]","og_url":"https:\/\/www.justiceinfo.net\/fr\/14464-080812-cpilubanga-le-fonds-pour-les-victimes-salue-la-decision-des-juges.html","og_site_name":"JusticeInfo.net","article_publisher":"https:\/\/www.facebook.com\/JusticeInfo\/","article_published_time":"2012-08-08T18:32:08+00:00","og_image":[{"width":1200,"height":630,"url":"https:\/\/www.justiceinfo.net\/wp-content\/uploads\/JusticeInfoNet_logo_1200x630px.jpg","type":"image\/jpeg"}],"author":"solivri","twitter_card":"summary_large_image","twitter_creator":"@justiceinfonet","twitter_site":"@justiceinfonet","twitter_misc":{"\u00c9crit par":"solivri","Dur\u00e9e de lecture estim\u00e9e":"2 minutes"},"schema":{"@context":"https:\/\/schema.org","@graph":[{"@type":"NewsArticle","@id":"https:\/\/www.justiceinfo.net\/fr\/14464-080812-cpilubanga-le-fonds-pour-les-victimes-salue-la-decision-des-juges.html#article","isPartOf":{"@id":"https:\/\/www.justiceinfo.net\/fr\/14464-080812-cpilubanga-le-fonds-pour-les-victimes-salue-la-decision-des-juges.html"},"author":{"name":"solivri","@id":"https:\/\/www.justiceinfo.net\/fr#\/schema\/person\/6e53cba1629e2e66f3fc1821d3091865"},"headline":"08.08.12 - CPI\/LUBANGA \u2013 LE FONDS POUR LES VICTIMES SALUE LA DECISION DES JUGES","datePublished":"2012-08-08T18:32:08+00:00","mainEntityOfPage":{"@id":"https:\/\/www.justiceinfo.net\/fr\/14464-080812-cpilubanga-le-fonds-pour-les-victimes-salue-la-decision-des-juges.html"},"wordCount":355,"commentCount":0,"publisher":{"@id":"https:\/\/www.justiceinfo.net\/fr#organization"},"articleSection":["Hirondelle News"],"inLanguage":"fr-FR","potentialAction":[{"@type":"CommentAction","name":"Comment","target":["https:\/\/www.justiceinfo.net\/fr\/14464-080812-cpilubanga-le-fonds-pour-les-victimes-salue-la-decision-des-juges.html#respond"]}]},{"@type":"WebPage","@id":"https:\/\/www.justiceinfo.net\/fr\/14464-080812-cpilubanga-le-fonds-pour-les-victimes-salue-la-decision-des-juges.html","url":"https:\/\/www.justiceinfo.net\/fr\/14464-080812-cpilubanga-le-fonds-pour-les-victimes-salue-la-decision-des-juges.html","name":"08.08.12 - CPI\/LUBANGA \u2013 LE FONDS POUR LES VICTIMES SALUE LA DECISION DES JUGES - JusticeInfo.net","isPartOf":{"@id":"https:\/\/www.justiceinfo.net\/fr#website"},"datePublished":"2012-08-08T18:32:08+00:00","breadcrumb":{"@id":"https:\/\/www.justiceinfo.net\/fr\/14464-080812-cpilubanga-le-fonds-pour-les-victimes-salue-la-decision-des-juges.html#breadcrumb"},"inLanguage":"fr-FR","potentialAction":[{"@type":"ReadAction","target":["https:\/\/www.justiceinfo.net\/fr\/14464-080812-cpilubanga-le-fonds-pour-les-victimes-salue-la-decision-des-juges.html"]}]},{"@type":"BreadcrumbList","@id":"https:\/\/www.justiceinfo.net\/fr\/14464-080812-cpilubanga-le-fonds-pour-les-victimes-salue-la-decision-des-juges.html#breadcrumb","itemListElement":[{"@type":"ListItem","position":1,"name":"Home","item":"https:\/\/www.justiceinfo.net\/fr"},{"@type":"ListItem","position":2,"name":"08.08.12 - CPI\/LUBANGA \u2013 LE FONDS POUR LES VICTIMES SALUE LA DECISION DES JUGES"}]},{"@type":"WebSite","@id":"https:\/\/www.justiceinfo.net\/fr#website","url":"https:\/\/www.justiceinfo.net\/fr","name":"JusticeInfo.net","description":"La justice doit \u00eatre vue pour \u00eatre rendue","publisher":{"@id":"https:\/\/www.justiceinfo.net\/fr#organization"},"potentialAction":[{"@type":"SearchAction","target":{"@type":"EntryPoint","urlTemplate":"https:\/\/www.justiceinfo.net\/fr?s={search_term_string}"},"query-input":{"@type":"PropertyValueSpecification","valueRequired":true,"valueName":"search_term_string"}}],"inLanguage":"fr-FR"},{"@type":"Organization","@id":"https:\/\/www.justiceinfo.net\/fr#organization","name":"Justice Info","url":"https:\/\/www.justiceinfo.net\/fr","logo":{"@type":"ImageObject","inLanguage":"fr-FR","@id":"https:\/\/www.justiceinfo.net\/fr#\/schema\/logo\/image\/","url":"https:\/\/www.justiceinfo.net\/wp-content\/uploads\/justiceinfo_logo-trans_1200x1200px.png","contentUrl":"https:\/\/www.justiceinfo.net\/wp-content\/uploads\/justiceinfo_logo-trans_1200x1200px.png","width":1199,"height":1200,"caption":"Justice Info"},"image":{"@id":"https:\/\/www.justiceinfo.net\/fr#\/schema\/logo\/image\/"},"sameAs":["https:\/\/www.facebook.com\/JusticeInfo\/","https:\/\/x.com\/justiceinfonet","https:\/\/www.linkedin.com\/company\/justice-info","https:\/\/www.youtube.com\/channel\/UCyCEsARodyuWtkWyhn-e7pA"]},{"@type":"Person","name":"solivri","url":"\/fr\/?s=solivri"}]}},"_links":{"self":[{"href":"https:\/\/www.justiceinfo.net\/fr\/wp-json\/wp\/v2\/posts\/14464","targetHints":{"allow":["GET"]}}],"collection":[{"href":"https:\/\/www.justiceinfo.net\/fr\/wp-json\/wp\/v2\/posts"}],"about":[{"href":"https:\/\/www.justiceinfo.net\/fr\/wp-json\/wp\/v2\/types\/post"}],"author":[{"embeddable":true,"href":"https:\/\/www.justiceinfo.net\/fr\/wp-json\/wp\/v2\/users\/64"}],"replies":[{"embeddable":true,"href":"https:\/\/www.justiceinfo.net\/fr\/wp-json\/wp\/v2\/comments?post=14464"}],"version-history":[{"count":0,"href":"https:\/\/www.justiceinfo.net\/fr\/wp-json\/wp\/v2\/posts\/14464\/revisions"}],"wp:attachment":[{"href":"https:\/\/www.justiceinfo.net\/fr\/wp-json\/wp\/v2\/media?parent=14464"}],"wp:term":[{"taxonomy":"category","embeddable":true,"href":"https:\/\/www.justiceinfo.net\/fr\/wp-json\/wp\/v2\/categories?post=14464"},{"taxonomy":"post_tag","embeddable":true,"href":"https:\/\/www.justiceinfo.net\/fr\/wp-json\/wp\/v2\/tags?post=14464"},{"taxonomy":"ji_location","embeddable":true,"href":"https:\/\/www.justiceinfo.net\/fr\/wp-json\/wp\/v2\/ji_location?post=14464"}],"curies":[{"name":"wp","href":"https:\/\/api.w.org\/{rel}","templated":true}]}}