{"id":14475,"date":"2012-08-16T11:13:49","date_gmt":"2012-08-16T09:13:49","guid":{"rendered":"https:\/\/www.justiceinfo.net\/14475-160812-cpicote-d-ivoire-la-cpi-affirme-sa-competence-pour-juger-lex-president-gbagbo.html"},"modified":"2012-08-16T11:13:49","modified_gmt":"2012-08-16T09:13:49","slug":"160812-cpicote-d-ivoire-la-cpi-affirme-sa-competence-pour-juger-lex-president-gbagbo","status":"publish","type":"post","link":"https:\/\/www.justiceinfo.net\/fr\/14475-160812-cpicote-d-ivoire-la-cpi-affirme-sa-competence-pour-juger-lex-president-gbagbo.html","title":{"rendered":"16.08.12 - CPI\/COTE D' IVOIRE - LA CPI AFFIRME SA COMPETENCE POUR JUGER  L\u2019EX-PRESIDENT GBAGBO"},"content":{"rendered":"<p>La Haye, 16 ao\u00fbt 2012 (FH) \u2013 Les juges de la Cour p\u00e9nale internationale (CPI) ont rejet\u00e9, mercredi 15 ao\u00fbt, la requ\u00eate en incomp\u00e9tence d\u00e9pos\u00e9e par les avocats de Laurent Gbagbo fin mai 2012, estimant que la C\u00f4te d'Ivoire avait, en 2003, reconnu la comp\u00e9tence de la cour sine die.<\/p>\n<p><!--more--><\/p>\n<p>La C\u00f4te d\u2019Ivoire n\u2019est pas partie au Statut de Rome mais en 2003, suite \u00e0 une tentative de coup d\u2019Etat de septembre 2002, attribu\u00e9e aux forces loyales \u00e0 Alassane Ouattara, le gouvernement avait adress\u00e9 un courrier \u00e0 la CPI pour\u00a0reconna\u00eetre sa comp\u00e9tence. Pour les avocats de Laurent Gbagbo, ce courrier visait les \u00e9v\u00e9nements survenus entre le 19 septembre 2002 et les accords de Linas Marcoussis de janvier 2003. et ne concernait pas les \u00e9v\u00e9nements de 2010 dont l\u2019ex- pr\u00e9sident doit d\u00e9sormais r\u00e9pondre.<\/p>\n<p>Dans leur d\u00e9cision, les juges estiment au contraire que le courrier de la C\u00f4te d\u2019Ivoire reconnaissait la juridiction de la Cour pour \u00ab une dur\u00e9e ind\u00e9termin\u00e9e \u00bb, puis rappellent en substance qu\u2019un Etat ne peut utiliser cette proc\u00e9dure comme un outil politique en imposant \u00e0 la Cour les cibles et la p\u00e9riode de son mandat. Enfin, ils rappellent que fin 2011, la chambre a autoris\u00e9 le procureur \u00e0 enqu\u00eater en C\u00f4te d\u2019Ivoire sur les faits survenus entre septembre 2002 et 2011.<\/p>\n<p>La chambre consid\u00e8re, d\u00e8s lors, \u00abinutile\u00bb de se prononcer sur la validit\u00e9 des courriers adress\u00e9s par la C\u00f4te d\u2019Ivoire en d\u00e9cembre 2010 et avril 2011, ni sur la capacit\u00e9 d\u2019Alassane Ouattara \u00e0 agir au nom du pays \u00e0 ces dates. La d\u00e9fense estimait que les deux d\u00e9clarations avaient \u00e9t\u00e9 r\u00e9dig\u00e9es avant l\u2019intronisation d\u2019Alassane Ouattara \u00e0 la t\u00eate de l\u2019Etat, au terme d\u2019une \u00e9lection que le suspect ne reconna\u00eet pas.<\/p>\n<p>Les avocats de Laurent Gbagbo, ma\u00eetres Emmanuel Altit et Agathe Baroan, avaient aussi d\u00e9nonc\u00e9 les violations des droits du suspect, notamment ses conditions d\u2019arrestation et de d\u00e9tention en C\u00f4te d\u2019Ivoire, entre le 11 avril 2011 et son transf\u00e8rement \u00e0 la prison de la Cour, le 29 novembre 2011. Les juges ont d\u2019abord estim\u00e9 que ces \u00e9v\u00e9nements ne touchent pas \u00e0 la comp\u00e9tence de la Cour et que dans le cas pr\u00e9sent, ils ne pouvaient aboutir \u00e0 un non-lieu.\u00a0<\/p>\n<p>La chambre pr\u00e9cise ainsi que \u00ab les violations des droits fondamentaux, aussi s\u00e9rieux soient-ils, ne peuvent constituer un abus de proc\u00e9dure que dans la mesure o\u00f9 ils sont attribuables \u00e0 la Cour \u00bb.<\/p>\n<p>Poursuivi pour crimes contre l\u2019humanit\u00e9 commis entre d\u00e9cembre 2010 et avril 2011, Laurent Gbagbo est d\u00e9tenu \u00e0 la prison de la CPI depuis fin novembre 2011. D\u00e9but ao\u00fbt, la chambre a report\u00e9 une seconde fois, sine die, les audiences de confirmation des charges.<\/p>\n<p>SM\/ER\/GF<\/p>\n","protected":false},"excerpt":{"rendered":"<p>La Haye, 16 ao\u00fbt 2012 (FH) \u2013 Les juges de la Cour p\u00e9nale internationale (CPI) ont rejet\u00e9, mercredi 15 ao\u00fbt, la requ\u00eate en incomp\u00e9tence d\u00e9pos\u00e9e par les avocats de Laurent Gbagbo fin mai 2012, estimant que la C\u00f4te d'Ivoire avait, en 2003, reconnu la comp\u00e9tence de la cour sine die.<\/p>\n","protected":false},"author":64,"featured_media":0,"comment_status":"open","ping_status":"closed","sticky":false,"template":"","format":"standard","meta":{"_acf_changed":false,"footnotes":""},"categories":[554],"tags":[],"ji_location":[],"class_list":["post-14475","post","type-post","status-publish","format-standard","hentry","category-hirondellenews"],"acf":[],"yoast_head":"<!-- This site is optimized with the Yoast SEO Premium plugin v25.3.1 (Yoast SEO v25.3.1) - https:\/\/yoast.com\/wordpress\/plugins\/seo\/ -->\n<title>16.08.12 - CPI\/COTE D&#039; IVOIRE - LA CPI AFFIRME SA COMPETENCE POUR JUGER L\u2019EX-PRESIDENT GBAGBO - JusticeInfo.net<\/title>\n<meta name=\"robots\" content=\"index, follow, max-snippet:-1, max-image-preview:large, max-video-preview:-1\" \/>\n<link rel=\"canonical\" href=\"https:\/\/www.justiceinfo.net\/fr\/14475-160812-cpicote-d-ivoire-la-cpi-affirme-sa-competence-pour-juger-lex-president-gbagbo.html\" \/>\n<meta property=\"og:locale\" content=\"fr_FR\" \/>\n<meta property=\"og:type\" content=\"article\" \/>\n<meta property=\"og:title\" content=\"16.08.12 - CPI\/COTE D&#039; IVOIRE - LA CPI AFFIRME SA COMPETENCE POUR JUGER L\u2019EX-PRESIDENT GBAGBO\" \/>\n<meta property=\"og:description\" content=\"La Haye, 16 ao\u00fbt 2012 (FH) \u2013 Les juges de la Cour p\u00e9nale internationale (CPI) ont rejet\u00e9, mercredi 15 ao\u00fbt, la requ\u00eate en incomp\u00e9tence d\u00e9pos\u00e9e par les avocats de Laurent Gbagbo fin mai 2012, estimant que la C\u00f4te d&#039;Ivoire avait, en 2003, reconnu la comp\u00e9tence de la cour sine die.\" \/>\n<meta property=\"og:url\" content=\"https:\/\/www.justiceinfo.net\/fr\/14475-160812-cpicote-d-ivoire-la-cpi-affirme-sa-competence-pour-juger-lex-president-gbagbo.html\" \/>\n<meta property=\"og:site_name\" content=\"JusticeInfo.net\" \/>\n<meta property=\"article:publisher\" content=\"https:\/\/www.facebook.com\/JusticeInfo\/\" \/>\n<meta property=\"article:published_time\" content=\"2012-08-16T09:13:49+00:00\" \/>\n<meta property=\"og:image\" content=\"https:\/\/www.justiceinfo.net\/wp-content\/uploads\/JusticeInfoNet_logo_1200x630px.jpg\" \/>\n\t<meta property=\"og:image:width\" content=\"1200\" \/>\n\t<meta property=\"og:image:height\" content=\"630\" \/>\n\t<meta property=\"og:image:type\" content=\"image\/jpeg\" \/>\n<meta name=\"author\" content=\"solivri\" \/>\n<meta name=\"twitter:card\" content=\"summary_large_image\" \/>\n<meta name=\"twitter:creator\" content=\"@justiceinfonet\" \/>\n<meta name=\"twitter:site\" content=\"@justiceinfonet\" \/>\n<meta name=\"twitter:label1\" content=\"\u00c9crit par\" \/>\n\t<meta name=\"twitter:data1\" content=\"solivri\" \/>\n\t<meta name=\"twitter:label2\" content=\"Dur\u00e9e de lecture estim\u00e9e\" \/>\n\t<meta name=\"twitter:data2\" content=\"2 minutes\" \/>\n<script type=\"application\/ld+json\" class=\"yoast-schema-graph\">{\"@context\":\"https:\/\/schema.org\",\"@graph\":[{\"@type\":\"NewsArticle\",\"@id\":\"https:\/\/www.justiceinfo.net\/fr\/14475-160812-cpicote-d-ivoire-la-cpi-affirme-sa-competence-pour-juger-lex-president-gbagbo.html#article\",\"isPartOf\":{\"@id\":\"https:\/\/www.justiceinfo.net\/fr\/14475-160812-cpicote-d-ivoire-la-cpi-affirme-sa-competence-pour-juger-lex-president-gbagbo.html\"},\"author\":{\"name\":\"solivri\",\"@id\":\"https:\/\/www.justiceinfo.net\/fr#\/schema\/person\/6e53cba1629e2e66f3fc1821d3091865\"},\"headline\":\"16.08.12 - CPI\/COTE D' IVOIRE - LA CPI AFFIRME SA COMPETENCE POUR JUGER L\u2019EX-PRESIDENT GBAGBO\",\"datePublished\":\"2012-08-16T09:13:49+00:00\",\"mainEntityOfPage\":{\"@id\":\"https:\/\/www.justiceinfo.net\/fr\/14475-160812-cpicote-d-ivoire-la-cpi-affirme-sa-competence-pour-juger-lex-president-gbagbo.html\"},\"wordCount\":486,\"commentCount\":0,\"publisher\":{\"@id\":\"https:\/\/www.justiceinfo.net\/fr#organization\"},\"articleSection\":[\"Hirondelle News\"],\"inLanguage\":\"fr-FR\",\"potentialAction\":[{\"@type\":\"CommentAction\",\"name\":\"Comment\",\"target\":[\"https:\/\/www.justiceinfo.net\/fr\/14475-160812-cpicote-d-ivoire-la-cpi-affirme-sa-competence-pour-juger-lex-president-gbagbo.html#respond\"]}]},{\"@type\":\"WebPage\",\"@id\":\"https:\/\/www.justiceinfo.net\/fr\/14475-160812-cpicote-d-ivoire-la-cpi-affirme-sa-competence-pour-juger-lex-president-gbagbo.html\",\"url\":\"https:\/\/www.justiceinfo.net\/fr\/14475-160812-cpicote-d-ivoire-la-cpi-affirme-sa-competence-pour-juger-lex-president-gbagbo.html\",\"name\":\"16.08.12 - CPI\/COTE D' IVOIRE - LA CPI AFFIRME SA COMPETENCE POUR JUGER L\u2019EX-PRESIDENT GBAGBO - JusticeInfo.net\",\"isPartOf\":{\"@id\":\"https:\/\/www.justiceinfo.net\/fr#website\"},\"datePublished\":\"2012-08-16T09:13:49+00:00\",\"breadcrumb\":{\"@id\":\"https:\/\/www.justiceinfo.net\/fr\/14475-160812-cpicote-d-ivoire-la-cpi-affirme-sa-competence-pour-juger-lex-president-gbagbo.html#breadcrumb\"},\"inLanguage\":\"fr-FR\",\"potentialAction\":[{\"@type\":\"ReadAction\",\"target\":[\"https:\/\/www.justiceinfo.net\/fr\/14475-160812-cpicote-d-ivoire-la-cpi-affirme-sa-competence-pour-juger-lex-president-gbagbo.html\"]}]},{\"@type\":\"BreadcrumbList\",\"@id\":\"https:\/\/www.justiceinfo.net\/fr\/14475-160812-cpicote-d-ivoire-la-cpi-affirme-sa-competence-pour-juger-lex-president-gbagbo.html#breadcrumb\",\"itemListElement\":[{\"@type\":\"ListItem\",\"position\":1,\"name\":\"Home\",\"item\":\"https:\/\/www.justiceinfo.net\/fr\"},{\"@type\":\"ListItem\",\"position\":2,\"name\":\"16.08.12 - CPI\/COTE D' IVOIRE - LA CPI AFFIRME SA COMPETENCE POUR JUGER L\u2019EX-PRESIDENT GBAGBO\"}]},{\"@type\":\"WebSite\",\"@id\":\"https:\/\/www.justiceinfo.net\/fr#website\",\"url\":\"https:\/\/www.justiceinfo.net\/fr\",\"name\":\"JusticeInfo.net\",\"description\":\"La justice doit \u00eatre vue pour \u00eatre rendue\",\"publisher\":{\"@id\":\"https:\/\/www.justiceinfo.net\/fr#organization\"},\"potentialAction\":[{\"@type\":\"SearchAction\",\"target\":{\"@type\":\"EntryPoint\",\"urlTemplate\":\"https:\/\/www.justiceinfo.net\/fr?s={search_term_string}\"},\"query-input\":{\"@type\":\"PropertyValueSpecification\",\"valueRequired\":true,\"valueName\":\"search_term_string\"}}],\"inLanguage\":\"fr-FR\"},{\"@type\":\"Organization\",\"@id\":\"https:\/\/www.justiceinfo.net\/fr#organization\",\"name\":\"Justice Info\",\"url\":\"https:\/\/www.justiceinfo.net\/fr\",\"logo\":{\"@type\":\"ImageObject\",\"inLanguage\":\"fr-FR\",\"@id\":\"https:\/\/www.justiceinfo.net\/fr#\/schema\/logo\/image\/\",\"url\":\"https:\/\/www.justiceinfo.net\/wp-content\/uploads\/justiceinfo_logo-trans_1200x1200px.png\",\"contentUrl\":\"https:\/\/www.justiceinfo.net\/wp-content\/uploads\/justiceinfo_logo-trans_1200x1200px.png\",\"width\":1199,\"height\":1200,\"caption\":\"Justice Info\"},\"image\":{\"@id\":\"https:\/\/www.justiceinfo.net\/fr#\/schema\/logo\/image\/\"},\"sameAs\":[\"https:\/\/www.facebook.com\/JusticeInfo\/\",\"https:\/\/x.com\/justiceinfonet\",\"https:\/\/www.linkedin.com\/company\/justice-info\",\"https:\/\/www.youtube.com\/channel\/UCyCEsARodyuWtkWyhn-e7pA\"]},{\"@type\":\"Person\",\"name\":\"solivri\",\"url\":\"\/fr\/?s=solivri\"}]}<\/script>\n<!-- \/ Yoast SEO Premium plugin. -->","yoast_head_json":{"title":"16.08.12 - CPI\/COTE D' IVOIRE - LA CPI AFFIRME SA COMPETENCE POUR JUGER L\u2019EX-PRESIDENT GBAGBO - JusticeInfo.net","robots":{"index":"index","follow":"follow","max-snippet":"max-snippet:-1","max-image-preview":"max-image-preview:large","max-video-preview":"max-video-preview:-1"},"canonical":"https:\/\/www.justiceinfo.net\/fr\/14475-160812-cpicote-d-ivoire-la-cpi-affirme-sa-competence-pour-juger-lex-president-gbagbo.html","og_locale":"fr_FR","og_type":"article","og_title":"16.08.12 - CPI\/COTE D' IVOIRE - LA CPI AFFIRME SA COMPETENCE POUR JUGER L\u2019EX-PRESIDENT GBAGBO","og_description":"La Haye, 16 ao\u00fbt 2012 (FH) \u2013 Les juges de la Cour p\u00e9nale internationale (CPI) ont rejet\u00e9, mercredi 15 ao\u00fbt, la requ\u00eate en incomp\u00e9tence d\u00e9pos\u00e9e par les avocats de Laurent Gbagbo fin mai 2012, estimant que la C\u00f4te d'Ivoire avait, en 2003, reconnu la comp\u00e9tence de la cour sine die.","og_url":"https:\/\/www.justiceinfo.net\/fr\/14475-160812-cpicote-d-ivoire-la-cpi-affirme-sa-competence-pour-juger-lex-president-gbagbo.html","og_site_name":"JusticeInfo.net","article_publisher":"https:\/\/www.facebook.com\/JusticeInfo\/","article_published_time":"2012-08-16T09:13:49+00:00","og_image":[{"width":1200,"height":630,"url":"https:\/\/www.justiceinfo.net\/wp-content\/uploads\/JusticeInfoNet_logo_1200x630px.jpg","type":"image\/jpeg"}],"author":"solivri","twitter_card":"summary_large_image","twitter_creator":"@justiceinfonet","twitter_site":"@justiceinfonet","twitter_misc":{"\u00c9crit par":"solivri","Dur\u00e9e de lecture estim\u00e9e":"2 minutes"},"schema":{"@context":"https:\/\/schema.org","@graph":[{"@type":"NewsArticle","@id":"https:\/\/www.justiceinfo.net\/fr\/14475-160812-cpicote-d-ivoire-la-cpi-affirme-sa-competence-pour-juger-lex-president-gbagbo.html#article","isPartOf":{"@id":"https:\/\/www.justiceinfo.net\/fr\/14475-160812-cpicote-d-ivoire-la-cpi-affirme-sa-competence-pour-juger-lex-president-gbagbo.html"},"author":{"name":"solivri","@id":"https:\/\/www.justiceinfo.net\/fr#\/schema\/person\/6e53cba1629e2e66f3fc1821d3091865"},"headline":"16.08.12 - CPI\/COTE D' IVOIRE - LA CPI AFFIRME SA COMPETENCE POUR JUGER L\u2019EX-PRESIDENT GBAGBO","datePublished":"2012-08-16T09:13:49+00:00","mainEntityOfPage":{"@id":"https:\/\/www.justiceinfo.net\/fr\/14475-160812-cpicote-d-ivoire-la-cpi-affirme-sa-competence-pour-juger-lex-president-gbagbo.html"},"wordCount":486,"commentCount":0,"publisher":{"@id":"https:\/\/www.justiceinfo.net\/fr#organization"},"articleSection":["Hirondelle News"],"inLanguage":"fr-FR","potentialAction":[{"@type":"CommentAction","name":"Comment","target":["https:\/\/www.justiceinfo.net\/fr\/14475-160812-cpicote-d-ivoire-la-cpi-affirme-sa-competence-pour-juger-lex-president-gbagbo.html#respond"]}]},{"@type":"WebPage","@id":"https:\/\/www.justiceinfo.net\/fr\/14475-160812-cpicote-d-ivoire-la-cpi-affirme-sa-competence-pour-juger-lex-president-gbagbo.html","url":"https:\/\/www.justiceinfo.net\/fr\/14475-160812-cpicote-d-ivoire-la-cpi-affirme-sa-competence-pour-juger-lex-president-gbagbo.html","name":"16.08.12 - CPI\/COTE D' IVOIRE - LA CPI AFFIRME SA COMPETENCE POUR JUGER L\u2019EX-PRESIDENT GBAGBO - JusticeInfo.net","isPartOf":{"@id":"https:\/\/www.justiceinfo.net\/fr#website"},"datePublished":"2012-08-16T09:13:49+00:00","breadcrumb":{"@id":"https:\/\/www.justiceinfo.net\/fr\/14475-160812-cpicote-d-ivoire-la-cpi-affirme-sa-competence-pour-juger-lex-president-gbagbo.html#breadcrumb"},"inLanguage":"fr-FR","potentialAction":[{"@type":"ReadAction","target":["https:\/\/www.justiceinfo.net\/fr\/14475-160812-cpicote-d-ivoire-la-cpi-affirme-sa-competence-pour-juger-lex-president-gbagbo.html"]}]},{"@type":"BreadcrumbList","@id":"https:\/\/www.justiceinfo.net\/fr\/14475-160812-cpicote-d-ivoire-la-cpi-affirme-sa-competence-pour-juger-lex-president-gbagbo.html#breadcrumb","itemListElement":[{"@type":"ListItem","position":1,"name":"Home","item":"https:\/\/www.justiceinfo.net\/fr"},{"@type":"ListItem","position":2,"name":"16.08.12 - CPI\/COTE D' IVOIRE - LA CPI AFFIRME SA COMPETENCE POUR JUGER L\u2019EX-PRESIDENT GBAGBO"}]},{"@type":"WebSite","@id":"https:\/\/www.justiceinfo.net\/fr#website","url":"https:\/\/www.justiceinfo.net\/fr","name":"JusticeInfo.net","description":"La justice doit \u00eatre vue pour \u00eatre rendue","publisher":{"@id":"https:\/\/www.justiceinfo.net\/fr#organization"},"potentialAction":[{"@type":"SearchAction","target":{"@type":"EntryPoint","urlTemplate":"https:\/\/www.justiceinfo.net\/fr?s={search_term_string}"},"query-input":{"@type":"PropertyValueSpecification","valueRequired":true,"valueName":"search_term_string"}}],"inLanguage":"fr-FR"},{"@type":"Organization","@id":"https:\/\/www.justiceinfo.net\/fr#organization","name":"Justice Info","url":"https:\/\/www.justiceinfo.net\/fr","logo":{"@type":"ImageObject","inLanguage":"fr-FR","@id":"https:\/\/www.justiceinfo.net\/fr#\/schema\/logo\/image\/","url":"https:\/\/www.justiceinfo.net\/wp-content\/uploads\/justiceinfo_logo-trans_1200x1200px.png","contentUrl":"https:\/\/www.justiceinfo.net\/wp-content\/uploads\/justiceinfo_logo-trans_1200x1200px.png","width":1199,"height":1200,"caption":"Justice Info"},"image":{"@id":"https:\/\/www.justiceinfo.net\/fr#\/schema\/logo\/image\/"},"sameAs":["https:\/\/www.facebook.com\/JusticeInfo\/","https:\/\/x.com\/justiceinfonet","https:\/\/www.linkedin.com\/company\/justice-info","https:\/\/www.youtube.com\/channel\/UCyCEsARodyuWtkWyhn-e7pA"]},{"@type":"Person","name":"solivri","url":"\/fr\/?s=solivri"}]}},"_links":{"self":[{"href":"https:\/\/www.justiceinfo.net\/fr\/wp-json\/wp\/v2\/posts\/14475","targetHints":{"allow":["GET"]}}],"collection":[{"href":"https:\/\/www.justiceinfo.net\/fr\/wp-json\/wp\/v2\/posts"}],"about":[{"href":"https:\/\/www.justiceinfo.net\/fr\/wp-json\/wp\/v2\/types\/post"}],"author":[{"embeddable":true,"href":"https:\/\/www.justiceinfo.net\/fr\/wp-json\/wp\/v2\/users\/64"}],"replies":[{"embeddable":true,"href":"https:\/\/www.justiceinfo.net\/fr\/wp-json\/wp\/v2\/comments?post=14475"}],"version-history":[{"count":0,"href":"https:\/\/www.justiceinfo.net\/fr\/wp-json\/wp\/v2\/posts\/14475\/revisions"}],"wp:attachment":[{"href":"https:\/\/www.justiceinfo.net\/fr\/wp-json\/wp\/v2\/media?parent=14475"}],"wp:term":[{"taxonomy":"category","embeddable":true,"href":"https:\/\/www.justiceinfo.net\/fr\/wp-json\/wp\/v2\/categories?post=14475"},{"taxonomy":"post_tag","embeddable":true,"href":"https:\/\/www.justiceinfo.net\/fr\/wp-json\/wp\/v2\/tags?post=14475"},{"taxonomy":"ji_location","embeddable":true,"href":"https:\/\/www.justiceinfo.net\/fr\/wp-json\/wp\/v2\/ji_location?post=14475"}],"curies":[{"name":"wp","href":"https:\/\/api.w.org\/{rel}","templated":true}]}}