{"id":14485,"date":"2012-08-23T19:49:40","date_gmt":"2012-08-23T17:49:40","guid":{"rendered":"https:\/\/www.justiceinfo.net\/14485-230812-cpikadhafi-la-libye-defie-la-cpi-sur-laffaire-kadhafi.html"},"modified":"2012-08-23T19:49:40","modified_gmt":"2012-08-23T17:49:40","slug":"230812-cpikadhafi-la-libye-defie-la-cpi-sur-laffaire-kadhafi","status":"publish","type":"post","link":"https:\/\/www.justiceinfo.net\/fr\/14485-230812-cpikadhafi-la-libye-defie-la-cpi-sur-laffaire-kadhafi.html","title":{"rendered":"23.0812 - CPI\/KADHAFI \u2013 LA LIBYE DEFIE LA CPI SUR L\u2019AFFAIRE KADHAFI"},"content":{"rendered":"<p>La Haye, 23 aout 2012 (FH) \u2013 Le procureur g\u00e9n\u00e9ral de Libye a annonc\u00e9, jeudi 22 ao\u00fbt, la tenue, d\u00e8s septembre, du proc\u00e8s de Sa\u00eff Al-Islam Kadhafi \u00e0 Zintan, o\u00f9 il est d\u00e9tenu depuis novembre 2011.<\/p>\n<p><!--more--><\/p>\n<p>Selon le porte-parole du procureur, Taha Nasser Baara, \u00ab\u00a0un comit\u00e9 (\u2026) a termin\u00e9 ses enqu\u00eates sur les crimes commis par Sa\u00eff Al-Islam depuis le d\u00e9but de la r\u00e9volution le 15 f\u00e9vrier et a pr\u00e9par\u00e9 les charges\u00a0\u00bb retenues contre lui. Selon le porte-parole, le procureur g\u00e9n\u00e9ral de Libye devrait confirmer ces charges dans les prochains jours et le proc\u00e8s pourrait se tenir d\u00e8s septembre. <\/p>\n<p>Si ces affirmations sont confirm\u00e9es, la Libye n\u2019aura pas attendu la d\u00e9cision de la Cour p\u00e9nale internationale (CPI), \u00e0 laquelle Tripoli avait demand\u00e9, d\u00e9but mai, l\u2019autorisation de poursuivre le fils du d\u00e9funt Guide libyen sur son sol. Celui qui \u00e9tait consid\u00e9r\u00e9 comme le dauphin de l\u2019ancien r\u00e9gime risque la peine de mort. <\/p>\n<p>Les avocats d\u00e9sign\u00e9s par la Cour pour d\u00e9fendre Sa\u00eff Al-Islam Kadhafi avait alert\u00e9 la Cour, d\u00e8s juillet dernier, de la possibilit\u00e9 d\u2019un proc\u00e8s imminent sur le sol libyen. <\/p>\n<p>Sa\u00eff Al-Islam Kadhafi fait l\u2019objet d\u2019un mandat d\u2019arr\u00eat de la Cour pour crimes contre l\u2019humanit\u00e9, \u00e9mis en juin 2011. <\/p>\n<p>SM\/GF <\/p>\n<p>\u00a0<\/p>\n","protected":false},"excerpt":{"rendered":"<p>La Haye, 23 aout 2012 (FH) \u2013 Le procureur g\u00e9n\u00e9ral de Libye a annonc\u00e9, jeudi 22 ao\u00fbt, la tenue, d\u00e8s septembre, du proc\u00e8s de Sa\u00eff Al-Islam Kadhafi \u00e0 Zintan, o\u00f9 il est d\u00e9tenu depuis novembre 2011.<\/p>\n","protected":false},"author":64,"featured_media":0,"comment_status":"open","ping_status":"closed","sticky":false,"template":"","format":"standard","meta":{"_acf_changed":false,"footnotes":""},"categories":[554],"tags":[],"ji_location":[],"class_list":["post-14485","post","type-post","status-publish","format-standard","hentry","category-hirondellenews"],"acf":[],"yoast_head":"<!-- This site is optimized with the Yoast SEO Premium plugin v25.3.1 (Yoast SEO v25.3.1) - https:\/\/yoast.com\/wordpress\/plugins\/seo\/ -->\n<title>23.0812 - CPI\/KADHAFI \u2013 LA LIBYE DEFIE LA CPI SUR L\u2019AFFAIRE KADHAFI - JusticeInfo.net<\/title>\n<meta name=\"robots\" content=\"index, follow, max-snippet:-1, max-image-preview:large, max-video-preview:-1\" \/>\n<link rel=\"canonical\" href=\"https:\/\/www.justiceinfo.net\/fr\/14485-230812-cpikadhafi-la-libye-defie-la-cpi-sur-laffaire-kadhafi.html\" \/>\n<meta property=\"og:locale\" content=\"fr_FR\" \/>\n<meta property=\"og:type\" content=\"article\" \/>\n<meta property=\"og:title\" content=\"23.0812 - CPI\/KADHAFI \u2013 LA LIBYE DEFIE LA CPI SUR L\u2019AFFAIRE KADHAFI\" \/>\n<meta property=\"og:description\" content=\"La Haye, 23 aout 2012 (FH) \u2013 Le procureur g\u00e9n\u00e9ral de Libye a annonc\u00e9, jeudi 22 ao\u00fbt, la tenue, d\u00e8s septembre, du proc\u00e8s de Sa\u00eff Al-Islam Kadhafi \u00e0 Zintan, o\u00f9 il est d\u00e9tenu depuis novembre 2011.\" \/>\n<meta property=\"og:url\" content=\"https:\/\/www.justiceinfo.net\/fr\/14485-230812-cpikadhafi-la-libye-defie-la-cpi-sur-laffaire-kadhafi.html\" \/>\n<meta property=\"og:site_name\" content=\"JusticeInfo.net\" \/>\n<meta property=\"article:publisher\" content=\"https:\/\/www.facebook.com\/JusticeInfo\/\" \/>\n<meta property=\"article:published_time\" content=\"2012-08-23T17:49:40+00:00\" \/>\n<meta property=\"og:image\" content=\"https:\/\/www.justiceinfo.net\/wp-content\/uploads\/JusticeInfoNet_logo_1200x630px.jpg\" \/>\n\t<meta property=\"og:image:width\" content=\"1200\" \/>\n\t<meta property=\"og:image:height\" content=\"630\" \/>\n\t<meta property=\"og:image:type\" content=\"image\/jpeg\" \/>\n<meta name=\"author\" content=\"solivri\" \/>\n<meta name=\"twitter:card\" content=\"summary_large_image\" \/>\n<meta name=\"twitter:creator\" content=\"@justiceinfonet\" \/>\n<meta name=\"twitter:site\" content=\"@justiceinfonet\" \/>\n<meta name=\"twitter:label1\" content=\"\u00c9crit par\" \/>\n\t<meta name=\"twitter:data1\" content=\"solivri\" \/>\n\t<meta name=\"twitter:label2\" content=\"Dur\u00e9e de lecture estim\u00e9e\" \/>\n\t<meta name=\"twitter:data2\" content=\"1 minute\" \/>\n<script type=\"application\/ld+json\" class=\"yoast-schema-graph\">{\"@context\":\"https:\/\/schema.org\",\"@graph\":[{\"@type\":\"NewsArticle\",\"@id\":\"https:\/\/www.justiceinfo.net\/fr\/14485-230812-cpikadhafi-la-libye-defie-la-cpi-sur-laffaire-kadhafi.html#article\",\"isPartOf\":{\"@id\":\"https:\/\/www.justiceinfo.net\/fr\/14485-230812-cpikadhafi-la-libye-defie-la-cpi-sur-laffaire-kadhafi.html\"},\"author\":{\"name\":\"solivri\",\"@id\":\"https:\/\/www.justiceinfo.net\/fr#\/schema\/person\/6e53cba1629e2e66f3fc1821d3091865\"},\"headline\":\"23.0812 - CPI\/KADHAFI \u2013 LA LIBYE DEFIE LA CPI SUR L\u2019AFFAIRE KADHAFI\",\"datePublished\":\"2012-08-23T17:49:40+00:00\",\"mainEntityOfPage\":{\"@id\":\"https:\/\/www.justiceinfo.net\/fr\/14485-230812-cpikadhafi-la-libye-defie-la-cpi-sur-laffaire-kadhafi.html\"},\"wordCount\":242,\"commentCount\":0,\"publisher\":{\"@id\":\"https:\/\/www.justiceinfo.net\/fr#organization\"},\"articleSection\":[\"Hirondelle News\"],\"inLanguage\":\"fr-FR\",\"potentialAction\":[{\"@type\":\"CommentAction\",\"name\":\"Comment\",\"target\":[\"https:\/\/www.justiceinfo.net\/fr\/14485-230812-cpikadhafi-la-libye-defie-la-cpi-sur-laffaire-kadhafi.html#respond\"]}]},{\"@type\":\"WebPage\",\"@id\":\"https:\/\/www.justiceinfo.net\/fr\/14485-230812-cpikadhafi-la-libye-defie-la-cpi-sur-laffaire-kadhafi.html\",\"url\":\"https:\/\/www.justiceinfo.net\/fr\/14485-230812-cpikadhafi-la-libye-defie-la-cpi-sur-laffaire-kadhafi.html\",\"name\":\"23.0812 - CPI\/KADHAFI \u2013 LA LIBYE DEFIE LA CPI SUR L\u2019AFFAIRE KADHAFI - JusticeInfo.net\",\"isPartOf\":{\"@id\":\"https:\/\/www.justiceinfo.net\/fr#website\"},\"datePublished\":\"2012-08-23T17:49:40+00:00\",\"breadcrumb\":{\"@id\":\"https:\/\/www.justiceinfo.net\/fr\/14485-230812-cpikadhafi-la-libye-defie-la-cpi-sur-laffaire-kadhafi.html#breadcrumb\"},\"inLanguage\":\"fr-FR\",\"potentialAction\":[{\"@type\":\"ReadAction\",\"target\":[\"https:\/\/www.justiceinfo.net\/fr\/14485-230812-cpikadhafi-la-libye-defie-la-cpi-sur-laffaire-kadhafi.html\"]}]},{\"@type\":\"BreadcrumbList\",\"@id\":\"https:\/\/www.justiceinfo.net\/fr\/14485-230812-cpikadhafi-la-libye-defie-la-cpi-sur-laffaire-kadhafi.html#breadcrumb\",\"itemListElement\":[{\"@type\":\"ListItem\",\"position\":1,\"name\":\"Home\",\"item\":\"https:\/\/www.justiceinfo.net\/fr\"},{\"@type\":\"ListItem\",\"position\":2,\"name\":\"23.0812 - CPI\/KADHAFI \u2013 LA LIBYE DEFIE LA CPI SUR L\u2019AFFAIRE KADHAFI\"}]},{\"@type\":\"WebSite\",\"@id\":\"https:\/\/www.justiceinfo.net\/fr#website\",\"url\":\"https:\/\/www.justiceinfo.net\/fr\",\"name\":\"JusticeInfo.net\",\"description\":\"La justice doit \u00eatre vue pour \u00eatre rendue\",\"publisher\":{\"@id\":\"https:\/\/www.justiceinfo.net\/fr#organization\"},\"potentialAction\":[{\"@type\":\"SearchAction\",\"target\":{\"@type\":\"EntryPoint\",\"urlTemplate\":\"https:\/\/www.justiceinfo.net\/fr?s={search_term_string}\"},\"query-input\":{\"@type\":\"PropertyValueSpecification\",\"valueRequired\":true,\"valueName\":\"search_term_string\"}}],\"inLanguage\":\"fr-FR\"},{\"@type\":\"Organization\",\"@id\":\"https:\/\/www.justiceinfo.net\/fr#organization\",\"name\":\"Justice Info\",\"url\":\"https:\/\/www.justiceinfo.net\/fr\",\"logo\":{\"@type\":\"ImageObject\",\"inLanguage\":\"fr-FR\",\"@id\":\"https:\/\/www.justiceinfo.net\/fr#\/schema\/logo\/image\/\",\"url\":\"https:\/\/www.justiceinfo.net\/wp-content\/uploads\/justiceinfo_logo-trans_1200x1200px.png\",\"contentUrl\":\"https:\/\/www.justiceinfo.net\/wp-content\/uploads\/justiceinfo_logo-trans_1200x1200px.png\",\"width\":1199,\"height\":1200,\"caption\":\"Justice Info\"},\"image\":{\"@id\":\"https:\/\/www.justiceinfo.net\/fr#\/schema\/logo\/image\/\"},\"sameAs\":[\"https:\/\/www.facebook.com\/JusticeInfo\/\",\"https:\/\/x.com\/justiceinfonet\",\"https:\/\/www.linkedin.com\/company\/justice-info\",\"https:\/\/www.youtube.com\/channel\/UCyCEsARodyuWtkWyhn-e7pA\"]},{\"@type\":\"Person\",\"name\":\"solivri\",\"url\":\"\/fr\/?s=solivri\"}]}<\/script>\n<!-- \/ Yoast SEO Premium plugin. -->","yoast_head_json":{"title":"23.0812 - CPI\/KADHAFI \u2013 LA LIBYE DEFIE LA CPI SUR L\u2019AFFAIRE KADHAFI - JusticeInfo.net","robots":{"index":"index","follow":"follow","max-snippet":"max-snippet:-1","max-image-preview":"max-image-preview:large","max-video-preview":"max-video-preview:-1"},"canonical":"https:\/\/www.justiceinfo.net\/fr\/14485-230812-cpikadhafi-la-libye-defie-la-cpi-sur-laffaire-kadhafi.html","og_locale":"fr_FR","og_type":"article","og_title":"23.0812 - CPI\/KADHAFI \u2013 LA LIBYE DEFIE LA CPI SUR L\u2019AFFAIRE KADHAFI","og_description":"La Haye, 23 aout 2012 (FH) \u2013 Le procureur g\u00e9n\u00e9ral de Libye a annonc\u00e9, jeudi 22 ao\u00fbt, la tenue, d\u00e8s septembre, du proc\u00e8s de Sa\u00eff Al-Islam Kadhafi \u00e0 Zintan, o\u00f9 il est d\u00e9tenu depuis novembre 2011.","og_url":"https:\/\/www.justiceinfo.net\/fr\/14485-230812-cpikadhafi-la-libye-defie-la-cpi-sur-laffaire-kadhafi.html","og_site_name":"JusticeInfo.net","article_publisher":"https:\/\/www.facebook.com\/JusticeInfo\/","article_published_time":"2012-08-23T17:49:40+00:00","og_image":[{"width":1200,"height":630,"url":"https:\/\/www.justiceinfo.net\/wp-content\/uploads\/JusticeInfoNet_logo_1200x630px.jpg","type":"image\/jpeg"}],"author":"solivri","twitter_card":"summary_large_image","twitter_creator":"@justiceinfonet","twitter_site":"@justiceinfonet","twitter_misc":{"\u00c9crit par":"solivri","Dur\u00e9e de lecture estim\u00e9e":"1 minute"},"schema":{"@context":"https:\/\/schema.org","@graph":[{"@type":"NewsArticle","@id":"https:\/\/www.justiceinfo.net\/fr\/14485-230812-cpikadhafi-la-libye-defie-la-cpi-sur-laffaire-kadhafi.html#article","isPartOf":{"@id":"https:\/\/www.justiceinfo.net\/fr\/14485-230812-cpikadhafi-la-libye-defie-la-cpi-sur-laffaire-kadhafi.html"},"author":{"name":"solivri","@id":"https:\/\/www.justiceinfo.net\/fr#\/schema\/person\/6e53cba1629e2e66f3fc1821d3091865"},"headline":"23.0812 - CPI\/KADHAFI \u2013 LA LIBYE DEFIE LA CPI SUR L\u2019AFFAIRE KADHAFI","datePublished":"2012-08-23T17:49:40+00:00","mainEntityOfPage":{"@id":"https:\/\/www.justiceinfo.net\/fr\/14485-230812-cpikadhafi-la-libye-defie-la-cpi-sur-laffaire-kadhafi.html"},"wordCount":242,"commentCount":0,"publisher":{"@id":"https:\/\/www.justiceinfo.net\/fr#organization"},"articleSection":["Hirondelle News"],"inLanguage":"fr-FR","potentialAction":[{"@type":"CommentAction","name":"Comment","target":["https:\/\/www.justiceinfo.net\/fr\/14485-230812-cpikadhafi-la-libye-defie-la-cpi-sur-laffaire-kadhafi.html#respond"]}]},{"@type":"WebPage","@id":"https:\/\/www.justiceinfo.net\/fr\/14485-230812-cpikadhafi-la-libye-defie-la-cpi-sur-laffaire-kadhafi.html","url":"https:\/\/www.justiceinfo.net\/fr\/14485-230812-cpikadhafi-la-libye-defie-la-cpi-sur-laffaire-kadhafi.html","name":"23.0812 - CPI\/KADHAFI \u2013 LA LIBYE DEFIE LA CPI SUR L\u2019AFFAIRE KADHAFI - JusticeInfo.net","isPartOf":{"@id":"https:\/\/www.justiceinfo.net\/fr#website"},"datePublished":"2012-08-23T17:49:40+00:00","breadcrumb":{"@id":"https:\/\/www.justiceinfo.net\/fr\/14485-230812-cpikadhafi-la-libye-defie-la-cpi-sur-laffaire-kadhafi.html#breadcrumb"},"inLanguage":"fr-FR","potentialAction":[{"@type":"ReadAction","target":["https:\/\/www.justiceinfo.net\/fr\/14485-230812-cpikadhafi-la-libye-defie-la-cpi-sur-laffaire-kadhafi.html"]}]},{"@type":"BreadcrumbList","@id":"https:\/\/www.justiceinfo.net\/fr\/14485-230812-cpikadhafi-la-libye-defie-la-cpi-sur-laffaire-kadhafi.html#breadcrumb","itemListElement":[{"@type":"ListItem","position":1,"name":"Home","item":"https:\/\/www.justiceinfo.net\/fr"},{"@type":"ListItem","position":2,"name":"23.0812 - CPI\/KADHAFI \u2013 LA LIBYE DEFIE LA CPI SUR L\u2019AFFAIRE KADHAFI"}]},{"@type":"WebSite","@id":"https:\/\/www.justiceinfo.net\/fr#website","url":"https:\/\/www.justiceinfo.net\/fr","name":"JusticeInfo.net","description":"La justice doit \u00eatre vue pour \u00eatre rendue","publisher":{"@id":"https:\/\/www.justiceinfo.net\/fr#organization"},"potentialAction":[{"@type":"SearchAction","target":{"@type":"EntryPoint","urlTemplate":"https:\/\/www.justiceinfo.net\/fr?s={search_term_string}"},"query-input":{"@type":"PropertyValueSpecification","valueRequired":true,"valueName":"search_term_string"}}],"inLanguage":"fr-FR"},{"@type":"Organization","@id":"https:\/\/www.justiceinfo.net\/fr#organization","name":"Justice Info","url":"https:\/\/www.justiceinfo.net\/fr","logo":{"@type":"ImageObject","inLanguage":"fr-FR","@id":"https:\/\/www.justiceinfo.net\/fr#\/schema\/logo\/image\/","url":"https:\/\/www.justiceinfo.net\/wp-content\/uploads\/justiceinfo_logo-trans_1200x1200px.png","contentUrl":"https:\/\/www.justiceinfo.net\/wp-content\/uploads\/justiceinfo_logo-trans_1200x1200px.png","width":1199,"height":1200,"caption":"Justice Info"},"image":{"@id":"https:\/\/www.justiceinfo.net\/fr#\/schema\/logo\/image\/"},"sameAs":["https:\/\/www.facebook.com\/JusticeInfo\/","https:\/\/x.com\/justiceinfonet","https:\/\/www.linkedin.com\/company\/justice-info","https:\/\/www.youtube.com\/channel\/UCyCEsARodyuWtkWyhn-e7pA"]},{"@type":"Person","name":"solivri","url":"\/fr\/?s=solivri"}]}},"_links":{"self":[{"href":"https:\/\/www.justiceinfo.net\/fr\/wp-json\/wp\/v2\/posts\/14485","targetHints":{"allow":["GET"]}}],"collection":[{"href":"https:\/\/www.justiceinfo.net\/fr\/wp-json\/wp\/v2\/posts"}],"about":[{"href":"https:\/\/www.justiceinfo.net\/fr\/wp-json\/wp\/v2\/types\/post"}],"author":[{"embeddable":true,"href":"https:\/\/www.justiceinfo.net\/fr\/wp-json\/wp\/v2\/users\/64"}],"replies":[{"embeddable":true,"href":"https:\/\/www.justiceinfo.net\/fr\/wp-json\/wp\/v2\/comments?post=14485"}],"version-history":[{"count":0,"href":"https:\/\/www.justiceinfo.net\/fr\/wp-json\/wp\/v2\/posts\/14485\/revisions"}],"wp:attachment":[{"href":"https:\/\/www.justiceinfo.net\/fr\/wp-json\/wp\/v2\/media?parent=14485"}],"wp:term":[{"taxonomy":"category","embeddable":true,"href":"https:\/\/www.justiceinfo.net\/fr\/wp-json\/wp\/v2\/categories?post=14485"},{"taxonomy":"post_tag","embeddable":true,"href":"https:\/\/www.justiceinfo.net\/fr\/wp-json\/wp\/v2\/tags?post=14485"},{"taxonomy":"ji_location","embeddable":true,"href":"https:\/\/www.justiceinfo.net\/fr\/wp-json\/wp\/v2\/ji_location?post=14485"}],"curies":[{"name":"wp","href":"https:\/\/api.w.org\/{rel}","templated":true}]}}