{"id":14486,"date":"2012-08-24T09:42:49","date_gmt":"2012-08-24T07:42:49","guid":{"rendered":"https:\/\/www.justiceinfo.net\/14486-240812-synthese-hebdomadaire-audio.html"},"modified":"2012-08-24T09:42:49","modified_gmt":"2012-08-24T07:42:49","slug":"240812-synthese-hebdomadaire-audio","status":"publish","type":"post","link":"https:\/\/www.justiceinfo.net\/fr\/14486-240812-synthese-hebdomadaire-audio.html","title":{"rendered":"24.08.12 - SYNTHESE HEBDOMADAIRE (AUDIO)"},"content":{"rendered":"<p>Arusha, 24 aout 2012 (FH) \u2013 La Libye a d\u00e9fi\u00e9 la Cour p\u00e9nale internationale (CPI) en annon\u00e7ant sa d\u00e9cision de juger Sa\u00eff al-Islam Kadhafi, \u00e0 partir du mois prochain. Et puis, le S\u00e9n\u00e9gal et l\u2019Union africaine ont sign\u00e9 un nouvel accord pour le jugement de l\u2019ancien pr\u00e9sident tchadien Hiss\u00e8ne Habr\u00e9. Le point avec Ephrem Rugiririza.<\/p>\n<p><!--more--><\/p>\n<p>{podcast 24.08.12 - SYNTHESE HEBDOMADAIRE (AUDIO)}<\/p>\n","protected":false},"excerpt":{"rendered":"<p>Arusha, 24 aout 2012 (FH) \u2013 La Libye a d\u00e9fi\u00e9 la Cour p\u00e9nale internationale (CPI) en annon\u00e7ant sa d\u00e9cision de juger Sa\u00eff al-Islam Kadhafi, \u00e0 partir du mois prochain. Et puis, le S\u00e9n\u00e9gal et l\u2019Union africaine ont sign\u00e9 un nouvel accord pour le jugement de l\u2019ancien pr\u00e9sident tchadien Hiss\u00e8ne Habr\u00e9. Le point avec Ephrem Rugiririza.<\/p>\n","protected":false},"author":64,"featured_media":0,"comment_status":"open","ping_status":"closed","sticky":false,"template":"","format":"standard","meta":{"_acf_changed":false,"footnotes":""},"categories":[554],"tags":[],"ji_location":[],"class_list":["post-14486","post","type-post","status-publish","format-standard","hentry","category-hirondellenews"],"acf":[],"yoast_head":"<!-- This site is optimized with the Yoast SEO Premium plugin v25.3.1 (Yoast SEO v25.3.1) - https:\/\/yoast.com\/wordpress\/plugins\/seo\/ -->\n<title>24.08.12 - SYNTHESE HEBDOMADAIRE (AUDIO) - JusticeInfo.net<\/title>\n<meta name=\"robots\" content=\"index, follow, max-snippet:-1, max-image-preview:large, max-video-preview:-1\" \/>\n<link rel=\"canonical\" href=\"https:\/\/www.justiceinfo.net\/fr\/14486-240812-synthese-hebdomadaire-audio.html\" \/>\n<meta property=\"og:locale\" content=\"fr_FR\" \/>\n<meta property=\"og:type\" content=\"article\" \/>\n<meta property=\"og:title\" content=\"24.08.12 - SYNTHESE HEBDOMADAIRE (AUDIO)\" \/>\n<meta property=\"og:description\" content=\"Arusha, 24 aout 2012 (FH) \u2013 La Libye a d\u00e9fi\u00e9 la Cour p\u00e9nale internationale (CPI) en annon\u00e7ant sa d\u00e9cision de juger Sa\u00eff al-Islam Kadhafi, \u00e0 partir du mois prochain. Et puis, le S\u00e9n\u00e9gal et l\u2019Union africaine ont sign\u00e9 un nouvel accord pour le jugement de l\u2019ancien pr\u00e9sident tchadien Hiss\u00e8ne Habr\u00e9. Le point avec Ephrem Rugiririza.\" \/>\n<meta property=\"og:url\" content=\"https:\/\/www.justiceinfo.net\/fr\/14486-240812-synthese-hebdomadaire-audio.html\" \/>\n<meta property=\"og:site_name\" content=\"JusticeInfo.net\" \/>\n<meta property=\"article:publisher\" content=\"https:\/\/www.facebook.com\/JusticeInfo\/\" \/>\n<meta property=\"article:published_time\" content=\"2012-08-24T07:42:49+00:00\" \/>\n<meta property=\"og:image\" content=\"https:\/\/www.justiceinfo.net\/wp-content\/uploads\/JusticeInfoNet_logo_1200x630px.jpg\" \/>\n\t<meta property=\"og:image:width\" content=\"1200\" \/>\n\t<meta property=\"og:image:height\" content=\"630\" \/>\n\t<meta property=\"og:image:type\" content=\"image\/jpeg\" \/>\n<meta name=\"author\" content=\"solivri\" \/>\n<meta name=\"twitter:card\" content=\"summary_large_image\" \/>\n<meta name=\"twitter:creator\" content=\"@justiceinfonet\" \/>\n<meta name=\"twitter:site\" content=\"@justiceinfonet\" \/>\n<meta name=\"twitter:label1\" content=\"\u00c9crit par\" \/>\n\t<meta name=\"twitter:data1\" content=\"solivri\" \/>\n<script type=\"application\/ld+json\" class=\"yoast-schema-graph\">{\"@context\":\"https:\/\/schema.org\",\"@graph\":[{\"@type\":\"NewsArticle\",\"@id\":\"https:\/\/www.justiceinfo.net\/fr\/14486-240812-synthese-hebdomadaire-audio.html#article\",\"isPartOf\":{\"@id\":\"https:\/\/www.justiceinfo.net\/fr\/14486-240812-synthese-hebdomadaire-audio.html\"},\"author\":{\"name\":\"solivri\",\"@id\":\"https:\/\/www.justiceinfo.net\/fr#\/schema\/person\/6e53cba1629e2e66f3fc1821d3091865\"},\"headline\":\"24.08.12 - SYNTHESE HEBDOMADAIRE (AUDIO)\",\"datePublished\":\"2012-08-24T07:42:49+00:00\",\"mainEntityOfPage\":{\"@id\":\"https:\/\/www.justiceinfo.net\/fr\/14486-240812-synthese-hebdomadaire-audio.html\"},\"wordCount\":71,\"commentCount\":0,\"publisher\":{\"@id\":\"https:\/\/www.justiceinfo.net\/fr#organization\"},\"articleSection\":[\"Hirondelle News\"],\"inLanguage\":\"fr-FR\",\"potentialAction\":[{\"@type\":\"CommentAction\",\"name\":\"Comment\",\"target\":[\"https:\/\/www.justiceinfo.net\/fr\/14486-240812-synthese-hebdomadaire-audio.html#respond\"]}]},{\"@type\":\"WebPage\",\"@id\":\"https:\/\/www.justiceinfo.net\/fr\/14486-240812-synthese-hebdomadaire-audio.html\",\"url\":\"https:\/\/www.justiceinfo.net\/fr\/14486-240812-synthese-hebdomadaire-audio.html\",\"name\":\"24.08.12 - SYNTHESE HEBDOMADAIRE (AUDIO) - JusticeInfo.net\",\"isPartOf\":{\"@id\":\"https:\/\/www.justiceinfo.net\/fr#website\"},\"datePublished\":\"2012-08-24T07:42:49+00:00\",\"breadcrumb\":{\"@id\":\"https:\/\/www.justiceinfo.net\/fr\/14486-240812-synthese-hebdomadaire-audio.html#breadcrumb\"},\"inLanguage\":\"fr-FR\",\"potentialAction\":[{\"@type\":\"ReadAction\",\"target\":[\"https:\/\/www.justiceinfo.net\/fr\/14486-240812-synthese-hebdomadaire-audio.html\"]}]},{\"@type\":\"BreadcrumbList\",\"@id\":\"https:\/\/www.justiceinfo.net\/fr\/14486-240812-synthese-hebdomadaire-audio.html#breadcrumb\",\"itemListElement\":[{\"@type\":\"ListItem\",\"position\":1,\"name\":\"Home\",\"item\":\"https:\/\/www.justiceinfo.net\/fr\"},{\"@type\":\"ListItem\",\"position\":2,\"name\":\"24.08.12 - SYNTHESE HEBDOMADAIRE (AUDIO)\"}]},{\"@type\":\"WebSite\",\"@id\":\"https:\/\/www.justiceinfo.net\/fr#website\",\"url\":\"https:\/\/www.justiceinfo.net\/fr\",\"name\":\"JusticeInfo.net\",\"description\":\"La justice doit \u00eatre vue pour \u00eatre rendue\",\"publisher\":{\"@id\":\"https:\/\/www.justiceinfo.net\/fr#organization\"},\"potentialAction\":[{\"@type\":\"SearchAction\",\"target\":{\"@type\":\"EntryPoint\",\"urlTemplate\":\"https:\/\/www.justiceinfo.net\/fr?s={search_term_string}\"},\"query-input\":{\"@type\":\"PropertyValueSpecification\",\"valueRequired\":true,\"valueName\":\"search_term_string\"}}],\"inLanguage\":\"fr-FR\"},{\"@type\":\"Organization\",\"@id\":\"https:\/\/www.justiceinfo.net\/fr#organization\",\"name\":\"Justice Info\",\"url\":\"https:\/\/www.justiceinfo.net\/fr\",\"logo\":{\"@type\":\"ImageObject\",\"inLanguage\":\"fr-FR\",\"@id\":\"https:\/\/www.justiceinfo.net\/fr#\/schema\/logo\/image\/\",\"url\":\"https:\/\/www.justiceinfo.net\/wp-content\/uploads\/justiceinfo_logo-trans_1200x1200px.png\",\"contentUrl\":\"https:\/\/www.justiceinfo.net\/wp-content\/uploads\/justiceinfo_logo-trans_1200x1200px.png\",\"width\":1199,\"height\":1200,\"caption\":\"Justice Info\"},\"image\":{\"@id\":\"https:\/\/www.justiceinfo.net\/fr#\/schema\/logo\/image\/\"},\"sameAs\":[\"https:\/\/www.facebook.com\/JusticeInfo\/\",\"https:\/\/x.com\/justiceinfonet\",\"https:\/\/www.linkedin.com\/company\/justice-info\",\"https:\/\/www.youtube.com\/channel\/UCyCEsARodyuWtkWyhn-e7pA\"]},{\"@type\":\"Person\",\"name\":\"solivri\",\"url\":\"\/fr\/?s=solivri\"}]}<\/script>\n<!-- \/ Yoast SEO Premium plugin. -->","yoast_head_json":{"title":"24.08.12 - SYNTHESE HEBDOMADAIRE (AUDIO) - JusticeInfo.net","robots":{"index":"index","follow":"follow","max-snippet":"max-snippet:-1","max-image-preview":"max-image-preview:large","max-video-preview":"max-video-preview:-1"},"canonical":"https:\/\/www.justiceinfo.net\/fr\/14486-240812-synthese-hebdomadaire-audio.html","og_locale":"fr_FR","og_type":"article","og_title":"24.08.12 - SYNTHESE HEBDOMADAIRE (AUDIO)","og_description":"Arusha, 24 aout 2012 (FH) \u2013 La Libye a d\u00e9fi\u00e9 la Cour p\u00e9nale internationale (CPI) en annon\u00e7ant sa d\u00e9cision de juger Sa\u00eff al-Islam Kadhafi, \u00e0 partir du mois prochain. Et puis, le S\u00e9n\u00e9gal et l\u2019Union africaine ont sign\u00e9 un nouvel accord pour le jugement de l\u2019ancien pr\u00e9sident tchadien Hiss\u00e8ne Habr\u00e9. Le point avec Ephrem Rugiririza.","og_url":"https:\/\/www.justiceinfo.net\/fr\/14486-240812-synthese-hebdomadaire-audio.html","og_site_name":"JusticeInfo.net","article_publisher":"https:\/\/www.facebook.com\/JusticeInfo\/","article_published_time":"2012-08-24T07:42:49+00:00","og_image":[{"width":1200,"height":630,"url":"https:\/\/www.justiceinfo.net\/wp-content\/uploads\/JusticeInfoNet_logo_1200x630px.jpg","type":"image\/jpeg"}],"author":"solivri","twitter_card":"summary_large_image","twitter_creator":"@justiceinfonet","twitter_site":"@justiceinfonet","twitter_misc":{"\u00c9crit par":"solivri"},"schema":{"@context":"https:\/\/schema.org","@graph":[{"@type":"NewsArticle","@id":"https:\/\/www.justiceinfo.net\/fr\/14486-240812-synthese-hebdomadaire-audio.html#article","isPartOf":{"@id":"https:\/\/www.justiceinfo.net\/fr\/14486-240812-synthese-hebdomadaire-audio.html"},"author":{"name":"solivri","@id":"https:\/\/www.justiceinfo.net\/fr#\/schema\/person\/6e53cba1629e2e66f3fc1821d3091865"},"headline":"24.08.12 - SYNTHESE HEBDOMADAIRE (AUDIO)","datePublished":"2012-08-24T07:42:49+00:00","mainEntityOfPage":{"@id":"https:\/\/www.justiceinfo.net\/fr\/14486-240812-synthese-hebdomadaire-audio.html"},"wordCount":71,"commentCount":0,"publisher":{"@id":"https:\/\/www.justiceinfo.net\/fr#organization"},"articleSection":["Hirondelle News"],"inLanguage":"fr-FR","potentialAction":[{"@type":"CommentAction","name":"Comment","target":["https:\/\/www.justiceinfo.net\/fr\/14486-240812-synthese-hebdomadaire-audio.html#respond"]}]},{"@type":"WebPage","@id":"https:\/\/www.justiceinfo.net\/fr\/14486-240812-synthese-hebdomadaire-audio.html","url":"https:\/\/www.justiceinfo.net\/fr\/14486-240812-synthese-hebdomadaire-audio.html","name":"24.08.12 - SYNTHESE HEBDOMADAIRE (AUDIO) - JusticeInfo.net","isPartOf":{"@id":"https:\/\/www.justiceinfo.net\/fr#website"},"datePublished":"2012-08-24T07:42:49+00:00","breadcrumb":{"@id":"https:\/\/www.justiceinfo.net\/fr\/14486-240812-synthese-hebdomadaire-audio.html#breadcrumb"},"inLanguage":"fr-FR","potentialAction":[{"@type":"ReadAction","target":["https:\/\/www.justiceinfo.net\/fr\/14486-240812-synthese-hebdomadaire-audio.html"]}]},{"@type":"BreadcrumbList","@id":"https:\/\/www.justiceinfo.net\/fr\/14486-240812-synthese-hebdomadaire-audio.html#breadcrumb","itemListElement":[{"@type":"ListItem","position":1,"name":"Home","item":"https:\/\/www.justiceinfo.net\/fr"},{"@type":"ListItem","position":2,"name":"24.08.12 - SYNTHESE HEBDOMADAIRE (AUDIO)"}]},{"@type":"WebSite","@id":"https:\/\/www.justiceinfo.net\/fr#website","url":"https:\/\/www.justiceinfo.net\/fr","name":"JusticeInfo.net","description":"La justice doit \u00eatre vue pour \u00eatre rendue","publisher":{"@id":"https:\/\/www.justiceinfo.net\/fr#organization"},"potentialAction":[{"@type":"SearchAction","target":{"@type":"EntryPoint","urlTemplate":"https:\/\/www.justiceinfo.net\/fr?s={search_term_string}"},"query-input":{"@type":"PropertyValueSpecification","valueRequired":true,"valueName":"search_term_string"}}],"inLanguage":"fr-FR"},{"@type":"Organization","@id":"https:\/\/www.justiceinfo.net\/fr#organization","name":"Justice Info","url":"https:\/\/www.justiceinfo.net\/fr","logo":{"@type":"ImageObject","inLanguage":"fr-FR","@id":"https:\/\/www.justiceinfo.net\/fr#\/schema\/logo\/image\/","url":"https:\/\/www.justiceinfo.net\/wp-content\/uploads\/justiceinfo_logo-trans_1200x1200px.png","contentUrl":"https:\/\/www.justiceinfo.net\/wp-content\/uploads\/justiceinfo_logo-trans_1200x1200px.png","width":1199,"height":1200,"caption":"Justice Info"},"image":{"@id":"https:\/\/www.justiceinfo.net\/fr#\/schema\/logo\/image\/"},"sameAs":["https:\/\/www.facebook.com\/JusticeInfo\/","https:\/\/x.com\/justiceinfonet","https:\/\/www.linkedin.com\/company\/justice-info","https:\/\/www.youtube.com\/channel\/UCyCEsARodyuWtkWyhn-e7pA"]},{"@type":"Person","name":"solivri","url":"\/fr\/?s=solivri"}]}},"_links":{"self":[{"href":"https:\/\/www.justiceinfo.net\/fr\/wp-json\/wp\/v2\/posts\/14486","targetHints":{"allow":["GET"]}}],"collection":[{"href":"https:\/\/www.justiceinfo.net\/fr\/wp-json\/wp\/v2\/posts"}],"about":[{"href":"https:\/\/www.justiceinfo.net\/fr\/wp-json\/wp\/v2\/types\/post"}],"author":[{"embeddable":true,"href":"https:\/\/www.justiceinfo.net\/fr\/wp-json\/wp\/v2\/users\/64"}],"replies":[{"embeddable":true,"href":"https:\/\/www.justiceinfo.net\/fr\/wp-json\/wp\/v2\/comments?post=14486"}],"version-history":[{"count":0,"href":"https:\/\/www.justiceinfo.net\/fr\/wp-json\/wp\/v2\/posts\/14486\/revisions"}],"wp:attachment":[{"href":"https:\/\/www.justiceinfo.net\/fr\/wp-json\/wp\/v2\/media?parent=14486"}],"wp:term":[{"taxonomy":"category","embeddable":true,"href":"https:\/\/www.justiceinfo.net\/fr\/wp-json\/wp\/v2\/categories?post=14486"},{"taxonomy":"post_tag","embeddable":true,"href":"https:\/\/www.justiceinfo.net\/fr\/wp-json\/wp\/v2\/tags?post=14486"},{"taxonomy":"ji_location","embeddable":true,"href":"https:\/\/www.justiceinfo.net\/fr\/wp-json\/wp\/v2\/ji_location?post=14486"}],"curies":[{"name":"wp","href":"https:\/\/api.w.org\/{rel}","templated":true}]}}