{"id":14491,"date":"2012-08-28T14:23:09","date_gmt":"2012-08-28T12:23:09","guid":{"rendered":"https:\/\/www.justiceinfo.net\/14491-280812-mtpimunyarugarama-un-avocat-confond-les-competences-du-tpir-et-de-la-structure-qui-lui-succede.html"},"modified":"2012-08-28T14:23:09","modified_gmt":"2012-08-28T12:23:09","slug":"280812-mtpimunyarugarama-un-avocat-confond-les-competences-du-tpir-et-de-la-structure-qui-lui-succede","status":"publish","type":"post","link":"https:\/\/www.justiceinfo.net\/fr\/14491-280812-mtpimunyarugarama-un-avocat-confond-les-competences-du-tpir-et-de-la-structure-qui-lui-succede.html","title":{"rendered":"28.08.12 - MTPI\/MUNYARUGARAMA - UN AVOCAT CONFOND COMPETENCES DU TPIR ET DU MTPI"},"content":{"rendered":"<p>Arusha, 28 ao\u00fbt 2012 (FH) \u2013 La r\u00e9partition des t\u00e2ches entre le Tribunal p\u00e9nal international pour le Rwanda (TPIR) et le M\u00e9canisme pour les Tribunaux p\u00e9naux internationaux (MTPI) est encore floue pour de nombreux praticiens de la justice internationale. En t\u00e9moigne une\u00a0ordonnance du juge am\u00e9ricain Theodor Meron, pr\u00e9sident du MTPI, qui a\u00a0du rappeler \u00e0 l'ordre\u00a0Ma\u00eetre Francis Stolla, l'avocat tanzanien d'un\u00a0accus\u00e9 encore en fuite.<\/p>\n<p><!--more--><\/p>\n<p>Pr\u00e9sident du barreau de la Tanzanie continentale,\u00a0Francis Stolla\u00a0repr\u00e9sente, dans une proc\u00e9dure de transfert vers le Rwanda, les int\u00e9r\u00eats du colonel Ph\u00e9n\u00e9as Munyarugarama. Dans une d\u00e9cision rendue le 28 juin dernier, une chambre de renvoi du TPIR avait conclu que le Rwanda remplissait toutes les conditions pour juger l\u2019accus\u00e9, s\u2019il \u00e9tait arr\u00eat\u00e9.<\/p>\n<p>L\u2019avocat a fait appel. Mais il a abusivement adress\u00e9 son acte d\u2019appel dat\u00e9 du 11 juillet au TPIR qui n\u2019est plus comp\u00e9tent pour cette affaire. En effet, selon la r\u00e9solution 1966 du Conseil de s\u00e9curit\u00e9, toutes les proc\u00e9dures d\u2019appel initi\u00e9es apr\u00e8s l\u2019entr\u00e9e en fonction du MTPI \u00e9chappent d\u00e9sormais \u00e0 la comp\u00e9tence du TPIR. Elles rentrent dans le mandat du M\u00e9canisme dont la branche d\u2019Arusha a officiellement commenc\u00e9 ses travaux le 1er juillet. Celle de la Haye, pour les fonctions r\u00e9siduelles du Tribunal pour l\u2019ex-Yougoslavie\u00a0 (TPIY), entrera en fonction d\u00e9but juillet 2013.<\/p>\n<p>Dans une ordonnance dat\u00e9e du 17 juillet, le juge Meron avait rappel\u00e9 \u00e0 Ma\u00eetre Stolla qu\u2019il s\u2019\u00e9tait tromp\u00e9 d\u2019adresse. Le magistrat am\u00e9ricain avait, dans la m\u00eame d\u00e9cision, donn\u00e9 instruction au greffe d\u2019orienter l\u2019acte d\u2019appel de l\u2019avocat vers l\u2019institution comp\u00e9tente, \u00e0 savoir le M\u00e9canisme. Mais le b\u00e2tonnier Stolla a r\u00e9cidiv\u00e9 en envoyant son m\u00e9moire d\u2019appel complet, le 31 juillet, au TPIR. S\u2019\u00e9tant sans doute ravis\u00e9, il l\u2019a d\u00e9pos\u00e9 au greffe du M\u00e9canisme le lendemain.<\/p>\n<p>Le juge Meron s\u2019est vu dans l\u2019obligation de faire un deuxi\u00e8me rappel \u00e0 l\u2019avocat de permanence de Munyarugarama. \u00ab Le M\u00e9canisme, et non le tribunal, est comp\u00e9tent pour conduire et terminer les proc\u00e9dures d\u2019appel dans cette affaire \u00bb.<\/p>\n<p>Le mandat du MTPI<\/p>\n<p>En plus des appels initi\u00e9s apr\u00e8s le premier juillet, la branche d\u2019Arusha du MTPI a notamment pour mission de veiller \u00e0 ce que les neuf accus\u00e9s encore en fuite soient arr\u00eat\u00e9s. Il devra juger, s\u2019ils sont appr\u00e9hend\u00e9s, trois d\u2019entre eux consid\u00e9r\u00e9s comme des poids lourds du g\u00e9nocide des Tutsis de 1994. Pour les six autres, dont le Munyaruragama, le processus du renvoi de leurs dossiers\u00a0 vers le Rwanda est presque termin\u00e9. Le M\u00e9canisme est aussi comp\u00e9tent pour d\u2019\u00e9ventuels nouveaux cas d\u2019outrage au tribunal et de faux t\u00e9moignage. Il est \u00e9galement charg\u00e9 du suivi des mesures de protection prises en faveur de certains t\u00e9moins et victimes, de la supervision de l\u2019ex\u00e9cution des peines, de l\u2019assistance aux juridictions de pays tiers enqu\u00eatant sur des Rwandais soup\u00e7onn\u00e9s de participation au g\u00e9nocide. Il a enfin pour mandat de g\u00e9rer les archives. Pour sa part, le TPIR doit, entre autres responsabilit\u00e9s, terminer toutes les proc\u00e9dures (de premi\u00e8re instance ou d\u2019appel) dont il \u00e9tait saisi au 1er juillet, avant de clore ses travaux au plus tard le 31 d\u00e9cembre 2012. Le TPIR et la branche du MTPI sont abrit\u00e9s par le Centre international de conf\u00e9rences (AICC) d\u2019Arusha, dans le nord de la Tanzanie.<\/p>\n<p>ER\/GF<\/p>\n","protected":false},"excerpt":{"rendered":"<p>Arusha, 28 ao\u00fbt 2012 (FH) \u2013 La r\u00e9partition des t\u00e2ches entre le Tribunal p\u00e9nal international pour le Rwanda (TPIR) et le M\u00e9canisme pour les Tribunaux p\u00e9naux internationaux (MTPI) est encore floue pour de nombreux praticiens de la justice internationale. En t\u00e9moigne une\u00a0ordonnance du juge am\u00e9ricain Theodor Meron, pr\u00e9sident du MTPI, qui a\u00a0du rappeler \u00e0 l'ordre\u00a0Ma\u00eetre [&hellip;]<\/p>\n","protected":false},"author":64,"featured_media":0,"comment_status":"open","ping_status":"closed","sticky":false,"template":"","format":"standard","meta":{"_acf_changed":false,"footnotes":""},"categories":[554],"tags":[],"ji_location":[],"class_list":["post-14491","post","type-post","status-publish","format-standard","hentry","category-hirondellenews"],"acf":[],"yoast_head":"<!-- This site is optimized with the Yoast SEO Premium plugin v25.3.1 (Yoast SEO v25.3.1) - https:\/\/yoast.com\/wordpress\/plugins\/seo\/ -->\n<title>28.08.12 - MTPI\/MUNYARUGARAMA - UN AVOCAT CONFOND COMPETENCES DU TPIR ET DU MTPI - JusticeInfo.net<\/title>\n<meta name=\"robots\" content=\"index, follow, max-snippet:-1, max-image-preview:large, max-video-preview:-1\" \/>\n<link rel=\"canonical\" href=\"https:\/\/www.justiceinfo.net\/fr\/14491-280812-mtpimunyarugarama-un-avocat-confond-les-competences-du-tpir-et-de-la-structure-qui-lui-succede.html\" \/>\n<meta property=\"og:locale\" content=\"fr_FR\" \/>\n<meta property=\"og:type\" content=\"article\" \/>\n<meta property=\"og:title\" content=\"28.08.12 - MTPI\/MUNYARUGARAMA - UN AVOCAT CONFOND COMPETENCES DU TPIR ET DU MTPI\" \/>\n<meta property=\"og:description\" content=\"Arusha, 28 ao\u00fbt 2012 (FH) \u2013 La r\u00e9partition des t\u00e2ches entre le Tribunal p\u00e9nal international pour le Rwanda (TPIR) et le M\u00e9canisme pour les Tribunaux p\u00e9naux internationaux (MTPI) est encore floue pour de nombreux praticiens de la justice internationale. En t\u00e9moigne une\u00a0ordonnance du juge am\u00e9ricain Theodor Meron, pr\u00e9sident du MTPI, qui a\u00a0du rappeler \u00e0 l&#039;ordre\u00a0Ma\u00eetre [&hellip;]\" \/>\n<meta property=\"og:url\" content=\"https:\/\/www.justiceinfo.net\/fr\/14491-280812-mtpimunyarugarama-un-avocat-confond-les-competences-du-tpir-et-de-la-structure-qui-lui-succede.html\" \/>\n<meta property=\"og:site_name\" content=\"JusticeInfo.net\" \/>\n<meta property=\"article:publisher\" content=\"https:\/\/www.facebook.com\/JusticeInfo\/\" \/>\n<meta property=\"article:published_time\" content=\"2012-08-28T12:23:09+00:00\" \/>\n<meta property=\"og:image\" content=\"https:\/\/www.justiceinfo.net\/wp-content\/uploads\/JusticeInfoNet_logo_1200x630px.jpg\" \/>\n\t<meta property=\"og:image:width\" content=\"1200\" \/>\n\t<meta property=\"og:image:height\" content=\"630\" \/>\n\t<meta property=\"og:image:type\" content=\"image\/jpeg\" \/>\n<meta name=\"author\" content=\"solivri\" \/>\n<meta name=\"twitter:card\" content=\"summary_large_image\" \/>\n<meta name=\"twitter:creator\" content=\"@justiceinfonet\" \/>\n<meta name=\"twitter:site\" content=\"@justiceinfonet\" \/>\n<meta name=\"twitter:label1\" content=\"\u00c9crit par\" \/>\n\t<meta name=\"twitter:data1\" content=\"solivri\" \/>\n\t<meta name=\"twitter:label2\" content=\"Dur\u00e9e de lecture estim\u00e9e\" \/>\n\t<meta name=\"twitter:data2\" content=\"3 minutes\" \/>\n<script type=\"application\/ld+json\" class=\"yoast-schema-graph\">{\"@context\":\"https:\/\/schema.org\",\"@graph\":[{\"@type\":\"NewsArticle\",\"@id\":\"https:\/\/www.justiceinfo.net\/fr\/14491-280812-mtpimunyarugarama-un-avocat-confond-les-competences-du-tpir-et-de-la-structure-qui-lui-succede.html#article\",\"isPartOf\":{\"@id\":\"https:\/\/www.justiceinfo.net\/fr\/14491-280812-mtpimunyarugarama-un-avocat-confond-les-competences-du-tpir-et-de-la-structure-qui-lui-succede.html\"},\"author\":{\"name\":\"solivri\",\"@id\":\"https:\/\/www.justiceinfo.net\/fr#\/schema\/person\/6e53cba1629e2e66f3fc1821d3091865\"},\"headline\":\"28.08.12 - MTPI\/MUNYARUGARAMA - UN AVOCAT CONFOND COMPETENCES DU TPIR ET DU MTPI\",\"datePublished\":\"2012-08-28T12:23:09+00:00\",\"mainEntityOfPage\":{\"@id\":\"https:\/\/www.justiceinfo.net\/fr\/14491-280812-mtpimunyarugarama-un-avocat-confond-les-competences-du-tpir-et-de-la-structure-qui-lui-succede.html\"},\"wordCount\":627,\"commentCount\":0,\"publisher\":{\"@id\":\"https:\/\/www.justiceinfo.net\/fr#organization\"},\"articleSection\":[\"Hirondelle News\"],\"inLanguage\":\"fr-FR\",\"potentialAction\":[{\"@type\":\"CommentAction\",\"name\":\"Comment\",\"target\":[\"https:\/\/www.justiceinfo.net\/fr\/14491-280812-mtpimunyarugarama-un-avocat-confond-les-competences-du-tpir-et-de-la-structure-qui-lui-succede.html#respond\"]}]},{\"@type\":\"WebPage\",\"@id\":\"https:\/\/www.justiceinfo.net\/fr\/14491-280812-mtpimunyarugarama-un-avocat-confond-les-competences-du-tpir-et-de-la-structure-qui-lui-succede.html\",\"url\":\"https:\/\/www.justiceinfo.net\/fr\/14491-280812-mtpimunyarugarama-un-avocat-confond-les-competences-du-tpir-et-de-la-structure-qui-lui-succede.html\",\"name\":\"28.08.12 - MTPI\/MUNYARUGARAMA - UN AVOCAT CONFOND COMPETENCES DU TPIR ET DU MTPI - JusticeInfo.net\",\"isPartOf\":{\"@id\":\"https:\/\/www.justiceinfo.net\/fr#website\"},\"datePublished\":\"2012-08-28T12:23:09+00:00\",\"breadcrumb\":{\"@id\":\"https:\/\/www.justiceinfo.net\/fr\/14491-280812-mtpimunyarugarama-un-avocat-confond-les-competences-du-tpir-et-de-la-structure-qui-lui-succede.html#breadcrumb\"},\"inLanguage\":\"fr-FR\",\"potentialAction\":[{\"@type\":\"ReadAction\",\"target\":[\"https:\/\/www.justiceinfo.net\/fr\/14491-280812-mtpimunyarugarama-un-avocat-confond-les-competences-du-tpir-et-de-la-structure-qui-lui-succede.html\"]}]},{\"@type\":\"BreadcrumbList\",\"@id\":\"https:\/\/www.justiceinfo.net\/fr\/14491-280812-mtpimunyarugarama-un-avocat-confond-les-competences-du-tpir-et-de-la-structure-qui-lui-succede.html#breadcrumb\",\"itemListElement\":[{\"@type\":\"ListItem\",\"position\":1,\"name\":\"Home\",\"item\":\"https:\/\/www.justiceinfo.net\/fr\"},{\"@type\":\"ListItem\",\"position\":2,\"name\":\"28.08.12 - MTPI\/MUNYARUGARAMA - UN AVOCAT CONFOND COMPETENCES DU TPIR ET DU MTPI\"}]},{\"@type\":\"WebSite\",\"@id\":\"https:\/\/www.justiceinfo.net\/fr#website\",\"url\":\"https:\/\/www.justiceinfo.net\/fr\",\"name\":\"JusticeInfo.net\",\"description\":\"La justice doit \u00eatre vue pour \u00eatre rendue\",\"publisher\":{\"@id\":\"https:\/\/www.justiceinfo.net\/fr#organization\"},\"potentialAction\":[{\"@type\":\"SearchAction\",\"target\":{\"@type\":\"EntryPoint\",\"urlTemplate\":\"https:\/\/www.justiceinfo.net\/fr?s={search_term_string}\"},\"query-input\":{\"@type\":\"PropertyValueSpecification\",\"valueRequired\":true,\"valueName\":\"search_term_string\"}}],\"inLanguage\":\"fr-FR\"},{\"@type\":\"Organization\",\"@id\":\"https:\/\/www.justiceinfo.net\/fr#organization\",\"name\":\"Justice Info\",\"url\":\"https:\/\/www.justiceinfo.net\/fr\",\"logo\":{\"@type\":\"ImageObject\",\"inLanguage\":\"fr-FR\",\"@id\":\"https:\/\/www.justiceinfo.net\/fr#\/schema\/logo\/image\/\",\"url\":\"https:\/\/www.justiceinfo.net\/wp-content\/uploads\/justiceinfo_logo-trans_1200x1200px.png\",\"contentUrl\":\"https:\/\/www.justiceinfo.net\/wp-content\/uploads\/justiceinfo_logo-trans_1200x1200px.png\",\"width\":1199,\"height\":1200,\"caption\":\"Justice Info\"},\"image\":{\"@id\":\"https:\/\/www.justiceinfo.net\/fr#\/schema\/logo\/image\/\"},\"sameAs\":[\"https:\/\/www.facebook.com\/JusticeInfo\/\",\"https:\/\/x.com\/justiceinfonet\",\"https:\/\/www.linkedin.com\/company\/justice-info\",\"https:\/\/www.youtube.com\/channel\/UCyCEsARodyuWtkWyhn-e7pA\"]},{\"@type\":\"Person\",\"name\":\"solivri\",\"url\":\"\/fr\/?s=solivri\"}]}<\/script>\n<!-- \/ Yoast SEO Premium plugin. -->","yoast_head_json":{"title":"28.08.12 - MTPI\/MUNYARUGARAMA - UN AVOCAT CONFOND COMPETENCES DU TPIR ET DU MTPI - JusticeInfo.net","robots":{"index":"index","follow":"follow","max-snippet":"max-snippet:-1","max-image-preview":"max-image-preview:large","max-video-preview":"max-video-preview:-1"},"canonical":"https:\/\/www.justiceinfo.net\/fr\/14491-280812-mtpimunyarugarama-un-avocat-confond-les-competences-du-tpir-et-de-la-structure-qui-lui-succede.html","og_locale":"fr_FR","og_type":"article","og_title":"28.08.12 - MTPI\/MUNYARUGARAMA - UN AVOCAT CONFOND COMPETENCES DU TPIR ET DU MTPI","og_description":"Arusha, 28 ao\u00fbt 2012 (FH) \u2013 La r\u00e9partition des t\u00e2ches entre le Tribunal p\u00e9nal international pour le Rwanda (TPIR) et le M\u00e9canisme pour les Tribunaux p\u00e9naux internationaux (MTPI) est encore floue pour de nombreux praticiens de la justice internationale. En t\u00e9moigne une\u00a0ordonnance du juge am\u00e9ricain Theodor Meron, pr\u00e9sident du MTPI, qui a\u00a0du rappeler \u00e0 l'ordre\u00a0Ma\u00eetre [&hellip;]","og_url":"https:\/\/www.justiceinfo.net\/fr\/14491-280812-mtpimunyarugarama-un-avocat-confond-les-competences-du-tpir-et-de-la-structure-qui-lui-succede.html","og_site_name":"JusticeInfo.net","article_publisher":"https:\/\/www.facebook.com\/JusticeInfo\/","article_published_time":"2012-08-28T12:23:09+00:00","og_image":[{"width":1200,"height":630,"url":"https:\/\/www.justiceinfo.net\/wp-content\/uploads\/JusticeInfoNet_logo_1200x630px.jpg","type":"image\/jpeg"}],"author":"solivri","twitter_card":"summary_large_image","twitter_creator":"@justiceinfonet","twitter_site":"@justiceinfonet","twitter_misc":{"\u00c9crit par":"solivri","Dur\u00e9e de lecture estim\u00e9e":"3 minutes"},"schema":{"@context":"https:\/\/schema.org","@graph":[{"@type":"NewsArticle","@id":"https:\/\/www.justiceinfo.net\/fr\/14491-280812-mtpimunyarugarama-un-avocat-confond-les-competences-du-tpir-et-de-la-structure-qui-lui-succede.html#article","isPartOf":{"@id":"https:\/\/www.justiceinfo.net\/fr\/14491-280812-mtpimunyarugarama-un-avocat-confond-les-competences-du-tpir-et-de-la-structure-qui-lui-succede.html"},"author":{"name":"solivri","@id":"https:\/\/www.justiceinfo.net\/fr#\/schema\/person\/6e53cba1629e2e66f3fc1821d3091865"},"headline":"28.08.12 - MTPI\/MUNYARUGARAMA - UN AVOCAT CONFOND COMPETENCES DU TPIR ET DU MTPI","datePublished":"2012-08-28T12:23:09+00:00","mainEntityOfPage":{"@id":"https:\/\/www.justiceinfo.net\/fr\/14491-280812-mtpimunyarugarama-un-avocat-confond-les-competences-du-tpir-et-de-la-structure-qui-lui-succede.html"},"wordCount":627,"commentCount":0,"publisher":{"@id":"https:\/\/www.justiceinfo.net\/fr#organization"},"articleSection":["Hirondelle News"],"inLanguage":"fr-FR","potentialAction":[{"@type":"CommentAction","name":"Comment","target":["https:\/\/www.justiceinfo.net\/fr\/14491-280812-mtpimunyarugarama-un-avocat-confond-les-competences-du-tpir-et-de-la-structure-qui-lui-succede.html#respond"]}]},{"@type":"WebPage","@id":"https:\/\/www.justiceinfo.net\/fr\/14491-280812-mtpimunyarugarama-un-avocat-confond-les-competences-du-tpir-et-de-la-structure-qui-lui-succede.html","url":"https:\/\/www.justiceinfo.net\/fr\/14491-280812-mtpimunyarugarama-un-avocat-confond-les-competences-du-tpir-et-de-la-structure-qui-lui-succede.html","name":"28.08.12 - MTPI\/MUNYARUGARAMA - UN AVOCAT CONFOND COMPETENCES DU TPIR ET DU MTPI - JusticeInfo.net","isPartOf":{"@id":"https:\/\/www.justiceinfo.net\/fr#website"},"datePublished":"2012-08-28T12:23:09+00:00","breadcrumb":{"@id":"https:\/\/www.justiceinfo.net\/fr\/14491-280812-mtpimunyarugarama-un-avocat-confond-les-competences-du-tpir-et-de-la-structure-qui-lui-succede.html#breadcrumb"},"inLanguage":"fr-FR","potentialAction":[{"@type":"ReadAction","target":["https:\/\/www.justiceinfo.net\/fr\/14491-280812-mtpimunyarugarama-un-avocat-confond-les-competences-du-tpir-et-de-la-structure-qui-lui-succede.html"]}]},{"@type":"BreadcrumbList","@id":"https:\/\/www.justiceinfo.net\/fr\/14491-280812-mtpimunyarugarama-un-avocat-confond-les-competences-du-tpir-et-de-la-structure-qui-lui-succede.html#breadcrumb","itemListElement":[{"@type":"ListItem","position":1,"name":"Home","item":"https:\/\/www.justiceinfo.net\/fr"},{"@type":"ListItem","position":2,"name":"28.08.12 - MTPI\/MUNYARUGARAMA - UN AVOCAT CONFOND COMPETENCES DU TPIR ET DU MTPI"}]},{"@type":"WebSite","@id":"https:\/\/www.justiceinfo.net\/fr#website","url":"https:\/\/www.justiceinfo.net\/fr","name":"JusticeInfo.net","description":"La justice doit \u00eatre vue pour \u00eatre rendue","publisher":{"@id":"https:\/\/www.justiceinfo.net\/fr#organization"},"potentialAction":[{"@type":"SearchAction","target":{"@type":"EntryPoint","urlTemplate":"https:\/\/www.justiceinfo.net\/fr?s={search_term_string}"},"query-input":{"@type":"PropertyValueSpecification","valueRequired":true,"valueName":"search_term_string"}}],"inLanguage":"fr-FR"},{"@type":"Organization","@id":"https:\/\/www.justiceinfo.net\/fr#organization","name":"Justice Info","url":"https:\/\/www.justiceinfo.net\/fr","logo":{"@type":"ImageObject","inLanguage":"fr-FR","@id":"https:\/\/www.justiceinfo.net\/fr#\/schema\/logo\/image\/","url":"https:\/\/www.justiceinfo.net\/wp-content\/uploads\/justiceinfo_logo-trans_1200x1200px.png","contentUrl":"https:\/\/www.justiceinfo.net\/wp-content\/uploads\/justiceinfo_logo-trans_1200x1200px.png","width":1199,"height":1200,"caption":"Justice Info"},"image":{"@id":"https:\/\/www.justiceinfo.net\/fr#\/schema\/logo\/image\/"},"sameAs":["https:\/\/www.facebook.com\/JusticeInfo\/","https:\/\/x.com\/justiceinfonet","https:\/\/www.linkedin.com\/company\/justice-info","https:\/\/www.youtube.com\/channel\/UCyCEsARodyuWtkWyhn-e7pA"]},{"@type":"Person","name":"solivri","url":"\/fr\/?s=solivri"}]}},"_links":{"self":[{"href":"https:\/\/www.justiceinfo.net\/fr\/wp-json\/wp\/v2\/posts\/14491","targetHints":{"allow":["GET"]}}],"collection":[{"href":"https:\/\/www.justiceinfo.net\/fr\/wp-json\/wp\/v2\/posts"}],"about":[{"href":"https:\/\/www.justiceinfo.net\/fr\/wp-json\/wp\/v2\/types\/post"}],"author":[{"embeddable":true,"href":"https:\/\/www.justiceinfo.net\/fr\/wp-json\/wp\/v2\/users\/64"}],"replies":[{"embeddable":true,"href":"https:\/\/www.justiceinfo.net\/fr\/wp-json\/wp\/v2\/comments?post=14491"}],"version-history":[{"count":0,"href":"https:\/\/www.justiceinfo.net\/fr\/wp-json\/wp\/v2\/posts\/14491\/revisions"}],"wp:attachment":[{"href":"https:\/\/www.justiceinfo.net\/fr\/wp-json\/wp\/v2\/media?parent=14491"}],"wp:term":[{"taxonomy":"category","embeddable":true,"href":"https:\/\/www.justiceinfo.net\/fr\/wp-json\/wp\/v2\/categories?post=14491"},{"taxonomy":"post_tag","embeddable":true,"href":"https:\/\/www.justiceinfo.net\/fr\/wp-json\/wp\/v2\/tags?post=14491"},{"taxonomy":"ji_location","embeddable":true,"href":"https:\/\/www.justiceinfo.net\/fr\/wp-json\/wp\/v2\/ji_location?post=14491"}],"curies":[{"name":"wp","href":"https:\/\/api.w.org\/{rel}","templated":true}]}}