{"id":14497,"date":"2012-08-31T15:39:15","date_gmt":"2012-08-31T13:39:15","guid":{"rendered":"https:\/\/www.justiceinfo.net\/14497-310812-synthese-hebdomadaire-uwinkindi-maintenu-en-detention-nouvelles-plaintes-a-venir-contre-des-rwandais.html"},"modified":"2012-08-31T15:39:15","modified_gmt":"2012-08-31T13:39:15","slug":"310812-synthese-hebdomadaire-uwinkindi-maintenu-en-detention-nouvelles-plaintes-a-venir-contre-des-rwandais","status":"publish","type":"post","link":"https:\/\/www.justiceinfo.net\/fr\/14497-310812-synthese-hebdomadaire-uwinkindi-maintenu-en-detention-nouvelles-plaintes-a-venir-contre-des-rwandais.html","title":{"rendered":"31.08.12 - SYNTHESE HEBDOMADAIRE - UWINKINDI RESTE EN DETENTION, NOUVELLES PLAINTES CONTRE DES RWANDAIS"},"content":{"rendered":"<p>Kigali, 31 ao\u00fbt 2012 (FH) -\u00a0 La justice rwandaise a rejet\u00e9 la demande de lib\u00e9ration provisoire du pasteur Jean Uwinkindi tandis qu\u2019une association fran\u00e7aise a annonc\u00e9 pr\u00e9parer de nouvelles plaintes contre des Rwandais vivant en France.<\/p>\n<p><!--more--><\/p>\n<p>RWANDA\/TPIR<\/p>\n<p>Le pasteur Uwinkindi maintenu en d\u00e9tention : un tribunal de Kigali a d\u00e9cid\u00e9 mercredi de maintenir en d\u00e9tention provisoire le pasteur Jean Uwinkindi, premier accus\u00e9 du Tribunal p\u00e9nal international pour le Rwanda (TPIR) renvoy\u00e9 devant la justice rwandaise. Poursuivi pour g\u00e9nocide et extermination, le pasteur avait \u00e9t\u00e9 reconduit dans son pays en avril dernier, au terme d\u2019un \u00e2pre combat contre son transfert. Lundi, le pr\u00eatre et son avocat avaient demand\u00e9 la lib\u00e9ration provisoire arguant, notamment, de vices lors de la proc\u00e9dure d\u2019arrestation et de mise en d\u00e9tention.<\/p>\n<p>FRANCE\/RWANDA<\/p>\n<p>Une association annonce de nouvelles plaintes : le Collectif des parties civiles pour le Rwanda (CPCR), une association fran\u00e7aise,\u00a0 a annonc\u00e9 mardi qu\u2019il pr\u00e9parait de nouvelles plaintes contre des Rwandais soup\u00e7onn\u00e9s de participation au g\u00e9nocide des Tutsis de 1994 dans leur pays. Le CPCR se trouve \u00e0 l\u2019origine de plus d\u2019une dizaine de proc\u00e9dures en France, contre des personnes d\u2019origine rwandaise.<\/p>\n<p>LA SEMAINE PROCHAINE<\/p>\n<p>Bemba poursuivra sa d\u00e9fense devant la CPI : le proc\u00e8s du s\u00e9nateur congolais Jean-Pierre Bemba reprendra lundi prochain devant la Cour p\u00e9nale internationale (CPI) avec l\u2019audition du deuxi\u00e8me t\u00e9moin de la d\u00e9fense.<\/p>\n<p>ER\/GF<\/p>\n","protected":false},"excerpt":{"rendered":"<p>Kigali, 31 ao\u00fbt 2012 (FH) -\u00a0 La justice rwandaise a rejet\u00e9 la demande de lib\u00e9ration provisoire du pasteur Jean Uwinkindi tandis qu\u2019une association fran\u00e7aise a annonc\u00e9 pr\u00e9parer de nouvelles plaintes contre des Rwandais vivant en France.<\/p>\n","protected":false},"author":64,"featured_media":0,"comment_status":"open","ping_status":"closed","sticky":false,"template":"","format":"standard","meta":{"_acf_changed":false,"footnotes":""},"categories":[554],"tags":[],"ji_location":[],"class_list":["post-14497","post","type-post","status-publish","format-standard","hentry","category-hirondellenews"],"acf":[],"yoast_head":"<!-- This site is optimized with the Yoast SEO Premium plugin v25.3.1 (Yoast SEO v25.3.1) - https:\/\/yoast.com\/wordpress\/plugins\/seo\/ -->\n<title>31.08.12 - SYNTHESE HEBDOMADAIRE - UWINKINDI RESTE EN DETENTION, NOUVELLES PLAINTES CONTRE DES RWANDAIS - JusticeInfo.net<\/title>\n<meta name=\"robots\" content=\"index, follow, max-snippet:-1, max-image-preview:large, max-video-preview:-1\" \/>\n<link rel=\"canonical\" href=\"https:\/\/www.justiceinfo.net\/fr\/14497-310812-synthese-hebdomadaire-uwinkindi-maintenu-en-detention-nouvelles-plaintes-a-venir-contre-des-rwandais.html\" \/>\n<meta property=\"og:locale\" content=\"fr_FR\" \/>\n<meta property=\"og:type\" content=\"article\" \/>\n<meta property=\"og:title\" content=\"31.08.12 - SYNTHESE HEBDOMADAIRE - UWINKINDI RESTE EN DETENTION, NOUVELLES PLAINTES CONTRE DES RWANDAIS\" \/>\n<meta property=\"og:description\" content=\"Kigali, 31 ao\u00fbt 2012 (FH) -\u00a0 La justice rwandaise a rejet\u00e9 la demande de lib\u00e9ration provisoire du pasteur Jean Uwinkindi tandis qu\u2019une association fran\u00e7aise a annonc\u00e9 pr\u00e9parer de nouvelles plaintes contre des Rwandais vivant en France.\" \/>\n<meta property=\"og:url\" content=\"https:\/\/www.justiceinfo.net\/fr\/14497-310812-synthese-hebdomadaire-uwinkindi-maintenu-en-detention-nouvelles-plaintes-a-venir-contre-des-rwandais.html\" \/>\n<meta property=\"og:site_name\" content=\"JusticeInfo.net\" \/>\n<meta property=\"article:publisher\" content=\"https:\/\/www.facebook.com\/JusticeInfo\/\" \/>\n<meta property=\"article:published_time\" content=\"2012-08-31T13:39:15+00:00\" \/>\n<meta property=\"og:image\" content=\"https:\/\/www.justiceinfo.net\/wp-content\/uploads\/JusticeInfoNet_logo_1200x630px.jpg\" \/>\n\t<meta property=\"og:image:width\" content=\"1200\" \/>\n\t<meta property=\"og:image:height\" content=\"630\" \/>\n\t<meta property=\"og:image:type\" content=\"image\/jpeg\" \/>\n<meta name=\"author\" content=\"solivri\" \/>\n<meta name=\"twitter:card\" content=\"summary_large_image\" \/>\n<meta name=\"twitter:creator\" content=\"@justiceinfonet\" \/>\n<meta name=\"twitter:site\" content=\"@justiceinfonet\" \/>\n<meta name=\"twitter:label1\" content=\"\u00c9crit par\" \/>\n\t<meta name=\"twitter:data1\" content=\"solivri\" \/>\n\t<meta name=\"twitter:label2\" content=\"Dur\u00e9e de lecture estim\u00e9e\" \/>\n\t<meta name=\"twitter:data2\" content=\"1 minute\" \/>\n<script type=\"application\/ld+json\" class=\"yoast-schema-graph\">{\"@context\":\"https:\/\/schema.org\",\"@graph\":[{\"@type\":\"NewsArticle\",\"@id\":\"https:\/\/www.justiceinfo.net\/fr\/14497-310812-synthese-hebdomadaire-uwinkindi-maintenu-en-detention-nouvelles-plaintes-a-venir-contre-des-rwandais.html#article\",\"isPartOf\":{\"@id\":\"https:\/\/www.justiceinfo.net\/fr\/14497-310812-synthese-hebdomadaire-uwinkindi-maintenu-en-detention-nouvelles-plaintes-a-venir-contre-des-rwandais.html\"},\"author\":{\"name\":\"solivri\",\"@id\":\"https:\/\/www.justiceinfo.net\/fr#\/schema\/person\/6e53cba1629e2e66f3fc1821d3091865\"},\"headline\":\"31.08.12 - SYNTHESE HEBDOMADAIRE - UWINKINDI RESTE EN DETENTION, NOUVELLES PLAINTES CONTRE DES RWANDAIS\",\"datePublished\":\"2012-08-31T13:39:15+00:00\",\"mainEntityOfPage\":{\"@id\":\"https:\/\/www.justiceinfo.net\/fr\/14497-310812-synthese-hebdomadaire-uwinkindi-maintenu-en-detention-nouvelles-plaintes-a-venir-contre-des-rwandais.html\"},\"wordCount\":265,\"commentCount\":0,\"publisher\":{\"@id\":\"https:\/\/www.justiceinfo.net\/fr#organization\"},\"articleSection\":[\"Hirondelle News\"],\"inLanguage\":\"fr-FR\",\"potentialAction\":[{\"@type\":\"CommentAction\",\"name\":\"Comment\",\"target\":[\"https:\/\/www.justiceinfo.net\/fr\/14497-310812-synthese-hebdomadaire-uwinkindi-maintenu-en-detention-nouvelles-plaintes-a-venir-contre-des-rwandais.html#respond\"]}]},{\"@type\":\"WebPage\",\"@id\":\"https:\/\/www.justiceinfo.net\/fr\/14497-310812-synthese-hebdomadaire-uwinkindi-maintenu-en-detention-nouvelles-plaintes-a-venir-contre-des-rwandais.html\",\"url\":\"https:\/\/www.justiceinfo.net\/fr\/14497-310812-synthese-hebdomadaire-uwinkindi-maintenu-en-detention-nouvelles-plaintes-a-venir-contre-des-rwandais.html\",\"name\":\"31.08.12 - SYNTHESE HEBDOMADAIRE - UWINKINDI RESTE EN DETENTION, NOUVELLES PLAINTES CONTRE DES RWANDAIS - JusticeInfo.net\",\"isPartOf\":{\"@id\":\"https:\/\/www.justiceinfo.net\/fr#website\"},\"datePublished\":\"2012-08-31T13:39:15+00:00\",\"breadcrumb\":{\"@id\":\"https:\/\/www.justiceinfo.net\/fr\/14497-310812-synthese-hebdomadaire-uwinkindi-maintenu-en-detention-nouvelles-plaintes-a-venir-contre-des-rwandais.html#breadcrumb\"},\"inLanguage\":\"fr-FR\",\"potentialAction\":[{\"@type\":\"ReadAction\",\"target\":[\"https:\/\/www.justiceinfo.net\/fr\/14497-310812-synthese-hebdomadaire-uwinkindi-maintenu-en-detention-nouvelles-plaintes-a-venir-contre-des-rwandais.html\"]}]},{\"@type\":\"BreadcrumbList\",\"@id\":\"https:\/\/www.justiceinfo.net\/fr\/14497-310812-synthese-hebdomadaire-uwinkindi-maintenu-en-detention-nouvelles-plaintes-a-venir-contre-des-rwandais.html#breadcrumb\",\"itemListElement\":[{\"@type\":\"ListItem\",\"position\":1,\"name\":\"Home\",\"item\":\"https:\/\/www.justiceinfo.net\/fr\"},{\"@type\":\"ListItem\",\"position\":2,\"name\":\"31.08.12 - SYNTHESE HEBDOMADAIRE - UWINKINDI RESTE EN DETENTION, NOUVELLES PLAINTES CONTRE DES RWANDAIS\"}]},{\"@type\":\"WebSite\",\"@id\":\"https:\/\/www.justiceinfo.net\/fr#website\",\"url\":\"https:\/\/www.justiceinfo.net\/fr\",\"name\":\"JusticeInfo.net\",\"description\":\"La justice doit \u00eatre vue pour \u00eatre rendue\",\"publisher\":{\"@id\":\"https:\/\/www.justiceinfo.net\/fr#organization\"},\"potentialAction\":[{\"@type\":\"SearchAction\",\"target\":{\"@type\":\"EntryPoint\",\"urlTemplate\":\"https:\/\/www.justiceinfo.net\/fr?s={search_term_string}\"},\"query-input\":{\"@type\":\"PropertyValueSpecification\",\"valueRequired\":true,\"valueName\":\"search_term_string\"}}],\"inLanguage\":\"fr-FR\"},{\"@type\":\"Organization\",\"@id\":\"https:\/\/www.justiceinfo.net\/fr#organization\",\"name\":\"Justice Info\",\"url\":\"https:\/\/www.justiceinfo.net\/fr\",\"logo\":{\"@type\":\"ImageObject\",\"inLanguage\":\"fr-FR\",\"@id\":\"https:\/\/www.justiceinfo.net\/fr#\/schema\/logo\/image\/\",\"url\":\"https:\/\/www.justiceinfo.net\/wp-content\/uploads\/justiceinfo_logo-trans_1200x1200px.png\",\"contentUrl\":\"https:\/\/www.justiceinfo.net\/wp-content\/uploads\/justiceinfo_logo-trans_1200x1200px.png\",\"width\":1199,\"height\":1200,\"caption\":\"Justice Info\"},\"image\":{\"@id\":\"https:\/\/www.justiceinfo.net\/fr#\/schema\/logo\/image\/\"},\"sameAs\":[\"https:\/\/www.facebook.com\/JusticeInfo\/\",\"https:\/\/x.com\/justiceinfonet\",\"https:\/\/www.linkedin.com\/company\/justice-info\",\"https:\/\/www.youtube.com\/channel\/UCyCEsARodyuWtkWyhn-e7pA\"]},{\"@type\":\"Person\",\"name\":\"solivri\",\"url\":\"\/fr\/?s=solivri\"}]}<\/script>\n<!-- \/ Yoast SEO Premium plugin. -->","yoast_head_json":{"title":"31.08.12 - SYNTHESE HEBDOMADAIRE - UWINKINDI RESTE EN DETENTION, NOUVELLES PLAINTES CONTRE DES RWANDAIS - JusticeInfo.net","robots":{"index":"index","follow":"follow","max-snippet":"max-snippet:-1","max-image-preview":"max-image-preview:large","max-video-preview":"max-video-preview:-1"},"canonical":"https:\/\/www.justiceinfo.net\/fr\/14497-310812-synthese-hebdomadaire-uwinkindi-maintenu-en-detention-nouvelles-plaintes-a-venir-contre-des-rwandais.html","og_locale":"fr_FR","og_type":"article","og_title":"31.08.12 - SYNTHESE HEBDOMADAIRE - UWINKINDI RESTE EN DETENTION, NOUVELLES PLAINTES CONTRE DES RWANDAIS","og_description":"Kigali, 31 ao\u00fbt 2012 (FH) -\u00a0 La justice rwandaise a rejet\u00e9 la demande de lib\u00e9ration provisoire du pasteur Jean Uwinkindi tandis qu\u2019une association fran\u00e7aise a annonc\u00e9 pr\u00e9parer de nouvelles plaintes contre des Rwandais vivant en France.","og_url":"https:\/\/www.justiceinfo.net\/fr\/14497-310812-synthese-hebdomadaire-uwinkindi-maintenu-en-detention-nouvelles-plaintes-a-venir-contre-des-rwandais.html","og_site_name":"JusticeInfo.net","article_publisher":"https:\/\/www.facebook.com\/JusticeInfo\/","article_published_time":"2012-08-31T13:39:15+00:00","og_image":[{"width":1200,"height":630,"url":"https:\/\/www.justiceinfo.net\/wp-content\/uploads\/JusticeInfoNet_logo_1200x630px.jpg","type":"image\/jpeg"}],"author":"solivri","twitter_card":"summary_large_image","twitter_creator":"@justiceinfonet","twitter_site":"@justiceinfonet","twitter_misc":{"\u00c9crit par":"solivri","Dur\u00e9e de lecture estim\u00e9e":"1 minute"},"schema":{"@context":"https:\/\/schema.org","@graph":[{"@type":"NewsArticle","@id":"https:\/\/www.justiceinfo.net\/fr\/14497-310812-synthese-hebdomadaire-uwinkindi-maintenu-en-detention-nouvelles-plaintes-a-venir-contre-des-rwandais.html#article","isPartOf":{"@id":"https:\/\/www.justiceinfo.net\/fr\/14497-310812-synthese-hebdomadaire-uwinkindi-maintenu-en-detention-nouvelles-plaintes-a-venir-contre-des-rwandais.html"},"author":{"name":"solivri","@id":"https:\/\/www.justiceinfo.net\/fr#\/schema\/person\/6e53cba1629e2e66f3fc1821d3091865"},"headline":"31.08.12 - SYNTHESE HEBDOMADAIRE - UWINKINDI RESTE EN DETENTION, NOUVELLES PLAINTES CONTRE DES RWANDAIS","datePublished":"2012-08-31T13:39:15+00:00","mainEntityOfPage":{"@id":"https:\/\/www.justiceinfo.net\/fr\/14497-310812-synthese-hebdomadaire-uwinkindi-maintenu-en-detention-nouvelles-plaintes-a-venir-contre-des-rwandais.html"},"wordCount":265,"commentCount":0,"publisher":{"@id":"https:\/\/www.justiceinfo.net\/fr#organization"},"articleSection":["Hirondelle News"],"inLanguage":"fr-FR","potentialAction":[{"@type":"CommentAction","name":"Comment","target":["https:\/\/www.justiceinfo.net\/fr\/14497-310812-synthese-hebdomadaire-uwinkindi-maintenu-en-detention-nouvelles-plaintes-a-venir-contre-des-rwandais.html#respond"]}]},{"@type":"WebPage","@id":"https:\/\/www.justiceinfo.net\/fr\/14497-310812-synthese-hebdomadaire-uwinkindi-maintenu-en-detention-nouvelles-plaintes-a-venir-contre-des-rwandais.html","url":"https:\/\/www.justiceinfo.net\/fr\/14497-310812-synthese-hebdomadaire-uwinkindi-maintenu-en-detention-nouvelles-plaintes-a-venir-contre-des-rwandais.html","name":"31.08.12 - SYNTHESE HEBDOMADAIRE - UWINKINDI RESTE EN DETENTION, NOUVELLES PLAINTES CONTRE DES RWANDAIS - JusticeInfo.net","isPartOf":{"@id":"https:\/\/www.justiceinfo.net\/fr#website"},"datePublished":"2012-08-31T13:39:15+00:00","breadcrumb":{"@id":"https:\/\/www.justiceinfo.net\/fr\/14497-310812-synthese-hebdomadaire-uwinkindi-maintenu-en-detention-nouvelles-plaintes-a-venir-contre-des-rwandais.html#breadcrumb"},"inLanguage":"fr-FR","potentialAction":[{"@type":"ReadAction","target":["https:\/\/www.justiceinfo.net\/fr\/14497-310812-synthese-hebdomadaire-uwinkindi-maintenu-en-detention-nouvelles-plaintes-a-venir-contre-des-rwandais.html"]}]},{"@type":"BreadcrumbList","@id":"https:\/\/www.justiceinfo.net\/fr\/14497-310812-synthese-hebdomadaire-uwinkindi-maintenu-en-detention-nouvelles-plaintes-a-venir-contre-des-rwandais.html#breadcrumb","itemListElement":[{"@type":"ListItem","position":1,"name":"Home","item":"https:\/\/www.justiceinfo.net\/fr"},{"@type":"ListItem","position":2,"name":"31.08.12 - SYNTHESE HEBDOMADAIRE - UWINKINDI RESTE EN DETENTION, NOUVELLES PLAINTES CONTRE DES RWANDAIS"}]},{"@type":"WebSite","@id":"https:\/\/www.justiceinfo.net\/fr#website","url":"https:\/\/www.justiceinfo.net\/fr","name":"JusticeInfo.net","description":"La justice doit \u00eatre vue pour \u00eatre rendue","publisher":{"@id":"https:\/\/www.justiceinfo.net\/fr#organization"},"potentialAction":[{"@type":"SearchAction","target":{"@type":"EntryPoint","urlTemplate":"https:\/\/www.justiceinfo.net\/fr?s={search_term_string}"},"query-input":{"@type":"PropertyValueSpecification","valueRequired":true,"valueName":"search_term_string"}}],"inLanguage":"fr-FR"},{"@type":"Organization","@id":"https:\/\/www.justiceinfo.net\/fr#organization","name":"Justice Info","url":"https:\/\/www.justiceinfo.net\/fr","logo":{"@type":"ImageObject","inLanguage":"fr-FR","@id":"https:\/\/www.justiceinfo.net\/fr#\/schema\/logo\/image\/","url":"https:\/\/www.justiceinfo.net\/wp-content\/uploads\/justiceinfo_logo-trans_1200x1200px.png","contentUrl":"https:\/\/www.justiceinfo.net\/wp-content\/uploads\/justiceinfo_logo-trans_1200x1200px.png","width":1199,"height":1200,"caption":"Justice Info"},"image":{"@id":"https:\/\/www.justiceinfo.net\/fr#\/schema\/logo\/image\/"},"sameAs":["https:\/\/www.facebook.com\/JusticeInfo\/","https:\/\/x.com\/justiceinfonet","https:\/\/www.linkedin.com\/company\/justice-info","https:\/\/www.youtube.com\/channel\/UCyCEsARodyuWtkWyhn-e7pA"]},{"@type":"Person","name":"solivri","url":"\/fr\/?s=solivri"}]}},"_links":{"self":[{"href":"https:\/\/www.justiceinfo.net\/fr\/wp-json\/wp\/v2\/posts\/14497","targetHints":{"allow":["GET"]}}],"collection":[{"href":"https:\/\/www.justiceinfo.net\/fr\/wp-json\/wp\/v2\/posts"}],"about":[{"href":"https:\/\/www.justiceinfo.net\/fr\/wp-json\/wp\/v2\/types\/post"}],"author":[{"embeddable":true,"href":"https:\/\/www.justiceinfo.net\/fr\/wp-json\/wp\/v2\/users\/64"}],"replies":[{"embeddable":true,"href":"https:\/\/www.justiceinfo.net\/fr\/wp-json\/wp\/v2\/comments?post=14497"}],"version-history":[{"count":0,"href":"https:\/\/www.justiceinfo.net\/fr\/wp-json\/wp\/v2\/posts\/14497\/revisions"}],"wp:attachment":[{"href":"https:\/\/www.justiceinfo.net\/fr\/wp-json\/wp\/v2\/media?parent=14497"}],"wp:term":[{"taxonomy":"category","embeddable":true,"href":"https:\/\/www.justiceinfo.net\/fr\/wp-json\/wp\/v2\/categories?post=14497"},{"taxonomy":"post_tag","embeddable":true,"href":"https:\/\/www.justiceinfo.net\/fr\/wp-json\/wp\/v2\/tags?post=14497"},{"taxonomy":"ji_location","embeddable":true,"href":"https:\/\/www.justiceinfo.net\/fr\/wp-json\/wp\/v2\/ji_location?post=14497"}],"curies":[{"name":"wp","href":"https:\/\/api.w.org\/{rel}","templated":true}]}}