{"id":144977,"date":"2025-05-06T10:09:04","date_gmt":"2025-05-06T08:09:04","guid":{"rendered":"https:\/\/www.justiceinfo.net\/?p=144977"},"modified":"2025-05-06T10:17:33","modified_gmt":"2025-05-06T08:17:33","slug":"justice-transitionnelle-sud-soudan","status":"publish","type":"post","link":"https:\/\/www.justiceinfo.net\/fr\/144977-justice-transitionnelle-sud-soudan.html","title":{"rendered":"Justice transitionnelle au Sud-Soudan\u00a0: avancer malgr\u00e9 tout"},"content":{"rendered":"\n<p>Le Soudan du Sud para\u00eet au bord de la guerre civile. Pourtant, il a r\u00e9cemment adopt\u00e9 deux lois ambitieuses pour la mise en place d\u2019une commission v\u00e9rit\u00e9 et d\u2019un programme de r\u00e9parations. Tout en reconnaissant le scepticisme quant aux perspectives de la justice transitionnelle, le chercheur sud-soudanais David Deng explique pourquoi celle-ci pourrait aider le pays.<br><\/p>\n\n\n\n<!--more-->\n\n\n\n<p>Les parties bellig\u00e9rantes au Soudan du Sud ont pris des engagements ambitieux en mati\u00e8re de justice transitionnelle dans les accords de paix sign\u00e9s en <a href=\"https:\/\/unmiss.unmissions.org\/sites\/default\/files\/final_proposed_compromise_agreement_for_south_sudan_conflict.pdf\">2015<\/a> et <a href=\"https:\/\/docs.pca-cpa.org\/2016\/02\/South-Sudan-Peace-Agreement-September-2018.pdf\">2018<\/a>. Cependant, \u00e0 l'instar du processus de paix dans son ensemble, leur mise en \u0153uvre a \u00e9t\u00e9 entrav\u00e9e par de nombreux retards, les parties \u00e9tant confront\u00e9es \u00e0 des d\u00e9fis techniques, politiques et financiers li\u00e9s au lancement d'un programme judiciaire complexe dans un \u00c9tat fragile et fragment\u00e9. Ces d\u00e9fis soulignent une <a href=\"https:\/\/africanarguments.org\/2022\/01\/death-by-peace-how-south-sudans-peace-agreement-ate-the-grassroots\/\">tension profonde<\/a> entre les aspirations des accords de paix, qui visent non seulement \u00e0 garantir un cessez-le-feu permanent mais aussi \u00e0 s'attaquer aux causes profondes du conflit, et des r\u00e9alit\u00e9s politiques et s\u00e9curitaires bien enracin\u00e9es. <a href=\"https:\/\/www.thenewhumanitarian.org\/news-feature\/2025\/04\/29\/aid-cuts-south-sudan-uncharted-territory\">Les r\u00e9centes r\u00e9ductions<\/a> de l'aide \u00e9trang\u00e8re et de <a href=\"https:\/\/www.google.com\/search?client=safari&amp;rls=en&amp;q=dutch+embassy+leaving+south+sudan&amp;ie=UTF-8&amp;oe=UTF-8\">la pr\u00e9sence diplomatique<\/a> des principaux partenaires bilat\u00e9raux cr\u00e9ent des obstacles suppl\u00e9mentaires.<\/p>\n\n\n\n<p>Pour aller de l'avant, les dirigeants du Soudan du Sud devront probablement mobiliser la volont\u00e9 politique et les ressources n\u00e9cessaires pour faire avancer les initiatives en mati\u00e8re de justice avec un soutien ext\u00e9rieur limit\u00e9. Bien que cela puisse sembler improbable \u00e0 ceux qui consid\u00e8rent que la classe politique est uniquement motiv\u00e9e par son int\u00e9r\u00eat personnel, l'histoire r\u00e9cente montre que les Soudanais du Sud ont la capacit\u00e9 de promouvoir le dialogue, la r\u00e9conciliation et la justice, m\u00eame face au scepticisme de la population. La r\u00e9cente adoption d'une loi portant cr\u00e9ation d'une <a href=\"https:\/\/drive.google.com\/file\/d\/1M4YblnldEfMnctcRAc2ktmt2Va5S3GO_\/view?usp=sharing\">commission v\u00e9rit\u00e9<\/a> et d'une <a href=\"https:\/\/drive.google.com\/file\/d\/1C3K6Jh9vv3PvS92hi_LOlafC5woGgCxl\/view?usp=sharing\">autorit\u00e9 charg\u00e9e des r\u00e9parations<\/a> offre une opportunit\u00e9 \u00e0 cet \u00e9gard, \u00e0 la fois comme r\u00e9ponse \u00e0 court terme \u00e0 la crise politique actuelle et comme initiative \u00e0 plus long terme pour la construction de l'\u00c9tat et de la nation.<\/p>\n\n\n\n<h2 class=\"wp-block-heading\" id=\"h-pourquoi-la-justice-transitionnelle-est-elle-importante\"><strong>Pourquoi la justice transitionnelle est-elle importante ?<\/strong><\/h2>\n\n\n\n<p>Malgr\u00e9 la longue histoire de guerre du Soudan du Sud, les accords de paix pass\u00e9s, y compris l'Accord de paix global (CPA) de 2005, ont ostensiblement pass\u00e9 sous silence la question de la justice pour les violations commises dans le pass\u00e9. Avec la mise en place du gouvernement du Sud-Soudan en 2005, le Mouvement populaire de lib\u00e9ration du Soudan (SPLM), alors au pouvoir, a d\u00e9lib\u00e9r\u00e9ment d\u00e9cid\u00e9 de mettre de c\u00f4t\u00e9 les d\u00e9bats sur la justice et la r\u00e9conciliation et de se concentrer sur la possibilit\u00e9 d'une s\u00e9cession par le biais d'un r\u00e9f\u00e9rendum sur l'autod\u00e9termination, pr\u00e9vu en 2011. Lorsqu'une guerre civile a \u00e9clat\u00e9 en 2013, deux ans seulement apr\u00e8s l'ind\u00e9pendance du Soudan du Sud, ces calculs ont chang\u00e9 et les Soudanais du Sud ont pris de plus en plus conscience du r\u00f4le jou\u00e9 par les griefs non r\u00e9solus et l'impunit\u00e9 dans l'alimentation des cycles de violence. Les processus de paix au Soudan du Sud refl\u00e8tent un sch\u00e9ma r\u00e9current dans lequel les chefs de guerre sont r\u00e9compens\u00e9s par des nominations politiques et militaires, pour \u00eatre ensuite remplac\u00e9s par de nouveaux rebelles. Ces cycles cr\u00e9ent une incitation perverse, dans la mesure o\u00f9 les aspirants politiciens consid\u00e8rent la violence comme un moyen l\u00e9gitime d'acc\u00e9der au pouvoir et \u00e0 l'influence. Cela indique aux communaut\u00e9s que le seul moyen d'assurer leur protection ou d'acqu\u00e9rir de l'influence est de recourir \u00e0 la force, ce qui sape l'\u00e9tat de droit et \u00e9rode la confiance de la population dans l'\u00c9tat.<\/p>\n\n\n\n<p>Pour briser ce cycle, les accords de paix de 2015 et 2018 comprenaient des engagements visant \u00e0 cr\u00e9er trois institutions cl\u00e9s : une Commission pour la v\u00e9rit\u00e9, la r\u00e9conciliation et la gu\u00e9rison (CTRH), une Autorit\u00e9 pour l'indemnisation et la r\u00e9paration (CRA) et un Tribunal hybride pour le Soudan du Sud (HCSS). Les progr\u00e8s ont \u00e9t\u00e9 lents, d'autant plus que de nombreux dirigeants impliqu\u00e9s dans des violations commises pendant la guerre occupent toujours des postes de pouvoir et n'ont gu\u00e8re int\u00e9r\u00eat \u00e0 promouvoir la justice. N\u00e9anmoins, en novembre 2024, le gouvernement de transition a franchi une \u00e9tape importante en adoptant une l\u00e9gislation relative \u00e0 la CTRH et \u00e0 la CRA. Si la cr\u00e9ation du tribunal hybride reste au point mort, le gouvernement et l'Union africaine se renvoyant mutuellement la responsabilit\u00e9 de l'inaction, le minist\u00e8re de la Justice poursuit le processus de s\u00e9lection des responsables de la CTRH et de la CRA, et les deux institutions pourraient devenir op\u00e9rationnelles dans un avenir proche.<\/p>\n\n\n\n<h2 class=\"wp-block-heading\" id=\"h-apercu-de-la-commission-verite-et-de-la-loi-sur-les-reparations\"><strong>Aper\u00e7u de la commission v\u00e9rit\u00e9 et de la loi sur les r\u00e9parations<\/strong><\/h2>\n\n\n\n<p>\u00c0 bien des \u00e9gards, la CTRH et la CRA refl\u00e8tent une approche famili\u00e8re de la justice transitionnelle dans un contexte post-conflit. La CTRH devrait \u00eatre dirig\u00e9e par sept commissaires : quatre Sud-Soudanais d\u00e9sign\u00e9s par un comit\u00e9 de s\u00e9lection repr\u00e9sentant divers groupes de la soci\u00e9t\u00e9 civile et trois non-Sud-Soudanais nomm\u00e9s dans le cadre d'un processus men\u00e9 par l'Union africaine. Elle aura pour mandat d'enqu\u00eater sur les violations des droits de l'homme, les crimes de guerre et les exactions, d'\u00e9tablir des rapports \u00e0 ce sujet et de recommander des mesures de r\u00e9paration pour les victimes. Bien que la l\u00e9gislation ne pr\u00e9cise pas la p\u00e9riode couverte, l'accord de paix de 2018 laisse entendre que l'accent sera mis sur les exactions commises entre juillet 2005, date de la cr\u00e9ation du gouvernement du Sud-Soudan, et la signature de l'accord de paix revitalis\u00e9, en septembre 2018. La CTRH se distingue par son mandat op\u00e9rationnel exceptionnellement long de six ans, renouvelable une fois. Bien que cette disposition ait <a href=\"https:\/\/drive.google.com\/file\/d\/1tG17oe0-t7qxDyPYEwz604O98OmjDoZQ\/view?usp=sharing\">suscit\u00e9 des r\u00e9actions n\u00e9gatives<\/a> de la part de certains groupes de la soci\u00e9t\u00e9 civile, qui estimaient qu'il serait difficile de maintenir l'attention et la confiance du public pendant une p\u00e9riode aussi longue, le gouvernement a d\u00e9clar\u00e9 qu'il avait opt\u00e9 pour cette longue dur\u00e9e en r\u00e9ponse \u00e0 d'autres commissions v\u00e9rit\u00e9 qui ont eu du mal \u00e0 remplir leur mandat au cours des trois \u00e0 quatre ann\u00e9es pendant lesquelles celles-ci fonctionnent g\u00e9n\u00e9ralement.<\/p>\n\n\n\n<p>La Commission est \u00e9galement habilit\u00e9e \u00e0 recommander l'amnistie pour les auteurs qui reconnaissent int\u00e9gralement leurs crimes, \u00e0 l'exception des crimes internationaux tels que le g\u00e9nocide, les crimes de guerre, les crimes contre l'humanit\u00e9 et les crimes graves au regard du droit sud-soudanais, tels que le meurtre et le viol. Le Parlement a inclus les crimes relevant du droit national parmi les exclusions de l'amnistie apr\u00e8s la derni\u00e8re audience publique sur les projets de loi, en r\u00e9ponse aux pr\u00e9occupations de la soci\u00e9t\u00e9 civile selon lesquelles les poursuites devant les tribunaux nationaux constituent le seul moyen viable d'assurer la justice dans le contexte actuel et que les rescap\u00e9s ne devraient pas \u00eatre priv\u00e9s de ce droit. Si la disposition relative \u00e0 l'amnistie est suffisamment restrictive pour se conformer aux normes internationales en mati\u00e8re de responsabilit\u00e9 pour les crimes graves, il reste \u00e0 voir comment elle sera appliqu\u00e9e dans la pratique.<\/p>\n\n\n\t<div class=\"ArticleNewsletterCTA\">\r\n\t\t<div class=\"ArticleNewsletterCTATitle\">Vous trouvez cet article int\u00e9ressant ?<\/div>\r\n\t\t<div class=\"ArticleNewsletterCTAText\">\r\n\t\t\t<a href=\"\/fr\/newsletter\">Inscrivez-vous maintenant \u00e0 notre newsletter<\/a> (gratuite) pour \u00eatre certain de ne pas passer \u00e0 c\u00f4t\u00e9 d'autres publications de ce type.\t\t<\/div>\r\n\t<\/div>\r\n\t\n\n\n<p>La CRA est charg\u00e9e d'administrer les r\u00e9parations \u2013 financi\u00e8res ou non, individuelles ou collectives \u2013 aux victimes d'exactions li\u00e9es au conflit. Si le d\u00e9lai applicable pour b\u00e9n\u00e9ficier de ces r\u00e9parations reste flou, les r\u00e9f\u00e9rences contenues dans l'accord de paix sugg\u00e8rent que l'accent sera mis sur les pr\u00e9judices commis entre 2013 et 2018. La CRA serait supervis\u00e9e par un conseil compos\u00e9 de repr\u00e9sentants du gouvernement et de la soci\u00e9t\u00e9 civile, et saisi des cas signal\u00e9s par les victimes ou par la CTRH. Une question controvers\u00e9e est son apparente pr\u00e9f\u00e9rence pour les r\u00e9parations collectives, les r\u00e9parations individuelles n'\u00e9tant autoris\u00e9es que lorsque les approches collectives sont jug\u00e9es inappropri\u00e9es \u2013 une position qui a suscit\u00e9 des critiques de la part de la soci\u00e9t\u00e9 civile et des groupes de rescap\u00e9s. Il sera essentiel de clarifier ces ambigu\u00eft\u00e9s politiques pour que la CRA gagne en l\u00e9gitimit\u00e9 et en confiance aupr\u00e8s du public.<\/p>\n\n\n\n<p>Le financement du programme de r\u00e9parations et de l'initiative plus large de justice transitionnelle reste \u00e9galement une question en suspens. <a href=\"https:\/\/drive.google.com\/file\/d\/1tG17oe0-t7qxDyPYEwz604O98OmjDoZQ\/view?usp=sharing\">Les organisations de la soci\u00e9t\u00e9 civile<\/a> ont appel\u00e9 le gouvernement \u00e0 placer une partie des recettes p\u00e9troli\u00e8res et non p\u00e9troli\u00e8res sur un compte s\u00e9questre destin\u00e9 \u00e0 financer ces initiatives, et \u00e0 compl\u00e9ter ce financement par la saisie des avoirs des personnes reconnues responsables de crimes li\u00e9s au conflit, \u00e0 condition que ces avoirs aient \u00e9t\u00e9 acquis par la corruption ou d'autres activit\u00e9s illicites. Toutefois, compte tenu de la crise \u00e9conomique actuelle et des nombreuses priorit\u00e9s concurrentes en mati\u00e8re de financement public, les perspectives \u00e0 court terme sont minces. Certaines organisations ont propos\u00e9 des approches innovantes, telles que des <a href=\"https:\/\/www.rightsforpeace.org\/post\/towards-a-survivor-centered-truth-commission-in-south-sudan-crsv-survivors-flag-next-steps\">mesures r\u00e9paratrices provisoires urgentes<\/a>, qui pourraient combler les besoins \u00e0 court terme pendant que la CRA \u00e9labore des plans pour un programme de r\u00e9parations plus substantiel.<\/p>\n\n\n\n<h2 class=\"wp-block-heading\" id=\"h-un-processus-mene-par-le-soudan-du-sud-est-il-realisable\"><strong>Un processus men\u00e9 par le Soudan du Sud est-il r\u00e9alisable ?<\/strong><\/h2>\n\n\n\n<p>Le scepticisme quant \u00e0 la faisabilit\u00e9 de la justice transitionnelle au Soudan du Sud reste \u00e9lev\u00e9. De nombreux analystes se demandent si une justice significative est possible dans un pays o\u00f9 les <a href=\"https:\/\/www.geeska.com\/en\/south-sudan-resuming-oil-exports-resuming-hope\">fonctionnaires sont souvent impay\u00e9s<\/a>, o\u00f9 l'ins\u00e9curit\u00e9 reste \u00e9lev\u00e9e et o\u00f9 les \u00e9lites politiques sapent r\u00e9guli\u00e8rement les r\u00e9formes. Certains consid\u00e8rent le programme de justice transitionnelle comme un geste symbolique destin\u00e9 \u00e0 apaiser les observateurs internationaux tandis que la violence et la r\u00e9pression se poursuivent sans contr\u00f4le.<\/p>\n\n\n\n<p>Si ces critiques sont valables, plusieurs exemples r\u00e9cents brossent toutefois un tableau moins pessimiste. Par exemple, entre 2017 et 2020, le gouvernement du Soudan du Sud a engag\u00e9 pr\u00e8s de 20 000 citoyens dans un <a href=\"https:\/\/africanarguments.org\/2021\/06\/south-sudans-other-more-hopeful-peace-process\/\">dialogue national<\/a> visant \u00e0 identifier les facteurs de conflit dans le pays et les solutions possibles. Malgr\u00e9 un financement international limit\u00e9, cette initiative a permis des discussions franches, de nombreux participants critiquant ouvertement les dirigeants politiques et appelant le pr\u00e9sident Salva Kiir et le premier vice-pr\u00e9sident Riek Machar <a href=\"https:\/\/www.eyeradio.org\/people-want-kiir-machar-to-step-aside-nd-report\/\">\u00e0 se retirer des \u00e9lections<\/a> \u00e0 la fin de la p\u00e9riode de transition.<\/p>\n\n\n\n<p>Un autre exemple concerne les cours martiales militaires qui se sont tenues dans divers endroits du Soudan du Sud ces derni\u00e8res ann\u00e9es. Apr\u00e8s avoir \u00e9tabli un pr\u00e9c\u00e9dent important en poursuivant un groupe de soldats pour des exactions commises contre des Soudanais du Sud et des travailleurs humanitaires \u00e9trangers \u00e0 l'h\u00f4tel <a href=\"https:\/\/www.smallarmssurvey.org\/resource\/war-crimes-and-punishment-terrain-compound-attack-and-military-accountability-south-sudan\">Terrain<\/a> de Juba en 2016, l'arm\u00e9e a proc\u00e9d\u00e9 \u00e0 une nouvelle s\u00e9rie de cours martiales \u00e0 Yei (au sud) en <a href=\"https:\/\/www.radiotamazuj.org\/en\/news\/article\/trial-of-soldiers-over-crimes-continues-in-yei\">2020<\/a>, <a href=\"https:\/\/peacekeeping.un.org\/en\/unmiss-statement-welcoming-justice-delivered-through-general-court-martial-yei?utm_source=chatgpt.com\">2022<\/a> et <a href=\"https:\/\/peacekeeping.un.org\/en\/press-release-with-unmiss-support-south-sudan-peoples-defence-forces-sspdf-takes-steps-toward?utm_source=chatgpt.com\">2023<\/a>. D'autres proc\u00e8s ont suivi dans des endroits tels que <a href=\"https:\/\/www.eyeradio.org\/leer-prison-break-suspects-on-trial-at-bentiu-court\/\">Bentiu<\/a> (nord) et <a href=\"https:\/\/unmiss.unmissions.org\/general-court-martial-maridi-promotes-accountability-convicting-soldiers-guilty-serious-crimes\">Maridi<\/a> (sud). Bien que pr\u00e9sentant certaines lacunes, notamment en raison de l'accent mis sur des militaires de rang inf\u00e9rieur et des pr\u00e9occupations relatives \u00e0 la protection des victimes et des t\u00e9moins, ces proc\u00e8s constituent parmi les premiers cas de poursuites engag\u00e9es au niveau national contre des soldats pour des crimes li\u00e9s au conflit.<\/p>\n\n\n\n<h2 class=\"wp-block-heading\" id=\"h-optimisme-prudent\"><strong>Optimisme prudent<\/strong><\/h2>\n\n\n\n<p>Les m\u00e9canismes de justice transitionnelle pourraient \u00e9galement apporter une r\u00e9ponse plus imm\u00e9diate \u00e0 la crise politique actuelle. En mars 2025, le gouvernement a <a href=\"https:\/\/www.reuters.com\/world\/africa\/kenya-sends-former-pm-odinga-defuse-south-sudan-crisis-2025-03-28\/\">arr\u00eat\u00e9 le premier vice-pr\u00e9sident Riek Machar<\/a> et d'autres dirigeants de l'opposition lors d'affrontements entre les forces gouvernementales et celles de l'opposition dans le Haut-Nil, l'\u00c9quatoria occidental et le Bahr el-Ghazal occidental. Parmi les d\u00e9fis \u00e0 relever pour rem\u00e9dier \u00e0 cette situation figure l'absence d'un homme d'\u00c9tat de haut niveau ayant l'envergure et l'influence n\u00e9cessaires pour r\u00e9unir les parties autour d'une table de dialogue. La CTRH, qui sera dirig\u00e9e par un groupe de personnalit\u00e9s \u00e9minentes du Soudan du Sud et d'autres pays africains, pourrait jouer ce r\u00f4le en fournissant un ancrage moral dans un paysage polaris\u00e9, en favorisant le dialogue national, en apaisant les tensions et en aidant \u00e0 tracer la voie vers des \u00e9lections. Le lancement cr\u00e9dible et transparent de la CTRH et de la CRA pourrait \u00e9galement contribuer \u00e0 restaurer la confiance du public dans le processus de paix, car de nombreux Soudanais du Sud sont d\u00e9sabus\u00e9s par les retards r\u00e9p\u00e9t\u00e9s, les promesses non tenues et l'exclusion des victimes du discours national.<\/p>\n\n\n\n<p>La justice transitionnelle n'est jamais facile. Il existe souvent une grande continuit\u00e9 entre les r\u00e9gimes en temps de guerre et ceux qui la suivent, et les motivations politiques sont rarement en parfaite ad\u00e9quation avec l'imp\u00e9ratif moral de r\u00e9parer les abus pass\u00e9s. Aucun processus, qu'il s'agisse d'une commission v\u00e9rit\u00e9, d'un programme de r\u00e9parations ou d'un tribunal sp\u00e9cial, ne peut \u00e0 lui seul transformer la culture politique d'un pays. N\u00e9anmoins, ces m\u00e9canismes font partie des rares outils disponibles pour affronter un pass\u00e9 violent et commencer \u00e0 construire un avenir plus juste. Dans le cas du Soudan du Sud, le d\u00e9clin de l'engagement des donateurs pourrait imposer un changement n\u00e9cessaire vers un processus de justice transitionnelle dirig\u00e9 et tenu par les Sud-Soudanais eux-m\u00eames. La d\u00e9cision du gouvernement de promulguer une l\u00e9gislation pour deux des trois institutions pr\u00e9vues dans l'accord de paix est un signe de progr\u00e8s. Si un certain scepticisme est de mise, il y a \u00e9galement des raisons de croire que les acteurs nationaux peuvent tracer la voie \u00e0 suivre s'ils b\u00e9n\u00e9ficient du soutien n\u00e9cessaire. Les d\u00e9fenseurs des droits humains doivent aborder cette p\u00e9riode avec un optimisme prudent. En collaborant de mani\u00e8re constructive avec les institutions \u00e9mergentes et en encourageant des processus inclusifs et cr\u00e9dibles, nous pouvons aider le Soudan du Sud \u00e0 sortir de la voie du conflit et de la guerre et \u00e0 s'engager vers un avenir plus juste et plus \u00e9quitable.<\/p>\n\n\n<div class=\"content-encadre\">\r\n\t<p><img loading=\"lazy\" decoding=\"async\" class=\"wp-image-144983 alignleft\" src=\"https:\/\/www.justiceinfo.net\/wp-content\/uploads\/deng.jpg\" alt=\"\" width=\"241\" height=\"241\" srcset=\"https:\/\/www.justiceinfo.net\/wp-content\/uploads\/deng.jpg 500w, https:\/\/www.justiceinfo.net\/wp-content\/uploads\/deng-150x150.jpg 150w\" sizes=\"auto, (max-width: 241px) 100vw, 241px\" \/>DAVID K. DENG<\/p>\n<p>David K. Deng, avocat sp\u00e9cialis\u00e9 dans les droits humains, m\u00e8ne des activit\u00e9s de recherche et de plaidoyer au Soudan du Sud depuis 2008. Son travail porte sur diverses questions, notamment le point de vue des citoyens sur les processus de paix et la justice transitionnelle, les droits fonciers et les approches locales en mati\u00e8re de s\u00e9curit\u00e9 et de justice.<\/p>\n<\/div>\n\n<div class=\"articleLink articleLink--editorRecommanded articleLink--textInImage articleLink--textTop\" style=\"\">\r\n\t\t\t\t\t\r\n\t\t\t<div class=\"articleLinkSurTitle\">Recommand\u00e9 par la r\u00e9daction<\/div>\r\n\t\t\t<a class=\"articleLinkImageLink\" href=\"https:\/\/www.justiceinfo.net\/fr\/84841-petrole-crimes-de-guerre-justice-suedoise-premiere-ligne.html\"><div class=\"articleLinkImageContainer \"><img loading=\"lazy\" decoding=\"async\" width=\"540\" height=\"360\" src=\"https:\/\/www.justiceinfo.net\/wp-content\/uploads\/Sudan_oil-soldier_@Roberto-Schmidt-AFP-540x360.jpg\" class=\"articleLinkImage backgroundImageTag w-100 wp-post-image\" alt=\"Un soldat monte la garde devant une raffinerie de p\u00e9trole\" srcset=\"https:\/\/www.justiceinfo.net\/wp-content\/uploads\/Sudan_oil-soldier_@Roberto-Schmidt-AFP-540x360.jpg 540w, https:\/\/www.justiceinfo.net\/wp-content\/uploads\/Sudan_oil-soldier_@Roberto-Schmidt-AFP-730x485.jpg 730w, https:\/\/www.justiceinfo.net\/wp-content\/uploads\/Sudan_oil-soldier_@Roberto-Schmidt-AFP-1110x738.jpg 1110w, https:\/\/www.justiceinfo.net\/wp-content\/uploads\/Sudan_oil-soldier_@Roberto-Schmidt-AFP.jpg 1200w\" sizes=\"auto, (max-width: 540px) 100vw, 540px\" \/><\/div><\/a>\r\n\t\t\t<a href=\"https:\/\/www.justiceinfo.net\/fr\/84841-petrole-crimes-de-guerre-justice-suedoise-premiere-ligne.html\" class=\"articleLinkTitle articleLinkTitle--default\">\r\n\t\t\tP\u00e9trole et crimes de guerre : la justice su\u00e9doise en premi\u00e8re ligne\r\n\t\t<\/a>\r\n\t\t\r\n\t\t\t\t<\/div>\n\n\n\n<p><\/p>\n","protected":false},"excerpt":{"rendered":"<p>Le Soudan du Sud para\u00eet au bord de la guerre civile. Pourtant, il a r\u00e9cemment adopt\u00e9 deux lois ambitieuses pour la mise en place d\u2019une commission v\u00e9rit\u00e9 et d\u2019un programme de r\u00e9parations. David Deng explique pourquoi la justice transitionnelle pourrait aider le pays.<\/p>\n","protected":false},"author":94,"featured_media":144992,"comment_status":"open","ping_status":"closed","sticky":false,"template":"","format":"standard","meta":{"_acf_changed":false,"footnotes":""},"categories":[1,575],"tags":[2664,2868],"ji_location":[2480],"class_list":["post-144977","post","type-post","status-publish","format-standard","has-post-thumbnail","hentry","category-non-classifiee","category-opinions","tag-droits-humains","tag-justice-reparatrice","ji_location-sud-soudan"],"acf":[],"yoast_head":"<!-- This site is optimized with the Yoast SEO Premium plugin v25.3.1 (Yoast SEO v25.3.1) - https:\/\/yoast.com\/wordpress\/plugins\/seo\/ -->\n<title>Justice transitionnelle au Sud-Soudan : avancer malgr\u00e9 tout<\/title>\n<meta name=\"description\" content=\"Le Soudan du Sud para\u00eet au bord de la guerre civile. Pourtant, il a r\u00e9cemment adopt\u00e9 deux lois ambitieuses pour la mise en place d\u2019une commission v\u00e9rit\u00e9 et d\u2019un programme de r\u00e9parations. David Deng explique pourquoi la justice transitionnelle pourrait aider le pays.\" \/>\n<meta name=\"robots\" content=\"index, follow, max-snippet:-1, max-image-preview:large, max-video-preview:-1\" \/>\n<link rel=\"canonical\" href=\"https:\/\/www.justiceinfo.net\/fr\/144977-justice-transitionnelle-sud-soudan.html\" \/>\n<meta property=\"og:locale\" content=\"fr_FR\" \/>\n<meta property=\"og:type\" content=\"article\" \/>\n<meta property=\"og:title\" content=\"Justice transitionnelle au Sud-Soudan\u00a0: avancer malgr\u00e9 tout\" \/>\n<meta property=\"og:description\" content=\"Le Soudan du Sud para\u00eet au bord de la guerre civile. Pourtant, il a r\u00e9cemment adopt\u00e9 deux lois ambitieuses pour la mise en place d\u2019une commission v\u00e9rit\u00e9 et d\u2019un programme de r\u00e9parations. David Deng explique pourquoi la justice transitionnelle pourrait aider le pays.\" \/>\n<meta property=\"og:url\" content=\"https:\/\/www.justiceinfo.net\/fr\/144977-justice-transitionnelle-sud-soudan.html\" \/>\n<meta property=\"og:site_name\" content=\"JusticeInfo.net\" \/>\n<meta property=\"article:publisher\" content=\"https:\/\/www.facebook.com\/JusticeInfo\/\" \/>\n<meta property=\"article:published_time\" content=\"2025-05-06T08:09:04+00:00\" \/>\n<meta property=\"article:modified_time\" content=\"2025-05-06T08:17:33+00:00\" \/>\n<meta property=\"og:image\" content=\"https:\/\/www.justiceinfo.net\/wp-content\/uploads\/000_34JT2Y9.jpg\" \/>\n\t<meta property=\"og:image:width\" content=\"1200\" \/>\n\t<meta property=\"og:image:height\" content=\"800\" \/>\n\t<meta property=\"og:image:type\" content=\"image\/jpeg\" \/>\n<meta name=\"author\" content=\"David K. Deng\" \/>\n<meta name=\"twitter:card\" content=\"summary_large_image\" \/>\n<meta name=\"twitter:creator\" content=\"@justiceinfonet\" \/>\n<meta name=\"twitter:site\" content=\"@justiceinfonet\" \/>\n<meta name=\"twitter:label1\" content=\"\u00c9crit par\" \/>\n\t<meta name=\"twitter:data1\" content=\"David K. Deng\" \/>\n\t<meta name=\"twitter:label2\" content=\"Dur\u00e9e de lecture estim\u00e9e\" \/>\n\t<meta name=\"twitter:data2\" content=\"12 minutes\" \/>\n<script type=\"application\/ld+json\" class=\"yoast-schema-graph\">{\"@context\":\"https:\/\/schema.org\",\"@graph\":[{\"@type\":\"NewsArticle\",\"@id\":\"https:\/\/www.justiceinfo.net\/fr\/144977-justice-transitionnelle-sud-soudan.html#article\",\"isPartOf\":{\"@id\":\"https:\/\/www.justiceinfo.net\/fr\/144977-justice-transitionnelle-sud-soudan.html\"},\"author\":{\"name\":\"Juliette Pitoiset\",\"@id\":\"https:\/\/www.justiceinfo.net\/fr#\/schema\/person\/d67f874ab9e38a5181138eb4032ae4d8\"},\"headline\":\"Justice transitionnelle au Sud-Soudan\u00a0: avancer malgr\u00e9 tout\",\"datePublished\":\"2025-05-06T08:09:04+00:00\",\"dateModified\":\"2025-05-06T08:17:33+00:00\",\"mainEntityOfPage\":{\"@id\":\"https:\/\/www.justiceinfo.net\/fr\/144977-justice-transitionnelle-sud-soudan.html\"},\"wordCount\":2414,\"commentCount\":0,\"publisher\":{\"@id\":\"https:\/\/www.justiceinfo.net\/fr#organization\"},\"image\":{\"@id\":\"https:\/\/www.justiceinfo.net\/fr\/144977-justice-transitionnelle-sud-soudan.html#primaryimage\"},\"thumbnailUrl\":\"https:\/\/www.justiceinfo.net\/wp-content\/uploads\/000_34JT2Y9.jpg\",\"keywords\":[\"droits humains\",\"justice r\u00e9paratrice\"],\"articleSection\":[\"Non classifi\u00e9(e)\",\"Opinions\"],\"inLanguage\":\"fr-FR\",\"potentialAction\":[{\"@type\":\"CommentAction\",\"name\":\"Comment\",\"target\":[\"https:\/\/www.justiceinfo.net\/fr\/144977-justice-transitionnelle-sud-soudan.html#respond\"]}]},{\"@type\":\"WebPage\",\"@id\":\"https:\/\/www.justiceinfo.net\/fr\/144977-justice-transitionnelle-sud-soudan.html\",\"url\":\"https:\/\/www.justiceinfo.net\/fr\/144977-justice-transitionnelle-sud-soudan.html\",\"name\":\"Justice transitionnelle au Sud-Soudan : avancer malgr\u00e9 tout\",\"isPartOf\":{\"@id\":\"https:\/\/www.justiceinfo.net\/fr#website\"},\"primaryImageOfPage\":{\"@id\":\"https:\/\/www.justiceinfo.net\/fr\/144977-justice-transitionnelle-sud-soudan.html#primaryimage\"},\"image\":{\"@id\":\"https:\/\/www.justiceinfo.net\/fr\/144977-justice-transitionnelle-sud-soudan.html#primaryimage\"},\"thumbnailUrl\":\"https:\/\/www.justiceinfo.net\/wp-content\/uploads\/000_34JT2Y9.jpg\",\"datePublished\":\"2025-05-06T08:09:04+00:00\",\"dateModified\":\"2025-05-06T08:17:33+00:00\",\"description\":\"Le Soudan du Sud para\u00eet au bord de la guerre civile. Pourtant, il a r\u00e9cemment adopt\u00e9 deux lois ambitieuses pour la mise en place d\u2019une commission v\u00e9rit\u00e9 et d\u2019un programme de r\u00e9parations. David Deng explique pourquoi la justice transitionnelle pourrait aider le pays.\",\"breadcrumb\":{\"@id\":\"https:\/\/www.justiceinfo.net\/fr\/144977-justice-transitionnelle-sud-soudan.html#breadcrumb\"},\"inLanguage\":\"fr-FR\",\"potentialAction\":[{\"@type\":\"ReadAction\",\"target\":[\"https:\/\/www.justiceinfo.net\/fr\/144977-justice-transitionnelle-sud-soudan.html\"]}]},{\"@type\":\"ImageObject\",\"inLanguage\":\"fr-FR\",\"@id\":\"https:\/\/www.justiceinfo.net\/fr\/144977-justice-transitionnelle-sud-soudan.html#primaryimage\",\"url\":\"https:\/\/www.justiceinfo.net\/wp-content\/uploads\/000_34JT2Y9.jpg\",\"contentUrl\":\"https:\/\/www.justiceinfo.net\/wp-content\/uploads\/000_34JT2Y9.jpg\",\"width\":1200,\"height\":800,\"caption\":\"Les efforts de justice, encore tout th\u00e9oriques au Soudan du Sud, peuvent-ils aider \u00e0 \u00e9clairer l\u2019avenir du pays, toujours pris au pi\u00e8ge des vieilles rivalit\u00e9s politiques ? \u00a9 Luis Tato \/ AFP\"},{\"@type\":\"BreadcrumbList\",\"@id\":\"https:\/\/www.justiceinfo.net\/fr\/144977-justice-transitionnelle-sud-soudan.html#breadcrumb\",\"itemListElement\":[{\"@type\":\"ListItem\",\"position\":1,\"name\":\"Home\",\"item\":\"https:\/\/www.justiceinfo.net\/fr\"},{\"@type\":\"ListItem\",\"position\":2,\"name\":\"Justice transitionnelle au Sud-Soudan\u00a0: avancer malgr\u00e9 tout\"}]},{\"@type\":\"WebSite\",\"@id\":\"https:\/\/www.justiceinfo.net\/fr#website\",\"url\":\"https:\/\/www.justiceinfo.net\/fr\",\"name\":\"JusticeInfo.net\",\"description\":\"La justice doit \u00eatre vue pour \u00eatre rendue\",\"publisher\":{\"@id\":\"https:\/\/www.justiceinfo.net\/fr#organization\"},\"potentialAction\":[{\"@type\":\"SearchAction\",\"target\":{\"@type\":\"EntryPoint\",\"urlTemplate\":\"https:\/\/www.justiceinfo.net\/fr?s={search_term_string}\"},\"query-input\":{\"@type\":\"PropertyValueSpecification\",\"valueRequired\":true,\"valueName\":\"search_term_string\"}}],\"inLanguage\":\"fr-FR\"},{\"@type\":\"Organization\",\"@id\":\"https:\/\/www.justiceinfo.net\/fr#organization\",\"name\":\"Justice Info\",\"url\":\"https:\/\/www.justiceinfo.net\/fr\",\"logo\":{\"@type\":\"ImageObject\",\"inLanguage\":\"fr-FR\",\"@id\":\"https:\/\/www.justiceinfo.net\/fr#\/schema\/logo\/image\/\",\"url\":\"https:\/\/www.justiceinfo.net\/wp-content\/uploads\/justiceinfo_logo-trans_1200x1200px.png\",\"contentUrl\":\"https:\/\/www.justiceinfo.net\/wp-content\/uploads\/justiceinfo_logo-trans_1200x1200px.png\",\"width\":1199,\"height\":1200,\"caption\":\"Justice Info\"},\"image\":{\"@id\":\"https:\/\/www.justiceinfo.net\/fr#\/schema\/logo\/image\/\"},\"sameAs\":[\"https:\/\/www.facebook.com\/JusticeInfo\/\",\"https:\/\/x.com\/justiceinfonet\",\"https:\/\/www.linkedin.com\/company\/justice-info\",\"https:\/\/www.youtube.com\/channel\/UCyCEsARodyuWtkWyhn-e7pA\"]},{\"@type\":\"Person\",\"name\":\"David K. Deng\",\"url\":\"\/fr\/?s=David K. Deng\"}]}<\/script>\n<!-- \/ Yoast SEO Premium plugin. -->","yoast_head_json":{"title":"Justice transitionnelle au Sud-Soudan : avancer malgr\u00e9 tout","description":"Le Soudan du Sud para\u00eet au bord de la guerre civile. Pourtant, il a r\u00e9cemment adopt\u00e9 deux lois ambitieuses pour la mise en place d\u2019une commission v\u00e9rit\u00e9 et d\u2019un programme de r\u00e9parations. David Deng explique pourquoi la justice transitionnelle pourrait aider le pays.","robots":{"index":"index","follow":"follow","max-snippet":"max-snippet:-1","max-image-preview":"max-image-preview:large","max-video-preview":"max-video-preview:-1"},"canonical":"https:\/\/www.justiceinfo.net\/fr\/144977-justice-transitionnelle-sud-soudan.html","og_locale":"fr_FR","og_type":"article","og_title":"Justice transitionnelle au Sud-Soudan\u00a0: avancer malgr\u00e9 tout","og_description":"Le Soudan du Sud para\u00eet au bord de la guerre civile. Pourtant, il a r\u00e9cemment adopt\u00e9 deux lois ambitieuses pour la mise en place d\u2019une commission v\u00e9rit\u00e9 et d\u2019un programme de r\u00e9parations. David Deng explique pourquoi la justice transitionnelle pourrait aider le pays.","og_url":"https:\/\/www.justiceinfo.net\/fr\/144977-justice-transitionnelle-sud-soudan.html","og_site_name":"JusticeInfo.net","article_publisher":"https:\/\/www.facebook.com\/JusticeInfo\/","article_published_time":"2025-05-06T08:09:04+00:00","article_modified_time":"2025-05-06T08:17:33+00:00","og_image":[{"width":1200,"height":800,"url":"https:\/\/www.justiceinfo.net\/wp-content\/uploads\/000_34JT2Y9.jpg","type":"image\/jpeg"}],"author":"David K. Deng","twitter_card":"summary_large_image","twitter_creator":"@justiceinfonet","twitter_site":"@justiceinfonet","twitter_misc":{"\u00c9crit par":"David K. Deng","Dur\u00e9e de lecture estim\u00e9e":"12 minutes"},"schema":{"@context":"https:\/\/schema.org","@graph":[{"@type":"NewsArticle","@id":"https:\/\/www.justiceinfo.net\/fr\/144977-justice-transitionnelle-sud-soudan.html#article","isPartOf":{"@id":"https:\/\/www.justiceinfo.net\/fr\/144977-justice-transitionnelle-sud-soudan.html"},"author":{"name":"Juliette Pitoiset","@id":"https:\/\/www.justiceinfo.net\/fr#\/schema\/person\/d67f874ab9e38a5181138eb4032ae4d8"},"headline":"Justice transitionnelle au Sud-Soudan\u00a0: avancer malgr\u00e9 tout","datePublished":"2025-05-06T08:09:04+00:00","dateModified":"2025-05-06T08:17:33+00:00","mainEntityOfPage":{"@id":"https:\/\/www.justiceinfo.net\/fr\/144977-justice-transitionnelle-sud-soudan.html"},"wordCount":2414,"commentCount":0,"publisher":{"@id":"https:\/\/www.justiceinfo.net\/fr#organization"},"image":{"@id":"https:\/\/www.justiceinfo.net\/fr\/144977-justice-transitionnelle-sud-soudan.html#primaryimage"},"thumbnailUrl":"https:\/\/www.justiceinfo.net\/wp-content\/uploads\/000_34JT2Y9.jpg","keywords":["droits humains","justice r\u00e9paratrice"],"articleSection":["Non classifi\u00e9(e)","Opinions"],"inLanguage":"fr-FR","potentialAction":[{"@type":"CommentAction","name":"Comment","target":["https:\/\/www.justiceinfo.net\/fr\/144977-justice-transitionnelle-sud-soudan.html#respond"]}]},{"@type":"WebPage","@id":"https:\/\/www.justiceinfo.net\/fr\/144977-justice-transitionnelle-sud-soudan.html","url":"https:\/\/www.justiceinfo.net\/fr\/144977-justice-transitionnelle-sud-soudan.html","name":"Justice transitionnelle au Sud-Soudan : avancer malgr\u00e9 tout","isPartOf":{"@id":"https:\/\/www.justiceinfo.net\/fr#website"},"primaryImageOfPage":{"@id":"https:\/\/www.justiceinfo.net\/fr\/144977-justice-transitionnelle-sud-soudan.html#primaryimage"},"image":{"@id":"https:\/\/www.justiceinfo.net\/fr\/144977-justice-transitionnelle-sud-soudan.html#primaryimage"},"thumbnailUrl":"https:\/\/www.justiceinfo.net\/wp-content\/uploads\/000_34JT2Y9.jpg","datePublished":"2025-05-06T08:09:04+00:00","dateModified":"2025-05-06T08:17:33+00:00","description":"Le Soudan du Sud para\u00eet au bord de la guerre civile. Pourtant, il a r\u00e9cemment adopt\u00e9 deux lois ambitieuses pour la mise en place d\u2019une commission v\u00e9rit\u00e9 et d\u2019un programme de r\u00e9parations. David Deng explique pourquoi la justice transitionnelle pourrait aider le pays.","breadcrumb":{"@id":"https:\/\/www.justiceinfo.net\/fr\/144977-justice-transitionnelle-sud-soudan.html#breadcrumb"},"inLanguage":"fr-FR","potentialAction":[{"@type":"ReadAction","target":["https:\/\/www.justiceinfo.net\/fr\/144977-justice-transitionnelle-sud-soudan.html"]}]},{"@type":"ImageObject","inLanguage":"fr-FR","@id":"https:\/\/www.justiceinfo.net\/fr\/144977-justice-transitionnelle-sud-soudan.html#primaryimage","url":"https:\/\/www.justiceinfo.net\/wp-content\/uploads\/000_34JT2Y9.jpg","contentUrl":"https:\/\/www.justiceinfo.net\/wp-content\/uploads\/000_34JT2Y9.jpg","width":1200,"height":800,"caption":"Les efforts de justice, encore tout th\u00e9oriques au Soudan du Sud, peuvent-ils aider \u00e0 \u00e9clairer l\u2019avenir du pays, toujours pris au pi\u00e8ge des vieilles rivalit\u00e9s politiques ? \u00a9 Luis Tato \/ AFP"},{"@type":"BreadcrumbList","@id":"https:\/\/www.justiceinfo.net\/fr\/144977-justice-transitionnelle-sud-soudan.html#breadcrumb","itemListElement":[{"@type":"ListItem","position":1,"name":"Home","item":"https:\/\/www.justiceinfo.net\/fr"},{"@type":"ListItem","position":2,"name":"Justice transitionnelle au Sud-Soudan\u00a0: avancer malgr\u00e9 tout"}]},{"@type":"WebSite","@id":"https:\/\/www.justiceinfo.net\/fr#website","url":"https:\/\/www.justiceinfo.net\/fr","name":"JusticeInfo.net","description":"La justice doit \u00eatre vue pour \u00eatre rendue","publisher":{"@id":"https:\/\/www.justiceinfo.net\/fr#organization"},"potentialAction":[{"@type":"SearchAction","target":{"@type":"EntryPoint","urlTemplate":"https:\/\/www.justiceinfo.net\/fr?s={search_term_string}"},"query-input":{"@type":"PropertyValueSpecification","valueRequired":true,"valueName":"search_term_string"}}],"inLanguage":"fr-FR"},{"@type":"Organization","@id":"https:\/\/www.justiceinfo.net\/fr#organization","name":"Justice Info","url":"https:\/\/www.justiceinfo.net\/fr","logo":{"@type":"ImageObject","inLanguage":"fr-FR","@id":"https:\/\/www.justiceinfo.net\/fr#\/schema\/logo\/image\/","url":"https:\/\/www.justiceinfo.net\/wp-content\/uploads\/justiceinfo_logo-trans_1200x1200px.png","contentUrl":"https:\/\/www.justiceinfo.net\/wp-content\/uploads\/justiceinfo_logo-trans_1200x1200px.png","width":1199,"height":1200,"caption":"Justice Info"},"image":{"@id":"https:\/\/www.justiceinfo.net\/fr#\/schema\/logo\/image\/"},"sameAs":["https:\/\/www.facebook.com\/JusticeInfo\/","https:\/\/x.com\/justiceinfonet","https:\/\/www.linkedin.com\/company\/justice-info","https:\/\/www.youtube.com\/channel\/UCyCEsARodyuWtkWyhn-e7pA"]},{"@type":"Person","name":"David K. Deng","url":"\/fr\/?s=David K. Deng"}]}},"_links":{"self":[{"href":"https:\/\/www.justiceinfo.net\/fr\/wp-json\/wp\/v2\/posts\/144977","targetHints":{"allow":["GET"]}}],"collection":[{"href":"https:\/\/www.justiceinfo.net\/fr\/wp-json\/wp\/v2\/posts"}],"about":[{"href":"https:\/\/www.justiceinfo.net\/fr\/wp-json\/wp\/v2\/types\/post"}],"author":[{"embeddable":true,"href":"https:\/\/www.justiceinfo.net\/fr\/wp-json\/wp\/v2\/users\/94"}],"replies":[{"embeddable":true,"href":"https:\/\/www.justiceinfo.net\/fr\/wp-json\/wp\/v2\/comments?post=144977"}],"version-history":[{"count":4,"href":"https:\/\/www.justiceinfo.net\/fr\/wp-json\/wp\/v2\/posts\/144977\/revisions"}],"predecessor-version":[{"id":144999,"href":"https:\/\/www.justiceinfo.net\/fr\/wp-json\/wp\/v2\/posts\/144977\/revisions\/144999"}],"wp:featuredmedia":[{"embeddable":true,"href":"https:\/\/www.justiceinfo.net\/fr\/wp-json\/wp\/v2\/media\/144992"}],"wp:attachment":[{"href":"https:\/\/www.justiceinfo.net\/fr\/wp-json\/wp\/v2\/media?parent=144977"}],"wp:term":[{"taxonomy":"category","embeddable":true,"href":"https:\/\/www.justiceinfo.net\/fr\/wp-json\/wp\/v2\/categories?post=144977"},{"taxonomy":"post_tag","embeddable":true,"href":"https:\/\/www.justiceinfo.net\/fr\/wp-json\/wp\/v2\/tags?post=144977"},{"taxonomy":"ji_location","embeddable":true,"href":"https:\/\/www.justiceinfo.net\/fr\/wp-json\/wp\/v2\/ji_location?post=144977"}],"curies":[{"name":"wp","href":"https:\/\/api.w.org\/{rel}","templated":true}]}}