{"id":14515,"date":"2012-09-12T14:15:08","date_gmt":"2012-09-12T12:15:08","guid":{"rendered":"https:\/\/www.justiceinfo.net\/14515-120912-cpiprocureur-trois-candidats-selectionnes-pour-le-poste-de-procureur-adjoint.html"},"modified":"2012-09-12T14:15:08","modified_gmt":"2012-09-12T12:15:08","slug":"120912-cpiprocureur-trois-candidats-selectionnes-pour-le-poste-de-procureur-adjoint","status":"publish","type":"post","link":"https:\/\/www.justiceinfo.net\/fr\/14515-120912-cpiprocureur-trois-candidats-selectionnes-pour-le-poste-de-procureur-adjoint.html","title":{"rendered":"12.09.12 - CPI\/PROCUREUR \u2013 TROIS CANDIDATS SELECTIONNES POUR LE POSTE DE PROCUREUR ADJOINT"},"content":{"rendered":"<p>La Haye, 12 septembre 2012 (FH) - La procureure de la Cour p\u00e9nale internationale (CPI), Fatou Bensouda, a soumis \u00e0 l\u2019Assembl\u00e9e des Etats parties, le 11 septembre, le nom des trois candidats s\u00e9lectionn\u00e9s pour le poste de procureur adjoint.<\/p>\n<p><!--more--><\/p>\n<p>\u00a0La finlandaise, Raija Toiviainen, l\u2019australien Paul Rutledge et le canadien James Stewart ont \u00e9t\u00e9 s\u00e9lectionn\u00e9s parmi les 126 candidats qui s\u2019\u00e9taient pr\u00e9sent\u00e9s \u00e0 ce poste. <\/p>\n<p>Le futur procureur adjoint sera \u00e9lu par les 121 Etats parties lors de la XI\u00e8me Assembl\u00e9e qui se tiendra \u00e0 La Haye du 14 au 22 novembre. Il devra recueillir la majorit\u00e9 absolue. <\/p>\n<p>Seul candidat \u00e0 b\u00e9n\u00e9ficier d\u2019une exp\u00e9rience dans la justice internationale, le canadien James Stewart, a exerc\u00e9 au bureau du procureur du Tribunal p\u00e9nal international pour le Rwanda jusqu\u2019en 2007, avant de rejoindre le Canada en tant qu\u2019avocat g\u00e9n\u00e9ral de l\u2019Ontario. <\/p>\n<p>Cette annonce confirme que la procureure a choisi de s\u2019entourer d\u2019un seul adjoint, comme son pr\u00e9d\u00e9cesseur Luis Moreno Ocampo. L\u2019argentin avait \u00e9t\u00e9 second\u00e9, dans un premier temps, par Fatou Bensouda pour les poursuites, et Serge Brammertz pour les enqu\u00eates. Mais apr\u00e8s le d\u00e9part de ce dernier en 2006, Luis Moreno Ocampo n\u2019avait pas souhait\u00e9 d\u00e9signer de successeur.\u00a0\u00a0<\/p>\n<p>SM\/GF<\/p>\n<p>\u00a0<\/p>\n","protected":false},"excerpt":{"rendered":"<p>La Haye, 12 septembre 2012 (FH) - La procureure de la Cour p\u00e9nale internationale (CPI), Fatou Bensouda, a soumis \u00e0 l\u2019Assembl\u00e9e des Etats parties, le 11 septembre, le nom des trois candidats s\u00e9lectionn\u00e9s pour le poste de procureur adjoint.<\/p>\n","protected":false},"author":64,"featured_media":0,"comment_status":"open","ping_status":"closed","sticky":false,"template":"","format":"standard","meta":{"_acf_changed":false,"footnotes":""},"categories":[554],"tags":[],"ji_location":[],"class_list":["post-14515","post","type-post","status-publish","format-standard","hentry","category-hirondellenews"],"acf":[],"yoast_head":"<!-- This site is optimized with the Yoast SEO Premium plugin v25.3.1 (Yoast SEO v25.3.1) - https:\/\/yoast.com\/wordpress\/plugins\/seo\/ -->\n<title>12.09.12 - CPI\/PROCUREUR \u2013 TROIS CANDIDATS SELECTIONNES POUR LE POSTE DE PROCUREUR ADJOINT - JusticeInfo.net<\/title>\n<meta name=\"robots\" content=\"index, follow, max-snippet:-1, max-image-preview:large, max-video-preview:-1\" \/>\n<link rel=\"canonical\" href=\"https:\/\/www.justiceinfo.net\/fr\/14515-120912-cpiprocureur-trois-candidats-selectionnes-pour-le-poste-de-procureur-adjoint.html\" \/>\n<meta property=\"og:locale\" content=\"fr_FR\" \/>\n<meta property=\"og:type\" content=\"article\" \/>\n<meta property=\"og:title\" content=\"12.09.12 - CPI\/PROCUREUR \u2013 TROIS CANDIDATS SELECTIONNES POUR LE POSTE DE PROCUREUR ADJOINT\" \/>\n<meta property=\"og:description\" content=\"La Haye, 12 septembre 2012 (FH) - La procureure de la Cour p\u00e9nale internationale (CPI), Fatou Bensouda, a soumis \u00e0 l\u2019Assembl\u00e9e des Etats parties, le 11 septembre, le nom des trois candidats s\u00e9lectionn\u00e9s pour le poste de procureur adjoint.\" \/>\n<meta property=\"og:url\" content=\"https:\/\/www.justiceinfo.net\/fr\/14515-120912-cpiprocureur-trois-candidats-selectionnes-pour-le-poste-de-procureur-adjoint.html\" \/>\n<meta property=\"og:site_name\" content=\"JusticeInfo.net\" \/>\n<meta property=\"article:publisher\" content=\"https:\/\/www.facebook.com\/JusticeInfo\/\" \/>\n<meta property=\"article:published_time\" content=\"2012-09-12T12:15:08+00:00\" \/>\n<meta property=\"og:image\" content=\"https:\/\/www.justiceinfo.net\/wp-content\/uploads\/JusticeInfoNet_logo_1200x630px.jpg\" \/>\n\t<meta property=\"og:image:width\" content=\"1200\" \/>\n\t<meta property=\"og:image:height\" content=\"630\" \/>\n\t<meta property=\"og:image:type\" content=\"image\/jpeg\" \/>\n<meta name=\"author\" content=\"solivri\" \/>\n<meta name=\"twitter:card\" content=\"summary_large_image\" \/>\n<meta name=\"twitter:creator\" content=\"@justiceinfonet\" \/>\n<meta name=\"twitter:site\" content=\"@justiceinfonet\" \/>\n<meta name=\"twitter:label1\" content=\"\u00c9crit par\" \/>\n\t<meta name=\"twitter:data1\" content=\"solivri\" \/>\n\t<meta name=\"twitter:label2\" content=\"Dur\u00e9e de lecture estim\u00e9e\" \/>\n\t<meta name=\"twitter:data2\" content=\"1 minute\" \/>\n<script type=\"application\/ld+json\" class=\"yoast-schema-graph\">{\"@context\":\"https:\/\/schema.org\",\"@graph\":[{\"@type\":\"NewsArticle\",\"@id\":\"https:\/\/www.justiceinfo.net\/fr\/14515-120912-cpiprocureur-trois-candidats-selectionnes-pour-le-poste-de-procureur-adjoint.html#article\",\"isPartOf\":{\"@id\":\"https:\/\/www.justiceinfo.net\/fr\/14515-120912-cpiprocureur-trois-candidats-selectionnes-pour-le-poste-de-procureur-adjoint.html\"},\"author\":{\"name\":\"solivri\",\"@id\":\"https:\/\/www.justiceinfo.net\/fr#\/schema\/person\/6e53cba1629e2e66f3fc1821d3091865\"},\"headline\":\"12.09.12 - CPI\/PROCUREUR \u2013 TROIS CANDIDATS SELECTIONNES POUR LE POSTE DE PROCUREUR ADJOINT\",\"datePublished\":\"2012-09-12T12:15:08+00:00\",\"mainEntityOfPage\":{\"@id\":\"https:\/\/www.justiceinfo.net\/fr\/14515-120912-cpiprocureur-trois-candidats-selectionnes-pour-le-poste-de-procureur-adjoint.html\"},\"wordCount\":228,\"commentCount\":0,\"publisher\":{\"@id\":\"https:\/\/www.justiceinfo.net\/fr#organization\"},\"articleSection\":[\"Hirondelle News\"],\"inLanguage\":\"fr-FR\",\"potentialAction\":[{\"@type\":\"CommentAction\",\"name\":\"Comment\",\"target\":[\"https:\/\/www.justiceinfo.net\/fr\/14515-120912-cpiprocureur-trois-candidats-selectionnes-pour-le-poste-de-procureur-adjoint.html#respond\"]}]},{\"@type\":\"WebPage\",\"@id\":\"https:\/\/www.justiceinfo.net\/fr\/14515-120912-cpiprocureur-trois-candidats-selectionnes-pour-le-poste-de-procureur-adjoint.html\",\"url\":\"https:\/\/www.justiceinfo.net\/fr\/14515-120912-cpiprocureur-trois-candidats-selectionnes-pour-le-poste-de-procureur-adjoint.html\",\"name\":\"12.09.12 - CPI\/PROCUREUR \u2013 TROIS CANDIDATS SELECTIONNES POUR LE POSTE DE PROCUREUR ADJOINT - JusticeInfo.net\",\"isPartOf\":{\"@id\":\"https:\/\/www.justiceinfo.net\/fr#website\"},\"datePublished\":\"2012-09-12T12:15:08+00:00\",\"breadcrumb\":{\"@id\":\"https:\/\/www.justiceinfo.net\/fr\/14515-120912-cpiprocureur-trois-candidats-selectionnes-pour-le-poste-de-procureur-adjoint.html#breadcrumb\"},\"inLanguage\":\"fr-FR\",\"potentialAction\":[{\"@type\":\"ReadAction\",\"target\":[\"https:\/\/www.justiceinfo.net\/fr\/14515-120912-cpiprocureur-trois-candidats-selectionnes-pour-le-poste-de-procureur-adjoint.html\"]}]},{\"@type\":\"BreadcrumbList\",\"@id\":\"https:\/\/www.justiceinfo.net\/fr\/14515-120912-cpiprocureur-trois-candidats-selectionnes-pour-le-poste-de-procureur-adjoint.html#breadcrumb\",\"itemListElement\":[{\"@type\":\"ListItem\",\"position\":1,\"name\":\"Home\",\"item\":\"https:\/\/www.justiceinfo.net\/fr\"},{\"@type\":\"ListItem\",\"position\":2,\"name\":\"12.09.12 - CPI\/PROCUREUR \u2013 TROIS CANDIDATS SELECTIONNES POUR LE POSTE DE PROCUREUR ADJOINT\"}]},{\"@type\":\"WebSite\",\"@id\":\"https:\/\/www.justiceinfo.net\/fr#website\",\"url\":\"https:\/\/www.justiceinfo.net\/fr\",\"name\":\"JusticeInfo.net\",\"description\":\"La justice doit \u00eatre vue pour \u00eatre rendue\",\"publisher\":{\"@id\":\"https:\/\/www.justiceinfo.net\/fr#organization\"},\"potentialAction\":[{\"@type\":\"SearchAction\",\"target\":{\"@type\":\"EntryPoint\",\"urlTemplate\":\"https:\/\/www.justiceinfo.net\/fr?s={search_term_string}\"},\"query-input\":{\"@type\":\"PropertyValueSpecification\",\"valueRequired\":true,\"valueName\":\"search_term_string\"}}],\"inLanguage\":\"fr-FR\"},{\"@type\":\"Organization\",\"@id\":\"https:\/\/www.justiceinfo.net\/fr#organization\",\"name\":\"Justice Info\",\"url\":\"https:\/\/www.justiceinfo.net\/fr\",\"logo\":{\"@type\":\"ImageObject\",\"inLanguage\":\"fr-FR\",\"@id\":\"https:\/\/www.justiceinfo.net\/fr#\/schema\/logo\/image\/\",\"url\":\"https:\/\/www.justiceinfo.net\/wp-content\/uploads\/justiceinfo_logo-trans_1200x1200px.png\",\"contentUrl\":\"https:\/\/www.justiceinfo.net\/wp-content\/uploads\/justiceinfo_logo-trans_1200x1200px.png\",\"width\":1199,\"height\":1200,\"caption\":\"Justice Info\"},\"image\":{\"@id\":\"https:\/\/www.justiceinfo.net\/fr#\/schema\/logo\/image\/\"},\"sameAs\":[\"https:\/\/www.facebook.com\/JusticeInfo\/\",\"https:\/\/x.com\/justiceinfonet\",\"https:\/\/www.linkedin.com\/company\/justice-info\",\"https:\/\/www.youtube.com\/channel\/UCyCEsARodyuWtkWyhn-e7pA\"]},{\"@type\":\"Person\",\"name\":\"solivri\",\"url\":\"\/fr\/?s=solivri\"}]}<\/script>\n<!-- \/ Yoast SEO Premium plugin. -->","yoast_head_json":{"title":"12.09.12 - CPI\/PROCUREUR \u2013 TROIS CANDIDATS SELECTIONNES POUR LE POSTE DE PROCUREUR ADJOINT - JusticeInfo.net","robots":{"index":"index","follow":"follow","max-snippet":"max-snippet:-1","max-image-preview":"max-image-preview:large","max-video-preview":"max-video-preview:-1"},"canonical":"https:\/\/www.justiceinfo.net\/fr\/14515-120912-cpiprocureur-trois-candidats-selectionnes-pour-le-poste-de-procureur-adjoint.html","og_locale":"fr_FR","og_type":"article","og_title":"12.09.12 - CPI\/PROCUREUR \u2013 TROIS CANDIDATS SELECTIONNES POUR LE POSTE DE PROCUREUR ADJOINT","og_description":"La Haye, 12 septembre 2012 (FH) - La procureure de la Cour p\u00e9nale internationale (CPI), Fatou Bensouda, a soumis \u00e0 l\u2019Assembl\u00e9e des Etats parties, le 11 septembre, le nom des trois candidats s\u00e9lectionn\u00e9s pour le poste de procureur adjoint.","og_url":"https:\/\/www.justiceinfo.net\/fr\/14515-120912-cpiprocureur-trois-candidats-selectionnes-pour-le-poste-de-procureur-adjoint.html","og_site_name":"JusticeInfo.net","article_publisher":"https:\/\/www.facebook.com\/JusticeInfo\/","article_published_time":"2012-09-12T12:15:08+00:00","og_image":[{"width":1200,"height":630,"url":"https:\/\/www.justiceinfo.net\/wp-content\/uploads\/JusticeInfoNet_logo_1200x630px.jpg","type":"image\/jpeg"}],"author":"solivri","twitter_card":"summary_large_image","twitter_creator":"@justiceinfonet","twitter_site":"@justiceinfonet","twitter_misc":{"\u00c9crit par":"solivri","Dur\u00e9e de lecture estim\u00e9e":"1 minute"},"schema":{"@context":"https:\/\/schema.org","@graph":[{"@type":"NewsArticle","@id":"https:\/\/www.justiceinfo.net\/fr\/14515-120912-cpiprocureur-trois-candidats-selectionnes-pour-le-poste-de-procureur-adjoint.html#article","isPartOf":{"@id":"https:\/\/www.justiceinfo.net\/fr\/14515-120912-cpiprocureur-trois-candidats-selectionnes-pour-le-poste-de-procureur-adjoint.html"},"author":{"name":"solivri","@id":"https:\/\/www.justiceinfo.net\/fr#\/schema\/person\/6e53cba1629e2e66f3fc1821d3091865"},"headline":"12.09.12 - CPI\/PROCUREUR \u2013 TROIS CANDIDATS SELECTIONNES POUR LE POSTE DE PROCUREUR ADJOINT","datePublished":"2012-09-12T12:15:08+00:00","mainEntityOfPage":{"@id":"https:\/\/www.justiceinfo.net\/fr\/14515-120912-cpiprocureur-trois-candidats-selectionnes-pour-le-poste-de-procureur-adjoint.html"},"wordCount":228,"commentCount":0,"publisher":{"@id":"https:\/\/www.justiceinfo.net\/fr#organization"},"articleSection":["Hirondelle News"],"inLanguage":"fr-FR","potentialAction":[{"@type":"CommentAction","name":"Comment","target":["https:\/\/www.justiceinfo.net\/fr\/14515-120912-cpiprocureur-trois-candidats-selectionnes-pour-le-poste-de-procureur-adjoint.html#respond"]}]},{"@type":"WebPage","@id":"https:\/\/www.justiceinfo.net\/fr\/14515-120912-cpiprocureur-trois-candidats-selectionnes-pour-le-poste-de-procureur-adjoint.html","url":"https:\/\/www.justiceinfo.net\/fr\/14515-120912-cpiprocureur-trois-candidats-selectionnes-pour-le-poste-de-procureur-adjoint.html","name":"12.09.12 - CPI\/PROCUREUR \u2013 TROIS CANDIDATS SELECTIONNES POUR LE POSTE DE PROCUREUR ADJOINT - JusticeInfo.net","isPartOf":{"@id":"https:\/\/www.justiceinfo.net\/fr#website"},"datePublished":"2012-09-12T12:15:08+00:00","breadcrumb":{"@id":"https:\/\/www.justiceinfo.net\/fr\/14515-120912-cpiprocureur-trois-candidats-selectionnes-pour-le-poste-de-procureur-adjoint.html#breadcrumb"},"inLanguage":"fr-FR","potentialAction":[{"@type":"ReadAction","target":["https:\/\/www.justiceinfo.net\/fr\/14515-120912-cpiprocureur-trois-candidats-selectionnes-pour-le-poste-de-procureur-adjoint.html"]}]},{"@type":"BreadcrumbList","@id":"https:\/\/www.justiceinfo.net\/fr\/14515-120912-cpiprocureur-trois-candidats-selectionnes-pour-le-poste-de-procureur-adjoint.html#breadcrumb","itemListElement":[{"@type":"ListItem","position":1,"name":"Home","item":"https:\/\/www.justiceinfo.net\/fr"},{"@type":"ListItem","position":2,"name":"12.09.12 - CPI\/PROCUREUR \u2013 TROIS CANDIDATS SELECTIONNES POUR LE POSTE DE PROCUREUR ADJOINT"}]},{"@type":"WebSite","@id":"https:\/\/www.justiceinfo.net\/fr#website","url":"https:\/\/www.justiceinfo.net\/fr","name":"JusticeInfo.net","description":"La justice doit \u00eatre vue pour \u00eatre rendue","publisher":{"@id":"https:\/\/www.justiceinfo.net\/fr#organization"},"potentialAction":[{"@type":"SearchAction","target":{"@type":"EntryPoint","urlTemplate":"https:\/\/www.justiceinfo.net\/fr?s={search_term_string}"},"query-input":{"@type":"PropertyValueSpecification","valueRequired":true,"valueName":"search_term_string"}}],"inLanguage":"fr-FR"},{"@type":"Organization","@id":"https:\/\/www.justiceinfo.net\/fr#organization","name":"Justice Info","url":"https:\/\/www.justiceinfo.net\/fr","logo":{"@type":"ImageObject","inLanguage":"fr-FR","@id":"https:\/\/www.justiceinfo.net\/fr#\/schema\/logo\/image\/","url":"https:\/\/www.justiceinfo.net\/wp-content\/uploads\/justiceinfo_logo-trans_1200x1200px.png","contentUrl":"https:\/\/www.justiceinfo.net\/wp-content\/uploads\/justiceinfo_logo-trans_1200x1200px.png","width":1199,"height":1200,"caption":"Justice Info"},"image":{"@id":"https:\/\/www.justiceinfo.net\/fr#\/schema\/logo\/image\/"},"sameAs":["https:\/\/www.facebook.com\/JusticeInfo\/","https:\/\/x.com\/justiceinfonet","https:\/\/www.linkedin.com\/company\/justice-info","https:\/\/www.youtube.com\/channel\/UCyCEsARodyuWtkWyhn-e7pA"]},{"@type":"Person","name":"solivri","url":"\/fr\/?s=solivri"}]}},"_links":{"self":[{"href":"https:\/\/www.justiceinfo.net\/fr\/wp-json\/wp\/v2\/posts\/14515","targetHints":{"allow":["GET"]}}],"collection":[{"href":"https:\/\/www.justiceinfo.net\/fr\/wp-json\/wp\/v2\/posts"}],"about":[{"href":"https:\/\/www.justiceinfo.net\/fr\/wp-json\/wp\/v2\/types\/post"}],"author":[{"embeddable":true,"href":"https:\/\/www.justiceinfo.net\/fr\/wp-json\/wp\/v2\/users\/64"}],"replies":[{"embeddable":true,"href":"https:\/\/www.justiceinfo.net\/fr\/wp-json\/wp\/v2\/comments?post=14515"}],"version-history":[{"count":0,"href":"https:\/\/www.justiceinfo.net\/fr\/wp-json\/wp\/v2\/posts\/14515\/revisions"}],"wp:attachment":[{"href":"https:\/\/www.justiceinfo.net\/fr\/wp-json\/wp\/v2\/media?parent=14515"}],"wp:term":[{"taxonomy":"category","embeddable":true,"href":"https:\/\/www.justiceinfo.net\/fr\/wp-json\/wp\/v2\/categories?post=14515"},{"taxonomy":"post_tag","embeddable":true,"href":"https:\/\/www.justiceinfo.net\/fr\/wp-json\/wp\/v2\/tags?post=14515"},{"taxonomy":"ji_location","embeddable":true,"href":"https:\/\/www.justiceinfo.net\/fr\/wp-json\/wp\/v2\/ji_location?post=14515"}],"curies":[{"name":"wp","href":"https:\/\/api.w.org\/{rel}","templated":true}]}}