{"id":14522,"date":"2012-09-21T23:24:23","date_gmt":"2012-09-21T21:24:23","guid":{"rendered":"https:\/\/www.justiceinfo.net\/14522-210912-cpilibye-tripoli-devant-les-juges-de-la-cpi-les-8-et-9-octobre.html"},"modified":"2012-09-21T23:24:23","modified_gmt":"2012-09-21T21:24:23","slug":"210912-cpilibye-tripoli-devant-les-juges-de-la-cpi-les-8-et-9-octobre","status":"publish","type":"post","link":"https:\/\/www.justiceinfo.net\/fr\/14522-210912-cpilibye-tripoli-devant-les-juges-de-la-cpi-les-8-et-9-octobre.html","title":{"rendered":"21.09.12 - CPI\/LIBYE  - TRIPOLI DEVANT LES JUGES DE LA CPI LES 8 ET 9 OCTOBRE"},"content":{"rendered":"<p>La Haye, le 21 septembre 2012 (FH) - Cinq mois apr\u00e8s le d\u00e9p\u00f4t d\u2019une requ\u00eate de la Libye demandant \u00e0 la Cour p\u00e9nale internationale (CPI) de lui permettre de juger Sa\u00eff Al-Islam Kadhafi devant ses propres tribunaux, les juges ont ordonn\u00e9 la tenue d\u2019une audience les 8 et 9 octobre.<\/p>\n<p><!--more--><\/p>\n<p>Apr\u00e8s avoir refus\u00e9 d\u2019ex\u00e9cuter le mandat d\u2019arr\u00eat pour crimes contre l\u2019humanit\u00e9 \u00e9mis par la Cour contre le fils du Guide libyen en juin 2011, Tripoli avait demand\u00e9 aux juges de La Haye, en mai 2012, de se dessaisir en sa faveur. Depuis, l\u2019affaire Kadhafi a connu de nombreux rebondissements, dont l\u2019arrestation et la d\u00e9tention en juin dernier, pendant trois semaines, de quatre fonctionnaires de la Cour, parmi lesquels Melinda Taylor, d\u00e9sign\u00e9e par les juges pour d\u00e9fendre Sa\u00eff Al-Islam Kadhafi. L\u2019avocate australienne avait \u00e9t\u00e9 d\u00e9tenue pour \u00ab\u00a0atteinte \u00e0 la s\u00fbret\u00e9 de l\u2019Etat\u00a0\u00bb, \u00e0 Zintan, au sud-ouest de la Libye, o\u00f9 est emprisonn\u00e9 le fils du d\u00e9funt Guide libyen. <\/p>\n<p>Fin ao\u00fbt, le parquet g\u00e9n\u00e9ral de Libye avait annonc\u00e9 son intention de tenir un proc\u00e8s sur son sol d\u00e8s septembre, avant m\u00eame d\u2019attendre que la Cour ne se prononce sur un renvoi \u00e9ventuel de l\u2019affaire. Mais le 10 septembre, le parquet g\u00e9n\u00e9ral est revenu sur ses d\u00e9clarations, qui avaient par ailleurs \u00e9t\u00e9 d\u00e9menties par le pr\u00e9sident du Conseil national (assembl\u00e9e \u00e9lue en juillet 2012, charg\u00e9e notamment d\u2019\u00e9laborer une nouvelle constitution). <\/p>\n<p>Selon le parquet g\u00e9n\u00e9ral de Libye, le proc\u00e8s de Sa\u00eff Al-Islam Kadhafi ne s\u2019ouvrira pas avant plusieurs mois, le temps d\u2019entendre Abdallah Al Senoussi, extrad\u00e9 en Libye par la Mauritanie le 5 septembre. L\u2019ancien chef des renseignements militaires du r\u00e9gime Kadhafi fait aussi l\u2019objet d\u2019un mandat d\u2019arr\u00eat de la Cour et Tripoli doit, comme pour Sa\u00eff Al-Islam Kadhafi, obtenir l\u2019aval des juges de La Haye pour pouvoir le juger sur son sol. <\/p>\n<p>Par ailleurs, dans un rapport publi\u00e9 le 17 septembre, titr\u00e9 Justice transitionnelle, les fondations pour une nouvelle Libye, le chef de la Mission des Nations unies en Libye, Ian Martin, recommande au Congr\u00e8s national et au nouveau gouvernement de mettre en place, en un an, un syst\u00e8me de justice transitionnelle, qui permettrait notamment de d\u00e9senclaver les prisons libyennes o\u00f9 plus de 7000 personnes sont incarc\u00e9r\u00e9es sans proc\u00e8s. \u00ab\u00a0La Libye est \u00e0 un moment critique de son histoire, \u00e9crit Ian Martin dans son rapport, et il y a une occasion, pour le pays, de jeter les fondations solides et durables d\u2019une soci\u00e9t\u00e9 bas\u00e9e sur les droits de l\u2019homme\u00a0\u00bb. De son c\u00f4t\u00e9, la procureure de la Cour, qui a suspendu ses enqu\u00eates dans l\u2019affaire Kadhafi n\u2019a pas ouvert de nouvelles investigations concernant d\u2019autres crimes commis dans le pays depuis la r\u00e9volte de f\u00e9vrier 2011. <\/p>\n<p>SM\/GF<\/p>\n<p>\u00a0<\/p>\n","protected":false},"excerpt":{"rendered":"<p>La Haye, le 21 septembre 2012 (FH) - Cinq mois apr\u00e8s le d\u00e9p\u00f4t d\u2019une requ\u00eate de la Libye demandant \u00e0 la Cour p\u00e9nale internationale (CPI) de lui permettre de juger Sa\u00eff Al-Islam Kadhafi devant ses propres tribunaux, les juges ont ordonn\u00e9 la tenue d\u2019une audience les 8 et 9 octobre.<\/p>\n","protected":false},"author":64,"featured_media":0,"comment_status":"open","ping_status":"closed","sticky":false,"template":"","format":"standard","meta":{"_acf_changed":false,"footnotes":""},"categories":[554],"tags":[],"ji_location":[],"class_list":["post-14522","post","type-post","status-publish","format-standard","hentry","category-hirondellenews"],"acf":[],"yoast_head":"<!-- This site is optimized with the Yoast SEO Premium plugin v25.3.1 (Yoast SEO v25.3.1) - https:\/\/yoast.com\/wordpress\/plugins\/seo\/ -->\n<title>21.09.12 - CPI\/LIBYE - TRIPOLI DEVANT LES JUGES DE LA CPI LES 8 ET 9 OCTOBRE - JusticeInfo.net<\/title>\n<meta name=\"robots\" content=\"index, follow, max-snippet:-1, max-image-preview:large, max-video-preview:-1\" \/>\n<link rel=\"canonical\" href=\"https:\/\/www.justiceinfo.net\/fr\/14522-210912-cpilibye-tripoli-devant-les-juges-de-la-cpi-les-8-et-9-octobre.html\" \/>\n<meta property=\"og:locale\" content=\"fr_FR\" \/>\n<meta property=\"og:type\" content=\"article\" \/>\n<meta property=\"og:title\" content=\"21.09.12 - CPI\/LIBYE - TRIPOLI DEVANT LES JUGES DE LA CPI LES 8 ET 9 OCTOBRE\" \/>\n<meta property=\"og:description\" content=\"La Haye, le 21 septembre 2012 (FH) - Cinq mois apr\u00e8s le d\u00e9p\u00f4t d\u2019une requ\u00eate de la Libye demandant \u00e0 la Cour p\u00e9nale internationale (CPI) de lui permettre de juger Sa\u00eff Al-Islam Kadhafi devant ses propres tribunaux, les juges ont ordonn\u00e9 la tenue d\u2019une audience les 8 et 9 octobre.\" \/>\n<meta property=\"og:url\" content=\"https:\/\/www.justiceinfo.net\/fr\/14522-210912-cpilibye-tripoli-devant-les-juges-de-la-cpi-les-8-et-9-octobre.html\" \/>\n<meta property=\"og:site_name\" content=\"JusticeInfo.net\" \/>\n<meta property=\"article:publisher\" content=\"https:\/\/www.facebook.com\/JusticeInfo\/\" \/>\n<meta property=\"article:published_time\" content=\"2012-09-21T21:24:23+00:00\" \/>\n<meta property=\"og:image\" content=\"https:\/\/www.justiceinfo.net\/wp-content\/uploads\/JusticeInfoNet_logo_1200x630px.jpg\" \/>\n\t<meta property=\"og:image:width\" content=\"1200\" \/>\n\t<meta property=\"og:image:height\" content=\"630\" \/>\n\t<meta property=\"og:image:type\" content=\"image\/jpeg\" \/>\n<meta name=\"author\" content=\"solivri\" \/>\n<meta name=\"twitter:card\" content=\"summary_large_image\" \/>\n<meta name=\"twitter:creator\" content=\"@justiceinfonet\" \/>\n<meta name=\"twitter:site\" content=\"@justiceinfonet\" \/>\n<meta name=\"twitter:label1\" content=\"\u00c9crit par\" \/>\n\t<meta name=\"twitter:data1\" content=\"solivri\" \/>\n\t<meta name=\"twitter:label2\" content=\"Dur\u00e9e de lecture estim\u00e9e\" \/>\n\t<meta name=\"twitter:data2\" content=\"3 minutes\" \/>\n<script type=\"application\/ld+json\" class=\"yoast-schema-graph\">{\"@context\":\"https:\/\/schema.org\",\"@graph\":[{\"@type\":\"NewsArticle\",\"@id\":\"https:\/\/www.justiceinfo.net\/fr\/14522-210912-cpilibye-tripoli-devant-les-juges-de-la-cpi-les-8-et-9-octobre.html#article\",\"isPartOf\":{\"@id\":\"https:\/\/www.justiceinfo.net\/fr\/14522-210912-cpilibye-tripoli-devant-les-juges-de-la-cpi-les-8-et-9-octobre.html\"},\"author\":{\"name\":\"solivri\",\"@id\":\"https:\/\/www.justiceinfo.net\/fr#\/schema\/person\/6e53cba1629e2e66f3fc1821d3091865\"},\"headline\":\"21.09.12 - CPI\/LIBYE - TRIPOLI DEVANT LES JUGES DE LA CPI LES 8 ET 9 OCTOBRE\",\"datePublished\":\"2012-09-21T21:24:23+00:00\",\"mainEntityOfPage\":{\"@id\":\"https:\/\/www.justiceinfo.net\/fr\/14522-210912-cpilibye-tripoli-devant-les-juges-de-la-cpi-les-8-et-9-octobre.html\"},\"wordCount\":514,\"commentCount\":0,\"publisher\":{\"@id\":\"https:\/\/www.justiceinfo.net\/fr#organization\"},\"articleSection\":[\"Hirondelle News\"],\"inLanguage\":\"fr-FR\",\"potentialAction\":[{\"@type\":\"CommentAction\",\"name\":\"Comment\",\"target\":[\"https:\/\/www.justiceinfo.net\/fr\/14522-210912-cpilibye-tripoli-devant-les-juges-de-la-cpi-les-8-et-9-octobre.html#respond\"]}]},{\"@type\":\"WebPage\",\"@id\":\"https:\/\/www.justiceinfo.net\/fr\/14522-210912-cpilibye-tripoli-devant-les-juges-de-la-cpi-les-8-et-9-octobre.html\",\"url\":\"https:\/\/www.justiceinfo.net\/fr\/14522-210912-cpilibye-tripoli-devant-les-juges-de-la-cpi-les-8-et-9-octobre.html\",\"name\":\"21.09.12 - CPI\/LIBYE - TRIPOLI DEVANT LES JUGES DE LA CPI LES 8 ET 9 OCTOBRE - JusticeInfo.net\",\"isPartOf\":{\"@id\":\"https:\/\/www.justiceinfo.net\/fr#website\"},\"datePublished\":\"2012-09-21T21:24:23+00:00\",\"breadcrumb\":{\"@id\":\"https:\/\/www.justiceinfo.net\/fr\/14522-210912-cpilibye-tripoli-devant-les-juges-de-la-cpi-les-8-et-9-octobre.html#breadcrumb\"},\"inLanguage\":\"fr-FR\",\"potentialAction\":[{\"@type\":\"ReadAction\",\"target\":[\"https:\/\/www.justiceinfo.net\/fr\/14522-210912-cpilibye-tripoli-devant-les-juges-de-la-cpi-les-8-et-9-octobre.html\"]}]},{\"@type\":\"BreadcrumbList\",\"@id\":\"https:\/\/www.justiceinfo.net\/fr\/14522-210912-cpilibye-tripoli-devant-les-juges-de-la-cpi-les-8-et-9-octobre.html#breadcrumb\",\"itemListElement\":[{\"@type\":\"ListItem\",\"position\":1,\"name\":\"Home\",\"item\":\"https:\/\/www.justiceinfo.net\/fr\"},{\"@type\":\"ListItem\",\"position\":2,\"name\":\"21.09.12 - CPI\/LIBYE - TRIPOLI DEVANT LES JUGES DE LA CPI LES 8 ET 9 OCTOBRE\"}]},{\"@type\":\"WebSite\",\"@id\":\"https:\/\/www.justiceinfo.net\/fr#website\",\"url\":\"https:\/\/www.justiceinfo.net\/fr\",\"name\":\"JusticeInfo.net\",\"description\":\"La justice doit \u00eatre vue pour \u00eatre rendue\",\"publisher\":{\"@id\":\"https:\/\/www.justiceinfo.net\/fr#organization\"},\"potentialAction\":[{\"@type\":\"SearchAction\",\"target\":{\"@type\":\"EntryPoint\",\"urlTemplate\":\"https:\/\/www.justiceinfo.net\/fr?s={search_term_string}\"},\"query-input\":{\"@type\":\"PropertyValueSpecification\",\"valueRequired\":true,\"valueName\":\"search_term_string\"}}],\"inLanguage\":\"fr-FR\"},{\"@type\":\"Organization\",\"@id\":\"https:\/\/www.justiceinfo.net\/fr#organization\",\"name\":\"Justice Info\",\"url\":\"https:\/\/www.justiceinfo.net\/fr\",\"logo\":{\"@type\":\"ImageObject\",\"inLanguage\":\"fr-FR\",\"@id\":\"https:\/\/www.justiceinfo.net\/fr#\/schema\/logo\/image\/\",\"url\":\"https:\/\/www.justiceinfo.net\/wp-content\/uploads\/justiceinfo_logo-trans_1200x1200px.png\",\"contentUrl\":\"https:\/\/www.justiceinfo.net\/wp-content\/uploads\/justiceinfo_logo-trans_1200x1200px.png\",\"width\":1199,\"height\":1200,\"caption\":\"Justice Info\"},\"image\":{\"@id\":\"https:\/\/www.justiceinfo.net\/fr#\/schema\/logo\/image\/\"},\"sameAs\":[\"https:\/\/www.facebook.com\/JusticeInfo\/\",\"https:\/\/x.com\/justiceinfonet\",\"https:\/\/www.linkedin.com\/company\/justice-info\",\"https:\/\/www.youtube.com\/channel\/UCyCEsARodyuWtkWyhn-e7pA\"]},{\"@type\":\"Person\",\"name\":\"solivri\",\"url\":\"\/fr\/?s=solivri\"}]}<\/script>\n<!-- \/ Yoast SEO Premium plugin. -->","yoast_head_json":{"title":"21.09.12 - CPI\/LIBYE - TRIPOLI DEVANT LES JUGES DE LA CPI LES 8 ET 9 OCTOBRE - JusticeInfo.net","robots":{"index":"index","follow":"follow","max-snippet":"max-snippet:-1","max-image-preview":"max-image-preview:large","max-video-preview":"max-video-preview:-1"},"canonical":"https:\/\/www.justiceinfo.net\/fr\/14522-210912-cpilibye-tripoli-devant-les-juges-de-la-cpi-les-8-et-9-octobre.html","og_locale":"fr_FR","og_type":"article","og_title":"21.09.12 - CPI\/LIBYE - TRIPOLI DEVANT LES JUGES DE LA CPI LES 8 ET 9 OCTOBRE","og_description":"La Haye, le 21 septembre 2012 (FH) - Cinq mois apr\u00e8s le d\u00e9p\u00f4t d\u2019une requ\u00eate de la Libye demandant \u00e0 la Cour p\u00e9nale internationale (CPI) de lui permettre de juger Sa\u00eff Al-Islam Kadhafi devant ses propres tribunaux, les juges ont ordonn\u00e9 la tenue d\u2019une audience les 8 et 9 octobre.","og_url":"https:\/\/www.justiceinfo.net\/fr\/14522-210912-cpilibye-tripoli-devant-les-juges-de-la-cpi-les-8-et-9-octobre.html","og_site_name":"JusticeInfo.net","article_publisher":"https:\/\/www.facebook.com\/JusticeInfo\/","article_published_time":"2012-09-21T21:24:23+00:00","og_image":[{"width":1200,"height":630,"url":"https:\/\/www.justiceinfo.net\/wp-content\/uploads\/JusticeInfoNet_logo_1200x630px.jpg","type":"image\/jpeg"}],"author":"solivri","twitter_card":"summary_large_image","twitter_creator":"@justiceinfonet","twitter_site":"@justiceinfonet","twitter_misc":{"\u00c9crit par":"solivri","Dur\u00e9e de lecture estim\u00e9e":"3 minutes"},"schema":{"@context":"https:\/\/schema.org","@graph":[{"@type":"NewsArticle","@id":"https:\/\/www.justiceinfo.net\/fr\/14522-210912-cpilibye-tripoli-devant-les-juges-de-la-cpi-les-8-et-9-octobre.html#article","isPartOf":{"@id":"https:\/\/www.justiceinfo.net\/fr\/14522-210912-cpilibye-tripoli-devant-les-juges-de-la-cpi-les-8-et-9-octobre.html"},"author":{"name":"solivri","@id":"https:\/\/www.justiceinfo.net\/fr#\/schema\/person\/6e53cba1629e2e66f3fc1821d3091865"},"headline":"21.09.12 - CPI\/LIBYE - TRIPOLI DEVANT LES JUGES DE LA CPI LES 8 ET 9 OCTOBRE","datePublished":"2012-09-21T21:24:23+00:00","mainEntityOfPage":{"@id":"https:\/\/www.justiceinfo.net\/fr\/14522-210912-cpilibye-tripoli-devant-les-juges-de-la-cpi-les-8-et-9-octobre.html"},"wordCount":514,"commentCount":0,"publisher":{"@id":"https:\/\/www.justiceinfo.net\/fr#organization"},"articleSection":["Hirondelle News"],"inLanguage":"fr-FR","potentialAction":[{"@type":"CommentAction","name":"Comment","target":["https:\/\/www.justiceinfo.net\/fr\/14522-210912-cpilibye-tripoli-devant-les-juges-de-la-cpi-les-8-et-9-octobre.html#respond"]}]},{"@type":"WebPage","@id":"https:\/\/www.justiceinfo.net\/fr\/14522-210912-cpilibye-tripoli-devant-les-juges-de-la-cpi-les-8-et-9-octobre.html","url":"https:\/\/www.justiceinfo.net\/fr\/14522-210912-cpilibye-tripoli-devant-les-juges-de-la-cpi-les-8-et-9-octobre.html","name":"21.09.12 - CPI\/LIBYE - TRIPOLI DEVANT LES JUGES DE LA CPI LES 8 ET 9 OCTOBRE - JusticeInfo.net","isPartOf":{"@id":"https:\/\/www.justiceinfo.net\/fr#website"},"datePublished":"2012-09-21T21:24:23+00:00","breadcrumb":{"@id":"https:\/\/www.justiceinfo.net\/fr\/14522-210912-cpilibye-tripoli-devant-les-juges-de-la-cpi-les-8-et-9-octobre.html#breadcrumb"},"inLanguage":"fr-FR","potentialAction":[{"@type":"ReadAction","target":["https:\/\/www.justiceinfo.net\/fr\/14522-210912-cpilibye-tripoli-devant-les-juges-de-la-cpi-les-8-et-9-octobre.html"]}]},{"@type":"BreadcrumbList","@id":"https:\/\/www.justiceinfo.net\/fr\/14522-210912-cpilibye-tripoli-devant-les-juges-de-la-cpi-les-8-et-9-octobre.html#breadcrumb","itemListElement":[{"@type":"ListItem","position":1,"name":"Home","item":"https:\/\/www.justiceinfo.net\/fr"},{"@type":"ListItem","position":2,"name":"21.09.12 - CPI\/LIBYE - TRIPOLI DEVANT LES JUGES DE LA CPI LES 8 ET 9 OCTOBRE"}]},{"@type":"WebSite","@id":"https:\/\/www.justiceinfo.net\/fr#website","url":"https:\/\/www.justiceinfo.net\/fr","name":"JusticeInfo.net","description":"La justice doit \u00eatre vue pour \u00eatre rendue","publisher":{"@id":"https:\/\/www.justiceinfo.net\/fr#organization"},"potentialAction":[{"@type":"SearchAction","target":{"@type":"EntryPoint","urlTemplate":"https:\/\/www.justiceinfo.net\/fr?s={search_term_string}"},"query-input":{"@type":"PropertyValueSpecification","valueRequired":true,"valueName":"search_term_string"}}],"inLanguage":"fr-FR"},{"@type":"Organization","@id":"https:\/\/www.justiceinfo.net\/fr#organization","name":"Justice Info","url":"https:\/\/www.justiceinfo.net\/fr","logo":{"@type":"ImageObject","inLanguage":"fr-FR","@id":"https:\/\/www.justiceinfo.net\/fr#\/schema\/logo\/image\/","url":"https:\/\/www.justiceinfo.net\/wp-content\/uploads\/justiceinfo_logo-trans_1200x1200px.png","contentUrl":"https:\/\/www.justiceinfo.net\/wp-content\/uploads\/justiceinfo_logo-trans_1200x1200px.png","width":1199,"height":1200,"caption":"Justice Info"},"image":{"@id":"https:\/\/www.justiceinfo.net\/fr#\/schema\/logo\/image\/"},"sameAs":["https:\/\/www.facebook.com\/JusticeInfo\/","https:\/\/x.com\/justiceinfonet","https:\/\/www.linkedin.com\/company\/justice-info","https:\/\/www.youtube.com\/channel\/UCyCEsARodyuWtkWyhn-e7pA"]},{"@type":"Person","name":"solivri","url":"\/fr\/?s=solivri"}]}},"_links":{"self":[{"href":"https:\/\/www.justiceinfo.net\/fr\/wp-json\/wp\/v2\/posts\/14522","targetHints":{"allow":["GET"]}}],"collection":[{"href":"https:\/\/www.justiceinfo.net\/fr\/wp-json\/wp\/v2\/posts"}],"about":[{"href":"https:\/\/www.justiceinfo.net\/fr\/wp-json\/wp\/v2\/types\/post"}],"author":[{"embeddable":true,"href":"https:\/\/www.justiceinfo.net\/fr\/wp-json\/wp\/v2\/users\/64"}],"replies":[{"embeddable":true,"href":"https:\/\/www.justiceinfo.net\/fr\/wp-json\/wp\/v2\/comments?post=14522"}],"version-history":[{"count":0,"href":"https:\/\/www.justiceinfo.net\/fr\/wp-json\/wp\/v2\/posts\/14522\/revisions"}],"wp:attachment":[{"href":"https:\/\/www.justiceinfo.net\/fr\/wp-json\/wp\/v2\/media?parent=14522"}],"wp:term":[{"taxonomy":"category","embeddable":true,"href":"https:\/\/www.justiceinfo.net\/fr\/wp-json\/wp\/v2\/categories?post=14522"},{"taxonomy":"post_tag","embeddable":true,"href":"https:\/\/www.justiceinfo.net\/fr\/wp-json\/wp\/v2\/tags?post=14522"},{"taxonomy":"ji_location","embeddable":true,"href":"https:\/\/www.justiceinfo.net\/fr\/wp-json\/wp\/v2\/ji_location?post=14522"}],"curies":[{"name":"wp","href":"https:\/\/api.w.org\/{rel}","templated":true}]}}