{"id":145416,"date":"2025-05-16T12:43:02","date_gmt":"2025-05-16T10:43:02","guid":{"rendered":"https:\/\/www.justiceinfo.net\/145416-le-procureur-de-la-cpi-quitte-temporairement-ses-fonctions-vise-par-une-enquete.html"},"modified":"2025-05-16T17:48:22","modified_gmt":"2025-05-16T15:48:22","slug":"karim-khan-prend-conge-cpi","status":"publish","type":"post","link":"https:\/\/www.justiceinfo.net\/fr\/145416-karim-khan-prend-conge-cpi.html","title":{"rendered":"Karim Khan prend cong\u00e9 de la CPI\u00a0"},"content":{"rendered":"\n<p>Un an apr\u00e8s le premier signalement d\u2019une <a href=\"https:\/\/www.justiceinfo.net\/fr\/137437-pression-monte-cpi.html\">all\u00e9gation de harc\u00e8lement sexuel<\/a> par une employ\u00e9e de son bureau, <a href=\"https:\/\/www.justiceinfo.net\/fr\/tag\/karim-khan-2\">Karim Khan<\/a>, procureur de la <a href=\"https:\/\/www.justiceinfo.net\/fr\/tribunaux\/cpi\">Cour p\u00e9nale internationale (CPI)<\/a>, annonce vendredi 16 mai sa d\u00e9cision \u00ab\u00a0de prendre un cong\u00e9 \u00bb jusqu\u2019\u00e0 la fin de l\u2019enqu\u00eate ouverte contre lui par le Bureau des services de contr\u00f4le interne des Nations unies. Pendant son absence, \u00ab\u00a0les procureurs adjoints seront charg\u00e9s de la gestion du bureau du procureur\u00a0\u00bb, pr\u00e9cise le bref communiqu\u00e9 transmis par l\u2019Unit\u00e9 des affaires publiques de la CPI.<\/p>\n\n\n\n<!--more-->\n\n\n\n<p>Le procureur de la Cour p\u00e9nale internationale (CPI), Karim Khan, vis\u00e9 depuis novembre par une enqu\u00eate pour \"faute pr\u00e9sum\u00e9e\", a temporairement quitt\u00e9 ses fonctions, a indiqu\u00e9 son bureau vendredi.<\/p>\n\n\n\n<p>\"Le procureur a fait part de sa d\u00e9cision de prendre cong\u00e9 jusqu'\u00e0 la fin de la proc\u00e9dure\" men\u00e9e par des enqu\u00eateurs de l'ONU, a d\u00e9clar\u00e9 le bureau du procureur dans un communiqu\u00e9, plusieurs m\u00e9dias ayant fait \u00e9tat d'accusations de comportement sexuel inappropri\u00e9 \u00e0 son encontre.<\/p>\n\n\n\n<p>M. Khan a ni\u00e9 les accusations.<\/p>\n\n\n\n<p>\"Les procureurs adjoints seront charg\u00e9s de la gestion du bureau du procureur pendant son absence\", a ajout\u00e9 son bureau.<\/p>\n\n\n\n<p>L'organe de surveillance de la CPI avait annonc\u00e9 en novembre avoir sollicit\u00e9 une enqu\u00eate externe sur des all\u00e9gations de \"faute pr\u00e9sum\u00e9e\" du procureur g\u00e9n\u00e9ral, sans donner plus de d\u00e9tails.<\/p>\n\n\n\n<p>Le Britannique a fait les gros titres en mai lorsqu'il a demand\u00e9 \u00e0 la CPI d'\u00e9mettre des mandats d'arr\u00eat \u00e0 l'encontre du Premier ministre isra\u00e9lien Benjamin Netanyahu, de l'ancien ministre de la D\u00e9fense Yoav Gallant et de trois hauts responsables du Hamas.<\/p>\n\n\n\n<p>D'apr\u00e8s plusieurs m\u00e9dias, le procureur g\u00e9n\u00e9ral de la CPI aurait \u00e9t\u00e9 accus\u00e9 de comportement sexuel inappropri\u00e9 \u00e0 l'\u00e9gard d'une membre de son personnel, des suggestions qu'il a d\u00e9clar\u00e9es infond\u00e9es.<\/p>\n\n\n\n<p>La CPI, dont le si\u00e8ge est \u00e0 La Haye, enqu\u00eate et poursuit les g\u00e9nocides, les crimes de guerre, les crimes contre l'humanit\u00e9 et le crime d'agression.<\/p>\n\n\n\n<p>La juridiction fait face \u00e0 de nombreuses critiques et est m\u00eame sous le coup de sanctions am\u00e9ricaines.<\/p>\n\n\n<div class=\"articleLink articleLink--editorRecommanded articleLink--textInImage articleLink--textTop\" style=\"\">\r\n\t\t\t\t\t\r\n\t\t\t<div class=\"articleLinkSurTitle\">Recommand\u00e9 par la r\u00e9daction<\/div>\r\n\t\t\t<a class=\"articleLinkImageLink\" href=\"https:\/\/www.justiceinfo.net\/fr\/144621-harcelement-cpi-avocate-defense-lourdement-sanctionnee.html\"><div class=\"articleLinkImageContainer \"><img loading=\"lazy\" decoding=\"async\" width=\"540\" height=\"360\" src=\"https:\/\/www.justiceinfo.net\/wp-content\/uploads\/Lawyers-arguing_Justice-Info-Shutterstock-IA-generated-540x360.jpg\" class=\"articleLinkImage backgroundImageTag w-100 wp-post-image\" alt=\"Le comit\u00e9 disciplinaire de la Cour p\u00e9nale internationale (CPI) juge une affaire de harc\u00e8lement moral impliquant l&#039;avocate Jennifer Naouri. Image : 2 personnes (repr\u00e9sent\u00e9es uniquement par des ombres) se disputent dans une cour de justice.\" srcset=\"https:\/\/www.justiceinfo.net\/wp-content\/uploads\/Lawyers-arguing_Justice-Info-Shutterstock-IA-generated-540x360.jpg 540w, https:\/\/www.justiceinfo.net\/wp-content\/uploads\/Lawyers-arguing_Justice-Info-Shutterstock-IA-generated-1000x667.jpg 1000w, https:\/\/www.justiceinfo.net\/wp-content\/uploads\/Lawyers-arguing_Justice-Info-Shutterstock-IA-generated-1110x740.jpg 1110w, https:\/\/www.justiceinfo.net\/wp-content\/uploads\/Lawyers-arguing_Justice-Info-Shutterstock-IA-generated.jpg 1200w\" sizes=\"auto, (max-width: 540px) 100vw, 540px\" \/><\/div><\/a>\r\n\t\t\t<a href=\"https:\/\/www.justiceinfo.net\/fr\/144621-harcelement-cpi-avocate-defense-lourdement-sanctionnee.html\" class=\"articleLinkTitle articleLinkTitle--default\">\r\n\t\t\tHarc\u00e8lement \u00e0 la CPI : une avocate de la d\u00e9fense lourdement sanctionn\u00e9e\r\n\t\t<\/a>\r\n\t\t\r\n\t\t\t\t<\/div>","protected":false},"excerpt":{"rendered":"<p>Un an apr\u00e8s le premier signalement d\u2019une all\u00e9gation de harc\u00e8lement sexuel par une employ\u00e9e de son bureau, Karim Khan, procureur de la Cour p\u00e9nale internationale (CPI), a annonc\u00e9 vendredi 16 mai sa d\u00e9cision \u00ab de prendre un cong\u00e9 jusqu\u2019\u00e0 la fin de l\u2019enqu\u00eate ouverte contre lui \u00bb.<\/p>\n","protected":false},"author":60,"featured_media":145417,"comment_status":"open","ping_status":"closed","sticky":false,"template":"","format":"standard","meta":{"_acf_changed":false,"footnotes":""},"categories":[570,2576],"tags":[2702],"ji_location":[2566],"class_list":["post-145416","post","type-post","status-publish","format-standard","has-post-thumbnail","hentry","category-cpi","category-fil-d-actualite","tag-karim-khan-fr","ji_location-international"],"acf":[],"yoast_head":"<!-- This site is optimized with the Yoast SEO Premium plugin v25.3.1 (Yoast SEO v25.3.1) - https:\/\/yoast.com\/wordpress\/plugins\/seo\/ -->\n<title>Karim Khan prend cong\u00e9 de la CPI<\/title>\n<meta name=\"description\" content=\"Un an apr\u00e8s le premier signalement d\u2019une all\u00e9gation de harc\u00e8lement sexuel par une employ\u00e9e de son bureau, Karim Khan, procureur de la Cour p\u00e9nale internationale (CPI), a annonc\u00e9 vendredi 16 mai sa d\u00e9cision \u00ab de prendre un cong\u00e9 jusqu\u2019\u00e0 la fin de l\u2019enqu\u00eate ouverte contre lui \u00bb.\" \/>\n<meta name=\"robots\" content=\"index, follow, max-snippet:-1, max-image-preview:large, max-video-preview:-1\" \/>\n<link rel=\"canonical\" href=\"https:\/\/www.justiceinfo.net\/fr\/145416-karim-khan-prend-conge-cpi.html\" \/>\n<meta property=\"og:locale\" content=\"fr_FR\" \/>\n<meta property=\"og:type\" content=\"article\" \/>\n<meta property=\"og:title\" content=\"Karim Khan prend cong\u00e9 de la CPI\u00a0\" \/>\n<meta property=\"og:description\" content=\"Un an apr\u00e8s le premier signalement d\u2019une all\u00e9gation de harc\u00e8lement sexuel par une employ\u00e9e de son bureau, Karim Khan, procureur de la Cour p\u00e9nale internationale (CPI), a annonc\u00e9 vendredi 16 mai sa d\u00e9cision \u00ab de prendre un cong\u00e9 jusqu\u2019\u00e0 la fin de l\u2019enqu\u00eate ouverte contre lui \u00bb.\" \/>\n<meta property=\"og:url\" content=\"https:\/\/www.justiceinfo.net\/fr\/145416-karim-khan-prend-conge-cpi.html\" \/>\n<meta property=\"og:site_name\" content=\"JusticeInfo.net\" \/>\n<meta property=\"article:publisher\" content=\"https:\/\/www.facebook.com\/JusticeInfo\/\" \/>\n<meta property=\"article:published_time\" content=\"2025-05-16T10:43:02+00:00\" \/>\n<meta property=\"article:modified_time\" content=\"2025-05-16T15:48:22+00:00\" \/>\n<meta property=\"og:image\" content=\"https:\/\/www.justiceinfo.net\/wp-content\/uploads\/Karim-Khan_@ICC-CPI.jpg\" \/>\n\t<meta property=\"og:image:width\" content=\"1200\" \/>\n\t<meta property=\"og:image:height\" content=\"800\" \/>\n\t<meta property=\"og:image:type\" content=\"image\/jpeg\" \/>\n<meta name=\"author\" content=\"afp\" \/>\n<meta name=\"twitter:card\" content=\"summary_large_image\" \/>\n<meta name=\"twitter:creator\" content=\"@justiceinfonet\" \/>\n<meta name=\"twitter:site\" content=\"@justiceinfonet\" \/>\n<meta name=\"twitter:label1\" content=\"\u00c9crit par\" \/>\n\t<meta name=\"twitter:data1\" content=\"afp\" \/>\n\t<meta name=\"twitter:label2\" content=\"Dur\u00e9e de lecture estim\u00e9e\" \/>\n\t<meta name=\"twitter:data2\" content=\"2 minutes\" \/>\n<script type=\"application\/ld+json\" class=\"yoast-schema-graph\">{\"@context\":\"https:\/\/schema.org\",\"@graph\":[{\"@type\":\"NewsArticle\",\"@id\":\"https:\/\/www.justiceinfo.net\/fr\/145416-karim-khan-prend-conge-cpi.html#article\",\"isPartOf\":{\"@id\":\"https:\/\/www.justiceinfo.net\/fr\/145416-karim-khan-prend-conge-cpi.html\"},\"author\":{\"name\":\"afp\",\"@id\":\"https:\/\/www.justiceinfo.net\/fr#\/schema\/person\/713d340ef5f218fc36ce9b4244364a7f\"},\"headline\":\"Karim Khan prend cong\u00e9 de la CPI\u00a0\",\"datePublished\":\"2025-05-16T10:43:02+00:00\",\"dateModified\":\"2025-05-16T15:48:22+00:00\",\"mainEntityOfPage\":{\"@id\":\"https:\/\/www.justiceinfo.net\/fr\/145416-karim-khan-prend-conge-cpi.html\"},\"wordCount\":385,\"commentCount\":0,\"publisher\":{\"@id\":\"https:\/\/www.justiceinfo.net\/fr#organization\"},\"image\":{\"@id\":\"https:\/\/www.justiceinfo.net\/fr\/145416-karim-khan-prend-conge-cpi.html#primaryimage\"},\"thumbnailUrl\":\"https:\/\/www.justiceinfo.net\/wp-content\/uploads\/Karim-Khan_@ICC-CPI.jpg\",\"keywords\":[\"Karim Khan\"],\"articleSection\":[\"CPI\",\"Fil d'info AFP\"],\"inLanguage\":\"fr-FR\",\"potentialAction\":[{\"@type\":\"CommentAction\",\"name\":\"Comment\",\"target\":[\"https:\/\/www.justiceinfo.net\/fr\/145416-karim-khan-prend-conge-cpi.html#respond\"]}]},{\"@type\":\"WebPage\",\"@id\":\"https:\/\/www.justiceinfo.net\/fr\/145416-karim-khan-prend-conge-cpi.html\",\"url\":\"https:\/\/www.justiceinfo.net\/fr\/145416-karim-khan-prend-conge-cpi.html\",\"name\":\"Karim Khan prend cong\u00e9 de la CPI\",\"isPartOf\":{\"@id\":\"https:\/\/www.justiceinfo.net\/fr#website\"},\"primaryImageOfPage\":{\"@id\":\"https:\/\/www.justiceinfo.net\/fr\/145416-karim-khan-prend-conge-cpi.html#primaryimage\"},\"image\":{\"@id\":\"https:\/\/www.justiceinfo.net\/fr\/145416-karim-khan-prend-conge-cpi.html#primaryimage\"},\"thumbnailUrl\":\"https:\/\/www.justiceinfo.net\/wp-content\/uploads\/Karim-Khan_@ICC-CPI.jpg\",\"datePublished\":\"2025-05-16T10:43:02+00:00\",\"dateModified\":\"2025-05-16T15:48:22+00:00\",\"description\":\"Un an apr\u00e8s le premier signalement d\u2019une all\u00e9gation de harc\u00e8lement sexuel par une employ\u00e9e de son bureau, Karim Khan, procureur de la Cour p\u00e9nale internationale (CPI), a annonc\u00e9 vendredi 16 mai sa d\u00e9cision \u00ab de prendre un cong\u00e9 jusqu\u2019\u00e0 la fin de l\u2019enqu\u00eate ouverte contre lui \u00bb.\",\"breadcrumb\":{\"@id\":\"https:\/\/www.justiceinfo.net\/fr\/145416-karim-khan-prend-conge-cpi.html#breadcrumb\"},\"inLanguage\":\"fr-FR\",\"potentialAction\":[{\"@type\":\"ReadAction\",\"target\":[\"https:\/\/www.justiceinfo.net\/fr\/145416-karim-khan-prend-conge-cpi.html\"]}]},{\"@type\":\"ImageObject\",\"inLanguage\":\"fr-FR\",\"@id\":\"https:\/\/www.justiceinfo.net\/fr\/145416-karim-khan-prend-conge-cpi.html#primaryimage\",\"url\":\"https:\/\/www.justiceinfo.net\/wp-content\/uploads\/Karim-Khan_@ICC-CPI.jpg\",\"contentUrl\":\"https:\/\/www.justiceinfo.net\/wp-content\/uploads\/Karim-Khan_@ICC-CPI.jpg\",\"width\":1200,\"height\":800,\"caption\":\"Karim Khan, vis\u00e9 par une enqu\u00eate pour faute pr\u00e9sum\u00e9e, quitte ses fonctions. Photo : \u00a9 ICC-CPI\"},{\"@type\":\"BreadcrumbList\",\"@id\":\"https:\/\/www.justiceinfo.net\/fr\/145416-karim-khan-prend-conge-cpi.html#breadcrumb\",\"itemListElement\":[{\"@type\":\"ListItem\",\"position\":1,\"name\":\"Home\",\"item\":\"https:\/\/www.justiceinfo.net\/fr\"},{\"@type\":\"ListItem\",\"position\":2,\"name\":\"Karim Khan prend cong\u00e9 de la CPI\u00a0\"}]},{\"@type\":\"WebSite\",\"@id\":\"https:\/\/www.justiceinfo.net\/fr#website\",\"url\":\"https:\/\/www.justiceinfo.net\/fr\",\"name\":\"JusticeInfo.net\",\"description\":\"La justice doit \u00eatre vue pour \u00eatre rendue\",\"publisher\":{\"@id\":\"https:\/\/www.justiceinfo.net\/fr#organization\"},\"potentialAction\":[{\"@type\":\"SearchAction\",\"target\":{\"@type\":\"EntryPoint\",\"urlTemplate\":\"https:\/\/www.justiceinfo.net\/fr?s={search_term_string}\"},\"query-input\":{\"@type\":\"PropertyValueSpecification\",\"valueRequired\":true,\"valueName\":\"search_term_string\"}}],\"inLanguage\":\"fr-FR\"},{\"@type\":\"Organization\",\"@id\":\"https:\/\/www.justiceinfo.net\/fr#organization\",\"name\":\"Justice Info\",\"url\":\"https:\/\/www.justiceinfo.net\/fr\",\"logo\":{\"@type\":\"ImageObject\",\"inLanguage\":\"fr-FR\",\"@id\":\"https:\/\/www.justiceinfo.net\/fr#\/schema\/logo\/image\/\",\"url\":\"https:\/\/www.justiceinfo.net\/wp-content\/uploads\/justiceinfo_logo-trans_1200x1200px.png\",\"contentUrl\":\"https:\/\/www.justiceinfo.net\/wp-content\/uploads\/justiceinfo_logo-trans_1200x1200px.png\",\"width\":1199,\"height\":1200,\"caption\":\"Justice Info\"},\"image\":{\"@id\":\"https:\/\/www.justiceinfo.net\/fr#\/schema\/logo\/image\/\"},\"sameAs\":[\"https:\/\/www.facebook.com\/JusticeInfo\/\",\"https:\/\/x.com\/justiceinfonet\",\"https:\/\/www.linkedin.com\/company\/justice-info\",\"https:\/\/www.youtube.com\/channel\/UCyCEsARodyuWtkWyhn-e7pA\"]},{\"@type\":\"Person\",\"name\":\"afp\",\"url\":\"\/fr\/?s=afp\"}]}<\/script>\n<!-- \/ Yoast SEO Premium plugin. -->","yoast_head_json":{"title":"Karim Khan prend cong\u00e9 de la CPI","description":"Un an apr\u00e8s le premier signalement d\u2019une all\u00e9gation de harc\u00e8lement sexuel par une employ\u00e9e de son bureau, Karim Khan, procureur de la Cour p\u00e9nale internationale (CPI), a annonc\u00e9 vendredi 16 mai sa d\u00e9cision \u00ab de prendre un cong\u00e9 jusqu\u2019\u00e0 la fin de l\u2019enqu\u00eate ouverte contre lui \u00bb.","robots":{"index":"index","follow":"follow","max-snippet":"max-snippet:-1","max-image-preview":"max-image-preview:large","max-video-preview":"max-video-preview:-1"},"canonical":"https:\/\/www.justiceinfo.net\/fr\/145416-karim-khan-prend-conge-cpi.html","og_locale":"fr_FR","og_type":"article","og_title":"Karim Khan prend cong\u00e9 de la CPI\u00a0","og_description":"Un an apr\u00e8s le premier signalement d\u2019une all\u00e9gation de harc\u00e8lement sexuel par une employ\u00e9e de son bureau, Karim Khan, procureur de la Cour p\u00e9nale internationale (CPI), a annonc\u00e9 vendredi 16 mai sa d\u00e9cision \u00ab de prendre un cong\u00e9 jusqu\u2019\u00e0 la fin de l\u2019enqu\u00eate ouverte contre lui \u00bb.","og_url":"https:\/\/www.justiceinfo.net\/fr\/145416-karim-khan-prend-conge-cpi.html","og_site_name":"JusticeInfo.net","article_publisher":"https:\/\/www.facebook.com\/JusticeInfo\/","article_published_time":"2025-05-16T10:43:02+00:00","article_modified_time":"2025-05-16T15:48:22+00:00","og_image":[{"width":1200,"height":800,"url":"https:\/\/www.justiceinfo.net\/wp-content\/uploads\/Karim-Khan_@ICC-CPI.jpg","type":"image\/jpeg"}],"author":"afp","twitter_card":"summary_large_image","twitter_creator":"@justiceinfonet","twitter_site":"@justiceinfonet","twitter_misc":{"\u00c9crit par":"afp","Dur\u00e9e de lecture estim\u00e9e":"2 minutes"},"schema":{"@context":"https:\/\/schema.org","@graph":[{"@type":"NewsArticle","@id":"https:\/\/www.justiceinfo.net\/fr\/145416-karim-khan-prend-conge-cpi.html#article","isPartOf":{"@id":"https:\/\/www.justiceinfo.net\/fr\/145416-karim-khan-prend-conge-cpi.html"},"author":{"name":"afp","@id":"https:\/\/www.justiceinfo.net\/fr#\/schema\/person\/713d340ef5f218fc36ce9b4244364a7f"},"headline":"Karim Khan prend cong\u00e9 de la CPI\u00a0","datePublished":"2025-05-16T10:43:02+00:00","dateModified":"2025-05-16T15:48:22+00:00","mainEntityOfPage":{"@id":"https:\/\/www.justiceinfo.net\/fr\/145416-karim-khan-prend-conge-cpi.html"},"wordCount":385,"commentCount":0,"publisher":{"@id":"https:\/\/www.justiceinfo.net\/fr#organization"},"image":{"@id":"https:\/\/www.justiceinfo.net\/fr\/145416-karim-khan-prend-conge-cpi.html#primaryimage"},"thumbnailUrl":"https:\/\/www.justiceinfo.net\/wp-content\/uploads\/Karim-Khan_@ICC-CPI.jpg","keywords":["Karim Khan"],"articleSection":["CPI","Fil d'info AFP"],"inLanguage":"fr-FR","potentialAction":[{"@type":"CommentAction","name":"Comment","target":["https:\/\/www.justiceinfo.net\/fr\/145416-karim-khan-prend-conge-cpi.html#respond"]}]},{"@type":"WebPage","@id":"https:\/\/www.justiceinfo.net\/fr\/145416-karim-khan-prend-conge-cpi.html","url":"https:\/\/www.justiceinfo.net\/fr\/145416-karim-khan-prend-conge-cpi.html","name":"Karim Khan prend cong\u00e9 de la CPI","isPartOf":{"@id":"https:\/\/www.justiceinfo.net\/fr#website"},"primaryImageOfPage":{"@id":"https:\/\/www.justiceinfo.net\/fr\/145416-karim-khan-prend-conge-cpi.html#primaryimage"},"image":{"@id":"https:\/\/www.justiceinfo.net\/fr\/145416-karim-khan-prend-conge-cpi.html#primaryimage"},"thumbnailUrl":"https:\/\/www.justiceinfo.net\/wp-content\/uploads\/Karim-Khan_@ICC-CPI.jpg","datePublished":"2025-05-16T10:43:02+00:00","dateModified":"2025-05-16T15:48:22+00:00","description":"Un an apr\u00e8s le premier signalement d\u2019une all\u00e9gation de harc\u00e8lement sexuel par une employ\u00e9e de son bureau, Karim Khan, procureur de la Cour p\u00e9nale internationale (CPI), a annonc\u00e9 vendredi 16 mai sa d\u00e9cision \u00ab de prendre un cong\u00e9 jusqu\u2019\u00e0 la fin de l\u2019enqu\u00eate ouverte contre lui \u00bb.","breadcrumb":{"@id":"https:\/\/www.justiceinfo.net\/fr\/145416-karim-khan-prend-conge-cpi.html#breadcrumb"},"inLanguage":"fr-FR","potentialAction":[{"@type":"ReadAction","target":["https:\/\/www.justiceinfo.net\/fr\/145416-karim-khan-prend-conge-cpi.html"]}]},{"@type":"ImageObject","inLanguage":"fr-FR","@id":"https:\/\/www.justiceinfo.net\/fr\/145416-karim-khan-prend-conge-cpi.html#primaryimage","url":"https:\/\/www.justiceinfo.net\/wp-content\/uploads\/Karim-Khan_@ICC-CPI.jpg","contentUrl":"https:\/\/www.justiceinfo.net\/wp-content\/uploads\/Karim-Khan_@ICC-CPI.jpg","width":1200,"height":800,"caption":"Karim Khan, vis\u00e9 par une enqu\u00eate pour faute pr\u00e9sum\u00e9e, quitte ses fonctions. Photo : \u00a9 ICC-CPI"},{"@type":"BreadcrumbList","@id":"https:\/\/www.justiceinfo.net\/fr\/145416-karim-khan-prend-conge-cpi.html#breadcrumb","itemListElement":[{"@type":"ListItem","position":1,"name":"Home","item":"https:\/\/www.justiceinfo.net\/fr"},{"@type":"ListItem","position":2,"name":"Karim Khan prend cong\u00e9 de la CPI\u00a0"}]},{"@type":"WebSite","@id":"https:\/\/www.justiceinfo.net\/fr#website","url":"https:\/\/www.justiceinfo.net\/fr","name":"JusticeInfo.net","description":"La justice doit \u00eatre vue pour \u00eatre rendue","publisher":{"@id":"https:\/\/www.justiceinfo.net\/fr#organization"},"potentialAction":[{"@type":"SearchAction","target":{"@type":"EntryPoint","urlTemplate":"https:\/\/www.justiceinfo.net\/fr?s={search_term_string}"},"query-input":{"@type":"PropertyValueSpecification","valueRequired":true,"valueName":"search_term_string"}}],"inLanguage":"fr-FR"},{"@type":"Organization","@id":"https:\/\/www.justiceinfo.net\/fr#organization","name":"Justice Info","url":"https:\/\/www.justiceinfo.net\/fr","logo":{"@type":"ImageObject","inLanguage":"fr-FR","@id":"https:\/\/www.justiceinfo.net\/fr#\/schema\/logo\/image\/","url":"https:\/\/www.justiceinfo.net\/wp-content\/uploads\/justiceinfo_logo-trans_1200x1200px.png","contentUrl":"https:\/\/www.justiceinfo.net\/wp-content\/uploads\/justiceinfo_logo-trans_1200x1200px.png","width":1199,"height":1200,"caption":"Justice Info"},"image":{"@id":"https:\/\/www.justiceinfo.net\/fr#\/schema\/logo\/image\/"},"sameAs":["https:\/\/www.facebook.com\/JusticeInfo\/","https:\/\/x.com\/justiceinfonet","https:\/\/www.linkedin.com\/company\/justice-info","https:\/\/www.youtube.com\/channel\/UCyCEsARodyuWtkWyhn-e7pA"]},{"@type":"Person","name":"afp","url":"\/fr\/?s=afp"}]}},"_links":{"self":[{"href":"https:\/\/www.justiceinfo.net\/fr\/wp-json\/wp\/v2\/posts\/145416","targetHints":{"allow":["GET"]}}],"collection":[{"href":"https:\/\/www.justiceinfo.net\/fr\/wp-json\/wp\/v2\/posts"}],"about":[{"href":"https:\/\/www.justiceinfo.net\/fr\/wp-json\/wp\/v2\/types\/post"}],"author":[{"embeddable":true,"href":"https:\/\/www.justiceinfo.net\/fr\/wp-json\/wp\/v2\/users\/60"}],"replies":[{"embeddable":true,"href":"https:\/\/www.justiceinfo.net\/fr\/wp-json\/wp\/v2\/comments?post=145416"}],"version-history":[{"count":3,"href":"https:\/\/www.justiceinfo.net\/fr\/wp-json\/wp\/v2\/posts\/145416\/revisions"}],"predecessor-version":[{"id":145430,"href":"https:\/\/www.justiceinfo.net\/fr\/wp-json\/wp\/v2\/posts\/145416\/revisions\/145430"}],"wp:featuredmedia":[{"embeddable":true,"href":"https:\/\/www.justiceinfo.net\/fr\/wp-json\/wp\/v2\/media\/145417"}],"wp:attachment":[{"href":"https:\/\/www.justiceinfo.net\/fr\/wp-json\/wp\/v2\/media?parent=145416"}],"wp:term":[{"taxonomy":"category","embeddable":true,"href":"https:\/\/www.justiceinfo.net\/fr\/wp-json\/wp\/v2\/categories?post=145416"},{"taxonomy":"post_tag","embeddable":true,"href":"https:\/\/www.justiceinfo.net\/fr\/wp-json\/wp\/v2\/tags?post=145416"},{"taxonomy":"ji_location","embeddable":true,"href":"https:\/\/www.justiceinfo.net\/fr\/wp-json\/wp\/v2\/ji_location?post=145416"}],"curies":[{"name":"wp","href":"https:\/\/api.w.org\/{rel}","templated":true}]}}