{"id":14556,"date":"2012-10-19T13:57:02","date_gmt":"2012-10-19T11:57:02","guid":{"rendered":"https:\/\/www.justiceinfo.net\/14556-191012-libye-amnesty-amnesty-demande-a-la-libye-de-transferer-immediatement-senoussi-a-la-cpi.html"},"modified":"2012-10-19T13:57:02","modified_gmt":"2012-10-19T11:57:02","slug":"191012-libye-amnesty-amnesty-demande-a-la-libye-de-transferer-immediatement-senoussi-a-la-cpi","status":"publish","type":"post","link":"https:\/\/www.justiceinfo.net\/fr\/14556-191012-libye-amnesty-amnesty-demande-a-la-libye-de-transferer-immediatement-senoussi-a-la-cpi.html","title":{"rendered":"19.10.12 -LIBYE \/AMNESTY - AMNESTY DEMANDE A LA LIBYE DE TRANSFERER IMMEDIATEMENT SENOUSSI A LA CPI"},"content":{"rendered":"<p>Arusha, 19 octobre 2012 (FH) - Amnesty International appelle les autorit\u00e9s libyennes \u00e0 transf\u00e9rer \u00ab imm\u00e9diatement \u00bb \u00e0 la Cour p\u00e9nale internationale (CPI) l\u2019ancien patron des renseignements militaires Abdullah el-Senoussi.<\/p>\n<p><!--more--><\/p>\n<p>Dans un communiqu\u00e9 en en anglais dat\u00e9 de jeudi, l\u2019organisation de d\u00e9fense des droits de l\u2019homme bas\u00e9e \u00e0 Londres \u00ab appelle les autorit\u00e9s libyennes \u00e0 remettre imm\u00e9diatement \u00bb el-Senoussi \u00e0 la CPI pour qu\u2019il r\u00e9ponde des all\u00e9gations de crimes contre l\u2019humanit\u00e9 port\u00e9es contre lui.<\/p>\n<p>\u00ab En d\u00e9pit d\u2019un mandat d\u2019arr\u00eat de la CPI en vigueur depuis juin 2011, il a \u00e9t\u00e9 extrad\u00e9 vers la Libye apr\u00e8s avoir \u00e9t\u00e9 arr\u00eat\u00e9 en Mauritanie en mars de cette ann\u00e9e \u00bb, rappelle Amnesty International.<\/p>\n<p>L\u2019organisation s\u2019inqui\u00e8te du fait que \u00ab depuis son incarc\u00e9ration en Libye, il appara\u00eet que ni des organisations internationales, ni ses proches ni ses avocats n\u2019ont pu le voir \u00bb.<\/p>\n<p>\u00ab Une ann\u00e9e apr\u00e8s la fin des hostilit\u00e9s (en Libye), les victimes des graves violations des droits humains- par l\u2019ancien gouvernement et ses opposants- attendent que justice soit rendue. Ce que nous voyons actuellement en Libye, c\u2019est la vengeance et non la justice \u00bb, d\u00e9plore Amnesty.<\/p>\n<p>\u00ab Juger el-Senoussi en Libye o\u00f9 le syst\u00e8me judiciaire reste faible et les proc\u00e8s \u00e9quitables impossibles, compromet le droit des victimes \u00e0 la justice et \u00e0 la r\u00e9paration \u00bb, ajoute le communiqu\u00e9.<\/p>\n<p>Les nouvelles autorit\u00e9s libyennes d\u00e9tiennent \u00e9galement Sa\u00eff el-Islam Kadhafi, \u00e9galement sous le coup d\u2019un mandat d\u2019arr\u00eat de la CPI.<\/p>\n<p>ER\/GF<\/p>\n","protected":false},"excerpt":{"rendered":"<p>Arusha, 19 octobre 2012 (FH) - Amnesty International appelle les autorit\u00e9s libyennes \u00e0 transf\u00e9rer \u00ab imm\u00e9diatement \u00bb \u00e0 la Cour p\u00e9nale internationale (CPI) l\u2019ancien patron des renseignements militaires Abdullah el-Senoussi.<\/p>\n","protected":false},"author":64,"featured_media":0,"comment_status":"open","ping_status":"closed","sticky":false,"template":"","format":"standard","meta":{"_acf_changed":false,"footnotes":""},"categories":[554],"tags":[],"ji_location":[],"class_list":["post-14556","post","type-post","status-publish","format-standard","hentry","category-hirondellenews"],"acf":[],"yoast_head":"<!-- This site is optimized with the Yoast SEO Premium plugin v25.3.1 (Yoast SEO v25.3.1) - https:\/\/yoast.com\/wordpress\/plugins\/seo\/ -->\n<title>19.10.12 -LIBYE \/AMNESTY - AMNESTY DEMANDE A LA LIBYE DE TRANSFERER IMMEDIATEMENT SENOUSSI A LA CPI - JusticeInfo.net<\/title>\n<meta name=\"robots\" content=\"index, follow, max-snippet:-1, max-image-preview:large, max-video-preview:-1\" \/>\n<link rel=\"canonical\" href=\"https:\/\/www.justiceinfo.net\/fr\/14556-191012-libye-amnesty-amnesty-demande-a-la-libye-de-transferer-immediatement-senoussi-a-la-cpi.html\" \/>\n<meta property=\"og:locale\" content=\"fr_FR\" \/>\n<meta property=\"og:type\" content=\"article\" \/>\n<meta property=\"og:title\" content=\"19.10.12 -LIBYE \/AMNESTY - AMNESTY DEMANDE A LA LIBYE DE TRANSFERER IMMEDIATEMENT SENOUSSI A LA CPI\" \/>\n<meta property=\"og:description\" content=\"Arusha, 19 octobre 2012 (FH) - Amnesty International appelle les autorit\u00e9s libyennes \u00e0 transf\u00e9rer \u00ab imm\u00e9diatement \u00bb \u00e0 la Cour p\u00e9nale internationale (CPI) l\u2019ancien patron des renseignements militaires Abdullah el-Senoussi.\" \/>\n<meta property=\"og:url\" content=\"https:\/\/www.justiceinfo.net\/fr\/14556-191012-libye-amnesty-amnesty-demande-a-la-libye-de-transferer-immediatement-senoussi-a-la-cpi.html\" \/>\n<meta property=\"og:site_name\" content=\"JusticeInfo.net\" \/>\n<meta property=\"article:publisher\" content=\"https:\/\/www.facebook.com\/JusticeInfo\/\" \/>\n<meta property=\"article:published_time\" content=\"2012-10-19T11:57:02+00:00\" \/>\n<meta property=\"og:image\" content=\"https:\/\/www.justiceinfo.net\/wp-content\/uploads\/JusticeInfoNet_logo_1200x630px.jpg\" \/>\n\t<meta property=\"og:image:width\" content=\"1200\" \/>\n\t<meta property=\"og:image:height\" content=\"630\" \/>\n\t<meta property=\"og:image:type\" content=\"image\/jpeg\" \/>\n<meta name=\"author\" content=\"solivri\" \/>\n<meta name=\"twitter:card\" content=\"summary_large_image\" \/>\n<meta name=\"twitter:creator\" content=\"@justiceinfonet\" \/>\n<meta name=\"twitter:site\" content=\"@justiceinfonet\" \/>\n<meta name=\"twitter:label1\" content=\"\u00c9crit par\" \/>\n\t<meta name=\"twitter:data1\" content=\"solivri\" \/>\n\t<meta name=\"twitter:label2\" content=\"Dur\u00e9e de lecture estim\u00e9e\" \/>\n\t<meta name=\"twitter:data2\" content=\"1 minute\" \/>\n<script type=\"application\/ld+json\" class=\"yoast-schema-graph\">{\"@context\":\"https:\/\/schema.org\",\"@graph\":[{\"@type\":\"NewsArticle\",\"@id\":\"https:\/\/www.justiceinfo.net\/fr\/14556-191012-libye-amnesty-amnesty-demande-a-la-libye-de-transferer-immediatement-senoussi-a-la-cpi.html#article\",\"isPartOf\":{\"@id\":\"https:\/\/www.justiceinfo.net\/fr\/14556-191012-libye-amnesty-amnesty-demande-a-la-libye-de-transferer-immediatement-senoussi-a-la-cpi.html\"},\"author\":{\"name\":\"solivri\",\"@id\":\"https:\/\/www.justiceinfo.net\/fr#\/schema\/person\/6e53cba1629e2e66f3fc1821d3091865\"},\"headline\":\"19.10.12 -LIBYE \/AMNESTY - AMNESTY DEMANDE A LA LIBYE DE TRANSFERER IMMEDIATEMENT SENOUSSI A LA CPI\",\"datePublished\":\"2012-10-19T11:57:02+00:00\",\"mainEntityOfPage\":{\"@id\":\"https:\/\/www.justiceinfo.net\/fr\/14556-191012-libye-amnesty-amnesty-demande-a-la-libye-de-transferer-immediatement-senoussi-a-la-cpi.html\"},\"wordCount\":275,\"commentCount\":0,\"publisher\":{\"@id\":\"https:\/\/www.justiceinfo.net\/fr#organization\"},\"articleSection\":[\"Hirondelle News\"],\"inLanguage\":\"fr-FR\",\"potentialAction\":[{\"@type\":\"CommentAction\",\"name\":\"Comment\",\"target\":[\"https:\/\/www.justiceinfo.net\/fr\/14556-191012-libye-amnesty-amnesty-demande-a-la-libye-de-transferer-immediatement-senoussi-a-la-cpi.html#respond\"]}]},{\"@type\":\"WebPage\",\"@id\":\"https:\/\/www.justiceinfo.net\/fr\/14556-191012-libye-amnesty-amnesty-demande-a-la-libye-de-transferer-immediatement-senoussi-a-la-cpi.html\",\"url\":\"https:\/\/www.justiceinfo.net\/fr\/14556-191012-libye-amnesty-amnesty-demande-a-la-libye-de-transferer-immediatement-senoussi-a-la-cpi.html\",\"name\":\"19.10.12 -LIBYE \/AMNESTY - AMNESTY DEMANDE A LA LIBYE DE TRANSFERER IMMEDIATEMENT SENOUSSI A LA CPI - JusticeInfo.net\",\"isPartOf\":{\"@id\":\"https:\/\/www.justiceinfo.net\/fr#website\"},\"datePublished\":\"2012-10-19T11:57:02+00:00\",\"breadcrumb\":{\"@id\":\"https:\/\/www.justiceinfo.net\/fr\/14556-191012-libye-amnesty-amnesty-demande-a-la-libye-de-transferer-immediatement-senoussi-a-la-cpi.html#breadcrumb\"},\"inLanguage\":\"fr-FR\",\"potentialAction\":[{\"@type\":\"ReadAction\",\"target\":[\"https:\/\/www.justiceinfo.net\/fr\/14556-191012-libye-amnesty-amnesty-demande-a-la-libye-de-transferer-immediatement-senoussi-a-la-cpi.html\"]}]},{\"@type\":\"BreadcrumbList\",\"@id\":\"https:\/\/www.justiceinfo.net\/fr\/14556-191012-libye-amnesty-amnesty-demande-a-la-libye-de-transferer-immediatement-senoussi-a-la-cpi.html#breadcrumb\",\"itemListElement\":[{\"@type\":\"ListItem\",\"position\":1,\"name\":\"Home\",\"item\":\"https:\/\/www.justiceinfo.net\/fr\"},{\"@type\":\"ListItem\",\"position\":2,\"name\":\"19.10.12 -LIBYE \/AMNESTY - AMNESTY DEMANDE A LA LIBYE DE TRANSFERER IMMEDIATEMENT SENOUSSI A LA CPI\"}]},{\"@type\":\"WebSite\",\"@id\":\"https:\/\/www.justiceinfo.net\/fr#website\",\"url\":\"https:\/\/www.justiceinfo.net\/fr\",\"name\":\"JusticeInfo.net\",\"description\":\"La justice doit \u00eatre vue pour \u00eatre rendue\",\"publisher\":{\"@id\":\"https:\/\/www.justiceinfo.net\/fr#organization\"},\"potentialAction\":[{\"@type\":\"SearchAction\",\"target\":{\"@type\":\"EntryPoint\",\"urlTemplate\":\"https:\/\/www.justiceinfo.net\/fr?s={search_term_string}\"},\"query-input\":{\"@type\":\"PropertyValueSpecification\",\"valueRequired\":true,\"valueName\":\"search_term_string\"}}],\"inLanguage\":\"fr-FR\"},{\"@type\":\"Organization\",\"@id\":\"https:\/\/www.justiceinfo.net\/fr#organization\",\"name\":\"Justice Info\",\"url\":\"https:\/\/www.justiceinfo.net\/fr\",\"logo\":{\"@type\":\"ImageObject\",\"inLanguage\":\"fr-FR\",\"@id\":\"https:\/\/www.justiceinfo.net\/fr#\/schema\/logo\/image\/\",\"url\":\"https:\/\/www.justiceinfo.net\/wp-content\/uploads\/justiceinfo_logo-trans_1200x1200px.png\",\"contentUrl\":\"https:\/\/www.justiceinfo.net\/wp-content\/uploads\/justiceinfo_logo-trans_1200x1200px.png\",\"width\":1199,\"height\":1200,\"caption\":\"Justice Info\"},\"image\":{\"@id\":\"https:\/\/www.justiceinfo.net\/fr#\/schema\/logo\/image\/\"},\"sameAs\":[\"https:\/\/www.facebook.com\/JusticeInfo\/\",\"https:\/\/x.com\/justiceinfonet\",\"https:\/\/www.linkedin.com\/company\/justice-info\",\"https:\/\/www.youtube.com\/channel\/UCyCEsARodyuWtkWyhn-e7pA\"]},{\"@type\":\"Person\",\"name\":\"solivri\",\"url\":\"\/fr\/?s=solivri\"}]}<\/script>\n<!-- \/ Yoast SEO Premium plugin. -->","yoast_head_json":{"title":"19.10.12 -LIBYE \/AMNESTY - AMNESTY DEMANDE A LA LIBYE DE TRANSFERER IMMEDIATEMENT SENOUSSI A LA CPI - JusticeInfo.net","robots":{"index":"index","follow":"follow","max-snippet":"max-snippet:-1","max-image-preview":"max-image-preview:large","max-video-preview":"max-video-preview:-1"},"canonical":"https:\/\/www.justiceinfo.net\/fr\/14556-191012-libye-amnesty-amnesty-demande-a-la-libye-de-transferer-immediatement-senoussi-a-la-cpi.html","og_locale":"fr_FR","og_type":"article","og_title":"19.10.12 -LIBYE \/AMNESTY - AMNESTY DEMANDE A LA LIBYE DE TRANSFERER IMMEDIATEMENT SENOUSSI A LA CPI","og_description":"Arusha, 19 octobre 2012 (FH) - Amnesty International appelle les autorit\u00e9s libyennes \u00e0 transf\u00e9rer \u00ab imm\u00e9diatement \u00bb \u00e0 la Cour p\u00e9nale internationale (CPI) l\u2019ancien patron des renseignements militaires Abdullah el-Senoussi.","og_url":"https:\/\/www.justiceinfo.net\/fr\/14556-191012-libye-amnesty-amnesty-demande-a-la-libye-de-transferer-immediatement-senoussi-a-la-cpi.html","og_site_name":"JusticeInfo.net","article_publisher":"https:\/\/www.facebook.com\/JusticeInfo\/","article_published_time":"2012-10-19T11:57:02+00:00","og_image":[{"width":1200,"height":630,"url":"https:\/\/www.justiceinfo.net\/wp-content\/uploads\/JusticeInfoNet_logo_1200x630px.jpg","type":"image\/jpeg"}],"author":"solivri","twitter_card":"summary_large_image","twitter_creator":"@justiceinfonet","twitter_site":"@justiceinfonet","twitter_misc":{"\u00c9crit par":"solivri","Dur\u00e9e de lecture estim\u00e9e":"1 minute"},"schema":{"@context":"https:\/\/schema.org","@graph":[{"@type":"NewsArticle","@id":"https:\/\/www.justiceinfo.net\/fr\/14556-191012-libye-amnesty-amnesty-demande-a-la-libye-de-transferer-immediatement-senoussi-a-la-cpi.html#article","isPartOf":{"@id":"https:\/\/www.justiceinfo.net\/fr\/14556-191012-libye-amnesty-amnesty-demande-a-la-libye-de-transferer-immediatement-senoussi-a-la-cpi.html"},"author":{"name":"solivri","@id":"https:\/\/www.justiceinfo.net\/fr#\/schema\/person\/6e53cba1629e2e66f3fc1821d3091865"},"headline":"19.10.12 -LIBYE \/AMNESTY - AMNESTY DEMANDE A LA LIBYE DE TRANSFERER IMMEDIATEMENT SENOUSSI A LA CPI","datePublished":"2012-10-19T11:57:02+00:00","mainEntityOfPage":{"@id":"https:\/\/www.justiceinfo.net\/fr\/14556-191012-libye-amnesty-amnesty-demande-a-la-libye-de-transferer-immediatement-senoussi-a-la-cpi.html"},"wordCount":275,"commentCount":0,"publisher":{"@id":"https:\/\/www.justiceinfo.net\/fr#organization"},"articleSection":["Hirondelle News"],"inLanguage":"fr-FR","potentialAction":[{"@type":"CommentAction","name":"Comment","target":["https:\/\/www.justiceinfo.net\/fr\/14556-191012-libye-amnesty-amnesty-demande-a-la-libye-de-transferer-immediatement-senoussi-a-la-cpi.html#respond"]}]},{"@type":"WebPage","@id":"https:\/\/www.justiceinfo.net\/fr\/14556-191012-libye-amnesty-amnesty-demande-a-la-libye-de-transferer-immediatement-senoussi-a-la-cpi.html","url":"https:\/\/www.justiceinfo.net\/fr\/14556-191012-libye-amnesty-amnesty-demande-a-la-libye-de-transferer-immediatement-senoussi-a-la-cpi.html","name":"19.10.12 -LIBYE \/AMNESTY - AMNESTY DEMANDE A LA LIBYE DE TRANSFERER IMMEDIATEMENT SENOUSSI A LA CPI - JusticeInfo.net","isPartOf":{"@id":"https:\/\/www.justiceinfo.net\/fr#website"},"datePublished":"2012-10-19T11:57:02+00:00","breadcrumb":{"@id":"https:\/\/www.justiceinfo.net\/fr\/14556-191012-libye-amnesty-amnesty-demande-a-la-libye-de-transferer-immediatement-senoussi-a-la-cpi.html#breadcrumb"},"inLanguage":"fr-FR","potentialAction":[{"@type":"ReadAction","target":["https:\/\/www.justiceinfo.net\/fr\/14556-191012-libye-amnesty-amnesty-demande-a-la-libye-de-transferer-immediatement-senoussi-a-la-cpi.html"]}]},{"@type":"BreadcrumbList","@id":"https:\/\/www.justiceinfo.net\/fr\/14556-191012-libye-amnesty-amnesty-demande-a-la-libye-de-transferer-immediatement-senoussi-a-la-cpi.html#breadcrumb","itemListElement":[{"@type":"ListItem","position":1,"name":"Home","item":"https:\/\/www.justiceinfo.net\/fr"},{"@type":"ListItem","position":2,"name":"19.10.12 -LIBYE \/AMNESTY - AMNESTY DEMANDE A LA LIBYE DE TRANSFERER IMMEDIATEMENT SENOUSSI A LA CPI"}]},{"@type":"WebSite","@id":"https:\/\/www.justiceinfo.net\/fr#website","url":"https:\/\/www.justiceinfo.net\/fr","name":"JusticeInfo.net","description":"La justice doit \u00eatre vue pour \u00eatre rendue","publisher":{"@id":"https:\/\/www.justiceinfo.net\/fr#organization"},"potentialAction":[{"@type":"SearchAction","target":{"@type":"EntryPoint","urlTemplate":"https:\/\/www.justiceinfo.net\/fr?s={search_term_string}"},"query-input":{"@type":"PropertyValueSpecification","valueRequired":true,"valueName":"search_term_string"}}],"inLanguage":"fr-FR"},{"@type":"Organization","@id":"https:\/\/www.justiceinfo.net\/fr#organization","name":"Justice Info","url":"https:\/\/www.justiceinfo.net\/fr","logo":{"@type":"ImageObject","inLanguage":"fr-FR","@id":"https:\/\/www.justiceinfo.net\/fr#\/schema\/logo\/image\/","url":"https:\/\/www.justiceinfo.net\/wp-content\/uploads\/justiceinfo_logo-trans_1200x1200px.png","contentUrl":"https:\/\/www.justiceinfo.net\/wp-content\/uploads\/justiceinfo_logo-trans_1200x1200px.png","width":1199,"height":1200,"caption":"Justice Info"},"image":{"@id":"https:\/\/www.justiceinfo.net\/fr#\/schema\/logo\/image\/"},"sameAs":["https:\/\/www.facebook.com\/JusticeInfo\/","https:\/\/x.com\/justiceinfonet","https:\/\/www.linkedin.com\/company\/justice-info","https:\/\/www.youtube.com\/channel\/UCyCEsARodyuWtkWyhn-e7pA"]},{"@type":"Person","name":"solivri","url":"\/fr\/?s=solivri"}]}},"_links":{"self":[{"href":"https:\/\/www.justiceinfo.net\/fr\/wp-json\/wp\/v2\/posts\/14556","targetHints":{"allow":["GET"]}}],"collection":[{"href":"https:\/\/www.justiceinfo.net\/fr\/wp-json\/wp\/v2\/posts"}],"about":[{"href":"https:\/\/www.justiceinfo.net\/fr\/wp-json\/wp\/v2\/types\/post"}],"author":[{"embeddable":true,"href":"https:\/\/www.justiceinfo.net\/fr\/wp-json\/wp\/v2\/users\/64"}],"replies":[{"embeddable":true,"href":"https:\/\/www.justiceinfo.net\/fr\/wp-json\/wp\/v2\/comments?post=14556"}],"version-history":[{"count":0,"href":"https:\/\/www.justiceinfo.net\/fr\/wp-json\/wp\/v2\/posts\/14556\/revisions"}],"wp:attachment":[{"href":"https:\/\/www.justiceinfo.net\/fr\/wp-json\/wp\/v2\/media?parent=14556"}],"wp:term":[{"taxonomy":"category","embeddable":true,"href":"https:\/\/www.justiceinfo.net\/fr\/wp-json\/wp\/v2\/categories?post=14556"},{"taxonomy":"post_tag","embeddable":true,"href":"https:\/\/www.justiceinfo.net\/fr\/wp-json\/wp\/v2\/tags?post=14556"},{"taxonomy":"ji_location","embeddable":true,"href":"https:\/\/www.justiceinfo.net\/fr\/wp-json\/wp\/v2\/ji_location?post=14556"}],"curies":[{"name":"wp","href":"https:\/\/api.w.org\/{rel}","templated":true}]}}