{"id":14574,"date":"2012-10-29T13:14:02","date_gmt":"2012-10-29T12:14:02","guid":{"rendered":"https:\/\/www.justiceinfo.net\/14574-291012-cpisoudan-pas-de-suspension-de-la-procedure-contre-banda-et-jerbo.html"},"modified":"2012-10-29T13:14:02","modified_gmt":"2012-10-29T12:14:02","slug":"291012-cpisoudan-pas-de-suspension-de-la-procedure-contre-banda-et-jerbo","status":"publish","type":"post","link":"https:\/\/www.justiceinfo.net\/fr\/14574-291012-cpisoudan-pas-de-suspension-de-la-procedure-contre-banda-et-jerbo.html","title":{"rendered":"29.10.12 - CPI\/SOUDAN - PAS DE SUSPENSION DE LA PROCEDURE CONTRE BANDA ET JERBO"},"content":{"rendered":"<p>Arusha, 29 octobre 2012 (FH) - La Cour p\u00e9nale internationale (CPI) a rejet\u00e9 la demande de suspension de proc\u00e9dure, demand\u00e9e par deux chefs rebelles soudanais, Abdallah Banda et Saleh Mohammed Jerbo.<\/p>\n<p><!--more--><\/p>\n<p>Dans leur requ\u00eate d\u00e9pos\u00e9e le 6 janvier, les avocats des deux accus\u00e9s avaient invoqu\u00e9 des difficult\u00e9s \u00e0 mener des enqu\u00eates et \u00e0 rencontrer des t\u00e9moins. La demande a \u00e9t\u00e9 rejet\u00e9e par la majorit\u00e9 des juges, dans une d\u00e9cision de 73 pages dat\u00e9e de vendredi dernier. Le juge Chile Eboe-Osuji a cependant \u00e9mis une opinion dissidente d\u2019une soixantaine de pages annex\u00e9es \u00e0 la d\u00e9cision.<\/p>\n<p>La chambre ne s\u2019est pas arr\u00eat\u00e9e l\u00e0. Elle a \u00e9galement demand\u00e9 aux parties d\u00e9poser au plus tard le 19 novembre leurs propositions quant \u00e0 la date de l\u2019ouverture du proc\u00e8s.<\/p>\n<p>Poursuivis pour crimes de guerre, les deux hommes, aujourd\u2019hui encore en libert\u00e9, auraient dirig\u00e9 une attaque, le 29 septembre 2007, contre des \u00e9l\u00e9ments de la force de l\u2019Union africaine dans la localit\u00e9 d\u2019Umm Kadada, dans le nord du Darfour, r\u00e9gion troubl\u00e9e de l\u2019ouest du Soudan. L\u2019attaque a fait 12 tu\u00e9s et plusieurs bless\u00e9s. Un important mat\u00e9riel a par ailleurs \u00e9t\u00e9 pill\u00e9.<\/p>\n<p>En rejetant la demande de suspension provisoire, la chambre explique qu\u2019elle serait mieux plac\u00e9e, apr\u00e8s l\u2019ouverture des d\u00e9bats, pour appr\u00e9cier les difficult\u00e9s rencontr\u00e9es par la d\u00e9fense.<\/p>\n<p>Les charges contre Banda et Jerbo ont \u00e9t\u00e9 confirm\u00e9es le 7 mars 2011. Il s\u2019agit d\u2019atteinte ou tentative d\u2019atteinte \u00e0 la vie ; le fait de diriger intentionnellement des attaques contre le personnel, les installations, le mat\u00e9riel, les unit\u00e9s ou les v\u00e9hicules employ\u00e9s dans le cadre d\u2019une mission de maintien de la paix ; et pillages.<\/p>\n<p>Les juges de la CPI sont saisis trois autres affaires en rapport avec le Darfour, dont celle impliquant le pr\u00e9sident Omar el-B\u00e9chir qui d\u00e9fie, gr\u00e2ce \u00e0 la solidarit\u00e9 de ses pairs africains, le mandat d\u2019arr\u00eat de la cour.<\/p>\n<p>\u00a0<\/p>\n<p>FK\/ER<\/p>\n","protected":false},"excerpt":{"rendered":"<p>Arusha, 29 octobre 2012 (FH) - La Cour p\u00e9nale internationale (CPI) a rejet\u00e9 la demande de suspension de proc\u00e9dure, demand\u00e9e par deux chefs rebelles soudanais, Abdallah Banda et Saleh Mohammed Jerbo.<\/p>\n","protected":false},"author":64,"featured_media":0,"comment_status":"open","ping_status":"closed","sticky":false,"template":"","format":"standard","meta":{"_acf_changed":false,"footnotes":""},"categories":[554],"tags":[],"ji_location":[],"class_list":["post-14574","post","type-post","status-publish","format-standard","hentry","category-hirondellenews"],"acf":[],"yoast_head":"<!-- This site is optimized with the Yoast SEO Premium plugin v25.3.1 (Yoast SEO v25.3.1) - https:\/\/yoast.com\/wordpress\/plugins\/seo\/ -->\n<title>29.10.12 - CPI\/SOUDAN - PAS DE SUSPENSION DE LA PROCEDURE CONTRE BANDA ET JERBO - JusticeInfo.net<\/title>\n<meta name=\"robots\" content=\"index, follow, max-snippet:-1, max-image-preview:large, max-video-preview:-1\" \/>\n<link rel=\"canonical\" href=\"https:\/\/www.justiceinfo.net\/fr\/14574-291012-cpisoudan-pas-de-suspension-de-la-procedure-contre-banda-et-jerbo.html\" \/>\n<meta property=\"og:locale\" content=\"fr_FR\" \/>\n<meta property=\"og:type\" content=\"article\" \/>\n<meta property=\"og:title\" content=\"29.10.12 - CPI\/SOUDAN - PAS DE SUSPENSION DE LA PROCEDURE CONTRE BANDA ET JERBO\" \/>\n<meta property=\"og:description\" content=\"Arusha, 29 octobre 2012 (FH) - La Cour p\u00e9nale internationale (CPI) a rejet\u00e9 la demande de suspension de proc\u00e9dure, demand\u00e9e par deux chefs rebelles soudanais, Abdallah Banda et Saleh Mohammed Jerbo.\" \/>\n<meta property=\"og:url\" content=\"https:\/\/www.justiceinfo.net\/fr\/14574-291012-cpisoudan-pas-de-suspension-de-la-procedure-contre-banda-et-jerbo.html\" \/>\n<meta property=\"og:site_name\" content=\"JusticeInfo.net\" \/>\n<meta property=\"article:publisher\" content=\"https:\/\/www.facebook.com\/JusticeInfo\/\" \/>\n<meta property=\"article:published_time\" content=\"2012-10-29T12:14:02+00:00\" \/>\n<meta property=\"og:image\" content=\"https:\/\/www.justiceinfo.net\/wp-content\/uploads\/JusticeInfoNet_logo_1200x630px.jpg\" \/>\n\t<meta property=\"og:image:width\" content=\"1200\" \/>\n\t<meta property=\"og:image:height\" content=\"630\" \/>\n\t<meta property=\"og:image:type\" content=\"image\/jpeg\" \/>\n<meta name=\"author\" content=\"solivri\" \/>\n<meta name=\"twitter:card\" content=\"summary_large_image\" \/>\n<meta name=\"twitter:creator\" content=\"@justiceinfonet\" \/>\n<meta name=\"twitter:site\" content=\"@justiceinfonet\" \/>\n<meta name=\"twitter:label1\" content=\"\u00c9crit par\" \/>\n\t<meta name=\"twitter:data1\" content=\"solivri\" \/>\n\t<meta name=\"twitter:label2\" content=\"Dur\u00e9e de lecture estim\u00e9e\" \/>\n\t<meta name=\"twitter:data2\" content=\"2 minutes\" \/>\n<script type=\"application\/ld+json\" class=\"yoast-schema-graph\">{\"@context\":\"https:\/\/schema.org\",\"@graph\":[{\"@type\":\"NewsArticle\",\"@id\":\"https:\/\/www.justiceinfo.net\/fr\/14574-291012-cpisoudan-pas-de-suspension-de-la-procedure-contre-banda-et-jerbo.html#article\",\"isPartOf\":{\"@id\":\"https:\/\/www.justiceinfo.net\/fr\/14574-291012-cpisoudan-pas-de-suspension-de-la-procedure-contre-banda-et-jerbo.html\"},\"author\":{\"name\":\"solivri\",\"@id\":\"https:\/\/www.justiceinfo.net\/fr#\/schema\/person\/6e53cba1629e2e66f3fc1821d3091865\"},\"headline\":\"29.10.12 - CPI\/SOUDAN - PAS DE SUSPENSION DE LA PROCEDURE CONTRE BANDA ET JERBO\",\"datePublished\":\"2012-10-29T12:14:02+00:00\",\"mainEntityOfPage\":{\"@id\":\"https:\/\/www.justiceinfo.net\/fr\/14574-291012-cpisoudan-pas-de-suspension-de-la-procedure-contre-banda-et-jerbo.html\"},\"wordCount\":360,\"commentCount\":0,\"publisher\":{\"@id\":\"https:\/\/www.justiceinfo.net\/fr#organization\"},\"articleSection\":[\"Hirondelle News\"],\"inLanguage\":\"fr-FR\",\"potentialAction\":[{\"@type\":\"CommentAction\",\"name\":\"Comment\",\"target\":[\"https:\/\/www.justiceinfo.net\/fr\/14574-291012-cpisoudan-pas-de-suspension-de-la-procedure-contre-banda-et-jerbo.html#respond\"]}]},{\"@type\":\"WebPage\",\"@id\":\"https:\/\/www.justiceinfo.net\/fr\/14574-291012-cpisoudan-pas-de-suspension-de-la-procedure-contre-banda-et-jerbo.html\",\"url\":\"https:\/\/www.justiceinfo.net\/fr\/14574-291012-cpisoudan-pas-de-suspension-de-la-procedure-contre-banda-et-jerbo.html\",\"name\":\"29.10.12 - CPI\/SOUDAN - PAS DE SUSPENSION DE LA PROCEDURE CONTRE BANDA ET JERBO - JusticeInfo.net\",\"isPartOf\":{\"@id\":\"https:\/\/www.justiceinfo.net\/fr#website\"},\"datePublished\":\"2012-10-29T12:14:02+00:00\",\"breadcrumb\":{\"@id\":\"https:\/\/www.justiceinfo.net\/fr\/14574-291012-cpisoudan-pas-de-suspension-de-la-procedure-contre-banda-et-jerbo.html#breadcrumb\"},\"inLanguage\":\"fr-FR\",\"potentialAction\":[{\"@type\":\"ReadAction\",\"target\":[\"https:\/\/www.justiceinfo.net\/fr\/14574-291012-cpisoudan-pas-de-suspension-de-la-procedure-contre-banda-et-jerbo.html\"]}]},{\"@type\":\"BreadcrumbList\",\"@id\":\"https:\/\/www.justiceinfo.net\/fr\/14574-291012-cpisoudan-pas-de-suspension-de-la-procedure-contre-banda-et-jerbo.html#breadcrumb\",\"itemListElement\":[{\"@type\":\"ListItem\",\"position\":1,\"name\":\"Home\",\"item\":\"https:\/\/www.justiceinfo.net\/fr\"},{\"@type\":\"ListItem\",\"position\":2,\"name\":\"29.10.12 - CPI\/SOUDAN - PAS DE SUSPENSION DE LA PROCEDURE CONTRE BANDA ET JERBO\"}]},{\"@type\":\"WebSite\",\"@id\":\"https:\/\/www.justiceinfo.net\/fr#website\",\"url\":\"https:\/\/www.justiceinfo.net\/fr\",\"name\":\"JusticeInfo.net\",\"description\":\"La justice doit \u00eatre vue pour \u00eatre rendue\",\"publisher\":{\"@id\":\"https:\/\/www.justiceinfo.net\/fr#organization\"},\"potentialAction\":[{\"@type\":\"SearchAction\",\"target\":{\"@type\":\"EntryPoint\",\"urlTemplate\":\"https:\/\/www.justiceinfo.net\/fr?s={search_term_string}\"},\"query-input\":{\"@type\":\"PropertyValueSpecification\",\"valueRequired\":true,\"valueName\":\"search_term_string\"}}],\"inLanguage\":\"fr-FR\"},{\"@type\":\"Organization\",\"@id\":\"https:\/\/www.justiceinfo.net\/fr#organization\",\"name\":\"Justice Info\",\"url\":\"https:\/\/www.justiceinfo.net\/fr\",\"logo\":{\"@type\":\"ImageObject\",\"inLanguage\":\"fr-FR\",\"@id\":\"https:\/\/www.justiceinfo.net\/fr#\/schema\/logo\/image\/\",\"url\":\"https:\/\/www.justiceinfo.net\/wp-content\/uploads\/justiceinfo_logo-trans_1200x1200px.png\",\"contentUrl\":\"https:\/\/www.justiceinfo.net\/wp-content\/uploads\/justiceinfo_logo-trans_1200x1200px.png\",\"width\":1199,\"height\":1200,\"caption\":\"Justice Info\"},\"image\":{\"@id\":\"https:\/\/www.justiceinfo.net\/fr#\/schema\/logo\/image\/\"},\"sameAs\":[\"https:\/\/www.facebook.com\/JusticeInfo\/\",\"https:\/\/x.com\/justiceinfonet\",\"https:\/\/www.linkedin.com\/company\/justice-info\",\"https:\/\/www.youtube.com\/channel\/UCyCEsARodyuWtkWyhn-e7pA\"]},{\"@type\":\"Person\",\"name\":\"solivri\",\"url\":\"\/fr\/?s=solivri\"}]}<\/script>\n<!-- \/ Yoast SEO Premium plugin. -->","yoast_head_json":{"title":"29.10.12 - CPI\/SOUDAN - PAS DE SUSPENSION DE LA PROCEDURE CONTRE BANDA ET JERBO - JusticeInfo.net","robots":{"index":"index","follow":"follow","max-snippet":"max-snippet:-1","max-image-preview":"max-image-preview:large","max-video-preview":"max-video-preview:-1"},"canonical":"https:\/\/www.justiceinfo.net\/fr\/14574-291012-cpisoudan-pas-de-suspension-de-la-procedure-contre-banda-et-jerbo.html","og_locale":"fr_FR","og_type":"article","og_title":"29.10.12 - CPI\/SOUDAN - PAS DE SUSPENSION DE LA PROCEDURE CONTRE BANDA ET JERBO","og_description":"Arusha, 29 octobre 2012 (FH) - La Cour p\u00e9nale internationale (CPI) a rejet\u00e9 la demande de suspension de proc\u00e9dure, demand\u00e9e par deux chefs rebelles soudanais, Abdallah Banda et Saleh Mohammed Jerbo.","og_url":"https:\/\/www.justiceinfo.net\/fr\/14574-291012-cpisoudan-pas-de-suspension-de-la-procedure-contre-banda-et-jerbo.html","og_site_name":"JusticeInfo.net","article_publisher":"https:\/\/www.facebook.com\/JusticeInfo\/","article_published_time":"2012-10-29T12:14:02+00:00","og_image":[{"width":1200,"height":630,"url":"https:\/\/www.justiceinfo.net\/wp-content\/uploads\/JusticeInfoNet_logo_1200x630px.jpg","type":"image\/jpeg"}],"author":"solivri","twitter_card":"summary_large_image","twitter_creator":"@justiceinfonet","twitter_site":"@justiceinfonet","twitter_misc":{"\u00c9crit par":"solivri","Dur\u00e9e de lecture estim\u00e9e":"2 minutes"},"schema":{"@context":"https:\/\/schema.org","@graph":[{"@type":"NewsArticle","@id":"https:\/\/www.justiceinfo.net\/fr\/14574-291012-cpisoudan-pas-de-suspension-de-la-procedure-contre-banda-et-jerbo.html#article","isPartOf":{"@id":"https:\/\/www.justiceinfo.net\/fr\/14574-291012-cpisoudan-pas-de-suspension-de-la-procedure-contre-banda-et-jerbo.html"},"author":{"name":"solivri","@id":"https:\/\/www.justiceinfo.net\/fr#\/schema\/person\/6e53cba1629e2e66f3fc1821d3091865"},"headline":"29.10.12 - CPI\/SOUDAN - PAS DE SUSPENSION DE LA PROCEDURE CONTRE BANDA ET JERBO","datePublished":"2012-10-29T12:14:02+00:00","mainEntityOfPage":{"@id":"https:\/\/www.justiceinfo.net\/fr\/14574-291012-cpisoudan-pas-de-suspension-de-la-procedure-contre-banda-et-jerbo.html"},"wordCount":360,"commentCount":0,"publisher":{"@id":"https:\/\/www.justiceinfo.net\/fr#organization"},"articleSection":["Hirondelle News"],"inLanguage":"fr-FR","potentialAction":[{"@type":"CommentAction","name":"Comment","target":["https:\/\/www.justiceinfo.net\/fr\/14574-291012-cpisoudan-pas-de-suspension-de-la-procedure-contre-banda-et-jerbo.html#respond"]}]},{"@type":"WebPage","@id":"https:\/\/www.justiceinfo.net\/fr\/14574-291012-cpisoudan-pas-de-suspension-de-la-procedure-contre-banda-et-jerbo.html","url":"https:\/\/www.justiceinfo.net\/fr\/14574-291012-cpisoudan-pas-de-suspension-de-la-procedure-contre-banda-et-jerbo.html","name":"29.10.12 - CPI\/SOUDAN - PAS DE SUSPENSION DE LA PROCEDURE CONTRE BANDA ET JERBO - JusticeInfo.net","isPartOf":{"@id":"https:\/\/www.justiceinfo.net\/fr#website"},"datePublished":"2012-10-29T12:14:02+00:00","breadcrumb":{"@id":"https:\/\/www.justiceinfo.net\/fr\/14574-291012-cpisoudan-pas-de-suspension-de-la-procedure-contre-banda-et-jerbo.html#breadcrumb"},"inLanguage":"fr-FR","potentialAction":[{"@type":"ReadAction","target":["https:\/\/www.justiceinfo.net\/fr\/14574-291012-cpisoudan-pas-de-suspension-de-la-procedure-contre-banda-et-jerbo.html"]}]},{"@type":"BreadcrumbList","@id":"https:\/\/www.justiceinfo.net\/fr\/14574-291012-cpisoudan-pas-de-suspension-de-la-procedure-contre-banda-et-jerbo.html#breadcrumb","itemListElement":[{"@type":"ListItem","position":1,"name":"Home","item":"https:\/\/www.justiceinfo.net\/fr"},{"@type":"ListItem","position":2,"name":"29.10.12 - CPI\/SOUDAN - PAS DE SUSPENSION DE LA PROCEDURE CONTRE BANDA ET JERBO"}]},{"@type":"WebSite","@id":"https:\/\/www.justiceinfo.net\/fr#website","url":"https:\/\/www.justiceinfo.net\/fr","name":"JusticeInfo.net","description":"La justice doit \u00eatre vue pour \u00eatre rendue","publisher":{"@id":"https:\/\/www.justiceinfo.net\/fr#organization"},"potentialAction":[{"@type":"SearchAction","target":{"@type":"EntryPoint","urlTemplate":"https:\/\/www.justiceinfo.net\/fr?s={search_term_string}"},"query-input":{"@type":"PropertyValueSpecification","valueRequired":true,"valueName":"search_term_string"}}],"inLanguage":"fr-FR"},{"@type":"Organization","@id":"https:\/\/www.justiceinfo.net\/fr#organization","name":"Justice Info","url":"https:\/\/www.justiceinfo.net\/fr","logo":{"@type":"ImageObject","inLanguage":"fr-FR","@id":"https:\/\/www.justiceinfo.net\/fr#\/schema\/logo\/image\/","url":"https:\/\/www.justiceinfo.net\/wp-content\/uploads\/justiceinfo_logo-trans_1200x1200px.png","contentUrl":"https:\/\/www.justiceinfo.net\/wp-content\/uploads\/justiceinfo_logo-trans_1200x1200px.png","width":1199,"height":1200,"caption":"Justice Info"},"image":{"@id":"https:\/\/www.justiceinfo.net\/fr#\/schema\/logo\/image\/"},"sameAs":["https:\/\/www.facebook.com\/JusticeInfo\/","https:\/\/x.com\/justiceinfonet","https:\/\/www.linkedin.com\/company\/justice-info","https:\/\/www.youtube.com\/channel\/UCyCEsARodyuWtkWyhn-e7pA"]},{"@type":"Person","name":"solivri","url":"\/fr\/?s=solivri"}]}},"_links":{"self":[{"href":"https:\/\/www.justiceinfo.net\/fr\/wp-json\/wp\/v2\/posts\/14574","targetHints":{"allow":["GET"]}}],"collection":[{"href":"https:\/\/www.justiceinfo.net\/fr\/wp-json\/wp\/v2\/posts"}],"about":[{"href":"https:\/\/www.justiceinfo.net\/fr\/wp-json\/wp\/v2\/types\/post"}],"author":[{"embeddable":true,"href":"https:\/\/www.justiceinfo.net\/fr\/wp-json\/wp\/v2\/users\/64"}],"replies":[{"embeddable":true,"href":"https:\/\/www.justiceinfo.net\/fr\/wp-json\/wp\/v2\/comments?post=14574"}],"version-history":[{"count":0,"href":"https:\/\/www.justiceinfo.net\/fr\/wp-json\/wp\/v2\/posts\/14574\/revisions"}],"wp:attachment":[{"href":"https:\/\/www.justiceinfo.net\/fr\/wp-json\/wp\/v2\/media?parent=14574"}],"wp:term":[{"taxonomy":"category","embeddable":true,"href":"https:\/\/www.justiceinfo.net\/fr\/wp-json\/wp\/v2\/categories?post=14574"},{"taxonomy":"post_tag","embeddable":true,"href":"https:\/\/www.justiceinfo.net\/fr\/wp-json\/wp\/v2\/tags?post=14574"},{"taxonomy":"ji_location","embeddable":true,"href":"https:\/\/www.justiceinfo.net\/fr\/wp-json\/wp\/v2\/ji_location?post=14574"}],"curies":[{"name":"wp","href":"https:\/\/api.w.org\/{rel}","templated":true}]}}