{"id":14594,"date":"2012-11-14T15:02:37","date_gmt":"2012-11-14T14:02:37","guid":{"rendered":"https:\/\/www.justiceinfo.net\/14594-141112-rwandasuede-la-suede-ouvre-vendredi-son-premier-proces-pour-genocide.html"},"modified":"2012-11-14T15:02:37","modified_gmt":"2012-11-14T14:02:37","slug":"141112-rwandasuede-la-suede-ouvre-vendredi-son-premier-proces-pour-genocide","status":"publish","type":"post","link":"https:\/\/www.justiceinfo.net\/fr\/14594-141112-rwandasuede-la-suede-ouvre-vendredi-son-premier-proces-pour-genocide.html","title":{"rendered":"14.11.12 - RWANDA\/SUEDE - LA SUEDE OUVRE VENDREDI SON PREMIER PROCES POUR GENOCIDE"},"content":{"rendered":"<p>Arusha, 14 novembre 2012 (FH) - Le 16 novembre sera une date m\u00e9morable dans l\u2019histoire de la justice su\u00e9doise. Le Royaume ouvre en effet vendredi son premier proc\u00e8s pour g\u00e9nocide. L\u2019accus\u00e9 est un Su\u00e9dois d\u2019origine rwandaise poursuivi pour sa responsabilit\u00e9 pr\u00e9sum\u00e9e dans le g\u00e9nocide des Tutsis de 1994.<\/p>\n<p><!--more--><\/p>\n<p>La Cour du district de Stockholm avait d\u00e9j\u00e0 jug\u00e9 plusieurs cas de crimes de guerre commis au cours du conflit des Balkans dans les ann\u00e9es 1990. Jusqu\u2019ici, la justice \u00e0 Stockholm s\u2019est gard\u00e9e de r\u00e9v\u00e9ler l\u2019identit\u00e9 de l\u2019accus\u00e9. Mais pour les observateurs rwandais, et en particulier, ceux vivant en Su\u00e8de, il s\u2019agit de Stanislas Mbanenande. Il a \u00e9t\u00e9 formellement inculp\u00e9 le 05 novembre pour g\u00e9nocide incluant les crimes de meurtre, tentative de meurtre et enl\u00e8vement selon l\u2019organisation Trial. Il a plaid\u00e9 non coupable.<\/p>\n<p>Massacres \u00e0 Biseseso et au chef-lieu de la pr\u00e9fecture<\/p>\n<p>N\u00e9 le 26 ao\u00fbt 1958, Mbanenande est un ing\u00e9nieur civil originaire de la pr\u00e9fecture de Kibuye (ouest) o\u00f9 il enseignait en 1994. C\u2019est l\u00e0 qu\u2019il aurait, selon l\u2019accusation, recrut\u00e9 des personnes, souvent de jeunes \u00e9tudiants, et se serait \u00e9rig\u00e9 en dirigeant de facto d\u2019une milice au cours du g\u00e9nocide. Il est accus\u00e9 d\u2019avoir particip\u00e9 activement \u00e0 quatre massacres de Tutsis entre le 6 avril et le 30 juin 1994 dans les r\u00e9gions de Bisesero et Ruhiro, dans cette province occidentale du Rwanda. Plus de 50.000 personnes environ y ont \u00e9t\u00e9 tu\u00e9es. Mbanenande aurait \u00e9galement pris part \u00e0 un massacre le 17 avril 1994 au chef-lieu de la pr\u00e9fecture o\u00f9 des hommes, des femmes et des enfants s\u2019\u00e9taient r\u00e9fugi\u00e9s \u00e0 l\u2019int\u00e9rieur et autour d\u2019une \u00e9glise catholique et d\u2019un centre h\u00f4telier. La plupart de ces personnes \u00e9taient sans armes et venaient chercher protection dans cette zone, suivant le conseil des autorit\u00e9s.<\/p>\n<p>Des groupes arm\u00e9s ont forc\u00e9 ces personnes \u00e0 rester dans la zone et pendant plusieurs jours, des centaines de miliciens, policiers et civils ont attaqu\u00e9 et tu\u00e9 la majorit\u00e9 de ces r\u00e9fugi\u00e9s. Les agresseurs ont utilis\u00e9 des armes \u00e0 feu, des grenades, des machettes et d\u2019autres armes. Le procureur su\u00e9dois affirme que les assaillants ont enfum\u00e9 les r\u00e9fugi\u00e9s avant de les tuer une fois dehors. De nombreuses personnes sont mortes noy\u00e9es en essayant de fuir par le lac Kivu. Mbanenande est accus\u00e9 d\u2019avoir tir\u00e9 \u00e0 l\u2019arme automatique sur un groupe de personnes qui tentait de gagner le lac. Il aurait par ailleurs tu\u00e9 un homme en frappant \u00e0 de nombreuses reprises sa t\u00eate avec une pierre et un bloc de b\u00e9ton. L\u2019ancien enseignant nie toutes ces all\u00e9gations et se dit victime d\u2019une campagne de d\u00e9nigrement orchestr\u00e9e depuis Kigali.<\/p>\n<p>Juges et parties se d\u00e9placeront \u00e0 Kigali<\/p>\n<p>Le proc\u00e8s devrait durer jusqu\u2019\u00e0 mai 2013 et certaines auditions se tiendront au Rwanda, en vid\u00e9oconf\u00e9rence, une technologie dont le pays s\u2019est dot\u00e9 r\u00e9cemment. Fin novembre, juges, procureur, avocat de la d\u00e9fense et repr\u00e9sentants des victimes devraient se rendre \u00e0 Kigali pour entendre des t\u00e9moins.<\/p>\n<p>Mbanenande qui ne sera pas de la partie, pourra suivre les interrogatoires depuis la cour stockholmoise. Selon l\u2019ONG Trial, l\u2019accusation appellera plus de 40 t\u00e9moins dont 19 survivants des tentatives de meurtres attribu\u00e9es \u00e0 Mbanenande. Kigali avait souhait\u00e9 le juger devant ses propres tribunaux mais la demande d\u2019extradition a \u00e9t\u00e9 rejet\u00e9e car l\u2019accus\u00e9 venait d\u2019obtenir la nationalit\u00e9 su\u00e9doise.<\/p>\n<p>Selon une source au parquet g\u00e9n\u00e9ral \u00e0 Kigali, Mbanenande a \u00e9t\u00e9 jug\u00e9 et condamn\u00e9 par contumace \u00e0 la perp\u00e9tuit\u00e9 en 2009 par un tribunal populaire gacaca de son village d\u2019origine. Mais la Su\u00e8de ne reconna\u00eet pas les cours gacacas.<\/p>\n<p>ER\/GF<\/p>\n","protected":false},"excerpt":{"rendered":"<p>Arusha, 14 novembre 2012 (FH) - Le 16 novembre sera une date m\u00e9morable dans l\u2019histoire de la justice su\u00e9doise. Le Royaume ouvre en effet vendredi son premier proc\u00e8s pour g\u00e9nocide. L\u2019accus\u00e9 est un Su\u00e9dois d\u2019origine rwandaise poursuivi pour sa responsabilit\u00e9 pr\u00e9sum\u00e9e dans le g\u00e9nocide des Tutsis de 1994.<\/p>\n","protected":false},"author":64,"featured_media":0,"comment_status":"open","ping_status":"closed","sticky":false,"template":"","format":"standard","meta":{"_acf_changed":false,"footnotes":""},"categories":[554],"tags":[],"ji_location":[],"class_list":["post-14594","post","type-post","status-publish","format-standard","hentry","category-hirondellenews"],"acf":[],"yoast_head":"<!-- This site is optimized with the Yoast SEO Premium plugin v25.3.1 (Yoast SEO v25.3.1) - https:\/\/yoast.com\/wordpress\/plugins\/seo\/ -->\n<title>14.11.12 - RWANDA\/SUEDE - LA SUEDE OUVRE VENDREDI SON PREMIER PROCES POUR GENOCIDE - JusticeInfo.net<\/title>\n<meta name=\"robots\" content=\"index, follow, max-snippet:-1, max-image-preview:large, max-video-preview:-1\" \/>\n<link rel=\"canonical\" href=\"https:\/\/www.justiceinfo.net\/fr\/14594-141112-rwandasuede-la-suede-ouvre-vendredi-son-premier-proces-pour-genocide.html\" \/>\n<meta property=\"og:locale\" content=\"fr_FR\" \/>\n<meta property=\"og:type\" content=\"article\" \/>\n<meta property=\"og:title\" content=\"14.11.12 - RWANDA\/SUEDE - LA SUEDE OUVRE VENDREDI SON PREMIER PROCES POUR GENOCIDE\" \/>\n<meta property=\"og:description\" content=\"Arusha, 14 novembre 2012 (FH) - Le 16 novembre sera une date m\u00e9morable dans l\u2019histoire de la justice su\u00e9doise. Le Royaume ouvre en effet vendredi son premier proc\u00e8s pour g\u00e9nocide. L\u2019accus\u00e9 est un Su\u00e9dois d\u2019origine rwandaise poursuivi pour sa responsabilit\u00e9 pr\u00e9sum\u00e9e dans le g\u00e9nocide des Tutsis de 1994.\" \/>\n<meta property=\"og:url\" content=\"https:\/\/www.justiceinfo.net\/fr\/14594-141112-rwandasuede-la-suede-ouvre-vendredi-son-premier-proces-pour-genocide.html\" \/>\n<meta property=\"og:site_name\" content=\"JusticeInfo.net\" \/>\n<meta property=\"article:publisher\" content=\"https:\/\/www.facebook.com\/JusticeInfo\/\" \/>\n<meta property=\"article:published_time\" content=\"2012-11-14T14:02:37+00:00\" \/>\n<meta property=\"og:image\" content=\"https:\/\/www.justiceinfo.net\/wp-content\/uploads\/JusticeInfoNet_logo_1200x630px.jpg\" \/>\n\t<meta property=\"og:image:width\" content=\"1200\" \/>\n\t<meta property=\"og:image:height\" content=\"630\" \/>\n\t<meta property=\"og:image:type\" content=\"image\/jpeg\" \/>\n<meta name=\"author\" content=\"solivri\" \/>\n<meta name=\"twitter:card\" content=\"summary_large_image\" \/>\n<meta name=\"twitter:creator\" content=\"@justiceinfonet\" \/>\n<meta name=\"twitter:site\" content=\"@justiceinfonet\" \/>\n<meta name=\"twitter:label1\" content=\"\u00c9crit par\" \/>\n\t<meta name=\"twitter:data1\" content=\"solivri\" \/>\n\t<meta name=\"twitter:label2\" content=\"Dur\u00e9e de lecture estim\u00e9e\" \/>\n\t<meta name=\"twitter:data2\" content=\"3 minutes\" \/>\n<script type=\"application\/ld+json\" class=\"yoast-schema-graph\">{\"@context\":\"https:\/\/schema.org\",\"@graph\":[{\"@type\":\"NewsArticle\",\"@id\":\"https:\/\/www.justiceinfo.net\/fr\/14594-141112-rwandasuede-la-suede-ouvre-vendredi-son-premier-proces-pour-genocide.html#article\",\"isPartOf\":{\"@id\":\"https:\/\/www.justiceinfo.net\/fr\/14594-141112-rwandasuede-la-suede-ouvre-vendredi-son-premier-proces-pour-genocide.html\"},\"author\":{\"name\":\"solivri\",\"@id\":\"https:\/\/www.justiceinfo.net\/fr#\/schema\/person\/6e53cba1629e2e66f3fc1821d3091865\"},\"headline\":\"14.11.12 - RWANDA\/SUEDE - LA SUEDE OUVRE VENDREDI SON PREMIER PROCES POUR GENOCIDE\",\"datePublished\":\"2012-11-14T14:02:37+00:00\",\"mainEntityOfPage\":{\"@id\":\"https:\/\/www.justiceinfo.net\/fr\/14594-141112-rwandasuede-la-suede-ouvre-vendredi-son-premier-proces-pour-genocide.html\"},\"wordCount\":646,\"commentCount\":0,\"publisher\":{\"@id\":\"https:\/\/www.justiceinfo.net\/fr#organization\"},\"articleSection\":[\"Hirondelle News\"],\"inLanguage\":\"fr-FR\",\"potentialAction\":[{\"@type\":\"CommentAction\",\"name\":\"Comment\",\"target\":[\"https:\/\/www.justiceinfo.net\/fr\/14594-141112-rwandasuede-la-suede-ouvre-vendredi-son-premier-proces-pour-genocide.html#respond\"]}]},{\"@type\":\"WebPage\",\"@id\":\"https:\/\/www.justiceinfo.net\/fr\/14594-141112-rwandasuede-la-suede-ouvre-vendredi-son-premier-proces-pour-genocide.html\",\"url\":\"https:\/\/www.justiceinfo.net\/fr\/14594-141112-rwandasuede-la-suede-ouvre-vendredi-son-premier-proces-pour-genocide.html\",\"name\":\"14.11.12 - RWANDA\/SUEDE - LA SUEDE OUVRE VENDREDI SON PREMIER PROCES POUR GENOCIDE - JusticeInfo.net\",\"isPartOf\":{\"@id\":\"https:\/\/www.justiceinfo.net\/fr#website\"},\"datePublished\":\"2012-11-14T14:02:37+00:00\",\"breadcrumb\":{\"@id\":\"https:\/\/www.justiceinfo.net\/fr\/14594-141112-rwandasuede-la-suede-ouvre-vendredi-son-premier-proces-pour-genocide.html#breadcrumb\"},\"inLanguage\":\"fr-FR\",\"potentialAction\":[{\"@type\":\"ReadAction\",\"target\":[\"https:\/\/www.justiceinfo.net\/fr\/14594-141112-rwandasuede-la-suede-ouvre-vendredi-son-premier-proces-pour-genocide.html\"]}]},{\"@type\":\"BreadcrumbList\",\"@id\":\"https:\/\/www.justiceinfo.net\/fr\/14594-141112-rwandasuede-la-suede-ouvre-vendredi-son-premier-proces-pour-genocide.html#breadcrumb\",\"itemListElement\":[{\"@type\":\"ListItem\",\"position\":1,\"name\":\"Home\",\"item\":\"https:\/\/www.justiceinfo.net\/fr\"},{\"@type\":\"ListItem\",\"position\":2,\"name\":\"14.11.12 - RWANDA\/SUEDE - LA SUEDE OUVRE VENDREDI SON PREMIER PROCES POUR GENOCIDE\"}]},{\"@type\":\"WebSite\",\"@id\":\"https:\/\/www.justiceinfo.net\/fr#website\",\"url\":\"https:\/\/www.justiceinfo.net\/fr\",\"name\":\"JusticeInfo.net\",\"description\":\"La justice doit \u00eatre vue pour \u00eatre rendue\",\"publisher\":{\"@id\":\"https:\/\/www.justiceinfo.net\/fr#organization\"},\"potentialAction\":[{\"@type\":\"SearchAction\",\"target\":{\"@type\":\"EntryPoint\",\"urlTemplate\":\"https:\/\/www.justiceinfo.net\/fr?s={search_term_string}\"},\"query-input\":{\"@type\":\"PropertyValueSpecification\",\"valueRequired\":true,\"valueName\":\"search_term_string\"}}],\"inLanguage\":\"fr-FR\"},{\"@type\":\"Organization\",\"@id\":\"https:\/\/www.justiceinfo.net\/fr#organization\",\"name\":\"Justice Info\",\"url\":\"https:\/\/www.justiceinfo.net\/fr\",\"logo\":{\"@type\":\"ImageObject\",\"inLanguage\":\"fr-FR\",\"@id\":\"https:\/\/www.justiceinfo.net\/fr#\/schema\/logo\/image\/\",\"url\":\"https:\/\/www.justiceinfo.net\/wp-content\/uploads\/justiceinfo_logo-trans_1200x1200px.png\",\"contentUrl\":\"https:\/\/www.justiceinfo.net\/wp-content\/uploads\/justiceinfo_logo-trans_1200x1200px.png\",\"width\":1199,\"height\":1200,\"caption\":\"Justice Info\"},\"image\":{\"@id\":\"https:\/\/www.justiceinfo.net\/fr#\/schema\/logo\/image\/\"},\"sameAs\":[\"https:\/\/www.facebook.com\/JusticeInfo\/\",\"https:\/\/x.com\/justiceinfonet\",\"https:\/\/www.linkedin.com\/company\/justice-info\",\"https:\/\/www.youtube.com\/channel\/UCyCEsARodyuWtkWyhn-e7pA\"]},{\"@type\":\"Person\",\"name\":\"solivri\",\"url\":\"\/fr\/?s=solivri\"}]}<\/script>\n<!-- \/ Yoast SEO Premium plugin. -->","yoast_head_json":{"title":"14.11.12 - RWANDA\/SUEDE - LA SUEDE OUVRE VENDREDI SON PREMIER PROCES POUR GENOCIDE - JusticeInfo.net","robots":{"index":"index","follow":"follow","max-snippet":"max-snippet:-1","max-image-preview":"max-image-preview:large","max-video-preview":"max-video-preview:-1"},"canonical":"https:\/\/www.justiceinfo.net\/fr\/14594-141112-rwandasuede-la-suede-ouvre-vendredi-son-premier-proces-pour-genocide.html","og_locale":"fr_FR","og_type":"article","og_title":"14.11.12 - RWANDA\/SUEDE - LA SUEDE OUVRE VENDREDI SON PREMIER PROCES POUR GENOCIDE","og_description":"Arusha, 14 novembre 2012 (FH) - Le 16 novembre sera une date m\u00e9morable dans l\u2019histoire de la justice su\u00e9doise. Le Royaume ouvre en effet vendredi son premier proc\u00e8s pour g\u00e9nocide. L\u2019accus\u00e9 est un Su\u00e9dois d\u2019origine rwandaise poursuivi pour sa responsabilit\u00e9 pr\u00e9sum\u00e9e dans le g\u00e9nocide des Tutsis de 1994.","og_url":"https:\/\/www.justiceinfo.net\/fr\/14594-141112-rwandasuede-la-suede-ouvre-vendredi-son-premier-proces-pour-genocide.html","og_site_name":"JusticeInfo.net","article_publisher":"https:\/\/www.facebook.com\/JusticeInfo\/","article_published_time":"2012-11-14T14:02:37+00:00","og_image":[{"width":1200,"height":630,"url":"https:\/\/www.justiceinfo.net\/wp-content\/uploads\/JusticeInfoNet_logo_1200x630px.jpg","type":"image\/jpeg"}],"author":"solivri","twitter_card":"summary_large_image","twitter_creator":"@justiceinfonet","twitter_site":"@justiceinfonet","twitter_misc":{"\u00c9crit par":"solivri","Dur\u00e9e de lecture estim\u00e9e":"3 minutes"},"schema":{"@context":"https:\/\/schema.org","@graph":[{"@type":"NewsArticle","@id":"https:\/\/www.justiceinfo.net\/fr\/14594-141112-rwandasuede-la-suede-ouvre-vendredi-son-premier-proces-pour-genocide.html#article","isPartOf":{"@id":"https:\/\/www.justiceinfo.net\/fr\/14594-141112-rwandasuede-la-suede-ouvre-vendredi-son-premier-proces-pour-genocide.html"},"author":{"name":"solivri","@id":"https:\/\/www.justiceinfo.net\/fr#\/schema\/person\/6e53cba1629e2e66f3fc1821d3091865"},"headline":"14.11.12 - RWANDA\/SUEDE - LA SUEDE OUVRE VENDREDI SON PREMIER PROCES POUR GENOCIDE","datePublished":"2012-11-14T14:02:37+00:00","mainEntityOfPage":{"@id":"https:\/\/www.justiceinfo.net\/fr\/14594-141112-rwandasuede-la-suede-ouvre-vendredi-son-premier-proces-pour-genocide.html"},"wordCount":646,"commentCount":0,"publisher":{"@id":"https:\/\/www.justiceinfo.net\/fr#organization"},"articleSection":["Hirondelle News"],"inLanguage":"fr-FR","potentialAction":[{"@type":"CommentAction","name":"Comment","target":["https:\/\/www.justiceinfo.net\/fr\/14594-141112-rwandasuede-la-suede-ouvre-vendredi-son-premier-proces-pour-genocide.html#respond"]}]},{"@type":"WebPage","@id":"https:\/\/www.justiceinfo.net\/fr\/14594-141112-rwandasuede-la-suede-ouvre-vendredi-son-premier-proces-pour-genocide.html","url":"https:\/\/www.justiceinfo.net\/fr\/14594-141112-rwandasuede-la-suede-ouvre-vendredi-son-premier-proces-pour-genocide.html","name":"14.11.12 - RWANDA\/SUEDE - LA SUEDE OUVRE VENDREDI SON PREMIER PROCES POUR GENOCIDE - JusticeInfo.net","isPartOf":{"@id":"https:\/\/www.justiceinfo.net\/fr#website"},"datePublished":"2012-11-14T14:02:37+00:00","breadcrumb":{"@id":"https:\/\/www.justiceinfo.net\/fr\/14594-141112-rwandasuede-la-suede-ouvre-vendredi-son-premier-proces-pour-genocide.html#breadcrumb"},"inLanguage":"fr-FR","potentialAction":[{"@type":"ReadAction","target":["https:\/\/www.justiceinfo.net\/fr\/14594-141112-rwandasuede-la-suede-ouvre-vendredi-son-premier-proces-pour-genocide.html"]}]},{"@type":"BreadcrumbList","@id":"https:\/\/www.justiceinfo.net\/fr\/14594-141112-rwandasuede-la-suede-ouvre-vendredi-son-premier-proces-pour-genocide.html#breadcrumb","itemListElement":[{"@type":"ListItem","position":1,"name":"Home","item":"https:\/\/www.justiceinfo.net\/fr"},{"@type":"ListItem","position":2,"name":"14.11.12 - RWANDA\/SUEDE - LA SUEDE OUVRE VENDREDI SON PREMIER PROCES POUR GENOCIDE"}]},{"@type":"WebSite","@id":"https:\/\/www.justiceinfo.net\/fr#website","url":"https:\/\/www.justiceinfo.net\/fr","name":"JusticeInfo.net","description":"La justice doit \u00eatre vue pour \u00eatre rendue","publisher":{"@id":"https:\/\/www.justiceinfo.net\/fr#organization"},"potentialAction":[{"@type":"SearchAction","target":{"@type":"EntryPoint","urlTemplate":"https:\/\/www.justiceinfo.net\/fr?s={search_term_string}"},"query-input":{"@type":"PropertyValueSpecification","valueRequired":true,"valueName":"search_term_string"}}],"inLanguage":"fr-FR"},{"@type":"Organization","@id":"https:\/\/www.justiceinfo.net\/fr#organization","name":"Justice Info","url":"https:\/\/www.justiceinfo.net\/fr","logo":{"@type":"ImageObject","inLanguage":"fr-FR","@id":"https:\/\/www.justiceinfo.net\/fr#\/schema\/logo\/image\/","url":"https:\/\/www.justiceinfo.net\/wp-content\/uploads\/justiceinfo_logo-trans_1200x1200px.png","contentUrl":"https:\/\/www.justiceinfo.net\/wp-content\/uploads\/justiceinfo_logo-trans_1200x1200px.png","width":1199,"height":1200,"caption":"Justice Info"},"image":{"@id":"https:\/\/www.justiceinfo.net\/fr#\/schema\/logo\/image\/"},"sameAs":["https:\/\/www.facebook.com\/JusticeInfo\/","https:\/\/x.com\/justiceinfonet","https:\/\/www.linkedin.com\/company\/justice-info","https:\/\/www.youtube.com\/channel\/UCyCEsARodyuWtkWyhn-e7pA"]},{"@type":"Person","name":"solivri","url":"\/fr\/?s=solivri"}]}},"_links":{"self":[{"href":"https:\/\/www.justiceinfo.net\/fr\/wp-json\/wp\/v2\/posts\/14594","targetHints":{"allow":["GET"]}}],"collection":[{"href":"https:\/\/www.justiceinfo.net\/fr\/wp-json\/wp\/v2\/posts"}],"about":[{"href":"https:\/\/www.justiceinfo.net\/fr\/wp-json\/wp\/v2\/types\/post"}],"author":[{"embeddable":true,"href":"https:\/\/www.justiceinfo.net\/fr\/wp-json\/wp\/v2\/users\/64"}],"replies":[{"embeddable":true,"href":"https:\/\/www.justiceinfo.net\/fr\/wp-json\/wp\/v2\/comments?post=14594"}],"version-history":[{"count":0,"href":"https:\/\/www.justiceinfo.net\/fr\/wp-json\/wp\/v2\/posts\/14594\/revisions"}],"wp:attachment":[{"href":"https:\/\/www.justiceinfo.net\/fr\/wp-json\/wp\/v2\/media?parent=14594"}],"wp:term":[{"taxonomy":"category","embeddable":true,"href":"https:\/\/www.justiceinfo.net\/fr\/wp-json\/wp\/v2\/categories?post=14594"},{"taxonomy":"post_tag","embeddable":true,"href":"https:\/\/www.justiceinfo.net\/fr\/wp-json\/wp\/v2\/tags?post=14594"},{"taxonomy":"ji_location","embeddable":true,"href":"https:\/\/www.justiceinfo.net\/fr\/wp-json\/wp\/v2\/ji_location?post=14594"}],"curies":[{"name":"wp","href":"https:\/\/api.w.org\/{rel}","templated":true}]}}