{"id":14596,"date":"2012-11-15T13:50:33","date_gmt":"2012-11-15T12:50:33","guid":{"rendered":"https:\/\/www.justiceinfo.net\/14596-151112-rwandajustice-la-defense-de-mugesera-denonce-de-mauvais-traitements.html"},"modified":"2012-11-15T13:50:33","modified_gmt":"2012-11-15T12:50:33","slug":"151112-rwandajustice-la-defense-de-mugesera-denonce-de-mauvais-traitements","status":"publish","type":"post","link":"https:\/\/www.justiceinfo.net\/fr\/14596-151112-rwandajustice-la-defense-de-mugesera-denonce-de-mauvais-traitements.html","title":{"rendered":"15.11.12 - RWANDA\/JUSTICE - LA DEFENSE DE MUGESERA DENONCE DE MAUVAIS TRAITEMENTS"},"content":{"rendered":"<p>Arusha, 15 novembre 2012 (FH) \u2013 La d\u00e9fense d\u2019un universitaire rwandais extrad\u00e9 du Canada en janvier dernier a d\u00e9nonc\u00e9\u00a0dans un entretien avec l\u2019agence Hirondelleles les mauvais traitements\u00a0dont serait victime\u00a0l\u2019accus\u00e9, actuellement d\u00e9tenu dans une prison de Kigali. Les autorit\u00e9s rwandaises ont cat\u00e9goriquement d\u00e9menti.<\/p>\n<p><!--more--><\/p>\n<p>\u00ab C\u2019est la r\u00e9alit\u00e9, ce n\u2019est que la r\u00e9alit\u00e9, tout cela est vrai \u00bb, a d\u00e9clar\u00e9 jeudi\u00a0\u00e0 l'Agence Hirondelle\u00a0Ma\u00eetre Jean-F\u00e9lix Rudakemwa, confirmant des all\u00e9gations \u00ab de menaces de mort, nourriture avari\u00e9e, rats et punaises de lit dans la cellule \u00bb, parues dans la presse canadienne.<\/p>\n<p>L\u2019avocat rwandais a \u00e9galement confirm\u00e9 que Kigali ne lui laissait pas suffisamment de temps pour rencontrer de fa\u00e7on confidentielle son client, dont le proc\u00e8s doit s\u2019ouvrir lundi prochain.<\/p>\n<p>Selon l\u2019\u00e9dition de mercredi du journal qu\u00e9b\u00e9cois Le Soleil, Me Rudakemwa a envoy\u00e9 \u00e0 la famille de Mugesera rest\u00e9e au Canada, un document qui \u00ab d\u00e9taille plus d\u2019une vingtaine de situations soi-disant irr\u00e9guli\u00e8res, prouvant, selon lui, que les droits fondamentaux de M.Mugesera sont gravement viol\u00e9s par le Rwanda \u00bb.<\/p>\n<p>\u00ab Ce sont des affirmations extr\u00eamement outrageuses et, franchement, je crois que quelque chose tourne terriblement mal avec ces gens \u00bb, a r\u00e9agi le procureur g\u00e9n\u00e9ral du Rwanda, Martin Ngoga. Pour lui, les avocats doivent faire preuve de \u00abbon sens et de respect de soi\u00bb pour \u00e9viter de relayer \u00abdans un style robotique\u00bb les all\u00e9gations de leurs clients.<\/p>\n<p>\u00ab Mugesera est d\u00e9tenu dans une structure approuv\u00e9e par les Nations Unies et re\u00e7oit des visites de la Croix Rouge \u00bb, a soulign\u00e9 le magistrat rwandais.<\/p>\n<p>\u00ab Toutes ces all\u00e9gations ne sont que de la propagande mensong\u00e8re. Mugesera est d\u00e9tenu dans une cellule individuelle bien a\u00e9r\u00e9e, bien entretenue et bien \u00e9quip\u00e9e. Il a dans sa cellule un ordinateur et une imprimante pour pr\u00e9parer son proc\u00e8s \u00bb, a rench\u00e9ri Mme Dativa Mukanyangezi, commissaire charg\u00e9e des Droits de l\u2019homme au Service national correctionnel.<\/p>\n<p>\u00ab Pour ce qui des entretiens entre Mugesera et son avocat, je vous dis qu\u2019en ce moment m\u00eame o\u00f9 je vous parle, ils sont ensemble \u00bb, a-t-elle ajout\u00e9.<\/p>\n<p>Le linguiste rwandais est d\u00e9tenu \u00e0 la prison centrale de Kigali (PCK), qui selon le Tribunal p\u00e9nal international pour le Rwanda (TPIR), r\u00e9pond aux standards internationaux en mati\u00e8re de d\u00e9tention.<\/p>\n<p>Le pasteur pentec\u00f4tiste Jean Uwinkindi, premier accus\u00e9 du TPIR renvoy\u00e9 \u00e0 la justice rwandaise, est \u00e9galement d\u00e9tenu \u00e0 la PCK, commun\u00e9ment appel\u00e9e 1930, date de sa construction.<\/p>\n<p>Mugesera avait obtenu, le 19 septembre, un d\u00e9lai de deux mois pour pr\u00e9parer son proc\u00e8s. Cet universitaire est poursuivi pour un discours en langue rwandaise prononc\u00e9 en novembre 1992 dans un meeting politique de son parti.<\/p>\n<p>Le procureur soutient que le discours appelait les Hutu \u00e0 massacrer les Tutsi tandis que Mugesera affirme que ses propos ont \u00e9t\u00e9 mal interpr\u00e9t\u00e9s, sortis de leur contexte.<\/p>\n<p>Le linguiste a \u00e9t\u00e9 extrad\u00e9 du Canada en janvier dernier apr\u00e8s une bataille juridique de 15 ans.<\/p>\n<p>\u00ab En d\u00e9pit de certains petits probl\u00e8mes, nous sommes pr\u00eats pour le d\u00e9but du proc\u00e8s lundi \u00bb, a indiqu\u00e9 Ma\u00eetre Rudakemwa, qui devrait \u00eatre rejoint pour la d\u00e9fense, par un confr\u00e8re du Kenya et une troisi\u00e8me avocate am\u00e9ricaine.<\/p>\n<p>ER\/GF<\/p>\n","protected":false},"excerpt":{"rendered":"<p>Arusha, 15 novembre 2012 (FH) \u2013 La d\u00e9fense d\u2019un universitaire rwandais extrad\u00e9 du Canada en janvier dernier a d\u00e9nonc\u00e9\u00a0dans un entretien avec l\u2019agence Hirondelleles les mauvais traitements\u00a0dont serait victime\u00a0l\u2019accus\u00e9, actuellement d\u00e9tenu dans une prison de Kigali. Les autorit\u00e9s rwandaises ont cat\u00e9goriquement d\u00e9menti.<\/p>\n","protected":false},"author":64,"featured_media":0,"comment_status":"open","ping_status":"closed","sticky":false,"template":"","format":"standard","meta":{"_acf_changed":false,"footnotes":""},"categories":[554],"tags":[],"ji_location":[],"class_list":["post-14596","post","type-post","status-publish","format-standard","hentry","category-hirondellenews"],"acf":[],"yoast_head":"<!-- This site is optimized with the Yoast SEO Premium plugin v25.3.1 (Yoast SEO v25.3.1) - https:\/\/yoast.com\/wordpress\/plugins\/seo\/ -->\n<title>15.11.12 - RWANDA\/JUSTICE - LA DEFENSE DE MUGESERA DENONCE DE MAUVAIS TRAITEMENTS - JusticeInfo.net<\/title>\n<meta name=\"robots\" content=\"index, follow, max-snippet:-1, max-image-preview:large, max-video-preview:-1\" \/>\n<link rel=\"canonical\" href=\"https:\/\/www.justiceinfo.net\/fr\/14596-151112-rwandajustice-la-defense-de-mugesera-denonce-de-mauvais-traitements.html\" \/>\n<meta property=\"og:locale\" content=\"fr_FR\" \/>\n<meta property=\"og:type\" content=\"article\" \/>\n<meta property=\"og:title\" content=\"15.11.12 - RWANDA\/JUSTICE - LA DEFENSE DE MUGESERA DENONCE DE MAUVAIS TRAITEMENTS\" \/>\n<meta property=\"og:description\" content=\"Arusha, 15 novembre 2012 (FH) \u2013 La d\u00e9fense d\u2019un universitaire rwandais extrad\u00e9 du Canada en janvier dernier a d\u00e9nonc\u00e9\u00a0dans un entretien avec l\u2019agence Hirondelleles les mauvais traitements\u00a0dont serait victime\u00a0l\u2019accus\u00e9, actuellement d\u00e9tenu dans une prison de Kigali. Les autorit\u00e9s rwandaises ont cat\u00e9goriquement d\u00e9menti.\" \/>\n<meta property=\"og:url\" content=\"https:\/\/www.justiceinfo.net\/fr\/14596-151112-rwandajustice-la-defense-de-mugesera-denonce-de-mauvais-traitements.html\" \/>\n<meta property=\"og:site_name\" content=\"JusticeInfo.net\" \/>\n<meta property=\"article:publisher\" content=\"https:\/\/www.facebook.com\/JusticeInfo\/\" \/>\n<meta property=\"article:published_time\" content=\"2012-11-15T12:50:33+00:00\" \/>\n<meta property=\"og:image\" content=\"https:\/\/www.justiceinfo.net\/wp-content\/uploads\/JusticeInfoNet_logo_1200x630px.jpg\" \/>\n\t<meta property=\"og:image:width\" content=\"1200\" \/>\n\t<meta property=\"og:image:height\" content=\"630\" \/>\n\t<meta property=\"og:image:type\" content=\"image\/jpeg\" \/>\n<meta name=\"author\" content=\"solivri\" \/>\n<meta name=\"twitter:card\" content=\"summary_large_image\" \/>\n<meta name=\"twitter:creator\" content=\"@justiceinfonet\" \/>\n<meta name=\"twitter:site\" content=\"@justiceinfonet\" \/>\n<meta name=\"twitter:label1\" content=\"\u00c9crit par\" \/>\n\t<meta name=\"twitter:data1\" content=\"solivri\" \/>\n\t<meta name=\"twitter:label2\" content=\"Dur\u00e9e de lecture estim\u00e9e\" \/>\n\t<meta name=\"twitter:data2\" content=\"3 minutes\" \/>\n<script type=\"application\/ld+json\" class=\"yoast-schema-graph\">{\"@context\":\"https:\/\/schema.org\",\"@graph\":[{\"@type\":\"NewsArticle\",\"@id\":\"https:\/\/www.justiceinfo.net\/fr\/14596-151112-rwandajustice-la-defense-de-mugesera-denonce-de-mauvais-traitements.html#article\",\"isPartOf\":{\"@id\":\"https:\/\/www.justiceinfo.net\/fr\/14596-151112-rwandajustice-la-defense-de-mugesera-denonce-de-mauvais-traitements.html\"},\"author\":{\"name\":\"solivri\",\"@id\":\"https:\/\/www.justiceinfo.net\/fr#\/schema\/person\/6e53cba1629e2e66f3fc1821d3091865\"},\"headline\":\"15.11.12 - RWANDA\/JUSTICE - LA DEFENSE DE MUGESERA DENONCE DE MAUVAIS TRAITEMENTS\",\"datePublished\":\"2012-11-15T12:50:33+00:00\",\"mainEntityOfPage\":{\"@id\":\"https:\/\/www.justiceinfo.net\/fr\/14596-151112-rwandajustice-la-defense-de-mugesera-denonce-de-mauvais-traitements.html\"},\"wordCount\":576,\"commentCount\":0,\"publisher\":{\"@id\":\"https:\/\/www.justiceinfo.net\/fr#organization\"},\"articleSection\":[\"Hirondelle News\"],\"inLanguage\":\"fr-FR\",\"potentialAction\":[{\"@type\":\"CommentAction\",\"name\":\"Comment\",\"target\":[\"https:\/\/www.justiceinfo.net\/fr\/14596-151112-rwandajustice-la-defense-de-mugesera-denonce-de-mauvais-traitements.html#respond\"]}]},{\"@type\":\"WebPage\",\"@id\":\"https:\/\/www.justiceinfo.net\/fr\/14596-151112-rwandajustice-la-defense-de-mugesera-denonce-de-mauvais-traitements.html\",\"url\":\"https:\/\/www.justiceinfo.net\/fr\/14596-151112-rwandajustice-la-defense-de-mugesera-denonce-de-mauvais-traitements.html\",\"name\":\"15.11.12 - RWANDA\/JUSTICE - LA DEFENSE DE MUGESERA DENONCE DE MAUVAIS TRAITEMENTS - JusticeInfo.net\",\"isPartOf\":{\"@id\":\"https:\/\/www.justiceinfo.net\/fr#website\"},\"datePublished\":\"2012-11-15T12:50:33+00:00\",\"breadcrumb\":{\"@id\":\"https:\/\/www.justiceinfo.net\/fr\/14596-151112-rwandajustice-la-defense-de-mugesera-denonce-de-mauvais-traitements.html#breadcrumb\"},\"inLanguage\":\"fr-FR\",\"potentialAction\":[{\"@type\":\"ReadAction\",\"target\":[\"https:\/\/www.justiceinfo.net\/fr\/14596-151112-rwandajustice-la-defense-de-mugesera-denonce-de-mauvais-traitements.html\"]}]},{\"@type\":\"BreadcrumbList\",\"@id\":\"https:\/\/www.justiceinfo.net\/fr\/14596-151112-rwandajustice-la-defense-de-mugesera-denonce-de-mauvais-traitements.html#breadcrumb\",\"itemListElement\":[{\"@type\":\"ListItem\",\"position\":1,\"name\":\"Home\",\"item\":\"https:\/\/www.justiceinfo.net\/fr\"},{\"@type\":\"ListItem\",\"position\":2,\"name\":\"15.11.12 - RWANDA\/JUSTICE - LA DEFENSE DE MUGESERA DENONCE DE MAUVAIS TRAITEMENTS\"}]},{\"@type\":\"WebSite\",\"@id\":\"https:\/\/www.justiceinfo.net\/fr#website\",\"url\":\"https:\/\/www.justiceinfo.net\/fr\",\"name\":\"JusticeInfo.net\",\"description\":\"La justice doit \u00eatre vue pour \u00eatre rendue\",\"publisher\":{\"@id\":\"https:\/\/www.justiceinfo.net\/fr#organization\"},\"potentialAction\":[{\"@type\":\"SearchAction\",\"target\":{\"@type\":\"EntryPoint\",\"urlTemplate\":\"https:\/\/www.justiceinfo.net\/fr?s={search_term_string}\"},\"query-input\":{\"@type\":\"PropertyValueSpecification\",\"valueRequired\":true,\"valueName\":\"search_term_string\"}}],\"inLanguage\":\"fr-FR\"},{\"@type\":\"Organization\",\"@id\":\"https:\/\/www.justiceinfo.net\/fr#organization\",\"name\":\"Justice Info\",\"url\":\"https:\/\/www.justiceinfo.net\/fr\",\"logo\":{\"@type\":\"ImageObject\",\"inLanguage\":\"fr-FR\",\"@id\":\"https:\/\/www.justiceinfo.net\/fr#\/schema\/logo\/image\/\",\"url\":\"https:\/\/www.justiceinfo.net\/wp-content\/uploads\/justiceinfo_logo-trans_1200x1200px.png\",\"contentUrl\":\"https:\/\/www.justiceinfo.net\/wp-content\/uploads\/justiceinfo_logo-trans_1200x1200px.png\",\"width\":1199,\"height\":1200,\"caption\":\"Justice Info\"},\"image\":{\"@id\":\"https:\/\/www.justiceinfo.net\/fr#\/schema\/logo\/image\/\"},\"sameAs\":[\"https:\/\/www.facebook.com\/JusticeInfo\/\",\"https:\/\/x.com\/justiceinfonet\",\"https:\/\/www.linkedin.com\/company\/justice-info\",\"https:\/\/www.youtube.com\/channel\/UCyCEsARodyuWtkWyhn-e7pA\"]},{\"@type\":\"Person\",\"name\":\"solivri\",\"url\":\"\/fr\/?s=solivri\"}]}<\/script>\n<!-- \/ Yoast SEO Premium plugin. -->","yoast_head_json":{"title":"15.11.12 - RWANDA\/JUSTICE - LA DEFENSE DE MUGESERA DENONCE DE MAUVAIS TRAITEMENTS - JusticeInfo.net","robots":{"index":"index","follow":"follow","max-snippet":"max-snippet:-1","max-image-preview":"max-image-preview:large","max-video-preview":"max-video-preview:-1"},"canonical":"https:\/\/www.justiceinfo.net\/fr\/14596-151112-rwandajustice-la-defense-de-mugesera-denonce-de-mauvais-traitements.html","og_locale":"fr_FR","og_type":"article","og_title":"15.11.12 - RWANDA\/JUSTICE - LA DEFENSE DE MUGESERA DENONCE DE MAUVAIS TRAITEMENTS","og_description":"Arusha, 15 novembre 2012 (FH) \u2013 La d\u00e9fense d\u2019un universitaire rwandais extrad\u00e9 du Canada en janvier dernier a d\u00e9nonc\u00e9\u00a0dans un entretien avec l\u2019agence Hirondelleles les mauvais traitements\u00a0dont serait victime\u00a0l\u2019accus\u00e9, actuellement d\u00e9tenu dans une prison de Kigali. Les autorit\u00e9s rwandaises ont cat\u00e9goriquement d\u00e9menti.","og_url":"https:\/\/www.justiceinfo.net\/fr\/14596-151112-rwandajustice-la-defense-de-mugesera-denonce-de-mauvais-traitements.html","og_site_name":"JusticeInfo.net","article_publisher":"https:\/\/www.facebook.com\/JusticeInfo\/","article_published_time":"2012-11-15T12:50:33+00:00","og_image":[{"width":1200,"height":630,"url":"https:\/\/www.justiceinfo.net\/wp-content\/uploads\/JusticeInfoNet_logo_1200x630px.jpg","type":"image\/jpeg"}],"author":"solivri","twitter_card":"summary_large_image","twitter_creator":"@justiceinfonet","twitter_site":"@justiceinfonet","twitter_misc":{"\u00c9crit par":"solivri","Dur\u00e9e de lecture estim\u00e9e":"3 minutes"},"schema":{"@context":"https:\/\/schema.org","@graph":[{"@type":"NewsArticle","@id":"https:\/\/www.justiceinfo.net\/fr\/14596-151112-rwandajustice-la-defense-de-mugesera-denonce-de-mauvais-traitements.html#article","isPartOf":{"@id":"https:\/\/www.justiceinfo.net\/fr\/14596-151112-rwandajustice-la-defense-de-mugesera-denonce-de-mauvais-traitements.html"},"author":{"name":"solivri","@id":"https:\/\/www.justiceinfo.net\/fr#\/schema\/person\/6e53cba1629e2e66f3fc1821d3091865"},"headline":"15.11.12 - RWANDA\/JUSTICE - LA DEFENSE DE MUGESERA DENONCE DE MAUVAIS TRAITEMENTS","datePublished":"2012-11-15T12:50:33+00:00","mainEntityOfPage":{"@id":"https:\/\/www.justiceinfo.net\/fr\/14596-151112-rwandajustice-la-defense-de-mugesera-denonce-de-mauvais-traitements.html"},"wordCount":576,"commentCount":0,"publisher":{"@id":"https:\/\/www.justiceinfo.net\/fr#organization"},"articleSection":["Hirondelle News"],"inLanguage":"fr-FR","potentialAction":[{"@type":"CommentAction","name":"Comment","target":["https:\/\/www.justiceinfo.net\/fr\/14596-151112-rwandajustice-la-defense-de-mugesera-denonce-de-mauvais-traitements.html#respond"]}]},{"@type":"WebPage","@id":"https:\/\/www.justiceinfo.net\/fr\/14596-151112-rwandajustice-la-defense-de-mugesera-denonce-de-mauvais-traitements.html","url":"https:\/\/www.justiceinfo.net\/fr\/14596-151112-rwandajustice-la-defense-de-mugesera-denonce-de-mauvais-traitements.html","name":"15.11.12 - RWANDA\/JUSTICE - LA DEFENSE DE MUGESERA DENONCE DE MAUVAIS TRAITEMENTS - JusticeInfo.net","isPartOf":{"@id":"https:\/\/www.justiceinfo.net\/fr#website"},"datePublished":"2012-11-15T12:50:33+00:00","breadcrumb":{"@id":"https:\/\/www.justiceinfo.net\/fr\/14596-151112-rwandajustice-la-defense-de-mugesera-denonce-de-mauvais-traitements.html#breadcrumb"},"inLanguage":"fr-FR","potentialAction":[{"@type":"ReadAction","target":["https:\/\/www.justiceinfo.net\/fr\/14596-151112-rwandajustice-la-defense-de-mugesera-denonce-de-mauvais-traitements.html"]}]},{"@type":"BreadcrumbList","@id":"https:\/\/www.justiceinfo.net\/fr\/14596-151112-rwandajustice-la-defense-de-mugesera-denonce-de-mauvais-traitements.html#breadcrumb","itemListElement":[{"@type":"ListItem","position":1,"name":"Home","item":"https:\/\/www.justiceinfo.net\/fr"},{"@type":"ListItem","position":2,"name":"15.11.12 - RWANDA\/JUSTICE - LA DEFENSE DE MUGESERA DENONCE DE MAUVAIS TRAITEMENTS"}]},{"@type":"WebSite","@id":"https:\/\/www.justiceinfo.net\/fr#website","url":"https:\/\/www.justiceinfo.net\/fr","name":"JusticeInfo.net","description":"La justice doit \u00eatre vue pour \u00eatre rendue","publisher":{"@id":"https:\/\/www.justiceinfo.net\/fr#organization"},"potentialAction":[{"@type":"SearchAction","target":{"@type":"EntryPoint","urlTemplate":"https:\/\/www.justiceinfo.net\/fr?s={search_term_string}"},"query-input":{"@type":"PropertyValueSpecification","valueRequired":true,"valueName":"search_term_string"}}],"inLanguage":"fr-FR"},{"@type":"Organization","@id":"https:\/\/www.justiceinfo.net\/fr#organization","name":"Justice Info","url":"https:\/\/www.justiceinfo.net\/fr","logo":{"@type":"ImageObject","inLanguage":"fr-FR","@id":"https:\/\/www.justiceinfo.net\/fr#\/schema\/logo\/image\/","url":"https:\/\/www.justiceinfo.net\/wp-content\/uploads\/justiceinfo_logo-trans_1200x1200px.png","contentUrl":"https:\/\/www.justiceinfo.net\/wp-content\/uploads\/justiceinfo_logo-trans_1200x1200px.png","width":1199,"height":1200,"caption":"Justice Info"},"image":{"@id":"https:\/\/www.justiceinfo.net\/fr#\/schema\/logo\/image\/"},"sameAs":["https:\/\/www.facebook.com\/JusticeInfo\/","https:\/\/x.com\/justiceinfonet","https:\/\/www.linkedin.com\/company\/justice-info","https:\/\/www.youtube.com\/channel\/UCyCEsARodyuWtkWyhn-e7pA"]},{"@type":"Person","name":"solivri","url":"\/fr\/?s=solivri"}]}},"_links":{"self":[{"href":"https:\/\/www.justiceinfo.net\/fr\/wp-json\/wp\/v2\/posts\/14596","targetHints":{"allow":["GET"]}}],"collection":[{"href":"https:\/\/www.justiceinfo.net\/fr\/wp-json\/wp\/v2\/posts"}],"about":[{"href":"https:\/\/www.justiceinfo.net\/fr\/wp-json\/wp\/v2\/types\/post"}],"author":[{"embeddable":true,"href":"https:\/\/www.justiceinfo.net\/fr\/wp-json\/wp\/v2\/users\/64"}],"replies":[{"embeddable":true,"href":"https:\/\/www.justiceinfo.net\/fr\/wp-json\/wp\/v2\/comments?post=14596"}],"version-history":[{"count":0,"href":"https:\/\/www.justiceinfo.net\/fr\/wp-json\/wp\/v2\/posts\/14596\/revisions"}],"wp:attachment":[{"href":"https:\/\/www.justiceinfo.net\/fr\/wp-json\/wp\/v2\/media?parent=14596"}],"wp:term":[{"taxonomy":"category","embeddable":true,"href":"https:\/\/www.justiceinfo.net\/fr\/wp-json\/wp\/v2\/categories?post=14596"},{"taxonomy":"post_tag","embeddable":true,"href":"https:\/\/www.justiceinfo.net\/fr\/wp-json\/wp\/v2\/tags?post=14596"},{"taxonomy":"ji_location","embeddable":true,"href":"https:\/\/www.justiceinfo.net\/fr\/wp-json\/wp\/v2\/ji_location?post=14596"}],"curies":[{"name":"wp","href":"https:\/\/api.w.org\/{rel}","templated":true}]}}