{"id":14599,"date":"2012-11-16T22:00:02","date_gmt":"2012-11-16T21:00:02","guid":{"rendered":"https:\/\/www.justiceinfo.net\/14599-161112-cpiprocureur-james-stewart-elu-procureur-adjoint-de-la-cpi.html"},"modified":"2012-11-16T22:00:02","modified_gmt":"2012-11-16T21:00:02","slug":"161112-cpiprocureur-james-stewart-elu-procureur-adjoint-de-la-cpi","status":"publish","type":"post","link":"https:\/\/www.justiceinfo.net\/fr\/14599-161112-cpiprocureur-james-stewart-elu-procureur-adjoint-de-la-cpi.html","title":{"rendered":"16.11.12 - CPI\/PROCUREUR \u2013 JAMES STEWART ELU PROCUREUR ADJOINT DE LA CPI"},"content":{"rendered":"<p>La Haye, 16 novembre 2012 (FH) \u2013 L\u2019Assembl\u00e9e des Etats parties \u00e0 la Cour p\u00e9nale internationale (CPI) a \u00e9lu, vendredi en fin d\u2019apr\u00e8s-midi, le canadien James Stewart au poste de procureur adjoint.<\/p>\n<p><!--more--><\/p>\n<p>Favori d\u2019une \u00e9lection\u00a0qui comptaient deux autes candidats, un Finlandais et un Australien, James Stewart a obtenu 81 voix. Sept Etats, sur les 88 pr\u00e9sents, se sont abstenus. Il a fallu quatre tours pour \u00e9lire le nouvel adjoint, notamment parce que de nombreux Etats ne sont pas pr\u00e9sents \u00e0 la XI\u00e8me session de cette assembl\u00e9e. \u00a0<\/p>\n<p>Dans sa note d\u2019intention pr\u00e9sent\u00e9e \u00e0 l\u2019appui de sa candidature, James Stewart, n\u00e9 en 1946 \u00e0 Montr\u00e9al, estime qu\u2019avec \u00ab\u00a0trente ann\u00e9es d\u2019exp\u00e9rience\u00a0\u00bb, il a acquis \u00ab\u00a0une\u00a0 grande connaissance du droit, mais aussi la mani\u00e8re de traiter avec les personnes avec clairvoyance et courtoisie, qu\u2019elles soient victimes ou t\u00e9moins, officiers de police, avocats de la d\u00e9fense, juges ou encore accus\u00e9s\u00a0\u00bb. <\/p>\n<p>Il ajoute que dans le cadre de ses fonctions au TPIY, il a \u00ab\u00a0eu \u00e0 traiter avec les gouvernements et des organismes externes sur des sujets sensibles\u00a0\u00bb. <\/p>\n<p>James Stewart \u00e9tait le seul candidat s\u00e9lectionn\u00e9 par la procureure Fatou Bensouda (s\u00e9lection soumise au vote des Etats) \u00e0 conna\u00eetre les arcanes de la Justice internationale. <\/p>\n<p>Il a fait ses classes \u00e0 Arusha, comme premier substitut du tribunal pour le Rwanda, qu\u2019il a rejoint d\u00e8s 1997. Suite \u00e0 une rencontre avec Louise Arbour, alors procureur des tribunaux pour l\u2019ex-Yougoslavie et le Rwanda, James Stewart opte pour le tribunal d\u2019Arusha. <\/p>\n<p>Au c\u00f4t\u00e9 de la juge canadienne, il avait notamment plaid\u00e9 pour un proc\u00e8s regroupant 29 accus\u00e9s de g\u00e9nocide au Rwanda, s\u2019inspirant du proc\u00e8s des chefs nazis \u00e0 Nuremberg apr\u00e8s la seconde guerre mondiale, mais les juges avaient rejet\u00e9 la requ\u00eate. Plus tard, en 1999, James Stewart prenait la t\u00eate des poursuites du tribunal pour l\u2019ex-Yougoslavie jusqu\u2019en 2001, puis retournait \u00e0 Arusha pour prendre la t\u00eate de la section des appels du parquet. Depuis 2007, James Stewart plaide devant la Cour supr\u00eame et la Cour de l\u2019Ontario, au Canada. <\/p>\n<p>\u00a0<\/p>\n<p>SM\/GF<\/p>\n<p>\u00a0<\/p>\n","protected":false},"excerpt":{"rendered":"<p>La Haye, 16 novembre 2012 (FH) \u2013 L\u2019Assembl\u00e9e des Etats parties \u00e0 la Cour p\u00e9nale internationale (CPI) a \u00e9lu, vendredi en fin d\u2019apr\u00e8s-midi, le canadien James Stewart au poste de procureur adjoint.<\/p>\n","protected":false},"author":64,"featured_media":0,"comment_status":"open","ping_status":"closed","sticky":false,"template":"","format":"standard","meta":{"_acf_changed":false,"footnotes":""},"categories":[554],"tags":[],"ji_location":[],"class_list":["post-14599","post","type-post","status-publish","format-standard","hentry","category-hirondellenews"],"acf":[],"yoast_head":"<!-- This site is optimized with the Yoast SEO Premium plugin v25.3.1 (Yoast SEO v25.3.1) - https:\/\/yoast.com\/wordpress\/plugins\/seo\/ -->\n<title>16.11.12 - CPI\/PROCUREUR \u2013 JAMES STEWART ELU PROCUREUR ADJOINT DE LA CPI - JusticeInfo.net<\/title>\n<meta name=\"robots\" content=\"index, follow, max-snippet:-1, max-image-preview:large, max-video-preview:-1\" \/>\n<link rel=\"canonical\" href=\"https:\/\/www.justiceinfo.net\/fr\/14599-161112-cpiprocureur-james-stewart-elu-procureur-adjoint-de-la-cpi.html\" \/>\n<meta property=\"og:locale\" content=\"fr_FR\" \/>\n<meta property=\"og:type\" content=\"article\" \/>\n<meta property=\"og:title\" content=\"16.11.12 - CPI\/PROCUREUR \u2013 JAMES STEWART ELU PROCUREUR ADJOINT DE LA CPI\" \/>\n<meta property=\"og:description\" content=\"La Haye, 16 novembre 2012 (FH) \u2013 L\u2019Assembl\u00e9e des Etats parties \u00e0 la Cour p\u00e9nale internationale (CPI) a \u00e9lu, vendredi en fin d\u2019apr\u00e8s-midi, le canadien James Stewart au poste de procureur adjoint.\" \/>\n<meta property=\"og:url\" content=\"https:\/\/www.justiceinfo.net\/fr\/14599-161112-cpiprocureur-james-stewart-elu-procureur-adjoint-de-la-cpi.html\" \/>\n<meta property=\"og:site_name\" content=\"JusticeInfo.net\" \/>\n<meta property=\"article:publisher\" content=\"https:\/\/www.facebook.com\/JusticeInfo\/\" \/>\n<meta property=\"article:published_time\" content=\"2012-11-16T21:00:02+00:00\" \/>\n<meta property=\"og:image\" content=\"https:\/\/www.justiceinfo.net\/wp-content\/uploads\/JusticeInfoNet_logo_1200x630px.jpg\" \/>\n\t<meta property=\"og:image:width\" content=\"1200\" \/>\n\t<meta property=\"og:image:height\" content=\"630\" \/>\n\t<meta property=\"og:image:type\" content=\"image\/jpeg\" \/>\n<meta name=\"author\" content=\"solivri\" \/>\n<meta name=\"twitter:card\" content=\"summary_large_image\" \/>\n<meta name=\"twitter:creator\" content=\"@justiceinfonet\" \/>\n<meta name=\"twitter:site\" content=\"@justiceinfonet\" \/>\n<meta name=\"twitter:label1\" content=\"\u00c9crit par\" \/>\n\t<meta name=\"twitter:data1\" content=\"solivri\" \/>\n\t<meta name=\"twitter:label2\" content=\"Dur\u00e9e de lecture estim\u00e9e\" \/>\n\t<meta name=\"twitter:data2\" content=\"2 minutes\" \/>\n<script type=\"application\/ld+json\" class=\"yoast-schema-graph\">{\"@context\":\"https:\/\/schema.org\",\"@graph\":[{\"@type\":\"NewsArticle\",\"@id\":\"https:\/\/www.justiceinfo.net\/fr\/14599-161112-cpiprocureur-james-stewart-elu-procureur-adjoint-de-la-cpi.html#article\",\"isPartOf\":{\"@id\":\"https:\/\/www.justiceinfo.net\/fr\/14599-161112-cpiprocureur-james-stewart-elu-procureur-adjoint-de-la-cpi.html\"},\"author\":{\"name\":\"solivri\",\"@id\":\"https:\/\/www.justiceinfo.net\/fr#\/schema\/person\/6e53cba1629e2e66f3fc1821d3091865\"},\"headline\":\"16.11.12 - CPI\/PROCUREUR \u2013 JAMES STEWART ELU PROCUREUR ADJOINT DE LA CPI\",\"datePublished\":\"2012-11-16T21:00:02+00:00\",\"mainEntityOfPage\":{\"@id\":\"https:\/\/www.justiceinfo.net\/fr\/14599-161112-cpiprocureur-james-stewart-elu-procureur-adjoint-de-la-cpi.html\"},\"wordCount\":367,\"commentCount\":0,\"publisher\":{\"@id\":\"https:\/\/www.justiceinfo.net\/fr#organization\"},\"articleSection\":[\"Hirondelle News\"],\"inLanguage\":\"fr-FR\",\"potentialAction\":[{\"@type\":\"CommentAction\",\"name\":\"Comment\",\"target\":[\"https:\/\/www.justiceinfo.net\/fr\/14599-161112-cpiprocureur-james-stewart-elu-procureur-adjoint-de-la-cpi.html#respond\"]}]},{\"@type\":\"WebPage\",\"@id\":\"https:\/\/www.justiceinfo.net\/fr\/14599-161112-cpiprocureur-james-stewart-elu-procureur-adjoint-de-la-cpi.html\",\"url\":\"https:\/\/www.justiceinfo.net\/fr\/14599-161112-cpiprocureur-james-stewart-elu-procureur-adjoint-de-la-cpi.html\",\"name\":\"16.11.12 - CPI\/PROCUREUR \u2013 JAMES STEWART ELU PROCUREUR ADJOINT DE LA CPI - JusticeInfo.net\",\"isPartOf\":{\"@id\":\"https:\/\/www.justiceinfo.net\/fr#website\"},\"datePublished\":\"2012-11-16T21:00:02+00:00\",\"breadcrumb\":{\"@id\":\"https:\/\/www.justiceinfo.net\/fr\/14599-161112-cpiprocureur-james-stewart-elu-procureur-adjoint-de-la-cpi.html#breadcrumb\"},\"inLanguage\":\"fr-FR\",\"potentialAction\":[{\"@type\":\"ReadAction\",\"target\":[\"https:\/\/www.justiceinfo.net\/fr\/14599-161112-cpiprocureur-james-stewart-elu-procureur-adjoint-de-la-cpi.html\"]}]},{\"@type\":\"BreadcrumbList\",\"@id\":\"https:\/\/www.justiceinfo.net\/fr\/14599-161112-cpiprocureur-james-stewart-elu-procureur-adjoint-de-la-cpi.html#breadcrumb\",\"itemListElement\":[{\"@type\":\"ListItem\",\"position\":1,\"name\":\"Home\",\"item\":\"https:\/\/www.justiceinfo.net\/fr\"},{\"@type\":\"ListItem\",\"position\":2,\"name\":\"16.11.12 - CPI\/PROCUREUR \u2013 JAMES STEWART ELU PROCUREUR ADJOINT DE LA CPI\"}]},{\"@type\":\"WebSite\",\"@id\":\"https:\/\/www.justiceinfo.net\/fr#website\",\"url\":\"https:\/\/www.justiceinfo.net\/fr\",\"name\":\"JusticeInfo.net\",\"description\":\"La justice doit \u00eatre vue pour \u00eatre rendue\",\"publisher\":{\"@id\":\"https:\/\/www.justiceinfo.net\/fr#organization\"},\"potentialAction\":[{\"@type\":\"SearchAction\",\"target\":{\"@type\":\"EntryPoint\",\"urlTemplate\":\"https:\/\/www.justiceinfo.net\/fr?s={search_term_string}\"},\"query-input\":{\"@type\":\"PropertyValueSpecification\",\"valueRequired\":true,\"valueName\":\"search_term_string\"}}],\"inLanguage\":\"fr-FR\"},{\"@type\":\"Organization\",\"@id\":\"https:\/\/www.justiceinfo.net\/fr#organization\",\"name\":\"Justice Info\",\"url\":\"https:\/\/www.justiceinfo.net\/fr\",\"logo\":{\"@type\":\"ImageObject\",\"inLanguage\":\"fr-FR\",\"@id\":\"https:\/\/www.justiceinfo.net\/fr#\/schema\/logo\/image\/\",\"url\":\"https:\/\/www.justiceinfo.net\/wp-content\/uploads\/justiceinfo_logo-trans_1200x1200px.png\",\"contentUrl\":\"https:\/\/www.justiceinfo.net\/wp-content\/uploads\/justiceinfo_logo-trans_1200x1200px.png\",\"width\":1199,\"height\":1200,\"caption\":\"Justice Info\"},\"image\":{\"@id\":\"https:\/\/www.justiceinfo.net\/fr#\/schema\/logo\/image\/\"},\"sameAs\":[\"https:\/\/www.facebook.com\/JusticeInfo\/\",\"https:\/\/x.com\/justiceinfonet\",\"https:\/\/www.linkedin.com\/company\/justice-info\",\"https:\/\/www.youtube.com\/channel\/UCyCEsARodyuWtkWyhn-e7pA\"]},{\"@type\":\"Person\",\"name\":\"solivri\",\"url\":\"\/fr\/?s=solivri\"}]}<\/script>\n<!-- \/ Yoast SEO Premium plugin. -->","yoast_head_json":{"title":"16.11.12 - CPI\/PROCUREUR \u2013 JAMES STEWART ELU PROCUREUR ADJOINT DE LA CPI - JusticeInfo.net","robots":{"index":"index","follow":"follow","max-snippet":"max-snippet:-1","max-image-preview":"max-image-preview:large","max-video-preview":"max-video-preview:-1"},"canonical":"https:\/\/www.justiceinfo.net\/fr\/14599-161112-cpiprocureur-james-stewart-elu-procureur-adjoint-de-la-cpi.html","og_locale":"fr_FR","og_type":"article","og_title":"16.11.12 - CPI\/PROCUREUR \u2013 JAMES STEWART ELU PROCUREUR ADJOINT DE LA CPI","og_description":"La Haye, 16 novembre 2012 (FH) \u2013 L\u2019Assembl\u00e9e des Etats parties \u00e0 la Cour p\u00e9nale internationale (CPI) a \u00e9lu, vendredi en fin d\u2019apr\u00e8s-midi, le canadien James Stewart au poste de procureur adjoint.","og_url":"https:\/\/www.justiceinfo.net\/fr\/14599-161112-cpiprocureur-james-stewart-elu-procureur-adjoint-de-la-cpi.html","og_site_name":"JusticeInfo.net","article_publisher":"https:\/\/www.facebook.com\/JusticeInfo\/","article_published_time":"2012-11-16T21:00:02+00:00","og_image":[{"width":1200,"height":630,"url":"https:\/\/www.justiceinfo.net\/wp-content\/uploads\/JusticeInfoNet_logo_1200x630px.jpg","type":"image\/jpeg"}],"author":"solivri","twitter_card":"summary_large_image","twitter_creator":"@justiceinfonet","twitter_site":"@justiceinfonet","twitter_misc":{"\u00c9crit par":"solivri","Dur\u00e9e de lecture estim\u00e9e":"2 minutes"},"schema":{"@context":"https:\/\/schema.org","@graph":[{"@type":"NewsArticle","@id":"https:\/\/www.justiceinfo.net\/fr\/14599-161112-cpiprocureur-james-stewart-elu-procureur-adjoint-de-la-cpi.html#article","isPartOf":{"@id":"https:\/\/www.justiceinfo.net\/fr\/14599-161112-cpiprocureur-james-stewart-elu-procureur-adjoint-de-la-cpi.html"},"author":{"name":"solivri","@id":"https:\/\/www.justiceinfo.net\/fr#\/schema\/person\/6e53cba1629e2e66f3fc1821d3091865"},"headline":"16.11.12 - CPI\/PROCUREUR \u2013 JAMES STEWART ELU PROCUREUR ADJOINT DE LA CPI","datePublished":"2012-11-16T21:00:02+00:00","mainEntityOfPage":{"@id":"https:\/\/www.justiceinfo.net\/fr\/14599-161112-cpiprocureur-james-stewart-elu-procureur-adjoint-de-la-cpi.html"},"wordCount":367,"commentCount":0,"publisher":{"@id":"https:\/\/www.justiceinfo.net\/fr#organization"},"articleSection":["Hirondelle News"],"inLanguage":"fr-FR","potentialAction":[{"@type":"CommentAction","name":"Comment","target":["https:\/\/www.justiceinfo.net\/fr\/14599-161112-cpiprocureur-james-stewart-elu-procureur-adjoint-de-la-cpi.html#respond"]}]},{"@type":"WebPage","@id":"https:\/\/www.justiceinfo.net\/fr\/14599-161112-cpiprocureur-james-stewart-elu-procureur-adjoint-de-la-cpi.html","url":"https:\/\/www.justiceinfo.net\/fr\/14599-161112-cpiprocureur-james-stewart-elu-procureur-adjoint-de-la-cpi.html","name":"16.11.12 - CPI\/PROCUREUR \u2013 JAMES STEWART ELU PROCUREUR ADJOINT DE LA CPI - JusticeInfo.net","isPartOf":{"@id":"https:\/\/www.justiceinfo.net\/fr#website"},"datePublished":"2012-11-16T21:00:02+00:00","breadcrumb":{"@id":"https:\/\/www.justiceinfo.net\/fr\/14599-161112-cpiprocureur-james-stewart-elu-procureur-adjoint-de-la-cpi.html#breadcrumb"},"inLanguage":"fr-FR","potentialAction":[{"@type":"ReadAction","target":["https:\/\/www.justiceinfo.net\/fr\/14599-161112-cpiprocureur-james-stewart-elu-procureur-adjoint-de-la-cpi.html"]}]},{"@type":"BreadcrumbList","@id":"https:\/\/www.justiceinfo.net\/fr\/14599-161112-cpiprocureur-james-stewart-elu-procureur-adjoint-de-la-cpi.html#breadcrumb","itemListElement":[{"@type":"ListItem","position":1,"name":"Home","item":"https:\/\/www.justiceinfo.net\/fr"},{"@type":"ListItem","position":2,"name":"16.11.12 - CPI\/PROCUREUR \u2013 JAMES STEWART ELU PROCUREUR ADJOINT DE LA CPI"}]},{"@type":"WebSite","@id":"https:\/\/www.justiceinfo.net\/fr#website","url":"https:\/\/www.justiceinfo.net\/fr","name":"JusticeInfo.net","description":"La justice doit \u00eatre vue pour \u00eatre rendue","publisher":{"@id":"https:\/\/www.justiceinfo.net\/fr#organization"},"potentialAction":[{"@type":"SearchAction","target":{"@type":"EntryPoint","urlTemplate":"https:\/\/www.justiceinfo.net\/fr?s={search_term_string}"},"query-input":{"@type":"PropertyValueSpecification","valueRequired":true,"valueName":"search_term_string"}}],"inLanguage":"fr-FR"},{"@type":"Organization","@id":"https:\/\/www.justiceinfo.net\/fr#organization","name":"Justice Info","url":"https:\/\/www.justiceinfo.net\/fr","logo":{"@type":"ImageObject","inLanguage":"fr-FR","@id":"https:\/\/www.justiceinfo.net\/fr#\/schema\/logo\/image\/","url":"https:\/\/www.justiceinfo.net\/wp-content\/uploads\/justiceinfo_logo-trans_1200x1200px.png","contentUrl":"https:\/\/www.justiceinfo.net\/wp-content\/uploads\/justiceinfo_logo-trans_1200x1200px.png","width":1199,"height":1200,"caption":"Justice Info"},"image":{"@id":"https:\/\/www.justiceinfo.net\/fr#\/schema\/logo\/image\/"},"sameAs":["https:\/\/www.facebook.com\/JusticeInfo\/","https:\/\/x.com\/justiceinfonet","https:\/\/www.linkedin.com\/company\/justice-info","https:\/\/www.youtube.com\/channel\/UCyCEsARodyuWtkWyhn-e7pA"]},{"@type":"Person","name":"solivri","url":"\/fr\/?s=solivri"}]}},"_links":{"self":[{"href":"https:\/\/www.justiceinfo.net\/fr\/wp-json\/wp\/v2\/posts\/14599","targetHints":{"allow":["GET"]}}],"collection":[{"href":"https:\/\/www.justiceinfo.net\/fr\/wp-json\/wp\/v2\/posts"}],"about":[{"href":"https:\/\/www.justiceinfo.net\/fr\/wp-json\/wp\/v2\/types\/post"}],"author":[{"embeddable":true,"href":"https:\/\/www.justiceinfo.net\/fr\/wp-json\/wp\/v2\/users\/64"}],"replies":[{"embeddable":true,"href":"https:\/\/www.justiceinfo.net\/fr\/wp-json\/wp\/v2\/comments?post=14599"}],"version-history":[{"count":0,"href":"https:\/\/www.justiceinfo.net\/fr\/wp-json\/wp\/v2\/posts\/14599\/revisions"}],"wp:attachment":[{"href":"https:\/\/www.justiceinfo.net\/fr\/wp-json\/wp\/v2\/media?parent=14599"}],"wp:term":[{"taxonomy":"category","embeddable":true,"href":"https:\/\/www.justiceinfo.net\/fr\/wp-json\/wp\/v2\/categories?post=14599"},{"taxonomy":"post_tag","embeddable":true,"href":"https:\/\/www.justiceinfo.net\/fr\/wp-json\/wp\/v2\/tags?post=14599"},{"taxonomy":"ji_location","embeddable":true,"href":"https:\/\/www.justiceinfo.net\/fr\/wp-json\/wp\/v2\/ji_location?post=14599"}],"curies":[{"name":"wp","href":"https:\/\/api.w.org\/{rel}","templated":true}]}}